{"id":8372,"date":"2022-07-24T17:03:04","date_gmt":"2022-07-24T15:03:04","guid":{"rendered":"https:\/\/progettotouring.it\/radiotouring104\/?p=8372"},"modified":"2022-07-25T18:05:43","modified_gmt":"2022-07-25T16:05:43","slug":"polistena-torna-il-peperoncino-jazz-festival","status":"publish","type":"post","link":"https:\/\/progettotouring.it\/radiotouring104\/2022\/07\/24\/polistena-torna-il-peperoncino-jazz-festival\/","title":{"rendered":"Polistena, torna il Peperoncino Jazz Festival"},"content":{"rendered":"<p class=\"xmprfx_MsoNormal\">C\u2019\u00e8 grande attesa a\u00a0<b>Polistena<\/b>\u00a0e in tutta l\u2019area metropolitana di Reggio Calabria, pronta ad accogliere la tappa reggina del\u00a0<b>XXI Peperoncino Jazz Festival<\/b>, in programma\u00a0<b><u>DOMANI SERA<\/u><\/b>,\u00a0<b>luned\u00ec 25 agosto<\/b>, nella graziosa cittadina sita ai piedi dell\u2019Aspromonte con vista panoramica sulla Piana di Gioia Tauro.<\/p>\n<p class=\"xmprfx_MsoNormal\">Dopo la coinvolgente inaugurazione rossanese nel segno della commistione del Jazz con altri generi musicali (dall\u2019Elettronica al Funk, dalla Musica Brasiliana al Rock) a firma del nuovissimo quartetto internazionale capitanato dal batterista\u00a0<b>Roberto Gatto<\/b>, infatti,\u00a0<b>domani sera<\/b>\u00a0la rassegna itinerante che dal 2002, ininterrottamente, caratterizza culturalmente e turisticamente l\u2019estate calabrese, come gi\u00e0 successo in passate edizioni (nel corso della quali si sono esibiti artisti quali il carismatico batterista cubano\u00a0<b>Horacio \u201cEl Negro\u201d Hernandez<\/b>\u00a0e il sassofonista americano dalle mille collaborazioni importanti\u00a0<b>Eric Daniel<\/b>) far\u00e0 tappa\u00a0<b>Largo San Francesco<\/b>\u00a0con un concerto ad\u00a0<b>ingresso libero<\/b>\u00a0fortemente voluto dal sindaco\u00a0<b>Michele Tripodi\u00a0<\/b>e da tutta la compagine amministrativa da lui guidata.<\/p>\n<p class=\"xmprfx_MsoNormal\">In questa elegante cornice architettonica, alle<b>\u00a0ore 22<\/b>\u00a0dopo le indimenticabili tappe degli scorsi anni, l\u2019evento a cura dell\u2019<b>associazione Picanto\u00a0<\/b>e diretta artisticamente da<b>\u00a0Sergio Gimigliano<\/b>\u00a0torna ancora una volta in grande stile, con un altro evento di caratura internazionale che\u00a0vedr\u00e0 di il portentoso sassofonista\u00a0<b>Francesco Cafiso<\/b>\u00a0con il suo\u00a0<b>New York Quartet<\/b>.<\/p>\n<p class=\"xmprfx_MsoNormal\">In uno stile musicale come il jazz, in cui il talento si misura non solo valutando la tecnica di un artista, bens\u00ec considerando anche la maturit\u00e0 espressiva necessaria per muoversi creativamente nell\u2019improvvisazione, Francesco Cafiso ci ricorda che regole e limiti sono fatti per essere superati.<\/p>\n<p class=\"xmprfx_MsoNormal\">L\u2019enfant prodige origini siciliane, infatti, ebbe i primi contatti con musicisti di fama internazionale gi\u00e0 alla tenera et\u00e0 di 9 anni e prima ancora di aver compiuto i vent\u2019anni annoverava gi\u00e0 nella lista delle collaborazioni artisti quali\u00a0<b>Hank Jones, Cedar Walton, Mulgrew Miller, Jimmy Cobb, Ray Drummond, Joe Lovano, Bob Mintzer, Enrico Rava<\/b>, oltre ai vari membri della famiglia\u00a0<b>Marsalis<\/b>.<\/p>\n<p class=\"xmprfx_MsoNormal\">Cafiso \u00e8 stato l\u2019unico musicista italiano invitato a suonare a Washington in occasione dell\u2019insediamento presidenziale di Barack Obama, ospite proprio di Marsalis e della sua famosissima\u00a0<b>\u201cJazz at Lincoln Center Orchestra\u201d<\/b>.<\/p>\n<p class=\"xmprfx_MsoNormal\">Trasferitosi da qualche anno in pianta stabile a New York sotto l\u2019ala protettiva del suo mentore, Mr. Wynton Marsalis, ha messo in piedi il suo \u201cNew York Quartet\u201d, che vede la partecipazione di tre indiscusse stelle del firmamento jazzistico internazionale:\u00a0<b>Aaron Goldberg\u00a0<\/b>(uno dei pianisti che si sono messi pi\u00f9 in vista negli ultimi anni sulla scena mondiale grazie alle sue partecipazioni in vari gruppi di Joshua Redman e nella band di Wynton Marsalis e alla lunga serie di prestigiose collaborazioni che comprende, tra le altre, quelle con Freddie Hubbard, Nicholas Payton, Chris Potter, Kenny Garrett e Mark Turner),\u00a0<b>Reuben Rogers<\/b>\u00a0(uno dei migliori contrabbassisti apparsi sulla scena USA negli ultimi anni, oltre alla militanza nelle formazioni di Joshua Redman e di Dianne Reeves tra le sue collaborazioni spiccano quelle con Nicholas Payton, Peter Martin, Mark Turner, Kurt Rosenwinkel, Roy Hargrove e Antonio Hart)\u00a0e\u00a0<b>Gregory Hutchinson<\/b>\u00a0(incredibile batterista che ha suonato anche con i gruppi di Roy Hargrove, Ray Brown e Joe Henderson).<\/p>\n<p class=\"xmprfx_MsoNormal\">Dopo questa attesissima tappa nel Reggino, il XXI Peperoncino Jazz Festival riprender\u00e0 a tracciare il suo lungo itinerario nelle pi\u00f9 belle localit\u00e0 della Calabria partendo dall\u2019altopiano silano, territorio molto amato dal pubblico del festival che per anni ha ospitato una sezione dell\u2019evento patrocinata dalla Reale Ambasciata di Norvegia e ispirata ai suoni del Nord e che quest\u2019anno costituir\u00e0 la meravigliosa ambientazione delle tappe realizzate in joint-venture con\u00a0<b>\u201cJazz in Sila\u201d<\/b>\u00a0e\u00a0<b>\u201cBuona Vita Festival\u201d<\/b>\u00a0(qui,\u00a0<b>dal 27 luglio al 1\u00b0 agosto<\/b>\u00a0saranno di scena il cantautore vincitore della Targa Tenco\u00a0<b>Massimo Donno<\/b>, l\u2019intimo duo composto da\u00a0<b>Roberto Musolino<\/b>\u00a0e\u00a0<b>Salvatore Cauteruccio<\/b>, la carismatica pianista<b>\u00a0Sade Mangiaracina<\/b>, pupilla di Paolo Fresu considerata dalla stampa specializzata il nuovo talento del jazz italiano, il poliedrico chitarrista<b>\u00a0Massimo Garritano<\/b>, il fine cantautore\u00a0<b>Sas\u00e0 Calabrese<\/b>\u00a0che musicher\u00e0 i racconti di\u00a0<b>Luigi De Magistris<\/b>\u00a0sulla sua Napoli visceralmente legata alla musica e il super trio, tutto brasiliano, capitanato dal\u00a0<b>Marcelo Dai<\/b>).<\/p>\n<p class=\"xmprfx_MsoNormal\">Di ritorno dalla Sila, dopo una doppia tappa in quel di\u00a0<b>Montalto Uffugo<\/b>\u00a0(che il 3 e il 4 agosto vedr\u00e0 di scena, rispettivamente, lo storico batterista del Pat Metheny Group,\u00a0<b>Paul Wertico<\/b>\u00a0ed\u00a0<b>Eric Daniel<\/b>), fino al\u00a0<b>12 agosto<\/b>\u00a0le note del festival musicale pi\u00f9 piccante d\u2019Italia invaderanno lo Ionio cosentino, con due intense \u201ctre giorni\u201d nel segno\u00a0<b>\u201cRoseto Jazz Fest\u201d<\/b>\u00a0(in programma\u00a0<b>il 5 e il 6 agosto\u00a0<\/b>\u2013 e poi, in chiusura di festival, il<b>\u00a029 settembre<\/b>\u00a0&#8211; nel centro storico di\u00a0<b>Roseto Capo Spulico<\/b>, di cui saranno protagonisti, in sequenza, il quintetto di\u00a0<b>Geg\u00e8 Telesforo,<\/b>\u00a0il quartetto di<b>\u00a0Rossana Casale<\/b>\u00a0e il cantautore<b>\u00a0Peppe Voltarelli<\/b>) e dell\u2019\u00a0<b>\u201cEnotria Jazz Fest\u201d\u00a0<\/b>(in programma\u00a0<b>dal 7 al 9 agosto<\/b>\u00a0a\u00a0<b>Trebisacce<\/b>\u00a0con ospiti, rispettivamente, il trio del mitico bassista americano\u00a0<b>John Patitucci<\/b>, il duo\u00a0<b>Toca Tango<\/b>\u00a0e il quartetto del leggendario pianista statunitense\u00a0<b>George Cables<\/b>), con l\u2019omaggio ai pi\u00f9 famosi cantautori italiani a firma \u00a0del trio\u00a0<b>Moraca\/Musolino\/Calabrese\u00a0<\/b>(che il\u00a0<b>2 agosto<\/b>\u00a0saranno di scena nell\u2019elegante contesto del\u00a0<b>Minerva Resort di Sibari<\/b>\u00a0) e con una intensa serata a doppio set in quel di<b>\u00a0Plataci<\/b>, splendido borgo del Pollino poco distante dalla costa, laddove prima dell\u2019<b>Omaggio a Lucio Dalla<\/b>\u00a0attraverso la musica di\u00a0<b>Daniele Mora<\/b>ca e\u00a0<b>Sas\u00e0 Calabrese<\/b>\u00a0e i racconti dell\u2019attore\u00a0<b>Dario De Luca,\u00a0<\/b>all\u2019ora del tramonto si esibir\u00e0 il nuovo duo della cantante\u00a0<b>Nives Raso<\/b>.<\/p>\n<p class=\"xmprfx_MsoNormal\">Le note del festival risuoneranno poi sulla costa tirrenica fino a fine agosto e arriveranno nel territorio del Parco del Pollino i primi di settembre, con concerti no-stop fino al 9 settembre prossimo, nel corso dei quali sui vari palchi (allestiti tutti in location di grande fascino storico\/artistico o paesaggistico\/naturalistico) saliranno, tra gli altri, artisti quali\u00a0<b>Yellowjackets, Danilo Rea, Giorgio Conte, Fabrizio Bosso, Ada Montellanico, Walter Ricci, Terje Nordgarden, Martha High, Joyce Yuille, David Kikoski, Nicky Nicolai &amp; Stefano Di Battista<\/b>\u00a0e tanti altri.<\/p>\n","protected":false},"excerpt":{"rendered":"<p>C\u2019\u00e8 grande attesa a\u00a0Polistena\u00a0e in tutta l\u2019area metropolitana di Reggio Calabria, pronta ad accogliere la tappa reggina del\u00a0XXI Peperoncino Jazz Festival, in programma\u00a0DOMANI SERA,\u00a0luned\u00ec 25 agosto, nella graziosa cittadina sita&hellip;<\/p>\n","protected":false},"author":5,"featured_media":8373,"comment_status":"open","ping_status":"open","sticky":false,"template":"","format":"standard","meta":{"_jetpack_memberships_contains_paid_content":false,"footnotes":"","jetpack_publicize_message":"","jetpack_publicize_feature_enabled":true,"jetpack_social_post_already_shared":false,"jetpack_social_options":{"image_generator_settings":{"template":"highway","default_image_id":0,"font":"","enabled":false},"version":2}},"categories":[921,196,140,147],"tags":[3777,828,236],"class_list":["post-8372","post","type-post","status-publish","format-standard","has-post-thumbnail","hentry","category-home","category-news","category-reggio-calabria","category-spettacoli","tag-peperoncino-jazz-festival","tag-polistena","tag-reggio-calabria"],"yoast_head":"<!-- This site is optimized with the Yoast SEO plugin v27.2 - https:\/\/yoast.com\/product\/yoast-seo-wordpress\/ -->\n<title>Polistena, torna il Peperoncino Jazz Festival - Radio Touring 104<\/title>\n<meta name=\"robots\" content=\"index, follow, max-snippet:-1, max-image-preview:large, max-video-preview:-1\" \/>\n<link rel=\"canonical\" href=\"https:\/\/progettotouring.it\/radiotouring104\/2022\/07\/24\/polistena-torna-il-peperoncino-jazz-festival\/\" \/>\n<meta property=\"og:locale\" content=\"it_IT\" \/>\n<meta property=\"og:type\" content=\"article\" \/>\n<meta property=\"og:title\" content=\"Polistena, torna il Peperoncino Jazz Festival - Radio Touring 104\" \/>\n<meta property=\"og:description\" content=\"C\u2019\u00e8 grande attesa a\u00a0Polistena\u00a0e in tutta l\u2019area metropolitana di Reggio Calabria, pronta ad accogliere la tappa reggina del\u00a0XXI Peperoncino Jazz Festival, in programma\u00a0DOMANI SERA,\u00a0luned\u00ec 25 agosto, nella graziosa cittadina sita&hellip;\" \/>\n<meta property=\"og:url\" content=\"https:\/\/progettotouring.it\/radiotouring104\/2022\/07\/24\/polistena-torna-il-peperoncino-jazz-festival\/\" \/>\n<meta property=\"og:site_name\" content=\"Radio Touring 104\" \/>\n<meta property=\"article:published_time\" content=\"2022-07-24T15:03:04+00:00\" \/>\n<meta property=\"article:modified_time\" content=\"2022-07-25T16:05:43+00:00\" \/>\n<meta property=\"og:image\" content=\"https:\/\/progettotouring.it\/radiotouring104\/wp-content\/uploads\/sites\/6\/2022\/07\/FRANCESCO-CAFISO.webp\" \/>\n\t<meta property=\"og:image:width\" content=\"1900\" \/>\n\t<meta property=\"og:image:height\" content=\"1080\" \/>\n\t<meta property=\"og:image:type\" content=\"image\/webp\" \/>\n<meta name=\"author\" content=\"redazione\" \/>\n<meta name=\"twitter:card\" content=\"summary_large_image\" \/>\n<meta name=\"twitter:label1\" content=\"Scritto da\" \/>\n\t<meta name=\"twitter:data1\" content=\"redazione\" \/>\n\t<meta name=\"twitter:label2\" content=\"Tempo di lettura stimato\" \/>\n\t<meta name=\"twitter:data2\" content=\"5 minuti\" \/>\n<script type=\"application\/ld+json\" class=\"yoast-schema-graph\">{\"@context\":\"https:\/\/schema.org\",\"@graph\":[{\"@type\":\"Article\",\"@id\":\"https:\/\/progettotouring.it\/radiotouring104\/2022\/07\/24\/polistena-torna-il-peperoncino-jazz-festival\/#article\",\"isPartOf\":{\"@id\":\"https:\/\/progettotouring.it\/radiotouring104\/2022\/07\/24\/polistena-torna-il-peperoncino-jazz-festival\/\"},\"author\":{\"name\":\"redazione\",\"@id\":\"https:\/\/progettotouring.it\/radiotouring104\/#\/schema\/person\/1b3eb3c07c47136bc44c785c543e635f\"},\"headline\":\"Polistena, torna il Peperoncino Jazz Festival\",\"datePublished\":\"2022-07-24T15:03:04+00:00\",\"dateModified\":\"2022-07-25T16:05:43+00:00\",\"mainEntityOfPage\":{\"@id\":\"https:\/\/progettotouring.it\/radiotouring104\/2022\/07\/24\/polistena-torna-il-peperoncino-jazz-festival\/\"},\"wordCount\":989,\"commentCount\":0,\"publisher\":{\"@id\":\"https:\/\/progettotouring.it\/radiotouring104\/#organization\"},\"image\":{\"@id\":\"https:\/\/progettotouring.it\/radiotouring104\/2022\/07\/24\/polistena-torna-il-peperoncino-jazz-festival\/#primaryimage\"},\"thumbnailUrl\":\"https:\/\/progettotouring.it\/radiotouring104\/wp-content\/uploads\/sites\/6\/2022\/07\/FRANCESCO-CAFISO.webp\",\"keywords\":[\"peperoncino jazz festival\",\"Polistena\",\"reggio calabria\"],\"articleSection\":[\"Home\",\"News\",\"Reggio Calabria\",\"Spettacoli\"],\"inLanguage\":\"it-IT\",\"potentialAction\":[{\"@type\":\"CommentAction\",\"name\":\"Comment\",\"target\":[\"https:\/\/progettotouring.it\/radiotouring104\/2022\/07\/24\/polistena-torna-il-peperoncino-jazz-festival\/#respond\"]}]},{\"@type\":\"WebPage\",\"@id\":\"https:\/\/progettotouring.it\/radiotouring104\/2022\/07\/24\/polistena-torna-il-peperoncino-jazz-festival\/\",\"url\":\"https:\/\/progettotouring.it\/radiotouring104\/2022\/07\/24\/polistena-torna-il-peperoncino-jazz-festival\/\",\"name\":\"Polistena, torna il Peperoncino Jazz Festival - Radio Touring 104\",\"isPartOf\":{\"@id\":\"https:\/\/progettotouring.it\/radiotouring104\/#website\"},\"primaryImageOfPage\":{\"@id\":\"https:\/\/progettotouring.it\/radiotouring104\/2022\/07\/24\/polistena-torna-il-peperoncino-jazz-festival\/#primaryimage\"},\"image\":{\"@id\":\"https:\/\/progettotouring.it\/radiotouring104\/2022\/07\/24\/polistena-torna-il-peperoncino-jazz-festival\/#primaryimage\"},\"thumbnailUrl\":\"https:\/\/progettotouring.it\/radiotouring104\/wp-content\/uploads\/sites\/6\/2022\/07\/FRANCESCO-CAFISO.webp\",\"datePublished\":\"2022-07-24T15:03:04+00:00\",\"dateModified\":\"2022-07-25T16:05:43+00:00\",\"breadcrumb\":{\"@id\":\"https:\/\/progettotouring.it\/radiotouring104\/2022\/07\/24\/polistena-torna-il-peperoncino-jazz-festival\/#breadcrumb\"},\"inLanguage\":\"it-IT\",\"potentialAction\":[{\"@type\":\"ReadAction\",\"target\":[\"https:\/\/progettotouring.it\/radiotouring104\/2022\/07\/24\/polistena-torna-il-peperoncino-jazz-festival\/\"]}]},{\"@type\":\"ImageObject\",\"inLanguage\":\"it-IT\",\"@id\":\"https:\/\/progettotouring.it\/radiotouring104\/2022\/07\/24\/polistena-torna-il-peperoncino-jazz-festival\/#primaryimage\",\"url\":\"https:\/\/progettotouring.it\/radiotouring104\/wp-content\/uploads\/sites\/6\/2022\/07\/FRANCESCO-CAFISO.webp\",\"contentUrl\":\"https:\/\/progettotouring.it\/radiotouring104\/wp-content\/uploads\/sites\/6\/2022\/07\/FRANCESCO-CAFISO.webp\",\"width\":1900,\"height\":1080},{\"@type\":\"BreadcrumbList\",\"@id\":\"https:\/\/progettotouring.it\/radiotouring104\/2022\/07\/24\/polistena-torna-il-peperoncino-jazz-festival\/#breadcrumb\",\"itemListElement\":[{\"@type\":\"ListItem\",\"position\":1,\"name\":\"Home\",\"item\":\"https:\/\/progettotouring.it\/radiotouring104\/\"},{\"@type\":\"ListItem\",\"position\":2,\"name\":\"Polistena, torna il Peperoncino Jazz Festival\"}]},{\"@type\":\"WebSite\",\"@id\":\"https:\/\/progettotouring.it\/radiotouring104\/#website\",\"url\":\"https:\/\/progettotouring.it\/radiotouring104\/\",\"name\":\"Radio Touring 104\",\"description\":\"La prima radio Reggina\",\"publisher\":{\"@id\":\"https:\/\/progettotouring.it\/radiotouring104\/#organization\"},\"potentialAction\":[{\"@type\":\"SearchAction\",\"target\":{\"@type\":\"EntryPoint\",\"urlTemplate\":\"https:\/\/progettotouring.it\/radiotouring104\/?s={search_term_string}\"},\"query-input\":{\"@type\":\"PropertyValueSpecification\",\"valueRequired\":true,\"valueName\":\"search_term_string\"}}],\"inLanguage\":\"it-IT\"},{\"@type\":\"Organization\",\"@id\":\"https:\/\/progettotouring.it\/radiotouring104\/#organization\",\"name\":\"Radio Touring 104\",\"url\":\"https:\/\/progettotouring.it\/radiotouring104\/\",\"logo\":{\"@type\":\"ImageObject\",\"inLanguage\":\"it-IT\",\"@id\":\"https:\/\/progettotouring.it\/radiotouring104\/#\/schema\/logo\/image\/\",\"url\":\"https:\/\/progettotouring.it\/radiotouring104\/wp-content\/uploads\/sites\/6\/2022\/02\/cropped-logo-radio-touring-104.png\",\"contentUrl\":\"https:\/\/progettotouring.it\/radiotouring104\/wp-content\/uploads\/sites\/6\/2022\/02\/cropped-logo-radio-touring-104.png\",\"width\":377,\"height\":182,\"caption\":\"Radio Touring 104\"},\"image\":{\"@id\":\"https:\/\/progettotouring.it\/radiotouring104\/#\/schema\/logo\/image\/\"}},{\"@type\":\"Person\",\"@id\":\"https:\/\/progettotouring.it\/radiotouring104\/#\/schema\/person\/1b3eb3c07c47136bc44c785c543e635f\",\"name\":\"redazione\",\"image\":{\"@type\":\"ImageObject\",\"inLanguage\":\"it-IT\",\"@id\":\"https:\/\/secure.gravatar.com\/avatar\/0b31605b49f100769e8b624b3e05de1b73e1692e9568a352f60f53fd072e6e11?s=96&d=mm&r=g\",\"url\":\"https:\/\/secure.gravatar.com\/avatar\/0b31605b49f100769e8b624b3e05de1b73e1692e9568a352f60f53fd072e6e11?s=96&d=mm&r=g\",\"contentUrl\":\"https:\/\/secure.gravatar.com\/avatar\/0b31605b49f100769e8b624b3e05de1b73e1692e9568a352f60f53fd072e6e11?s=96&d=mm&r=g\",\"caption\":\"redazione\"},\"url\":\"https:\/\/progettotouring.it\/radiotouring104\/author\/redazione\/\"}]}<\/script>\n<!-- \/ Yoast SEO plugin. -->","yoast_head_json":{"title":"Polistena, torna il Peperoncino Jazz Festival - Radio Touring 104","robots":{"index":"index","follow":"follow","max-snippet":"max-snippet:-1","max-image-preview":"max-image-preview:large","max-video-preview":"max-video-preview:-1"},"canonical":"https:\/\/progettotouring.it\/radiotouring104\/2022\/07\/24\/polistena-torna-il-peperoncino-jazz-festival\/","og_locale":"it_IT","og_type":"article","og_title":"Polistena, torna il Peperoncino Jazz Festival - Radio Touring 104","og_description":"C\u2019\u00e8 grande attesa a\u00a0Polistena\u00a0e in tutta l\u2019area metropolitana di Reggio Calabria, pronta ad accogliere la tappa reggina del\u00a0XXI Peperoncino Jazz Festival, in programma\u00a0DOMANI SERA,\u00a0luned\u00ec 25 agosto, nella graziosa cittadina sita&hellip;","og_url":"https:\/\/progettotouring.it\/radiotouring104\/2022\/07\/24\/polistena-torna-il-peperoncino-jazz-festival\/","og_site_name":"Radio Touring 104","article_published_time":"2022-07-24T15:03:04+00:00","article_modified_time":"2022-07-25T16:05:43+00:00","og_image":[{"width":1900,"height":1080,"url":"https:\/\/progettotouring.it\/radiotouring104\/wp-content\/uploads\/sites\/6\/2022\/07\/FRANCESCO-CAFISO.webp","type":"image\/webp"}],"author":"redazione","twitter_card":"summary_large_image","twitter_misc":{"Scritto da":"redazione","Tempo di lettura stimato":"5 minuti"},"schema":{"@context":"https:\/\/schema.org","@graph":[{"@type":"Article","@id":"https:\/\/progettotouring.it\/radiotouring104\/2022\/07\/24\/polistena-torna-il-peperoncino-jazz-festival\/#article","isPartOf":{"@id":"https:\/\/progettotouring.it\/radiotouring104\/2022\/07\/24\/polistena-torna-il-peperoncino-jazz-festival\/"},"author":{"name":"redazione","@id":"https:\/\/progettotouring.it\/radiotouring104\/#\/schema\/person\/1b3eb3c07c47136bc44c785c543e635f"},"headline":"Polistena, torna il Peperoncino Jazz Festival","datePublished":"2022-07-24T15:03:04+00:00","dateModified":"2022-07-25T16:05:43+00:00","mainEntityOfPage":{"@id":"https:\/\/progettotouring.it\/radiotouring104\/2022\/07\/24\/polistena-torna-il-peperoncino-jazz-festival\/"},"wordCount":989,"commentCount":0,"publisher":{"@id":"https:\/\/progettotouring.it\/radiotouring104\/#organization"},"image":{"@id":"https:\/\/progettotouring.it\/radiotouring104\/2022\/07\/24\/polistena-torna-il-peperoncino-jazz-festival\/#primaryimage"},"thumbnailUrl":"https:\/\/progettotouring.it\/radiotouring104\/wp-content\/uploads\/sites\/6\/2022\/07\/FRANCESCO-CAFISO.webp","keywords":["peperoncino jazz festival","Polistena","reggio calabria"],"articleSection":["Home","News","Reggio Calabria","Spettacoli"],"inLanguage":"it-IT","potentialAction":[{"@type":"CommentAction","name":"Comment","target":["https:\/\/progettotouring.it\/radiotouring104\/2022\/07\/24\/polistena-torna-il-peperoncino-jazz-festival\/#respond"]}]},{"@type":"WebPage","@id":"https:\/\/progettotouring.it\/radiotouring104\/2022\/07\/24\/polistena-torna-il-peperoncino-jazz-festival\/","url":"https:\/\/progettotouring.it\/radiotouring104\/2022\/07\/24\/polistena-torna-il-peperoncino-jazz-festival\/","name":"Polistena, torna il Peperoncino Jazz Festival - Radio Touring 104","isPartOf":{"@id":"https:\/\/progettotouring.it\/radiotouring104\/#website"},"primaryImageOfPage":{"@id":"https:\/\/progettotouring.it\/radiotouring104\/2022\/07\/24\/polistena-torna-il-peperoncino-jazz-festival\/#primaryimage"},"image":{"@id":"https:\/\/progettotouring.it\/radiotouring104\/2022\/07\/24\/polistena-torna-il-peperoncino-jazz-festival\/#primaryimage"},"thumbnailUrl":"https:\/\/progettotouring.it\/radiotouring104\/wp-content\/uploads\/sites\/6\/2022\/07\/FRANCESCO-CAFISO.webp","datePublished":"2022-07-24T15:03:04+00:00","dateModified":"2022-07-25T16:05:43+00:00","breadcrumb":{"@id":"https:\/\/progettotouring.it\/radiotouring104\/2022\/07\/24\/polistena-torna-il-peperoncino-jazz-festival\/#breadcrumb"},"inLanguage":"it-IT","potentialAction":[{"@type":"ReadAction","target":["https:\/\/progettotouring.it\/radiotouring104\/2022\/07\/24\/polistena-torna-il-peperoncino-jazz-festival\/"]}]},{"@type":"ImageObject","inLanguage":"it-IT","@id":"https:\/\/progettotouring.it\/radiotouring104\/2022\/07\/24\/polistena-torna-il-peperoncino-jazz-festival\/#primaryimage","url":"https:\/\/progettotouring.it\/radiotouring104\/wp-content\/uploads\/sites\/6\/2022\/07\/FRANCESCO-CAFISO.webp","contentUrl":"https:\/\/progettotouring.it\/radiotouring104\/wp-content\/uploads\/sites\/6\/2022\/07\/FRANCESCO-CAFISO.webp","width":1900,"height":1080},{"@type":"BreadcrumbList","@id":"https:\/\/progettotouring.it\/radiotouring104\/2022\/07\/24\/polistena-torna-il-peperoncino-jazz-festival\/#breadcrumb","itemListElement":[{"@type":"ListItem","position":1,"name":"Home","item":"https:\/\/progettotouring.it\/radiotouring104\/"},{"@type":"ListItem","position":2,"name":"Polistena, torna il Peperoncino Jazz Festival"}]},{"@type":"WebSite","@id":"https:\/\/progettotouring.it\/radiotouring104\/#website","url":"https:\/\/progettotouring.it\/radiotouring104\/","name":"Radio Touring 104","description":"La prima radio Reggina","publisher":{"@id":"https:\/\/progettotouring.it\/radiotouring104\/#organization"},"potentialAction":[{"@type":"SearchAction","target":{"@type":"EntryPoint","urlTemplate":"https:\/\/progettotouring.it\/radiotouring104\/?s={search_term_string}"},"query-input":{"@type":"PropertyValueSpecification","valueRequired":true,"valueName":"search_term_string"}}],"inLanguage":"it-IT"},{"@type":"Organization","@id":"https:\/\/progettotouring.it\/radiotouring104\/#organization","name":"Radio Touring 104","url":"https:\/\/progettotouring.it\/radiotouring104\/","logo":{"@type":"ImageObject","inLanguage":"it-IT","@id":"https:\/\/progettotouring.it\/radiotouring104\/#\/schema\/logo\/image\/","url":"https:\/\/progettotouring.it\/radiotouring104\/wp-content\/uploads\/sites\/6\/2022\/02\/cropped-logo-radio-touring-104.png","contentUrl":"https:\/\/progettotouring.it\/radiotouring104\/wp-content\/uploads\/sites\/6\/2022\/02\/cropped-logo-radio-touring-104.png","width":377,"height":182,"caption":"Radio Touring 104"},"image":{"@id":"https:\/\/progettotouring.it\/radiotouring104\/#\/schema\/logo\/image\/"}},{"@type":"Person","@id":"https:\/\/progettotouring.it\/radiotouring104\/#\/schema\/person\/1b3eb3c07c47136bc44c785c543e635f","name":"redazione","image":{"@type":"ImageObject","inLanguage":"it-IT","@id":"https:\/\/secure.gravatar.com\/avatar\/0b31605b49f100769e8b624b3e05de1b73e1692e9568a352f60f53fd072e6e11?s=96&d=mm&r=g","url":"https:\/\/secure.gravatar.com\/avatar\/0b31605b49f100769e8b624b3e05de1b73e1692e9568a352f60f53fd072e6e11?s=96&d=mm&r=g","contentUrl":"https:\/\/secure.gravatar.com\/avatar\/0b31605b49f100769e8b624b3e05de1b73e1692e9568a352f60f53fd072e6e11?s=96&d=mm&r=g","caption":"redazione"},"url":"https:\/\/progettotouring.it\/radiotouring104\/author\/redazione\/"}]}},"jetpack_publicize_connections":[],"jetpack_featured_media_url":"https:\/\/progettotouring.it\/radiotouring104\/wp-content\/uploads\/sites\/6\/2022\/07\/FRANCESCO-CAFISO.webp","jetpack_sharing_enabled":true,"_links":{"self":[{"href":"https:\/\/progettotouring.it\/radiotouring104\/wp-json\/wp\/v2\/posts\/8372","targetHints":{"allow":["GET"]}}],"collection":[{"href":"https:\/\/progettotouring.it\/radiotouring104\/wp-json\/wp\/v2\/posts"}],"about":[{"href":"https:\/\/progettotouring.it\/radiotouring104\/wp-json\/wp\/v2\/types\/post"}],"author":[{"embeddable":true,"href":"https:\/\/progettotouring.it\/radiotouring104\/wp-json\/wp\/v2\/users\/5"}],"replies":[{"embeddable":true,"href":"https:\/\/progettotouring.it\/radiotouring104\/wp-json\/wp\/v2\/comments?post=8372"}],"version-history":[{"count":1,"href":"https:\/\/progettotouring.it\/radiotouring104\/wp-json\/wp\/v2\/posts\/8372\/revisions"}],"predecessor-version":[{"id":8374,"href":"https:\/\/progettotouring.it\/radiotouring104\/wp-json\/wp\/v2\/posts\/8372\/revisions\/8374"}],"wp:featuredmedia":[{"embeddable":true,"href":"https:\/\/progettotouring.it\/radiotouring104\/wp-json\/wp\/v2\/media\/8373"}],"wp:attachment":[{"href":"https:\/\/progettotouring.it\/radiotouring104\/wp-json\/wp\/v2\/media?parent=8372"}],"wp:term":[{"taxonomy":"category","embeddable":true,"href":"https:\/\/progettotouring.it\/radiotouring104\/wp-json\/wp\/v2\/categories?post=8372"},{"taxonomy":"post_tag","embeddable":true,"href":"https:\/\/progettotouring.it\/radiotouring104\/wp-json\/wp\/v2\/tags?post=8372"}],"curies":[{"name":"wp","href":"https:\/\/api.w.org\/{rel}","templated":true}]}}