{"id":83728,"date":"2025-10-11T12:38:26","date_gmt":"2025-10-11T10:38:26","guid":{"rendered":"https:\/\/progettotouring.it\/radiotouring104\/?p=83728"},"modified":"2025-10-11T12:38:26","modified_gmt":"2025-10-11T10:38:26","slug":"e-arrivato-a-reggio-il-camper-dellascolto","status":"publish","type":"post","link":"https:\/\/progettotouring.it\/radiotouring104\/2025\/10\/11\/e-arrivato-a-reggio-il-camper-dellascolto\/","title":{"rendered":"E&#8217; arrivato a Reggio il &#8220;Camper dell\u2019Ascolto&#8221;"},"content":{"rendered":"<div class=\"gmail_quote\">\n<div class=\"gmail_quote\" dir=\"auto\">\n<p>Ieri, 10 ottobre, in concomitanza con la Giornata Mondiale della Salute Mentale, l\u2019<em>Associazione FARE X BENE<\/em> e<em> Oltre<\/em>, brand di moda femminile appartenente al Gruppo Miroglio, hanno acceso i motori del <em>\u201cIl Camper dell\u2019Ascolto\u201d<\/em>, progetto innovativo di consulenza psicologica itinerante completamente gratuita, che da ottobre a dicembre prester\u00e0 servizio in alcune piazze della citt\u00e0 di Reggio Calabria.<\/p>\n<p>Il Camper che,\u00a0 lo scorso anno, a Milano, ha accolto oltre 500 persone nelle vie della citt\u00e0 percorrer\u00e0 le strade e le piazze reggine per diventare un luogo sicuro, accogliente e inclusivo, dove chiunque ne senta il bisogno potr\u00e0 trovare ascolto, sostegno e orientamento psicologico gratuito, grazie alla presenza di psicologhe e psicologi professionisti pronti a offrire un aiuto concreto.<\/p>\n<p><em>\u201cCrediamo che il benessere mentale sia un diritto fondamentale<\/em> \u2013 spiegano i promotori del progetto \u2013 <em>e che l\u2019ascolto possa rappresentare il primo passo verso un percorso di consapevolezza e di cura. Per questo portiamo il supporto psicologico direttamente nei luoghi della vita quotidiana, per renderlo accessibile a tutte e a tutti.\u201d<\/em><\/p>\n<p><strong>Il Camper dell\u2019Ascolto <\/strong>che, ieri, 10 ottobre, ha effettuato la prima sosta sul Lungomare Falcomat\u00e0, <strong>sar\u00e0 attivo fino al 16 dicembre 2025 e offrir\u00e0 consulenze gratuite dalle ore 10:00 alle ore 13:00, previa prenotazione, via e-mail all\u2019indirizzo: <a target=\"_self\">onlusfarexbene@gmail.com<\/a>.<\/strong><\/p>\n<p><strong>Calendario degli appuntamenti:<\/strong><\/p>\n<div><strong>\u2022\u00a016 ottobre\u00a0\u2013 Piazza De Nava<\/strong><\/div>\n<div><strong>\u2022\u00a022 ottobre\u00a0\u2013 Piazza Duomo<\/strong><\/div>\n<div><strong>\u2022\u00a031 ottobre\u00a0\u2013\u00a0Viale Messina 15<\/strong><\/div>\n<div><strong>\u2022\u00a07 novembre\u00a0\u2013\u00a0Viale Messina 15<\/strong><\/div>\n<div><strong>\u2022\u00a014 novembre\u00a0\u2013 Piazza De Nava<\/strong><\/div>\n<div><strong>\u2022\u00a021 novembre\u00a0\u2013 Piazza Duomo<\/strong><\/div>\n<div><strong>\u2022\u00a028 novembre\u00a0\u2013\u00a0Viale Messina 15<\/strong><\/div>\n<div><strong>\u2022\u00a05 dicembre\u00a0\u2013\u00a0Viale Messina 15<\/strong><\/div>\n<div><strong>\u2022\u00a09 dicembre\u00a0\u2013 Piazza De Nava<\/strong><\/div>\n<div><strong>\u2022\u00a016 dicembre\u00a0\u2013 Piazza Duomo<\/strong><\/div>\n<p>&nbsp;<\/p>\n<p>Il servizio fornito sul camper dagli psicologi e psicoterapeuti di FARE X BENE, riguarda l\u2019ambito\u00a0di prima accoglienza psicologica e valutazione di ogni singolo caso, con possibilit\u00e0 di tornare per\u00a0un ciclo di 3 incontri su prenotazione (inviando una mail all\u2019indirizzo presente sui siti\u00a0<a href=\"http:\/\/oltre.com\/\" target=\"_blank\" rel=\"noopener noreferrer\">oltre.com<\/a>\u00a0e\u00a0<a href=\"http:\/\/farexbene.it\/\" target=\"_blank\" rel=\"noopener noreferrer\">farexbene.it<\/a>), e\/o di essere indirizzati a servizi e professionisti specializzati sul territorio di competenza, garantendo informazioni, supporto e intercettazione del bisogno a partire da zone periferiche e spesso emarginate dai servizi a rapido accesso e fruibilit\u00e0 psicologica.<\/p>\n<p>Per tutte le\u00a0date previste, il camper sar\u00e0 guidato\u00a0dal dott.\u00a0Nino Spezzano, proprietario del camper messo, che aiuter\u00e0 a garantire, insieme alla psicologa responsabile progetto, dott.ssa\u00a0Fabiana Cristiano, di FARE X BENE,\u00a0un\u00a0servizio il pi\u00f9 possibile integrato e professionale, presidiando alcune delle zone\u00a0principali di Reggio Calabria.<\/p>\n<p>Il camper opera nel rispetto del diritto all\u2019anonimato e della persona e degli eventuali testimoni, e\u00a0della riservatezza dei dati e delle informazioni acquisite. L&#8217;approccio e i percorsi sono\u00a0personalizzati per evitare la standardizzazione degli interventi proposti dal momento che ogni\u00a0situazione \u00e8 individuale e personale.<\/p>\n<p>&nbsp;<\/p>\n<\/div>\n<\/div>\n","protected":false},"excerpt":{"rendered":"<p>Ieri, 10 ottobre, in concomitanza con la Giornata Mondiale della Salute Mentale, l\u2019Associazione FARE X BENE e Oltre, brand di moda femminile appartenente al Gruppo Miroglio, hanno acceso i motori&hellip;<\/p>\n","protected":false},"author":19,"featured_media":83729,"comment_status":"closed","ping_status":"open","sticky":false,"template":"","format":"standard","meta":{"_jetpack_memberships_contains_paid_content":false,"footnotes":"","jetpack_publicize_message":"","jetpack_publicize_feature_enabled":true,"jetpack_social_post_already_shared":true,"jetpack_social_options":{"image_generator_settings":{"template":"highway","default_image_id":0,"font":"","enabled":false},"version":2}},"categories":[921,196,140],"tags":[],"class_list":["post-83728","post","type-post","status-publish","format-standard","has-post-thumbnail","hentry","category-home","category-news","category-reggio-calabria"],"yoast_head":"<!-- This site is optimized with the Yoast SEO plugin v27.2 - https:\/\/yoast.com\/product\/yoast-seo-wordpress\/ -->\n<title>E&#039; arrivato a Reggio il &quot;Camper dell\u2019Ascolto&quot; - Radio Touring 104<\/title>\n<meta name=\"description\" content=\"Sar\u00e0 presente fino a dicembre in citt\u00e0 con un progetto innovativo di consulenza psicologica itinerante completamente gratuita\" \/>\n<meta name=\"robots\" content=\"index, follow, max-snippet:-1, max-image-preview:large, max-video-preview:-1\" \/>\n<link rel=\"canonical\" href=\"https:\/\/progettotouring.it\/radiotouring104\/2025\/10\/11\/e-arrivato-a-reggio-il-camper-dellascolto\/\" \/>\n<meta property=\"og:locale\" content=\"it_IT\" \/>\n<meta property=\"og:type\" content=\"article\" \/>\n<meta property=\"og:title\" content=\"E&#039; arrivato a Reggio il &quot;Camper dell\u2019Ascolto&quot; - Radio Touring 104\" \/>\n<meta property=\"og:description\" content=\"Sar\u00e0 presente fino a dicembre in citt\u00e0 con un progetto innovativo di consulenza psicologica itinerante completamente gratuita\" \/>\n<meta property=\"og:url\" content=\"https:\/\/progettotouring.it\/radiotouring104\/2025\/10\/11\/e-arrivato-a-reggio-il-camper-dellascolto\/\" \/>\n<meta property=\"og:site_name\" content=\"Radio Touring 104\" \/>\n<meta property=\"article:published_time\" content=\"2025-10-11T10:38:26+00:00\" \/>\n<meta property=\"og:image\" content=\"https:\/\/progettotouring.it\/radiotouring104\/wp-content\/uploads\/sites\/6\/2025\/10\/IMMAGINI-X-SITO-2025-10-11T123706.412.jpg\" \/>\n\t<meta property=\"og:image:width\" content=\"2000\" \/>\n\t<meta property=\"og:image:height\" content=\"1545\" \/>\n\t<meta property=\"og:image:type\" content=\"image\/jpeg\" \/>\n<meta name=\"author\" content=\"S L\" \/>\n<meta name=\"twitter:card\" content=\"summary_large_image\" \/>\n<meta name=\"twitter:label1\" content=\"Scritto da\" \/>\n\t<meta name=\"twitter:data1\" content=\"S L\" \/>\n\t<meta name=\"twitter:label2\" content=\"Tempo di lettura stimato\" \/>\n\t<meta name=\"twitter:data2\" content=\"2 minuti\" \/>\n<script type=\"application\/ld+json\" class=\"yoast-schema-graph\">{\"@context\":\"https:\/\/schema.org\",\"@graph\":[{\"@type\":\"Article\",\"@id\":\"https:\/\/progettotouring.it\/radiotouring104\/2025\/10\/11\/e-arrivato-a-reggio-il-camper-dellascolto\/#article\",\"isPartOf\":{\"@id\":\"https:\/\/progettotouring.it\/radiotouring104\/2025\/10\/11\/e-arrivato-a-reggio-il-camper-dellascolto\/\"},\"author\":{\"name\":\"S L\",\"@id\":\"https:\/\/progettotouring.it\/radiotouring104\/#\/schema\/person\/b9f9c3730b0a78814c9b9f3bfc52c619\"},\"headline\":\"E&#8217; arrivato a Reggio il &#8220;Camper dell\u2019Ascolto&#8221;\",\"datePublished\":\"2025-10-11T10:38:26+00:00\",\"mainEntityOfPage\":{\"@id\":\"https:\/\/progettotouring.it\/radiotouring104\/2025\/10\/11\/e-arrivato-a-reggio-il-camper-dellascolto\/\"},\"wordCount\":434,\"publisher\":{\"@id\":\"https:\/\/progettotouring.it\/radiotouring104\/#organization\"},\"image\":{\"@id\":\"https:\/\/progettotouring.it\/radiotouring104\/2025\/10\/11\/e-arrivato-a-reggio-il-camper-dellascolto\/#primaryimage\"},\"thumbnailUrl\":\"https:\/\/progettotouring.it\/radiotouring104\/wp-content\/uploads\/sites\/6\/2025\/10\/IMMAGINI-X-SITO-2025-10-11T123706.412.jpg\",\"articleSection\":[\"Home\",\"News\",\"Reggio Calabria\"],\"inLanguage\":\"it-IT\"},{\"@type\":\"WebPage\",\"@id\":\"https:\/\/progettotouring.it\/radiotouring104\/2025\/10\/11\/e-arrivato-a-reggio-il-camper-dellascolto\/\",\"url\":\"https:\/\/progettotouring.it\/radiotouring104\/2025\/10\/11\/e-arrivato-a-reggio-il-camper-dellascolto\/\",\"name\":\"E' arrivato a Reggio il \\\"Camper dell\u2019Ascolto\\\" - Radio Touring 104\",\"isPartOf\":{\"@id\":\"https:\/\/progettotouring.it\/radiotouring104\/#website\"},\"primaryImageOfPage\":{\"@id\":\"https:\/\/progettotouring.it\/radiotouring104\/2025\/10\/11\/e-arrivato-a-reggio-il-camper-dellascolto\/#primaryimage\"},\"image\":{\"@id\":\"https:\/\/progettotouring.it\/radiotouring104\/2025\/10\/11\/e-arrivato-a-reggio-il-camper-dellascolto\/#primaryimage\"},\"thumbnailUrl\":\"https:\/\/progettotouring.it\/radiotouring104\/wp-content\/uploads\/sites\/6\/2025\/10\/IMMAGINI-X-SITO-2025-10-11T123706.412.jpg\",\"datePublished\":\"2025-10-11T10:38:26+00:00\",\"description\":\"Sar\u00e0 presente fino a dicembre in citt\u00e0 con un progetto innovativo di consulenza psicologica itinerante completamente gratuita\",\"breadcrumb\":{\"@id\":\"https:\/\/progettotouring.it\/radiotouring104\/2025\/10\/11\/e-arrivato-a-reggio-il-camper-dellascolto\/#breadcrumb\"},\"inLanguage\":\"it-IT\",\"potentialAction\":[{\"@type\":\"ReadAction\",\"target\":[\"https:\/\/progettotouring.it\/radiotouring104\/2025\/10\/11\/e-arrivato-a-reggio-il-camper-dellascolto\/\"]}]},{\"@type\":\"ImageObject\",\"inLanguage\":\"it-IT\",\"@id\":\"https:\/\/progettotouring.it\/radiotouring104\/2025\/10\/11\/e-arrivato-a-reggio-il-camper-dellascolto\/#primaryimage\",\"url\":\"https:\/\/progettotouring.it\/radiotouring104\/wp-content\/uploads\/sites\/6\/2025\/10\/IMMAGINI-X-SITO-2025-10-11T123706.412.jpg\",\"contentUrl\":\"https:\/\/progettotouring.it\/radiotouring104\/wp-content\/uploads\/sites\/6\/2025\/10\/IMMAGINI-X-SITO-2025-10-11T123706.412.jpg\",\"width\":2000,\"height\":1545},{\"@type\":\"BreadcrumbList\",\"@id\":\"https:\/\/progettotouring.it\/radiotouring104\/2025\/10\/11\/e-arrivato-a-reggio-il-camper-dellascolto\/#breadcrumb\",\"itemListElement\":[{\"@type\":\"ListItem\",\"position\":1,\"name\":\"Home\",\"item\":\"https:\/\/progettotouring.it\/radiotouring104\/\"},{\"@type\":\"ListItem\",\"position\":2,\"name\":\"E&#8217; arrivato a Reggio il &#8220;Camper dell\u2019Ascolto&#8221;\"}]},{\"@type\":\"WebSite\",\"@id\":\"https:\/\/progettotouring.it\/radiotouring104\/#website\",\"url\":\"https:\/\/progettotouring.it\/radiotouring104\/\",\"name\":\"Radio Touring 104\",\"description\":\"La prima radio Reggina\",\"publisher\":{\"@id\":\"https:\/\/progettotouring.it\/radiotouring104\/#organization\"},\"potentialAction\":[{\"@type\":\"SearchAction\",\"target\":{\"@type\":\"EntryPoint\",\"urlTemplate\":\"https:\/\/progettotouring.it\/radiotouring104\/?s={search_term_string}\"},\"query-input\":{\"@type\":\"PropertyValueSpecification\",\"valueRequired\":true,\"valueName\":\"search_term_string\"}}],\"inLanguage\":\"it-IT\"},{\"@type\":\"Organization\",\"@id\":\"https:\/\/progettotouring.it\/radiotouring104\/#organization\",\"name\":\"Radio Touring 104\",\"url\":\"https:\/\/progettotouring.it\/radiotouring104\/\",\"logo\":{\"@type\":\"ImageObject\",\"inLanguage\":\"it-IT\",\"@id\":\"https:\/\/progettotouring.it\/radiotouring104\/#\/schema\/logo\/image\/\",\"url\":\"https:\/\/progettotouring.it\/radiotouring104\/wp-content\/uploads\/sites\/6\/2022\/02\/cropped-logo-radio-touring-104.png\",\"contentUrl\":\"https:\/\/progettotouring.it\/radiotouring104\/wp-content\/uploads\/sites\/6\/2022\/02\/cropped-logo-radio-touring-104.png\",\"width\":377,\"height\":182,\"caption\":\"Radio Touring 104\"},\"image\":{\"@id\":\"https:\/\/progettotouring.it\/radiotouring104\/#\/schema\/logo\/image\/\"}},{\"@type\":\"Person\",\"@id\":\"https:\/\/progettotouring.it\/radiotouring104\/#\/schema\/person\/b9f9c3730b0a78814c9b9f3bfc52c619\",\"name\":\"S L\",\"image\":{\"@type\":\"ImageObject\",\"inLanguage\":\"it-IT\",\"@id\":\"https:\/\/secure.gravatar.com\/avatar\/652c51789d7030aaed9ff828331360502a68204fe6fb0831bc280515210e16d2?s=96&d=mm&r=g\",\"url\":\"https:\/\/secure.gravatar.com\/avatar\/652c51789d7030aaed9ff828331360502a68204fe6fb0831bc280515210e16d2?s=96&d=mm&r=g\",\"contentUrl\":\"https:\/\/secure.gravatar.com\/avatar\/652c51789d7030aaed9ff828331360502a68204fe6fb0831bc280515210e16d2?s=96&d=mm&r=g\",\"caption\":\"S L\"},\"url\":\"https:\/\/progettotouring.it\/radiotouring104\/author\/slibri\/\"}]}<\/script>\n<!-- \/ Yoast SEO plugin. -->","yoast_head_json":{"title":"E' arrivato a Reggio il \"Camper dell\u2019Ascolto\" - Radio Touring 104","description":"Sar\u00e0 presente fino a dicembre in citt\u00e0 con un progetto innovativo di consulenza psicologica itinerante completamente gratuita","robots":{"index":"index","follow":"follow","max-snippet":"max-snippet:-1","max-image-preview":"max-image-preview:large","max-video-preview":"max-video-preview:-1"},"canonical":"https:\/\/progettotouring.it\/radiotouring104\/2025\/10\/11\/e-arrivato-a-reggio-il-camper-dellascolto\/","og_locale":"it_IT","og_type":"article","og_title":"E' arrivato a Reggio il \"Camper dell\u2019Ascolto\" - Radio Touring 104","og_description":"Sar\u00e0 presente fino a dicembre in citt\u00e0 con un progetto innovativo di consulenza psicologica itinerante completamente gratuita","og_url":"https:\/\/progettotouring.it\/radiotouring104\/2025\/10\/11\/e-arrivato-a-reggio-il-camper-dellascolto\/","og_site_name":"Radio Touring 104","article_published_time":"2025-10-11T10:38:26+00:00","og_image":[{"width":2000,"height":1545,"url":"https:\/\/progettotouring.it\/radiotouring104\/wp-content\/uploads\/sites\/6\/2025\/10\/IMMAGINI-X-SITO-2025-10-11T123706.412.jpg","type":"image\/jpeg"}],"author":"S L","twitter_card":"summary_large_image","twitter_misc":{"Scritto da":"S L","Tempo di lettura stimato":"2 minuti"},"schema":{"@context":"https:\/\/schema.org","@graph":[{"@type":"Article","@id":"https:\/\/progettotouring.it\/radiotouring104\/2025\/10\/11\/e-arrivato-a-reggio-il-camper-dellascolto\/#article","isPartOf":{"@id":"https:\/\/progettotouring.it\/radiotouring104\/2025\/10\/11\/e-arrivato-a-reggio-il-camper-dellascolto\/"},"author":{"name":"S L","@id":"https:\/\/progettotouring.it\/radiotouring104\/#\/schema\/person\/b9f9c3730b0a78814c9b9f3bfc52c619"},"headline":"E&#8217; arrivato a Reggio il &#8220;Camper dell\u2019Ascolto&#8221;","datePublished":"2025-10-11T10:38:26+00:00","mainEntityOfPage":{"@id":"https:\/\/progettotouring.it\/radiotouring104\/2025\/10\/11\/e-arrivato-a-reggio-il-camper-dellascolto\/"},"wordCount":434,"publisher":{"@id":"https:\/\/progettotouring.it\/radiotouring104\/#organization"},"image":{"@id":"https:\/\/progettotouring.it\/radiotouring104\/2025\/10\/11\/e-arrivato-a-reggio-il-camper-dellascolto\/#primaryimage"},"thumbnailUrl":"https:\/\/progettotouring.it\/radiotouring104\/wp-content\/uploads\/sites\/6\/2025\/10\/IMMAGINI-X-SITO-2025-10-11T123706.412.jpg","articleSection":["Home","News","Reggio Calabria"],"inLanguage":"it-IT"},{"@type":"WebPage","@id":"https:\/\/progettotouring.it\/radiotouring104\/2025\/10\/11\/e-arrivato-a-reggio-il-camper-dellascolto\/","url":"https:\/\/progettotouring.it\/radiotouring104\/2025\/10\/11\/e-arrivato-a-reggio-il-camper-dellascolto\/","name":"E' arrivato a Reggio il \"Camper dell\u2019Ascolto\" - Radio Touring 104","isPartOf":{"@id":"https:\/\/progettotouring.it\/radiotouring104\/#website"},"primaryImageOfPage":{"@id":"https:\/\/progettotouring.it\/radiotouring104\/2025\/10\/11\/e-arrivato-a-reggio-il-camper-dellascolto\/#primaryimage"},"image":{"@id":"https:\/\/progettotouring.it\/radiotouring104\/2025\/10\/11\/e-arrivato-a-reggio-il-camper-dellascolto\/#primaryimage"},"thumbnailUrl":"https:\/\/progettotouring.it\/radiotouring104\/wp-content\/uploads\/sites\/6\/2025\/10\/IMMAGINI-X-SITO-2025-10-11T123706.412.jpg","datePublished":"2025-10-11T10:38:26+00:00","description":"Sar\u00e0 presente fino a dicembre in citt\u00e0 con un progetto innovativo di consulenza psicologica itinerante completamente gratuita","breadcrumb":{"@id":"https:\/\/progettotouring.it\/radiotouring104\/2025\/10\/11\/e-arrivato-a-reggio-il-camper-dellascolto\/#breadcrumb"},"inLanguage":"it-IT","potentialAction":[{"@type":"ReadAction","target":["https:\/\/progettotouring.it\/radiotouring104\/2025\/10\/11\/e-arrivato-a-reggio-il-camper-dellascolto\/"]}]},{"@type":"ImageObject","inLanguage":"it-IT","@id":"https:\/\/progettotouring.it\/radiotouring104\/2025\/10\/11\/e-arrivato-a-reggio-il-camper-dellascolto\/#primaryimage","url":"https:\/\/progettotouring.it\/radiotouring104\/wp-content\/uploads\/sites\/6\/2025\/10\/IMMAGINI-X-SITO-2025-10-11T123706.412.jpg","contentUrl":"https:\/\/progettotouring.it\/radiotouring104\/wp-content\/uploads\/sites\/6\/2025\/10\/IMMAGINI-X-SITO-2025-10-11T123706.412.jpg","width":2000,"height":1545},{"@type":"BreadcrumbList","@id":"https:\/\/progettotouring.it\/radiotouring104\/2025\/10\/11\/e-arrivato-a-reggio-il-camper-dellascolto\/#breadcrumb","itemListElement":[{"@type":"ListItem","position":1,"name":"Home","item":"https:\/\/progettotouring.it\/radiotouring104\/"},{"@type":"ListItem","position":2,"name":"E&#8217; arrivato a Reggio il &#8220;Camper dell\u2019Ascolto&#8221;"}]},{"@type":"WebSite","@id":"https:\/\/progettotouring.it\/radiotouring104\/#website","url":"https:\/\/progettotouring.it\/radiotouring104\/","name":"Radio Touring 104","description":"La prima radio Reggina","publisher":{"@id":"https:\/\/progettotouring.it\/radiotouring104\/#organization"},"potentialAction":[{"@type":"SearchAction","target":{"@type":"EntryPoint","urlTemplate":"https:\/\/progettotouring.it\/radiotouring104\/?s={search_term_string}"},"query-input":{"@type":"PropertyValueSpecification","valueRequired":true,"valueName":"search_term_string"}}],"inLanguage":"it-IT"},{"@type":"Organization","@id":"https:\/\/progettotouring.it\/radiotouring104\/#organization","name":"Radio Touring 104","url":"https:\/\/progettotouring.it\/radiotouring104\/","logo":{"@type":"ImageObject","inLanguage":"it-IT","@id":"https:\/\/progettotouring.it\/radiotouring104\/#\/schema\/logo\/image\/","url":"https:\/\/progettotouring.it\/radiotouring104\/wp-content\/uploads\/sites\/6\/2022\/02\/cropped-logo-radio-touring-104.png","contentUrl":"https:\/\/progettotouring.it\/radiotouring104\/wp-content\/uploads\/sites\/6\/2022\/02\/cropped-logo-radio-touring-104.png","width":377,"height":182,"caption":"Radio Touring 104"},"image":{"@id":"https:\/\/progettotouring.it\/radiotouring104\/#\/schema\/logo\/image\/"}},{"@type":"Person","@id":"https:\/\/progettotouring.it\/radiotouring104\/#\/schema\/person\/b9f9c3730b0a78814c9b9f3bfc52c619","name":"S L","image":{"@type":"ImageObject","inLanguage":"it-IT","@id":"https:\/\/secure.gravatar.com\/avatar\/652c51789d7030aaed9ff828331360502a68204fe6fb0831bc280515210e16d2?s=96&d=mm&r=g","url":"https:\/\/secure.gravatar.com\/avatar\/652c51789d7030aaed9ff828331360502a68204fe6fb0831bc280515210e16d2?s=96&d=mm&r=g","contentUrl":"https:\/\/secure.gravatar.com\/avatar\/652c51789d7030aaed9ff828331360502a68204fe6fb0831bc280515210e16d2?s=96&d=mm&r=g","caption":"S L"},"url":"https:\/\/progettotouring.it\/radiotouring104\/author\/slibri\/"}]}},"jetpack_publicize_connections":[],"jetpack_featured_media_url":"https:\/\/progettotouring.it\/radiotouring104\/wp-content\/uploads\/sites\/6\/2025\/10\/IMMAGINI-X-SITO-2025-10-11T123706.412.jpg","jetpack_sharing_enabled":true,"_links":{"self":[{"href":"https:\/\/progettotouring.it\/radiotouring104\/wp-json\/wp\/v2\/posts\/83728","targetHints":{"allow":["GET"]}}],"collection":[{"href":"https:\/\/progettotouring.it\/radiotouring104\/wp-json\/wp\/v2\/posts"}],"about":[{"href":"https:\/\/progettotouring.it\/radiotouring104\/wp-json\/wp\/v2\/types\/post"}],"author":[{"embeddable":true,"href":"https:\/\/progettotouring.it\/radiotouring104\/wp-json\/wp\/v2\/users\/19"}],"replies":[{"embeddable":true,"href":"https:\/\/progettotouring.it\/radiotouring104\/wp-json\/wp\/v2\/comments?post=83728"}],"version-history":[{"count":1,"href":"https:\/\/progettotouring.it\/radiotouring104\/wp-json\/wp\/v2\/posts\/83728\/revisions"}],"predecessor-version":[{"id":83730,"href":"https:\/\/progettotouring.it\/radiotouring104\/wp-json\/wp\/v2\/posts\/83728\/revisions\/83730"}],"wp:featuredmedia":[{"embeddable":true,"href":"https:\/\/progettotouring.it\/radiotouring104\/wp-json\/wp\/v2\/media\/83729"}],"wp:attachment":[{"href":"https:\/\/progettotouring.it\/radiotouring104\/wp-json\/wp\/v2\/media?parent=83728"}],"wp:term":[{"taxonomy":"category","embeddable":true,"href":"https:\/\/progettotouring.it\/radiotouring104\/wp-json\/wp\/v2\/categories?post=83728"},{"taxonomy":"post_tag","embeddable":true,"href":"https:\/\/progettotouring.it\/radiotouring104\/wp-json\/wp\/v2\/tags?post=83728"}],"curies":[{"name":"wp","href":"https:\/\/api.w.org\/{rel}","templated":true}]}}