{"id":83731,"date":"2025-10-11T12:51:56","date_gmt":"2025-10-11T10:51:56","guid":{"rendered":"https:\/\/progettotouring.it\/radiotouring104\/?p=83731"},"modified":"2025-10-11T12:51:56","modified_gmt":"2025-10-11T10:51:56","slug":"il-museo-di-reggio-calabria-sara-piu-green-grazie-a-opere-di-efficientamento-energetico","status":"publish","type":"post","link":"https:\/\/progettotouring.it\/radiotouring104\/2025\/10\/11\/il-museo-di-reggio-calabria-sara-piu-green-grazie-a-opere-di-efficientamento-energetico\/","title":{"rendered":"Il Museo di Reggio Calabria sar\u00e0 pi\u00f9 green grazie a opere di efficientamento energetico"},"content":{"rendered":"<div class=\"h-100 d-flex flex-column container-fluid message-container no-dark-filter pe-3 detail\">\n<div class=\"row message-content\">\n<div class=\"col-12 h-100 d-flex flex-column overflow-y\">\n<div class=\"card\">\n<div class=\"card-body message-content-body pt-0 d-flex flex-column gap-4 margin-left\">\n<div class=\"message-content-body-text overflow-x-scroll\">\n<div class=\"message-content-text\">\n<div>\n<div class=\"xam_msg_class\">\n<div dir=\"ltr\">Nella terrazza di Palazzo Piacentini si \u00e8 svolto l\u2019evento <em>\u201cUna nuova luce per il Museo Archeologico Nazionale\u201d<\/em>, nuovo sistema di illuminazione a tecnologia Led del MArRC, realizzato da City Green Light, grazie ai fondi del PNRR.<\/div>\n<div dir=\"ltr\">Si tratta di un progetto che unisce innovazione, sostenibilit\u00e0 e valorizzazione del patrimonio culturale.<\/div>\n<div dir=\"ltr\">Presenti il direttore del museo Fabrizio Sudano, Anna Briante, assessore comunale con delega all\u2019Istruzione, scuola e universit\u00e0, Christian Valerio Business Unit director Sud Italia per Green city light, il rup Antonino Giordano, in collegamento dal Ministero della Cultura, Stefania Sacripanti, con la moderazione affidata a Marco Innocente Furina, giornalista Rai Calabria.<br \/>\nCos\u00ec l\u2019assessore Briante: <em>\u00abLa citt\u00e0 cerca di correre, non sempre \u00e8 facile, per\u00f2 c\u2019\u00e8 la volont\u00e0 di farla arrivare in ambiti sempre pi\u00f9 elevati. Il Museo di Reggio rappresenta la citt\u00e0, quindi la giornata di oggi per l\u2019Amministrazione comunale \u00e8 un grande orgoglio. La gestione del direttore Sudano ha reso il museo una parte integrante della citt\u00e0, poich\u00e9 ha aperto questa preziosa struttura all\u2019avanguardia a tutti i cittadini, alle associazioni, al mondo culturale, a quello imprenditoriale che fanno riferimento al museo per le attivit\u00e0 principali. L\u2019intervento che \u00e8 stato fatto, rispetto a tante attivit\u00e0 del Pnrr, \u00e8 eccellente perch\u00e9 viene fuori da un\u2019attivit\u00e0 condivisa. L\u2019efficientamento avvantaggia la fruizione di questo edificio. Ogni intervento, soprattutto quelli finanziati dal Pnrr, \u00e8 tanto importante quanto pi\u00f9 lascia un segno per il futuro<\/em>\u00bb.<br \/>\n\u00ab<em>Oggi compiamo un grande passo verso il futuro<\/em> \u2013 ha aggiunto Sudano &#8211; <em>grazie a un utilizzo consapevole e mirato delle risorse che ci hanno permesso di rendere il museo pi\u00f9 efficiente dal punto di vista energetico. Questo lavoro, durato diversi mesi, ci sta gi\u00e0 dando soddisfazione. L\u2019intervento contribuir\u00e0 a valorizzare il patrimonio archeologico del Museo di Reggio Calabria, assicurando allo stesso tempo un risparmio energetico stimato del 63% e una riduzione di circa 20 tonnellate di CO\u2082 all\u2019anno\u00bb.<\/em><\/div>\n<\/div>\n<\/div>\n<\/div>\n<\/div>\n<\/div>\n<div class=\"card-footer message-content-footer pb-3 sticky-bottom z-3 margin-left\">\n<div class=\"aru-button-group\" role=\"group\">\n<div class=\"top-text\">\n<div class=\"aru-button__inner aru-button__inner--md\n\n               \"><\/p>\n<div class=\"aru-button__content aru-button__content--start\"><\/div>\n<\/div>\n<\/div>\n<div class=\"top-text\">\n<div class=\"aru-button__inner aru-button__inner--md\n\n               \"><\/p>\n<div class=\"aru-button__content aru-button__content--start\"><\/div>\n<\/div>\n<\/div>\n<div class=\"top-text\">\n<div class=\"aru-button__inner aru-button__inner--md\n\n               \"><\/p>\n<div class=\"aru-button__content aru-button__content--start\"><\/div>\n<\/div>\n<\/div>\n<\/div>\n<\/div>\n<\/div>\n<\/div>\n<\/div>\n<\/div>\n<div class=\"aru-sheet-modal\">\n<div id=\"sheet\" class=\"sheet\" aria-hidden=\"true\">\n<div class=\"contents\">\n<div class=\"header\">\n<div class=\"drag-bar\"><\/div>\n<div class=\"actions\">\n<div class=\"left\">\n<div class=\"top-text\">\n<div class=\"aru-button__inner aru-button__inner--md\n\n               \"><\/div>\n<\/div>\n<\/div>\n<div class=\"center\">\n<div class=\"modal-sheet-header\">\n<div><\/div>\n<\/div>\n<\/div>\n<div class=\"right\">\n<div class=\"top-text\">\n<div class=\"aru-button__inner aru-button__inner--md\n\n               \"><\/div>\n<\/div>\n<\/div>\n<\/div>\n<\/div>\n<div class=\"body\">\n<div class=\"sheet-start\">\n<div class=\"modal-sheet-body\">\n<div>\n<div class=\"action-group-body d-flex flex-column gap-1 justify-content-center align-content-center\">\n<div class=\"level-one\">\n<div class=\"aru-button-menu__noDropdown left w-100 \">\n<div class=\"top-text\">\n<div class=\"aru-button__inner aru-button__inner--md\n\n               \"><\/p>\n<div class=\"aru-button__content aru-button__content--start\"><\/div>\n<div class=\"\n          aru-button__content aru-button__content--center \n\n          \"><\/div>\n<\/div>\n<\/div>\n<\/div>\n<div class=\"aru-button-menu__noDropdown left w-100 \">\n<div class=\"top-text\">\n<div class=\"aru-button__inner aru-button__inner--md\n\n               \"><\/p>\n<div class=\"\n          aru-button__content aru-button__content--center \n\n          \"><\/div>\n<\/div>\n<\/div>\n<\/div>\n<div class=\"aru-button-menu__noDropdown left w-100 \">\n<div class=\"top-text\">\n<div class=\"aru-button__inner aru-button__inner--md\n\n               \"><\/p>\n<div class=\"\n          aru-button__content aru-button__content--center \n\n          \"><\/div>\n<\/div>\n<\/div>\n<\/div>\n<\/div>\n<\/div>\n<\/div>\n<\/div>\n<\/div>\n<\/div>\n<div class=\"footer\"><\/div>\n<\/div>\n<\/div>\n<\/div>\n<div class=\"as-split-gutter\" role=\"separator\"><\/div>\n","protected":false},"excerpt":{"rendered":"<p>Nella terrazza di Palazzo Piacentini si \u00e8 svolto l\u2019evento \u201cUna nuova luce per il Museo Archeologico Nazionale\u201d, nuovo sistema di illuminazione a tecnologia Led del MArRC, realizzato da City Green&hellip;<\/p>\n","protected":false},"author":19,"featured_media":83732,"comment_status":"closed","ping_status":"open","sticky":false,"template":"","format":"standard","meta":{"_jetpack_memberships_contains_paid_content":false,"footnotes":"","jetpack_publicize_message":"","jetpack_publicize_feature_enabled":true,"jetpack_social_post_already_shared":true,"jetpack_social_options":{"image_generator_settings":{"template":"highway","default_image_id":0,"font":"","enabled":false},"version":2}},"categories":[921,196,140],"tags":[],"class_list":["post-83731","post","type-post","status-publish","format-standard","has-post-thumbnail","hentry","category-home","category-news","category-reggio-calabria"],"yoast_head":"<!-- This site is optimized with the Yoast SEO plugin v27.2 - https:\/\/yoast.com\/product\/yoast-seo-wordpress\/ -->\n<title>Il Museo di Reggio Calabria sar\u00e0 pi\u00f9 green grazie a opere di efficientamento energetico - Radio Touring 104<\/title>\n<meta name=\"description\" content=\"Sudano: &quot;L\u2019intervento contribuir\u00e0 a valorizzare il patrimonio archeologico del Museo, assicurando un risparmio energetico stimato del 63% e una riduzione di circa 20 tonnellate di CO\u2082 all\u2019anno&quot;\" \/>\n<meta name=\"robots\" content=\"index, follow, max-snippet:-1, max-image-preview:large, max-video-preview:-1\" \/>\n<link rel=\"canonical\" href=\"https:\/\/progettotouring.it\/radiotouring104\/2025\/10\/11\/il-museo-di-reggio-calabria-sara-piu-green-grazie-a-opere-di-efficientamento-energetico\/\" \/>\n<meta property=\"og:locale\" content=\"it_IT\" \/>\n<meta property=\"og:type\" content=\"article\" \/>\n<meta property=\"og:title\" content=\"Il Museo di Reggio Calabria sar\u00e0 pi\u00f9 green grazie a opere di efficientamento energetico - Radio Touring 104\" \/>\n<meta property=\"og:description\" content=\"Sudano: &quot;L\u2019intervento contribuir\u00e0 a valorizzare il patrimonio archeologico del Museo, assicurando un risparmio energetico stimato del 63% e una riduzione di circa 20 tonnellate di CO\u2082 all\u2019anno&quot;\" \/>\n<meta property=\"og:url\" content=\"https:\/\/progettotouring.it\/radiotouring104\/2025\/10\/11\/il-museo-di-reggio-calabria-sara-piu-green-grazie-a-opere-di-efficientamento-energetico\/\" \/>\n<meta property=\"og:site_name\" content=\"Radio Touring 104\" \/>\n<meta property=\"article:published_time\" content=\"2025-10-11T10:51:56+00:00\" \/>\n<meta property=\"og:image\" content=\"https:\/\/progettotouring.it\/radiotouring104\/wp-content\/uploads\/sites\/6\/2025\/10\/IMMAGINI-X-SITO-2025-10-11T125046.811.jpg\" \/>\n\t<meta property=\"og:image:width\" content=\"2000\" \/>\n\t<meta property=\"og:image:height\" content=\"1545\" \/>\n\t<meta property=\"og:image:type\" content=\"image\/jpeg\" \/>\n<meta name=\"author\" content=\"S L\" \/>\n<meta name=\"twitter:card\" content=\"summary_large_image\" \/>\n<meta name=\"twitter:label1\" content=\"Scritto da\" \/>\n\t<meta name=\"twitter:data1\" content=\"S L\" \/>\n\t<meta name=\"twitter:label2\" content=\"Tempo di lettura stimato\" \/>\n\t<meta name=\"twitter:data2\" content=\"2 minuti\" \/>\n<script type=\"application\/ld+json\" class=\"yoast-schema-graph\">{\"@context\":\"https:\/\/schema.org\",\"@graph\":[{\"@type\":\"Article\",\"@id\":\"https:\/\/progettotouring.it\/radiotouring104\/2025\/10\/11\/il-museo-di-reggio-calabria-sara-piu-green-grazie-a-opere-di-efficientamento-energetico\/#article\",\"isPartOf\":{\"@id\":\"https:\/\/progettotouring.it\/radiotouring104\/2025\/10\/11\/il-museo-di-reggio-calabria-sara-piu-green-grazie-a-opere-di-efficientamento-energetico\/\"},\"author\":{\"name\":\"S L\",\"@id\":\"https:\/\/progettotouring.it\/radiotouring104\/#\/schema\/person\/b9f9c3730b0a78814c9b9f3bfc52c619\"},\"headline\":\"Il Museo di Reggio Calabria sar\u00e0 pi\u00f9 green grazie a opere di efficientamento energetico\",\"datePublished\":\"2025-10-11T10:51:56+00:00\",\"mainEntityOfPage\":{\"@id\":\"https:\/\/progettotouring.it\/radiotouring104\/2025\/10\/11\/il-museo-di-reggio-calabria-sara-piu-green-grazie-a-opere-di-efficientamento-energetico\/\"},\"wordCount\":324,\"publisher\":{\"@id\":\"https:\/\/progettotouring.it\/radiotouring104\/#organization\"},\"image\":{\"@id\":\"https:\/\/progettotouring.it\/radiotouring104\/2025\/10\/11\/il-museo-di-reggio-calabria-sara-piu-green-grazie-a-opere-di-efficientamento-energetico\/#primaryimage\"},\"thumbnailUrl\":\"https:\/\/progettotouring.it\/radiotouring104\/wp-content\/uploads\/sites\/6\/2025\/10\/IMMAGINI-X-SITO-2025-10-11T125046.811.jpg\",\"articleSection\":[\"Home\",\"News\",\"Reggio Calabria\"],\"inLanguage\":\"it-IT\"},{\"@type\":\"WebPage\",\"@id\":\"https:\/\/progettotouring.it\/radiotouring104\/2025\/10\/11\/il-museo-di-reggio-calabria-sara-piu-green-grazie-a-opere-di-efficientamento-energetico\/\",\"url\":\"https:\/\/progettotouring.it\/radiotouring104\/2025\/10\/11\/il-museo-di-reggio-calabria-sara-piu-green-grazie-a-opere-di-efficientamento-energetico\/\",\"name\":\"Il Museo di Reggio Calabria sar\u00e0 pi\u00f9 green grazie a opere di efficientamento energetico - Radio Touring 104\",\"isPartOf\":{\"@id\":\"https:\/\/progettotouring.it\/radiotouring104\/#website\"},\"primaryImageOfPage\":{\"@id\":\"https:\/\/progettotouring.it\/radiotouring104\/2025\/10\/11\/il-museo-di-reggio-calabria-sara-piu-green-grazie-a-opere-di-efficientamento-energetico\/#primaryimage\"},\"image\":{\"@id\":\"https:\/\/progettotouring.it\/radiotouring104\/2025\/10\/11\/il-museo-di-reggio-calabria-sara-piu-green-grazie-a-opere-di-efficientamento-energetico\/#primaryimage\"},\"thumbnailUrl\":\"https:\/\/progettotouring.it\/radiotouring104\/wp-content\/uploads\/sites\/6\/2025\/10\/IMMAGINI-X-SITO-2025-10-11T125046.811.jpg\",\"datePublished\":\"2025-10-11T10:51:56+00:00\",\"description\":\"Sudano: \\\"L\u2019intervento contribuir\u00e0 a valorizzare il patrimonio archeologico del Museo, assicurando un risparmio energetico stimato del 63% e una riduzione di circa 20 tonnellate di CO\u2082 all\u2019anno\\\"\",\"breadcrumb\":{\"@id\":\"https:\/\/progettotouring.it\/radiotouring104\/2025\/10\/11\/il-museo-di-reggio-calabria-sara-piu-green-grazie-a-opere-di-efficientamento-energetico\/#breadcrumb\"},\"inLanguage\":\"it-IT\",\"potentialAction\":[{\"@type\":\"ReadAction\",\"target\":[\"https:\/\/progettotouring.it\/radiotouring104\/2025\/10\/11\/il-museo-di-reggio-calabria-sara-piu-green-grazie-a-opere-di-efficientamento-energetico\/\"]}]},{\"@type\":\"ImageObject\",\"inLanguage\":\"it-IT\",\"@id\":\"https:\/\/progettotouring.it\/radiotouring104\/2025\/10\/11\/il-museo-di-reggio-calabria-sara-piu-green-grazie-a-opere-di-efficientamento-energetico\/#primaryimage\",\"url\":\"https:\/\/progettotouring.it\/radiotouring104\/wp-content\/uploads\/sites\/6\/2025\/10\/IMMAGINI-X-SITO-2025-10-11T125046.811.jpg\",\"contentUrl\":\"https:\/\/progettotouring.it\/radiotouring104\/wp-content\/uploads\/sites\/6\/2025\/10\/IMMAGINI-X-SITO-2025-10-11T125046.811.jpg\",\"width\":2000,\"height\":1545},{\"@type\":\"BreadcrumbList\",\"@id\":\"https:\/\/progettotouring.it\/radiotouring104\/2025\/10\/11\/il-museo-di-reggio-calabria-sara-piu-green-grazie-a-opere-di-efficientamento-energetico\/#breadcrumb\",\"itemListElement\":[{\"@type\":\"ListItem\",\"position\":1,\"name\":\"Home\",\"item\":\"https:\/\/progettotouring.it\/radiotouring104\/\"},{\"@type\":\"ListItem\",\"position\":2,\"name\":\"Il Museo di Reggio Calabria sar\u00e0 pi\u00f9 green grazie a opere di efficientamento energetico\"}]},{\"@type\":\"WebSite\",\"@id\":\"https:\/\/progettotouring.it\/radiotouring104\/#website\",\"url\":\"https:\/\/progettotouring.it\/radiotouring104\/\",\"name\":\"Radio Touring 104\",\"description\":\"La prima radio Reggina\",\"publisher\":{\"@id\":\"https:\/\/progettotouring.it\/radiotouring104\/#organization\"},\"potentialAction\":[{\"@type\":\"SearchAction\",\"target\":{\"@type\":\"EntryPoint\",\"urlTemplate\":\"https:\/\/progettotouring.it\/radiotouring104\/?s={search_term_string}\"},\"query-input\":{\"@type\":\"PropertyValueSpecification\",\"valueRequired\":true,\"valueName\":\"search_term_string\"}}],\"inLanguage\":\"it-IT\"},{\"@type\":\"Organization\",\"@id\":\"https:\/\/progettotouring.it\/radiotouring104\/#organization\",\"name\":\"Radio Touring 104\",\"url\":\"https:\/\/progettotouring.it\/radiotouring104\/\",\"logo\":{\"@type\":\"ImageObject\",\"inLanguage\":\"it-IT\",\"@id\":\"https:\/\/progettotouring.it\/radiotouring104\/#\/schema\/logo\/image\/\",\"url\":\"https:\/\/progettotouring.it\/radiotouring104\/wp-content\/uploads\/sites\/6\/2022\/02\/cropped-logo-radio-touring-104.png\",\"contentUrl\":\"https:\/\/progettotouring.it\/radiotouring104\/wp-content\/uploads\/sites\/6\/2022\/02\/cropped-logo-radio-touring-104.png\",\"width\":377,\"height\":182,\"caption\":\"Radio Touring 104\"},\"image\":{\"@id\":\"https:\/\/progettotouring.it\/radiotouring104\/#\/schema\/logo\/image\/\"}},{\"@type\":\"Person\",\"@id\":\"https:\/\/progettotouring.it\/radiotouring104\/#\/schema\/person\/b9f9c3730b0a78814c9b9f3bfc52c619\",\"name\":\"S L\",\"image\":{\"@type\":\"ImageObject\",\"inLanguage\":\"it-IT\",\"@id\":\"https:\/\/secure.gravatar.com\/avatar\/652c51789d7030aaed9ff828331360502a68204fe6fb0831bc280515210e16d2?s=96&d=mm&r=g\",\"url\":\"https:\/\/secure.gravatar.com\/avatar\/652c51789d7030aaed9ff828331360502a68204fe6fb0831bc280515210e16d2?s=96&d=mm&r=g\",\"contentUrl\":\"https:\/\/secure.gravatar.com\/avatar\/652c51789d7030aaed9ff828331360502a68204fe6fb0831bc280515210e16d2?s=96&d=mm&r=g\",\"caption\":\"S L\"},\"url\":\"https:\/\/progettotouring.it\/radiotouring104\/author\/slibri\/\"}]}<\/script>\n<!-- \/ Yoast SEO plugin. -->","yoast_head_json":{"title":"Il Museo di Reggio Calabria sar\u00e0 pi\u00f9 green grazie a opere di efficientamento energetico - Radio Touring 104","description":"Sudano: \"L\u2019intervento contribuir\u00e0 a valorizzare il patrimonio archeologico del Museo, assicurando un risparmio energetico stimato del 63% e una riduzione di circa 20 tonnellate di CO\u2082 all\u2019anno\"","robots":{"index":"index","follow":"follow","max-snippet":"max-snippet:-1","max-image-preview":"max-image-preview:large","max-video-preview":"max-video-preview:-1"},"canonical":"https:\/\/progettotouring.it\/radiotouring104\/2025\/10\/11\/il-museo-di-reggio-calabria-sara-piu-green-grazie-a-opere-di-efficientamento-energetico\/","og_locale":"it_IT","og_type":"article","og_title":"Il Museo di Reggio Calabria sar\u00e0 pi\u00f9 green grazie a opere di efficientamento energetico - Radio Touring 104","og_description":"Sudano: \"L\u2019intervento contribuir\u00e0 a valorizzare il patrimonio archeologico del Museo, assicurando un risparmio energetico stimato del 63% e una riduzione di circa 20 tonnellate di CO\u2082 all\u2019anno\"","og_url":"https:\/\/progettotouring.it\/radiotouring104\/2025\/10\/11\/il-museo-di-reggio-calabria-sara-piu-green-grazie-a-opere-di-efficientamento-energetico\/","og_site_name":"Radio Touring 104","article_published_time":"2025-10-11T10:51:56+00:00","og_image":[{"width":2000,"height":1545,"url":"https:\/\/progettotouring.it\/radiotouring104\/wp-content\/uploads\/sites\/6\/2025\/10\/IMMAGINI-X-SITO-2025-10-11T125046.811.jpg","type":"image\/jpeg"}],"author":"S L","twitter_card":"summary_large_image","twitter_misc":{"Scritto da":"S L","Tempo di lettura stimato":"2 minuti"},"schema":{"@context":"https:\/\/schema.org","@graph":[{"@type":"Article","@id":"https:\/\/progettotouring.it\/radiotouring104\/2025\/10\/11\/il-museo-di-reggio-calabria-sara-piu-green-grazie-a-opere-di-efficientamento-energetico\/#article","isPartOf":{"@id":"https:\/\/progettotouring.it\/radiotouring104\/2025\/10\/11\/il-museo-di-reggio-calabria-sara-piu-green-grazie-a-opere-di-efficientamento-energetico\/"},"author":{"name":"S L","@id":"https:\/\/progettotouring.it\/radiotouring104\/#\/schema\/person\/b9f9c3730b0a78814c9b9f3bfc52c619"},"headline":"Il Museo di Reggio Calabria sar\u00e0 pi\u00f9 green grazie a opere di efficientamento energetico","datePublished":"2025-10-11T10:51:56+00:00","mainEntityOfPage":{"@id":"https:\/\/progettotouring.it\/radiotouring104\/2025\/10\/11\/il-museo-di-reggio-calabria-sara-piu-green-grazie-a-opere-di-efficientamento-energetico\/"},"wordCount":324,"publisher":{"@id":"https:\/\/progettotouring.it\/radiotouring104\/#organization"},"image":{"@id":"https:\/\/progettotouring.it\/radiotouring104\/2025\/10\/11\/il-museo-di-reggio-calabria-sara-piu-green-grazie-a-opere-di-efficientamento-energetico\/#primaryimage"},"thumbnailUrl":"https:\/\/progettotouring.it\/radiotouring104\/wp-content\/uploads\/sites\/6\/2025\/10\/IMMAGINI-X-SITO-2025-10-11T125046.811.jpg","articleSection":["Home","News","Reggio Calabria"],"inLanguage":"it-IT"},{"@type":"WebPage","@id":"https:\/\/progettotouring.it\/radiotouring104\/2025\/10\/11\/il-museo-di-reggio-calabria-sara-piu-green-grazie-a-opere-di-efficientamento-energetico\/","url":"https:\/\/progettotouring.it\/radiotouring104\/2025\/10\/11\/il-museo-di-reggio-calabria-sara-piu-green-grazie-a-opere-di-efficientamento-energetico\/","name":"Il Museo di Reggio Calabria sar\u00e0 pi\u00f9 green grazie a opere di efficientamento energetico - Radio Touring 104","isPartOf":{"@id":"https:\/\/progettotouring.it\/radiotouring104\/#website"},"primaryImageOfPage":{"@id":"https:\/\/progettotouring.it\/radiotouring104\/2025\/10\/11\/il-museo-di-reggio-calabria-sara-piu-green-grazie-a-opere-di-efficientamento-energetico\/#primaryimage"},"image":{"@id":"https:\/\/progettotouring.it\/radiotouring104\/2025\/10\/11\/il-museo-di-reggio-calabria-sara-piu-green-grazie-a-opere-di-efficientamento-energetico\/#primaryimage"},"thumbnailUrl":"https:\/\/progettotouring.it\/radiotouring104\/wp-content\/uploads\/sites\/6\/2025\/10\/IMMAGINI-X-SITO-2025-10-11T125046.811.jpg","datePublished":"2025-10-11T10:51:56+00:00","description":"Sudano: \"L\u2019intervento contribuir\u00e0 a valorizzare il patrimonio archeologico del Museo, assicurando un risparmio energetico stimato del 63% e una riduzione di circa 20 tonnellate di CO\u2082 all\u2019anno\"","breadcrumb":{"@id":"https:\/\/progettotouring.it\/radiotouring104\/2025\/10\/11\/il-museo-di-reggio-calabria-sara-piu-green-grazie-a-opere-di-efficientamento-energetico\/#breadcrumb"},"inLanguage":"it-IT","potentialAction":[{"@type":"ReadAction","target":["https:\/\/progettotouring.it\/radiotouring104\/2025\/10\/11\/il-museo-di-reggio-calabria-sara-piu-green-grazie-a-opere-di-efficientamento-energetico\/"]}]},{"@type":"ImageObject","inLanguage":"it-IT","@id":"https:\/\/progettotouring.it\/radiotouring104\/2025\/10\/11\/il-museo-di-reggio-calabria-sara-piu-green-grazie-a-opere-di-efficientamento-energetico\/#primaryimage","url":"https:\/\/progettotouring.it\/radiotouring104\/wp-content\/uploads\/sites\/6\/2025\/10\/IMMAGINI-X-SITO-2025-10-11T125046.811.jpg","contentUrl":"https:\/\/progettotouring.it\/radiotouring104\/wp-content\/uploads\/sites\/6\/2025\/10\/IMMAGINI-X-SITO-2025-10-11T125046.811.jpg","width":2000,"height":1545},{"@type":"BreadcrumbList","@id":"https:\/\/progettotouring.it\/radiotouring104\/2025\/10\/11\/il-museo-di-reggio-calabria-sara-piu-green-grazie-a-opere-di-efficientamento-energetico\/#breadcrumb","itemListElement":[{"@type":"ListItem","position":1,"name":"Home","item":"https:\/\/progettotouring.it\/radiotouring104\/"},{"@type":"ListItem","position":2,"name":"Il Museo di Reggio Calabria sar\u00e0 pi\u00f9 green grazie a opere di efficientamento energetico"}]},{"@type":"WebSite","@id":"https:\/\/progettotouring.it\/radiotouring104\/#website","url":"https:\/\/progettotouring.it\/radiotouring104\/","name":"Radio Touring 104","description":"La prima radio Reggina","publisher":{"@id":"https:\/\/progettotouring.it\/radiotouring104\/#organization"},"potentialAction":[{"@type":"SearchAction","target":{"@type":"EntryPoint","urlTemplate":"https:\/\/progettotouring.it\/radiotouring104\/?s={search_term_string}"},"query-input":{"@type":"PropertyValueSpecification","valueRequired":true,"valueName":"search_term_string"}}],"inLanguage":"it-IT"},{"@type":"Organization","@id":"https:\/\/progettotouring.it\/radiotouring104\/#organization","name":"Radio Touring 104","url":"https:\/\/progettotouring.it\/radiotouring104\/","logo":{"@type":"ImageObject","inLanguage":"it-IT","@id":"https:\/\/progettotouring.it\/radiotouring104\/#\/schema\/logo\/image\/","url":"https:\/\/progettotouring.it\/radiotouring104\/wp-content\/uploads\/sites\/6\/2022\/02\/cropped-logo-radio-touring-104.png","contentUrl":"https:\/\/progettotouring.it\/radiotouring104\/wp-content\/uploads\/sites\/6\/2022\/02\/cropped-logo-radio-touring-104.png","width":377,"height":182,"caption":"Radio Touring 104"},"image":{"@id":"https:\/\/progettotouring.it\/radiotouring104\/#\/schema\/logo\/image\/"}},{"@type":"Person","@id":"https:\/\/progettotouring.it\/radiotouring104\/#\/schema\/person\/b9f9c3730b0a78814c9b9f3bfc52c619","name":"S L","image":{"@type":"ImageObject","inLanguage":"it-IT","@id":"https:\/\/secure.gravatar.com\/avatar\/652c51789d7030aaed9ff828331360502a68204fe6fb0831bc280515210e16d2?s=96&d=mm&r=g","url":"https:\/\/secure.gravatar.com\/avatar\/652c51789d7030aaed9ff828331360502a68204fe6fb0831bc280515210e16d2?s=96&d=mm&r=g","contentUrl":"https:\/\/secure.gravatar.com\/avatar\/652c51789d7030aaed9ff828331360502a68204fe6fb0831bc280515210e16d2?s=96&d=mm&r=g","caption":"S L"},"url":"https:\/\/progettotouring.it\/radiotouring104\/author\/slibri\/"}]}},"jetpack_publicize_connections":[],"jetpack_featured_media_url":"https:\/\/progettotouring.it\/radiotouring104\/wp-content\/uploads\/sites\/6\/2025\/10\/IMMAGINI-X-SITO-2025-10-11T125046.811.jpg","jetpack_sharing_enabled":true,"_links":{"self":[{"href":"https:\/\/progettotouring.it\/radiotouring104\/wp-json\/wp\/v2\/posts\/83731","targetHints":{"allow":["GET"]}}],"collection":[{"href":"https:\/\/progettotouring.it\/radiotouring104\/wp-json\/wp\/v2\/posts"}],"about":[{"href":"https:\/\/progettotouring.it\/radiotouring104\/wp-json\/wp\/v2\/types\/post"}],"author":[{"embeddable":true,"href":"https:\/\/progettotouring.it\/radiotouring104\/wp-json\/wp\/v2\/users\/19"}],"replies":[{"embeddable":true,"href":"https:\/\/progettotouring.it\/radiotouring104\/wp-json\/wp\/v2\/comments?post=83731"}],"version-history":[{"count":1,"href":"https:\/\/progettotouring.it\/radiotouring104\/wp-json\/wp\/v2\/posts\/83731\/revisions"}],"predecessor-version":[{"id":83733,"href":"https:\/\/progettotouring.it\/radiotouring104\/wp-json\/wp\/v2\/posts\/83731\/revisions\/83733"}],"wp:featuredmedia":[{"embeddable":true,"href":"https:\/\/progettotouring.it\/radiotouring104\/wp-json\/wp\/v2\/media\/83732"}],"wp:attachment":[{"href":"https:\/\/progettotouring.it\/radiotouring104\/wp-json\/wp\/v2\/media?parent=83731"}],"wp:term":[{"taxonomy":"category","embeddable":true,"href":"https:\/\/progettotouring.it\/radiotouring104\/wp-json\/wp\/v2\/categories?post=83731"},{"taxonomy":"post_tag","embeddable":true,"href":"https:\/\/progettotouring.it\/radiotouring104\/wp-json\/wp\/v2\/tags?post=83731"}],"curies":[{"name":"wp","href":"https:\/\/api.w.org\/{rel}","templated":true}]}}