{"id":83740,"date":"2025-10-11T14:11:04","date_gmt":"2025-10-11T12:11:04","guid":{"rendered":"https:\/\/progettotouring.it\/radiotouring104\/?p=83740"},"modified":"2025-10-11T14:11:04","modified_gmt":"2025-10-11T12:11:04","slug":"onda-orange-domenica-liniziativa-la-citta-dei-beni-comuni","status":"publish","type":"post","link":"https:\/\/progettotouring.it\/radiotouring104\/2025\/10\/11\/onda-orange-domenica-liniziativa-la-citta-dei-beni-comuni\/","title":{"rendered":"Onda Orange: domenica l\u2019iniziativa \u201cLa citt\u00e0 dei beni comuni\u201d"},"content":{"rendered":"<div class=\"h-100 d-flex flex-column container-fluid message-container no-dark-filter pe-3 detail\">\n<div class=\"row message-content\">\n<div class=\"col-12 h-100 d-flex flex-column overflow-y\">\n<div class=\"card\">\n<div class=\"card-body message-content-body pt-0 d-flex flex-column gap-4 margin-left\">\n<div class=\"message-content-body-text overflow-x-scroll\">\n<div class=\"message-content-text\">\n<div>\n<div class=\"xam_msg_class\">\n<div dir=\"ltr\">Domenica 26 ottobre,\u00a0 a partire dalle 10.00,\u00a0 si terr\u00e0 in piazza Orange l\u2019iniziativa<em> \u201cLa citt\u00e0 dei beni comuni\u201d, <\/em>\u201claboratorio\u201d di idee, promosso da Onda Orange, rivolto a tutti i cittadini reggini.<\/p>\n<p>L\u2019obiettivo \u00e8 quello di diventare un laboratorio di condivisione di idee, sogni e proposte dei cittadini per costruire la visione di una citt\u00e0 pi\u00f9 sostenibile, accessibile, verde e vivace dal punto di vista economico e sociale, includendo il punto di vista di tutti: adulti, bambini e persone con fragilit\u00e0.<br \/>\nI tavoli tematici che animeranno il confronto saranno cinque:<\/p>\n<p>-La citt\u00e0 dei diritti. Un modello che mette al centro la tutela e l\u2019espansione dei diritti umani in ambiente urbano.<\/p>\n<p>-La citt\u00e0 accessibile. Il panel affronta il tema della vivibilit\u00e0 urbana partendo dal concetto di citt\u00e0 senza auto come occasione per creare spazi pi\u00f9 sicuri, sociali e attrattivi.<\/p>\n<p>-La citt\u00e0 del verde. Il focus sar\u00e0 sul verde urbano e periurbano immaginando come possano diventare un\u2019infrastruttura fondamentale per il benessere e la resilienza della citt\u00e0.<\/p>\n<p>-La citt\u00e0 della mobilit\u00e0 sostenibile. Qui si affronteranno le strategie per una mobilit\u00e0 urbana pi\u00f9 sostenibile, tra biciclette, pedonalit\u00e0, mezzi pubblici e intermodalit\u00e0.<\/p>\n<p>-La citt\u00e0 circolare. Un modello capace di unire sostenibilit\u00e0 ambientale e sviluppo economico.<\/p>\n<p>Anche i pi\u00f9 piccoli avranno modo di esprimersi e confrontarsi sulla loro citt\u00e0 del domani con un laboratorio dedicato.<\/p><\/div>\n<\/div>\n<\/div>\n<\/div>\n<\/div>\n<\/div>\n<\/div>\n<\/div>\n<\/div>\n<\/div>\n","protected":false},"excerpt":{"rendered":"<p>Domenica 26 ottobre,\u00a0 a partire dalle 10.00,\u00a0 si terr\u00e0 in piazza Orange l\u2019iniziativa \u201cLa citt\u00e0 dei beni comuni\u201d, \u201claboratorio\u201d di idee, promosso da Onda Orange, rivolto a tutti i cittadini&hellip;<\/p>\n","protected":false},"author":19,"featured_media":83741,"comment_status":"closed","ping_status":"open","sticky":false,"template":"","format":"standard","meta":{"_jetpack_memberships_contains_paid_content":false,"footnotes":"","jetpack_publicize_message":"","jetpack_publicize_feature_enabled":true,"jetpack_social_post_already_shared":true,"jetpack_social_options":{"image_generator_settings":{"template":"highway","default_image_id":0,"font":"","enabled":false},"version":2}},"categories":[921,196,140],"tags":[],"class_list":["post-83740","post","type-post","status-publish","format-standard","has-post-thumbnail","hentry","category-home","category-news","category-reggio-calabria"],"yoast_head":"<!-- This site is optimized with the Yoast SEO plugin v27.2 - https:\/\/yoast.com\/product\/yoast-seo-wordpress\/ -->\n<title>Onda Orange: domenica l\u2019iniziativa \u201cLa citt\u00e0 dei beni comuni\u201d - Radio Touring 104<\/title>\n<meta name=\"description\" content=\"A partire dalle ore 10.00 in piazza Orange il \u201claboratorio\u201d di idee aperto a tutti i cittadini\" \/>\n<meta name=\"robots\" content=\"index, follow, max-snippet:-1, max-image-preview:large, max-video-preview:-1\" \/>\n<link rel=\"canonical\" href=\"https:\/\/progettotouring.it\/radiotouring104\/2025\/10\/11\/onda-orange-domenica-liniziativa-la-citta-dei-beni-comuni\/\" \/>\n<meta property=\"og:locale\" content=\"it_IT\" \/>\n<meta property=\"og:type\" content=\"article\" \/>\n<meta property=\"og:title\" content=\"Onda Orange: domenica l\u2019iniziativa \u201cLa citt\u00e0 dei beni comuni\u201d - Radio Touring 104\" \/>\n<meta property=\"og:description\" content=\"A partire dalle ore 10.00 in piazza Orange il \u201claboratorio\u201d di idee aperto a tutti i cittadini\" \/>\n<meta property=\"og:url\" content=\"https:\/\/progettotouring.it\/radiotouring104\/2025\/10\/11\/onda-orange-domenica-liniziativa-la-citta-dei-beni-comuni\/\" \/>\n<meta property=\"og:site_name\" content=\"Radio Touring 104\" \/>\n<meta property=\"article:published_time\" content=\"2025-10-11T12:11:04+00:00\" \/>\n<meta property=\"og:image\" content=\"https:\/\/progettotouring.it\/radiotouring104\/wp-content\/uploads\/sites\/6\/2025\/10\/IMMAGINI-X-SITO-2025-10-11T141021.244.jpg\" \/>\n\t<meta property=\"og:image:width\" content=\"2000\" \/>\n\t<meta property=\"og:image:height\" content=\"1545\" \/>\n\t<meta property=\"og:image:type\" content=\"image\/jpeg\" \/>\n<meta name=\"author\" content=\"S L\" \/>\n<meta name=\"twitter:card\" content=\"summary_large_image\" \/>\n<meta name=\"twitter:label1\" content=\"Scritto da\" \/>\n\t<meta name=\"twitter:data1\" content=\"S L\" \/>\n\t<meta name=\"twitter:label2\" content=\"Tempo di lettura stimato\" \/>\n\t<meta name=\"twitter:data2\" content=\"1 minuto\" \/>\n<script type=\"application\/ld+json\" class=\"yoast-schema-graph\">{\"@context\":\"https:\/\/schema.org\",\"@graph\":[{\"@type\":\"Article\",\"@id\":\"https:\/\/progettotouring.it\/radiotouring104\/2025\/10\/11\/onda-orange-domenica-liniziativa-la-citta-dei-beni-comuni\/#article\",\"isPartOf\":{\"@id\":\"https:\/\/progettotouring.it\/radiotouring104\/2025\/10\/11\/onda-orange-domenica-liniziativa-la-citta-dei-beni-comuni\/\"},\"author\":{\"name\":\"S L\",\"@id\":\"https:\/\/progettotouring.it\/radiotouring104\/#\/schema\/person\/b9f9c3730b0a78814c9b9f3bfc52c619\"},\"headline\":\"Onda Orange: domenica l\u2019iniziativa \u201cLa citt\u00e0 dei beni comuni\u201d\",\"datePublished\":\"2025-10-11T12:11:04+00:00\",\"mainEntityOfPage\":{\"@id\":\"https:\/\/progettotouring.it\/radiotouring104\/2025\/10\/11\/onda-orange-domenica-liniziativa-la-citta-dei-beni-comuni\/\"},\"wordCount\":229,\"publisher\":{\"@id\":\"https:\/\/progettotouring.it\/radiotouring104\/#organization\"},\"image\":{\"@id\":\"https:\/\/progettotouring.it\/radiotouring104\/2025\/10\/11\/onda-orange-domenica-liniziativa-la-citta-dei-beni-comuni\/#primaryimage\"},\"thumbnailUrl\":\"https:\/\/progettotouring.it\/radiotouring104\/wp-content\/uploads\/sites\/6\/2025\/10\/IMMAGINI-X-SITO-2025-10-11T141021.244.jpg\",\"articleSection\":[\"Home\",\"News\",\"Reggio Calabria\"],\"inLanguage\":\"it-IT\"},{\"@type\":\"WebPage\",\"@id\":\"https:\/\/progettotouring.it\/radiotouring104\/2025\/10\/11\/onda-orange-domenica-liniziativa-la-citta-dei-beni-comuni\/\",\"url\":\"https:\/\/progettotouring.it\/radiotouring104\/2025\/10\/11\/onda-orange-domenica-liniziativa-la-citta-dei-beni-comuni\/\",\"name\":\"Onda Orange: domenica l\u2019iniziativa \u201cLa citt\u00e0 dei beni comuni\u201d - Radio Touring 104\",\"isPartOf\":{\"@id\":\"https:\/\/progettotouring.it\/radiotouring104\/#website\"},\"primaryImageOfPage\":{\"@id\":\"https:\/\/progettotouring.it\/radiotouring104\/2025\/10\/11\/onda-orange-domenica-liniziativa-la-citta-dei-beni-comuni\/#primaryimage\"},\"image\":{\"@id\":\"https:\/\/progettotouring.it\/radiotouring104\/2025\/10\/11\/onda-orange-domenica-liniziativa-la-citta-dei-beni-comuni\/#primaryimage\"},\"thumbnailUrl\":\"https:\/\/progettotouring.it\/radiotouring104\/wp-content\/uploads\/sites\/6\/2025\/10\/IMMAGINI-X-SITO-2025-10-11T141021.244.jpg\",\"datePublished\":\"2025-10-11T12:11:04+00:00\",\"description\":\"A partire dalle ore 10.00 in piazza Orange il \u201claboratorio\u201d di idee aperto a tutti i cittadini\",\"breadcrumb\":{\"@id\":\"https:\/\/progettotouring.it\/radiotouring104\/2025\/10\/11\/onda-orange-domenica-liniziativa-la-citta-dei-beni-comuni\/#breadcrumb\"},\"inLanguage\":\"it-IT\",\"potentialAction\":[{\"@type\":\"ReadAction\",\"target\":[\"https:\/\/progettotouring.it\/radiotouring104\/2025\/10\/11\/onda-orange-domenica-liniziativa-la-citta-dei-beni-comuni\/\"]}]},{\"@type\":\"ImageObject\",\"inLanguage\":\"it-IT\",\"@id\":\"https:\/\/progettotouring.it\/radiotouring104\/2025\/10\/11\/onda-orange-domenica-liniziativa-la-citta-dei-beni-comuni\/#primaryimage\",\"url\":\"https:\/\/progettotouring.it\/radiotouring104\/wp-content\/uploads\/sites\/6\/2025\/10\/IMMAGINI-X-SITO-2025-10-11T141021.244.jpg\",\"contentUrl\":\"https:\/\/progettotouring.it\/radiotouring104\/wp-content\/uploads\/sites\/6\/2025\/10\/IMMAGINI-X-SITO-2025-10-11T141021.244.jpg\",\"width\":2000,\"height\":1545},{\"@type\":\"BreadcrumbList\",\"@id\":\"https:\/\/progettotouring.it\/radiotouring104\/2025\/10\/11\/onda-orange-domenica-liniziativa-la-citta-dei-beni-comuni\/#breadcrumb\",\"itemListElement\":[{\"@type\":\"ListItem\",\"position\":1,\"name\":\"Home\",\"item\":\"https:\/\/progettotouring.it\/radiotouring104\/\"},{\"@type\":\"ListItem\",\"position\":2,\"name\":\"Onda Orange: domenica l\u2019iniziativa \u201cLa citt\u00e0 dei beni comuni\u201d\"}]},{\"@type\":\"WebSite\",\"@id\":\"https:\/\/progettotouring.it\/radiotouring104\/#website\",\"url\":\"https:\/\/progettotouring.it\/radiotouring104\/\",\"name\":\"Radio Touring 104\",\"description\":\"La prima radio Reggina\",\"publisher\":{\"@id\":\"https:\/\/progettotouring.it\/radiotouring104\/#organization\"},\"potentialAction\":[{\"@type\":\"SearchAction\",\"target\":{\"@type\":\"EntryPoint\",\"urlTemplate\":\"https:\/\/progettotouring.it\/radiotouring104\/?s={search_term_string}\"},\"query-input\":{\"@type\":\"PropertyValueSpecification\",\"valueRequired\":true,\"valueName\":\"search_term_string\"}}],\"inLanguage\":\"it-IT\"},{\"@type\":\"Organization\",\"@id\":\"https:\/\/progettotouring.it\/radiotouring104\/#organization\",\"name\":\"Radio Touring 104\",\"url\":\"https:\/\/progettotouring.it\/radiotouring104\/\",\"logo\":{\"@type\":\"ImageObject\",\"inLanguage\":\"it-IT\",\"@id\":\"https:\/\/progettotouring.it\/radiotouring104\/#\/schema\/logo\/image\/\",\"url\":\"https:\/\/progettotouring.it\/radiotouring104\/wp-content\/uploads\/sites\/6\/2022\/02\/cropped-logo-radio-touring-104.png\",\"contentUrl\":\"https:\/\/progettotouring.it\/radiotouring104\/wp-content\/uploads\/sites\/6\/2022\/02\/cropped-logo-radio-touring-104.png\",\"width\":377,\"height\":182,\"caption\":\"Radio Touring 104\"},\"image\":{\"@id\":\"https:\/\/progettotouring.it\/radiotouring104\/#\/schema\/logo\/image\/\"}},{\"@type\":\"Person\",\"@id\":\"https:\/\/progettotouring.it\/radiotouring104\/#\/schema\/person\/b9f9c3730b0a78814c9b9f3bfc52c619\",\"name\":\"S L\",\"image\":{\"@type\":\"ImageObject\",\"inLanguage\":\"it-IT\",\"@id\":\"https:\/\/secure.gravatar.com\/avatar\/652c51789d7030aaed9ff828331360502a68204fe6fb0831bc280515210e16d2?s=96&d=mm&r=g\",\"url\":\"https:\/\/secure.gravatar.com\/avatar\/652c51789d7030aaed9ff828331360502a68204fe6fb0831bc280515210e16d2?s=96&d=mm&r=g\",\"contentUrl\":\"https:\/\/secure.gravatar.com\/avatar\/652c51789d7030aaed9ff828331360502a68204fe6fb0831bc280515210e16d2?s=96&d=mm&r=g\",\"caption\":\"S L\"},\"url\":\"https:\/\/progettotouring.it\/radiotouring104\/author\/slibri\/\"}]}<\/script>\n<!-- \/ Yoast SEO plugin. -->","yoast_head_json":{"title":"Onda Orange: domenica l\u2019iniziativa \u201cLa citt\u00e0 dei beni comuni\u201d - Radio Touring 104","description":"A partire dalle ore 10.00 in piazza Orange il \u201claboratorio\u201d di idee aperto a tutti i cittadini","robots":{"index":"index","follow":"follow","max-snippet":"max-snippet:-1","max-image-preview":"max-image-preview:large","max-video-preview":"max-video-preview:-1"},"canonical":"https:\/\/progettotouring.it\/radiotouring104\/2025\/10\/11\/onda-orange-domenica-liniziativa-la-citta-dei-beni-comuni\/","og_locale":"it_IT","og_type":"article","og_title":"Onda Orange: domenica l\u2019iniziativa \u201cLa citt\u00e0 dei beni comuni\u201d - Radio Touring 104","og_description":"A partire dalle ore 10.00 in piazza Orange il \u201claboratorio\u201d di idee aperto a tutti i cittadini","og_url":"https:\/\/progettotouring.it\/radiotouring104\/2025\/10\/11\/onda-orange-domenica-liniziativa-la-citta-dei-beni-comuni\/","og_site_name":"Radio Touring 104","article_published_time":"2025-10-11T12:11:04+00:00","og_image":[{"width":2000,"height":1545,"url":"https:\/\/progettotouring.it\/radiotouring104\/wp-content\/uploads\/sites\/6\/2025\/10\/IMMAGINI-X-SITO-2025-10-11T141021.244.jpg","type":"image\/jpeg"}],"author":"S L","twitter_card":"summary_large_image","twitter_misc":{"Scritto da":"S L","Tempo di lettura stimato":"1 minuto"},"schema":{"@context":"https:\/\/schema.org","@graph":[{"@type":"Article","@id":"https:\/\/progettotouring.it\/radiotouring104\/2025\/10\/11\/onda-orange-domenica-liniziativa-la-citta-dei-beni-comuni\/#article","isPartOf":{"@id":"https:\/\/progettotouring.it\/radiotouring104\/2025\/10\/11\/onda-orange-domenica-liniziativa-la-citta-dei-beni-comuni\/"},"author":{"name":"S L","@id":"https:\/\/progettotouring.it\/radiotouring104\/#\/schema\/person\/b9f9c3730b0a78814c9b9f3bfc52c619"},"headline":"Onda Orange: domenica l\u2019iniziativa \u201cLa citt\u00e0 dei beni comuni\u201d","datePublished":"2025-10-11T12:11:04+00:00","mainEntityOfPage":{"@id":"https:\/\/progettotouring.it\/radiotouring104\/2025\/10\/11\/onda-orange-domenica-liniziativa-la-citta-dei-beni-comuni\/"},"wordCount":229,"publisher":{"@id":"https:\/\/progettotouring.it\/radiotouring104\/#organization"},"image":{"@id":"https:\/\/progettotouring.it\/radiotouring104\/2025\/10\/11\/onda-orange-domenica-liniziativa-la-citta-dei-beni-comuni\/#primaryimage"},"thumbnailUrl":"https:\/\/progettotouring.it\/radiotouring104\/wp-content\/uploads\/sites\/6\/2025\/10\/IMMAGINI-X-SITO-2025-10-11T141021.244.jpg","articleSection":["Home","News","Reggio Calabria"],"inLanguage":"it-IT"},{"@type":"WebPage","@id":"https:\/\/progettotouring.it\/radiotouring104\/2025\/10\/11\/onda-orange-domenica-liniziativa-la-citta-dei-beni-comuni\/","url":"https:\/\/progettotouring.it\/radiotouring104\/2025\/10\/11\/onda-orange-domenica-liniziativa-la-citta-dei-beni-comuni\/","name":"Onda Orange: domenica l\u2019iniziativa \u201cLa citt\u00e0 dei beni comuni\u201d - Radio Touring 104","isPartOf":{"@id":"https:\/\/progettotouring.it\/radiotouring104\/#website"},"primaryImageOfPage":{"@id":"https:\/\/progettotouring.it\/radiotouring104\/2025\/10\/11\/onda-orange-domenica-liniziativa-la-citta-dei-beni-comuni\/#primaryimage"},"image":{"@id":"https:\/\/progettotouring.it\/radiotouring104\/2025\/10\/11\/onda-orange-domenica-liniziativa-la-citta-dei-beni-comuni\/#primaryimage"},"thumbnailUrl":"https:\/\/progettotouring.it\/radiotouring104\/wp-content\/uploads\/sites\/6\/2025\/10\/IMMAGINI-X-SITO-2025-10-11T141021.244.jpg","datePublished":"2025-10-11T12:11:04+00:00","description":"A partire dalle ore 10.00 in piazza Orange il \u201claboratorio\u201d di idee aperto a tutti i cittadini","breadcrumb":{"@id":"https:\/\/progettotouring.it\/radiotouring104\/2025\/10\/11\/onda-orange-domenica-liniziativa-la-citta-dei-beni-comuni\/#breadcrumb"},"inLanguage":"it-IT","potentialAction":[{"@type":"ReadAction","target":["https:\/\/progettotouring.it\/radiotouring104\/2025\/10\/11\/onda-orange-domenica-liniziativa-la-citta-dei-beni-comuni\/"]}]},{"@type":"ImageObject","inLanguage":"it-IT","@id":"https:\/\/progettotouring.it\/radiotouring104\/2025\/10\/11\/onda-orange-domenica-liniziativa-la-citta-dei-beni-comuni\/#primaryimage","url":"https:\/\/progettotouring.it\/radiotouring104\/wp-content\/uploads\/sites\/6\/2025\/10\/IMMAGINI-X-SITO-2025-10-11T141021.244.jpg","contentUrl":"https:\/\/progettotouring.it\/radiotouring104\/wp-content\/uploads\/sites\/6\/2025\/10\/IMMAGINI-X-SITO-2025-10-11T141021.244.jpg","width":2000,"height":1545},{"@type":"BreadcrumbList","@id":"https:\/\/progettotouring.it\/radiotouring104\/2025\/10\/11\/onda-orange-domenica-liniziativa-la-citta-dei-beni-comuni\/#breadcrumb","itemListElement":[{"@type":"ListItem","position":1,"name":"Home","item":"https:\/\/progettotouring.it\/radiotouring104\/"},{"@type":"ListItem","position":2,"name":"Onda Orange: domenica l\u2019iniziativa \u201cLa citt\u00e0 dei beni comuni\u201d"}]},{"@type":"WebSite","@id":"https:\/\/progettotouring.it\/radiotouring104\/#website","url":"https:\/\/progettotouring.it\/radiotouring104\/","name":"Radio Touring 104","description":"La prima radio Reggina","publisher":{"@id":"https:\/\/progettotouring.it\/radiotouring104\/#organization"},"potentialAction":[{"@type":"SearchAction","target":{"@type":"EntryPoint","urlTemplate":"https:\/\/progettotouring.it\/radiotouring104\/?s={search_term_string}"},"query-input":{"@type":"PropertyValueSpecification","valueRequired":true,"valueName":"search_term_string"}}],"inLanguage":"it-IT"},{"@type":"Organization","@id":"https:\/\/progettotouring.it\/radiotouring104\/#organization","name":"Radio Touring 104","url":"https:\/\/progettotouring.it\/radiotouring104\/","logo":{"@type":"ImageObject","inLanguage":"it-IT","@id":"https:\/\/progettotouring.it\/radiotouring104\/#\/schema\/logo\/image\/","url":"https:\/\/progettotouring.it\/radiotouring104\/wp-content\/uploads\/sites\/6\/2022\/02\/cropped-logo-radio-touring-104.png","contentUrl":"https:\/\/progettotouring.it\/radiotouring104\/wp-content\/uploads\/sites\/6\/2022\/02\/cropped-logo-radio-touring-104.png","width":377,"height":182,"caption":"Radio Touring 104"},"image":{"@id":"https:\/\/progettotouring.it\/radiotouring104\/#\/schema\/logo\/image\/"}},{"@type":"Person","@id":"https:\/\/progettotouring.it\/radiotouring104\/#\/schema\/person\/b9f9c3730b0a78814c9b9f3bfc52c619","name":"S L","image":{"@type":"ImageObject","inLanguage":"it-IT","@id":"https:\/\/secure.gravatar.com\/avatar\/652c51789d7030aaed9ff828331360502a68204fe6fb0831bc280515210e16d2?s=96&d=mm&r=g","url":"https:\/\/secure.gravatar.com\/avatar\/652c51789d7030aaed9ff828331360502a68204fe6fb0831bc280515210e16d2?s=96&d=mm&r=g","contentUrl":"https:\/\/secure.gravatar.com\/avatar\/652c51789d7030aaed9ff828331360502a68204fe6fb0831bc280515210e16d2?s=96&d=mm&r=g","caption":"S L"},"url":"https:\/\/progettotouring.it\/radiotouring104\/author\/slibri\/"}]}},"jetpack_publicize_connections":[],"jetpack_featured_media_url":"https:\/\/progettotouring.it\/radiotouring104\/wp-content\/uploads\/sites\/6\/2025\/10\/IMMAGINI-X-SITO-2025-10-11T141021.244.jpg","jetpack_sharing_enabled":true,"_links":{"self":[{"href":"https:\/\/progettotouring.it\/radiotouring104\/wp-json\/wp\/v2\/posts\/83740","targetHints":{"allow":["GET"]}}],"collection":[{"href":"https:\/\/progettotouring.it\/radiotouring104\/wp-json\/wp\/v2\/posts"}],"about":[{"href":"https:\/\/progettotouring.it\/radiotouring104\/wp-json\/wp\/v2\/types\/post"}],"author":[{"embeddable":true,"href":"https:\/\/progettotouring.it\/radiotouring104\/wp-json\/wp\/v2\/users\/19"}],"replies":[{"embeddable":true,"href":"https:\/\/progettotouring.it\/radiotouring104\/wp-json\/wp\/v2\/comments?post=83740"}],"version-history":[{"count":1,"href":"https:\/\/progettotouring.it\/radiotouring104\/wp-json\/wp\/v2\/posts\/83740\/revisions"}],"predecessor-version":[{"id":83742,"href":"https:\/\/progettotouring.it\/radiotouring104\/wp-json\/wp\/v2\/posts\/83740\/revisions\/83742"}],"wp:featuredmedia":[{"embeddable":true,"href":"https:\/\/progettotouring.it\/radiotouring104\/wp-json\/wp\/v2\/media\/83741"}],"wp:attachment":[{"href":"https:\/\/progettotouring.it\/radiotouring104\/wp-json\/wp\/v2\/media?parent=83740"}],"wp:term":[{"taxonomy":"category","embeddable":true,"href":"https:\/\/progettotouring.it\/radiotouring104\/wp-json\/wp\/v2\/categories?post=83740"},{"taxonomy":"post_tag","embeddable":true,"href":"https:\/\/progettotouring.it\/radiotouring104\/wp-json\/wp\/v2\/tags?post=83740"}],"curies":[{"name":"wp","href":"https:\/\/api.w.org\/{rel}","templated":true}]}}