{"id":83794,"date":"2025-10-13T09:07:33","date_gmt":"2025-10-13T07:07:33","guid":{"rendered":"https:\/\/progettotouring.it\/radiotouring104\/?p=83794"},"modified":"2025-10-13T10:15:28","modified_gmt":"2025-10-13T08:15:28","slug":"redel-viola-seconda-vittoria-consecutiva-battuta-barcellona-96-99","status":"publish","type":"post","link":"https:\/\/progettotouring.it\/radiotouring104\/2025\/10\/13\/redel-viola-seconda-vittoria-consecutiva-battuta-barcellona-96-99\/","title":{"rendered":"Redel Viola: seconda vittoria consecutiva, battuta Barcellona 96-99"},"content":{"rendered":"<p>Terza giornata del girone di ritorno per il campionato di serie B interregionale girone F.<\/p>\n<p>La REDEL \u00e8 di scena sul parquet del Barcellona dei tanti ex ed a pari punti in classifica senza poter contare su Laquintana e Maresca entrambi fermi per infortunio.<\/p>\n<p>La sfida termina con il primo successo esterno di Fiusco e compagni che espugnano il Palalberti dopo un avvincente match deciso dopo un tempo supplementare e da un gran secondo tempo della formazione dello stretto.<\/p>\n<p>Primo quarto equilibrato e spezzettato; il tabellone fa le bizze e si gioca a sprazzi; i Neroarancio partono in sordina ma si riportano in linea di galleggiamento grazie al buon impatto della panchina per un meno due dopo dieci minuti.<\/p>\n<p>Nel secondo periodo Fraga si infiamma e comincia a martellare il canestro segnando oltre venti punti per il piu nove degli uomini di Cigarini dopo un tempo .<\/p>\n<p>Cambia marcia la Viola nella ripresa; Paulinus e Clark difendono forte e segnano i canestri della rimonta e del sorpasso con i Neroarancio che chiudono il terzo periodo sopra di sei.<\/p>\n<p>Quarto periodo pieno di emozioni, falli tecnici, tiri liberi sbagliati decisivi ed un fallo al fil di sirena sul tiro da tre punti di Braga regala all\u2019argentino i tre liberi che impattano la gara per il secondo overtime stagionale per i Neroarancio che potevano chiudere il match senza ulteriori code.<\/p>\n<p>Nel supplementare, la Viola questa volta non sbaglia quasi nulla; Paulinus \u00e8 scatenato ed \u00e8 supportato da un ottimo Fernandez.<\/p>\n<p>La difesa e la maggior freddezza regalano ai reggini un importantissima vittoria contro una formazione che ha lottato fino alla fine.<\/p>\n<p>Adesso ci sar\u00e0 il classico luned\u00ec di riposo e poi si comincer\u00e0 a pensare alla sfida di domenica prossima quando al Palacalafiore sar\u00e0 di scena il Mola New Basket 2012 in un match che mette in palio due punti importanti per entrambe le duellanti.<\/p>\n<p>&nbsp;<\/p>\n<p>BARCELLONA BASKET-REDEL REGGIO CALABRIA 96-99 dts<br \/>\n(20-18\/40-31\/58-64\/88-88)<\/p>\n<p>BARCELLONA: Okereke 5, Di Marzio 2, Aguzzoli 7, Malkic 11, Sebastianelli 14, Sindoni, Dancetovic 8, Cessel 6, Fraga 40, Bruni, Grivo 3. All. Cigarini.<\/p>\n<p>REDEL REGGIO CALABRIA: Agbortabi 13, Fiusco 10, Ani 11, Paulinus 25, Fernandez 18, Zampa 9, Mazza, Marini 4, Maresca, Clark 9, Pes, Laquintana. All. Cadeo.<\/p>\n<p>Arbitri: Filesi di Ragusa e Catalano di Pedara. Crono: Foti di San Filippo del Mela.<\/p>\n","protected":false},"excerpt":{"rendered":"<p>Terza giornata del girone di ritorno per il campionato di serie B interregionale girone F. La REDEL \u00e8 di scena sul parquet del Barcellona dei tanti ex ed a pari&hellip;<\/p>\n","protected":false},"author":21,"featured_media":83795,"comment_status":"closed","ping_status":"open","sticky":false,"template":"","format":"standard","meta":{"_jetpack_memberships_contains_paid_content":false,"footnotes":"","jetpack_publicize_message":"","jetpack_publicize_feature_enabled":true,"jetpack_social_post_already_shared":true,"jetpack_social_options":{"image_generator_settings":{"template":"highway","default_image_id":0,"font":"","enabled":false},"version":2}},"categories":[196,140,144],"tags":[17841,48257,34365,48256,48258],"class_list":["post-83794","post","type-post","status-publish","format-standard","has-post-thumbnail","hentry","category-news","category-reggio-calabria","category-sport","tag-barcellona","tag-palaberti","tag-redel-viola","tag-seconda-vittoria-consecutiva","tag-vittoria-ai-supplementari"],"yoast_head":"<!-- This site is optimized with the Yoast SEO plugin v27.2 - https:\/\/yoast.com\/product\/yoast-seo-wordpress\/ -->\n<title>Redel Viola: seconda vittoria consecutiva, battuta Barcellona 96-99<\/title>\n<meta name=\"description\" content=\"Sfida termina con il primo successo esterno. Espugnato il Palalberti, dopo un avvincente match deciso, dopo un tempo supplementare\" \/>\n<meta name=\"robots\" content=\"index, follow, max-snippet:-1, max-image-preview:large, max-video-preview:-1\" \/>\n<link rel=\"canonical\" href=\"https:\/\/progettotouring.it\/radiotouring104\/2025\/10\/13\/redel-viola-seconda-vittoria-consecutiva-battuta-barcellona-96-99\/\" \/>\n<meta property=\"og:locale\" content=\"it_IT\" \/>\n<meta property=\"og:type\" content=\"article\" \/>\n<meta property=\"og:title\" content=\"Redel Viola: seconda vittoria consecutiva, battuta Barcellona 96-99\" \/>\n<meta property=\"og:description\" content=\"Sfida termina con il primo successo esterno. Espugnato il Palalberti, dopo un avvincente match deciso, dopo un tempo supplementare\" \/>\n<meta property=\"og:url\" content=\"https:\/\/progettotouring.it\/radiotouring104\/2025\/10\/13\/redel-viola-seconda-vittoria-consecutiva-battuta-barcellona-96-99\/\" \/>\n<meta property=\"og:site_name\" content=\"Radio Touring 104\" \/>\n<meta property=\"article:published_time\" content=\"2025-10-13T07:07:33+00:00\" \/>\n<meta property=\"article:modified_time\" content=\"2025-10-13T08:15:28+00:00\" \/>\n<meta property=\"og:image\" content=\"https:\/\/progettotouring.it\/radiotouring104\/wp-content\/uploads\/sites\/6\/2025\/10\/Redel-Viola-Barcellona.gif\" \/>\n\t<meta property=\"og:image:width\" content=\"998\" \/>\n\t<meta property=\"og:image:height\" content=\"532\" \/>\n\t<meta property=\"og:image:type\" content=\"image\/gif\" \/>\n<meta name=\"author\" content=\"Giuseppe Dattola\" \/>\n<meta name=\"twitter:card\" content=\"summary_large_image\" \/>\n<meta name=\"twitter:label1\" content=\"Scritto da\" \/>\n\t<meta name=\"twitter:data1\" content=\"Giuseppe Dattola\" \/>\n\t<meta name=\"twitter:label2\" content=\"Tempo di lettura stimato\" \/>\n\t<meta name=\"twitter:data2\" content=\"2 minuti\" \/>\n<script type=\"application\/ld+json\" class=\"yoast-schema-graph\">{\"@context\":\"https:\/\/schema.org\",\"@graph\":[{\"@type\":\"Article\",\"@id\":\"https:\/\/progettotouring.it\/radiotouring104\/2025\/10\/13\/redel-viola-seconda-vittoria-consecutiva-battuta-barcellona-96-99\/#article\",\"isPartOf\":{\"@id\":\"https:\/\/progettotouring.it\/radiotouring104\/2025\/10\/13\/redel-viola-seconda-vittoria-consecutiva-battuta-barcellona-96-99\/\"},\"author\":{\"name\":\"Giuseppe Dattola\",\"@id\":\"https:\/\/progettotouring.it\/radiotouring104\/#\/schema\/person\/c0e800756c839eae8c93153858959084\"},\"headline\":\"Redel Viola: seconda vittoria consecutiva, battuta Barcellona 96-99\",\"datePublished\":\"2025-10-13T07:07:33+00:00\",\"dateModified\":\"2025-10-13T08:15:28+00:00\",\"mainEntityOfPage\":{\"@id\":\"https:\/\/progettotouring.it\/radiotouring104\/2025\/10\/13\/redel-viola-seconda-vittoria-consecutiva-battuta-barcellona-96-99\/\"},\"wordCount\":375,\"publisher\":{\"@id\":\"https:\/\/progettotouring.it\/radiotouring104\/#organization\"},\"image\":{\"@id\":\"https:\/\/progettotouring.it\/radiotouring104\/2025\/10\/13\/redel-viola-seconda-vittoria-consecutiva-battuta-barcellona-96-99\/#primaryimage\"},\"thumbnailUrl\":\"https:\/\/progettotouring.it\/radiotouring104\/wp-content\/uploads\/sites\/6\/2025\/10\/Redel-Viola-Barcellona.gif\",\"keywords\":[\"Barcellona\",\"Palaberti\",\"Redel Viola\",\"seconda vittoria consecutiva\",\"vittoria ai supplementari\"],\"articleSection\":[\"News\",\"Reggio Calabria\",\"Sport\"],\"inLanguage\":\"it-IT\"},{\"@type\":\"WebPage\",\"@id\":\"https:\/\/progettotouring.it\/radiotouring104\/2025\/10\/13\/redel-viola-seconda-vittoria-consecutiva-battuta-barcellona-96-99\/\",\"url\":\"https:\/\/progettotouring.it\/radiotouring104\/2025\/10\/13\/redel-viola-seconda-vittoria-consecutiva-battuta-barcellona-96-99\/\",\"name\":\"Redel Viola: seconda vittoria consecutiva, battuta Barcellona 96-99\",\"isPartOf\":{\"@id\":\"https:\/\/progettotouring.it\/radiotouring104\/#website\"},\"primaryImageOfPage\":{\"@id\":\"https:\/\/progettotouring.it\/radiotouring104\/2025\/10\/13\/redel-viola-seconda-vittoria-consecutiva-battuta-barcellona-96-99\/#primaryimage\"},\"image\":{\"@id\":\"https:\/\/progettotouring.it\/radiotouring104\/2025\/10\/13\/redel-viola-seconda-vittoria-consecutiva-battuta-barcellona-96-99\/#primaryimage\"},\"thumbnailUrl\":\"https:\/\/progettotouring.it\/radiotouring104\/wp-content\/uploads\/sites\/6\/2025\/10\/Redel-Viola-Barcellona.gif\",\"datePublished\":\"2025-10-13T07:07:33+00:00\",\"dateModified\":\"2025-10-13T08:15:28+00:00\",\"description\":\"Sfida termina con il primo successo esterno. Espugnato il Palalberti, dopo un avvincente match deciso, dopo un tempo supplementare\",\"breadcrumb\":{\"@id\":\"https:\/\/progettotouring.it\/radiotouring104\/2025\/10\/13\/redel-viola-seconda-vittoria-consecutiva-battuta-barcellona-96-99\/#breadcrumb\"},\"inLanguage\":\"it-IT\",\"potentialAction\":[{\"@type\":\"ReadAction\",\"target\":[\"https:\/\/progettotouring.it\/radiotouring104\/2025\/10\/13\/redel-viola-seconda-vittoria-consecutiva-battuta-barcellona-96-99\/\"]}]},{\"@type\":\"ImageObject\",\"inLanguage\":\"it-IT\",\"@id\":\"https:\/\/progettotouring.it\/radiotouring104\/2025\/10\/13\/redel-viola-seconda-vittoria-consecutiva-battuta-barcellona-96-99\/#primaryimage\",\"url\":\"https:\/\/progettotouring.it\/radiotouring104\/wp-content\/uploads\/sites\/6\/2025\/10\/Redel-Viola-Barcellona.gif\",\"contentUrl\":\"https:\/\/progettotouring.it\/radiotouring104\/wp-content\/uploads\/sites\/6\/2025\/10\/Redel-Viola-Barcellona.gif\",\"width\":998,\"height\":532},{\"@type\":\"BreadcrumbList\",\"@id\":\"https:\/\/progettotouring.it\/radiotouring104\/2025\/10\/13\/redel-viola-seconda-vittoria-consecutiva-battuta-barcellona-96-99\/#breadcrumb\",\"itemListElement\":[{\"@type\":\"ListItem\",\"position\":1,\"name\":\"Home\",\"item\":\"https:\/\/progettotouring.it\/radiotouring104\/\"},{\"@type\":\"ListItem\",\"position\":2,\"name\":\"Redel Viola: seconda vittoria consecutiva, battuta Barcellona 96-99\"}]},{\"@type\":\"WebSite\",\"@id\":\"https:\/\/progettotouring.it\/radiotouring104\/#website\",\"url\":\"https:\/\/progettotouring.it\/radiotouring104\/\",\"name\":\"Radio Touring 104\",\"description\":\"La prima radio Reggina\",\"publisher\":{\"@id\":\"https:\/\/progettotouring.it\/radiotouring104\/#organization\"},\"potentialAction\":[{\"@type\":\"SearchAction\",\"target\":{\"@type\":\"EntryPoint\",\"urlTemplate\":\"https:\/\/progettotouring.it\/radiotouring104\/?s={search_term_string}\"},\"query-input\":{\"@type\":\"PropertyValueSpecification\",\"valueRequired\":true,\"valueName\":\"search_term_string\"}}],\"inLanguage\":\"it-IT\"},{\"@type\":\"Organization\",\"@id\":\"https:\/\/progettotouring.it\/radiotouring104\/#organization\",\"name\":\"Radio Touring 104\",\"url\":\"https:\/\/progettotouring.it\/radiotouring104\/\",\"logo\":{\"@type\":\"ImageObject\",\"inLanguage\":\"it-IT\",\"@id\":\"https:\/\/progettotouring.it\/radiotouring104\/#\/schema\/logo\/image\/\",\"url\":\"https:\/\/progettotouring.it\/radiotouring104\/wp-content\/uploads\/sites\/6\/2022\/02\/cropped-logo-radio-touring-104.png\",\"contentUrl\":\"https:\/\/progettotouring.it\/radiotouring104\/wp-content\/uploads\/sites\/6\/2022\/02\/cropped-logo-radio-touring-104.png\",\"width\":377,\"height\":182,\"caption\":\"Radio Touring 104\"},\"image\":{\"@id\":\"https:\/\/progettotouring.it\/radiotouring104\/#\/schema\/logo\/image\/\"}},{\"@type\":\"Person\",\"@id\":\"https:\/\/progettotouring.it\/radiotouring104\/#\/schema\/person\/c0e800756c839eae8c93153858959084\",\"name\":\"Giuseppe Dattola\",\"image\":{\"@type\":\"ImageObject\",\"inLanguage\":\"it-IT\",\"@id\":\"https:\/\/secure.gravatar.com\/avatar\/c5771b35d04c75debcca6c29ddd4741e6a8276b8c8f1598b29c8fba52c35e758?s=96&d=mm&r=g\",\"url\":\"https:\/\/secure.gravatar.com\/avatar\/c5771b35d04c75debcca6c29ddd4741e6a8276b8c8f1598b29c8fba52c35e758?s=96&d=mm&r=g\",\"contentUrl\":\"https:\/\/secure.gravatar.com\/avatar\/c5771b35d04c75debcca6c29ddd4741e6a8276b8c8f1598b29c8fba52c35e758?s=96&d=mm&r=g\",\"caption\":\"Giuseppe Dattola\"},\"url\":\"https:\/\/progettotouring.it\/radiotouring104\/author\/gdattola\/\"}]}<\/script>\n<!-- \/ Yoast SEO plugin. -->","yoast_head_json":{"title":"Redel Viola: seconda vittoria consecutiva, battuta Barcellona 96-99","description":"Sfida termina con il primo successo esterno. Espugnato il Palalberti, dopo un avvincente match deciso, dopo un tempo supplementare","robots":{"index":"index","follow":"follow","max-snippet":"max-snippet:-1","max-image-preview":"max-image-preview:large","max-video-preview":"max-video-preview:-1"},"canonical":"https:\/\/progettotouring.it\/radiotouring104\/2025\/10\/13\/redel-viola-seconda-vittoria-consecutiva-battuta-barcellona-96-99\/","og_locale":"it_IT","og_type":"article","og_title":"Redel Viola: seconda vittoria consecutiva, battuta Barcellona 96-99","og_description":"Sfida termina con il primo successo esterno. Espugnato il Palalberti, dopo un avvincente match deciso, dopo un tempo supplementare","og_url":"https:\/\/progettotouring.it\/radiotouring104\/2025\/10\/13\/redel-viola-seconda-vittoria-consecutiva-battuta-barcellona-96-99\/","og_site_name":"Radio Touring 104","article_published_time":"2025-10-13T07:07:33+00:00","article_modified_time":"2025-10-13T08:15:28+00:00","og_image":[{"width":998,"height":532,"url":"https:\/\/progettotouring.it\/radiotouring104\/wp-content\/uploads\/sites\/6\/2025\/10\/Redel-Viola-Barcellona.gif","type":"image\/gif"}],"author":"Giuseppe Dattola","twitter_card":"summary_large_image","twitter_misc":{"Scritto da":"Giuseppe Dattola","Tempo di lettura stimato":"2 minuti"},"schema":{"@context":"https:\/\/schema.org","@graph":[{"@type":"Article","@id":"https:\/\/progettotouring.it\/radiotouring104\/2025\/10\/13\/redel-viola-seconda-vittoria-consecutiva-battuta-barcellona-96-99\/#article","isPartOf":{"@id":"https:\/\/progettotouring.it\/radiotouring104\/2025\/10\/13\/redel-viola-seconda-vittoria-consecutiva-battuta-barcellona-96-99\/"},"author":{"name":"Giuseppe Dattola","@id":"https:\/\/progettotouring.it\/radiotouring104\/#\/schema\/person\/c0e800756c839eae8c93153858959084"},"headline":"Redel Viola: seconda vittoria consecutiva, battuta Barcellona 96-99","datePublished":"2025-10-13T07:07:33+00:00","dateModified":"2025-10-13T08:15:28+00:00","mainEntityOfPage":{"@id":"https:\/\/progettotouring.it\/radiotouring104\/2025\/10\/13\/redel-viola-seconda-vittoria-consecutiva-battuta-barcellona-96-99\/"},"wordCount":375,"publisher":{"@id":"https:\/\/progettotouring.it\/radiotouring104\/#organization"},"image":{"@id":"https:\/\/progettotouring.it\/radiotouring104\/2025\/10\/13\/redel-viola-seconda-vittoria-consecutiva-battuta-barcellona-96-99\/#primaryimage"},"thumbnailUrl":"https:\/\/progettotouring.it\/radiotouring104\/wp-content\/uploads\/sites\/6\/2025\/10\/Redel-Viola-Barcellona.gif","keywords":["Barcellona","Palaberti","Redel Viola","seconda vittoria consecutiva","vittoria ai supplementari"],"articleSection":["News","Reggio Calabria","Sport"],"inLanguage":"it-IT"},{"@type":"WebPage","@id":"https:\/\/progettotouring.it\/radiotouring104\/2025\/10\/13\/redel-viola-seconda-vittoria-consecutiva-battuta-barcellona-96-99\/","url":"https:\/\/progettotouring.it\/radiotouring104\/2025\/10\/13\/redel-viola-seconda-vittoria-consecutiva-battuta-barcellona-96-99\/","name":"Redel Viola: seconda vittoria consecutiva, battuta Barcellona 96-99","isPartOf":{"@id":"https:\/\/progettotouring.it\/radiotouring104\/#website"},"primaryImageOfPage":{"@id":"https:\/\/progettotouring.it\/radiotouring104\/2025\/10\/13\/redel-viola-seconda-vittoria-consecutiva-battuta-barcellona-96-99\/#primaryimage"},"image":{"@id":"https:\/\/progettotouring.it\/radiotouring104\/2025\/10\/13\/redel-viola-seconda-vittoria-consecutiva-battuta-barcellona-96-99\/#primaryimage"},"thumbnailUrl":"https:\/\/progettotouring.it\/radiotouring104\/wp-content\/uploads\/sites\/6\/2025\/10\/Redel-Viola-Barcellona.gif","datePublished":"2025-10-13T07:07:33+00:00","dateModified":"2025-10-13T08:15:28+00:00","description":"Sfida termina con il primo successo esterno. Espugnato il Palalberti, dopo un avvincente match deciso, dopo un tempo supplementare","breadcrumb":{"@id":"https:\/\/progettotouring.it\/radiotouring104\/2025\/10\/13\/redel-viola-seconda-vittoria-consecutiva-battuta-barcellona-96-99\/#breadcrumb"},"inLanguage":"it-IT","potentialAction":[{"@type":"ReadAction","target":["https:\/\/progettotouring.it\/radiotouring104\/2025\/10\/13\/redel-viola-seconda-vittoria-consecutiva-battuta-barcellona-96-99\/"]}]},{"@type":"ImageObject","inLanguage":"it-IT","@id":"https:\/\/progettotouring.it\/radiotouring104\/2025\/10\/13\/redel-viola-seconda-vittoria-consecutiva-battuta-barcellona-96-99\/#primaryimage","url":"https:\/\/progettotouring.it\/radiotouring104\/wp-content\/uploads\/sites\/6\/2025\/10\/Redel-Viola-Barcellona.gif","contentUrl":"https:\/\/progettotouring.it\/radiotouring104\/wp-content\/uploads\/sites\/6\/2025\/10\/Redel-Viola-Barcellona.gif","width":998,"height":532},{"@type":"BreadcrumbList","@id":"https:\/\/progettotouring.it\/radiotouring104\/2025\/10\/13\/redel-viola-seconda-vittoria-consecutiva-battuta-barcellona-96-99\/#breadcrumb","itemListElement":[{"@type":"ListItem","position":1,"name":"Home","item":"https:\/\/progettotouring.it\/radiotouring104\/"},{"@type":"ListItem","position":2,"name":"Redel Viola: seconda vittoria consecutiva, battuta Barcellona 96-99"}]},{"@type":"WebSite","@id":"https:\/\/progettotouring.it\/radiotouring104\/#website","url":"https:\/\/progettotouring.it\/radiotouring104\/","name":"Radio Touring 104","description":"La prima radio Reggina","publisher":{"@id":"https:\/\/progettotouring.it\/radiotouring104\/#organization"},"potentialAction":[{"@type":"SearchAction","target":{"@type":"EntryPoint","urlTemplate":"https:\/\/progettotouring.it\/radiotouring104\/?s={search_term_string}"},"query-input":{"@type":"PropertyValueSpecification","valueRequired":true,"valueName":"search_term_string"}}],"inLanguage":"it-IT"},{"@type":"Organization","@id":"https:\/\/progettotouring.it\/radiotouring104\/#organization","name":"Radio Touring 104","url":"https:\/\/progettotouring.it\/radiotouring104\/","logo":{"@type":"ImageObject","inLanguage":"it-IT","@id":"https:\/\/progettotouring.it\/radiotouring104\/#\/schema\/logo\/image\/","url":"https:\/\/progettotouring.it\/radiotouring104\/wp-content\/uploads\/sites\/6\/2022\/02\/cropped-logo-radio-touring-104.png","contentUrl":"https:\/\/progettotouring.it\/radiotouring104\/wp-content\/uploads\/sites\/6\/2022\/02\/cropped-logo-radio-touring-104.png","width":377,"height":182,"caption":"Radio Touring 104"},"image":{"@id":"https:\/\/progettotouring.it\/radiotouring104\/#\/schema\/logo\/image\/"}},{"@type":"Person","@id":"https:\/\/progettotouring.it\/radiotouring104\/#\/schema\/person\/c0e800756c839eae8c93153858959084","name":"Giuseppe Dattola","image":{"@type":"ImageObject","inLanguage":"it-IT","@id":"https:\/\/secure.gravatar.com\/avatar\/c5771b35d04c75debcca6c29ddd4741e6a8276b8c8f1598b29c8fba52c35e758?s=96&d=mm&r=g","url":"https:\/\/secure.gravatar.com\/avatar\/c5771b35d04c75debcca6c29ddd4741e6a8276b8c8f1598b29c8fba52c35e758?s=96&d=mm&r=g","contentUrl":"https:\/\/secure.gravatar.com\/avatar\/c5771b35d04c75debcca6c29ddd4741e6a8276b8c8f1598b29c8fba52c35e758?s=96&d=mm&r=g","caption":"Giuseppe Dattola"},"url":"https:\/\/progettotouring.it\/radiotouring104\/author\/gdattola\/"}]}},"jetpack_publicize_connections":[],"jetpack_featured_media_url":"https:\/\/progettotouring.it\/radiotouring104\/wp-content\/uploads\/sites\/6\/2025\/10\/Redel-Viola-Barcellona.gif","jetpack_sharing_enabled":true,"_links":{"self":[{"href":"https:\/\/progettotouring.it\/radiotouring104\/wp-json\/wp\/v2\/posts\/83794","targetHints":{"allow":["GET"]}}],"collection":[{"href":"https:\/\/progettotouring.it\/radiotouring104\/wp-json\/wp\/v2\/posts"}],"about":[{"href":"https:\/\/progettotouring.it\/radiotouring104\/wp-json\/wp\/v2\/types\/post"}],"author":[{"embeddable":true,"href":"https:\/\/progettotouring.it\/radiotouring104\/wp-json\/wp\/v2\/users\/21"}],"replies":[{"embeddable":true,"href":"https:\/\/progettotouring.it\/radiotouring104\/wp-json\/wp\/v2\/comments?post=83794"}],"version-history":[{"count":1,"href":"https:\/\/progettotouring.it\/radiotouring104\/wp-json\/wp\/v2\/posts\/83794\/revisions"}],"predecessor-version":[{"id":83797,"href":"https:\/\/progettotouring.it\/radiotouring104\/wp-json\/wp\/v2\/posts\/83794\/revisions\/83797"}],"wp:featuredmedia":[{"embeddable":true,"href":"https:\/\/progettotouring.it\/radiotouring104\/wp-json\/wp\/v2\/media\/83795"}],"wp:attachment":[{"href":"https:\/\/progettotouring.it\/radiotouring104\/wp-json\/wp\/v2\/media?parent=83794"}],"wp:term":[{"taxonomy":"category","embeddable":true,"href":"https:\/\/progettotouring.it\/radiotouring104\/wp-json\/wp\/v2\/categories?post=83794"},{"taxonomy":"post_tag","embeddable":true,"href":"https:\/\/progettotouring.it\/radiotouring104\/wp-json\/wp\/v2\/tags?post=83794"}],"curies":[{"name":"wp","href":"https:\/\/api.w.org\/{rel}","templated":true}]}}