{"id":83809,"date":"2025-10-13T09:37:15","date_gmt":"2025-10-13T07:37:15","guid":{"rendered":"https:\/\/progettotouring.it\/radiotouring104\/?p=83809"},"modified":"2025-10-13T10:14:53","modified_gmt":"2025-10-13T08:14:53","slug":"reggio-consegnato-un-nuovo-defibrillatore-al-tempietto-in-memoria-di-michele-viola","status":"publish","type":"post","link":"https:\/\/progettotouring.it\/radiotouring104\/2025\/10\/13\/reggio-consegnato-un-nuovo-defibrillatore-al-tempietto-in-memoria-di-michele-viola\/","title":{"rendered":"Reggio: consegnato un nuovo defibrillatore al Tempietto, in memoria di Michele Viola"},"content":{"rendered":"<p dir=\"ltr\"><b>Nuovo defibrillatore al Tempietto, Falcomat\u00e0: \u00abUn atto d&#8217;amore per la sicurezza in uno dei luoghi del cuore della nostra citt\u00e0\u00bb<\/b><\/p>\n<p>&nbsp;<\/p>\n<p dir=\"ltr\"><i>L&#8217;installazione, curata da Blu Corporation, \u00e8 stata voluta dall&#8217;ASD Michele Viola, nel ricordo del\u00a0capo di gabinetto della questura di Taranto scomparso lo scorso anno<\/i><\/p>\n<p>&nbsp;<\/p>\n<p dir=\"ltr\">Cerimonia di consegna di un nuovo defibrillatore alla citt\u00e0 al Parco urbano del Tempietto, nel nome di Michele Viola, figlio dell\u2019indimenticato giudice Viola. Il 52enne, capo di gabinetto della questura di Taranto, \u00e8 deceduto un anno e mezzo fa a seguito di incidente stradale in Puglia. La presenza di defibrillatori di pubblico accesso \u00e8 uno dei principali rimedi contro la lotta alle morti improvvise che vede le statistiche arrivare a 60.000 decessi ogni anno. \u00c8 stata Blu Corporation, societ\u00e0 impegnata nella diffusione della cultura alle manovre salvavita, a installare un nuovo presidio salvavita in un luogo di sport come l&#8217;area del Tempietto, come gi\u00e0 successo per Piazza Italia. Alla consegna con i rappresentanti di Blu Corporation e dell&#8217; ASD Michele Viola, erano presenti per l&#8217;Amministrazione comunale\u00a0il sindaco Giuseppe Falcomat\u00e0, con il consigliere comunale delegato allo Sport e Turismo, Giovanni Latella. A portare il saluto del questore Salvatore La Rosa, c&#8217;era Antonio Turi, vicario questore. Mentre per la solenne benedizione del nuovo dispositivo c&#8217;era Don Graziano Bonfitto, della parrocchia di Sant&#8217;Antonio.<\/p>\n<p>&nbsp;<\/p>\n<p dir=\"ltr\">\u00abRingrazio la Blu Corporation e l&#8217;Asd Michel Viola per questo atto d&#8217;amore \u2013 ha precisato il sindaco Falcomat\u00e0 \u2013 all&#8217;interno di quello che \u00e8 diventato uno dei luoghi del cuore di Reggio, uno spazio per tutti, di socialit\u00e0 per bambini e per famiglie, uno spazio per chi vuole fare sport, dove per\u00f2 mancava un elemento che potesse consentire di vivere questi momenti nella massima sicurezza. L&#8217;installazione di oggi fa capire quanto questo posto sia entrato nel cuore dei reggini e noi abbiamo il dovere, preservando questo luogo, anche di preservare questo strumento qualora dovesse servire\u00a0 per salvare una vita. Quindi responsabilizziamoci tutti e cerchiamo di averne cura come, da oltre un anno, stiamo avendo cura di questo spazio. Grazie, ancora una volta alle associazioni e al contributo che danno per la crescita della citt\u00e0: siete da esempio\u00bb.<\/p>\n","protected":false},"excerpt":{"rendered":"<p>Nuovo defibrillatore al Tempietto, Falcomat\u00e0: \u00abUn atto d&#8217;amore per la sicurezza in uno dei luoghi del cuore della nostra citt\u00e0\u00bb &nbsp; L&#8217;installazione, curata da Blu Corporation, \u00e8 stata voluta dall&#8217;ASD&hellip;<\/p>\n","protected":false},"author":5,"featured_media":83810,"comment_status":"closed","ping_status":"open","sticky":false,"template":"","format":"standard","meta":{"_jetpack_memberships_contains_paid_content":false,"footnotes":"","jetpack_publicize_message":"","jetpack_publicize_feature_enabled":true,"jetpack_social_post_already_shared":true,"jetpack_social_options":{"image_generator_settings":{"template":"highway","default_image_id":0,"font":"","enabled":false},"version":2}},"categories":[921,196,140],"tags":[48269,48271,812,48270,48272,48268,1263],"class_list":["post-83809","post","type-post","status-publish","format-standard","has-post-thumbnail","hentry","category-home","category-news","category-reggio-calabria","tag-consegna","tag-ex-capo-gabinetto-taranto","tag-giuseppe-falcomata","tag-michele-viola","tag-morto-incidente-stradale","tag-nuovo-defibrillatore","tag-tempietto"],"yoast_head":"<!-- This site is optimized with the Yoast SEO plugin v27.2 - https:\/\/yoast.com\/product\/yoast-seo-wordpress\/ -->\n<title>Reggio: consegnato un nuovo defibrillatore al Tempietto<\/title>\n<meta name=\"description\" content=\"&quot;Un atto d&#039;amore per la sicurezza in uno dei luoghi del cuore della nostra citt\u00e0&quot;, ha dichiarato il Sindaco Falcomat\u00e0\" \/>\n<meta name=\"robots\" content=\"index, follow, max-snippet:-1, max-image-preview:large, max-video-preview:-1\" \/>\n<link rel=\"canonical\" href=\"https:\/\/progettotouring.it\/radiotouring104\/2025\/10\/13\/reggio-consegnato-un-nuovo-defibrillatore-al-tempietto-in-memoria-di-michele-viola\/\" \/>\n<meta property=\"og:locale\" content=\"it_IT\" \/>\n<meta property=\"og:type\" content=\"article\" \/>\n<meta property=\"og:title\" content=\"Reggio: consegnato un nuovo defibrillatore al Tempietto\" \/>\n<meta property=\"og:description\" content=\"&quot;Un atto d&#039;amore per la sicurezza in uno dei luoghi del cuore della nostra citt\u00e0&quot;, ha dichiarato il Sindaco Falcomat\u00e0\" \/>\n<meta property=\"og:url\" content=\"https:\/\/progettotouring.it\/radiotouring104\/2025\/10\/13\/reggio-consegnato-un-nuovo-defibrillatore-al-tempietto-in-memoria-di-michele-viola\/\" \/>\n<meta property=\"og:site_name\" content=\"Radio Touring 104\" \/>\n<meta property=\"article:published_time\" content=\"2025-10-13T07:37:15+00:00\" \/>\n<meta property=\"article:modified_time\" content=\"2025-10-13T08:14:53+00:00\" \/>\n<meta property=\"og:image\" content=\"https:\/\/progettotouring.it\/radiotouring104\/wp-content\/uploads\/sites\/6\/2025\/10\/Defibrillatore-Tempietto-Michele-Viola-Falcomata-Latella.gif\" \/>\n\t<meta property=\"og:image:width\" content=\"626\" \/>\n\t<meta property=\"og:image:height\" content=\"416\" \/>\n\t<meta property=\"og:image:type\" content=\"image\/gif\" \/>\n<meta name=\"author\" content=\"redazione\" \/>\n<meta name=\"twitter:card\" content=\"summary_large_image\" \/>\n<meta name=\"twitter:label1\" content=\"Scritto da\" \/>\n\t<meta name=\"twitter:data1\" content=\"redazione\" \/>\n\t<meta name=\"twitter:label2\" content=\"Tempo di lettura stimato\" \/>\n\t<meta name=\"twitter:data2\" content=\"2 minuti\" \/>\n<script type=\"application\/ld+json\" class=\"yoast-schema-graph\">{\"@context\":\"https:\/\/schema.org\",\"@graph\":[{\"@type\":\"Article\",\"@id\":\"https:\/\/progettotouring.it\/radiotouring104\/2025\/10\/13\/reggio-consegnato-un-nuovo-defibrillatore-al-tempietto-in-memoria-di-michele-viola\/#article\",\"isPartOf\":{\"@id\":\"https:\/\/progettotouring.it\/radiotouring104\/2025\/10\/13\/reggio-consegnato-un-nuovo-defibrillatore-al-tempietto-in-memoria-di-michele-viola\/\"},\"author\":{\"name\":\"redazione\",\"@id\":\"https:\/\/progettotouring.it\/radiotouring104\/#\/schema\/person\/1b3eb3c07c47136bc44c785c543e635f\"},\"headline\":\"Reggio: consegnato un nuovo defibrillatore al Tempietto, in memoria di Michele Viola\",\"datePublished\":\"2025-10-13T07:37:15+00:00\",\"dateModified\":\"2025-10-13T08:14:53+00:00\",\"mainEntityOfPage\":{\"@id\":\"https:\/\/progettotouring.it\/radiotouring104\/2025\/10\/13\/reggio-consegnato-un-nuovo-defibrillatore-al-tempietto-in-memoria-di-michele-viola\/\"},\"wordCount\":361,\"publisher\":{\"@id\":\"https:\/\/progettotouring.it\/radiotouring104\/#organization\"},\"image\":{\"@id\":\"https:\/\/progettotouring.it\/radiotouring104\/2025\/10\/13\/reggio-consegnato-un-nuovo-defibrillatore-al-tempietto-in-memoria-di-michele-viola\/#primaryimage\"},\"thumbnailUrl\":\"https:\/\/progettotouring.it\/radiotouring104\/wp-content\/uploads\/sites\/6\/2025\/10\/Defibrillatore-Tempietto-Michele-Viola-Falcomata-Latella.gif\",\"keywords\":[\"consegna\",\"ex capo gabinetto Taranto\",\"Giuseppe Falcomat\u00e0\",\"Michele Viola\",\"morto incidente stradale\",\"nuovo defibrillatore\",\"tempietto\"],\"articleSection\":[\"Home\",\"News\",\"Reggio Calabria\"],\"inLanguage\":\"it-IT\"},{\"@type\":\"WebPage\",\"@id\":\"https:\/\/progettotouring.it\/radiotouring104\/2025\/10\/13\/reggio-consegnato-un-nuovo-defibrillatore-al-tempietto-in-memoria-di-michele-viola\/\",\"url\":\"https:\/\/progettotouring.it\/radiotouring104\/2025\/10\/13\/reggio-consegnato-un-nuovo-defibrillatore-al-tempietto-in-memoria-di-michele-viola\/\",\"name\":\"Reggio: consegnato un nuovo defibrillatore al Tempietto\",\"isPartOf\":{\"@id\":\"https:\/\/progettotouring.it\/radiotouring104\/#website\"},\"primaryImageOfPage\":{\"@id\":\"https:\/\/progettotouring.it\/radiotouring104\/2025\/10\/13\/reggio-consegnato-un-nuovo-defibrillatore-al-tempietto-in-memoria-di-michele-viola\/#primaryimage\"},\"image\":{\"@id\":\"https:\/\/progettotouring.it\/radiotouring104\/2025\/10\/13\/reggio-consegnato-un-nuovo-defibrillatore-al-tempietto-in-memoria-di-michele-viola\/#primaryimage\"},\"thumbnailUrl\":\"https:\/\/progettotouring.it\/radiotouring104\/wp-content\/uploads\/sites\/6\/2025\/10\/Defibrillatore-Tempietto-Michele-Viola-Falcomata-Latella.gif\",\"datePublished\":\"2025-10-13T07:37:15+00:00\",\"dateModified\":\"2025-10-13T08:14:53+00:00\",\"description\":\"\\\"Un atto d'amore per la sicurezza in uno dei luoghi del cuore della nostra citt\u00e0\\\", ha dichiarato il Sindaco Falcomat\u00e0\",\"breadcrumb\":{\"@id\":\"https:\/\/progettotouring.it\/radiotouring104\/2025\/10\/13\/reggio-consegnato-un-nuovo-defibrillatore-al-tempietto-in-memoria-di-michele-viola\/#breadcrumb\"},\"inLanguage\":\"it-IT\",\"potentialAction\":[{\"@type\":\"ReadAction\",\"target\":[\"https:\/\/progettotouring.it\/radiotouring104\/2025\/10\/13\/reggio-consegnato-un-nuovo-defibrillatore-al-tempietto-in-memoria-di-michele-viola\/\"]}]},{\"@type\":\"ImageObject\",\"inLanguage\":\"it-IT\",\"@id\":\"https:\/\/progettotouring.it\/radiotouring104\/2025\/10\/13\/reggio-consegnato-un-nuovo-defibrillatore-al-tempietto-in-memoria-di-michele-viola\/#primaryimage\",\"url\":\"https:\/\/progettotouring.it\/radiotouring104\/wp-content\/uploads\/sites\/6\/2025\/10\/Defibrillatore-Tempietto-Michele-Viola-Falcomata-Latella.gif\",\"contentUrl\":\"https:\/\/progettotouring.it\/radiotouring104\/wp-content\/uploads\/sites\/6\/2025\/10\/Defibrillatore-Tempietto-Michele-Viola-Falcomata-Latella.gif\",\"width\":626,\"height\":416},{\"@type\":\"BreadcrumbList\",\"@id\":\"https:\/\/progettotouring.it\/radiotouring104\/2025\/10\/13\/reggio-consegnato-un-nuovo-defibrillatore-al-tempietto-in-memoria-di-michele-viola\/#breadcrumb\",\"itemListElement\":[{\"@type\":\"ListItem\",\"position\":1,\"name\":\"Home\",\"item\":\"https:\/\/progettotouring.it\/radiotouring104\/\"},{\"@type\":\"ListItem\",\"position\":2,\"name\":\"Reggio: consegnato un nuovo defibrillatore al Tempietto, in memoria di Michele Viola\"}]},{\"@type\":\"WebSite\",\"@id\":\"https:\/\/progettotouring.it\/radiotouring104\/#website\",\"url\":\"https:\/\/progettotouring.it\/radiotouring104\/\",\"name\":\"Radio Touring 104\",\"description\":\"La prima radio Reggina\",\"publisher\":{\"@id\":\"https:\/\/progettotouring.it\/radiotouring104\/#organization\"},\"potentialAction\":[{\"@type\":\"SearchAction\",\"target\":{\"@type\":\"EntryPoint\",\"urlTemplate\":\"https:\/\/progettotouring.it\/radiotouring104\/?s={search_term_string}\"},\"query-input\":{\"@type\":\"PropertyValueSpecification\",\"valueRequired\":true,\"valueName\":\"search_term_string\"}}],\"inLanguage\":\"it-IT\"},{\"@type\":\"Organization\",\"@id\":\"https:\/\/progettotouring.it\/radiotouring104\/#organization\",\"name\":\"Radio Touring 104\",\"url\":\"https:\/\/progettotouring.it\/radiotouring104\/\",\"logo\":{\"@type\":\"ImageObject\",\"inLanguage\":\"it-IT\",\"@id\":\"https:\/\/progettotouring.it\/radiotouring104\/#\/schema\/logo\/image\/\",\"url\":\"https:\/\/progettotouring.it\/radiotouring104\/wp-content\/uploads\/sites\/6\/2022\/02\/cropped-logo-radio-touring-104.png\",\"contentUrl\":\"https:\/\/progettotouring.it\/radiotouring104\/wp-content\/uploads\/sites\/6\/2022\/02\/cropped-logo-radio-touring-104.png\",\"width\":377,\"height\":182,\"caption\":\"Radio Touring 104\"},\"image\":{\"@id\":\"https:\/\/progettotouring.it\/radiotouring104\/#\/schema\/logo\/image\/\"}},{\"@type\":\"Person\",\"@id\":\"https:\/\/progettotouring.it\/radiotouring104\/#\/schema\/person\/1b3eb3c07c47136bc44c785c543e635f\",\"name\":\"redazione\",\"image\":{\"@type\":\"ImageObject\",\"inLanguage\":\"it-IT\",\"@id\":\"https:\/\/secure.gravatar.com\/avatar\/0b31605b49f100769e8b624b3e05de1b73e1692e9568a352f60f53fd072e6e11?s=96&d=mm&r=g\",\"url\":\"https:\/\/secure.gravatar.com\/avatar\/0b31605b49f100769e8b624b3e05de1b73e1692e9568a352f60f53fd072e6e11?s=96&d=mm&r=g\",\"contentUrl\":\"https:\/\/secure.gravatar.com\/avatar\/0b31605b49f100769e8b624b3e05de1b73e1692e9568a352f60f53fd072e6e11?s=96&d=mm&r=g\",\"caption\":\"redazione\"},\"url\":\"https:\/\/progettotouring.it\/radiotouring104\/author\/redazione\/\"}]}<\/script>\n<!-- \/ Yoast SEO plugin. -->","yoast_head_json":{"title":"Reggio: consegnato un nuovo defibrillatore al Tempietto","description":"\"Un atto d'amore per la sicurezza in uno dei luoghi del cuore della nostra citt\u00e0\", ha dichiarato il Sindaco Falcomat\u00e0","robots":{"index":"index","follow":"follow","max-snippet":"max-snippet:-1","max-image-preview":"max-image-preview:large","max-video-preview":"max-video-preview:-1"},"canonical":"https:\/\/progettotouring.it\/radiotouring104\/2025\/10\/13\/reggio-consegnato-un-nuovo-defibrillatore-al-tempietto-in-memoria-di-michele-viola\/","og_locale":"it_IT","og_type":"article","og_title":"Reggio: consegnato un nuovo defibrillatore al Tempietto","og_description":"\"Un atto d'amore per la sicurezza in uno dei luoghi del cuore della nostra citt\u00e0\", ha dichiarato il Sindaco Falcomat\u00e0","og_url":"https:\/\/progettotouring.it\/radiotouring104\/2025\/10\/13\/reggio-consegnato-un-nuovo-defibrillatore-al-tempietto-in-memoria-di-michele-viola\/","og_site_name":"Radio Touring 104","article_published_time":"2025-10-13T07:37:15+00:00","article_modified_time":"2025-10-13T08:14:53+00:00","og_image":[{"width":626,"height":416,"url":"https:\/\/progettotouring.it\/radiotouring104\/wp-content\/uploads\/sites\/6\/2025\/10\/Defibrillatore-Tempietto-Michele-Viola-Falcomata-Latella.gif","type":"image\/gif"}],"author":"redazione","twitter_card":"summary_large_image","twitter_misc":{"Scritto da":"redazione","Tempo di lettura stimato":"2 minuti"},"schema":{"@context":"https:\/\/schema.org","@graph":[{"@type":"Article","@id":"https:\/\/progettotouring.it\/radiotouring104\/2025\/10\/13\/reggio-consegnato-un-nuovo-defibrillatore-al-tempietto-in-memoria-di-michele-viola\/#article","isPartOf":{"@id":"https:\/\/progettotouring.it\/radiotouring104\/2025\/10\/13\/reggio-consegnato-un-nuovo-defibrillatore-al-tempietto-in-memoria-di-michele-viola\/"},"author":{"name":"redazione","@id":"https:\/\/progettotouring.it\/radiotouring104\/#\/schema\/person\/1b3eb3c07c47136bc44c785c543e635f"},"headline":"Reggio: consegnato un nuovo defibrillatore al Tempietto, in memoria di Michele Viola","datePublished":"2025-10-13T07:37:15+00:00","dateModified":"2025-10-13T08:14:53+00:00","mainEntityOfPage":{"@id":"https:\/\/progettotouring.it\/radiotouring104\/2025\/10\/13\/reggio-consegnato-un-nuovo-defibrillatore-al-tempietto-in-memoria-di-michele-viola\/"},"wordCount":361,"publisher":{"@id":"https:\/\/progettotouring.it\/radiotouring104\/#organization"},"image":{"@id":"https:\/\/progettotouring.it\/radiotouring104\/2025\/10\/13\/reggio-consegnato-un-nuovo-defibrillatore-al-tempietto-in-memoria-di-michele-viola\/#primaryimage"},"thumbnailUrl":"https:\/\/progettotouring.it\/radiotouring104\/wp-content\/uploads\/sites\/6\/2025\/10\/Defibrillatore-Tempietto-Michele-Viola-Falcomata-Latella.gif","keywords":["consegna","ex capo gabinetto Taranto","Giuseppe Falcomat\u00e0","Michele Viola","morto incidente stradale","nuovo defibrillatore","tempietto"],"articleSection":["Home","News","Reggio Calabria"],"inLanguage":"it-IT"},{"@type":"WebPage","@id":"https:\/\/progettotouring.it\/radiotouring104\/2025\/10\/13\/reggio-consegnato-un-nuovo-defibrillatore-al-tempietto-in-memoria-di-michele-viola\/","url":"https:\/\/progettotouring.it\/radiotouring104\/2025\/10\/13\/reggio-consegnato-un-nuovo-defibrillatore-al-tempietto-in-memoria-di-michele-viola\/","name":"Reggio: consegnato un nuovo defibrillatore al Tempietto","isPartOf":{"@id":"https:\/\/progettotouring.it\/radiotouring104\/#website"},"primaryImageOfPage":{"@id":"https:\/\/progettotouring.it\/radiotouring104\/2025\/10\/13\/reggio-consegnato-un-nuovo-defibrillatore-al-tempietto-in-memoria-di-michele-viola\/#primaryimage"},"image":{"@id":"https:\/\/progettotouring.it\/radiotouring104\/2025\/10\/13\/reggio-consegnato-un-nuovo-defibrillatore-al-tempietto-in-memoria-di-michele-viola\/#primaryimage"},"thumbnailUrl":"https:\/\/progettotouring.it\/radiotouring104\/wp-content\/uploads\/sites\/6\/2025\/10\/Defibrillatore-Tempietto-Michele-Viola-Falcomata-Latella.gif","datePublished":"2025-10-13T07:37:15+00:00","dateModified":"2025-10-13T08:14:53+00:00","description":"\"Un atto d'amore per la sicurezza in uno dei luoghi del cuore della nostra citt\u00e0\", ha dichiarato il Sindaco Falcomat\u00e0","breadcrumb":{"@id":"https:\/\/progettotouring.it\/radiotouring104\/2025\/10\/13\/reggio-consegnato-un-nuovo-defibrillatore-al-tempietto-in-memoria-di-michele-viola\/#breadcrumb"},"inLanguage":"it-IT","potentialAction":[{"@type":"ReadAction","target":["https:\/\/progettotouring.it\/radiotouring104\/2025\/10\/13\/reggio-consegnato-un-nuovo-defibrillatore-al-tempietto-in-memoria-di-michele-viola\/"]}]},{"@type":"ImageObject","inLanguage":"it-IT","@id":"https:\/\/progettotouring.it\/radiotouring104\/2025\/10\/13\/reggio-consegnato-un-nuovo-defibrillatore-al-tempietto-in-memoria-di-michele-viola\/#primaryimage","url":"https:\/\/progettotouring.it\/radiotouring104\/wp-content\/uploads\/sites\/6\/2025\/10\/Defibrillatore-Tempietto-Michele-Viola-Falcomata-Latella.gif","contentUrl":"https:\/\/progettotouring.it\/radiotouring104\/wp-content\/uploads\/sites\/6\/2025\/10\/Defibrillatore-Tempietto-Michele-Viola-Falcomata-Latella.gif","width":626,"height":416},{"@type":"BreadcrumbList","@id":"https:\/\/progettotouring.it\/radiotouring104\/2025\/10\/13\/reggio-consegnato-un-nuovo-defibrillatore-al-tempietto-in-memoria-di-michele-viola\/#breadcrumb","itemListElement":[{"@type":"ListItem","position":1,"name":"Home","item":"https:\/\/progettotouring.it\/radiotouring104\/"},{"@type":"ListItem","position":2,"name":"Reggio: consegnato un nuovo defibrillatore al Tempietto, in memoria di Michele Viola"}]},{"@type":"WebSite","@id":"https:\/\/progettotouring.it\/radiotouring104\/#website","url":"https:\/\/progettotouring.it\/radiotouring104\/","name":"Radio Touring 104","description":"La prima radio Reggina","publisher":{"@id":"https:\/\/progettotouring.it\/radiotouring104\/#organization"},"potentialAction":[{"@type":"SearchAction","target":{"@type":"EntryPoint","urlTemplate":"https:\/\/progettotouring.it\/radiotouring104\/?s={search_term_string}"},"query-input":{"@type":"PropertyValueSpecification","valueRequired":true,"valueName":"search_term_string"}}],"inLanguage":"it-IT"},{"@type":"Organization","@id":"https:\/\/progettotouring.it\/radiotouring104\/#organization","name":"Radio Touring 104","url":"https:\/\/progettotouring.it\/radiotouring104\/","logo":{"@type":"ImageObject","inLanguage":"it-IT","@id":"https:\/\/progettotouring.it\/radiotouring104\/#\/schema\/logo\/image\/","url":"https:\/\/progettotouring.it\/radiotouring104\/wp-content\/uploads\/sites\/6\/2022\/02\/cropped-logo-radio-touring-104.png","contentUrl":"https:\/\/progettotouring.it\/radiotouring104\/wp-content\/uploads\/sites\/6\/2022\/02\/cropped-logo-radio-touring-104.png","width":377,"height":182,"caption":"Radio Touring 104"},"image":{"@id":"https:\/\/progettotouring.it\/radiotouring104\/#\/schema\/logo\/image\/"}},{"@type":"Person","@id":"https:\/\/progettotouring.it\/radiotouring104\/#\/schema\/person\/1b3eb3c07c47136bc44c785c543e635f","name":"redazione","image":{"@type":"ImageObject","inLanguage":"it-IT","@id":"https:\/\/secure.gravatar.com\/avatar\/0b31605b49f100769e8b624b3e05de1b73e1692e9568a352f60f53fd072e6e11?s=96&d=mm&r=g","url":"https:\/\/secure.gravatar.com\/avatar\/0b31605b49f100769e8b624b3e05de1b73e1692e9568a352f60f53fd072e6e11?s=96&d=mm&r=g","contentUrl":"https:\/\/secure.gravatar.com\/avatar\/0b31605b49f100769e8b624b3e05de1b73e1692e9568a352f60f53fd072e6e11?s=96&d=mm&r=g","caption":"redazione"},"url":"https:\/\/progettotouring.it\/radiotouring104\/author\/redazione\/"}]}},"jetpack_publicize_connections":[],"jetpack_featured_media_url":"https:\/\/progettotouring.it\/radiotouring104\/wp-content\/uploads\/sites\/6\/2025\/10\/Defibrillatore-Tempietto-Michele-Viola-Falcomata-Latella.gif","jetpack_sharing_enabled":true,"_links":{"self":[{"href":"https:\/\/progettotouring.it\/radiotouring104\/wp-json\/wp\/v2\/posts\/83809","targetHints":{"allow":["GET"]}}],"collection":[{"href":"https:\/\/progettotouring.it\/radiotouring104\/wp-json\/wp\/v2\/posts"}],"about":[{"href":"https:\/\/progettotouring.it\/radiotouring104\/wp-json\/wp\/v2\/types\/post"}],"author":[{"embeddable":true,"href":"https:\/\/progettotouring.it\/radiotouring104\/wp-json\/wp\/v2\/users\/5"}],"replies":[{"embeddable":true,"href":"https:\/\/progettotouring.it\/radiotouring104\/wp-json\/wp\/v2\/comments?post=83809"}],"version-history":[{"count":1,"href":"https:\/\/progettotouring.it\/radiotouring104\/wp-json\/wp\/v2\/posts\/83809\/revisions"}],"predecessor-version":[{"id":83811,"href":"https:\/\/progettotouring.it\/radiotouring104\/wp-json\/wp\/v2\/posts\/83809\/revisions\/83811"}],"wp:featuredmedia":[{"embeddable":true,"href":"https:\/\/progettotouring.it\/radiotouring104\/wp-json\/wp\/v2\/media\/83810"}],"wp:attachment":[{"href":"https:\/\/progettotouring.it\/radiotouring104\/wp-json\/wp\/v2\/media?parent=83809"}],"wp:term":[{"taxonomy":"category","embeddable":true,"href":"https:\/\/progettotouring.it\/radiotouring104\/wp-json\/wp\/v2\/categories?post=83809"},{"taxonomy":"post_tag","embeddable":true,"href":"https:\/\/progettotouring.it\/radiotouring104\/wp-json\/wp\/v2\/tags?post=83809"}],"curies":[{"name":"wp","href":"https:\/\/api.w.org\/{rel}","templated":true}]}}