{"id":83827,"date":"2025-10-13T10:55:04","date_gmt":"2025-10-13T08:55:04","guid":{"rendered":"https:\/\/progettotouring.it\/radiotouring104\/?p=83827"},"modified":"2025-10-13T12:03:16","modified_gmt":"2025-10-13T10:03:16","slug":"villapiana-cs-tridico-condanna-latto-intimidatorio-ai-danni-delle-vetture-del-presidente-del-consiglio-comunale","status":"publish","type":"post","link":"https:\/\/progettotouring.it\/radiotouring104\/2025\/10\/13\/villapiana-cs-tridico-condanna-latto-intimidatorio-ai-danni-delle-vetture-del-presidente-del-consiglio-comunale\/","title":{"rendered":"Villapiana (CS): Tridico condanna l&#8217;atto intimidatorio ai danni delle vetture del Presidente del Consiglio Comunale"},"content":{"rendered":"<p>Pasquale Tridico, candidato a Presidente della Regione Calabria per il Campo Largo, alle recenti Elezioni Regionali, esprime piena solidariet\u00e0 al \u00a0presidente del Consiglio comunale di Villapiana, Joseph Guida, per l&#8217;atto intimidatorio ai danni delle autovetture, sua e della sua famiglia, date alle fiamme.<\/p>\n<p>\u00abApprendo costernato del grave atto intimidatorio consumatosi a Villapiana, delle due automobili di propriet\u00e0 della famiglia di Joseph Guida, presidente del Consiglio comunale e segretario cittadino del Partito Democratico, distrutte da incend\u00ee di matrice dolosa. Non \u00e8 un episodio isolato nella Sibaritide n\u00e9 marginale: colpisce direttamente chi, con dedizione e responsabilit\u00e0, ha scelto di mettersi al servizio della comunit\u00e0 e delle istituzioni locali e tenta di minare la fiducia dei cittadini nel senso dello Stato, nella legalit\u00e0 e nella democrazia. A Joseph Guida e alla sua famiglia esprimo la mia piena solidariet\u00e0. A loro va il mio sostegno personale e istituzionale, con la pi\u00f9 ferma condanna per un atto che cerca di intimidire nel silenzio chi lavora per il bene comune. A Villapiana, come in ogni angolo della Calabria, chi sceglie di amministrare con trasparenza e rigore non deve sentirsi isolato. La risposta pi\u00f9 efficace contro l\u2019intimidazione \u00e8 l\u2019unit\u00e0 delle forze sane della politica, la partecipazione attiva dei cittadini. Joseph non \u00e8 solo: la sua battaglia \u00e8 anche la nostra\u00bb, scrive in una nota l\u2019europarlamentare Pasquale Tridico.<\/p>\n","protected":false},"excerpt":{"rendered":"<p>Pasquale Tridico, candidato a Presidente della Regione Calabria per il Campo Largo, alle recenti Elezioni Regionali, esprime piena solidariet\u00e0 al \u00a0presidente del Consiglio comunale di Villapiana, Joseph Guida, per l&#8217;atto&hellip;<\/p>\n","protected":false},"author":5,"featured_media":51014,"comment_status":"closed","ping_status":"open","sticky":false,"template":"","format":"standard","meta":{"_jetpack_memberships_contains_paid_content":false,"footnotes":"","jetpack_publicize_message":"","jetpack_publicize_feature_enabled":true,"jetpack_social_post_already_shared":true,"jetpack_social_options":{"image_generator_settings":{"template":"highway","default_image_id":0,"font":"","enabled":false},"version":2}},"categories":[142,921,196],"tags":[6799,354,48287,48286,32559,48285,30841],"class_list":["post-83827","post","type-post","status-publish","format-standard","has-post-thumbnail","hentry","category-calabria","category-home","category-news","tag-atto-intimidatorio","tag-cosenza","tag-incendiate-auto","tag-joseph-guida","tag-pasquale-tridico","tag-presidente-del-consiglio-comunale","tag-villapiana"],"yoast_head":"<!-- This site is optimized with the Yoast SEO plugin v27.2 - https:\/\/yoast.com\/product\/yoast-seo-wordpress\/ -->\n<title>Villapiana (CS): atto intimidatorio alle auto di Joseph Guida<\/title>\n<meta name=\"description\" content=\"Date alle fiamme le auto del Presidente del Consiglio Comunale e della sua famiglia. Solidariet\u00e0 dell&#039;europarlamentare Tridico\" \/>\n<meta name=\"robots\" content=\"index, follow, max-snippet:-1, max-image-preview:large, max-video-preview:-1\" \/>\n<link rel=\"canonical\" href=\"https:\/\/progettotouring.it\/radiotouring104\/2025\/10\/13\/villapiana-cs-tridico-condanna-latto-intimidatorio-ai-danni-delle-vetture-del-presidente-del-consiglio-comunale\/\" \/>\n<meta property=\"og:locale\" content=\"it_IT\" \/>\n<meta property=\"og:type\" content=\"article\" \/>\n<meta property=\"og:title\" content=\"Villapiana (CS): atto intimidatorio alle auto di Joseph Guida\" \/>\n<meta property=\"og:description\" content=\"Date alle fiamme le auto del Presidente del Consiglio Comunale e della sua famiglia. Solidariet\u00e0 dell&#039;europarlamentare Tridico\" \/>\n<meta property=\"og:url\" content=\"https:\/\/progettotouring.it\/radiotouring104\/2025\/10\/13\/villapiana-cs-tridico-condanna-latto-intimidatorio-ai-danni-delle-vetture-del-presidente-del-consiglio-comunale\/\" \/>\n<meta property=\"og:site_name\" content=\"Radio Touring 104\" \/>\n<meta property=\"article:published_time\" content=\"2025-10-13T08:55:04+00:00\" \/>\n<meta property=\"article:modified_time\" content=\"2025-10-13T10:03:16+00:00\" \/>\n<meta property=\"og:image\" content=\"https:\/\/progettotouring.it\/radiotouring104\/wp-content\/uploads\/sites\/6\/2024\/05\/carabinieri-perseverant-pamplona.jpg\" \/>\n\t<meta property=\"og:image:width\" content=\"1024\" \/>\n\t<meta property=\"og:image:height\" content=\"590\" \/>\n\t<meta property=\"og:image:type\" content=\"image\/jpeg\" \/>\n<meta name=\"author\" content=\"redazione\" \/>\n<meta name=\"twitter:card\" content=\"summary_large_image\" \/>\n<meta name=\"twitter:label1\" content=\"Scritto da\" \/>\n\t<meta name=\"twitter:data1\" content=\"redazione\" \/>\n\t<meta name=\"twitter:label2\" content=\"Tempo di lettura stimato\" \/>\n\t<meta name=\"twitter:data2\" content=\"1 minuto\" \/>\n<script type=\"application\/ld+json\" class=\"yoast-schema-graph\">{\"@context\":\"https:\/\/schema.org\",\"@graph\":[{\"@type\":\"Article\",\"@id\":\"https:\/\/progettotouring.it\/radiotouring104\/2025\/10\/13\/villapiana-cs-tridico-condanna-latto-intimidatorio-ai-danni-delle-vetture-del-presidente-del-consiglio-comunale\/#article\",\"isPartOf\":{\"@id\":\"https:\/\/progettotouring.it\/radiotouring104\/2025\/10\/13\/villapiana-cs-tridico-condanna-latto-intimidatorio-ai-danni-delle-vetture-del-presidente-del-consiglio-comunale\/\"},\"author\":{\"name\":\"redazione\",\"@id\":\"https:\/\/progettotouring.it\/radiotouring104\/#\/schema\/person\/1b3eb3c07c47136bc44c785c543e635f\"},\"headline\":\"Villapiana (CS): Tridico condanna l&#8217;atto intimidatorio ai danni delle vetture del Presidente del Consiglio Comunale\",\"datePublished\":\"2025-10-13T08:55:04+00:00\",\"dateModified\":\"2025-10-13T10:03:16+00:00\",\"mainEntityOfPage\":{\"@id\":\"https:\/\/progettotouring.it\/radiotouring104\/2025\/10\/13\/villapiana-cs-tridico-condanna-latto-intimidatorio-ai-danni-delle-vetture-del-presidente-del-consiglio-comunale\/\"},\"wordCount\":234,\"publisher\":{\"@id\":\"https:\/\/progettotouring.it\/radiotouring104\/#organization\"},\"image\":{\"@id\":\"https:\/\/progettotouring.it\/radiotouring104\/2025\/10\/13\/villapiana-cs-tridico-condanna-latto-intimidatorio-ai-danni-delle-vetture-del-presidente-del-consiglio-comunale\/#primaryimage\"},\"thumbnailUrl\":\"https:\/\/progettotouring.it\/radiotouring104\/wp-content\/uploads\/sites\/6\/2024\/05\/carabinieri-perseverant-pamplona.jpg\",\"keywords\":[\"Atto intimidatorio\",\"Cosenza\",\"incendiate auto\",\"Joseph Guida\",\"Pasquale Tridico\",\"Presidente del Consiglio Comunale\",\"Villapiana\"],\"articleSection\":[\"Calabria\",\"Home\",\"News\"],\"inLanguage\":\"it-IT\"},{\"@type\":\"WebPage\",\"@id\":\"https:\/\/progettotouring.it\/radiotouring104\/2025\/10\/13\/villapiana-cs-tridico-condanna-latto-intimidatorio-ai-danni-delle-vetture-del-presidente-del-consiglio-comunale\/\",\"url\":\"https:\/\/progettotouring.it\/radiotouring104\/2025\/10\/13\/villapiana-cs-tridico-condanna-latto-intimidatorio-ai-danni-delle-vetture-del-presidente-del-consiglio-comunale\/\",\"name\":\"Villapiana (CS): atto intimidatorio alle auto di Joseph Guida\",\"isPartOf\":{\"@id\":\"https:\/\/progettotouring.it\/radiotouring104\/#website\"},\"primaryImageOfPage\":{\"@id\":\"https:\/\/progettotouring.it\/radiotouring104\/2025\/10\/13\/villapiana-cs-tridico-condanna-latto-intimidatorio-ai-danni-delle-vetture-del-presidente-del-consiglio-comunale\/#primaryimage\"},\"image\":{\"@id\":\"https:\/\/progettotouring.it\/radiotouring104\/2025\/10\/13\/villapiana-cs-tridico-condanna-latto-intimidatorio-ai-danni-delle-vetture-del-presidente-del-consiglio-comunale\/#primaryimage\"},\"thumbnailUrl\":\"https:\/\/progettotouring.it\/radiotouring104\/wp-content\/uploads\/sites\/6\/2024\/05\/carabinieri-perseverant-pamplona.jpg\",\"datePublished\":\"2025-10-13T08:55:04+00:00\",\"dateModified\":\"2025-10-13T10:03:16+00:00\",\"description\":\"Date alle fiamme le auto del Presidente del Consiglio Comunale e della sua famiglia. Solidariet\u00e0 dell'europarlamentare Tridico\",\"breadcrumb\":{\"@id\":\"https:\/\/progettotouring.it\/radiotouring104\/2025\/10\/13\/villapiana-cs-tridico-condanna-latto-intimidatorio-ai-danni-delle-vetture-del-presidente-del-consiglio-comunale\/#breadcrumb\"},\"inLanguage\":\"it-IT\",\"potentialAction\":[{\"@type\":\"ReadAction\",\"target\":[\"https:\/\/progettotouring.it\/radiotouring104\/2025\/10\/13\/villapiana-cs-tridico-condanna-latto-intimidatorio-ai-danni-delle-vetture-del-presidente-del-consiglio-comunale\/\"]}]},{\"@type\":\"ImageObject\",\"inLanguage\":\"it-IT\",\"@id\":\"https:\/\/progettotouring.it\/radiotouring104\/2025\/10\/13\/villapiana-cs-tridico-condanna-latto-intimidatorio-ai-danni-delle-vetture-del-presidente-del-consiglio-comunale\/#primaryimage\",\"url\":\"https:\/\/progettotouring.it\/radiotouring104\/wp-content\/uploads\/sites\/6\/2024\/05\/carabinieri-perseverant-pamplona.jpg\",\"contentUrl\":\"https:\/\/progettotouring.it\/radiotouring104\/wp-content\/uploads\/sites\/6\/2024\/05\/carabinieri-perseverant-pamplona.jpg\",\"width\":1024,\"height\":590},{\"@type\":\"BreadcrumbList\",\"@id\":\"https:\/\/progettotouring.it\/radiotouring104\/2025\/10\/13\/villapiana-cs-tridico-condanna-latto-intimidatorio-ai-danni-delle-vetture-del-presidente-del-consiglio-comunale\/#breadcrumb\",\"itemListElement\":[{\"@type\":\"ListItem\",\"position\":1,\"name\":\"Home\",\"item\":\"https:\/\/progettotouring.it\/radiotouring104\/\"},{\"@type\":\"ListItem\",\"position\":2,\"name\":\"Villapiana (CS): Tridico condanna l&#8217;atto intimidatorio ai danni delle vetture del Presidente del Consiglio Comunale\"}]},{\"@type\":\"WebSite\",\"@id\":\"https:\/\/progettotouring.it\/radiotouring104\/#website\",\"url\":\"https:\/\/progettotouring.it\/radiotouring104\/\",\"name\":\"Radio Touring 104\",\"description\":\"La prima radio Reggina\",\"publisher\":{\"@id\":\"https:\/\/progettotouring.it\/radiotouring104\/#organization\"},\"potentialAction\":[{\"@type\":\"SearchAction\",\"target\":{\"@type\":\"EntryPoint\",\"urlTemplate\":\"https:\/\/progettotouring.it\/radiotouring104\/?s={search_term_string}\"},\"query-input\":{\"@type\":\"PropertyValueSpecification\",\"valueRequired\":true,\"valueName\":\"search_term_string\"}}],\"inLanguage\":\"it-IT\"},{\"@type\":\"Organization\",\"@id\":\"https:\/\/progettotouring.it\/radiotouring104\/#organization\",\"name\":\"Radio Touring 104\",\"url\":\"https:\/\/progettotouring.it\/radiotouring104\/\",\"logo\":{\"@type\":\"ImageObject\",\"inLanguage\":\"it-IT\",\"@id\":\"https:\/\/progettotouring.it\/radiotouring104\/#\/schema\/logo\/image\/\",\"url\":\"https:\/\/progettotouring.it\/radiotouring104\/wp-content\/uploads\/sites\/6\/2022\/02\/cropped-logo-radio-touring-104.png\",\"contentUrl\":\"https:\/\/progettotouring.it\/radiotouring104\/wp-content\/uploads\/sites\/6\/2022\/02\/cropped-logo-radio-touring-104.png\",\"width\":377,\"height\":182,\"caption\":\"Radio Touring 104\"},\"image\":{\"@id\":\"https:\/\/progettotouring.it\/radiotouring104\/#\/schema\/logo\/image\/\"}},{\"@type\":\"Person\",\"@id\":\"https:\/\/progettotouring.it\/radiotouring104\/#\/schema\/person\/1b3eb3c07c47136bc44c785c543e635f\",\"name\":\"redazione\",\"image\":{\"@type\":\"ImageObject\",\"inLanguage\":\"it-IT\",\"@id\":\"https:\/\/secure.gravatar.com\/avatar\/0b31605b49f100769e8b624b3e05de1b73e1692e9568a352f60f53fd072e6e11?s=96&d=mm&r=g\",\"url\":\"https:\/\/secure.gravatar.com\/avatar\/0b31605b49f100769e8b624b3e05de1b73e1692e9568a352f60f53fd072e6e11?s=96&d=mm&r=g\",\"contentUrl\":\"https:\/\/secure.gravatar.com\/avatar\/0b31605b49f100769e8b624b3e05de1b73e1692e9568a352f60f53fd072e6e11?s=96&d=mm&r=g\",\"caption\":\"redazione\"},\"url\":\"https:\/\/progettotouring.it\/radiotouring104\/author\/redazione\/\"}]}<\/script>\n<!-- \/ Yoast SEO plugin. -->","yoast_head_json":{"title":"Villapiana (CS): atto intimidatorio alle auto di Joseph Guida","description":"Date alle fiamme le auto del Presidente del Consiglio Comunale e della sua famiglia. Solidariet\u00e0 dell'europarlamentare Tridico","robots":{"index":"index","follow":"follow","max-snippet":"max-snippet:-1","max-image-preview":"max-image-preview:large","max-video-preview":"max-video-preview:-1"},"canonical":"https:\/\/progettotouring.it\/radiotouring104\/2025\/10\/13\/villapiana-cs-tridico-condanna-latto-intimidatorio-ai-danni-delle-vetture-del-presidente-del-consiglio-comunale\/","og_locale":"it_IT","og_type":"article","og_title":"Villapiana (CS): atto intimidatorio alle auto di Joseph Guida","og_description":"Date alle fiamme le auto del Presidente del Consiglio Comunale e della sua famiglia. Solidariet\u00e0 dell'europarlamentare Tridico","og_url":"https:\/\/progettotouring.it\/radiotouring104\/2025\/10\/13\/villapiana-cs-tridico-condanna-latto-intimidatorio-ai-danni-delle-vetture-del-presidente-del-consiglio-comunale\/","og_site_name":"Radio Touring 104","article_published_time":"2025-10-13T08:55:04+00:00","article_modified_time":"2025-10-13T10:03:16+00:00","og_image":[{"width":1024,"height":590,"url":"https:\/\/progettotouring.it\/radiotouring104\/wp-content\/uploads\/sites\/6\/2024\/05\/carabinieri-perseverant-pamplona.jpg","type":"image\/jpeg"}],"author":"redazione","twitter_card":"summary_large_image","twitter_misc":{"Scritto da":"redazione","Tempo di lettura stimato":"1 minuto"},"schema":{"@context":"https:\/\/schema.org","@graph":[{"@type":"Article","@id":"https:\/\/progettotouring.it\/radiotouring104\/2025\/10\/13\/villapiana-cs-tridico-condanna-latto-intimidatorio-ai-danni-delle-vetture-del-presidente-del-consiglio-comunale\/#article","isPartOf":{"@id":"https:\/\/progettotouring.it\/radiotouring104\/2025\/10\/13\/villapiana-cs-tridico-condanna-latto-intimidatorio-ai-danni-delle-vetture-del-presidente-del-consiglio-comunale\/"},"author":{"name":"redazione","@id":"https:\/\/progettotouring.it\/radiotouring104\/#\/schema\/person\/1b3eb3c07c47136bc44c785c543e635f"},"headline":"Villapiana (CS): Tridico condanna l&#8217;atto intimidatorio ai danni delle vetture del Presidente del Consiglio Comunale","datePublished":"2025-10-13T08:55:04+00:00","dateModified":"2025-10-13T10:03:16+00:00","mainEntityOfPage":{"@id":"https:\/\/progettotouring.it\/radiotouring104\/2025\/10\/13\/villapiana-cs-tridico-condanna-latto-intimidatorio-ai-danni-delle-vetture-del-presidente-del-consiglio-comunale\/"},"wordCount":234,"publisher":{"@id":"https:\/\/progettotouring.it\/radiotouring104\/#organization"},"image":{"@id":"https:\/\/progettotouring.it\/radiotouring104\/2025\/10\/13\/villapiana-cs-tridico-condanna-latto-intimidatorio-ai-danni-delle-vetture-del-presidente-del-consiglio-comunale\/#primaryimage"},"thumbnailUrl":"https:\/\/progettotouring.it\/radiotouring104\/wp-content\/uploads\/sites\/6\/2024\/05\/carabinieri-perseverant-pamplona.jpg","keywords":["Atto intimidatorio","Cosenza","incendiate auto","Joseph Guida","Pasquale Tridico","Presidente del Consiglio Comunale","Villapiana"],"articleSection":["Calabria","Home","News"],"inLanguage":"it-IT"},{"@type":"WebPage","@id":"https:\/\/progettotouring.it\/radiotouring104\/2025\/10\/13\/villapiana-cs-tridico-condanna-latto-intimidatorio-ai-danni-delle-vetture-del-presidente-del-consiglio-comunale\/","url":"https:\/\/progettotouring.it\/radiotouring104\/2025\/10\/13\/villapiana-cs-tridico-condanna-latto-intimidatorio-ai-danni-delle-vetture-del-presidente-del-consiglio-comunale\/","name":"Villapiana (CS): atto intimidatorio alle auto di Joseph Guida","isPartOf":{"@id":"https:\/\/progettotouring.it\/radiotouring104\/#website"},"primaryImageOfPage":{"@id":"https:\/\/progettotouring.it\/radiotouring104\/2025\/10\/13\/villapiana-cs-tridico-condanna-latto-intimidatorio-ai-danni-delle-vetture-del-presidente-del-consiglio-comunale\/#primaryimage"},"image":{"@id":"https:\/\/progettotouring.it\/radiotouring104\/2025\/10\/13\/villapiana-cs-tridico-condanna-latto-intimidatorio-ai-danni-delle-vetture-del-presidente-del-consiglio-comunale\/#primaryimage"},"thumbnailUrl":"https:\/\/progettotouring.it\/radiotouring104\/wp-content\/uploads\/sites\/6\/2024\/05\/carabinieri-perseverant-pamplona.jpg","datePublished":"2025-10-13T08:55:04+00:00","dateModified":"2025-10-13T10:03:16+00:00","description":"Date alle fiamme le auto del Presidente del Consiglio Comunale e della sua famiglia. Solidariet\u00e0 dell'europarlamentare Tridico","breadcrumb":{"@id":"https:\/\/progettotouring.it\/radiotouring104\/2025\/10\/13\/villapiana-cs-tridico-condanna-latto-intimidatorio-ai-danni-delle-vetture-del-presidente-del-consiglio-comunale\/#breadcrumb"},"inLanguage":"it-IT","potentialAction":[{"@type":"ReadAction","target":["https:\/\/progettotouring.it\/radiotouring104\/2025\/10\/13\/villapiana-cs-tridico-condanna-latto-intimidatorio-ai-danni-delle-vetture-del-presidente-del-consiglio-comunale\/"]}]},{"@type":"ImageObject","inLanguage":"it-IT","@id":"https:\/\/progettotouring.it\/radiotouring104\/2025\/10\/13\/villapiana-cs-tridico-condanna-latto-intimidatorio-ai-danni-delle-vetture-del-presidente-del-consiglio-comunale\/#primaryimage","url":"https:\/\/progettotouring.it\/radiotouring104\/wp-content\/uploads\/sites\/6\/2024\/05\/carabinieri-perseverant-pamplona.jpg","contentUrl":"https:\/\/progettotouring.it\/radiotouring104\/wp-content\/uploads\/sites\/6\/2024\/05\/carabinieri-perseverant-pamplona.jpg","width":1024,"height":590},{"@type":"BreadcrumbList","@id":"https:\/\/progettotouring.it\/radiotouring104\/2025\/10\/13\/villapiana-cs-tridico-condanna-latto-intimidatorio-ai-danni-delle-vetture-del-presidente-del-consiglio-comunale\/#breadcrumb","itemListElement":[{"@type":"ListItem","position":1,"name":"Home","item":"https:\/\/progettotouring.it\/radiotouring104\/"},{"@type":"ListItem","position":2,"name":"Villapiana (CS): Tridico condanna l&#8217;atto intimidatorio ai danni delle vetture del Presidente del Consiglio Comunale"}]},{"@type":"WebSite","@id":"https:\/\/progettotouring.it\/radiotouring104\/#website","url":"https:\/\/progettotouring.it\/radiotouring104\/","name":"Radio Touring 104","description":"La prima radio Reggina","publisher":{"@id":"https:\/\/progettotouring.it\/radiotouring104\/#organization"},"potentialAction":[{"@type":"SearchAction","target":{"@type":"EntryPoint","urlTemplate":"https:\/\/progettotouring.it\/radiotouring104\/?s={search_term_string}"},"query-input":{"@type":"PropertyValueSpecification","valueRequired":true,"valueName":"search_term_string"}}],"inLanguage":"it-IT"},{"@type":"Organization","@id":"https:\/\/progettotouring.it\/radiotouring104\/#organization","name":"Radio Touring 104","url":"https:\/\/progettotouring.it\/radiotouring104\/","logo":{"@type":"ImageObject","inLanguage":"it-IT","@id":"https:\/\/progettotouring.it\/radiotouring104\/#\/schema\/logo\/image\/","url":"https:\/\/progettotouring.it\/radiotouring104\/wp-content\/uploads\/sites\/6\/2022\/02\/cropped-logo-radio-touring-104.png","contentUrl":"https:\/\/progettotouring.it\/radiotouring104\/wp-content\/uploads\/sites\/6\/2022\/02\/cropped-logo-radio-touring-104.png","width":377,"height":182,"caption":"Radio Touring 104"},"image":{"@id":"https:\/\/progettotouring.it\/radiotouring104\/#\/schema\/logo\/image\/"}},{"@type":"Person","@id":"https:\/\/progettotouring.it\/radiotouring104\/#\/schema\/person\/1b3eb3c07c47136bc44c785c543e635f","name":"redazione","image":{"@type":"ImageObject","inLanguage":"it-IT","@id":"https:\/\/secure.gravatar.com\/avatar\/0b31605b49f100769e8b624b3e05de1b73e1692e9568a352f60f53fd072e6e11?s=96&d=mm&r=g","url":"https:\/\/secure.gravatar.com\/avatar\/0b31605b49f100769e8b624b3e05de1b73e1692e9568a352f60f53fd072e6e11?s=96&d=mm&r=g","contentUrl":"https:\/\/secure.gravatar.com\/avatar\/0b31605b49f100769e8b624b3e05de1b73e1692e9568a352f60f53fd072e6e11?s=96&d=mm&r=g","caption":"redazione"},"url":"https:\/\/progettotouring.it\/radiotouring104\/author\/redazione\/"}]}},"jetpack_publicize_connections":[],"jetpack_featured_media_url":"https:\/\/progettotouring.it\/radiotouring104\/wp-content\/uploads\/sites\/6\/2024\/05\/carabinieri-perseverant-pamplona.jpg","jetpack_sharing_enabled":true,"_links":{"self":[{"href":"https:\/\/progettotouring.it\/radiotouring104\/wp-json\/wp\/v2\/posts\/83827","targetHints":{"allow":["GET"]}}],"collection":[{"href":"https:\/\/progettotouring.it\/radiotouring104\/wp-json\/wp\/v2\/posts"}],"about":[{"href":"https:\/\/progettotouring.it\/radiotouring104\/wp-json\/wp\/v2\/types\/post"}],"author":[{"embeddable":true,"href":"https:\/\/progettotouring.it\/radiotouring104\/wp-json\/wp\/v2\/users\/5"}],"replies":[{"embeddable":true,"href":"https:\/\/progettotouring.it\/radiotouring104\/wp-json\/wp\/v2\/comments?post=83827"}],"version-history":[{"count":1,"href":"https:\/\/progettotouring.it\/radiotouring104\/wp-json\/wp\/v2\/posts\/83827\/revisions"}],"predecessor-version":[{"id":83828,"href":"https:\/\/progettotouring.it\/radiotouring104\/wp-json\/wp\/v2\/posts\/83827\/revisions\/83828"}],"wp:featuredmedia":[{"embeddable":true,"href":"https:\/\/progettotouring.it\/radiotouring104\/wp-json\/wp\/v2\/media\/51014"}],"wp:attachment":[{"href":"https:\/\/progettotouring.it\/radiotouring104\/wp-json\/wp\/v2\/media?parent=83827"}],"wp:term":[{"taxonomy":"category","embeddable":true,"href":"https:\/\/progettotouring.it\/radiotouring104\/wp-json\/wp\/v2\/categories?post=83827"},{"taxonomy":"post_tag","embeddable":true,"href":"https:\/\/progettotouring.it\/radiotouring104\/wp-json\/wp\/v2\/tags?post=83827"}],"curies":[{"name":"wp","href":"https:\/\/api.w.org\/{rel}","templated":true}]}}