{"id":83830,"date":"2025-10-13T11:12:01","date_gmt":"2025-10-13T09:12:01","guid":{"rendered":"https:\/\/progettotouring.it\/radiotouring104\/?p=83830"},"modified":"2025-10-13T12:13:09","modified_gmt":"2025-10-13T10:13:09","slug":"villa-san-giuseppe-intitolato-san-carlo-acutis-il-giardino-in-piazza-umberto-i","status":"publish","type":"post","link":"https:\/\/progettotouring.it\/radiotouring104\/2025\/10\/13\/villa-san-giuseppe-intitolato-san-carlo-acutis-il-giardino-in-piazza-umberto-i\/","title":{"rendered":"Villa San Giuseppe: intitolato San Carlo Acutis il giardino in Piazza Umberto I"},"content":{"rendered":"<p>Un pomeriggio di fede, emozione e comunit\u00e0 ha accompagnato ieri la cerimonia di intitolazione del giardino sottostante Piazza Umberto I a San Carlo Acutis, il giovane beato che con la sua vita semplice e luminosa continua a parlare al cuore di tanti, soprattutto dei pi\u00f9 giovani.<\/p>\n<p>L\u2019iniziativa, promossa dall\u2019Associazione Amici di Villa San Giuseppe, ha raccolto intorno a s\u00e9 l\u2019intera comunit\u00e0, in un clima di sincera partecipazione e profonda spiritualit\u00e0.<\/p>\n<p>Alla cerimonia hanno preso parte il Sindaco di Reggio Calabria, dott. Giuseppe Falcomat\u00e0, il Presidente del Consiglio Comunale, dott. Enzo Marra, diversi Consiglieri Comunali, una rappresentanza della Commissione Toponomastica, la Componente Nazionale Sommergibilisti della Calabria, rappresentata da Domenico Bova, ed una rappresentanza del Comando della Polizia Municipale di Reggio Calabria, che ha presenziato con il Gonfalone della Citt\u00e0.<\/p>\n<p>Numerosa e sentita la partecipazione dei cittadini e delle famiglie. Ma i veri protagonisti sono stati i bambini, che con gioia e semplicit\u00e0 hanno scoperto la targa dedicata a San Carlo, regalando a tutti un momento di intensa commozione.<\/p>\n<p>Durante la benedizione del nuovo spazio, don Lori Candeloro, parroco di Villa San Giuseppe, ha ricordato come la figura di Carlo rappresenti un modello di fede autentica e contagiosa: un ragazzo del nostro tempo, capace di usare la tecnologia come strumento di bene, per diffondere il messaggio di Ges\u00f9 con un linguaggio vicino ai giovani.<\/p>\n<p>Un sentito ringraziamento \u00e8 stato rivolto ai ragazzi del Centro Diurno delle Suore dell\u2019Istituto Figlie di Maria Immacolata di Immacolate, che hanno realizzato una panchina decorata con alcune frasi di Carlo Acutis, un segno tangibile di creativit\u00e0, devozione e amore per la comunit\u00e0.<\/p>\n<p>La scelta di intitolare il giardino a San Carlo Acutis nasce dal desiderio di offrire alla comunit\u00e0 un luogo che unisca preghiera, riflessione e incontro, un piccolo angolo di pace dove grandi e piccoli possano riscoprire la bellezza dell\u2019essere insieme e la forza della fede condivisa.<\/p>\n<p>Nel suo intervento conclusivo, il Presidente dell\u2019Associazione Amici di Villa San Giuseppe, Angelo Siclari, ha sottolineato:<\/p>\n<p>\u201cQuesto giardino non \u00e8 soltanto un luogo di bellezza e di incontro, ma diventa segno di speranza e invito alla comunit\u00e0 a crescere insieme, con lo sguardo rivolto al bene comune e con l\u2019esempio di un giovane Santo che ha saputo rendere straordinario l\u2019ordinario.<\/p>\n<p>La presenza cos\u00ec numerosa di tante persone testimonia che Villa San Giuseppe, pur nella sua dimensione raccolta, \u00e8 una comunit\u00e0 viva, capace di unirsi nei momenti importanti e di proiettarsi, con coraggio e fede, verso l\u2019avvenire.\u201d<\/p>\n<p>Un pomeriggio di fede, amicizia e speranza che rester\u00e0 nel cuore di tutti, sotto lo sguardo sorridente di San Carlo Acutis, il \u201cragazzo amico di Ges\u00f9\u201d.<\/p>\n<p>&nbsp;<\/p>\n<p>&nbsp;<\/p>\n","protected":false},"excerpt":{"rendered":"<p>Un pomeriggio di fede, emozione e comunit\u00e0 ha accompagnato ieri la cerimonia di intitolazione del giardino sottostante Piazza Umberto I a San Carlo Acutis, il giovane beato che con la&hellip;<\/p>\n","protected":false},"author":5,"featured_media":83831,"comment_status":"closed","ping_status":"open","sticky":false,"template":"","format":"standard","meta":{"_jetpack_memberships_contains_paid_content":false,"footnotes":"","jetpack_publicize_message":"","jetpack_publicize_feature_enabled":true,"jetpack_social_post_already_shared":true,"jetpack_social_options":{"image_generator_settings":{"template":"highway","default_image_id":0,"font":"","enabled":false},"version":2}},"categories":[921,150,196,140],"tags":[48288,812,48289,3866,48017,5649],"class_list":["post-83830","post","type-post","status-publish","format-standard","has-post-thumbnail","hentry","category-home","category-in-primo-piano","category-news","category-reggio-calabria","tag-cerimonia-intitolazione","tag-giuseppe-falcomata","tag-intitolato-giardino","tag-piazza-umberto-i","tag-san-carlo-acutis","tag-villa-san-giuseppe"],"yoast_head":"<!-- This site is optimized with the Yoast SEO plugin v27.2 - https:\/\/yoast.com\/product\/yoast-seo-wordpress\/ -->\n<title>Villa S. Giuseppe: intitolato un giardino a San Carlo Acutis<\/title>\n<meta name=\"description\" content=\"Svolta a Villa S. Giuseppe, alla presenza di Falcomat\u00e0, la cerimonia di intitolazione a San Acutis del giardino sottostante Piazza Umberto I\" \/>\n<meta name=\"robots\" content=\"index, follow, max-snippet:-1, max-image-preview:large, max-video-preview:-1\" \/>\n<link rel=\"canonical\" href=\"https:\/\/progettotouring.it\/radiotouring104\/2025\/10\/13\/villa-san-giuseppe-intitolato-san-carlo-acutis-il-giardino-in-piazza-umberto-i\/\" \/>\n<meta property=\"og:locale\" content=\"it_IT\" \/>\n<meta property=\"og:type\" content=\"article\" \/>\n<meta property=\"og:title\" content=\"Villa S. Giuseppe: intitolato un giardino a San Carlo Acutis\" \/>\n<meta property=\"og:description\" content=\"Svolta a Villa S. Giuseppe, alla presenza di Falcomat\u00e0, la cerimonia di intitolazione a San Acutis del giardino sottostante Piazza Umberto I\" \/>\n<meta property=\"og:url\" content=\"https:\/\/progettotouring.it\/radiotouring104\/2025\/10\/13\/villa-san-giuseppe-intitolato-san-carlo-acutis-il-giardino-in-piazza-umberto-i\/\" \/>\n<meta property=\"og:site_name\" content=\"Radio Touring 104\" \/>\n<meta property=\"article:published_time\" content=\"2025-10-13T09:12:01+00:00\" \/>\n<meta property=\"article:modified_time\" content=\"2025-10-13T10:13:09+00:00\" \/>\n<meta property=\"og:image\" content=\"https:\/\/progettotouring.it\/radiotouring104\/wp-content\/uploads\/sites\/6\/2025\/10\/Villa-San-Giuseppe-Intitolazione-giardino-San-Carlo-Acutis.gif\" \/>\n\t<meta property=\"og:image:width\" content=\"455\" \/>\n\t<meta property=\"og:image:height\" content=\"323\" \/>\n\t<meta property=\"og:image:type\" content=\"image\/gif\" \/>\n<meta name=\"author\" content=\"redazione\" \/>\n<meta name=\"twitter:card\" content=\"summary_large_image\" \/>\n<meta name=\"twitter:label1\" content=\"Scritto da\" \/>\n\t<meta name=\"twitter:data1\" content=\"redazione\" \/>\n\t<meta name=\"twitter:label2\" content=\"Tempo di lettura stimato\" \/>\n\t<meta name=\"twitter:data2\" content=\"2 minuti\" \/>\n<script type=\"application\/ld+json\" class=\"yoast-schema-graph\">{\"@context\":\"https:\/\/schema.org\",\"@graph\":[{\"@type\":\"Article\",\"@id\":\"https:\/\/progettotouring.it\/radiotouring104\/2025\/10\/13\/villa-san-giuseppe-intitolato-san-carlo-acutis-il-giardino-in-piazza-umberto-i\/#article\",\"isPartOf\":{\"@id\":\"https:\/\/progettotouring.it\/radiotouring104\/2025\/10\/13\/villa-san-giuseppe-intitolato-san-carlo-acutis-il-giardino-in-piazza-umberto-i\/\"},\"author\":{\"name\":\"redazione\",\"@id\":\"https:\/\/progettotouring.it\/radiotouring104\/#\/schema\/person\/1b3eb3c07c47136bc44c785c543e635f\"},\"headline\":\"Villa San Giuseppe: intitolato San Carlo Acutis il giardino in Piazza Umberto I\",\"datePublished\":\"2025-10-13T09:12:01+00:00\",\"dateModified\":\"2025-10-13T10:13:09+00:00\",\"mainEntityOfPage\":{\"@id\":\"https:\/\/progettotouring.it\/radiotouring104\/2025\/10\/13\/villa-san-giuseppe-intitolato-san-carlo-acutis-il-giardino-in-piazza-umberto-i\/\"},\"wordCount\":454,\"publisher\":{\"@id\":\"https:\/\/progettotouring.it\/radiotouring104\/#organization\"},\"image\":{\"@id\":\"https:\/\/progettotouring.it\/radiotouring104\/2025\/10\/13\/villa-san-giuseppe-intitolato-san-carlo-acutis-il-giardino-in-piazza-umberto-i\/#primaryimage\"},\"thumbnailUrl\":\"https:\/\/progettotouring.it\/radiotouring104\/wp-content\/uploads\/sites\/6\/2025\/10\/Villa-San-Giuseppe-Intitolazione-giardino-San-Carlo-Acutis.gif\",\"keywords\":[\"cerimonia intitolazione\",\"Giuseppe Falcomat\u00e0\",\"intitolato giardino\",\"Piazza Umberto I\",\"San Carlo Acutis\",\"Villa San Giuseppe\"],\"articleSection\":[\"Home\",\"In primo piano\",\"News\",\"Reggio Calabria\"],\"inLanguage\":\"it-IT\"},{\"@type\":\"WebPage\",\"@id\":\"https:\/\/progettotouring.it\/radiotouring104\/2025\/10\/13\/villa-san-giuseppe-intitolato-san-carlo-acutis-il-giardino-in-piazza-umberto-i\/\",\"url\":\"https:\/\/progettotouring.it\/radiotouring104\/2025\/10\/13\/villa-san-giuseppe-intitolato-san-carlo-acutis-il-giardino-in-piazza-umberto-i\/\",\"name\":\"Villa S. Giuseppe: intitolato un giardino a San Carlo Acutis\",\"isPartOf\":{\"@id\":\"https:\/\/progettotouring.it\/radiotouring104\/#website\"},\"primaryImageOfPage\":{\"@id\":\"https:\/\/progettotouring.it\/radiotouring104\/2025\/10\/13\/villa-san-giuseppe-intitolato-san-carlo-acutis-il-giardino-in-piazza-umberto-i\/#primaryimage\"},\"image\":{\"@id\":\"https:\/\/progettotouring.it\/radiotouring104\/2025\/10\/13\/villa-san-giuseppe-intitolato-san-carlo-acutis-il-giardino-in-piazza-umberto-i\/#primaryimage\"},\"thumbnailUrl\":\"https:\/\/progettotouring.it\/radiotouring104\/wp-content\/uploads\/sites\/6\/2025\/10\/Villa-San-Giuseppe-Intitolazione-giardino-San-Carlo-Acutis.gif\",\"datePublished\":\"2025-10-13T09:12:01+00:00\",\"dateModified\":\"2025-10-13T10:13:09+00:00\",\"description\":\"Svolta a Villa S. Giuseppe, alla presenza di Falcomat\u00e0, la cerimonia di intitolazione a San Acutis del giardino sottostante Piazza Umberto I\",\"breadcrumb\":{\"@id\":\"https:\/\/progettotouring.it\/radiotouring104\/2025\/10\/13\/villa-san-giuseppe-intitolato-san-carlo-acutis-il-giardino-in-piazza-umberto-i\/#breadcrumb\"},\"inLanguage\":\"it-IT\",\"potentialAction\":[{\"@type\":\"ReadAction\",\"target\":[\"https:\/\/progettotouring.it\/radiotouring104\/2025\/10\/13\/villa-san-giuseppe-intitolato-san-carlo-acutis-il-giardino-in-piazza-umberto-i\/\"]}]},{\"@type\":\"ImageObject\",\"inLanguage\":\"it-IT\",\"@id\":\"https:\/\/progettotouring.it\/radiotouring104\/2025\/10\/13\/villa-san-giuseppe-intitolato-san-carlo-acutis-il-giardino-in-piazza-umberto-i\/#primaryimage\",\"url\":\"https:\/\/progettotouring.it\/radiotouring104\/wp-content\/uploads\/sites\/6\/2025\/10\/Villa-San-Giuseppe-Intitolazione-giardino-San-Carlo-Acutis.gif\",\"contentUrl\":\"https:\/\/progettotouring.it\/radiotouring104\/wp-content\/uploads\/sites\/6\/2025\/10\/Villa-San-Giuseppe-Intitolazione-giardino-San-Carlo-Acutis.gif\",\"width\":455,\"height\":323},{\"@type\":\"BreadcrumbList\",\"@id\":\"https:\/\/progettotouring.it\/radiotouring104\/2025\/10\/13\/villa-san-giuseppe-intitolato-san-carlo-acutis-il-giardino-in-piazza-umberto-i\/#breadcrumb\",\"itemListElement\":[{\"@type\":\"ListItem\",\"position\":1,\"name\":\"Home\",\"item\":\"https:\/\/progettotouring.it\/radiotouring104\/\"},{\"@type\":\"ListItem\",\"position\":2,\"name\":\"Villa San Giuseppe: intitolato San Carlo Acutis il giardino in Piazza Umberto I\"}]},{\"@type\":\"WebSite\",\"@id\":\"https:\/\/progettotouring.it\/radiotouring104\/#website\",\"url\":\"https:\/\/progettotouring.it\/radiotouring104\/\",\"name\":\"Radio Touring 104\",\"description\":\"La prima radio Reggina\",\"publisher\":{\"@id\":\"https:\/\/progettotouring.it\/radiotouring104\/#organization\"},\"potentialAction\":[{\"@type\":\"SearchAction\",\"target\":{\"@type\":\"EntryPoint\",\"urlTemplate\":\"https:\/\/progettotouring.it\/radiotouring104\/?s={search_term_string}\"},\"query-input\":{\"@type\":\"PropertyValueSpecification\",\"valueRequired\":true,\"valueName\":\"search_term_string\"}}],\"inLanguage\":\"it-IT\"},{\"@type\":\"Organization\",\"@id\":\"https:\/\/progettotouring.it\/radiotouring104\/#organization\",\"name\":\"Radio Touring 104\",\"url\":\"https:\/\/progettotouring.it\/radiotouring104\/\",\"logo\":{\"@type\":\"ImageObject\",\"inLanguage\":\"it-IT\",\"@id\":\"https:\/\/progettotouring.it\/radiotouring104\/#\/schema\/logo\/image\/\",\"url\":\"https:\/\/progettotouring.it\/radiotouring104\/wp-content\/uploads\/sites\/6\/2022\/02\/cropped-logo-radio-touring-104.png\",\"contentUrl\":\"https:\/\/progettotouring.it\/radiotouring104\/wp-content\/uploads\/sites\/6\/2022\/02\/cropped-logo-radio-touring-104.png\",\"width\":377,\"height\":182,\"caption\":\"Radio Touring 104\"},\"image\":{\"@id\":\"https:\/\/progettotouring.it\/radiotouring104\/#\/schema\/logo\/image\/\"}},{\"@type\":\"Person\",\"@id\":\"https:\/\/progettotouring.it\/radiotouring104\/#\/schema\/person\/1b3eb3c07c47136bc44c785c543e635f\",\"name\":\"redazione\",\"image\":{\"@type\":\"ImageObject\",\"inLanguage\":\"it-IT\",\"@id\":\"https:\/\/secure.gravatar.com\/avatar\/0b31605b49f100769e8b624b3e05de1b73e1692e9568a352f60f53fd072e6e11?s=96&d=mm&r=g\",\"url\":\"https:\/\/secure.gravatar.com\/avatar\/0b31605b49f100769e8b624b3e05de1b73e1692e9568a352f60f53fd072e6e11?s=96&d=mm&r=g\",\"contentUrl\":\"https:\/\/secure.gravatar.com\/avatar\/0b31605b49f100769e8b624b3e05de1b73e1692e9568a352f60f53fd072e6e11?s=96&d=mm&r=g\",\"caption\":\"redazione\"},\"url\":\"https:\/\/progettotouring.it\/radiotouring104\/author\/redazione\/\"}]}<\/script>\n<!-- \/ Yoast SEO plugin. -->","yoast_head_json":{"title":"Villa S. Giuseppe: intitolato un giardino a San Carlo Acutis","description":"Svolta a Villa S. Giuseppe, alla presenza di Falcomat\u00e0, la cerimonia di intitolazione a San Acutis del giardino sottostante Piazza Umberto I","robots":{"index":"index","follow":"follow","max-snippet":"max-snippet:-1","max-image-preview":"max-image-preview:large","max-video-preview":"max-video-preview:-1"},"canonical":"https:\/\/progettotouring.it\/radiotouring104\/2025\/10\/13\/villa-san-giuseppe-intitolato-san-carlo-acutis-il-giardino-in-piazza-umberto-i\/","og_locale":"it_IT","og_type":"article","og_title":"Villa S. Giuseppe: intitolato un giardino a San Carlo Acutis","og_description":"Svolta a Villa S. Giuseppe, alla presenza di Falcomat\u00e0, la cerimonia di intitolazione a San Acutis del giardino sottostante Piazza Umberto I","og_url":"https:\/\/progettotouring.it\/radiotouring104\/2025\/10\/13\/villa-san-giuseppe-intitolato-san-carlo-acutis-il-giardino-in-piazza-umberto-i\/","og_site_name":"Radio Touring 104","article_published_time":"2025-10-13T09:12:01+00:00","article_modified_time":"2025-10-13T10:13:09+00:00","og_image":[{"width":455,"height":323,"url":"https:\/\/progettotouring.it\/radiotouring104\/wp-content\/uploads\/sites\/6\/2025\/10\/Villa-San-Giuseppe-Intitolazione-giardino-San-Carlo-Acutis.gif","type":"image\/gif"}],"author":"redazione","twitter_card":"summary_large_image","twitter_misc":{"Scritto da":"redazione","Tempo di lettura stimato":"2 minuti"},"schema":{"@context":"https:\/\/schema.org","@graph":[{"@type":"Article","@id":"https:\/\/progettotouring.it\/radiotouring104\/2025\/10\/13\/villa-san-giuseppe-intitolato-san-carlo-acutis-il-giardino-in-piazza-umberto-i\/#article","isPartOf":{"@id":"https:\/\/progettotouring.it\/radiotouring104\/2025\/10\/13\/villa-san-giuseppe-intitolato-san-carlo-acutis-il-giardino-in-piazza-umberto-i\/"},"author":{"name":"redazione","@id":"https:\/\/progettotouring.it\/radiotouring104\/#\/schema\/person\/1b3eb3c07c47136bc44c785c543e635f"},"headline":"Villa San Giuseppe: intitolato San Carlo Acutis il giardino in Piazza Umberto I","datePublished":"2025-10-13T09:12:01+00:00","dateModified":"2025-10-13T10:13:09+00:00","mainEntityOfPage":{"@id":"https:\/\/progettotouring.it\/radiotouring104\/2025\/10\/13\/villa-san-giuseppe-intitolato-san-carlo-acutis-il-giardino-in-piazza-umberto-i\/"},"wordCount":454,"publisher":{"@id":"https:\/\/progettotouring.it\/radiotouring104\/#organization"},"image":{"@id":"https:\/\/progettotouring.it\/radiotouring104\/2025\/10\/13\/villa-san-giuseppe-intitolato-san-carlo-acutis-il-giardino-in-piazza-umberto-i\/#primaryimage"},"thumbnailUrl":"https:\/\/progettotouring.it\/radiotouring104\/wp-content\/uploads\/sites\/6\/2025\/10\/Villa-San-Giuseppe-Intitolazione-giardino-San-Carlo-Acutis.gif","keywords":["cerimonia intitolazione","Giuseppe Falcomat\u00e0","intitolato giardino","Piazza Umberto I","San Carlo Acutis","Villa San Giuseppe"],"articleSection":["Home","In primo piano","News","Reggio Calabria"],"inLanguage":"it-IT"},{"@type":"WebPage","@id":"https:\/\/progettotouring.it\/radiotouring104\/2025\/10\/13\/villa-san-giuseppe-intitolato-san-carlo-acutis-il-giardino-in-piazza-umberto-i\/","url":"https:\/\/progettotouring.it\/radiotouring104\/2025\/10\/13\/villa-san-giuseppe-intitolato-san-carlo-acutis-il-giardino-in-piazza-umberto-i\/","name":"Villa S. Giuseppe: intitolato un giardino a San Carlo Acutis","isPartOf":{"@id":"https:\/\/progettotouring.it\/radiotouring104\/#website"},"primaryImageOfPage":{"@id":"https:\/\/progettotouring.it\/radiotouring104\/2025\/10\/13\/villa-san-giuseppe-intitolato-san-carlo-acutis-il-giardino-in-piazza-umberto-i\/#primaryimage"},"image":{"@id":"https:\/\/progettotouring.it\/radiotouring104\/2025\/10\/13\/villa-san-giuseppe-intitolato-san-carlo-acutis-il-giardino-in-piazza-umberto-i\/#primaryimage"},"thumbnailUrl":"https:\/\/progettotouring.it\/radiotouring104\/wp-content\/uploads\/sites\/6\/2025\/10\/Villa-San-Giuseppe-Intitolazione-giardino-San-Carlo-Acutis.gif","datePublished":"2025-10-13T09:12:01+00:00","dateModified":"2025-10-13T10:13:09+00:00","description":"Svolta a Villa S. Giuseppe, alla presenza di Falcomat\u00e0, la cerimonia di intitolazione a San Acutis del giardino sottostante Piazza Umberto I","breadcrumb":{"@id":"https:\/\/progettotouring.it\/radiotouring104\/2025\/10\/13\/villa-san-giuseppe-intitolato-san-carlo-acutis-il-giardino-in-piazza-umberto-i\/#breadcrumb"},"inLanguage":"it-IT","potentialAction":[{"@type":"ReadAction","target":["https:\/\/progettotouring.it\/radiotouring104\/2025\/10\/13\/villa-san-giuseppe-intitolato-san-carlo-acutis-il-giardino-in-piazza-umberto-i\/"]}]},{"@type":"ImageObject","inLanguage":"it-IT","@id":"https:\/\/progettotouring.it\/radiotouring104\/2025\/10\/13\/villa-san-giuseppe-intitolato-san-carlo-acutis-il-giardino-in-piazza-umberto-i\/#primaryimage","url":"https:\/\/progettotouring.it\/radiotouring104\/wp-content\/uploads\/sites\/6\/2025\/10\/Villa-San-Giuseppe-Intitolazione-giardino-San-Carlo-Acutis.gif","contentUrl":"https:\/\/progettotouring.it\/radiotouring104\/wp-content\/uploads\/sites\/6\/2025\/10\/Villa-San-Giuseppe-Intitolazione-giardino-San-Carlo-Acutis.gif","width":455,"height":323},{"@type":"BreadcrumbList","@id":"https:\/\/progettotouring.it\/radiotouring104\/2025\/10\/13\/villa-san-giuseppe-intitolato-san-carlo-acutis-il-giardino-in-piazza-umberto-i\/#breadcrumb","itemListElement":[{"@type":"ListItem","position":1,"name":"Home","item":"https:\/\/progettotouring.it\/radiotouring104\/"},{"@type":"ListItem","position":2,"name":"Villa San Giuseppe: intitolato San Carlo Acutis il giardino in Piazza Umberto I"}]},{"@type":"WebSite","@id":"https:\/\/progettotouring.it\/radiotouring104\/#website","url":"https:\/\/progettotouring.it\/radiotouring104\/","name":"Radio Touring 104","description":"La prima radio Reggina","publisher":{"@id":"https:\/\/progettotouring.it\/radiotouring104\/#organization"},"potentialAction":[{"@type":"SearchAction","target":{"@type":"EntryPoint","urlTemplate":"https:\/\/progettotouring.it\/radiotouring104\/?s={search_term_string}"},"query-input":{"@type":"PropertyValueSpecification","valueRequired":true,"valueName":"search_term_string"}}],"inLanguage":"it-IT"},{"@type":"Organization","@id":"https:\/\/progettotouring.it\/radiotouring104\/#organization","name":"Radio Touring 104","url":"https:\/\/progettotouring.it\/radiotouring104\/","logo":{"@type":"ImageObject","inLanguage":"it-IT","@id":"https:\/\/progettotouring.it\/radiotouring104\/#\/schema\/logo\/image\/","url":"https:\/\/progettotouring.it\/radiotouring104\/wp-content\/uploads\/sites\/6\/2022\/02\/cropped-logo-radio-touring-104.png","contentUrl":"https:\/\/progettotouring.it\/radiotouring104\/wp-content\/uploads\/sites\/6\/2022\/02\/cropped-logo-radio-touring-104.png","width":377,"height":182,"caption":"Radio Touring 104"},"image":{"@id":"https:\/\/progettotouring.it\/radiotouring104\/#\/schema\/logo\/image\/"}},{"@type":"Person","@id":"https:\/\/progettotouring.it\/radiotouring104\/#\/schema\/person\/1b3eb3c07c47136bc44c785c543e635f","name":"redazione","image":{"@type":"ImageObject","inLanguage":"it-IT","@id":"https:\/\/secure.gravatar.com\/avatar\/0b31605b49f100769e8b624b3e05de1b73e1692e9568a352f60f53fd072e6e11?s=96&d=mm&r=g","url":"https:\/\/secure.gravatar.com\/avatar\/0b31605b49f100769e8b624b3e05de1b73e1692e9568a352f60f53fd072e6e11?s=96&d=mm&r=g","contentUrl":"https:\/\/secure.gravatar.com\/avatar\/0b31605b49f100769e8b624b3e05de1b73e1692e9568a352f60f53fd072e6e11?s=96&d=mm&r=g","caption":"redazione"},"url":"https:\/\/progettotouring.it\/radiotouring104\/author\/redazione\/"}]}},"jetpack_publicize_connections":[],"jetpack_featured_media_url":"https:\/\/progettotouring.it\/radiotouring104\/wp-content\/uploads\/sites\/6\/2025\/10\/Villa-San-Giuseppe-Intitolazione-giardino-San-Carlo-Acutis.gif","jetpack_sharing_enabled":true,"_links":{"self":[{"href":"https:\/\/progettotouring.it\/radiotouring104\/wp-json\/wp\/v2\/posts\/83830","targetHints":{"allow":["GET"]}}],"collection":[{"href":"https:\/\/progettotouring.it\/radiotouring104\/wp-json\/wp\/v2\/posts"}],"about":[{"href":"https:\/\/progettotouring.it\/radiotouring104\/wp-json\/wp\/v2\/types\/post"}],"author":[{"embeddable":true,"href":"https:\/\/progettotouring.it\/radiotouring104\/wp-json\/wp\/v2\/users\/5"}],"replies":[{"embeddable":true,"href":"https:\/\/progettotouring.it\/radiotouring104\/wp-json\/wp\/v2\/comments?post=83830"}],"version-history":[{"count":1,"href":"https:\/\/progettotouring.it\/radiotouring104\/wp-json\/wp\/v2\/posts\/83830\/revisions"}],"predecessor-version":[{"id":83832,"href":"https:\/\/progettotouring.it\/radiotouring104\/wp-json\/wp\/v2\/posts\/83830\/revisions\/83832"}],"wp:featuredmedia":[{"embeddable":true,"href":"https:\/\/progettotouring.it\/radiotouring104\/wp-json\/wp\/v2\/media\/83831"}],"wp:attachment":[{"href":"https:\/\/progettotouring.it\/radiotouring104\/wp-json\/wp\/v2\/media?parent=83830"}],"wp:term":[{"taxonomy":"category","embeddable":true,"href":"https:\/\/progettotouring.it\/radiotouring104\/wp-json\/wp\/v2\/categories?post=83830"},{"taxonomy":"post_tag","embeddable":true,"href":"https:\/\/progettotouring.it\/radiotouring104\/wp-json\/wp\/v2\/tags?post=83830"}],"curies":[{"name":"wp","href":"https:\/\/api.w.org\/{rel}","templated":true}]}}