{"id":83833,"date":"2025-10-13T11:21:12","date_gmt":"2025-10-13T09:21:12","guid":{"rendered":"https:\/\/progettotouring.it\/radiotouring104\/?p=83833"},"modified":"2025-10-13T12:03:04","modified_gmt":"2025-10-13T10:03:04","slug":"borgo-nocille-ripartono-le-attivita-del-borgo-dei-piccoli","status":"publish","type":"post","link":"https:\/\/progettotouring.it\/radiotouring104\/2025\/10\/13\/borgo-nocille-ripartono-le-attivita-del-borgo-dei-piccoli\/","title":{"rendered":"Borgo Nocille: ripartono le attivit\u00e0 del \u201cBorgo dei Piccoli\u201d"},"content":{"rendered":"<p>Tra le colline a sud di Reggio Calabria, l\u00e0 dove il mare dello Stretto lascia il passo a vigneti e ulivi, <strong>Borgo Nocille si risveglia con nuove energie<\/strong>, diventando un luogo dove si pu\u00f2 imparare e creare, per coltivare la mente e la terra. Sono ripartite infatti le <strong>attivit\u00e0 del \u201cBorgo dei Piccoli\u201d, con tre laboratori<\/strong> <strong>pedagogici<\/strong> immersi nella natura, mentre nello stesso borgo prende forma un originale spazio di <strong>coworking rurale<\/strong>, dove studenti e professionisti possono lavorare in armonia con il paesaggio.<\/p>\n<p>\u00abAbbiamo voluto restituire senso e vita a questo luogo \u2013 racconta <strong>Demetrio Lagan\u00e0, presidente<\/strong> dell\u2019associazione Borgo Nocille \u2013. Qui la natura non \u00e8 solo sfondo, ma protagonista: educa, ispira e unisce\u00bb. E poi \u00abVogliamo che i bambini scoprano la magia delle cose semplici, tornino a sporcarsi le mani di terra \u2013 spiega ancora Lagan\u00e0 -. Ogni attivit\u00e0 \u00e8 pensata, insieme alla <strong>pedagogista Maila Ielo<\/strong>, per farli riflettere, divertendosi, sul valore della natura e della vita lenta\u00bb.<\/p>\n<p>Da qui l\u2019idea dei tre laboratori sull\u2019uva, la terra e gli asini, destinati a tutte le scuole del comprensorio reggino e non solo.<\/p>\n<p>&nbsp;<\/p>\n<p><strong>La festa dei grappoli d\u2019uva: piccoli vignaioli crescono<\/strong><\/p>\n<p>Il primo laboratorio, \u201cLa festa dei grappoli d\u2019uva\u201d, trasforma i bambini in piccoli vignaioli. Dopo una colazione a base di pane e marmellate locali, inizia l\u2019esperienza sensoriale della vendemmia: si raccolgono i grappoli, si pigia l\u2019uva con mani e piedi, si scopre il percorso che porta dal frutto al vino.<br \/>\nC\u2019\u00e8 anche una divertente \u201ccaccia all\u2019uva\u201d, con indovinelli e storie a tema, tra cui la lettura animata de <em>La volpe e l\u2019uva<\/em>. Un modo per avvicinare i pi\u00f9 piccoli alla terra e alle tradizioni attraverso il gioco e la scoperta.<\/p>\n<p>&nbsp;<\/p>\n<p><strong>Amico asino: un incontro a passo lento<\/strong><\/p>\n<p>Nel laboratorio \u201cAmico asino\u201d, i bambini vivono un\u2019esperienza a contatto con gli asinelli del borgo, animali simbolo di pazienza e intelligenza. Imparano ad accarezzarli, spazzolarli, assistere alla ferratura e ascoltare storie che ne raccontano il valore nella cultura contadina.<br \/>\n\u00abL\u2019asino insegna il rispetto e la lentezza \u2013 spiega Lagan\u00e0 \u2013. Ogni bambino che lo incontra porta con s\u00e9 un messaggio di empatia e semplicit\u00e0\u00bb.<br \/>\nAnche in questo caso non mancano la merenda genuina e la possibilit\u00e0 di pranzare nel borgo, immersi nella quiete delle colline.<\/p>\n<p>&nbsp;<\/p>\n<p><strong>Mani nella terra: coltivare il rispetto per la vita<\/strong><\/p>\n<p>Con il laboratorio \u201cMani nella terra\u201d, i bambini riscoprono, infine, il legame pi\u00f9 profondo con la natura. Creano un mini orto in vaso, riconoscono ortaggi e piante aromatiche, imparano il ciclo della vita attraverso storie e attivit\u00e0 creative.<br \/>\nCiascuno personalizza il proprio vaso e pianta una piantina da portare a casa: un piccolo simbolo di cura e crescita.<\/p>\n<p>&nbsp;<\/p>\n<p><strong>Coworking rurale: lavorare in armonia con il paesaggio<\/strong><\/p>\n<p>Mentre i pi\u00f9 piccoli imparano dalla natura, anche gli adulti trovano a Borgo Nocille un luogo speciale per un coworking rurale.<br \/>\nIn un ambiente silenzioso e ispirante, connesso ma lontano dal caos urbano, studenti, professionisti e creativi possono lavorare o studiare circondati dal verde.<br \/>\nOgni giornata inizia con una colazione a base di prodotti locali, per poi proseguire tra lavoro, incontri e pause contemplative davanti allo Stretto.<\/p>\n<p>\u00abIl nostro coworking \u2013 spiega Lagan\u00e0 \u2013 nasce dall\u2019idea che il benessere e la produttivit\u00e0 possano convivere. La natura aiuta a ritrovare concentrazione e creativit\u00e0, \u00e8 la migliore alleata del pensiero libero\u00bb.<\/p>\n<p>&nbsp;<\/p>\n<p><strong>Il valore della semplicit\u00e0<\/strong><\/p>\n<p>Borgo Nocille \u00e8 una visione di rinascita. Da borgo rurale semiabbandonato \u00e8 diventato un centro di turismo lento, cultura e ospitalit\u00e0. \u00abChi arriva a Nocille \u2013 conclude Lagan\u00e0 \u2013 non trova un albergo, ma una casa. Qui si mangia insieme, si lavora insieme, si vive la semplicit\u00e0. E questa semplicit\u00e0, oggi, \u00e8 la nostra vera ricchezza\u00bb. Tra i profumi della natura e i sentieri di terra rossa, il borgo insegna il valore dell\u2019essenziale, riscoprendo con stupore le tradizioni e il piacere di un tempo lento da assaporare pienamente.<\/p>\n<p>&nbsp;<\/p>\n<p>&nbsp;<\/p>\n<p><strong>Per info e prenotazioni: <\/strong><\/p>\n<p>Maila lelo &#8211; Pedagogista Clinico\u00ae 3479352454<\/p>\n<p>Demetrio Lagan\u00e0 &#8211; Presidente Borgo Nocille 3281722545<\/p>\n","protected":false},"excerpt":{"rendered":"<p>Tra le colline a sud di Reggio Calabria, l\u00e0 dove il mare dello Stretto lascia il passo a vigneti e ulivi, Borgo Nocille si risveglia con nuove energie, diventando un&hellip;<\/p>\n","protected":false},"author":5,"featured_media":83834,"comment_status":"closed","ping_status":"open","sticky":false,"template":"","format":"standard","meta":{"_jetpack_memberships_contains_paid_content":false,"footnotes":"","jetpack_publicize_message":"","jetpack_publicize_feature_enabled":true,"jetpack_social_post_already_shared":true,"jetpack_social_options":{"image_generator_settings":{"template":"highway","default_image_id":0,"font":"","enabled":false},"version":2}},"categories":[921,196,140],"tags":[48290,48294,20425,48292,48291,48293],"class_list":["post-83833","post","type-post","status-publish","format-standard","has-post-thumbnail","hentry","category-home","category-news","category-reggio-calabria","tag-3-laboratori","tag-borgo-dei-piccoli","tag-borgo-nocille","tag-colline-di-pellaro","tag-oworking-rurale","tag-ripartono-attivita"],"yoast_head":"<!-- This site is optimized with the Yoast SEO plugin v27.2 - https:\/\/yoast.com\/product\/yoast-seo-wordpress\/ -->\n<title>Borgo Nocille: ripartono le attivit\u00e0 del \u201cBorgo dei Piccoli\u201d<\/title>\n<meta name=\"description\" content=\"Ripartono con 3 laboratori e il coworking rurale, sulle colline di Pellaro, le attivit\u00e0 del \u201cBorgo dei Piccoli\u201d, tra natura ed educazione\" \/>\n<meta name=\"robots\" content=\"index, follow, max-snippet:-1, max-image-preview:large, max-video-preview:-1\" \/>\n<link rel=\"canonical\" href=\"https:\/\/progettotouring.it\/radiotouring104\/2025\/10\/13\/borgo-nocille-ripartono-le-attivita-del-borgo-dei-piccoli\/\" \/>\n<meta property=\"og:locale\" content=\"it_IT\" \/>\n<meta property=\"og:type\" content=\"article\" \/>\n<meta property=\"og:title\" content=\"Borgo Nocille: ripartono le attivit\u00e0 del \u201cBorgo dei Piccoli\u201d\" \/>\n<meta property=\"og:description\" content=\"Ripartono con 3 laboratori e il coworking rurale, sulle colline di Pellaro, le attivit\u00e0 del \u201cBorgo dei Piccoli\u201d, tra natura ed educazione\" \/>\n<meta property=\"og:url\" content=\"https:\/\/progettotouring.it\/radiotouring104\/2025\/10\/13\/borgo-nocille-ripartono-le-attivita-del-borgo-dei-piccoli\/\" \/>\n<meta property=\"og:site_name\" content=\"Radio Touring 104\" \/>\n<meta property=\"article:published_time\" content=\"2025-10-13T09:21:12+00:00\" \/>\n<meta property=\"article:modified_time\" content=\"2025-10-13T10:03:04+00:00\" \/>\n<meta property=\"og:image\" content=\"https:\/\/progettotouring.it\/radiotouring104\/wp-content\/uploads\/sites\/6\/2025\/10\/Borgo-dei-Piccoli-Borgo-Nocille.gif\" \/>\n\t<meta property=\"og:image:width\" content=\"296\" \/>\n\t<meta property=\"og:image:height\" content=\"403\" \/>\n\t<meta property=\"og:image:type\" content=\"image\/gif\" \/>\n<meta name=\"author\" content=\"redazione\" \/>\n<meta name=\"twitter:card\" content=\"summary_large_image\" \/>\n<meta name=\"twitter:label1\" content=\"Scritto da\" \/>\n\t<meta name=\"twitter:data1\" content=\"redazione\" \/>\n\t<meta name=\"twitter:label2\" content=\"Tempo di lettura stimato\" \/>\n\t<meta name=\"twitter:data2\" content=\"3 minuti\" \/>\n<script type=\"application\/ld+json\" class=\"yoast-schema-graph\">{\"@context\":\"https:\/\/schema.org\",\"@graph\":[{\"@type\":\"Article\",\"@id\":\"https:\/\/progettotouring.it\/radiotouring104\/2025\/10\/13\/borgo-nocille-ripartono-le-attivita-del-borgo-dei-piccoli\/#article\",\"isPartOf\":{\"@id\":\"https:\/\/progettotouring.it\/radiotouring104\/2025\/10\/13\/borgo-nocille-ripartono-le-attivita-del-borgo-dei-piccoli\/\"},\"author\":{\"name\":\"redazione\",\"@id\":\"https:\/\/progettotouring.it\/radiotouring104\/#\/schema\/person\/1b3eb3c07c47136bc44c785c543e635f\"},\"headline\":\"Borgo Nocille: ripartono le attivit\u00e0 del \u201cBorgo dei Piccoli\u201d\",\"datePublished\":\"2025-10-13T09:21:12+00:00\",\"dateModified\":\"2025-10-13T10:03:04+00:00\",\"mainEntityOfPage\":{\"@id\":\"https:\/\/progettotouring.it\/radiotouring104\/2025\/10\/13\/borgo-nocille-ripartono-le-attivita-del-borgo-dei-piccoli\/\"},\"wordCount\":667,\"publisher\":{\"@id\":\"https:\/\/progettotouring.it\/radiotouring104\/#organization\"},\"image\":{\"@id\":\"https:\/\/progettotouring.it\/radiotouring104\/2025\/10\/13\/borgo-nocille-ripartono-le-attivita-del-borgo-dei-piccoli\/#primaryimage\"},\"thumbnailUrl\":\"https:\/\/progettotouring.it\/radiotouring104\/wp-content\/uploads\/sites\/6\/2025\/10\/Borgo-dei-Piccoli-Borgo-Nocille.gif\",\"keywords\":[\"3 laboratori\",\"Borgo dei Piccoli\",\"Borgo Nocille\",\"Colline di Pellaro\",\"oworking rurale\",\"ripartono attivit\u00e0\"],\"articleSection\":[\"Home\",\"News\",\"Reggio Calabria\"],\"inLanguage\":\"it-IT\"},{\"@type\":\"WebPage\",\"@id\":\"https:\/\/progettotouring.it\/radiotouring104\/2025\/10\/13\/borgo-nocille-ripartono-le-attivita-del-borgo-dei-piccoli\/\",\"url\":\"https:\/\/progettotouring.it\/radiotouring104\/2025\/10\/13\/borgo-nocille-ripartono-le-attivita-del-borgo-dei-piccoli\/\",\"name\":\"Borgo Nocille: ripartono le attivit\u00e0 del \u201cBorgo dei Piccoli\u201d\",\"isPartOf\":{\"@id\":\"https:\/\/progettotouring.it\/radiotouring104\/#website\"},\"primaryImageOfPage\":{\"@id\":\"https:\/\/progettotouring.it\/radiotouring104\/2025\/10\/13\/borgo-nocille-ripartono-le-attivita-del-borgo-dei-piccoli\/#primaryimage\"},\"image\":{\"@id\":\"https:\/\/progettotouring.it\/radiotouring104\/2025\/10\/13\/borgo-nocille-ripartono-le-attivita-del-borgo-dei-piccoli\/#primaryimage\"},\"thumbnailUrl\":\"https:\/\/progettotouring.it\/radiotouring104\/wp-content\/uploads\/sites\/6\/2025\/10\/Borgo-dei-Piccoli-Borgo-Nocille.gif\",\"datePublished\":\"2025-10-13T09:21:12+00:00\",\"dateModified\":\"2025-10-13T10:03:04+00:00\",\"description\":\"Ripartono con 3 laboratori e il coworking rurale, sulle colline di Pellaro, le attivit\u00e0 del \u201cBorgo dei Piccoli\u201d, tra natura ed educazione\",\"breadcrumb\":{\"@id\":\"https:\/\/progettotouring.it\/radiotouring104\/2025\/10\/13\/borgo-nocille-ripartono-le-attivita-del-borgo-dei-piccoli\/#breadcrumb\"},\"inLanguage\":\"it-IT\",\"potentialAction\":[{\"@type\":\"ReadAction\",\"target\":[\"https:\/\/progettotouring.it\/radiotouring104\/2025\/10\/13\/borgo-nocille-ripartono-le-attivita-del-borgo-dei-piccoli\/\"]}]},{\"@type\":\"ImageObject\",\"inLanguage\":\"it-IT\",\"@id\":\"https:\/\/progettotouring.it\/radiotouring104\/2025\/10\/13\/borgo-nocille-ripartono-le-attivita-del-borgo-dei-piccoli\/#primaryimage\",\"url\":\"https:\/\/progettotouring.it\/radiotouring104\/wp-content\/uploads\/sites\/6\/2025\/10\/Borgo-dei-Piccoli-Borgo-Nocille.gif\",\"contentUrl\":\"https:\/\/progettotouring.it\/radiotouring104\/wp-content\/uploads\/sites\/6\/2025\/10\/Borgo-dei-Piccoli-Borgo-Nocille.gif\",\"width\":296,\"height\":403},{\"@type\":\"BreadcrumbList\",\"@id\":\"https:\/\/progettotouring.it\/radiotouring104\/2025\/10\/13\/borgo-nocille-ripartono-le-attivita-del-borgo-dei-piccoli\/#breadcrumb\",\"itemListElement\":[{\"@type\":\"ListItem\",\"position\":1,\"name\":\"Home\",\"item\":\"https:\/\/progettotouring.it\/radiotouring104\/\"},{\"@type\":\"ListItem\",\"position\":2,\"name\":\"Borgo Nocille: ripartono le attivit\u00e0 del \u201cBorgo dei Piccoli\u201d\"}]},{\"@type\":\"WebSite\",\"@id\":\"https:\/\/progettotouring.it\/radiotouring104\/#website\",\"url\":\"https:\/\/progettotouring.it\/radiotouring104\/\",\"name\":\"Radio Touring 104\",\"description\":\"La prima radio Reggina\",\"publisher\":{\"@id\":\"https:\/\/progettotouring.it\/radiotouring104\/#organization\"},\"potentialAction\":[{\"@type\":\"SearchAction\",\"target\":{\"@type\":\"EntryPoint\",\"urlTemplate\":\"https:\/\/progettotouring.it\/radiotouring104\/?s={search_term_string}\"},\"query-input\":{\"@type\":\"PropertyValueSpecification\",\"valueRequired\":true,\"valueName\":\"search_term_string\"}}],\"inLanguage\":\"it-IT\"},{\"@type\":\"Organization\",\"@id\":\"https:\/\/progettotouring.it\/radiotouring104\/#organization\",\"name\":\"Radio Touring 104\",\"url\":\"https:\/\/progettotouring.it\/radiotouring104\/\",\"logo\":{\"@type\":\"ImageObject\",\"inLanguage\":\"it-IT\",\"@id\":\"https:\/\/progettotouring.it\/radiotouring104\/#\/schema\/logo\/image\/\",\"url\":\"https:\/\/progettotouring.it\/radiotouring104\/wp-content\/uploads\/sites\/6\/2022\/02\/cropped-logo-radio-touring-104.png\",\"contentUrl\":\"https:\/\/progettotouring.it\/radiotouring104\/wp-content\/uploads\/sites\/6\/2022\/02\/cropped-logo-radio-touring-104.png\",\"width\":377,\"height\":182,\"caption\":\"Radio Touring 104\"},\"image\":{\"@id\":\"https:\/\/progettotouring.it\/radiotouring104\/#\/schema\/logo\/image\/\"}},{\"@type\":\"Person\",\"@id\":\"https:\/\/progettotouring.it\/radiotouring104\/#\/schema\/person\/1b3eb3c07c47136bc44c785c543e635f\",\"name\":\"redazione\",\"image\":{\"@type\":\"ImageObject\",\"inLanguage\":\"it-IT\",\"@id\":\"https:\/\/secure.gravatar.com\/avatar\/0b31605b49f100769e8b624b3e05de1b73e1692e9568a352f60f53fd072e6e11?s=96&d=mm&r=g\",\"url\":\"https:\/\/secure.gravatar.com\/avatar\/0b31605b49f100769e8b624b3e05de1b73e1692e9568a352f60f53fd072e6e11?s=96&d=mm&r=g\",\"contentUrl\":\"https:\/\/secure.gravatar.com\/avatar\/0b31605b49f100769e8b624b3e05de1b73e1692e9568a352f60f53fd072e6e11?s=96&d=mm&r=g\",\"caption\":\"redazione\"},\"url\":\"https:\/\/progettotouring.it\/radiotouring104\/author\/redazione\/\"}]}<\/script>\n<!-- \/ Yoast SEO plugin. -->","yoast_head_json":{"title":"Borgo Nocille: ripartono le attivit\u00e0 del \u201cBorgo dei Piccoli\u201d","description":"Ripartono con 3 laboratori e il coworking rurale, sulle colline di Pellaro, le attivit\u00e0 del \u201cBorgo dei Piccoli\u201d, tra natura ed educazione","robots":{"index":"index","follow":"follow","max-snippet":"max-snippet:-1","max-image-preview":"max-image-preview:large","max-video-preview":"max-video-preview:-1"},"canonical":"https:\/\/progettotouring.it\/radiotouring104\/2025\/10\/13\/borgo-nocille-ripartono-le-attivita-del-borgo-dei-piccoli\/","og_locale":"it_IT","og_type":"article","og_title":"Borgo Nocille: ripartono le attivit\u00e0 del \u201cBorgo dei Piccoli\u201d","og_description":"Ripartono con 3 laboratori e il coworking rurale, sulle colline di Pellaro, le attivit\u00e0 del \u201cBorgo dei Piccoli\u201d, tra natura ed educazione","og_url":"https:\/\/progettotouring.it\/radiotouring104\/2025\/10\/13\/borgo-nocille-ripartono-le-attivita-del-borgo-dei-piccoli\/","og_site_name":"Radio Touring 104","article_published_time":"2025-10-13T09:21:12+00:00","article_modified_time":"2025-10-13T10:03:04+00:00","og_image":[{"width":296,"height":403,"url":"https:\/\/progettotouring.it\/radiotouring104\/wp-content\/uploads\/sites\/6\/2025\/10\/Borgo-dei-Piccoli-Borgo-Nocille.gif","type":"image\/gif"}],"author":"redazione","twitter_card":"summary_large_image","twitter_misc":{"Scritto da":"redazione","Tempo di lettura stimato":"3 minuti"},"schema":{"@context":"https:\/\/schema.org","@graph":[{"@type":"Article","@id":"https:\/\/progettotouring.it\/radiotouring104\/2025\/10\/13\/borgo-nocille-ripartono-le-attivita-del-borgo-dei-piccoli\/#article","isPartOf":{"@id":"https:\/\/progettotouring.it\/radiotouring104\/2025\/10\/13\/borgo-nocille-ripartono-le-attivita-del-borgo-dei-piccoli\/"},"author":{"name":"redazione","@id":"https:\/\/progettotouring.it\/radiotouring104\/#\/schema\/person\/1b3eb3c07c47136bc44c785c543e635f"},"headline":"Borgo Nocille: ripartono le attivit\u00e0 del \u201cBorgo dei Piccoli\u201d","datePublished":"2025-10-13T09:21:12+00:00","dateModified":"2025-10-13T10:03:04+00:00","mainEntityOfPage":{"@id":"https:\/\/progettotouring.it\/radiotouring104\/2025\/10\/13\/borgo-nocille-ripartono-le-attivita-del-borgo-dei-piccoli\/"},"wordCount":667,"publisher":{"@id":"https:\/\/progettotouring.it\/radiotouring104\/#organization"},"image":{"@id":"https:\/\/progettotouring.it\/radiotouring104\/2025\/10\/13\/borgo-nocille-ripartono-le-attivita-del-borgo-dei-piccoli\/#primaryimage"},"thumbnailUrl":"https:\/\/progettotouring.it\/radiotouring104\/wp-content\/uploads\/sites\/6\/2025\/10\/Borgo-dei-Piccoli-Borgo-Nocille.gif","keywords":["3 laboratori","Borgo dei Piccoli","Borgo Nocille","Colline di Pellaro","oworking rurale","ripartono attivit\u00e0"],"articleSection":["Home","News","Reggio Calabria"],"inLanguage":"it-IT"},{"@type":"WebPage","@id":"https:\/\/progettotouring.it\/radiotouring104\/2025\/10\/13\/borgo-nocille-ripartono-le-attivita-del-borgo-dei-piccoli\/","url":"https:\/\/progettotouring.it\/radiotouring104\/2025\/10\/13\/borgo-nocille-ripartono-le-attivita-del-borgo-dei-piccoli\/","name":"Borgo Nocille: ripartono le attivit\u00e0 del \u201cBorgo dei Piccoli\u201d","isPartOf":{"@id":"https:\/\/progettotouring.it\/radiotouring104\/#website"},"primaryImageOfPage":{"@id":"https:\/\/progettotouring.it\/radiotouring104\/2025\/10\/13\/borgo-nocille-ripartono-le-attivita-del-borgo-dei-piccoli\/#primaryimage"},"image":{"@id":"https:\/\/progettotouring.it\/radiotouring104\/2025\/10\/13\/borgo-nocille-ripartono-le-attivita-del-borgo-dei-piccoli\/#primaryimage"},"thumbnailUrl":"https:\/\/progettotouring.it\/radiotouring104\/wp-content\/uploads\/sites\/6\/2025\/10\/Borgo-dei-Piccoli-Borgo-Nocille.gif","datePublished":"2025-10-13T09:21:12+00:00","dateModified":"2025-10-13T10:03:04+00:00","description":"Ripartono con 3 laboratori e il coworking rurale, sulle colline di Pellaro, le attivit\u00e0 del \u201cBorgo dei Piccoli\u201d, tra natura ed educazione","breadcrumb":{"@id":"https:\/\/progettotouring.it\/radiotouring104\/2025\/10\/13\/borgo-nocille-ripartono-le-attivita-del-borgo-dei-piccoli\/#breadcrumb"},"inLanguage":"it-IT","potentialAction":[{"@type":"ReadAction","target":["https:\/\/progettotouring.it\/radiotouring104\/2025\/10\/13\/borgo-nocille-ripartono-le-attivita-del-borgo-dei-piccoli\/"]}]},{"@type":"ImageObject","inLanguage":"it-IT","@id":"https:\/\/progettotouring.it\/radiotouring104\/2025\/10\/13\/borgo-nocille-ripartono-le-attivita-del-borgo-dei-piccoli\/#primaryimage","url":"https:\/\/progettotouring.it\/radiotouring104\/wp-content\/uploads\/sites\/6\/2025\/10\/Borgo-dei-Piccoli-Borgo-Nocille.gif","contentUrl":"https:\/\/progettotouring.it\/radiotouring104\/wp-content\/uploads\/sites\/6\/2025\/10\/Borgo-dei-Piccoli-Borgo-Nocille.gif","width":296,"height":403},{"@type":"BreadcrumbList","@id":"https:\/\/progettotouring.it\/radiotouring104\/2025\/10\/13\/borgo-nocille-ripartono-le-attivita-del-borgo-dei-piccoli\/#breadcrumb","itemListElement":[{"@type":"ListItem","position":1,"name":"Home","item":"https:\/\/progettotouring.it\/radiotouring104\/"},{"@type":"ListItem","position":2,"name":"Borgo Nocille: ripartono le attivit\u00e0 del \u201cBorgo dei Piccoli\u201d"}]},{"@type":"WebSite","@id":"https:\/\/progettotouring.it\/radiotouring104\/#website","url":"https:\/\/progettotouring.it\/radiotouring104\/","name":"Radio Touring 104","description":"La prima radio Reggina","publisher":{"@id":"https:\/\/progettotouring.it\/radiotouring104\/#organization"},"potentialAction":[{"@type":"SearchAction","target":{"@type":"EntryPoint","urlTemplate":"https:\/\/progettotouring.it\/radiotouring104\/?s={search_term_string}"},"query-input":{"@type":"PropertyValueSpecification","valueRequired":true,"valueName":"search_term_string"}}],"inLanguage":"it-IT"},{"@type":"Organization","@id":"https:\/\/progettotouring.it\/radiotouring104\/#organization","name":"Radio Touring 104","url":"https:\/\/progettotouring.it\/radiotouring104\/","logo":{"@type":"ImageObject","inLanguage":"it-IT","@id":"https:\/\/progettotouring.it\/radiotouring104\/#\/schema\/logo\/image\/","url":"https:\/\/progettotouring.it\/radiotouring104\/wp-content\/uploads\/sites\/6\/2022\/02\/cropped-logo-radio-touring-104.png","contentUrl":"https:\/\/progettotouring.it\/radiotouring104\/wp-content\/uploads\/sites\/6\/2022\/02\/cropped-logo-radio-touring-104.png","width":377,"height":182,"caption":"Radio Touring 104"},"image":{"@id":"https:\/\/progettotouring.it\/radiotouring104\/#\/schema\/logo\/image\/"}},{"@type":"Person","@id":"https:\/\/progettotouring.it\/radiotouring104\/#\/schema\/person\/1b3eb3c07c47136bc44c785c543e635f","name":"redazione","image":{"@type":"ImageObject","inLanguage":"it-IT","@id":"https:\/\/secure.gravatar.com\/avatar\/0b31605b49f100769e8b624b3e05de1b73e1692e9568a352f60f53fd072e6e11?s=96&d=mm&r=g","url":"https:\/\/secure.gravatar.com\/avatar\/0b31605b49f100769e8b624b3e05de1b73e1692e9568a352f60f53fd072e6e11?s=96&d=mm&r=g","contentUrl":"https:\/\/secure.gravatar.com\/avatar\/0b31605b49f100769e8b624b3e05de1b73e1692e9568a352f60f53fd072e6e11?s=96&d=mm&r=g","caption":"redazione"},"url":"https:\/\/progettotouring.it\/radiotouring104\/author\/redazione\/"}]}},"jetpack_publicize_connections":[],"jetpack_featured_media_url":"https:\/\/progettotouring.it\/radiotouring104\/wp-content\/uploads\/sites\/6\/2025\/10\/Borgo-dei-Piccoli-Borgo-Nocille.gif","jetpack_sharing_enabled":true,"_links":{"self":[{"href":"https:\/\/progettotouring.it\/radiotouring104\/wp-json\/wp\/v2\/posts\/83833","targetHints":{"allow":["GET"]}}],"collection":[{"href":"https:\/\/progettotouring.it\/radiotouring104\/wp-json\/wp\/v2\/posts"}],"about":[{"href":"https:\/\/progettotouring.it\/radiotouring104\/wp-json\/wp\/v2\/types\/post"}],"author":[{"embeddable":true,"href":"https:\/\/progettotouring.it\/radiotouring104\/wp-json\/wp\/v2\/users\/5"}],"replies":[{"embeddable":true,"href":"https:\/\/progettotouring.it\/radiotouring104\/wp-json\/wp\/v2\/comments?post=83833"}],"version-history":[{"count":1,"href":"https:\/\/progettotouring.it\/radiotouring104\/wp-json\/wp\/v2\/posts\/83833\/revisions"}],"predecessor-version":[{"id":83835,"href":"https:\/\/progettotouring.it\/radiotouring104\/wp-json\/wp\/v2\/posts\/83833\/revisions\/83835"}],"wp:featuredmedia":[{"embeddable":true,"href":"https:\/\/progettotouring.it\/radiotouring104\/wp-json\/wp\/v2\/media\/83834"}],"wp:attachment":[{"href":"https:\/\/progettotouring.it\/radiotouring104\/wp-json\/wp\/v2\/media?parent=83833"}],"wp:term":[{"taxonomy":"category","embeddable":true,"href":"https:\/\/progettotouring.it\/radiotouring104\/wp-json\/wp\/v2\/categories?post=83833"},{"taxonomy":"post_tag","embeddable":true,"href":"https:\/\/progettotouring.it\/radiotouring104\/wp-json\/wp\/v2\/tags?post=83833"}],"curies":[{"name":"wp","href":"https:\/\/api.w.org\/{rel}","templated":true}]}}