{"id":83836,"date":"2025-10-13T11:36:34","date_gmt":"2025-10-13T09:36:34","guid":{"rendered":"https:\/\/progettotouring.it\/radiotouring104\/?p=83836"},"modified":"2025-10-13T12:03:00","modified_gmt":"2025-10-13T10:03:00","slug":"a-locri-una-giornata-commemorativa-per-il-ventennale-dallomicidio-di-ndrangheta-di-francesco-fortugno","status":"publish","type":"post","link":"https:\/\/progettotouring.it\/radiotouring104\/2025\/10\/13\/a-locri-una-giornata-commemorativa-per-il-ventennale-dallomicidio-di-ndrangheta-di-francesco-fortugno\/","title":{"rendered":"A Locri una giornata commemorativa per il ventennale dall&#8217;omicidio di &#8216;Ndrangheta di Francesco Fortugno"},"content":{"rendered":"<div dir=\"ltr\">Si svolger\u00e0 il prossimo <b>gioved\u00ec 16 ottobre<\/b>\u00a0a Locri la giornata commemorativa dedicata al ricordo di Francesco Fortugno, Vicepresidente del Consiglio regionale della Calabria assassinato 20 anni fa dalla &#8216;ndrangheta.<\/div>\n<div dir=\"ltr\"><\/div>\n<div dir=\"ltr\">Il programma della giornata prevede un momento di raccoglimento alla presenza delle istituzioni e dei cittadini,\u00a0<b>con inizio alle ore 9.45<\/b>, in occasione della celebrazione della Santa Messa presso la\u00a0<b>Cattedrale di Santa Maria del Mastro<\/b>, officiata dal Vescovo di Locri, Mons. Francesco Oliva.<\/div>\n<div dir=\"ltr\"><\/div>\n<div dir=\"ltr\">A seguire, la commemorazione si sposter\u00e0 a Palazzo Nieddu dove si terr\u00e0 la deposizione della corona da parte delle Istituzioni dello Stato, alla presenza del\u00a0<b>Ministro della Salute, Orazio Schillaci<\/b>.<\/div>\n<div dir=\"ltr\">La giornata si concluder\u00e0, infine, nella\u00a0<b>Casa della Cultura di Locri<\/b>, dove sar\u00e0 ospitata (<b>inizio ore 11.15<\/b>) l&#8217;iniziativa pubblica\u00a0<i>&#8220;Vent&#8217;anni senza Francesco Fortugno&#8221;<\/i>, che vedr\u00e0 la presenza di rappresentanti istituzionali, forze dell&#8217;ordine e gli studenti delle scuole del territorio.<\/div>\n<div dir=\"ltr\"><\/div>\n<div dir=\"ltr\">A vent&#8217;anni dal quel barbaro omicidio che scosse dalle fondamenta le istituzioni democratiche calabresi, la manifestazione intende ribadire la necessit\u00e0 di tenere alta la guardia sul fronte della legalit\u00e0. Nel ricordo di Francesco Fortugno, Locri chiama a raccolta i propri giovani, come accaduto gi\u00e0 all&#8217;indomani del 16 ottobre 2005, per rilanciare l&#8217;impegno della comunit\u00e0 giovanile contro la criminalit\u00e0 organizzata. Un cammino che da anni viene alimentato dalla cultura, dal protagonismo giovanile e dalla partecipazione spontanea, nella consapevolezza che siano proprio questi gli strumenti necessari per non cedere alla rassegnazione e attuare concretamente il riscatto civile di questo territorio.<\/div>\n","protected":false},"excerpt":{"rendered":"<p>Si svolger\u00e0 il prossimo gioved\u00ec 16 ottobre\u00a0a Locri la giornata commemorativa dedicata al ricordo di Francesco Fortugno, Vicepresidente del Consiglio regionale della Calabria assassinato 20 anni fa dalla &#8216;ndrangheta. Il&hellip;<\/p>\n","protected":false},"author":5,"featured_media":83837,"comment_status":"closed","ping_status":"open","sticky":false,"template":"","format":"standard","meta":{"_jetpack_memberships_contains_paid_content":false,"footnotes":"","jetpack_publicize_message":"","jetpack_publicize_feature_enabled":true,"jetpack_social_post_already_shared":true,"jetpack_social_options":{"image_generator_settings":{"template":"highway","default_image_id":0,"font":"","enabled":false},"version":2}},"categories":[921,196,140],"tags":[48295,4831,48297,338,36495,48296],"class_list":["post-83836","post","type-post","status-publish","format-standard","has-post-thumbnail","hentry","category-home","category-news","category-reggio-calabria","tag-cattedrale-di-santa-maria-del-mastro","tag-francesco-fortugno","tag-giornata-commemorativa","tag-locri","tag-omicidio-di-ndrangheta","tag-ventennale-scomparsa"],"yoast_head":"<!-- This site is optimized with the Yoast SEO plugin v27.2 - https:\/\/yoast.com\/product\/yoast-seo-wordpress\/ -->\n<title>Locri commemora il ventennale dall&#039;omicidio di Francesco Fortugno<\/title>\n<meta name=\"description\" content=\"La giornata commemorativa per i vent&#039;anni dalla scomparsa di Francesco Fortugno si svolger\u00e0 a Locri gioved\u00ec 16 ottobre\" \/>\n<meta name=\"robots\" content=\"index, follow, max-snippet:-1, max-image-preview:large, max-video-preview:-1\" \/>\n<link rel=\"canonical\" href=\"https:\/\/progettotouring.it\/radiotouring104\/2025\/10\/13\/a-locri-una-giornata-commemorativa-per-il-ventennale-dallomicidio-di-ndrangheta-di-francesco-fortugno\/\" \/>\n<meta property=\"og:locale\" content=\"it_IT\" \/>\n<meta property=\"og:type\" content=\"article\" \/>\n<meta property=\"og:title\" content=\"Locri commemora il ventennale dall&#039;omicidio di Francesco Fortugno\" \/>\n<meta property=\"og:description\" content=\"La giornata commemorativa per i vent&#039;anni dalla scomparsa di Francesco Fortugno si svolger\u00e0 a Locri gioved\u00ec 16 ottobre\" \/>\n<meta property=\"og:url\" content=\"https:\/\/progettotouring.it\/radiotouring104\/2025\/10\/13\/a-locri-una-giornata-commemorativa-per-il-ventennale-dallomicidio-di-ndrangheta-di-francesco-fortugno\/\" \/>\n<meta property=\"og:site_name\" content=\"Radio Touring 104\" \/>\n<meta property=\"article:published_time\" content=\"2025-10-13T09:36:34+00:00\" \/>\n<meta property=\"article:modified_time\" content=\"2025-10-13T10:03:00+00:00\" \/>\n<meta property=\"og:image\" content=\"https:\/\/progettotouring.it\/radiotouring104\/wp-content\/uploads\/sites\/6\/2025\/10\/Commemorazione-ventennale-omicidio-Francesco-Fortugno-Locri.gif\" \/>\n\t<meta property=\"og:image:width\" content=\"410\" \/>\n\t<meta property=\"og:image:height\" content=\"413\" \/>\n\t<meta property=\"og:image:type\" content=\"image\/gif\" \/>\n<meta name=\"author\" content=\"redazione\" \/>\n<meta name=\"twitter:card\" content=\"summary_large_image\" \/>\n<meta name=\"twitter:label1\" content=\"Scritto da\" \/>\n\t<meta name=\"twitter:data1\" content=\"redazione\" \/>\n\t<meta name=\"twitter:label2\" content=\"Tempo di lettura stimato\" \/>\n\t<meta name=\"twitter:data2\" content=\"1 minuto\" \/>\n<script type=\"application\/ld+json\" class=\"yoast-schema-graph\">{\"@context\":\"https:\/\/schema.org\",\"@graph\":[{\"@type\":\"Article\",\"@id\":\"https:\/\/progettotouring.it\/radiotouring104\/2025\/10\/13\/a-locri-una-giornata-commemorativa-per-il-ventennale-dallomicidio-di-ndrangheta-di-francesco-fortugno\/#article\",\"isPartOf\":{\"@id\":\"https:\/\/progettotouring.it\/radiotouring104\/2025\/10\/13\/a-locri-una-giornata-commemorativa-per-il-ventennale-dallomicidio-di-ndrangheta-di-francesco-fortugno\/\"},\"author\":{\"name\":\"redazione\",\"@id\":\"https:\/\/progettotouring.it\/radiotouring104\/#\/schema\/person\/1b3eb3c07c47136bc44c785c543e635f\"},\"headline\":\"A Locri una giornata commemorativa per il ventennale dall&#8217;omicidio di &#8216;Ndrangheta di Francesco Fortugno\",\"datePublished\":\"2025-10-13T09:36:34+00:00\",\"dateModified\":\"2025-10-13T10:03:00+00:00\",\"mainEntityOfPage\":{\"@id\":\"https:\/\/progettotouring.it\/radiotouring104\/2025\/10\/13\/a-locri-una-giornata-commemorativa-per-il-ventennale-dallomicidio-di-ndrangheta-di-francesco-fortugno\/\"},\"wordCount\":249,\"publisher\":{\"@id\":\"https:\/\/progettotouring.it\/radiotouring104\/#organization\"},\"image\":{\"@id\":\"https:\/\/progettotouring.it\/radiotouring104\/2025\/10\/13\/a-locri-una-giornata-commemorativa-per-il-ventennale-dallomicidio-di-ndrangheta-di-francesco-fortugno\/#primaryimage\"},\"thumbnailUrl\":\"https:\/\/progettotouring.it\/radiotouring104\/wp-content\/uploads\/sites\/6\/2025\/10\/Commemorazione-ventennale-omicidio-Francesco-Fortugno-Locri.gif\",\"keywords\":[\"Cattedrale di Santa Maria del Mastro\",\"Francesco Fortugno\",\"giornata commemorativa\",\"Locri\",\"omicidio di ndrangheta\",\"ventennale scomparsa\"],\"articleSection\":[\"Home\",\"News\",\"Reggio Calabria\"],\"inLanguage\":\"it-IT\"},{\"@type\":\"WebPage\",\"@id\":\"https:\/\/progettotouring.it\/radiotouring104\/2025\/10\/13\/a-locri-una-giornata-commemorativa-per-il-ventennale-dallomicidio-di-ndrangheta-di-francesco-fortugno\/\",\"url\":\"https:\/\/progettotouring.it\/radiotouring104\/2025\/10\/13\/a-locri-una-giornata-commemorativa-per-il-ventennale-dallomicidio-di-ndrangheta-di-francesco-fortugno\/\",\"name\":\"Locri commemora il ventennale dall'omicidio di Francesco Fortugno\",\"isPartOf\":{\"@id\":\"https:\/\/progettotouring.it\/radiotouring104\/#website\"},\"primaryImageOfPage\":{\"@id\":\"https:\/\/progettotouring.it\/radiotouring104\/2025\/10\/13\/a-locri-una-giornata-commemorativa-per-il-ventennale-dallomicidio-di-ndrangheta-di-francesco-fortugno\/#primaryimage\"},\"image\":{\"@id\":\"https:\/\/progettotouring.it\/radiotouring104\/2025\/10\/13\/a-locri-una-giornata-commemorativa-per-il-ventennale-dallomicidio-di-ndrangheta-di-francesco-fortugno\/#primaryimage\"},\"thumbnailUrl\":\"https:\/\/progettotouring.it\/radiotouring104\/wp-content\/uploads\/sites\/6\/2025\/10\/Commemorazione-ventennale-omicidio-Francesco-Fortugno-Locri.gif\",\"datePublished\":\"2025-10-13T09:36:34+00:00\",\"dateModified\":\"2025-10-13T10:03:00+00:00\",\"description\":\"La giornata commemorativa per i vent'anni dalla scomparsa di Francesco Fortugno si svolger\u00e0 a Locri gioved\u00ec 16 ottobre\",\"breadcrumb\":{\"@id\":\"https:\/\/progettotouring.it\/radiotouring104\/2025\/10\/13\/a-locri-una-giornata-commemorativa-per-il-ventennale-dallomicidio-di-ndrangheta-di-francesco-fortugno\/#breadcrumb\"},\"inLanguage\":\"it-IT\",\"potentialAction\":[{\"@type\":\"ReadAction\",\"target\":[\"https:\/\/progettotouring.it\/radiotouring104\/2025\/10\/13\/a-locri-una-giornata-commemorativa-per-il-ventennale-dallomicidio-di-ndrangheta-di-francesco-fortugno\/\"]}]},{\"@type\":\"ImageObject\",\"inLanguage\":\"it-IT\",\"@id\":\"https:\/\/progettotouring.it\/radiotouring104\/2025\/10\/13\/a-locri-una-giornata-commemorativa-per-il-ventennale-dallomicidio-di-ndrangheta-di-francesco-fortugno\/#primaryimage\",\"url\":\"https:\/\/progettotouring.it\/radiotouring104\/wp-content\/uploads\/sites\/6\/2025\/10\/Commemorazione-ventennale-omicidio-Francesco-Fortugno-Locri.gif\",\"contentUrl\":\"https:\/\/progettotouring.it\/radiotouring104\/wp-content\/uploads\/sites\/6\/2025\/10\/Commemorazione-ventennale-omicidio-Francesco-Fortugno-Locri.gif\",\"width\":410,\"height\":413},{\"@type\":\"BreadcrumbList\",\"@id\":\"https:\/\/progettotouring.it\/radiotouring104\/2025\/10\/13\/a-locri-una-giornata-commemorativa-per-il-ventennale-dallomicidio-di-ndrangheta-di-francesco-fortugno\/#breadcrumb\",\"itemListElement\":[{\"@type\":\"ListItem\",\"position\":1,\"name\":\"Home\",\"item\":\"https:\/\/progettotouring.it\/radiotouring104\/\"},{\"@type\":\"ListItem\",\"position\":2,\"name\":\"A Locri una giornata commemorativa per il ventennale dall&#8217;omicidio di &#8216;Ndrangheta di Francesco Fortugno\"}]},{\"@type\":\"WebSite\",\"@id\":\"https:\/\/progettotouring.it\/radiotouring104\/#website\",\"url\":\"https:\/\/progettotouring.it\/radiotouring104\/\",\"name\":\"Radio Touring 104\",\"description\":\"La prima radio Reggina\",\"publisher\":{\"@id\":\"https:\/\/progettotouring.it\/radiotouring104\/#organization\"},\"potentialAction\":[{\"@type\":\"SearchAction\",\"target\":{\"@type\":\"EntryPoint\",\"urlTemplate\":\"https:\/\/progettotouring.it\/radiotouring104\/?s={search_term_string}\"},\"query-input\":{\"@type\":\"PropertyValueSpecification\",\"valueRequired\":true,\"valueName\":\"search_term_string\"}}],\"inLanguage\":\"it-IT\"},{\"@type\":\"Organization\",\"@id\":\"https:\/\/progettotouring.it\/radiotouring104\/#organization\",\"name\":\"Radio Touring 104\",\"url\":\"https:\/\/progettotouring.it\/radiotouring104\/\",\"logo\":{\"@type\":\"ImageObject\",\"inLanguage\":\"it-IT\",\"@id\":\"https:\/\/progettotouring.it\/radiotouring104\/#\/schema\/logo\/image\/\",\"url\":\"https:\/\/progettotouring.it\/radiotouring104\/wp-content\/uploads\/sites\/6\/2022\/02\/cropped-logo-radio-touring-104.png\",\"contentUrl\":\"https:\/\/progettotouring.it\/radiotouring104\/wp-content\/uploads\/sites\/6\/2022\/02\/cropped-logo-radio-touring-104.png\",\"width\":377,\"height\":182,\"caption\":\"Radio Touring 104\"},\"image\":{\"@id\":\"https:\/\/progettotouring.it\/radiotouring104\/#\/schema\/logo\/image\/\"}},{\"@type\":\"Person\",\"@id\":\"https:\/\/progettotouring.it\/radiotouring104\/#\/schema\/person\/1b3eb3c07c47136bc44c785c543e635f\",\"name\":\"redazione\",\"image\":{\"@type\":\"ImageObject\",\"inLanguage\":\"it-IT\",\"@id\":\"https:\/\/secure.gravatar.com\/avatar\/0b31605b49f100769e8b624b3e05de1b73e1692e9568a352f60f53fd072e6e11?s=96&d=mm&r=g\",\"url\":\"https:\/\/secure.gravatar.com\/avatar\/0b31605b49f100769e8b624b3e05de1b73e1692e9568a352f60f53fd072e6e11?s=96&d=mm&r=g\",\"contentUrl\":\"https:\/\/secure.gravatar.com\/avatar\/0b31605b49f100769e8b624b3e05de1b73e1692e9568a352f60f53fd072e6e11?s=96&d=mm&r=g\",\"caption\":\"redazione\"},\"url\":\"https:\/\/progettotouring.it\/radiotouring104\/author\/redazione\/\"}]}<\/script>\n<!-- \/ Yoast SEO plugin. -->","yoast_head_json":{"title":"Locri commemora il ventennale dall'omicidio di Francesco Fortugno","description":"La giornata commemorativa per i vent'anni dalla scomparsa di Francesco Fortugno si svolger\u00e0 a Locri gioved\u00ec 16 ottobre","robots":{"index":"index","follow":"follow","max-snippet":"max-snippet:-1","max-image-preview":"max-image-preview:large","max-video-preview":"max-video-preview:-1"},"canonical":"https:\/\/progettotouring.it\/radiotouring104\/2025\/10\/13\/a-locri-una-giornata-commemorativa-per-il-ventennale-dallomicidio-di-ndrangheta-di-francesco-fortugno\/","og_locale":"it_IT","og_type":"article","og_title":"Locri commemora il ventennale dall'omicidio di Francesco Fortugno","og_description":"La giornata commemorativa per i vent'anni dalla scomparsa di Francesco Fortugno si svolger\u00e0 a Locri gioved\u00ec 16 ottobre","og_url":"https:\/\/progettotouring.it\/radiotouring104\/2025\/10\/13\/a-locri-una-giornata-commemorativa-per-il-ventennale-dallomicidio-di-ndrangheta-di-francesco-fortugno\/","og_site_name":"Radio Touring 104","article_published_time":"2025-10-13T09:36:34+00:00","article_modified_time":"2025-10-13T10:03:00+00:00","og_image":[{"width":410,"height":413,"url":"https:\/\/progettotouring.it\/radiotouring104\/wp-content\/uploads\/sites\/6\/2025\/10\/Commemorazione-ventennale-omicidio-Francesco-Fortugno-Locri.gif","type":"image\/gif"}],"author":"redazione","twitter_card":"summary_large_image","twitter_misc":{"Scritto da":"redazione","Tempo di lettura stimato":"1 minuto"},"schema":{"@context":"https:\/\/schema.org","@graph":[{"@type":"Article","@id":"https:\/\/progettotouring.it\/radiotouring104\/2025\/10\/13\/a-locri-una-giornata-commemorativa-per-il-ventennale-dallomicidio-di-ndrangheta-di-francesco-fortugno\/#article","isPartOf":{"@id":"https:\/\/progettotouring.it\/radiotouring104\/2025\/10\/13\/a-locri-una-giornata-commemorativa-per-il-ventennale-dallomicidio-di-ndrangheta-di-francesco-fortugno\/"},"author":{"name":"redazione","@id":"https:\/\/progettotouring.it\/radiotouring104\/#\/schema\/person\/1b3eb3c07c47136bc44c785c543e635f"},"headline":"A Locri una giornata commemorativa per il ventennale dall&#8217;omicidio di &#8216;Ndrangheta di Francesco Fortugno","datePublished":"2025-10-13T09:36:34+00:00","dateModified":"2025-10-13T10:03:00+00:00","mainEntityOfPage":{"@id":"https:\/\/progettotouring.it\/radiotouring104\/2025\/10\/13\/a-locri-una-giornata-commemorativa-per-il-ventennale-dallomicidio-di-ndrangheta-di-francesco-fortugno\/"},"wordCount":249,"publisher":{"@id":"https:\/\/progettotouring.it\/radiotouring104\/#organization"},"image":{"@id":"https:\/\/progettotouring.it\/radiotouring104\/2025\/10\/13\/a-locri-una-giornata-commemorativa-per-il-ventennale-dallomicidio-di-ndrangheta-di-francesco-fortugno\/#primaryimage"},"thumbnailUrl":"https:\/\/progettotouring.it\/radiotouring104\/wp-content\/uploads\/sites\/6\/2025\/10\/Commemorazione-ventennale-omicidio-Francesco-Fortugno-Locri.gif","keywords":["Cattedrale di Santa Maria del Mastro","Francesco Fortugno","giornata commemorativa","Locri","omicidio di ndrangheta","ventennale scomparsa"],"articleSection":["Home","News","Reggio Calabria"],"inLanguage":"it-IT"},{"@type":"WebPage","@id":"https:\/\/progettotouring.it\/radiotouring104\/2025\/10\/13\/a-locri-una-giornata-commemorativa-per-il-ventennale-dallomicidio-di-ndrangheta-di-francesco-fortugno\/","url":"https:\/\/progettotouring.it\/radiotouring104\/2025\/10\/13\/a-locri-una-giornata-commemorativa-per-il-ventennale-dallomicidio-di-ndrangheta-di-francesco-fortugno\/","name":"Locri commemora il ventennale dall'omicidio di Francesco Fortugno","isPartOf":{"@id":"https:\/\/progettotouring.it\/radiotouring104\/#website"},"primaryImageOfPage":{"@id":"https:\/\/progettotouring.it\/radiotouring104\/2025\/10\/13\/a-locri-una-giornata-commemorativa-per-il-ventennale-dallomicidio-di-ndrangheta-di-francesco-fortugno\/#primaryimage"},"image":{"@id":"https:\/\/progettotouring.it\/radiotouring104\/2025\/10\/13\/a-locri-una-giornata-commemorativa-per-il-ventennale-dallomicidio-di-ndrangheta-di-francesco-fortugno\/#primaryimage"},"thumbnailUrl":"https:\/\/progettotouring.it\/radiotouring104\/wp-content\/uploads\/sites\/6\/2025\/10\/Commemorazione-ventennale-omicidio-Francesco-Fortugno-Locri.gif","datePublished":"2025-10-13T09:36:34+00:00","dateModified":"2025-10-13T10:03:00+00:00","description":"La giornata commemorativa per i vent'anni dalla scomparsa di Francesco Fortugno si svolger\u00e0 a Locri gioved\u00ec 16 ottobre","breadcrumb":{"@id":"https:\/\/progettotouring.it\/radiotouring104\/2025\/10\/13\/a-locri-una-giornata-commemorativa-per-il-ventennale-dallomicidio-di-ndrangheta-di-francesco-fortugno\/#breadcrumb"},"inLanguage":"it-IT","potentialAction":[{"@type":"ReadAction","target":["https:\/\/progettotouring.it\/radiotouring104\/2025\/10\/13\/a-locri-una-giornata-commemorativa-per-il-ventennale-dallomicidio-di-ndrangheta-di-francesco-fortugno\/"]}]},{"@type":"ImageObject","inLanguage":"it-IT","@id":"https:\/\/progettotouring.it\/radiotouring104\/2025\/10\/13\/a-locri-una-giornata-commemorativa-per-il-ventennale-dallomicidio-di-ndrangheta-di-francesco-fortugno\/#primaryimage","url":"https:\/\/progettotouring.it\/radiotouring104\/wp-content\/uploads\/sites\/6\/2025\/10\/Commemorazione-ventennale-omicidio-Francesco-Fortugno-Locri.gif","contentUrl":"https:\/\/progettotouring.it\/radiotouring104\/wp-content\/uploads\/sites\/6\/2025\/10\/Commemorazione-ventennale-omicidio-Francesco-Fortugno-Locri.gif","width":410,"height":413},{"@type":"BreadcrumbList","@id":"https:\/\/progettotouring.it\/radiotouring104\/2025\/10\/13\/a-locri-una-giornata-commemorativa-per-il-ventennale-dallomicidio-di-ndrangheta-di-francesco-fortugno\/#breadcrumb","itemListElement":[{"@type":"ListItem","position":1,"name":"Home","item":"https:\/\/progettotouring.it\/radiotouring104\/"},{"@type":"ListItem","position":2,"name":"A Locri una giornata commemorativa per il ventennale dall&#8217;omicidio di &#8216;Ndrangheta di Francesco Fortugno"}]},{"@type":"WebSite","@id":"https:\/\/progettotouring.it\/radiotouring104\/#website","url":"https:\/\/progettotouring.it\/radiotouring104\/","name":"Radio Touring 104","description":"La prima radio Reggina","publisher":{"@id":"https:\/\/progettotouring.it\/radiotouring104\/#organization"},"potentialAction":[{"@type":"SearchAction","target":{"@type":"EntryPoint","urlTemplate":"https:\/\/progettotouring.it\/radiotouring104\/?s={search_term_string}"},"query-input":{"@type":"PropertyValueSpecification","valueRequired":true,"valueName":"search_term_string"}}],"inLanguage":"it-IT"},{"@type":"Organization","@id":"https:\/\/progettotouring.it\/radiotouring104\/#organization","name":"Radio Touring 104","url":"https:\/\/progettotouring.it\/radiotouring104\/","logo":{"@type":"ImageObject","inLanguage":"it-IT","@id":"https:\/\/progettotouring.it\/radiotouring104\/#\/schema\/logo\/image\/","url":"https:\/\/progettotouring.it\/radiotouring104\/wp-content\/uploads\/sites\/6\/2022\/02\/cropped-logo-radio-touring-104.png","contentUrl":"https:\/\/progettotouring.it\/radiotouring104\/wp-content\/uploads\/sites\/6\/2022\/02\/cropped-logo-radio-touring-104.png","width":377,"height":182,"caption":"Radio Touring 104"},"image":{"@id":"https:\/\/progettotouring.it\/radiotouring104\/#\/schema\/logo\/image\/"}},{"@type":"Person","@id":"https:\/\/progettotouring.it\/radiotouring104\/#\/schema\/person\/1b3eb3c07c47136bc44c785c543e635f","name":"redazione","image":{"@type":"ImageObject","inLanguage":"it-IT","@id":"https:\/\/secure.gravatar.com\/avatar\/0b31605b49f100769e8b624b3e05de1b73e1692e9568a352f60f53fd072e6e11?s=96&d=mm&r=g","url":"https:\/\/secure.gravatar.com\/avatar\/0b31605b49f100769e8b624b3e05de1b73e1692e9568a352f60f53fd072e6e11?s=96&d=mm&r=g","contentUrl":"https:\/\/secure.gravatar.com\/avatar\/0b31605b49f100769e8b624b3e05de1b73e1692e9568a352f60f53fd072e6e11?s=96&d=mm&r=g","caption":"redazione"},"url":"https:\/\/progettotouring.it\/radiotouring104\/author\/redazione\/"}]}},"jetpack_publicize_connections":[],"jetpack_featured_media_url":"https:\/\/progettotouring.it\/radiotouring104\/wp-content\/uploads\/sites\/6\/2025\/10\/Commemorazione-ventennale-omicidio-Francesco-Fortugno-Locri.gif","jetpack_sharing_enabled":true,"_links":{"self":[{"href":"https:\/\/progettotouring.it\/radiotouring104\/wp-json\/wp\/v2\/posts\/83836","targetHints":{"allow":["GET"]}}],"collection":[{"href":"https:\/\/progettotouring.it\/radiotouring104\/wp-json\/wp\/v2\/posts"}],"about":[{"href":"https:\/\/progettotouring.it\/radiotouring104\/wp-json\/wp\/v2\/types\/post"}],"author":[{"embeddable":true,"href":"https:\/\/progettotouring.it\/radiotouring104\/wp-json\/wp\/v2\/users\/5"}],"replies":[{"embeddable":true,"href":"https:\/\/progettotouring.it\/radiotouring104\/wp-json\/wp\/v2\/comments?post=83836"}],"version-history":[{"count":1,"href":"https:\/\/progettotouring.it\/radiotouring104\/wp-json\/wp\/v2\/posts\/83836\/revisions"}],"predecessor-version":[{"id":83838,"href":"https:\/\/progettotouring.it\/radiotouring104\/wp-json\/wp\/v2\/posts\/83836\/revisions\/83838"}],"wp:featuredmedia":[{"embeddable":true,"href":"https:\/\/progettotouring.it\/radiotouring104\/wp-json\/wp\/v2\/media\/83837"}],"wp:attachment":[{"href":"https:\/\/progettotouring.it\/radiotouring104\/wp-json\/wp\/v2\/media?parent=83836"}],"wp:term":[{"taxonomy":"category","embeddable":true,"href":"https:\/\/progettotouring.it\/radiotouring104\/wp-json\/wp\/v2\/categories?post=83836"},{"taxonomy":"post_tag","embeddable":true,"href":"https:\/\/progettotouring.it\/radiotouring104\/wp-json\/wp\/v2\/tags?post=83836"}],"curies":[{"name":"wp","href":"https:\/\/api.w.org\/{rel}","templated":true}]}}