{"id":83930,"date":"2025-10-14T10:30:21","date_gmt":"2025-10-14T08:30:21","guid":{"rendered":"https:\/\/progettotouring.it\/radiotouring104\/?p=83930"},"modified":"2025-10-14T12:46:42","modified_gmt":"2025-10-14T10:46:42","slug":"reggio-il-cardinale-bagnasco-aprira-lanno-istituzionale-dellina","status":"publish","type":"post","link":"https:\/\/progettotouring.it\/radiotouring104\/2025\/10\/14\/reggio-il-cardinale-bagnasco-aprira-lanno-istituzionale-dellina\/","title":{"rendered":"Reggio: il Cardinale Bagnasco aprir\u00e0 l&#8217;anno istituzionale dell&#8217;Ina"},"content":{"rendered":"<div class=\"msg-view-text-cnt\">\n<div class=\"xam_msg_class\">\n<div dir=\"ltr\">\n<div>Reggio Calabria si prepara ad accogliere, con composta solennit\u00e0 e autentico fervore ecclesiale, un appuntamento di alto profilo che unisce tradizione spirituale e responsabilit\u00e0 civile: gioved\u00ec 23 ottobre 2025, alle ore 19:00, presso la Basilica dell\u2019Eremo, si celebrer\u00e0 la Santa Messa\u00a0 in onore della Madonna della Madonna della Consolazione e di Inaugurazione dell\u2019Anno Istituzionale 2025\/2026 dell\u2019Istituto Nazionale Azzurro (INA), realt\u00e0 umanitaria di ispirazione cattolica da anni al servizio dei pi\u00f9 fragili e punto di riferimento per molte comunit\u00e0 parrocchiali.<\/div>\n<div>\n<p class=\"xmprfx_MsoNormal\">La celebrazione sar\u00e0 presieduta da Sua Eminenza Reverendissima il Cardinale Angelo Bagnasco, Arcivescovo Emerito di Genova e\u00a0della C.E.I., Presidente del Comitato Etico Scientifico dell\u2019INA, che guider\u00e0 un momento di preghiera per il Venerabile P, Gesualdo di RC e riflessione di grande intensit\u00e0 spirituale. Per la citt\u00e0, ospitare un evento di tale rilievo rappresenta un riconoscimento significativo del ruolo di Reggio Calabria quale crocevia di valori, competenze e sensibilit\u00e0 ecclesiali e sociali, un segno concreto di fiducia che valorizza la Basilica dell\u2019Eremo come luogo simbolico di identit\u00e0 e memoria comunitaria e, al tempo stesso, come spazio di incontro, dialogo e servizio al bene comune.<\/p>\n<p class=\"xmprfx_MsoNormal\">La presenza di rappresentanze del clero, delle istituzioni civili e militari, del mondo accademico e del volontariato testimonier\u00e0 la vocazione della citt\u00e0 a farsi casa dell\u2019ospitalit\u00e0 mediterranea, laboratorio di solidariet\u00e0 e presidio culturale di prim\u2019ordine, in cui la dimensione spirituale sostiene e illumina l\u2019impegno quotidiano per le persone e i territori. In questo contesto, l\u2019Istituto Nazionale Azzurro riafferma la propria missione a favore dei pi\u00f9 deboli, al fianco dei parroci e delle realt\u00e0 locali che affrontano situazioni complesse, promuovendo reti di prossimit\u00e0, formazione e carit\u00e0 operosa.<\/p>\n<p class=\"xmprfx_MsoNormal\">Il Fondatore e Presidente, Cavaliere Dottor Lorenzo Festicini, invita l\u2019intera comunit\u00e0 a partecipare alla solenne celebrazione eucaristica, perch\u00e9 la condivisione della preghiera e del pensiero comune diventi sorgente di rinnovato slancio morale, coesione sociale e speranza concreta per Reggio Calabria e per quanti guardano a questa terra come a un faro di umanit\u00e0 e di civilt\u00e0.<\/p>\n<p class=\"xmprfx_MsoNormal\">\n<\/div>\n<\/div>\n<\/div>\n<\/div>\n<div class=\"msg-view-attach-preview\">\n<div id=\"uiLogic_webmail__view_AttachmentsImageBlock_12\" class=\"attachmentsBlock\" role=\"group\"><\/div>\n<\/div>\n","protected":false},"excerpt":{"rendered":"<p>Reggio Calabria si prepara ad accogliere, con composta solennit\u00e0 e autentico fervore ecclesiale, un appuntamento di alto profilo che unisce tradizione spirituale e responsabilit\u00e0 civile: gioved\u00ec 23 ottobre 2025, alle&hellip;<\/p>\n","protected":false},"author":5,"featured_media":83933,"comment_status":"closed","ping_status":"open","sticky":false,"template":"","format":"standard","meta":{"_jetpack_memberships_contains_paid_content":false,"footnotes":"","jetpack_publicize_message":"","jetpack_publicize_feature_enabled":true,"jetpack_social_post_already_shared":true,"jetpack_social_options":{"image_generator_settings":{"template":"highway","default_image_id":0,"font":"","enabled":false},"version":2}},"categories":[921,196,140],"tags":[41187,48352,48354,48351,4310,48353],"class_list":["post-83930","post","type-post","status-publish","format-standard","has-post-thumbnail","hentry","category-home","category-news","category-reggio-calabria","tag-istituto-nazionale-azzurro","tag-apertura-anno-istituzionale","tag-basilica-eremo","tag-cardinale-angelo-bagnasco","tag-madonna-della-consolazione","tag-santa-messa"],"yoast_head":"<!-- This site is optimized with the Yoast SEO plugin v27.2 - https:\/\/yoast.com\/product\/yoast-seo-wordpress\/ -->\n<title>Reggio: il Cardinale Bagnasco aprir\u00e0 l&#039;anno istituzionale dell&#039;Ina<\/title>\n<meta name=\"description\" content=\"Attesa per l&#039;arrivo in citt\u00e0 dell&#039;arcivescovo emerito di Genova che officer\u00e0 la messa alla Madonna della Consolazione all&#039;Eremo\" \/>\n<meta name=\"robots\" content=\"index, follow, max-snippet:-1, max-image-preview:large, max-video-preview:-1\" \/>\n<link rel=\"canonical\" href=\"https:\/\/progettotouring.it\/radiotouring104\/2025\/10\/14\/reggio-il-cardinale-bagnasco-aprira-lanno-istituzionale-dellina\/\" \/>\n<meta property=\"og:locale\" content=\"it_IT\" \/>\n<meta property=\"og:type\" content=\"article\" \/>\n<meta property=\"og:title\" content=\"Reggio: il Cardinale Bagnasco aprir\u00e0 l&#039;anno istituzionale dell&#039;Ina\" \/>\n<meta property=\"og:description\" content=\"Attesa per l&#039;arrivo in citt\u00e0 dell&#039;arcivescovo emerito di Genova che officer\u00e0 la messa alla Madonna della Consolazione all&#039;Eremo\" \/>\n<meta property=\"og:url\" content=\"https:\/\/progettotouring.it\/radiotouring104\/2025\/10\/14\/reggio-il-cardinale-bagnasco-aprira-lanno-istituzionale-dellina\/\" \/>\n<meta property=\"og:site_name\" content=\"Radio Touring 104\" \/>\n<meta property=\"article:published_time\" content=\"2025-10-14T08:30:21+00:00\" \/>\n<meta property=\"article:modified_time\" content=\"2025-10-14T10:46:42+00:00\" \/>\n<meta property=\"og:image\" content=\"https:\/\/progettotouring.it\/radiotouring104\/wp-content\/uploads\/sites\/6\/2025\/10\/Cardinale-Bagnasco-Lorenzo-Festicini-2.gif\" \/>\n\t<meta property=\"og:image:width\" content=\"420\" \/>\n\t<meta property=\"og:image:height\" content=\"330\" \/>\n\t<meta property=\"og:image:type\" content=\"image\/gif\" \/>\n<meta name=\"author\" content=\"redazione\" \/>\n<meta name=\"twitter:card\" content=\"summary_large_image\" \/>\n<meta name=\"twitter:label1\" content=\"Scritto da\" \/>\n\t<meta name=\"twitter:data1\" content=\"redazione\" \/>\n\t<meta name=\"twitter:label2\" content=\"Tempo di lettura stimato\" \/>\n\t<meta name=\"twitter:data2\" content=\"2 minuti\" \/>\n<script type=\"application\/ld+json\" class=\"yoast-schema-graph\">{\"@context\":\"https:\/\/schema.org\",\"@graph\":[{\"@type\":\"Article\",\"@id\":\"https:\/\/progettotouring.it\/radiotouring104\/2025\/10\/14\/reggio-il-cardinale-bagnasco-aprira-lanno-istituzionale-dellina\/#article\",\"isPartOf\":{\"@id\":\"https:\/\/progettotouring.it\/radiotouring104\/2025\/10\/14\/reggio-il-cardinale-bagnasco-aprira-lanno-istituzionale-dellina\/\"},\"author\":{\"name\":\"redazione\",\"@id\":\"https:\/\/progettotouring.it\/radiotouring104\/#\/schema\/person\/1b3eb3c07c47136bc44c785c543e635f\"},\"headline\":\"Reggio: il Cardinale Bagnasco aprir\u00e0 l&#8217;anno istituzionale dell&#8217;Ina\",\"datePublished\":\"2025-10-14T08:30:21+00:00\",\"dateModified\":\"2025-10-14T10:46:42+00:00\",\"mainEntityOfPage\":{\"@id\":\"https:\/\/progettotouring.it\/radiotouring104\/2025\/10\/14\/reggio-il-cardinale-bagnasco-aprira-lanno-istituzionale-dellina\/\"},\"wordCount\":341,\"publisher\":{\"@id\":\"https:\/\/progettotouring.it\/radiotouring104\/#organization\"},\"image\":{\"@id\":\"https:\/\/progettotouring.it\/radiotouring104\/2025\/10\/14\/reggio-il-cardinale-bagnasco-aprira-lanno-istituzionale-dellina\/#primaryimage\"},\"thumbnailUrl\":\"https:\/\/progettotouring.it\/radiotouring104\/wp-content\/uploads\/sites\/6\/2025\/10\/Cardinale-Bagnasco-Lorenzo-Festicini-2.gif\",\"keywords\":[\"\u2019Istituto Nazionale Azzurro\",\"apertura anno istituzionale\",\"basilica Eremo\",\"Cardinale Angelo Bagnasco\",\"madonna della consolazione\",\"santa messa\"],\"articleSection\":[\"Home\",\"News\",\"Reggio Calabria\"],\"inLanguage\":\"it-IT\"},{\"@type\":\"WebPage\",\"@id\":\"https:\/\/progettotouring.it\/radiotouring104\/2025\/10\/14\/reggio-il-cardinale-bagnasco-aprira-lanno-istituzionale-dellina\/\",\"url\":\"https:\/\/progettotouring.it\/radiotouring104\/2025\/10\/14\/reggio-il-cardinale-bagnasco-aprira-lanno-istituzionale-dellina\/\",\"name\":\"Reggio: il Cardinale Bagnasco aprir\u00e0 l'anno istituzionale dell'Ina\",\"isPartOf\":{\"@id\":\"https:\/\/progettotouring.it\/radiotouring104\/#website\"},\"primaryImageOfPage\":{\"@id\":\"https:\/\/progettotouring.it\/radiotouring104\/2025\/10\/14\/reggio-il-cardinale-bagnasco-aprira-lanno-istituzionale-dellina\/#primaryimage\"},\"image\":{\"@id\":\"https:\/\/progettotouring.it\/radiotouring104\/2025\/10\/14\/reggio-il-cardinale-bagnasco-aprira-lanno-istituzionale-dellina\/#primaryimage\"},\"thumbnailUrl\":\"https:\/\/progettotouring.it\/radiotouring104\/wp-content\/uploads\/sites\/6\/2025\/10\/Cardinale-Bagnasco-Lorenzo-Festicini-2.gif\",\"datePublished\":\"2025-10-14T08:30:21+00:00\",\"dateModified\":\"2025-10-14T10:46:42+00:00\",\"description\":\"Attesa per l'arrivo in citt\u00e0 dell'arcivescovo emerito di Genova che officer\u00e0 la messa alla Madonna della Consolazione all'Eremo\",\"breadcrumb\":{\"@id\":\"https:\/\/progettotouring.it\/radiotouring104\/2025\/10\/14\/reggio-il-cardinale-bagnasco-aprira-lanno-istituzionale-dellina\/#breadcrumb\"},\"inLanguage\":\"it-IT\",\"potentialAction\":[{\"@type\":\"ReadAction\",\"target\":[\"https:\/\/progettotouring.it\/radiotouring104\/2025\/10\/14\/reggio-il-cardinale-bagnasco-aprira-lanno-istituzionale-dellina\/\"]}]},{\"@type\":\"ImageObject\",\"inLanguage\":\"it-IT\",\"@id\":\"https:\/\/progettotouring.it\/radiotouring104\/2025\/10\/14\/reggio-il-cardinale-bagnasco-aprira-lanno-istituzionale-dellina\/#primaryimage\",\"url\":\"https:\/\/progettotouring.it\/radiotouring104\/wp-content\/uploads\/sites\/6\/2025\/10\/Cardinale-Bagnasco-Lorenzo-Festicini-2.gif\",\"contentUrl\":\"https:\/\/progettotouring.it\/radiotouring104\/wp-content\/uploads\/sites\/6\/2025\/10\/Cardinale-Bagnasco-Lorenzo-Festicini-2.gif\",\"width\":420,\"height\":330},{\"@type\":\"BreadcrumbList\",\"@id\":\"https:\/\/progettotouring.it\/radiotouring104\/2025\/10\/14\/reggio-il-cardinale-bagnasco-aprira-lanno-istituzionale-dellina\/#breadcrumb\",\"itemListElement\":[{\"@type\":\"ListItem\",\"position\":1,\"name\":\"Home\",\"item\":\"https:\/\/progettotouring.it\/radiotouring104\/\"},{\"@type\":\"ListItem\",\"position\":2,\"name\":\"Reggio: il Cardinale Bagnasco aprir\u00e0 l&#8217;anno istituzionale dell&#8217;Ina\"}]},{\"@type\":\"WebSite\",\"@id\":\"https:\/\/progettotouring.it\/radiotouring104\/#website\",\"url\":\"https:\/\/progettotouring.it\/radiotouring104\/\",\"name\":\"Radio Touring 104\",\"description\":\"La prima radio Reggina\",\"publisher\":{\"@id\":\"https:\/\/progettotouring.it\/radiotouring104\/#organization\"},\"potentialAction\":[{\"@type\":\"SearchAction\",\"target\":{\"@type\":\"EntryPoint\",\"urlTemplate\":\"https:\/\/progettotouring.it\/radiotouring104\/?s={search_term_string}\"},\"query-input\":{\"@type\":\"PropertyValueSpecification\",\"valueRequired\":true,\"valueName\":\"search_term_string\"}}],\"inLanguage\":\"it-IT\"},{\"@type\":\"Organization\",\"@id\":\"https:\/\/progettotouring.it\/radiotouring104\/#organization\",\"name\":\"Radio Touring 104\",\"url\":\"https:\/\/progettotouring.it\/radiotouring104\/\",\"logo\":{\"@type\":\"ImageObject\",\"inLanguage\":\"it-IT\",\"@id\":\"https:\/\/progettotouring.it\/radiotouring104\/#\/schema\/logo\/image\/\",\"url\":\"https:\/\/progettotouring.it\/radiotouring104\/wp-content\/uploads\/sites\/6\/2022\/02\/cropped-logo-radio-touring-104.png\",\"contentUrl\":\"https:\/\/progettotouring.it\/radiotouring104\/wp-content\/uploads\/sites\/6\/2022\/02\/cropped-logo-radio-touring-104.png\",\"width\":377,\"height\":182,\"caption\":\"Radio Touring 104\"},\"image\":{\"@id\":\"https:\/\/progettotouring.it\/radiotouring104\/#\/schema\/logo\/image\/\"}},{\"@type\":\"Person\",\"@id\":\"https:\/\/progettotouring.it\/radiotouring104\/#\/schema\/person\/1b3eb3c07c47136bc44c785c543e635f\",\"name\":\"redazione\",\"image\":{\"@type\":\"ImageObject\",\"inLanguage\":\"it-IT\",\"@id\":\"https:\/\/secure.gravatar.com\/avatar\/0b31605b49f100769e8b624b3e05de1b73e1692e9568a352f60f53fd072e6e11?s=96&d=mm&r=g\",\"url\":\"https:\/\/secure.gravatar.com\/avatar\/0b31605b49f100769e8b624b3e05de1b73e1692e9568a352f60f53fd072e6e11?s=96&d=mm&r=g\",\"contentUrl\":\"https:\/\/secure.gravatar.com\/avatar\/0b31605b49f100769e8b624b3e05de1b73e1692e9568a352f60f53fd072e6e11?s=96&d=mm&r=g\",\"caption\":\"redazione\"},\"url\":\"https:\/\/progettotouring.it\/radiotouring104\/author\/redazione\/\"}]}<\/script>\n<!-- \/ Yoast SEO plugin. -->","yoast_head_json":{"title":"Reggio: il Cardinale Bagnasco aprir\u00e0 l'anno istituzionale dell'Ina","description":"Attesa per l'arrivo in citt\u00e0 dell'arcivescovo emerito di Genova che officer\u00e0 la messa alla Madonna della Consolazione all'Eremo","robots":{"index":"index","follow":"follow","max-snippet":"max-snippet:-1","max-image-preview":"max-image-preview:large","max-video-preview":"max-video-preview:-1"},"canonical":"https:\/\/progettotouring.it\/radiotouring104\/2025\/10\/14\/reggio-il-cardinale-bagnasco-aprira-lanno-istituzionale-dellina\/","og_locale":"it_IT","og_type":"article","og_title":"Reggio: il Cardinale Bagnasco aprir\u00e0 l'anno istituzionale dell'Ina","og_description":"Attesa per l'arrivo in citt\u00e0 dell'arcivescovo emerito di Genova che officer\u00e0 la messa alla Madonna della Consolazione all'Eremo","og_url":"https:\/\/progettotouring.it\/radiotouring104\/2025\/10\/14\/reggio-il-cardinale-bagnasco-aprira-lanno-istituzionale-dellina\/","og_site_name":"Radio Touring 104","article_published_time":"2025-10-14T08:30:21+00:00","article_modified_time":"2025-10-14T10:46:42+00:00","og_image":[{"width":420,"height":330,"url":"https:\/\/progettotouring.it\/radiotouring104\/wp-content\/uploads\/sites\/6\/2025\/10\/Cardinale-Bagnasco-Lorenzo-Festicini-2.gif","type":"image\/gif"}],"author":"redazione","twitter_card":"summary_large_image","twitter_misc":{"Scritto da":"redazione","Tempo di lettura stimato":"2 minuti"},"schema":{"@context":"https:\/\/schema.org","@graph":[{"@type":"Article","@id":"https:\/\/progettotouring.it\/radiotouring104\/2025\/10\/14\/reggio-il-cardinale-bagnasco-aprira-lanno-istituzionale-dellina\/#article","isPartOf":{"@id":"https:\/\/progettotouring.it\/radiotouring104\/2025\/10\/14\/reggio-il-cardinale-bagnasco-aprira-lanno-istituzionale-dellina\/"},"author":{"name":"redazione","@id":"https:\/\/progettotouring.it\/radiotouring104\/#\/schema\/person\/1b3eb3c07c47136bc44c785c543e635f"},"headline":"Reggio: il Cardinale Bagnasco aprir\u00e0 l&#8217;anno istituzionale dell&#8217;Ina","datePublished":"2025-10-14T08:30:21+00:00","dateModified":"2025-10-14T10:46:42+00:00","mainEntityOfPage":{"@id":"https:\/\/progettotouring.it\/radiotouring104\/2025\/10\/14\/reggio-il-cardinale-bagnasco-aprira-lanno-istituzionale-dellina\/"},"wordCount":341,"publisher":{"@id":"https:\/\/progettotouring.it\/radiotouring104\/#organization"},"image":{"@id":"https:\/\/progettotouring.it\/radiotouring104\/2025\/10\/14\/reggio-il-cardinale-bagnasco-aprira-lanno-istituzionale-dellina\/#primaryimage"},"thumbnailUrl":"https:\/\/progettotouring.it\/radiotouring104\/wp-content\/uploads\/sites\/6\/2025\/10\/Cardinale-Bagnasco-Lorenzo-Festicini-2.gif","keywords":["\u2019Istituto Nazionale Azzurro","apertura anno istituzionale","basilica Eremo","Cardinale Angelo Bagnasco","madonna della consolazione","santa messa"],"articleSection":["Home","News","Reggio Calabria"],"inLanguage":"it-IT"},{"@type":"WebPage","@id":"https:\/\/progettotouring.it\/radiotouring104\/2025\/10\/14\/reggio-il-cardinale-bagnasco-aprira-lanno-istituzionale-dellina\/","url":"https:\/\/progettotouring.it\/radiotouring104\/2025\/10\/14\/reggio-il-cardinale-bagnasco-aprira-lanno-istituzionale-dellina\/","name":"Reggio: il Cardinale Bagnasco aprir\u00e0 l'anno istituzionale dell'Ina","isPartOf":{"@id":"https:\/\/progettotouring.it\/radiotouring104\/#website"},"primaryImageOfPage":{"@id":"https:\/\/progettotouring.it\/radiotouring104\/2025\/10\/14\/reggio-il-cardinale-bagnasco-aprira-lanno-istituzionale-dellina\/#primaryimage"},"image":{"@id":"https:\/\/progettotouring.it\/radiotouring104\/2025\/10\/14\/reggio-il-cardinale-bagnasco-aprira-lanno-istituzionale-dellina\/#primaryimage"},"thumbnailUrl":"https:\/\/progettotouring.it\/radiotouring104\/wp-content\/uploads\/sites\/6\/2025\/10\/Cardinale-Bagnasco-Lorenzo-Festicini-2.gif","datePublished":"2025-10-14T08:30:21+00:00","dateModified":"2025-10-14T10:46:42+00:00","description":"Attesa per l'arrivo in citt\u00e0 dell'arcivescovo emerito di Genova che officer\u00e0 la messa alla Madonna della Consolazione all'Eremo","breadcrumb":{"@id":"https:\/\/progettotouring.it\/radiotouring104\/2025\/10\/14\/reggio-il-cardinale-bagnasco-aprira-lanno-istituzionale-dellina\/#breadcrumb"},"inLanguage":"it-IT","potentialAction":[{"@type":"ReadAction","target":["https:\/\/progettotouring.it\/radiotouring104\/2025\/10\/14\/reggio-il-cardinale-bagnasco-aprira-lanno-istituzionale-dellina\/"]}]},{"@type":"ImageObject","inLanguage":"it-IT","@id":"https:\/\/progettotouring.it\/radiotouring104\/2025\/10\/14\/reggio-il-cardinale-bagnasco-aprira-lanno-istituzionale-dellina\/#primaryimage","url":"https:\/\/progettotouring.it\/radiotouring104\/wp-content\/uploads\/sites\/6\/2025\/10\/Cardinale-Bagnasco-Lorenzo-Festicini-2.gif","contentUrl":"https:\/\/progettotouring.it\/radiotouring104\/wp-content\/uploads\/sites\/6\/2025\/10\/Cardinale-Bagnasco-Lorenzo-Festicini-2.gif","width":420,"height":330},{"@type":"BreadcrumbList","@id":"https:\/\/progettotouring.it\/radiotouring104\/2025\/10\/14\/reggio-il-cardinale-bagnasco-aprira-lanno-istituzionale-dellina\/#breadcrumb","itemListElement":[{"@type":"ListItem","position":1,"name":"Home","item":"https:\/\/progettotouring.it\/radiotouring104\/"},{"@type":"ListItem","position":2,"name":"Reggio: il Cardinale Bagnasco aprir\u00e0 l&#8217;anno istituzionale dell&#8217;Ina"}]},{"@type":"WebSite","@id":"https:\/\/progettotouring.it\/radiotouring104\/#website","url":"https:\/\/progettotouring.it\/radiotouring104\/","name":"Radio Touring 104","description":"La prima radio Reggina","publisher":{"@id":"https:\/\/progettotouring.it\/radiotouring104\/#organization"},"potentialAction":[{"@type":"SearchAction","target":{"@type":"EntryPoint","urlTemplate":"https:\/\/progettotouring.it\/radiotouring104\/?s={search_term_string}"},"query-input":{"@type":"PropertyValueSpecification","valueRequired":true,"valueName":"search_term_string"}}],"inLanguage":"it-IT"},{"@type":"Organization","@id":"https:\/\/progettotouring.it\/radiotouring104\/#organization","name":"Radio Touring 104","url":"https:\/\/progettotouring.it\/radiotouring104\/","logo":{"@type":"ImageObject","inLanguage":"it-IT","@id":"https:\/\/progettotouring.it\/radiotouring104\/#\/schema\/logo\/image\/","url":"https:\/\/progettotouring.it\/radiotouring104\/wp-content\/uploads\/sites\/6\/2022\/02\/cropped-logo-radio-touring-104.png","contentUrl":"https:\/\/progettotouring.it\/radiotouring104\/wp-content\/uploads\/sites\/6\/2022\/02\/cropped-logo-radio-touring-104.png","width":377,"height":182,"caption":"Radio Touring 104"},"image":{"@id":"https:\/\/progettotouring.it\/radiotouring104\/#\/schema\/logo\/image\/"}},{"@type":"Person","@id":"https:\/\/progettotouring.it\/radiotouring104\/#\/schema\/person\/1b3eb3c07c47136bc44c785c543e635f","name":"redazione","image":{"@type":"ImageObject","inLanguage":"it-IT","@id":"https:\/\/secure.gravatar.com\/avatar\/0b31605b49f100769e8b624b3e05de1b73e1692e9568a352f60f53fd072e6e11?s=96&d=mm&r=g","url":"https:\/\/secure.gravatar.com\/avatar\/0b31605b49f100769e8b624b3e05de1b73e1692e9568a352f60f53fd072e6e11?s=96&d=mm&r=g","contentUrl":"https:\/\/secure.gravatar.com\/avatar\/0b31605b49f100769e8b624b3e05de1b73e1692e9568a352f60f53fd072e6e11?s=96&d=mm&r=g","caption":"redazione"},"url":"https:\/\/progettotouring.it\/radiotouring104\/author\/redazione\/"}]}},"jetpack_publicize_connections":[],"jetpack_featured_media_url":"https:\/\/progettotouring.it\/radiotouring104\/wp-content\/uploads\/sites\/6\/2025\/10\/Cardinale-Bagnasco-Lorenzo-Festicini-2.gif","jetpack_sharing_enabled":true,"_links":{"self":[{"href":"https:\/\/progettotouring.it\/radiotouring104\/wp-json\/wp\/v2\/posts\/83930","targetHints":{"allow":["GET"]}}],"collection":[{"href":"https:\/\/progettotouring.it\/radiotouring104\/wp-json\/wp\/v2\/posts"}],"about":[{"href":"https:\/\/progettotouring.it\/radiotouring104\/wp-json\/wp\/v2\/types\/post"}],"author":[{"embeddable":true,"href":"https:\/\/progettotouring.it\/radiotouring104\/wp-json\/wp\/v2\/users\/5"}],"replies":[{"embeddable":true,"href":"https:\/\/progettotouring.it\/radiotouring104\/wp-json\/wp\/v2\/comments?post=83930"}],"version-history":[{"count":1,"href":"https:\/\/progettotouring.it\/radiotouring104\/wp-json\/wp\/v2\/posts\/83930\/revisions"}],"predecessor-version":[{"id":83932,"href":"https:\/\/progettotouring.it\/radiotouring104\/wp-json\/wp\/v2\/posts\/83930\/revisions\/83932"}],"wp:featuredmedia":[{"embeddable":true,"href":"https:\/\/progettotouring.it\/radiotouring104\/wp-json\/wp\/v2\/media\/83933"}],"wp:attachment":[{"href":"https:\/\/progettotouring.it\/radiotouring104\/wp-json\/wp\/v2\/media?parent=83930"}],"wp:term":[{"taxonomy":"category","embeddable":true,"href":"https:\/\/progettotouring.it\/radiotouring104\/wp-json\/wp\/v2\/categories?post=83930"},{"taxonomy":"post_tag","embeddable":true,"href":"https:\/\/progettotouring.it\/radiotouring104\/wp-json\/wp\/v2\/tags?post=83930"}],"curies":[{"name":"wp","href":"https:\/\/api.w.org\/{rel}","templated":true}]}}