{"id":83934,"date":"2025-10-14T10:52:39","date_gmt":"2025-10-14T08:52:39","guid":{"rendered":"https:\/\/progettotouring.it\/radiotouring104\/?p=83934"},"modified":"2025-10-14T12:28:36","modified_gmt":"2025-10-14T10:28:36","slug":"elezioni-regionali-ogni-giorno-laureana-soddisfatta-del-risultato-di-giannetta","status":"publish","type":"post","link":"https:\/\/progettotouring.it\/radiotouring104\/2025\/10\/14\/elezioni-regionali-ogni-giorno-laureana-soddisfatta-del-risultato-di-giannetta\/","title":{"rendered":"Elezioni Regionali: &#8220;Ogni giorno Laureana&#8221; soddisfatta del risultato di Giannetta"},"content":{"rendered":"<p>Il gruppo &#8220;Ogni giorno Laureana&#8221;, esprime soddisfazione, in merito al consenso elettorale riscosso alle recenti elezioni regionali dal forzista Domenico Giannetta: <span class=\"xmprfx_s1\">\u200b\u201cNella recente tornata elettorale regionale, un dato in particolare ha brillato per la sua eloquente semplicit\u00e0 e il suo profondo significato: il risultato ottenuto dall&#8217;Onorevole Giannetta nel territorio di Laureana di Borrello. Un risultato che va ben oltre il conteggio numerico, cristallizzato in quei 260 consensi che rappresentano non solo preferenze, ma il sigillo di un legame decennale e indissolubile con la sua gente.<\/span><\/p>\n<p class=\"xmprfx_p2\"><span class=\"xmprfx_s1\">\u200bNon si \u00e8 trattato di un successo costruito sull&#8217;effimera visibilit\u00e0 mediatica o su mega-comizi distanti. Al contrario, la vittoria morale dell&#8217;Onorevole Giannetta \u00e8 l&#8217;espressione pi\u00f9 pura di ci\u00f2 che una volta si definiva la &#8220;politica di altri tempi&#8221;: quella fatta di incontri diretti, di ascolto sincero, di una presenza costante e non solo elettorale sul territorio.&#8221;, scrive il Gruppo &#8220;Ogni giorno Laureana&#8221;.<\/span><\/p>\n<p class=\"xmprfx_p2\"><span class=\"xmprfx_s1\">\u200b&#8221;Un legame umano, tessuto anno dopo anno. <\/span><span class=\"xmprfx_s1\">\u200bL&#8217;Onorevole Giannetta non \u00e8 un politico &#8220;calato dall&#8217;alto&#8221;, ma una figura che ha letteralmente tessuto i rapporti con la comunit\u00e0 di Laureana di Borrello nel corso degli anni. Un legame intenso, umano, fatto di strette di mano sincere, di porte sempre aperte, di partecipazione attiva alle gioie e ai dolori della vita cittadina.<\/span><\/p>\n<p class=\"xmprfx_p2\"><span class=\"xmprfx_s1\">\u200bQuesta vicinanza non si misura in chilometri, ma in fiducia accumulata. Ogni cittadino che ha incrociato la sua strada ha percepito un interlocutore attento, in grado di trasformare i problemi reali in istanze politiche concrete. \u00c8 la dimostrazione che, in certi contesti, la vera politica \u00e8 ancora un mestiere artigianale.<\/span><\/p>\n<p class=\"xmprfx_p2\"><span class=\"xmprfx_s1\">\u200b\u00c8 il trionfo della coerenza, della dedizione e di quella &#8220;politica del cuore&#8221; che Laureana di Borrello ha saputo premiare con una fiducia straordinaria\u201d, conclude il\u00a0 Gruppo &#8220;Ogni giorno Laureana&#8221;.<\/span><\/p>\n","protected":false},"excerpt":{"rendered":"<p>Il gruppo &#8220;Ogni giorno Laureana&#8221;, esprime soddisfazione, in merito al consenso elettorale riscosso alle recenti elezioni regionali dal forzista Domenico Giannetta: \u200b\u201cNella recente tornata elettorale regionale, un dato in particolare&hellip;<\/p>\n","protected":false},"author":5,"featured_media":22932,"comment_status":"closed","ping_status":"open","sticky":false,"template":"","format":"standard","meta":{"_jetpack_memberships_contains_paid_content":false,"footnotes":"","jetpack_publicize_message":"","jetpack_publicize_feature_enabled":true,"jetpack_social_post_already_shared":true,"jetpack_social_options":{"image_generator_settings":{"template":"highway","default_image_id":0,"font":"","enabled":false},"version":2}},"categories":[921,196,140],"tags":[12012,26345,1514,48355,48356,37694],"class_list":["post-83934","post","type-post","status-publish","format-standard","has-post-thumbnail","hentry","category-home","category-news","category-reggio-calabria","tag-consigliere-regionale-domenico-giannetta","tag-elezioni-regionali","tag-forza-italia","tag-gruppo-ogni-giorno-laureana","tag-risultato-elettorale","tag-soddisfazione"],"yoast_head":"<!-- This site is optimized with the Yoast SEO plugin v27.2 - https:\/\/yoast.com\/product\/yoast-seo-wordpress\/ -->\n<title>&quot;Ogni giorno Laureana&quot; soddisfatta del risultato di Giannetta<\/title>\n<meta name=\"description\" content=\"Il gruppo &quot;Ogni giorno Laureana&quot; soddisfatto del consenso elettorale riscosso alle recenti elezioni regionali dal forzista Giannetta\" \/>\n<meta name=\"robots\" content=\"index, follow, max-snippet:-1, max-image-preview:large, max-video-preview:-1\" \/>\n<link rel=\"canonical\" href=\"https:\/\/progettotouring.it\/radiotouring104\/2025\/10\/14\/elezioni-regionali-ogni-giorno-laureana-soddisfatta-del-risultato-di-giannetta\/\" \/>\n<meta property=\"og:locale\" content=\"it_IT\" \/>\n<meta property=\"og:type\" content=\"article\" \/>\n<meta property=\"og:title\" content=\"&quot;Ogni giorno Laureana&quot; soddisfatta del risultato di Giannetta\" \/>\n<meta property=\"og:description\" content=\"Il gruppo &quot;Ogni giorno Laureana&quot; soddisfatto del consenso elettorale riscosso alle recenti elezioni regionali dal forzista Giannetta\" \/>\n<meta property=\"og:url\" content=\"https:\/\/progettotouring.it\/radiotouring104\/2025\/10\/14\/elezioni-regionali-ogni-giorno-laureana-soddisfatta-del-risultato-di-giannetta\/\" \/>\n<meta property=\"og:site_name\" content=\"Radio Touring 104\" \/>\n<meta property=\"article:published_time\" content=\"2025-10-14T08:52:39+00:00\" \/>\n<meta property=\"article:modified_time\" content=\"2025-10-14T10:28:36+00:00\" \/>\n<meta property=\"og:image\" content=\"https:\/\/progettotouring.it\/radiotouring104\/wp-content\/uploads\/sites\/6\/2023\/04\/Consigliere-Regionale-Domenico-Giannetta.jpg\" \/>\n\t<meta property=\"og:image:width\" content=\"960\" \/>\n\t<meta property=\"og:image:height\" content=\"959\" \/>\n\t<meta property=\"og:image:type\" content=\"image\/jpeg\" \/>\n<meta name=\"author\" content=\"redazione\" \/>\n<meta name=\"twitter:card\" content=\"summary_large_image\" \/>\n<meta name=\"twitter:label1\" content=\"Scritto da\" \/>\n\t<meta name=\"twitter:data1\" content=\"redazione\" \/>\n\t<meta name=\"twitter:label2\" content=\"Tempo di lettura stimato\" \/>\n\t<meta name=\"twitter:data2\" content=\"1 minuto\" \/>\n<script type=\"application\/ld+json\" class=\"yoast-schema-graph\">{\"@context\":\"https:\/\/schema.org\",\"@graph\":[{\"@type\":\"Article\",\"@id\":\"https:\/\/progettotouring.it\/radiotouring104\/2025\/10\/14\/elezioni-regionali-ogni-giorno-laureana-soddisfatta-del-risultato-di-giannetta\/#article\",\"isPartOf\":{\"@id\":\"https:\/\/progettotouring.it\/radiotouring104\/2025\/10\/14\/elezioni-regionali-ogni-giorno-laureana-soddisfatta-del-risultato-di-giannetta\/\"},\"author\":{\"name\":\"redazione\",\"@id\":\"https:\/\/progettotouring.it\/radiotouring104\/#\/schema\/person\/1b3eb3c07c47136bc44c785c543e635f\"},\"headline\":\"Elezioni Regionali: &#8220;Ogni giorno Laureana&#8221; soddisfatta del risultato di Giannetta\",\"datePublished\":\"2025-10-14T08:52:39+00:00\",\"dateModified\":\"2025-10-14T10:28:36+00:00\",\"mainEntityOfPage\":{\"@id\":\"https:\/\/progettotouring.it\/radiotouring104\/2025\/10\/14\/elezioni-regionali-ogni-giorno-laureana-soddisfatta-del-risultato-di-giannetta\/\"},\"wordCount\":290,\"publisher\":{\"@id\":\"https:\/\/progettotouring.it\/radiotouring104\/#organization\"},\"image\":{\"@id\":\"https:\/\/progettotouring.it\/radiotouring104\/2025\/10\/14\/elezioni-regionali-ogni-giorno-laureana-soddisfatta-del-risultato-di-giannetta\/#primaryimage\"},\"thumbnailUrl\":\"https:\/\/progettotouring.it\/radiotouring104\/wp-content\/uploads\/sites\/6\/2023\/04\/Consigliere-Regionale-Domenico-Giannetta.jpg\",\"keywords\":[\"Consigliere regionale Domenico Giannetta\",\"Elezioni Regionali\",\"forza italia\",\"Gruppo Ogni Giorno Laureana\",\"risultato elettorale\",\"soddisfazione\"],\"articleSection\":[\"Home\",\"News\",\"Reggio Calabria\"],\"inLanguage\":\"it-IT\"},{\"@type\":\"WebPage\",\"@id\":\"https:\/\/progettotouring.it\/radiotouring104\/2025\/10\/14\/elezioni-regionali-ogni-giorno-laureana-soddisfatta-del-risultato-di-giannetta\/\",\"url\":\"https:\/\/progettotouring.it\/radiotouring104\/2025\/10\/14\/elezioni-regionali-ogni-giorno-laureana-soddisfatta-del-risultato-di-giannetta\/\",\"name\":\"\\\"Ogni giorno Laureana\\\" soddisfatta del risultato di Giannetta\",\"isPartOf\":{\"@id\":\"https:\/\/progettotouring.it\/radiotouring104\/#website\"},\"primaryImageOfPage\":{\"@id\":\"https:\/\/progettotouring.it\/radiotouring104\/2025\/10\/14\/elezioni-regionali-ogni-giorno-laureana-soddisfatta-del-risultato-di-giannetta\/#primaryimage\"},\"image\":{\"@id\":\"https:\/\/progettotouring.it\/radiotouring104\/2025\/10\/14\/elezioni-regionali-ogni-giorno-laureana-soddisfatta-del-risultato-di-giannetta\/#primaryimage\"},\"thumbnailUrl\":\"https:\/\/progettotouring.it\/radiotouring104\/wp-content\/uploads\/sites\/6\/2023\/04\/Consigliere-Regionale-Domenico-Giannetta.jpg\",\"datePublished\":\"2025-10-14T08:52:39+00:00\",\"dateModified\":\"2025-10-14T10:28:36+00:00\",\"description\":\"Il gruppo \\\"Ogni giorno Laureana\\\" soddisfatto del consenso elettorale riscosso alle recenti elezioni regionali dal forzista Giannetta\",\"breadcrumb\":{\"@id\":\"https:\/\/progettotouring.it\/radiotouring104\/2025\/10\/14\/elezioni-regionali-ogni-giorno-laureana-soddisfatta-del-risultato-di-giannetta\/#breadcrumb\"},\"inLanguage\":\"it-IT\",\"potentialAction\":[{\"@type\":\"ReadAction\",\"target\":[\"https:\/\/progettotouring.it\/radiotouring104\/2025\/10\/14\/elezioni-regionali-ogni-giorno-laureana-soddisfatta-del-risultato-di-giannetta\/\"]}]},{\"@type\":\"ImageObject\",\"inLanguage\":\"it-IT\",\"@id\":\"https:\/\/progettotouring.it\/radiotouring104\/2025\/10\/14\/elezioni-regionali-ogni-giorno-laureana-soddisfatta-del-risultato-di-giannetta\/#primaryimage\",\"url\":\"https:\/\/progettotouring.it\/radiotouring104\/wp-content\/uploads\/sites\/6\/2023\/04\/Consigliere-Regionale-Domenico-Giannetta.jpg\",\"contentUrl\":\"https:\/\/progettotouring.it\/radiotouring104\/wp-content\/uploads\/sites\/6\/2023\/04\/Consigliere-Regionale-Domenico-Giannetta.jpg\",\"width\":960,\"height\":959},{\"@type\":\"BreadcrumbList\",\"@id\":\"https:\/\/progettotouring.it\/radiotouring104\/2025\/10\/14\/elezioni-regionali-ogni-giorno-laureana-soddisfatta-del-risultato-di-giannetta\/#breadcrumb\",\"itemListElement\":[{\"@type\":\"ListItem\",\"position\":1,\"name\":\"Home\",\"item\":\"https:\/\/progettotouring.it\/radiotouring104\/\"},{\"@type\":\"ListItem\",\"position\":2,\"name\":\"Elezioni Regionali: &#8220;Ogni giorno Laureana&#8221; soddisfatta del risultato di Giannetta\"}]},{\"@type\":\"WebSite\",\"@id\":\"https:\/\/progettotouring.it\/radiotouring104\/#website\",\"url\":\"https:\/\/progettotouring.it\/radiotouring104\/\",\"name\":\"Radio Touring 104\",\"description\":\"La prima radio Reggina\",\"publisher\":{\"@id\":\"https:\/\/progettotouring.it\/radiotouring104\/#organization\"},\"potentialAction\":[{\"@type\":\"SearchAction\",\"target\":{\"@type\":\"EntryPoint\",\"urlTemplate\":\"https:\/\/progettotouring.it\/radiotouring104\/?s={search_term_string}\"},\"query-input\":{\"@type\":\"PropertyValueSpecification\",\"valueRequired\":true,\"valueName\":\"search_term_string\"}}],\"inLanguage\":\"it-IT\"},{\"@type\":\"Organization\",\"@id\":\"https:\/\/progettotouring.it\/radiotouring104\/#organization\",\"name\":\"Radio Touring 104\",\"url\":\"https:\/\/progettotouring.it\/radiotouring104\/\",\"logo\":{\"@type\":\"ImageObject\",\"inLanguage\":\"it-IT\",\"@id\":\"https:\/\/progettotouring.it\/radiotouring104\/#\/schema\/logo\/image\/\",\"url\":\"https:\/\/progettotouring.it\/radiotouring104\/wp-content\/uploads\/sites\/6\/2022\/02\/cropped-logo-radio-touring-104.png\",\"contentUrl\":\"https:\/\/progettotouring.it\/radiotouring104\/wp-content\/uploads\/sites\/6\/2022\/02\/cropped-logo-radio-touring-104.png\",\"width\":377,\"height\":182,\"caption\":\"Radio Touring 104\"},\"image\":{\"@id\":\"https:\/\/progettotouring.it\/radiotouring104\/#\/schema\/logo\/image\/\"}},{\"@type\":\"Person\",\"@id\":\"https:\/\/progettotouring.it\/radiotouring104\/#\/schema\/person\/1b3eb3c07c47136bc44c785c543e635f\",\"name\":\"redazione\",\"image\":{\"@type\":\"ImageObject\",\"inLanguage\":\"it-IT\",\"@id\":\"https:\/\/secure.gravatar.com\/avatar\/0b31605b49f100769e8b624b3e05de1b73e1692e9568a352f60f53fd072e6e11?s=96&d=mm&r=g\",\"url\":\"https:\/\/secure.gravatar.com\/avatar\/0b31605b49f100769e8b624b3e05de1b73e1692e9568a352f60f53fd072e6e11?s=96&d=mm&r=g\",\"contentUrl\":\"https:\/\/secure.gravatar.com\/avatar\/0b31605b49f100769e8b624b3e05de1b73e1692e9568a352f60f53fd072e6e11?s=96&d=mm&r=g\",\"caption\":\"redazione\"},\"url\":\"https:\/\/progettotouring.it\/radiotouring104\/author\/redazione\/\"}]}<\/script>\n<!-- \/ Yoast SEO plugin. -->","yoast_head_json":{"title":"\"Ogni giorno Laureana\" soddisfatta del risultato di Giannetta","description":"Il gruppo \"Ogni giorno Laureana\" soddisfatto del consenso elettorale riscosso alle recenti elezioni regionali dal forzista Giannetta","robots":{"index":"index","follow":"follow","max-snippet":"max-snippet:-1","max-image-preview":"max-image-preview:large","max-video-preview":"max-video-preview:-1"},"canonical":"https:\/\/progettotouring.it\/radiotouring104\/2025\/10\/14\/elezioni-regionali-ogni-giorno-laureana-soddisfatta-del-risultato-di-giannetta\/","og_locale":"it_IT","og_type":"article","og_title":"\"Ogni giorno Laureana\" soddisfatta del risultato di Giannetta","og_description":"Il gruppo \"Ogni giorno Laureana\" soddisfatto del consenso elettorale riscosso alle recenti elezioni regionali dal forzista Giannetta","og_url":"https:\/\/progettotouring.it\/radiotouring104\/2025\/10\/14\/elezioni-regionali-ogni-giorno-laureana-soddisfatta-del-risultato-di-giannetta\/","og_site_name":"Radio Touring 104","article_published_time":"2025-10-14T08:52:39+00:00","article_modified_time":"2025-10-14T10:28:36+00:00","og_image":[{"width":960,"height":959,"url":"https:\/\/progettotouring.it\/radiotouring104\/wp-content\/uploads\/sites\/6\/2023\/04\/Consigliere-Regionale-Domenico-Giannetta.jpg","type":"image\/jpeg"}],"author":"redazione","twitter_card":"summary_large_image","twitter_misc":{"Scritto da":"redazione","Tempo di lettura stimato":"1 minuto"},"schema":{"@context":"https:\/\/schema.org","@graph":[{"@type":"Article","@id":"https:\/\/progettotouring.it\/radiotouring104\/2025\/10\/14\/elezioni-regionali-ogni-giorno-laureana-soddisfatta-del-risultato-di-giannetta\/#article","isPartOf":{"@id":"https:\/\/progettotouring.it\/radiotouring104\/2025\/10\/14\/elezioni-regionali-ogni-giorno-laureana-soddisfatta-del-risultato-di-giannetta\/"},"author":{"name":"redazione","@id":"https:\/\/progettotouring.it\/radiotouring104\/#\/schema\/person\/1b3eb3c07c47136bc44c785c543e635f"},"headline":"Elezioni Regionali: &#8220;Ogni giorno Laureana&#8221; soddisfatta del risultato di Giannetta","datePublished":"2025-10-14T08:52:39+00:00","dateModified":"2025-10-14T10:28:36+00:00","mainEntityOfPage":{"@id":"https:\/\/progettotouring.it\/radiotouring104\/2025\/10\/14\/elezioni-regionali-ogni-giorno-laureana-soddisfatta-del-risultato-di-giannetta\/"},"wordCount":290,"publisher":{"@id":"https:\/\/progettotouring.it\/radiotouring104\/#organization"},"image":{"@id":"https:\/\/progettotouring.it\/radiotouring104\/2025\/10\/14\/elezioni-regionali-ogni-giorno-laureana-soddisfatta-del-risultato-di-giannetta\/#primaryimage"},"thumbnailUrl":"https:\/\/progettotouring.it\/radiotouring104\/wp-content\/uploads\/sites\/6\/2023\/04\/Consigliere-Regionale-Domenico-Giannetta.jpg","keywords":["Consigliere regionale Domenico Giannetta","Elezioni Regionali","forza italia","Gruppo Ogni Giorno Laureana","risultato elettorale","soddisfazione"],"articleSection":["Home","News","Reggio Calabria"],"inLanguage":"it-IT"},{"@type":"WebPage","@id":"https:\/\/progettotouring.it\/radiotouring104\/2025\/10\/14\/elezioni-regionali-ogni-giorno-laureana-soddisfatta-del-risultato-di-giannetta\/","url":"https:\/\/progettotouring.it\/radiotouring104\/2025\/10\/14\/elezioni-regionali-ogni-giorno-laureana-soddisfatta-del-risultato-di-giannetta\/","name":"\"Ogni giorno Laureana\" soddisfatta del risultato di Giannetta","isPartOf":{"@id":"https:\/\/progettotouring.it\/radiotouring104\/#website"},"primaryImageOfPage":{"@id":"https:\/\/progettotouring.it\/radiotouring104\/2025\/10\/14\/elezioni-regionali-ogni-giorno-laureana-soddisfatta-del-risultato-di-giannetta\/#primaryimage"},"image":{"@id":"https:\/\/progettotouring.it\/radiotouring104\/2025\/10\/14\/elezioni-regionali-ogni-giorno-laureana-soddisfatta-del-risultato-di-giannetta\/#primaryimage"},"thumbnailUrl":"https:\/\/progettotouring.it\/radiotouring104\/wp-content\/uploads\/sites\/6\/2023\/04\/Consigliere-Regionale-Domenico-Giannetta.jpg","datePublished":"2025-10-14T08:52:39+00:00","dateModified":"2025-10-14T10:28:36+00:00","description":"Il gruppo \"Ogni giorno Laureana\" soddisfatto del consenso elettorale riscosso alle recenti elezioni regionali dal forzista Giannetta","breadcrumb":{"@id":"https:\/\/progettotouring.it\/radiotouring104\/2025\/10\/14\/elezioni-regionali-ogni-giorno-laureana-soddisfatta-del-risultato-di-giannetta\/#breadcrumb"},"inLanguage":"it-IT","potentialAction":[{"@type":"ReadAction","target":["https:\/\/progettotouring.it\/radiotouring104\/2025\/10\/14\/elezioni-regionali-ogni-giorno-laureana-soddisfatta-del-risultato-di-giannetta\/"]}]},{"@type":"ImageObject","inLanguage":"it-IT","@id":"https:\/\/progettotouring.it\/radiotouring104\/2025\/10\/14\/elezioni-regionali-ogni-giorno-laureana-soddisfatta-del-risultato-di-giannetta\/#primaryimage","url":"https:\/\/progettotouring.it\/radiotouring104\/wp-content\/uploads\/sites\/6\/2023\/04\/Consigliere-Regionale-Domenico-Giannetta.jpg","contentUrl":"https:\/\/progettotouring.it\/radiotouring104\/wp-content\/uploads\/sites\/6\/2023\/04\/Consigliere-Regionale-Domenico-Giannetta.jpg","width":960,"height":959},{"@type":"BreadcrumbList","@id":"https:\/\/progettotouring.it\/radiotouring104\/2025\/10\/14\/elezioni-regionali-ogni-giorno-laureana-soddisfatta-del-risultato-di-giannetta\/#breadcrumb","itemListElement":[{"@type":"ListItem","position":1,"name":"Home","item":"https:\/\/progettotouring.it\/radiotouring104\/"},{"@type":"ListItem","position":2,"name":"Elezioni Regionali: &#8220;Ogni giorno Laureana&#8221; soddisfatta del risultato di Giannetta"}]},{"@type":"WebSite","@id":"https:\/\/progettotouring.it\/radiotouring104\/#website","url":"https:\/\/progettotouring.it\/radiotouring104\/","name":"Radio Touring 104","description":"La prima radio Reggina","publisher":{"@id":"https:\/\/progettotouring.it\/radiotouring104\/#organization"},"potentialAction":[{"@type":"SearchAction","target":{"@type":"EntryPoint","urlTemplate":"https:\/\/progettotouring.it\/radiotouring104\/?s={search_term_string}"},"query-input":{"@type":"PropertyValueSpecification","valueRequired":true,"valueName":"search_term_string"}}],"inLanguage":"it-IT"},{"@type":"Organization","@id":"https:\/\/progettotouring.it\/radiotouring104\/#organization","name":"Radio Touring 104","url":"https:\/\/progettotouring.it\/radiotouring104\/","logo":{"@type":"ImageObject","inLanguage":"it-IT","@id":"https:\/\/progettotouring.it\/radiotouring104\/#\/schema\/logo\/image\/","url":"https:\/\/progettotouring.it\/radiotouring104\/wp-content\/uploads\/sites\/6\/2022\/02\/cropped-logo-radio-touring-104.png","contentUrl":"https:\/\/progettotouring.it\/radiotouring104\/wp-content\/uploads\/sites\/6\/2022\/02\/cropped-logo-radio-touring-104.png","width":377,"height":182,"caption":"Radio Touring 104"},"image":{"@id":"https:\/\/progettotouring.it\/radiotouring104\/#\/schema\/logo\/image\/"}},{"@type":"Person","@id":"https:\/\/progettotouring.it\/radiotouring104\/#\/schema\/person\/1b3eb3c07c47136bc44c785c543e635f","name":"redazione","image":{"@type":"ImageObject","inLanguage":"it-IT","@id":"https:\/\/secure.gravatar.com\/avatar\/0b31605b49f100769e8b624b3e05de1b73e1692e9568a352f60f53fd072e6e11?s=96&d=mm&r=g","url":"https:\/\/secure.gravatar.com\/avatar\/0b31605b49f100769e8b624b3e05de1b73e1692e9568a352f60f53fd072e6e11?s=96&d=mm&r=g","contentUrl":"https:\/\/secure.gravatar.com\/avatar\/0b31605b49f100769e8b624b3e05de1b73e1692e9568a352f60f53fd072e6e11?s=96&d=mm&r=g","caption":"redazione"},"url":"https:\/\/progettotouring.it\/radiotouring104\/author\/redazione\/"}]}},"jetpack_publicize_connections":[],"jetpack_featured_media_url":"https:\/\/progettotouring.it\/radiotouring104\/wp-content\/uploads\/sites\/6\/2023\/04\/Consigliere-Regionale-Domenico-Giannetta.jpg","jetpack_sharing_enabled":true,"_links":{"self":[{"href":"https:\/\/progettotouring.it\/radiotouring104\/wp-json\/wp\/v2\/posts\/83934","targetHints":{"allow":["GET"]}}],"collection":[{"href":"https:\/\/progettotouring.it\/radiotouring104\/wp-json\/wp\/v2\/posts"}],"about":[{"href":"https:\/\/progettotouring.it\/radiotouring104\/wp-json\/wp\/v2\/types\/post"}],"author":[{"embeddable":true,"href":"https:\/\/progettotouring.it\/radiotouring104\/wp-json\/wp\/v2\/users\/5"}],"replies":[{"embeddable":true,"href":"https:\/\/progettotouring.it\/radiotouring104\/wp-json\/wp\/v2\/comments?post=83934"}],"version-history":[{"count":1,"href":"https:\/\/progettotouring.it\/radiotouring104\/wp-json\/wp\/v2\/posts\/83934\/revisions"}],"predecessor-version":[{"id":83940,"href":"https:\/\/progettotouring.it\/radiotouring104\/wp-json\/wp\/v2\/posts\/83934\/revisions\/83940"}],"wp:featuredmedia":[{"embeddable":true,"href":"https:\/\/progettotouring.it\/radiotouring104\/wp-json\/wp\/v2\/media\/22932"}],"wp:attachment":[{"href":"https:\/\/progettotouring.it\/radiotouring104\/wp-json\/wp\/v2\/media?parent=83934"}],"wp:term":[{"taxonomy":"category","embeddable":true,"href":"https:\/\/progettotouring.it\/radiotouring104\/wp-json\/wp\/v2\/categories?post=83934"},{"taxonomy":"post_tag","embeddable":true,"href":"https:\/\/progettotouring.it\/radiotouring104\/wp-json\/wp\/v2\/tags?post=83934"}],"curies":[{"name":"wp","href":"https:\/\/api.w.org\/{rel}","templated":true}]}}