{"id":8420,"date":"2022-07-25T12:55:25","date_gmt":"2022-07-25T10:55:25","guid":{"rendered":"https:\/\/progettotouring.it\/radiotouring104\/?p=8420"},"modified":"2022-07-25T18:58:50","modified_gmt":"2022-07-25T16:58:50","slug":"danneggiamento-manifesti-pride-quartuccio-e-martino-al-fianco-della-comunita-lgbt-reggio-calabria-e-luogo-di-inclusione-e-diritti","status":"publish","type":"post","link":"https:\/\/progettotouring.it\/radiotouring104\/2022\/07\/25\/danneggiamento-manifesti-pride-quartuccio-e-martino-al-fianco-della-comunita-lgbt-reggio-calabria-e-luogo-di-inclusione-e-diritti\/","title":{"rendered":"Danneggiamento manifesti \u201cPride\u201d, Quartuccio e Martino: \u201cAl fianco della comunit\u00e0 LGBT+, Reggio Calabria \u00e8 luogo di inclusione e diritti\u201d"},"content":{"rendered":"<p>&#8220;Gli episodi che si sono registrati nelle ultime ore in citt\u00e0 con la vandalizzazione di alcuni manifesti del &#8220;Pride&#8221;, destano grande amarezza e profondo sconcerto. Si tratta di gesti incivili e inqualificabili che condanniamo fermamente e rispetto ai quali auspichiamo che si faccia presto piena luce&#8221;. E&#8217; quanto affermano il Consigliere metropolitano delegato alle Pari opportunit\u00e0, Filippo Quartuccio e l&#8217;assessora comunale alle Politiche di genere, Angela Martino, con riferimento a quanto accaduto in alcune fermate dell&#8217;Atam dove sono state vandalizzate le locandine dell&#8217;importante manifestazione in programma il 30 luglio a Reggio Calabria.<\/p>\n<p>&#8220;Sul terreno della tutela e del riconoscimento dei diritti &#8211; proseguono i rappresentanti di Comune e Citt\u00e0 metropolitana &#8211; c&#8217;\u00e8 ancora tanta strada da fare come dimostrano, purtroppo, fatti come questi. Tuttavia, a fronte di una piccola minoranza di persone che ancora fatica a comprendere ed acquisire il concetto di rispetto della dignit\u00e0 umana, esiste tutta una pi\u00f9 ampia e coesa comunit\u00e0 cittadina fatta di persone che non intendono minimamente piegarsi alla sottocultura alimentata dal pregiudizio e dalla prevaricazione. E&#8217; la stessa comunit\u00e0 metropolitana di Reggio Calabria che si appresta a vivere, sabato 30 luglio, un momento di festa e riflessione nel segno del rispetto, dell&#8217;inclusivit\u00e0 e del contrasto ad ogni forma di discriminazione. E non saranno certo \u2013 sottolineano Quartuccio e Martino \u2013 gli squallidi gesti isolati di qualcuno a far rallentare il percorso che Reggio Calabria e l&#8217;intero territorio metropolitano, hanno intrapreso sui diritti ed a favore del cambiamento. Reggio Calabria, con le istituzioni territoriali, era, \u00e8 e sar\u00e0 con sempre maggiore convinzione e determinazione al fianco del &#8220;Pride&#8221;, &#8211; concludono il consigliere metropolitano e l\u2019assessora comunale &#8211; della comunit\u00e0 LGBT+ reggina, delle associazioni impegnate in questa fondamentale battaglia di civilt\u00e0 e di quanti si uniranno, sabato 30 luglio, a quel coro che intende ribadire ancora una volta a gran voce che questo territorio non intende arretrare di un millimetro e che all&#8217;odio e alla violenza risponderemo sempre con la tolleranza e l&#8217;inclusione&#8221;.<\/p>\n<div><\/div>\n<div><\/div>\n","protected":false},"excerpt":{"rendered":"<p>&#8220;Gli episodi che si sono registrati nelle ultime ore in citt\u00e0 con la vandalizzazione di alcuni manifesti del &#8220;Pride&#8221;, destano grande amarezza e profondo sconcerto. Si tratta di gesti incivili&hellip;<\/p>\n","protected":false},"author":5,"featured_media":8380,"comment_status":"open","ping_status":"open","sticky":false,"template":"","format":"standard","meta":{"_jetpack_memberships_contains_paid_content":false,"footnotes":"","jetpack_publicize_message":"","jetpack_publicize_feature_enabled":true,"jetpack_social_post_already_shared":false,"jetpack_social_options":{"image_generator_settings":{"template":"highway","default_image_id":0,"font":"","enabled":false},"version":2}},"categories":[921,150,196,140],"tags":[535,563,342,3305,236,3781],"class_list":["post-8420","post","type-post","status-publish","format-standard","has-post-thumbnail","hentry","category-home","category-in-primo-piano","category-news","category-reggio-calabria","tag-arcigay","tag-citta-metropolitana-di-reggio-calabria","tag-comune-di-reggio-calabria","tag-pride-2022","tag-reggio-calabria","tag-reggio-calabria-pride"],"yoast_head":"<!-- This site is optimized with the Yoast SEO plugin v27.2 - https:\/\/yoast.com\/product\/yoast-seo-wordpress\/ -->\n<title>Manifesti Pride strappati, istituzioni accanto a comunit\u00e0 LGBT<\/title>\n<meta name=\"description\" content=\"I rappresentanti di Citt\u00e0 metropolitana e Comune esprimono la solidariet\u00e0 degli Enti al movimento e alle associazioni\" \/>\n<meta name=\"robots\" content=\"index, follow, max-snippet:-1, max-image-preview:large, max-video-preview:-1\" \/>\n<link rel=\"canonical\" href=\"https:\/\/progettotouring.it\/radiotouring104\/2022\/07\/25\/danneggiamento-manifesti-pride-quartuccio-e-martino-al-fianco-della-comunita-lgbt-reggio-calabria-e-luogo-di-inclusione-e-diritti\/\" \/>\n<meta property=\"og:locale\" content=\"it_IT\" \/>\n<meta property=\"og:type\" content=\"article\" \/>\n<meta property=\"og:title\" content=\"Manifesti Pride strappati, istituzioni accanto a comunit\u00e0 LGBT\" \/>\n<meta property=\"og:description\" content=\"I rappresentanti di Citt\u00e0 metropolitana e Comune esprimono la solidariet\u00e0 degli Enti al movimento e alle associazioni\" \/>\n<meta property=\"og:url\" content=\"https:\/\/progettotouring.it\/radiotouring104\/2022\/07\/25\/danneggiamento-manifesti-pride-quartuccio-e-martino-al-fianco-della-comunita-lgbt-reggio-calabria-e-luogo-di-inclusione-e-diritti\/\" \/>\n<meta property=\"og:site_name\" content=\"Radio Touring 104\" \/>\n<meta property=\"article:published_time\" content=\"2022-07-25T10:55:25+00:00\" \/>\n<meta property=\"article:modified_time\" content=\"2022-07-25T16:58:50+00:00\" \/>\n<meta property=\"og:image\" content=\"https:\/\/progettotouring.it\/radiotouring104\/wp-content\/uploads\/sites\/6\/2022\/07\/Pride.jpeg\" \/>\n\t<meta property=\"og:image:width\" content=\"1354\" \/>\n\t<meta property=\"og:image:height\" content=\"762\" \/>\n\t<meta property=\"og:image:type\" content=\"image\/jpeg\" \/>\n<meta name=\"author\" content=\"redazione\" \/>\n<meta name=\"twitter:card\" content=\"summary_large_image\" \/>\n<meta name=\"twitter:label1\" content=\"Scritto da\" \/>\n\t<meta name=\"twitter:data1\" content=\"redazione\" \/>\n\t<meta name=\"twitter:label2\" content=\"Tempo di lettura stimato\" \/>\n\t<meta name=\"twitter:data2\" content=\"2 minuti\" \/>\n<script type=\"application\/ld+json\" class=\"yoast-schema-graph\">{\"@context\":\"https:\/\/schema.org\",\"@graph\":[{\"@type\":\"Article\",\"@id\":\"https:\/\/progettotouring.it\/radiotouring104\/2022\/07\/25\/danneggiamento-manifesti-pride-quartuccio-e-martino-al-fianco-della-comunita-lgbt-reggio-calabria-e-luogo-di-inclusione-e-diritti\/#article\",\"isPartOf\":{\"@id\":\"https:\/\/progettotouring.it\/radiotouring104\/2022\/07\/25\/danneggiamento-manifesti-pride-quartuccio-e-martino-al-fianco-della-comunita-lgbt-reggio-calabria-e-luogo-di-inclusione-e-diritti\/\"},\"author\":{\"name\":\"redazione\",\"@id\":\"https:\/\/progettotouring.it\/radiotouring104\/#\/schema\/person\/1b3eb3c07c47136bc44c785c543e635f\"},\"headline\":\"Danneggiamento manifesti \u201cPride\u201d, Quartuccio e Martino: \u201cAl fianco della comunit\u00e0 LGBT+, Reggio Calabria \u00e8 luogo di inclusione e diritti\u201d\",\"datePublished\":\"2022-07-25T10:55:25+00:00\",\"dateModified\":\"2022-07-25T16:58:50+00:00\",\"mainEntityOfPage\":{\"@id\":\"https:\/\/progettotouring.it\/radiotouring104\/2022\/07\/25\/danneggiamento-manifesti-pride-quartuccio-e-martino-al-fianco-della-comunita-lgbt-reggio-calabria-e-luogo-di-inclusione-e-diritti\/\"},\"wordCount\":340,\"commentCount\":0,\"publisher\":{\"@id\":\"https:\/\/progettotouring.it\/radiotouring104\/#organization\"},\"image\":{\"@id\":\"https:\/\/progettotouring.it\/radiotouring104\/2022\/07\/25\/danneggiamento-manifesti-pride-quartuccio-e-martino-al-fianco-della-comunita-lgbt-reggio-calabria-e-luogo-di-inclusione-e-diritti\/#primaryimage\"},\"thumbnailUrl\":\"https:\/\/progettotouring.it\/radiotouring104\/wp-content\/uploads\/sites\/6\/2022\/07\/Pride.jpeg\",\"keywords\":[\"Arcigay\",\"Citt\u00e0 Metropolitana di Reggio Calabria\",\"Comune di Reggio Calabria\",\"pride 2022\",\"reggio calabria\",\"reggio calabria pride\"],\"articleSection\":[\"Home\",\"In primo piano\",\"News\",\"Reggio Calabria\"],\"inLanguage\":\"it-IT\",\"potentialAction\":[{\"@type\":\"CommentAction\",\"name\":\"Comment\",\"target\":[\"https:\/\/progettotouring.it\/radiotouring104\/2022\/07\/25\/danneggiamento-manifesti-pride-quartuccio-e-martino-al-fianco-della-comunita-lgbt-reggio-calabria-e-luogo-di-inclusione-e-diritti\/#respond\"]}]},{\"@type\":\"WebPage\",\"@id\":\"https:\/\/progettotouring.it\/radiotouring104\/2022\/07\/25\/danneggiamento-manifesti-pride-quartuccio-e-martino-al-fianco-della-comunita-lgbt-reggio-calabria-e-luogo-di-inclusione-e-diritti\/\",\"url\":\"https:\/\/progettotouring.it\/radiotouring104\/2022\/07\/25\/danneggiamento-manifesti-pride-quartuccio-e-martino-al-fianco-della-comunita-lgbt-reggio-calabria-e-luogo-di-inclusione-e-diritti\/\",\"name\":\"Manifesti Pride strappati, istituzioni accanto a comunit\u00e0 LGBT\",\"isPartOf\":{\"@id\":\"https:\/\/progettotouring.it\/radiotouring104\/#website\"},\"primaryImageOfPage\":{\"@id\":\"https:\/\/progettotouring.it\/radiotouring104\/2022\/07\/25\/danneggiamento-manifesti-pride-quartuccio-e-martino-al-fianco-della-comunita-lgbt-reggio-calabria-e-luogo-di-inclusione-e-diritti\/#primaryimage\"},\"image\":{\"@id\":\"https:\/\/progettotouring.it\/radiotouring104\/2022\/07\/25\/danneggiamento-manifesti-pride-quartuccio-e-martino-al-fianco-della-comunita-lgbt-reggio-calabria-e-luogo-di-inclusione-e-diritti\/#primaryimage\"},\"thumbnailUrl\":\"https:\/\/progettotouring.it\/radiotouring104\/wp-content\/uploads\/sites\/6\/2022\/07\/Pride.jpeg\",\"datePublished\":\"2022-07-25T10:55:25+00:00\",\"dateModified\":\"2022-07-25T16:58:50+00:00\",\"description\":\"I rappresentanti di Citt\u00e0 metropolitana e Comune esprimono la solidariet\u00e0 degli Enti al movimento e alle associazioni\",\"breadcrumb\":{\"@id\":\"https:\/\/progettotouring.it\/radiotouring104\/2022\/07\/25\/danneggiamento-manifesti-pride-quartuccio-e-martino-al-fianco-della-comunita-lgbt-reggio-calabria-e-luogo-di-inclusione-e-diritti\/#breadcrumb\"},\"inLanguage\":\"it-IT\",\"potentialAction\":[{\"@type\":\"ReadAction\",\"target\":[\"https:\/\/progettotouring.it\/radiotouring104\/2022\/07\/25\/danneggiamento-manifesti-pride-quartuccio-e-martino-al-fianco-della-comunita-lgbt-reggio-calabria-e-luogo-di-inclusione-e-diritti\/\"]}]},{\"@type\":\"ImageObject\",\"inLanguage\":\"it-IT\",\"@id\":\"https:\/\/progettotouring.it\/radiotouring104\/2022\/07\/25\/danneggiamento-manifesti-pride-quartuccio-e-martino-al-fianco-della-comunita-lgbt-reggio-calabria-e-luogo-di-inclusione-e-diritti\/#primaryimage\",\"url\":\"https:\/\/progettotouring.it\/radiotouring104\/wp-content\/uploads\/sites\/6\/2022\/07\/Pride.jpeg\",\"contentUrl\":\"https:\/\/progettotouring.it\/radiotouring104\/wp-content\/uploads\/sites\/6\/2022\/07\/Pride.jpeg\",\"width\":1354,\"height\":762},{\"@type\":\"BreadcrumbList\",\"@id\":\"https:\/\/progettotouring.it\/radiotouring104\/2022\/07\/25\/danneggiamento-manifesti-pride-quartuccio-e-martino-al-fianco-della-comunita-lgbt-reggio-calabria-e-luogo-di-inclusione-e-diritti\/#breadcrumb\",\"itemListElement\":[{\"@type\":\"ListItem\",\"position\":1,\"name\":\"Home\",\"item\":\"https:\/\/progettotouring.it\/radiotouring104\/\"},{\"@type\":\"ListItem\",\"position\":2,\"name\":\"Danneggiamento manifesti \u201cPride\u201d, Quartuccio e Martino: \u201cAl fianco della comunit\u00e0 LGBT+, Reggio Calabria \u00e8 luogo di inclusione e diritti\u201d\"}]},{\"@type\":\"WebSite\",\"@id\":\"https:\/\/progettotouring.it\/radiotouring104\/#website\",\"url\":\"https:\/\/progettotouring.it\/radiotouring104\/\",\"name\":\"Radio Touring 104\",\"description\":\"La prima radio Reggina\",\"publisher\":{\"@id\":\"https:\/\/progettotouring.it\/radiotouring104\/#organization\"},\"potentialAction\":[{\"@type\":\"SearchAction\",\"target\":{\"@type\":\"EntryPoint\",\"urlTemplate\":\"https:\/\/progettotouring.it\/radiotouring104\/?s={search_term_string}\"},\"query-input\":{\"@type\":\"PropertyValueSpecification\",\"valueRequired\":true,\"valueName\":\"search_term_string\"}}],\"inLanguage\":\"it-IT\"},{\"@type\":\"Organization\",\"@id\":\"https:\/\/progettotouring.it\/radiotouring104\/#organization\",\"name\":\"Radio Touring 104\",\"url\":\"https:\/\/progettotouring.it\/radiotouring104\/\",\"logo\":{\"@type\":\"ImageObject\",\"inLanguage\":\"it-IT\",\"@id\":\"https:\/\/progettotouring.it\/radiotouring104\/#\/schema\/logo\/image\/\",\"url\":\"https:\/\/progettotouring.it\/radiotouring104\/wp-content\/uploads\/sites\/6\/2022\/02\/cropped-logo-radio-touring-104.png\",\"contentUrl\":\"https:\/\/progettotouring.it\/radiotouring104\/wp-content\/uploads\/sites\/6\/2022\/02\/cropped-logo-radio-touring-104.png\",\"width\":377,\"height\":182,\"caption\":\"Radio Touring 104\"},\"image\":{\"@id\":\"https:\/\/progettotouring.it\/radiotouring104\/#\/schema\/logo\/image\/\"}},{\"@type\":\"Person\",\"@id\":\"https:\/\/progettotouring.it\/radiotouring104\/#\/schema\/person\/1b3eb3c07c47136bc44c785c543e635f\",\"name\":\"redazione\",\"image\":{\"@type\":\"ImageObject\",\"inLanguage\":\"it-IT\",\"@id\":\"https:\/\/secure.gravatar.com\/avatar\/0b31605b49f100769e8b624b3e05de1b73e1692e9568a352f60f53fd072e6e11?s=96&d=mm&r=g\",\"url\":\"https:\/\/secure.gravatar.com\/avatar\/0b31605b49f100769e8b624b3e05de1b73e1692e9568a352f60f53fd072e6e11?s=96&d=mm&r=g\",\"contentUrl\":\"https:\/\/secure.gravatar.com\/avatar\/0b31605b49f100769e8b624b3e05de1b73e1692e9568a352f60f53fd072e6e11?s=96&d=mm&r=g\",\"caption\":\"redazione\"},\"url\":\"https:\/\/progettotouring.it\/radiotouring104\/author\/redazione\/\"}]}<\/script>\n<!-- \/ Yoast SEO plugin. -->","yoast_head_json":{"title":"Manifesti Pride strappati, istituzioni accanto a comunit\u00e0 LGBT","description":"I rappresentanti di Citt\u00e0 metropolitana e Comune esprimono la solidariet\u00e0 degli Enti al movimento e alle associazioni","robots":{"index":"index","follow":"follow","max-snippet":"max-snippet:-1","max-image-preview":"max-image-preview:large","max-video-preview":"max-video-preview:-1"},"canonical":"https:\/\/progettotouring.it\/radiotouring104\/2022\/07\/25\/danneggiamento-manifesti-pride-quartuccio-e-martino-al-fianco-della-comunita-lgbt-reggio-calabria-e-luogo-di-inclusione-e-diritti\/","og_locale":"it_IT","og_type":"article","og_title":"Manifesti Pride strappati, istituzioni accanto a comunit\u00e0 LGBT","og_description":"I rappresentanti di Citt\u00e0 metropolitana e Comune esprimono la solidariet\u00e0 degli Enti al movimento e alle associazioni","og_url":"https:\/\/progettotouring.it\/radiotouring104\/2022\/07\/25\/danneggiamento-manifesti-pride-quartuccio-e-martino-al-fianco-della-comunita-lgbt-reggio-calabria-e-luogo-di-inclusione-e-diritti\/","og_site_name":"Radio Touring 104","article_published_time":"2022-07-25T10:55:25+00:00","article_modified_time":"2022-07-25T16:58:50+00:00","og_image":[{"width":1354,"height":762,"url":"https:\/\/progettotouring.it\/radiotouring104\/wp-content\/uploads\/sites\/6\/2022\/07\/Pride.jpeg","type":"image\/jpeg"}],"author":"redazione","twitter_card":"summary_large_image","twitter_misc":{"Scritto da":"redazione","Tempo di lettura stimato":"2 minuti"},"schema":{"@context":"https:\/\/schema.org","@graph":[{"@type":"Article","@id":"https:\/\/progettotouring.it\/radiotouring104\/2022\/07\/25\/danneggiamento-manifesti-pride-quartuccio-e-martino-al-fianco-della-comunita-lgbt-reggio-calabria-e-luogo-di-inclusione-e-diritti\/#article","isPartOf":{"@id":"https:\/\/progettotouring.it\/radiotouring104\/2022\/07\/25\/danneggiamento-manifesti-pride-quartuccio-e-martino-al-fianco-della-comunita-lgbt-reggio-calabria-e-luogo-di-inclusione-e-diritti\/"},"author":{"name":"redazione","@id":"https:\/\/progettotouring.it\/radiotouring104\/#\/schema\/person\/1b3eb3c07c47136bc44c785c543e635f"},"headline":"Danneggiamento manifesti \u201cPride\u201d, Quartuccio e Martino: \u201cAl fianco della comunit\u00e0 LGBT+, Reggio Calabria \u00e8 luogo di inclusione e diritti\u201d","datePublished":"2022-07-25T10:55:25+00:00","dateModified":"2022-07-25T16:58:50+00:00","mainEntityOfPage":{"@id":"https:\/\/progettotouring.it\/radiotouring104\/2022\/07\/25\/danneggiamento-manifesti-pride-quartuccio-e-martino-al-fianco-della-comunita-lgbt-reggio-calabria-e-luogo-di-inclusione-e-diritti\/"},"wordCount":340,"commentCount":0,"publisher":{"@id":"https:\/\/progettotouring.it\/radiotouring104\/#organization"},"image":{"@id":"https:\/\/progettotouring.it\/radiotouring104\/2022\/07\/25\/danneggiamento-manifesti-pride-quartuccio-e-martino-al-fianco-della-comunita-lgbt-reggio-calabria-e-luogo-di-inclusione-e-diritti\/#primaryimage"},"thumbnailUrl":"https:\/\/progettotouring.it\/radiotouring104\/wp-content\/uploads\/sites\/6\/2022\/07\/Pride.jpeg","keywords":["Arcigay","Citt\u00e0 Metropolitana di Reggio Calabria","Comune di Reggio Calabria","pride 2022","reggio calabria","reggio calabria pride"],"articleSection":["Home","In primo piano","News","Reggio Calabria"],"inLanguage":"it-IT","potentialAction":[{"@type":"CommentAction","name":"Comment","target":["https:\/\/progettotouring.it\/radiotouring104\/2022\/07\/25\/danneggiamento-manifesti-pride-quartuccio-e-martino-al-fianco-della-comunita-lgbt-reggio-calabria-e-luogo-di-inclusione-e-diritti\/#respond"]}]},{"@type":"WebPage","@id":"https:\/\/progettotouring.it\/radiotouring104\/2022\/07\/25\/danneggiamento-manifesti-pride-quartuccio-e-martino-al-fianco-della-comunita-lgbt-reggio-calabria-e-luogo-di-inclusione-e-diritti\/","url":"https:\/\/progettotouring.it\/radiotouring104\/2022\/07\/25\/danneggiamento-manifesti-pride-quartuccio-e-martino-al-fianco-della-comunita-lgbt-reggio-calabria-e-luogo-di-inclusione-e-diritti\/","name":"Manifesti Pride strappati, istituzioni accanto a comunit\u00e0 LGBT","isPartOf":{"@id":"https:\/\/progettotouring.it\/radiotouring104\/#website"},"primaryImageOfPage":{"@id":"https:\/\/progettotouring.it\/radiotouring104\/2022\/07\/25\/danneggiamento-manifesti-pride-quartuccio-e-martino-al-fianco-della-comunita-lgbt-reggio-calabria-e-luogo-di-inclusione-e-diritti\/#primaryimage"},"image":{"@id":"https:\/\/progettotouring.it\/radiotouring104\/2022\/07\/25\/danneggiamento-manifesti-pride-quartuccio-e-martino-al-fianco-della-comunita-lgbt-reggio-calabria-e-luogo-di-inclusione-e-diritti\/#primaryimage"},"thumbnailUrl":"https:\/\/progettotouring.it\/radiotouring104\/wp-content\/uploads\/sites\/6\/2022\/07\/Pride.jpeg","datePublished":"2022-07-25T10:55:25+00:00","dateModified":"2022-07-25T16:58:50+00:00","description":"I rappresentanti di Citt\u00e0 metropolitana e Comune esprimono la solidariet\u00e0 degli Enti al movimento e alle associazioni","breadcrumb":{"@id":"https:\/\/progettotouring.it\/radiotouring104\/2022\/07\/25\/danneggiamento-manifesti-pride-quartuccio-e-martino-al-fianco-della-comunita-lgbt-reggio-calabria-e-luogo-di-inclusione-e-diritti\/#breadcrumb"},"inLanguage":"it-IT","potentialAction":[{"@type":"ReadAction","target":["https:\/\/progettotouring.it\/radiotouring104\/2022\/07\/25\/danneggiamento-manifesti-pride-quartuccio-e-martino-al-fianco-della-comunita-lgbt-reggio-calabria-e-luogo-di-inclusione-e-diritti\/"]}]},{"@type":"ImageObject","inLanguage":"it-IT","@id":"https:\/\/progettotouring.it\/radiotouring104\/2022\/07\/25\/danneggiamento-manifesti-pride-quartuccio-e-martino-al-fianco-della-comunita-lgbt-reggio-calabria-e-luogo-di-inclusione-e-diritti\/#primaryimage","url":"https:\/\/progettotouring.it\/radiotouring104\/wp-content\/uploads\/sites\/6\/2022\/07\/Pride.jpeg","contentUrl":"https:\/\/progettotouring.it\/radiotouring104\/wp-content\/uploads\/sites\/6\/2022\/07\/Pride.jpeg","width":1354,"height":762},{"@type":"BreadcrumbList","@id":"https:\/\/progettotouring.it\/radiotouring104\/2022\/07\/25\/danneggiamento-manifesti-pride-quartuccio-e-martino-al-fianco-della-comunita-lgbt-reggio-calabria-e-luogo-di-inclusione-e-diritti\/#breadcrumb","itemListElement":[{"@type":"ListItem","position":1,"name":"Home","item":"https:\/\/progettotouring.it\/radiotouring104\/"},{"@type":"ListItem","position":2,"name":"Danneggiamento manifesti \u201cPride\u201d, Quartuccio e Martino: \u201cAl fianco della comunit\u00e0 LGBT+, Reggio Calabria \u00e8 luogo di inclusione e diritti\u201d"}]},{"@type":"WebSite","@id":"https:\/\/progettotouring.it\/radiotouring104\/#website","url":"https:\/\/progettotouring.it\/radiotouring104\/","name":"Radio Touring 104","description":"La prima radio Reggina","publisher":{"@id":"https:\/\/progettotouring.it\/radiotouring104\/#organization"},"potentialAction":[{"@type":"SearchAction","target":{"@type":"EntryPoint","urlTemplate":"https:\/\/progettotouring.it\/radiotouring104\/?s={search_term_string}"},"query-input":{"@type":"PropertyValueSpecification","valueRequired":true,"valueName":"search_term_string"}}],"inLanguage":"it-IT"},{"@type":"Organization","@id":"https:\/\/progettotouring.it\/radiotouring104\/#organization","name":"Radio Touring 104","url":"https:\/\/progettotouring.it\/radiotouring104\/","logo":{"@type":"ImageObject","inLanguage":"it-IT","@id":"https:\/\/progettotouring.it\/radiotouring104\/#\/schema\/logo\/image\/","url":"https:\/\/progettotouring.it\/radiotouring104\/wp-content\/uploads\/sites\/6\/2022\/02\/cropped-logo-radio-touring-104.png","contentUrl":"https:\/\/progettotouring.it\/radiotouring104\/wp-content\/uploads\/sites\/6\/2022\/02\/cropped-logo-radio-touring-104.png","width":377,"height":182,"caption":"Radio Touring 104"},"image":{"@id":"https:\/\/progettotouring.it\/radiotouring104\/#\/schema\/logo\/image\/"}},{"@type":"Person","@id":"https:\/\/progettotouring.it\/radiotouring104\/#\/schema\/person\/1b3eb3c07c47136bc44c785c543e635f","name":"redazione","image":{"@type":"ImageObject","inLanguage":"it-IT","@id":"https:\/\/secure.gravatar.com\/avatar\/0b31605b49f100769e8b624b3e05de1b73e1692e9568a352f60f53fd072e6e11?s=96&d=mm&r=g","url":"https:\/\/secure.gravatar.com\/avatar\/0b31605b49f100769e8b624b3e05de1b73e1692e9568a352f60f53fd072e6e11?s=96&d=mm&r=g","contentUrl":"https:\/\/secure.gravatar.com\/avatar\/0b31605b49f100769e8b624b3e05de1b73e1692e9568a352f60f53fd072e6e11?s=96&d=mm&r=g","caption":"redazione"},"url":"https:\/\/progettotouring.it\/radiotouring104\/author\/redazione\/"}]}},"jetpack_publicize_connections":[],"jetpack_featured_media_url":"https:\/\/progettotouring.it\/radiotouring104\/wp-content\/uploads\/sites\/6\/2022\/07\/Pride.jpeg","jetpack_sharing_enabled":true,"_links":{"self":[{"href":"https:\/\/progettotouring.it\/radiotouring104\/wp-json\/wp\/v2\/posts\/8420","targetHints":{"allow":["GET"]}}],"collection":[{"href":"https:\/\/progettotouring.it\/radiotouring104\/wp-json\/wp\/v2\/posts"}],"about":[{"href":"https:\/\/progettotouring.it\/radiotouring104\/wp-json\/wp\/v2\/types\/post"}],"author":[{"embeddable":true,"href":"https:\/\/progettotouring.it\/radiotouring104\/wp-json\/wp\/v2\/users\/5"}],"replies":[{"embeddable":true,"href":"https:\/\/progettotouring.it\/radiotouring104\/wp-json\/wp\/v2\/comments?post=8420"}],"version-history":[{"count":1,"href":"https:\/\/progettotouring.it\/radiotouring104\/wp-json\/wp\/v2\/posts\/8420\/revisions"}],"predecessor-version":[{"id":8425,"href":"https:\/\/progettotouring.it\/radiotouring104\/wp-json\/wp\/v2\/posts\/8420\/revisions\/8425"}],"wp:featuredmedia":[{"embeddable":true,"href":"https:\/\/progettotouring.it\/radiotouring104\/wp-json\/wp\/v2\/media\/8380"}],"wp:attachment":[{"href":"https:\/\/progettotouring.it\/radiotouring104\/wp-json\/wp\/v2\/media?parent=8420"}],"wp:term":[{"taxonomy":"category","embeddable":true,"href":"https:\/\/progettotouring.it\/radiotouring104\/wp-json\/wp\/v2\/categories?post=8420"},{"taxonomy":"post_tag","embeddable":true,"href":"https:\/\/progettotouring.it\/radiotouring104\/wp-json\/wp\/v2\/tags?post=8420"}],"curies":[{"name":"wp","href":"https:\/\/api.w.org\/{rel}","templated":true}]}}