{"id":84271,"date":"2025-10-19T13:02:20","date_gmt":"2025-10-19T11:02:20","guid":{"rendered":"https:\/\/progettotouring.it\/radiotouring104\/?p=84271"},"modified":"2025-10-19T13:02:20","modified_gmt":"2025-10-19T11:02:20","slug":"botta-e-risposta-tra-falcomata-e-minasi-sui-bus-di-salvini","status":"publish","type":"post","link":"https:\/\/progettotouring.it\/radiotouring104\/2025\/10\/19\/botta-e-risposta-tra-falcomata-e-minasi-sui-bus-di-salvini\/","title":{"rendered":"Botta e risposta tra Falcomat\u00e0 e Minasi sui bus di Salvini"},"content":{"rendered":"<div class=\"h-100 d-flex flex-column container-fluid message-container no-dark-filter pe-3 detail\">\n<div class=\"row message-content\">\n<div class=\"col-12 h-100 d-flex flex-column overflow-y\">\n<div class=\"card\">\n<div class=\"card-body message-content-body pt-0 d-flex flex-column gap-4 margin-left\">\n<div class=\"message-content-body-text overflow-x-scroll\">\n<div class=\"message-content-text\">\n<div>\n<div class=\"xam_msg_class\">\n<div dir=\"ltr\"><em>\u00abAmarezza, sconforto e rabbia sono i sentimenti che pervadono chi, dalla Calabria,\u00a0 ha visto il servizio di Piazza Pulita sui nuovi bus presentati a Cosenza, in piena campagna elettorale, dal ministro Matteo Salvini e dai candidati al consiglio regionale di centrodestra che si sono prestati all\u2019ennesima pantomima consumata sulle speranze e le necessit\u00e0 dei calabresi\u00bb<\/em>.<\/div>\n<div dir=\"ltr\">Esordiva cos\u00ec Giuseppe Falcomat\u00e0, sindaco di Reggio Calabria ed esponente del Partito Democratico, ripercorrendo l\u2019inchiesta dell\u2019inviato di La7 Salvatore Gulisano.<\/div>\n<div dir=\"ltr\"><em>\u00abLa presa in giro<\/em>\u00a0f<em>a male perch\u00e9, guardando quelle immagini, si palesa in tutto il suo cinismo e la sua meschinit\u00e0 il tentativo di convincere la gente a colpi di effetti speciali che, tanto speciali, poi non sono. Il ministro Salvini, in pompa magna, applaudito e sostenuto dagli accoliti di casa nostra, ha annunciato l\u2019acquisto di 111 nuovi bus che avrebbero collegato la nostra regione col resto d\u2019Italia. Mezzi moderni, ultra tecnologici e spaziosi per un investimento complessivo di 44 milioni di euro. Ebbene, ad urne aperte, mentre il centrodestra continua a brindare per il successo elettorale, di quei fantastici e luccicanti pullman non v\u2019\u00e8 traccia, se non di alcuni modelli parcheggiati nell\u2019autoparco della ditta che li ha in custodia per come testimoniato dalla brillante inchiesta di Gulisano. Restano inutilizzati, destinati a prendere polvere nel frattempo che il servizio continui a garantirlo il piccolo minivan che risponde, pi\u00f9 realisticamente, alle richieste dell\u2019utenza\u00bb.<\/em><br \/>\n<em>\u00abUna vergogna inaudita<\/em> \u2013 ha concluso Falcomat\u00e0 \u2013 f<em>iglia di una propaganda che, per l\u2019ennesima volta, offende e umilia una terra che ha disperatamente bisogno di un sistema di trasporto in grado di unirla, concretamente, al resto del Paese. In Calabria mancano strade, servizi, treni, linee ferrate elettrificate, collegamenti sicuri con le aree interne e i presidi ospedalieri; manca tutto quello che serve a ridurre un gap, rispetto all&#8217;Italia e all&#8217;Europa, ormai sempre pi\u00f9 incolmabile. Invece, il Governo esercita la pi\u00f9 becera delle promozioni elettorali, dimenticando i fondi per l&#8217;alta velocit\u00e0 e spostando le risorse europee per la Coesione sul fantomatico Ponte sullo Stretto. Un comportamento che va stigmatizzato e respinto, ma che pone una seria riflessione sull&#8217;utilizzo di risorse pubbliche altrimenti sprecate per fantasmagoriche operazioni di maquillage politico-elettorale\u00bb.<\/em><\/p>\n<\/div>\n<div dir=\"ltr\">Non \u00e8 tardata la replica della senatrice Tilde Minasi:<\/div>\n<\/div>\n<\/div>\n<\/div>\n<\/div>\n<\/div>\n<div class=\"card-footer message-content-footer pb-3 sticky-bottom z-3 margin-left\">\n<div class=\"aru-button-group\" role=\"group\">\n<div class=\"top-text\">\n<div class=\"aru-button__inner aru-button__inner--md\n\n               \"><\/p>\n<div class=\"aru-button__content aru-button__content--start\">\u00ab<em>Leggo le accuse che Giuseppe Falcomat\u00e0 rivolge al Ministro Salvini e ai candidati alle regionali del centrodestra, che, secondo quanto riportato da Piazzapulita su presunti \u201cbus fantasma\u201d,\u00a0 si sarebbero prestati all\u2019\u201cennesima pantomima consumata sulle speranze e le necessit\u00e0 dei calabresi\u201d e avrebbero fatto una \u201cpropaganda\u201d che \u201coffende e umilia una terra che ha disperatamente bisogno di un <strong>s<\/strong>istema di trasporto efficiente\u00a0in grado di unirla, concretamente, al resto del Paese\u201d. Ebbene, l\u2019unico che fa propaganda, usando strumentalmente un servizio televisivo anch\u2019esso fazioso e pieno di disinformazione e notizie false, \u00e8 proprio il Sindaco di Reggio. Che, peraltro, anzich\u00e9 fare il Sindaco, si allena gi\u00e0 a fare il consigliere regionale d\u2019opposizione. Pensi, piuttosto a lavorare per la citt\u00e0, cosa che non ha fatto finora. E si informi meglio sugli argomenti che va a commentare, pensando di colpire i suoi avversari\u00bb.<\/em><\/div>\n<\/div>\n<\/div>\n<div class=\"top-text\">\n<div class=\"aru-button__inner aru-button__inner--md\n\n               \"><\/p>\n<div class=\"aru-button__content aru-button__content--start\">\n<p>\u00ab<em>Falcomat\u00e0 non \u00e8 ancora neppure certo di aver conquistato lo scranno a Palazzo Campanella ma gi\u00e0 parla come se fosse seduto in Consiglio Regionale, dimenticando totalmente il suo ruolo di Sindaco. Si preoccupi, piuttosto, di tutti i problemi che non ha risolto per la sua e nostra citt\u00e0 e che lascia in eredit\u00e0 al suo successore. Anche ieri sui giornali reggini c\u2019era una lunga lista di incompiute e di situazioni di immobilismo che fanno capo alla sua lunga Amministrazione, ma lui si affretta a criticare il leader della Lega peraltro per notizie destituite da ogni fondamento e strumentali.<\/em><\/p>\n<p><em>Dovrebbe, piuttosto, ringraziare chi, come Matteo Salvini, ha sbloccato l\u2019operativit\u00e0 dell\u2019aeroporto reggino consentendo alla citt\u00e0 di \u201cdecollare\u201d finalmente, ha finanziato e sbloccato i progetti per la Statale 106 jonica, anche nel tratto reggino, ha prescritto, per l\u2019Alta velocit\u00e0 da realizzare, il tragitto pi\u00f9 breve e diretto da Salerno a Reggio Calabria, ha convogliato altri finanziamenti importanti sui nostri porti e le nostre strade, insomma ha lavorato, per Reggio e per la Calabria, come mai nessuno prima. Compresi i \u201cbus fantasma\u201d, che fantasma non lo sono affatto.\u00a0<\/em><\/p>\n<p><em>Dei 111 previsti, infatti, non tutti naturalmente saranno destinati alla nostra Regione, come ampiamente spiegato da Busitalia, la societ\u00e0 titolare dei mezzi. E quelli per la Calabria sono in parte gi\u00e0 in servizio. Quindi su che cosa si fondano le accuse?. La \u201cvergogna inaudita\u201d, per usare ancora le parole del Sindaco, \u00e8 in realt\u00e0 di chi, come lui, sembra godere nel boicottare le cose belle che questo Governo sta dando al nostro territorio. Come il Ponte sullo Stretto e tutte le altre Infrastrutture che collegando Reggio e la Calabria in modo finalmente rapido ed efficiente al resto d\u2019Italia, permetteranno alla nostra terra \u2013 <\/em>conclude <em>\u2013 di avere lo sviluppo finora solo promesso e\u00a0\u00a0che attende da decenni\u00bb.\u00a0\u00a0<\/em><\/p>\n<\/div>\n<\/div>\n<\/div>\n<\/div>\n<\/div>\n<\/div>\n<\/div>\n<\/div>\n<\/div>\n<div class=\"aru-sheet-modal\">\n<div id=\"sheet\" class=\"sheet\" aria-hidden=\"true\">\n<div class=\"contents\">\n<div class=\"footer\"><\/div>\n<\/div>\n<\/div>\n<\/div>\n<div class=\"as-split-gutter\" role=\"separator\"><\/div>\n","protected":false},"excerpt":{"rendered":"<p>\u00abAmarezza, sconforto e rabbia sono i sentimenti che pervadono chi, dalla Calabria,\u00a0 ha visto il servizio di Piazza Pulita sui nuovi bus presentati a Cosenza, in piena campagna elettorale, dal&hellip;<\/p>\n","protected":false},"author":19,"featured_media":84273,"comment_status":"closed","ping_status":"open","sticky":false,"template":"","format":"standard","meta":{"_jetpack_memberships_contains_paid_content":false,"footnotes":"","jetpack_publicize_message":"","jetpack_publicize_feature_enabled":true,"jetpack_social_post_already_shared":true,"jetpack_social_options":{"image_generator_settings":{"template":"highway","default_image_id":0,"font":"","enabled":false},"version":2}},"categories":[921,196,140],"tags":[],"class_list":["post-84271","post","type-post","status-publish","format-standard","has-post-thumbnail","hentry","category-home","category-news","category-reggio-calabria"],"yoast_head":"<!-- This site is optimized with the Yoast SEO plugin v27.2 - https:\/\/yoast.com\/product\/yoast-seo-wordpress\/ -->\n<title>Botta e risposta tra Falcomat\u00e0 e Minasi sui bus di Salvini - Radio Touring 104<\/title>\n<meta name=\"description\" content=\"Nota del Sindaco reggino dopo il servizio tv di Piazzapulita; risposta piccata della Senatrice leghista\" \/>\n<meta name=\"robots\" content=\"index, follow, max-snippet:-1, max-image-preview:large, max-video-preview:-1\" \/>\n<link rel=\"canonical\" href=\"https:\/\/progettotouring.it\/radiotouring104\/2025\/10\/19\/botta-e-risposta-tra-falcomata-e-minasi-sui-bus-di-salvini\/\" \/>\n<meta property=\"og:locale\" content=\"it_IT\" \/>\n<meta property=\"og:type\" content=\"article\" \/>\n<meta property=\"og:title\" content=\"Botta e risposta tra Falcomat\u00e0 e Minasi sui bus di Salvini - Radio Touring 104\" \/>\n<meta property=\"og:description\" content=\"Nota del Sindaco reggino dopo il servizio tv di Piazzapulita; risposta piccata della Senatrice leghista\" \/>\n<meta property=\"og:url\" content=\"https:\/\/progettotouring.it\/radiotouring104\/2025\/10\/19\/botta-e-risposta-tra-falcomata-e-minasi-sui-bus-di-salvini\/\" \/>\n<meta property=\"og:site_name\" content=\"Radio Touring 104\" \/>\n<meta property=\"article:published_time\" content=\"2025-10-19T11:02:20+00:00\" \/>\n<meta property=\"og:image\" content=\"https:\/\/progettotouring.it\/radiotouring104\/wp-content\/uploads\/sites\/6\/2025\/10\/IMMAGINI-X-SITO-2025-10-19T130050.736.jpg\" \/>\n\t<meta property=\"og:image:width\" content=\"2000\" \/>\n\t<meta property=\"og:image:height\" content=\"1545\" \/>\n\t<meta property=\"og:image:type\" content=\"image\/jpeg\" \/>\n<meta name=\"author\" content=\"S L\" \/>\n<meta name=\"twitter:card\" content=\"summary_large_image\" \/>\n<meta name=\"twitter:label1\" content=\"Scritto da\" \/>\n\t<meta name=\"twitter:data1\" content=\"S L\" \/>\n\t<meta name=\"twitter:label2\" content=\"Tempo di lettura stimato\" \/>\n\t<meta name=\"twitter:data2\" content=\"4 minuti\" \/>\n<script type=\"application\/ld+json\" class=\"yoast-schema-graph\">{\"@context\":\"https:\/\/schema.org\",\"@graph\":[{\"@type\":\"Article\",\"@id\":\"https:\/\/progettotouring.it\/radiotouring104\/2025\/10\/19\/botta-e-risposta-tra-falcomata-e-minasi-sui-bus-di-salvini\/#article\",\"isPartOf\":{\"@id\":\"https:\/\/progettotouring.it\/radiotouring104\/2025\/10\/19\/botta-e-risposta-tra-falcomata-e-minasi-sui-bus-di-salvini\/\"},\"author\":{\"name\":\"S L\",\"@id\":\"https:\/\/progettotouring.it\/radiotouring104\/#\/schema\/person\/b9f9c3730b0a78814c9b9f3bfc52c619\"},\"headline\":\"Botta e risposta tra Falcomat\u00e0 e Minasi sui bus di Salvini\",\"datePublished\":\"2025-10-19T11:02:20+00:00\",\"mainEntityOfPage\":{\"@id\":\"https:\/\/progettotouring.it\/radiotouring104\/2025\/10\/19\/botta-e-risposta-tra-falcomata-e-minasi-sui-bus-di-salvini\/\"},\"wordCount\":821,\"publisher\":{\"@id\":\"https:\/\/progettotouring.it\/radiotouring104\/#organization\"},\"image\":{\"@id\":\"https:\/\/progettotouring.it\/radiotouring104\/2025\/10\/19\/botta-e-risposta-tra-falcomata-e-minasi-sui-bus-di-salvini\/#primaryimage\"},\"thumbnailUrl\":\"https:\/\/progettotouring.it\/radiotouring104\/wp-content\/uploads\/sites\/6\/2025\/10\/IMMAGINI-X-SITO-2025-10-19T130050.736.jpg\",\"articleSection\":[\"Home\",\"News\",\"Reggio Calabria\"],\"inLanguage\":\"it-IT\"},{\"@type\":\"WebPage\",\"@id\":\"https:\/\/progettotouring.it\/radiotouring104\/2025\/10\/19\/botta-e-risposta-tra-falcomata-e-minasi-sui-bus-di-salvini\/\",\"url\":\"https:\/\/progettotouring.it\/radiotouring104\/2025\/10\/19\/botta-e-risposta-tra-falcomata-e-minasi-sui-bus-di-salvini\/\",\"name\":\"Botta e risposta tra Falcomat\u00e0 e Minasi sui bus di Salvini - Radio Touring 104\",\"isPartOf\":{\"@id\":\"https:\/\/progettotouring.it\/radiotouring104\/#website\"},\"primaryImageOfPage\":{\"@id\":\"https:\/\/progettotouring.it\/radiotouring104\/2025\/10\/19\/botta-e-risposta-tra-falcomata-e-minasi-sui-bus-di-salvini\/#primaryimage\"},\"image\":{\"@id\":\"https:\/\/progettotouring.it\/radiotouring104\/2025\/10\/19\/botta-e-risposta-tra-falcomata-e-minasi-sui-bus-di-salvini\/#primaryimage\"},\"thumbnailUrl\":\"https:\/\/progettotouring.it\/radiotouring104\/wp-content\/uploads\/sites\/6\/2025\/10\/IMMAGINI-X-SITO-2025-10-19T130050.736.jpg\",\"datePublished\":\"2025-10-19T11:02:20+00:00\",\"description\":\"Nota del Sindaco reggino dopo il servizio tv di Piazzapulita; risposta piccata della Senatrice leghista\",\"breadcrumb\":{\"@id\":\"https:\/\/progettotouring.it\/radiotouring104\/2025\/10\/19\/botta-e-risposta-tra-falcomata-e-minasi-sui-bus-di-salvini\/#breadcrumb\"},\"inLanguage\":\"it-IT\",\"potentialAction\":[{\"@type\":\"ReadAction\",\"target\":[\"https:\/\/progettotouring.it\/radiotouring104\/2025\/10\/19\/botta-e-risposta-tra-falcomata-e-minasi-sui-bus-di-salvini\/\"]}]},{\"@type\":\"ImageObject\",\"inLanguage\":\"it-IT\",\"@id\":\"https:\/\/progettotouring.it\/radiotouring104\/2025\/10\/19\/botta-e-risposta-tra-falcomata-e-minasi-sui-bus-di-salvini\/#primaryimage\",\"url\":\"https:\/\/progettotouring.it\/radiotouring104\/wp-content\/uploads\/sites\/6\/2025\/10\/IMMAGINI-X-SITO-2025-10-19T130050.736.jpg\",\"contentUrl\":\"https:\/\/progettotouring.it\/radiotouring104\/wp-content\/uploads\/sites\/6\/2025\/10\/IMMAGINI-X-SITO-2025-10-19T130050.736.jpg\",\"width\":2000,\"height\":1545},{\"@type\":\"BreadcrumbList\",\"@id\":\"https:\/\/progettotouring.it\/radiotouring104\/2025\/10\/19\/botta-e-risposta-tra-falcomata-e-minasi-sui-bus-di-salvini\/#breadcrumb\",\"itemListElement\":[{\"@type\":\"ListItem\",\"position\":1,\"name\":\"Home\",\"item\":\"https:\/\/progettotouring.it\/radiotouring104\/\"},{\"@type\":\"ListItem\",\"position\":2,\"name\":\"Botta e risposta tra Falcomat\u00e0 e Minasi sui bus di Salvini\"}]},{\"@type\":\"WebSite\",\"@id\":\"https:\/\/progettotouring.it\/radiotouring104\/#website\",\"url\":\"https:\/\/progettotouring.it\/radiotouring104\/\",\"name\":\"Radio Touring 104\",\"description\":\"La prima radio Reggina\",\"publisher\":{\"@id\":\"https:\/\/progettotouring.it\/radiotouring104\/#organization\"},\"potentialAction\":[{\"@type\":\"SearchAction\",\"target\":{\"@type\":\"EntryPoint\",\"urlTemplate\":\"https:\/\/progettotouring.it\/radiotouring104\/?s={search_term_string}\"},\"query-input\":{\"@type\":\"PropertyValueSpecification\",\"valueRequired\":true,\"valueName\":\"search_term_string\"}}],\"inLanguage\":\"it-IT\"},{\"@type\":\"Organization\",\"@id\":\"https:\/\/progettotouring.it\/radiotouring104\/#organization\",\"name\":\"Radio Touring 104\",\"url\":\"https:\/\/progettotouring.it\/radiotouring104\/\",\"logo\":{\"@type\":\"ImageObject\",\"inLanguage\":\"it-IT\",\"@id\":\"https:\/\/progettotouring.it\/radiotouring104\/#\/schema\/logo\/image\/\",\"url\":\"https:\/\/progettotouring.it\/radiotouring104\/wp-content\/uploads\/sites\/6\/2022\/02\/cropped-logo-radio-touring-104.png\",\"contentUrl\":\"https:\/\/progettotouring.it\/radiotouring104\/wp-content\/uploads\/sites\/6\/2022\/02\/cropped-logo-radio-touring-104.png\",\"width\":377,\"height\":182,\"caption\":\"Radio Touring 104\"},\"image\":{\"@id\":\"https:\/\/progettotouring.it\/radiotouring104\/#\/schema\/logo\/image\/\"}},{\"@type\":\"Person\",\"@id\":\"https:\/\/progettotouring.it\/radiotouring104\/#\/schema\/person\/b9f9c3730b0a78814c9b9f3bfc52c619\",\"name\":\"S L\",\"image\":{\"@type\":\"ImageObject\",\"inLanguage\":\"it-IT\",\"@id\":\"https:\/\/secure.gravatar.com\/avatar\/652c51789d7030aaed9ff828331360502a68204fe6fb0831bc280515210e16d2?s=96&d=mm&r=g\",\"url\":\"https:\/\/secure.gravatar.com\/avatar\/652c51789d7030aaed9ff828331360502a68204fe6fb0831bc280515210e16d2?s=96&d=mm&r=g\",\"contentUrl\":\"https:\/\/secure.gravatar.com\/avatar\/652c51789d7030aaed9ff828331360502a68204fe6fb0831bc280515210e16d2?s=96&d=mm&r=g\",\"caption\":\"S L\"},\"url\":\"https:\/\/progettotouring.it\/radiotouring104\/author\/slibri\/\"}]}<\/script>\n<!-- \/ Yoast SEO plugin. -->","yoast_head_json":{"title":"Botta e risposta tra Falcomat\u00e0 e Minasi sui bus di Salvini - Radio Touring 104","description":"Nota del Sindaco reggino dopo il servizio tv di Piazzapulita; risposta piccata della Senatrice leghista","robots":{"index":"index","follow":"follow","max-snippet":"max-snippet:-1","max-image-preview":"max-image-preview:large","max-video-preview":"max-video-preview:-1"},"canonical":"https:\/\/progettotouring.it\/radiotouring104\/2025\/10\/19\/botta-e-risposta-tra-falcomata-e-minasi-sui-bus-di-salvini\/","og_locale":"it_IT","og_type":"article","og_title":"Botta e risposta tra Falcomat\u00e0 e Minasi sui bus di Salvini - Radio Touring 104","og_description":"Nota del Sindaco reggino dopo il servizio tv di Piazzapulita; risposta piccata della Senatrice leghista","og_url":"https:\/\/progettotouring.it\/radiotouring104\/2025\/10\/19\/botta-e-risposta-tra-falcomata-e-minasi-sui-bus-di-salvini\/","og_site_name":"Radio Touring 104","article_published_time":"2025-10-19T11:02:20+00:00","og_image":[{"width":2000,"height":1545,"url":"https:\/\/progettotouring.it\/radiotouring104\/wp-content\/uploads\/sites\/6\/2025\/10\/IMMAGINI-X-SITO-2025-10-19T130050.736.jpg","type":"image\/jpeg"}],"author":"S L","twitter_card":"summary_large_image","twitter_misc":{"Scritto da":"S L","Tempo di lettura stimato":"4 minuti"},"schema":{"@context":"https:\/\/schema.org","@graph":[{"@type":"Article","@id":"https:\/\/progettotouring.it\/radiotouring104\/2025\/10\/19\/botta-e-risposta-tra-falcomata-e-minasi-sui-bus-di-salvini\/#article","isPartOf":{"@id":"https:\/\/progettotouring.it\/radiotouring104\/2025\/10\/19\/botta-e-risposta-tra-falcomata-e-minasi-sui-bus-di-salvini\/"},"author":{"name":"S L","@id":"https:\/\/progettotouring.it\/radiotouring104\/#\/schema\/person\/b9f9c3730b0a78814c9b9f3bfc52c619"},"headline":"Botta e risposta tra Falcomat\u00e0 e Minasi sui bus di Salvini","datePublished":"2025-10-19T11:02:20+00:00","mainEntityOfPage":{"@id":"https:\/\/progettotouring.it\/radiotouring104\/2025\/10\/19\/botta-e-risposta-tra-falcomata-e-minasi-sui-bus-di-salvini\/"},"wordCount":821,"publisher":{"@id":"https:\/\/progettotouring.it\/radiotouring104\/#organization"},"image":{"@id":"https:\/\/progettotouring.it\/radiotouring104\/2025\/10\/19\/botta-e-risposta-tra-falcomata-e-minasi-sui-bus-di-salvini\/#primaryimage"},"thumbnailUrl":"https:\/\/progettotouring.it\/radiotouring104\/wp-content\/uploads\/sites\/6\/2025\/10\/IMMAGINI-X-SITO-2025-10-19T130050.736.jpg","articleSection":["Home","News","Reggio Calabria"],"inLanguage":"it-IT"},{"@type":"WebPage","@id":"https:\/\/progettotouring.it\/radiotouring104\/2025\/10\/19\/botta-e-risposta-tra-falcomata-e-minasi-sui-bus-di-salvini\/","url":"https:\/\/progettotouring.it\/radiotouring104\/2025\/10\/19\/botta-e-risposta-tra-falcomata-e-minasi-sui-bus-di-salvini\/","name":"Botta e risposta tra Falcomat\u00e0 e Minasi sui bus di Salvini - Radio Touring 104","isPartOf":{"@id":"https:\/\/progettotouring.it\/radiotouring104\/#website"},"primaryImageOfPage":{"@id":"https:\/\/progettotouring.it\/radiotouring104\/2025\/10\/19\/botta-e-risposta-tra-falcomata-e-minasi-sui-bus-di-salvini\/#primaryimage"},"image":{"@id":"https:\/\/progettotouring.it\/radiotouring104\/2025\/10\/19\/botta-e-risposta-tra-falcomata-e-minasi-sui-bus-di-salvini\/#primaryimage"},"thumbnailUrl":"https:\/\/progettotouring.it\/radiotouring104\/wp-content\/uploads\/sites\/6\/2025\/10\/IMMAGINI-X-SITO-2025-10-19T130050.736.jpg","datePublished":"2025-10-19T11:02:20+00:00","description":"Nota del Sindaco reggino dopo il servizio tv di Piazzapulita; risposta piccata della Senatrice leghista","breadcrumb":{"@id":"https:\/\/progettotouring.it\/radiotouring104\/2025\/10\/19\/botta-e-risposta-tra-falcomata-e-minasi-sui-bus-di-salvini\/#breadcrumb"},"inLanguage":"it-IT","potentialAction":[{"@type":"ReadAction","target":["https:\/\/progettotouring.it\/radiotouring104\/2025\/10\/19\/botta-e-risposta-tra-falcomata-e-minasi-sui-bus-di-salvini\/"]}]},{"@type":"ImageObject","inLanguage":"it-IT","@id":"https:\/\/progettotouring.it\/radiotouring104\/2025\/10\/19\/botta-e-risposta-tra-falcomata-e-minasi-sui-bus-di-salvini\/#primaryimage","url":"https:\/\/progettotouring.it\/radiotouring104\/wp-content\/uploads\/sites\/6\/2025\/10\/IMMAGINI-X-SITO-2025-10-19T130050.736.jpg","contentUrl":"https:\/\/progettotouring.it\/radiotouring104\/wp-content\/uploads\/sites\/6\/2025\/10\/IMMAGINI-X-SITO-2025-10-19T130050.736.jpg","width":2000,"height":1545},{"@type":"BreadcrumbList","@id":"https:\/\/progettotouring.it\/radiotouring104\/2025\/10\/19\/botta-e-risposta-tra-falcomata-e-minasi-sui-bus-di-salvini\/#breadcrumb","itemListElement":[{"@type":"ListItem","position":1,"name":"Home","item":"https:\/\/progettotouring.it\/radiotouring104\/"},{"@type":"ListItem","position":2,"name":"Botta e risposta tra Falcomat\u00e0 e Minasi sui bus di Salvini"}]},{"@type":"WebSite","@id":"https:\/\/progettotouring.it\/radiotouring104\/#website","url":"https:\/\/progettotouring.it\/radiotouring104\/","name":"Radio Touring 104","description":"La prima radio Reggina","publisher":{"@id":"https:\/\/progettotouring.it\/radiotouring104\/#organization"},"potentialAction":[{"@type":"SearchAction","target":{"@type":"EntryPoint","urlTemplate":"https:\/\/progettotouring.it\/radiotouring104\/?s={search_term_string}"},"query-input":{"@type":"PropertyValueSpecification","valueRequired":true,"valueName":"search_term_string"}}],"inLanguage":"it-IT"},{"@type":"Organization","@id":"https:\/\/progettotouring.it\/radiotouring104\/#organization","name":"Radio Touring 104","url":"https:\/\/progettotouring.it\/radiotouring104\/","logo":{"@type":"ImageObject","inLanguage":"it-IT","@id":"https:\/\/progettotouring.it\/radiotouring104\/#\/schema\/logo\/image\/","url":"https:\/\/progettotouring.it\/radiotouring104\/wp-content\/uploads\/sites\/6\/2022\/02\/cropped-logo-radio-touring-104.png","contentUrl":"https:\/\/progettotouring.it\/radiotouring104\/wp-content\/uploads\/sites\/6\/2022\/02\/cropped-logo-radio-touring-104.png","width":377,"height":182,"caption":"Radio Touring 104"},"image":{"@id":"https:\/\/progettotouring.it\/radiotouring104\/#\/schema\/logo\/image\/"}},{"@type":"Person","@id":"https:\/\/progettotouring.it\/radiotouring104\/#\/schema\/person\/b9f9c3730b0a78814c9b9f3bfc52c619","name":"S L","image":{"@type":"ImageObject","inLanguage":"it-IT","@id":"https:\/\/secure.gravatar.com\/avatar\/652c51789d7030aaed9ff828331360502a68204fe6fb0831bc280515210e16d2?s=96&d=mm&r=g","url":"https:\/\/secure.gravatar.com\/avatar\/652c51789d7030aaed9ff828331360502a68204fe6fb0831bc280515210e16d2?s=96&d=mm&r=g","contentUrl":"https:\/\/secure.gravatar.com\/avatar\/652c51789d7030aaed9ff828331360502a68204fe6fb0831bc280515210e16d2?s=96&d=mm&r=g","caption":"S L"},"url":"https:\/\/progettotouring.it\/radiotouring104\/author\/slibri\/"}]}},"jetpack_publicize_connections":[],"jetpack_featured_media_url":"https:\/\/progettotouring.it\/radiotouring104\/wp-content\/uploads\/sites\/6\/2025\/10\/IMMAGINI-X-SITO-2025-10-19T130050.736.jpg","jetpack_sharing_enabled":true,"_links":{"self":[{"href":"https:\/\/progettotouring.it\/radiotouring104\/wp-json\/wp\/v2\/posts\/84271","targetHints":{"allow":["GET"]}}],"collection":[{"href":"https:\/\/progettotouring.it\/radiotouring104\/wp-json\/wp\/v2\/posts"}],"about":[{"href":"https:\/\/progettotouring.it\/radiotouring104\/wp-json\/wp\/v2\/types\/post"}],"author":[{"embeddable":true,"href":"https:\/\/progettotouring.it\/radiotouring104\/wp-json\/wp\/v2\/users\/19"}],"replies":[{"embeddable":true,"href":"https:\/\/progettotouring.it\/radiotouring104\/wp-json\/wp\/v2\/comments?post=84271"}],"version-history":[{"count":3,"href":"https:\/\/progettotouring.it\/radiotouring104\/wp-json\/wp\/v2\/posts\/84271\/revisions"}],"predecessor-version":[{"id":84275,"href":"https:\/\/progettotouring.it\/radiotouring104\/wp-json\/wp\/v2\/posts\/84271\/revisions\/84275"}],"wp:featuredmedia":[{"embeddable":true,"href":"https:\/\/progettotouring.it\/radiotouring104\/wp-json\/wp\/v2\/media\/84273"}],"wp:attachment":[{"href":"https:\/\/progettotouring.it\/radiotouring104\/wp-json\/wp\/v2\/media?parent=84271"}],"wp:term":[{"taxonomy":"category","embeddable":true,"href":"https:\/\/progettotouring.it\/radiotouring104\/wp-json\/wp\/v2\/categories?post=84271"},{"taxonomy":"post_tag","embeddable":true,"href":"https:\/\/progettotouring.it\/radiotouring104\/wp-json\/wp\/v2\/tags?post=84271"}],"curies":[{"name":"wp","href":"https:\/\/api.w.org\/{rel}","templated":true}]}}