{"id":84343,"date":"2025-10-20T10:03:41","date_gmt":"2025-10-20T08:03:41","guid":{"rendered":"https:\/\/progettotouring.it\/radiotouring104\/?p=84343"},"modified":"2025-10-20T12:59:02","modified_gmt":"2025-10-20T10:59:02","slug":"successo-a-mosorrofa-per-la-rievocazione-storica-di-san-demetrio","status":"publish","type":"post","link":"https:\/\/progettotouring.it\/radiotouring104\/2025\/10\/20\/successo-a-mosorrofa-per-la-rievocazione-storica-di-san-demetrio\/","title":{"rendered":"Successo a Mosorrofa per la rievocazione storica di San Demetrio"},"content":{"rendered":"<p>In un sabato dal tempo instabile \u00e8 ritornata quest\u2019anno la rievocazione storica di Mosorrofa. La festa di San Demetrio al tempo dei Borboni, rivivere la storia per capire il presente, Autore, regista e anima della messa inscena il giovane prof. Paolo Cotrupi. \u00a0\u201cPartecipare non \u00e8 soltanto rivivere un\u2019epoca: \u00e8 riscoprire una parte viva e autentica della nostra identit\u00e0. Tra uniformi d\u2019altri tempi, melodie, suoni, artigiani e sapori che profumano di tradizione, Mosorrofa torna a splendere per qualche giorno, ricordandoci la grandezza di un paese antico, ricco di cultura, arte e ingegno popolare\u201d \u00e8 l\u2019autore a spronare alla partecipazione tutto il paese.<\/p>\n<p>La rievocazione ci riporta quest\u2019anno al periodo borbonico, nel cuore dell\u2019Ottocento, quando Napoli era tra le capitali pi\u00f9 vivaci d\u2019Europa, e le citt\u00e0 del sud erano animate da una fiera dignit\u00e0 e da una raffinata eleganza. La gloriosa citt\u00e0 di Sant\u2019Agata non esisteva pi\u00f9, al suo posto era nato il comune di Sant\u2019Agata in Cataforio che cercava di mantenere viva l\u2019antica storia della valle.<\/p>\n<p>Con una partecipazione corale si \u00e8 resa presente la festa di san Demetrio durante il Regno delle Due Sicilie, ambientando in questo periodo la leggenda della cera, tanto conosciuta dai nostri anziani. \u201cSi racconta che, avvicinandosi la festa patronale, mancasse la cera per illuminare a festa l\u2019altare del Santo. Non si sa bene per quale motivo, ma pare che nessuno volesse recarsi a Reggio per acquistarla. Si decise allora di affidarsi al destino: \u201cIl primo che uscir\u00e0 dalla porta della chiesa, dovr\u00e0 andare in citt\u00e0 a prendere la cera per il santo.\u201d Ad uscire fu un povero vecchio, malconcio e claudicante. Da uomo devoto, accett\u00f2 la sorte senza esitazione, prese la sua <em>bertula<\/em> e si mise in cammino. Giunto al Calvario, gli si fece incontro un uomo a cavallo, che con gentilezza si offr\u00ec di accompagnarlo fino a Reggio. Quando arrivarono nei pressi della chiesa di San Giorgio, il giovane fece scendere l\u2019anziano e scomparve all\u2019improvviso. L\u2019uomo acquist\u00f2 la cera e prese la via del ritorno, ma poco dopo, gli venne nuovamente incontro lo stesso giovane, che con la stessa cortesia si offr\u00ec di riaccompagnarlo. Giunti di nuovo al Calvario del paese, il misterioso cavaliere si scus\u00f2 dicendo che non poteva andare oltre e poi svan\u00ec nel nulla. Il vecchio prosegu\u00ec da solo fino alla piazza antistante la chiesa, l\u00ec ritrov\u00f2 la gente che aveva lasciato poco prima: tanto breve era sembrato il suo viaggio, che nessuno riusciva a credere fosse davvero stato a in citt\u00e0. Lo stupore fu grande, e nessuno sapeva spiegare l\u2019accaduto. Fu allora che il sacerdote dell\u2019epoca rivel\u00f2 l\u2019arcano: quel giovane cavaliere altro non era che <strong>San Demetrio<\/strong>, disceso dal cielo per aiutare il suo devoto popolo di Mosorrofa. Il patrono aveva dato a tutti una bella lezione.\u201d<\/p>\n<p>Questa la leggenda della cera, una storia che fa parte del vasto patrimonio immateriale di Mosorrofa e rievocandola tentiamo di mantenere vivo il ricordo dei nostri padri che la tramandavano e l\u2019orgoglio di una comunit\u00e0 antica che in storie come questa ha costruito la propria identit\u00e0. Dice ancora Cotrupi \u201crievocare \u00e8 un invito a guardare al passato con orgoglio, per ritrovare nel presente la forza delle nostre radici. L\u2019abbiamo fatto non come semplici spettatori, ma come custodi di una storia che merita di essere raccontata ancora\u201d. Da segnalare la partecipazione di tutta la vallata del Sant\u2019Agata, da Cataforio a San Salvatore a Cannav\u00f2. La rievocazione \u00e8 partita dalla antica chiesa di San Demetrio oggi sala parrocchiale A. Caridi e attraverso le vie del paese \u00e8 arrivata all\u2019attuale chiesa di San Demetrio. Degni di nota i tanti figuranti con costume d\u2019epoca e tra tutti spicca il San Demetrio a cavallo che ha trasmesso agli intervenuti una particolare emozione. Qualche vecchietta, piangendo, commentava \u201cSan Demetrio \u00e8 sempre stato in mezzo a noi\u201d.<\/p>\n<p>Nella stessa serata \u00e8 tornata, dopo tanti anni, anche la Sagra del Fungo proposta, diretta e coordinata da Sebastiano Cutrupi, micologo e anche abile panificatore. Hanno arricchito la piazza anche dei chioschetti di Apicoltori, Produttori di vino, una mostra di funghi e non potevano mancare le caldarroste.<\/p>\n<p>Una serata vissuta nella gioia, nella concordia, nella spensieratezza ma soprattutto nella cooperazione dimostrando ancora una volta che insieme si pu\u00f2 fare tanto. Mosorrofa e tutti i borghi periferici di Reggio Calabria che hanno storie da raccontare e vissuto da condividere chiedono di non essere dimenticati. Lo spopolamento che si sta vivendo rischia di far scomparire la ricchezza di millenarie tradizioni.<\/p>\n","protected":false},"excerpt":{"rendered":"<p>In un sabato dal tempo instabile \u00e8 ritornata quest\u2019anno la rievocazione storica di Mosorrofa. La festa di San Demetrio al tempo dei Borboni, rivivere la storia per capire il presente,&hellip;<\/p>\n","protected":false},"author":5,"featured_media":84345,"comment_status":"closed","ping_status":"open","sticky":false,"template":"","format":"standard","meta":{"_jetpack_memberships_contains_paid_content":false,"footnotes":"","jetpack_publicize_message":"","jetpack_publicize_feature_enabled":true,"jetpack_social_post_already_shared":true,"jetpack_social_options":{"image_generator_settings":{"template":"highway","default_image_id":0,"font":"","enabled":false},"version":2}},"categories":[921,196,140],"tags":[2686,3029,3027,48201,48453],"class_list":["post-84343","post","type-post","status-publish","format-standard","has-post-thumbnail","hentry","category-home","category-news","category-reggio-calabria","tag-mosorrofa","tag-paolo-cutrupi","tag-pasquale-andidero","tag-rievocazione-di-san-demetrio","tag-sagra-del-fungo"],"yoast_head":"<!-- This site is optimized with the Yoast SEO plugin v27.2 - https:\/\/yoast.com\/product\/yoast-seo-wordpress\/ -->\n<title>Successo a Mosorrofa per la rievocazione storica di San Demetrio - Radio Touring 104<\/title>\n<meta name=\"description\" content=\"Autore e anima della messa inscena il prof. Paolo Cotrupi. La sagra del fungo, in serata, dopo anni, ha completato la giornata di festa\" \/>\n<meta name=\"robots\" content=\"index, follow, max-snippet:-1, max-image-preview:large, max-video-preview:-1\" \/>\n<link rel=\"canonical\" href=\"https:\/\/progettotouring.it\/radiotouring104\/2025\/10\/20\/successo-a-mosorrofa-per-la-rievocazione-storica-di-san-demetrio\/\" \/>\n<meta property=\"og:locale\" content=\"it_IT\" \/>\n<meta property=\"og:type\" content=\"article\" \/>\n<meta property=\"og:title\" content=\"Successo a Mosorrofa per la rievocazione storica di San Demetrio - Radio Touring 104\" \/>\n<meta property=\"og:description\" content=\"Autore e anima della messa inscena il prof. Paolo Cotrupi. La sagra del fungo, in serata, dopo anni, ha completato la giornata di festa\" \/>\n<meta property=\"og:url\" content=\"https:\/\/progettotouring.it\/radiotouring104\/2025\/10\/20\/successo-a-mosorrofa-per-la-rievocazione-storica-di-san-demetrio\/\" \/>\n<meta property=\"og:site_name\" content=\"Radio Touring 104\" \/>\n<meta property=\"article:published_time\" content=\"2025-10-20T08:03:41+00:00\" \/>\n<meta property=\"article:modified_time\" content=\"2025-10-20T10:59:02+00:00\" \/>\n<meta property=\"og:image\" content=\"https:\/\/progettotouring.it\/radiotouring104\/wp-content\/uploads\/sites\/6\/2025\/10\/Rievocazione-storica-parrocchia-San-Demetrio.jpeg\" \/>\n\t<meta property=\"og:image:width\" content=\"1600\" \/>\n\t<meta property=\"og:image:height\" content=\"1201\" \/>\n\t<meta property=\"og:image:type\" content=\"image\/jpeg\" \/>\n<meta name=\"author\" content=\"redazione\" \/>\n<meta name=\"twitter:card\" content=\"summary_large_image\" \/>\n<meta name=\"twitter:label1\" content=\"Scritto da\" \/>\n\t<meta name=\"twitter:data1\" content=\"redazione\" \/>\n\t<meta name=\"twitter:label2\" content=\"Tempo di lettura stimato\" \/>\n\t<meta name=\"twitter:data2\" content=\"4 minuti\" \/>\n<script type=\"application\/ld+json\" class=\"yoast-schema-graph\">{\"@context\":\"https:\/\/schema.org\",\"@graph\":[{\"@type\":\"Article\",\"@id\":\"https:\/\/progettotouring.it\/radiotouring104\/2025\/10\/20\/successo-a-mosorrofa-per-la-rievocazione-storica-di-san-demetrio\/#article\",\"isPartOf\":{\"@id\":\"https:\/\/progettotouring.it\/radiotouring104\/2025\/10\/20\/successo-a-mosorrofa-per-la-rievocazione-storica-di-san-demetrio\/\"},\"author\":{\"name\":\"redazione\",\"@id\":\"https:\/\/progettotouring.it\/radiotouring104\/#\/schema\/person\/1b3eb3c07c47136bc44c785c543e635f\"},\"headline\":\"Successo a Mosorrofa per la rievocazione storica di San Demetrio\",\"datePublished\":\"2025-10-20T08:03:41+00:00\",\"dateModified\":\"2025-10-20T10:59:02+00:00\",\"mainEntityOfPage\":{\"@id\":\"https:\/\/progettotouring.it\/radiotouring104\/2025\/10\/20\/successo-a-mosorrofa-per-la-rievocazione-storica-di-san-demetrio\/\"},\"wordCount\":757,\"publisher\":{\"@id\":\"https:\/\/progettotouring.it\/radiotouring104\/#organization\"},\"image\":{\"@id\":\"https:\/\/progettotouring.it\/radiotouring104\/2025\/10\/20\/successo-a-mosorrofa-per-la-rievocazione-storica-di-san-demetrio\/#primaryimage\"},\"thumbnailUrl\":\"https:\/\/progettotouring.it\/radiotouring104\/wp-content\/uploads\/sites\/6\/2025\/10\/Rievocazione-storica-parrocchia-San-Demetrio.jpeg\",\"keywords\":[\"mosorrofa\",\"paolo cutrupi\",\"pasquale andidero\",\"rievocazione di San Demetrio\",\"sagra del fungo\"],\"articleSection\":[\"Home\",\"News\",\"Reggio Calabria\"],\"inLanguage\":\"it-IT\"},{\"@type\":\"WebPage\",\"@id\":\"https:\/\/progettotouring.it\/radiotouring104\/2025\/10\/20\/successo-a-mosorrofa-per-la-rievocazione-storica-di-san-demetrio\/\",\"url\":\"https:\/\/progettotouring.it\/radiotouring104\/2025\/10\/20\/successo-a-mosorrofa-per-la-rievocazione-storica-di-san-demetrio\/\",\"name\":\"Successo a Mosorrofa per la rievocazione storica di San Demetrio - Radio Touring 104\",\"isPartOf\":{\"@id\":\"https:\/\/progettotouring.it\/radiotouring104\/#website\"},\"primaryImageOfPage\":{\"@id\":\"https:\/\/progettotouring.it\/radiotouring104\/2025\/10\/20\/successo-a-mosorrofa-per-la-rievocazione-storica-di-san-demetrio\/#primaryimage\"},\"image\":{\"@id\":\"https:\/\/progettotouring.it\/radiotouring104\/2025\/10\/20\/successo-a-mosorrofa-per-la-rievocazione-storica-di-san-demetrio\/#primaryimage\"},\"thumbnailUrl\":\"https:\/\/progettotouring.it\/radiotouring104\/wp-content\/uploads\/sites\/6\/2025\/10\/Rievocazione-storica-parrocchia-San-Demetrio.jpeg\",\"datePublished\":\"2025-10-20T08:03:41+00:00\",\"dateModified\":\"2025-10-20T10:59:02+00:00\",\"description\":\"Autore e anima della messa inscena il prof. Paolo Cotrupi. La sagra del fungo, in serata, dopo anni, ha completato la giornata di festa\",\"breadcrumb\":{\"@id\":\"https:\/\/progettotouring.it\/radiotouring104\/2025\/10\/20\/successo-a-mosorrofa-per-la-rievocazione-storica-di-san-demetrio\/#breadcrumb\"},\"inLanguage\":\"it-IT\",\"potentialAction\":[{\"@type\":\"ReadAction\",\"target\":[\"https:\/\/progettotouring.it\/radiotouring104\/2025\/10\/20\/successo-a-mosorrofa-per-la-rievocazione-storica-di-san-demetrio\/\"]}]},{\"@type\":\"ImageObject\",\"inLanguage\":\"it-IT\",\"@id\":\"https:\/\/progettotouring.it\/radiotouring104\/2025\/10\/20\/successo-a-mosorrofa-per-la-rievocazione-storica-di-san-demetrio\/#primaryimage\",\"url\":\"https:\/\/progettotouring.it\/radiotouring104\/wp-content\/uploads\/sites\/6\/2025\/10\/Rievocazione-storica-parrocchia-San-Demetrio.jpeg\",\"contentUrl\":\"https:\/\/progettotouring.it\/radiotouring104\/wp-content\/uploads\/sites\/6\/2025\/10\/Rievocazione-storica-parrocchia-San-Demetrio.jpeg\",\"width\":1600,\"height\":1201},{\"@type\":\"BreadcrumbList\",\"@id\":\"https:\/\/progettotouring.it\/radiotouring104\/2025\/10\/20\/successo-a-mosorrofa-per-la-rievocazione-storica-di-san-demetrio\/#breadcrumb\",\"itemListElement\":[{\"@type\":\"ListItem\",\"position\":1,\"name\":\"Home\",\"item\":\"https:\/\/progettotouring.it\/radiotouring104\/\"},{\"@type\":\"ListItem\",\"position\":2,\"name\":\"Successo a Mosorrofa per la rievocazione storica di San Demetrio\"}]},{\"@type\":\"WebSite\",\"@id\":\"https:\/\/progettotouring.it\/radiotouring104\/#website\",\"url\":\"https:\/\/progettotouring.it\/radiotouring104\/\",\"name\":\"Radio Touring 104\",\"description\":\"La prima radio Reggina\",\"publisher\":{\"@id\":\"https:\/\/progettotouring.it\/radiotouring104\/#organization\"},\"potentialAction\":[{\"@type\":\"SearchAction\",\"target\":{\"@type\":\"EntryPoint\",\"urlTemplate\":\"https:\/\/progettotouring.it\/radiotouring104\/?s={search_term_string}\"},\"query-input\":{\"@type\":\"PropertyValueSpecification\",\"valueRequired\":true,\"valueName\":\"search_term_string\"}}],\"inLanguage\":\"it-IT\"},{\"@type\":\"Organization\",\"@id\":\"https:\/\/progettotouring.it\/radiotouring104\/#organization\",\"name\":\"Radio Touring 104\",\"url\":\"https:\/\/progettotouring.it\/radiotouring104\/\",\"logo\":{\"@type\":\"ImageObject\",\"inLanguage\":\"it-IT\",\"@id\":\"https:\/\/progettotouring.it\/radiotouring104\/#\/schema\/logo\/image\/\",\"url\":\"https:\/\/progettotouring.it\/radiotouring104\/wp-content\/uploads\/sites\/6\/2022\/02\/cropped-logo-radio-touring-104.png\",\"contentUrl\":\"https:\/\/progettotouring.it\/radiotouring104\/wp-content\/uploads\/sites\/6\/2022\/02\/cropped-logo-radio-touring-104.png\",\"width\":377,\"height\":182,\"caption\":\"Radio Touring 104\"},\"image\":{\"@id\":\"https:\/\/progettotouring.it\/radiotouring104\/#\/schema\/logo\/image\/\"}},{\"@type\":\"Person\",\"@id\":\"https:\/\/progettotouring.it\/radiotouring104\/#\/schema\/person\/1b3eb3c07c47136bc44c785c543e635f\",\"name\":\"redazione\",\"image\":{\"@type\":\"ImageObject\",\"inLanguage\":\"it-IT\",\"@id\":\"https:\/\/secure.gravatar.com\/avatar\/0b31605b49f100769e8b624b3e05de1b73e1692e9568a352f60f53fd072e6e11?s=96&d=mm&r=g\",\"url\":\"https:\/\/secure.gravatar.com\/avatar\/0b31605b49f100769e8b624b3e05de1b73e1692e9568a352f60f53fd072e6e11?s=96&d=mm&r=g\",\"contentUrl\":\"https:\/\/secure.gravatar.com\/avatar\/0b31605b49f100769e8b624b3e05de1b73e1692e9568a352f60f53fd072e6e11?s=96&d=mm&r=g\",\"caption\":\"redazione\"},\"url\":\"https:\/\/progettotouring.it\/radiotouring104\/author\/redazione\/\"}]}<\/script>\n<!-- \/ Yoast SEO plugin. -->","yoast_head_json":{"title":"Successo a Mosorrofa per la rievocazione storica di San Demetrio - Radio Touring 104","description":"Autore e anima della messa inscena il prof. Paolo Cotrupi. La sagra del fungo, in serata, dopo anni, ha completato la giornata di festa","robots":{"index":"index","follow":"follow","max-snippet":"max-snippet:-1","max-image-preview":"max-image-preview:large","max-video-preview":"max-video-preview:-1"},"canonical":"https:\/\/progettotouring.it\/radiotouring104\/2025\/10\/20\/successo-a-mosorrofa-per-la-rievocazione-storica-di-san-demetrio\/","og_locale":"it_IT","og_type":"article","og_title":"Successo a Mosorrofa per la rievocazione storica di San Demetrio - Radio Touring 104","og_description":"Autore e anima della messa inscena il prof. Paolo Cotrupi. La sagra del fungo, in serata, dopo anni, ha completato la giornata di festa","og_url":"https:\/\/progettotouring.it\/radiotouring104\/2025\/10\/20\/successo-a-mosorrofa-per-la-rievocazione-storica-di-san-demetrio\/","og_site_name":"Radio Touring 104","article_published_time":"2025-10-20T08:03:41+00:00","article_modified_time":"2025-10-20T10:59:02+00:00","og_image":[{"width":1600,"height":1201,"url":"https:\/\/progettotouring.it\/radiotouring104\/wp-content\/uploads\/sites\/6\/2025\/10\/Rievocazione-storica-parrocchia-San-Demetrio.jpeg","type":"image\/jpeg"}],"author":"redazione","twitter_card":"summary_large_image","twitter_misc":{"Scritto da":"redazione","Tempo di lettura stimato":"4 minuti"},"schema":{"@context":"https:\/\/schema.org","@graph":[{"@type":"Article","@id":"https:\/\/progettotouring.it\/radiotouring104\/2025\/10\/20\/successo-a-mosorrofa-per-la-rievocazione-storica-di-san-demetrio\/#article","isPartOf":{"@id":"https:\/\/progettotouring.it\/radiotouring104\/2025\/10\/20\/successo-a-mosorrofa-per-la-rievocazione-storica-di-san-demetrio\/"},"author":{"name":"redazione","@id":"https:\/\/progettotouring.it\/radiotouring104\/#\/schema\/person\/1b3eb3c07c47136bc44c785c543e635f"},"headline":"Successo a Mosorrofa per la rievocazione storica di San Demetrio","datePublished":"2025-10-20T08:03:41+00:00","dateModified":"2025-10-20T10:59:02+00:00","mainEntityOfPage":{"@id":"https:\/\/progettotouring.it\/radiotouring104\/2025\/10\/20\/successo-a-mosorrofa-per-la-rievocazione-storica-di-san-demetrio\/"},"wordCount":757,"publisher":{"@id":"https:\/\/progettotouring.it\/radiotouring104\/#organization"},"image":{"@id":"https:\/\/progettotouring.it\/radiotouring104\/2025\/10\/20\/successo-a-mosorrofa-per-la-rievocazione-storica-di-san-demetrio\/#primaryimage"},"thumbnailUrl":"https:\/\/progettotouring.it\/radiotouring104\/wp-content\/uploads\/sites\/6\/2025\/10\/Rievocazione-storica-parrocchia-San-Demetrio.jpeg","keywords":["mosorrofa","paolo cutrupi","pasquale andidero","rievocazione di San Demetrio","sagra del fungo"],"articleSection":["Home","News","Reggio Calabria"],"inLanguage":"it-IT"},{"@type":"WebPage","@id":"https:\/\/progettotouring.it\/radiotouring104\/2025\/10\/20\/successo-a-mosorrofa-per-la-rievocazione-storica-di-san-demetrio\/","url":"https:\/\/progettotouring.it\/radiotouring104\/2025\/10\/20\/successo-a-mosorrofa-per-la-rievocazione-storica-di-san-demetrio\/","name":"Successo a Mosorrofa per la rievocazione storica di San Demetrio - Radio Touring 104","isPartOf":{"@id":"https:\/\/progettotouring.it\/radiotouring104\/#website"},"primaryImageOfPage":{"@id":"https:\/\/progettotouring.it\/radiotouring104\/2025\/10\/20\/successo-a-mosorrofa-per-la-rievocazione-storica-di-san-demetrio\/#primaryimage"},"image":{"@id":"https:\/\/progettotouring.it\/radiotouring104\/2025\/10\/20\/successo-a-mosorrofa-per-la-rievocazione-storica-di-san-demetrio\/#primaryimage"},"thumbnailUrl":"https:\/\/progettotouring.it\/radiotouring104\/wp-content\/uploads\/sites\/6\/2025\/10\/Rievocazione-storica-parrocchia-San-Demetrio.jpeg","datePublished":"2025-10-20T08:03:41+00:00","dateModified":"2025-10-20T10:59:02+00:00","description":"Autore e anima della messa inscena il prof. Paolo Cotrupi. La sagra del fungo, in serata, dopo anni, ha completato la giornata di festa","breadcrumb":{"@id":"https:\/\/progettotouring.it\/radiotouring104\/2025\/10\/20\/successo-a-mosorrofa-per-la-rievocazione-storica-di-san-demetrio\/#breadcrumb"},"inLanguage":"it-IT","potentialAction":[{"@type":"ReadAction","target":["https:\/\/progettotouring.it\/radiotouring104\/2025\/10\/20\/successo-a-mosorrofa-per-la-rievocazione-storica-di-san-demetrio\/"]}]},{"@type":"ImageObject","inLanguage":"it-IT","@id":"https:\/\/progettotouring.it\/radiotouring104\/2025\/10\/20\/successo-a-mosorrofa-per-la-rievocazione-storica-di-san-demetrio\/#primaryimage","url":"https:\/\/progettotouring.it\/radiotouring104\/wp-content\/uploads\/sites\/6\/2025\/10\/Rievocazione-storica-parrocchia-San-Demetrio.jpeg","contentUrl":"https:\/\/progettotouring.it\/radiotouring104\/wp-content\/uploads\/sites\/6\/2025\/10\/Rievocazione-storica-parrocchia-San-Demetrio.jpeg","width":1600,"height":1201},{"@type":"BreadcrumbList","@id":"https:\/\/progettotouring.it\/radiotouring104\/2025\/10\/20\/successo-a-mosorrofa-per-la-rievocazione-storica-di-san-demetrio\/#breadcrumb","itemListElement":[{"@type":"ListItem","position":1,"name":"Home","item":"https:\/\/progettotouring.it\/radiotouring104\/"},{"@type":"ListItem","position":2,"name":"Successo a Mosorrofa per la rievocazione storica di San Demetrio"}]},{"@type":"WebSite","@id":"https:\/\/progettotouring.it\/radiotouring104\/#website","url":"https:\/\/progettotouring.it\/radiotouring104\/","name":"Radio Touring 104","description":"La prima radio Reggina","publisher":{"@id":"https:\/\/progettotouring.it\/radiotouring104\/#organization"},"potentialAction":[{"@type":"SearchAction","target":{"@type":"EntryPoint","urlTemplate":"https:\/\/progettotouring.it\/radiotouring104\/?s={search_term_string}"},"query-input":{"@type":"PropertyValueSpecification","valueRequired":true,"valueName":"search_term_string"}}],"inLanguage":"it-IT"},{"@type":"Organization","@id":"https:\/\/progettotouring.it\/radiotouring104\/#organization","name":"Radio Touring 104","url":"https:\/\/progettotouring.it\/radiotouring104\/","logo":{"@type":"ImageObject","inLanguage":"it-IT","@id":"https:\/\/progettotouring.it\/radiotouring104\/#\/schema\/logo\/image\/","url":"https:\/\/progettotouring.it\/radiotouring104\/wp-content\/uploads\/sites\/6\/2022\/02\/cropped-logo-radio-touring-104.png","contentUrl":"https:\/\/progettotouring.it\/radiotouring104\/wp-content\/uploads\/sites\/6\/2022\/02\/cropped-logo-radio-touring-104.png","width":377,"height":182,"caption":"Radio Touring 104"},"image":{"@id":"https:\/\/progettotouring.it\/radiotouring104\/#\/schema\/logo\/image\/"}},{"@type":"Person","@id":"https:\/\/progettotouring.it\/radiotouring104\/#\/schema\/person\/1b3eb3c07c47136bc44c785c543e635f","name":"redazione","image":{"@type":"ImageObject","inLanguage":"it-IT","@id":"https:\/\/secure.gravatar.com\/avatar\/0b31605b49f100769e8b624b3e05de1b73e1692e9568a352f60f53fd072e6e11?s=96&d=mm&r=g","url":"https:\/\/secure.gravatar.com\/avatar\/0b31605b49f100769e8b624b3e05de1b73e1692e9568a352f60f53fd072e6e11?s=96&d=mm&r=g","contentUrl":"https:\/\/secure.gravatar.com\/avatar\/0b31605b49f100769e8b624b3e05de1b73e1692e9568a352f60f53fd072e6e11?s=96&d=mm&r=g","caption":"redazione"},"url":"https:\/\/progettotouring.it\/radiotouring104\/author\/redazione\/"}]}},"jetpack_publicize_connections":[],"jetpack_featured_media_url":"https:\/\/progettotouring.it\/radiotouring104\/wp-content\/uploads\/sites\/6\/2025\/10\/Rievocazione-storica-parrocchia-San-Demetrio.jpeg","jetpack_sharing_enabled":true,"_links":{"self":[{"href":"https:\/\/progettotouring.it\/radiotouring104\/wp-json\/wp\/v2\/posts\/84343","targetHints":{"allow":["GET"]}}],"collection":[{"href":"https:\/\/progettotouring.it\/radiotouring104\/wp-json\/wp\/v2\/posts"}],"about":[{"href":"https:\/\/progettotouring.it\/radiotouring104\/wp-json\/wp\/v2\/types\/post"}],"author":[{"embeddable":true,"href":"https:\/\/progettotouring.it\/radiotouring104\/wp-json\/wp\/v2\/users\/5"}],"replies":[{"embeddable":true,"href":"https:\/\/progettotouring.it\/radiotouring104\/wp-json\/wp\/v2\/comments?post=84343"}],"version-history":[{"count":1,"href":"https:\/\/progettotouring.it\/radiotouring104\/wp-json\/wp\/v2\/posts\/84343\/revisions"}],"predecessor-version":[{"id":84347,"href":"https:\/\/progettotouring.it\/radiotouring104\/wp-json\/wp\/v2\/posts\/84343\/revisions\/84347"}],"wp:featuredmedia":[{"embeddable":true,"href":"https:\/\/progettotouring.it\/radiotouring104\/wp-json\/wp\/v2\/media\/84345"}],"wp:attachment":[{"href":"https:\/\/progettotouring.it\/radiotouring104\/wp-json\/wp\/v2\/media?parent=84343"}],"wp:term":[{"taxonomy":"category","embeddable":true,"href":"https:\/\/progettotouring.it\/radiotouring104\/wp-json\/wp\/v2\/categories?post=84343"},{"taxonomy":"post_tag","embeddable":true,"href":"https:\/\/progettotouring.it\/radiotouring104\/wp-json\/wp\/v2\/tags?post=84343"}],"curies":[{"name":"wp","href":"https:\/\/api.w.org\/{rel}","templated":true}]}}