{"id":84351,"date":"2025-10-20T10:34:11","date_gmt":"2025-10-20T08:34:11","guid":{"rendered":"https:\/\/progettotouring.it\/radiotouring104\/?p=84351"},"modified":"2025-10-20T12:58:43","modified_gmt":"2025-10-20T10:58:43","slug":"il-gruppo-folklorico-citta-di-lazzaro-protagonista-alla-trasmissione-di-rai2-bella-di-ma","status":"publish","type":"post","link":"https:\/\/progettotouring.it\/radiotouring104\/2025\/10\/20\/il-gruppo-folklorico-citta-di-lazzaro-protagonista-alla-trasmissione-di-rai2-bella-di-ma\/","title":{"rendered":"Il Gruppo Folklorico &#8220;Citt\u00e0 di Lazzaro&#8221; protagonista alla trasmissione di RAI2 &#8220;Bella di M\u00e0&#8221;"},"content":{"rendered":"<p><em>Calabrisella<\/em>, Rino Gaetano e le riprese sul <em>Lungomare<\/em> <em>Falcomat\u00e0,<\/em> hanno fatto da sfondo alla puntata di <em>Bella Ma,<\/em> talent show di Rai2 andato in onda nel pomeriggio del 17\/10\/2025. Ospite presente in studio, il <em>Gruppo Folklorico Citt\u00e0 di Lazzaro<\/em> del comune reggino di Motta San Giovanni, esibitosi sulle note dell\u2019inno di tutti i calabresi e abilmente interpretato da Manuela Villa. La coppia, composta rispettivamente da Giuseppe Crea e Claudia sua figlia, ha fedelmente rispettato il format ideato e condotto da Pierluigi Diaco. Il programma \u00e8 famoso perch\u00e9 riunisce, mettendo a confronto, la Generazione Z e i Boomer tramite sfide che includono domande di cultura generale, abilit\u00e0 sui social network, giochi di parole e dibattiti su temi di attualit\u00e0.<\/p>\n<p>\u201cSiamo colmi di emozione e orgoglio per aver avuto la possibilit\u00e0 di portare sul piccolo schermo, ancora una volta, il nostro lavoro di ricerca e divulgazione sulle tradizioni folkloriche attraverso l\u2019arte del costume, del ballo e del canto. Il folklore \u00e8 letteralmente \u201cla cultura del popolo\u201d, la saggezza sedimentata nei tempi, di uomini e donne che hanno scritto la storia della nostra terra. Custodire e tramandare il passato non \u00e8 anacronistico visti i tempi digitali e virtuali a cui la societ\u00e0 ci sta educando. \u00c8 un\u2019attivit\u00e0 necessaria per valorizzare un patrimonio culturale ricco di storia, identit\u00e0 e umanit\u00e0, offrendo al pubblico l\u2019occasione di riscoprire le proprie radici e di trasmetterle con fierezza alle nuove generazioni\u201d commenta il Presidente Giuseppe Malara.<\/p>\n<p>\u201cCome vicepresidente e componente pi\u00f9 anziano, desidero sottolineare quanto sia stato significativo portare in televisione la nostra lingua, il nostro dialetto calabrese ed esprimere la massima felicit\u00e0 per questa esperienza la quale, va ad aggiungersi, alle tante collezionate in cinquant\u2019anni di attivit\u00e0\u201d aggiunge il Vicepresidente Antonio Ambrogio.<\/p>\n<p>Ha rivolto un messaggio di congratulazioni, anche il primo cittadino, Giovanni Verduci \u201cGrazie al vostro impegno e alla vostra autenticit\u00e0, il nome del Comune di Motta san Giovanni \u00e8 risuonato con forza e dignit\u00e0, diventando simbolo di appartenenza e di amore per le tradizioni. L\u2019esibizione del Gruppo Folklorico Citt\u00e0 di Lazzaro non \u00e8 stata solo un momento di spettacolo, ma un atto di cultura e identit\u00e0, capace di unire giovani e anziani e di ricordarci quanto sia prezioso conservare e valorizzare la nostra lingua e il nostro passato.\u201d<\/p>\n<p>Il grazie del Gruppo va in particolare all\u2019UNPLI Calabria il cui presidente Filippo Capellupo ha promosso questa iniziativa coinvolgendo le Pro Loco reggine, in prima fila le Pro Loco Motta San Giovanni e Montebellum, con le presidenti rispettivamente Tiziana Cozzupoli e Romina Palamara, da sempre in prima linea nella promozione del territorio.<\/p>\n<p>\u201cLa Calabria \u00e8 una terra straordinaria, accogliente, ricca e del profondo sud, ma non per questo seconda a nessun\u2019altra regione d\u2019Italia.\u201d Nelle parole pronunciate dall\u2019ex presidente della Camera Luciano Violante, \u00e8 racchiuso tutto il significato andato in onda: non una Calabria, ma mille Calabrie.<\/p>\n<p>&nbsp;<\/p>\n<p>&nbsp;<\/p>\n<p>&nbsp;<\/p>\n","protected":false},"excerpt":{"rendered":"<p>Calabrisella, Rino Gaetano e le riprese sul Lungomare Falcomat\u00e0, hanno fatto da sfondo alla puntata di Bella Ma, talent show di Rai2 andato in onda nel pomeriggio del 17\/10\/2025. Ospite&hellip;<\/p>\n","protected":false},"author":5,"featured_media":84352,"comment_status":"closed","ping_status":"open","sticky":false,"template":"","format":"standard","meta":{"_jetpack_memberships_contains_paid_content":false,"footnotes":"","jetpack_publicize_message":"","jetpack_publicize_feature_enabled":true,"jetpack_social_post_already_shared":true,"jetpack_social_options":{"image_generator_settings":{"template":"highway","default_image_id":0,"font":"","enabled":false},"version":2}},"categories":[142,921,152,196,140],"tags":[586,48456,48459,48457,6706,48458],"class_list":["post-84351","post","type-post","status-publish","format-standard","has-post-thumbnail","hentry","category-calabria","category-home","category-italia","category-news","category-reggio-calabria","tag-calabria","tag-calabrisella","tag-folkore","tag-gruppo-folklorico-citta-di-lazzaro","tag-rai-2","tag-trasmissione-bella-di-ma"],"yoast_head":"<!-- This site is optimized with the Yoast SEO plugin v27.2 - https:\/\/yoast.com\/product\/yoast-seo-wordpress\/ -->\n<title>La Calabria protagonista alla trasmissione di RAI2 &quot;Bella di M\u00e0&quot;<\/title>\n<meta name=\"description\" content=\"La Calabria ed il folkore di Motta sono stati i protagonisti della puntata andata in onda il 17 ottobre con riprese svolte sul Lungomare\" \/>\n<meta name=\"robots\" content=\"index, follow, max-snippet:-1, max-image-preview:large, max-video-preview:-1\" \/>\n<link rel=\"canonical\" href=\"https:\/\/progettotouring.it\/radiotouring104\/2025\/10\/20\/il-gruppo-folklorico-citta-di-lazzaro-protagonista-alla-trasmissione-di-rai2-bella-di-ma\/\" \/>\n<meta property=\"og:locale\" content=\"it_IT\" \/>\n<meta property=\"og:type\" content=\"article\" \/>\n<meta property=\"og:title\" content=\"La Calabria protagonista alla trasmissione di RAI2 &quot;Bella di M\u00e0&quot;\" \/>\n<meta property=\"og:description\" content=\"La Calabria ed il folkore di Motta sono stati i protagonisti della puntata andata in onda il 17 ottobre con riprese svolte sul Lungomare\" \/>\n<meta property=\"og:url\" content=\"https:\/\/progettotouring.it\/radiotouring104\/2025\/10\/20\/il-gruppo-folklorico-citta-di-lazzaro-protagonista-alla-trasmissione-di-rai2-bella-di-ma\/\" \/>\n<meta property=\"og:site_name\" content=\"Radio Touring 104\" \/>\n<meta property=\"article:published_time\" content=\"2025-10-20T08:34:11+00:00\" \/>\n<meta property=\"article:modified_time\" content=\"2025-10-20T10:58:43+00:00\" \/>\n<meta property=\"og:image\" content=\"https:\/\/progettotouring.it\/radiotouring104\/wp-content\/uploads\/sites\/6\/2025\/10\/Bella-di-Ma-LAZZARO-MOTTA.jpeg\" \/>\n\t<meta property=\"og:image:width\" content=\"2048\" \/>\n\t<meta property=\"og:image:height\" content=\"1129\" \/>\n\t<meta property=\"og:image:type\" content=\"image\/jpeg\" \/>\n<meta name=\"author\" content=\"redazione\" \/>\n<meta name=\"twitter:card\" content=\"summary_large_image\" \/>\n<meta name=\"twitter:label1\" content=\"Scritto da\" \/>\n\t<meta name=\"twitter:data1\" content=\"redazione\" \/>\n\t<meta name=\"twitter:label2\" content=\"Tempo di lettura stimato\" \/>\n\t<meta name=\"twitter:data2\" content=\"2 minuti\" \/>\n<script type=\"application\/ld+json\" class=\"yoast-schema-graph\">{\"@context\":\"https:\/\/schema.org\",\"@graph\":[{\"@type\":\"Article\",\"@id\":\"https:\/\/progettotouring.it\/radiotouring104\/2025\/10\/20\/il-gruppo-folklorico-citta-di-lazzaro-protagonista-alla-trasmissione-di-rai2-bella-di-ma\/#article\",\"isPartOf\":{\"@id\":\"https:\/\/progettotouring.it\/radiotouring104\/2025\/10\/20\/il-gruppo-folklorico-citta-di-lazzaro-protagonista-alla-trasmissione-di-rai2-bella-di-ma\/\"},\"author\":{\"name\":\"redazione\",\"@id\":\"https:\/\/progettotouring.it\/radiotouring104\/#\/schema\/person\/1b3eb3c07c47136bc44c785c543e635f\"},\"headline\":\"Il Gruppo Folklorico &#8220;Citt\u00e0 di Lazzaro&#8221; protagonista alla trasmissione di RAI2 &#8220;Bella di M\u00e0&#8221;\",\"datePublished\":\"2025-10-20T08:34:11+00:00\",\"dateModified\":\"2025-10-20T10:58:43+00:00\",\"mainEntityOfPage\":{\"@id\":\"https:\/\/progettotouring.it\/radiotouring104\/2025\/10\/20\/il-gruppo-folklorico-citta-di-lazzaro-protagonista-alla-trasmissione-di-rai2-bella-di-ma\/\"},\"wordCount\":487,\"publisher\":{\"@id\":\"https:\/\/progettotouring.it\/radiotouring104\/#organization\"},\"image\":{\"@id\":\"https:\/\/progettotouring.it\/radiotouring104\/2025\/10\/20\/il-gruppo-folklorico-citta-di-lazzaro-protagonista-alla-trasmissione-di-rai2-bella-di-ma\/#primaryimage\"},\"thumbnailUrl\":\"https:\/\/progettotouring.it\/radiotouring104\/wp-content\/uploads\/sites\/6\/2025\/10\/Bella-di-Ma-LAZZARO-MOTTA.jpeg\",\"keywords\":[\"calabria\",\"Calabrisella\",\"folkore\",\"Gruppo Folklorico Citt\u00e0 di Lazzaro\",\"rai 2\",\"trasmissione \\\"Bella di M\u00e0\\\"\"],\"articleSection\":[\"Calabria\",\"Home\",\"Italia\",\"News\",\"Reggio Calabria\"],\"inLanguage\":\"it-IT\"},{\"@type\":\"WebPage\",\"@id\":\"https:\/\/progettotouring.it\/radiotouring104\/2025\/10\/20\/il-gruppo-folklorico-citta-di-lazzaro-protagonista-alla-trasmissione-di-rai2-bella-di-ma\/\",\"url\":\"https:\/\/progettotouring.it\/radiotouring104\/2025\/10\/20\/il-gruppo-folklorico-citta-di-lazzaro-protagonista-alla-trasmissione-di-rai2-bella-di-ma\/\",\"name\":\"La Calabria protagonista alla trasmissione di RAI2 \\\"Bella di M\u00e0\\\"\",\"isPartOf\":{\"@id\":\"https:\/\/progettotouring.it\/radiotouring104\/#website\"},\"primaryImageOfPage\":{\"@id\":\"https:\/\/progettotouring.it\/radiotouring104\/2025\/10\/20\/il-gruppo-folklorico-citta-di-lazzaro-protagonista-alla-trasmissione-di-rai2-bella-di-ma\/#primaryimage\"},\"image\":{\"@id\":\"https:\/\/progettotouring.it\/radiotouring104\/2025\/10\/20\/il-gruppo-folklorico-citta-di-lazzaro-protagonista-alla-trasmissione-di-rai2-bella-di-ma\/#primaryimage\"},\"thumbnailUrl\":\"https:\/\/progettotouring.it\/radiotouring104\/wp-content\/uploads\/sites\/6\/2025\/10\/Bella-di-Ma-LAZZARO-MOTTA.jpeg\",\"datePublished\":\"2025-10-20T08:34:11+00:00\",\"dateModified\":\"2025-10-20T10:58:43+00:00\",\"description\":\"La Calabria ed il folkore di Motta sono stati i protagonisti della puntata andata in onda il 17 ottobre con riprese svolte sul Lungomare\",\"breadcrumb\":{\"@id\":\"https:\/\/progettotouring.it\/radiotouring104\/2025\/10\/20\/il-gruppo-folklorico-citta-di-lazzaro-protagonista-alla-trasmissione-di-rai2-bella-di-ma\/#breadcrumb\"},\"inLanguage\":\"it-IT\",\"potentialAction\":[{\"@type\":\"ReadAction\",\"target\":[\"https:\/\/progettotouring.it\/radiotouring104\/2025\/10\/20\/il-gruppo-folklorico-citta-di-lazzaro-protagonista-alla-trasmissione-di-rai2-bella-di-ma\/\"]}]},{\"@type\":\"ImageObject\",\"inLanguage\":\"it-IT\",\"@id\":\"https:\/\/progettotouring.it\/radiotouring104\/2025\/10\/20\/il-gruppo-folklorico-citta-di-lazzaro-protagonista-alla-trasmissione-di-rai2-bella-di-ma\/#primaryimage\",\"url\":\"https:\/\/progettotouring.it\/radiotouring104\/wp-content\/uploads\/sites\/6\/2025\/10\/Bella-di-Ma-LAZZARO-MOTTA.jpeg\",\"contentUrl\":\"https:\/\/progettotouring.it\/radiotouring104\/wp-content\/uploads\/sites\/6\/2025\/10\/Bella-di-Ma-LAZZARO-MOTTA.jpeg\",\"width\":2048,\"height\":1129},{\"@type\":\"BreadcrumbList\",\"@id\":\"https:\/\/progettotouring.it\/radiotouring104\/2025\/10\/20\/il-gruppo-folklorico-citta-di-lazzaro-protagonista-alla-trasmissione-di-rai2-bella-di-ma\/#breadcrumb\",\"itemListElement\":[{\"@type\":\"ListItem\",\"position\":1,\"name\":\"Home\",\"item\":\"https:\/\/progettotouring.it\/radiotouring104\/\"},{\"@type\":\"ListItem\",\"position\":2,\"name\":\"Il Gruppo Folklorico &#8220;Citt\u00e0 di Lazzaro&#8221; protagonista alla trasmissione di RAI2 &#8220;Bella di M\u00e0&#8221;\"}]},{\"@type\":\"WebSite\",\"@id\":\"https:\/\/progettotouring.it\/radiotouring104\/#website\",\"url\":\"https:\/\/progettotouring.it\/radiotouring104\/\",\"name\":\"Radio Touring 104\",\"description\":\"La prima radio Reggina\",\"publisher\":{\"@id\":\"https:\/\/progettotouring.it\/radiotouring104\/#organization\"},\"potentialAction\":[{\"@type\":\"SearchAction\",\"target\":{\"@type\":\"EntryPoint\",\"urlTemplate\":\"https:\/\/progettotouring.it\/radiotouring104\/?s={search_term_string}\"},\"query-input\":{\"@type\":\"PropertyValueSpecification\",\"valueRequired\":true,\"valueName\":\"search_term_string\"}}],\"inLanguage\":\"it-IT\"},{\"@type\":\"Organization\",\"@id\":\"https:\/\/progettotouring.it\/radiotouring104\/#organization\",\"name\":\"Radio Touring 104\",\"url\":\"https:\/\/progettotouring.it\/radiotouring104\/\",\"logo\":{\"@type\":\"ImageObject\",\"inLanguage\":\"it-IT\",\"@id\":\"https:\/\/progettotouring.it\/radiotouring104\/#\/schema\/logo\/image\/\",\"url\":\"https:\/\/progettotouring.it\/radiotouring104\/wp-content\/uploads\/sites\/6\/2022\/02\/cropped-logo-radio-touring-104.png\",\"contentUrl\":\"https:\/\/progettotouring.it\/radiotouring104\/wp-content\/uploads\/sites\/6\/2022\/02\/cropped-logo-radio-touring-104.png\",\"width\":377,\"height\":182,\"caption\":\"Radio Touring 104\"},\"image\":{\"@id\":\"https:\/\/progettotouring.it\/radiotouring104\/#\/schema\/logo\/image\/\"}},{\"@type\":\"Person\",\"@id\":\"https:\/\/progettotouring.it\/radiotouring104\/#\/schema\/person\/1b3eb3c07c47136bc44c785c543e635f\",\"name\":\"redazione\",\"image\":{\"@type\":\"ImageObject\",\"inLanguage\":\"it-IT\",\"@id\":\"https:\/\/secure.gravatar.com\/avatar\/0b31605b49f100769e8b624b3e05de1b73e1692e9568a352f60f53fd072e6e11?s=96&d=mm&r=g\",\"url\":\"https:\/\/secure.gravatar.com\/avatar\/0b31605b49f100769e8b624b3e05de1b73e1692e9568a352f60f53fd072e6e11?s=96&d=mm&r=g\",\"contentUrl\":\"https:\/\/secure.gravatar.com\/avatar\/0b31605b49f100769e8b624b3e05de1b73e1692e9568a352f60f53fd072e6e11?s=96&d=mm&r=g\",\"caption\":\"redazione\"},\"url\":\"https:\/\/progettotouring.it\/radiotouring104\/author\/redazione\/\"}]}<\/script>\n<!-- \/ Yoast SEO plugin. -->","yoast_head_json":{"title":"La Calabria protagonista alla trasmissione di RAI2 \"Bella di M\u00e0\"","description":"La Calabria ed il folkore di Motta sono stati i protagonisti della puntata andata in onda il 17 ottobre con riprese svolte sul Lungomare","robots":{"index":"index","follow":"follow","max-snippet":"max-snippet:-1","max-image-preview":"max-image-preview:large","max-video-preview":"max-video-preview:-1"},"canonical":"https:\/\/progettotouring.it\/radiotouring104\/2025\/10\/20\/il-gruppo-folklorico-citta-di-lazzaro-protagonista-alla-trasmissione-di-rai2-bella-di-ma\/","og_locale":"it_IT","og_type":"article","og_title":"La Calabria protagonista alla trasmissione di RAI2 \"Bella di M\u00e0\"","og_description":"La Calabria ed il folkore di Motta sono stati i protagonisti della puntata andata in onda il 17 ottobre con riprese svolte sul Lungomare","og_url":"https:\/\/progettotouring.it\/radiotouring104\/2025\/10\/20\/il-gruppo-folklorico-citta-di-lazzaro-protagonista-alla-trasmissione-di-rai2-bella-di-ma\/","og_site_name":"Radio Touring 104","article_published_time":"2025-10-20T08:34:11+00:00","article_modified_time":"2025-10-20T10:58:43+00:00","og_image":[{"width":2048,"height":1129,"url":"https:\/\/progettotouring.it\/radiotouring104\/wp-content\/uploads\/sites\/6\/2025\/10\/Bella-di-Ma-LAZZARO-MOTTA.jpeg","type":"image\/jpeg"}],"author":"redazione","twitter_card":"summary_large_image","twitter_misc":{"Scritto da":"redazione","Tempo di lettura stimato":"2 minuti"},"schema":{"@context":"https:\/\/schema.org","@graph":[{"@type":"Article","@id":"https:\/\/progettotouring.it\/radiotouring104\/2025\/10\/20\/il-gruppo-folklorico-citta-di-lazzaro-protagonista-alla-trasmissione-di-rai2-bella-di-ma\/#article","isPartOf":{"@id":"https:\/\/progettotouring.it\/radiotouring104\/2025\/10\/20\/il-gruppo-folklorico-citta-di-lazzaro-protagonista-alla-trasmissione-di-rai2-bella-di-ma\/"},"author":{"name":"redazione","@id":"https:\/\/progettotouring.it\/radiotouring104\/#\/schema\/person\/1b3eb3c07c47136bc44c785c543e635f"},"headline":"Il Gruppo Folklorico &#8220;Citt\u00e0 di Lazzaro&#8221; protagonista alla trasmissione di RAI2 &#8220;Bella di M\u00e0&#8221;","datePublished":"2025-10-20T08:34:11+00:00","dateModified":"2025-10-20T10:58:43+00:00","mainEntityOfPage":{"@id":"https:\/\/progettotouring.it\/radiotouring104\/2025\/10\/20\/il-gruppo-folklorico-citta-di-lazzaro-protagonista-alla-trasmissione-di-rai2-bella-di-ma\/"},"wordCount":487,"publisher":{"@id":"https:\/\/progettotouring.it\/radiotouring104\/#organization"},"image":{"@id":"https:\/\/progettotouring.it\/radiotouring104\/2025\/10\/20\/il-gruppo-folklorico-citta-di-lazzaro-protagonista-alla-trasmissione-di-rai2-bella-di-ma\/#primaryimage"},"thumbnailUrl":"https:\/\/progettotouring.it\/radiotouring104\/wp-content\/uploads\/sites\/6\/2025\/10\/Bella-di-Ma-LAZZARO-MOTTA.jpeg","keywords":["calabria","Calabrisella","folkore","Gruppo Folklorico Citt\u00e0 di Lazzaro","rai 2","trasmissione \"Bella di M\u00e0\""],"articleSection":["Calabria","Home","Italia","News","Reggio Calabria"],"inLanguage":"it-IT"},{"@type":"WebPage","@id":"https:\/\/progettotouring.it\/radiotouring104\/2025\/10\/20\/il-gruppo-folklorico-citta-di-lazzaro-protagonista-alla-trasmissione-di-rai2-bella-di-ma\/","url":"https:\/\/progettotouring.it\/radiotouring104\/2025\/10\/20\/il-gruppo-folklorico-citta-di-lazzaro-protagonista-alla-trasmissione-di-rai2-bella-di-ma\/","name":"La Calabria protagonista alla trasmissione di RAI2 \"Bella di M\u00e0\"","isPartOf":{"@id":"https:\/\/progettotouring.it\/radiotouring104\/#website"},"primaryImageOfPage":{"@id":"https:\/\/progettotouring.it\/radiotouring104\/2025\/10\/20\/il-gruppo-folklorico-citta-di-lazzaro-protagonista-alla-trasmissione-di-rai2-bella-di-ma\/#primaryimage"},"image":{"@id":"https:\/\/progettotouring.it\/radiotouring104\/2025\/10\/20\/il-gruppo-folklorico-citta-di-lazzaro-protagonista-alla-trasmissione-di-rai2-bella-di-ma\/#primaryimage"},"thumbnailUrl":"https:\/\/progettotouring.it\/radiotouring104\/wp-content\/uploads\/sites\/6\/2025\/10\/Bella-di-Ma-LAZZARO-MOTTA.jpeg","datePublished":"2025-10-20T08:34:11+00:00","dateModified":"2025-10-20T10:58:43+00:00","description":"La Calabria ed il folkore di Motta sono stati i protagonisti della puntata andata in onda il 17 ottobre con riprese svolte sul Lungomare","breadcrumb":{"@id":"https:\/\/progettotouring.it\/radiotouring104\/2025\/10\/20\/il-gruppo-folklorico-citta-di-lazzaro-protagonista-alla-trasmissione-di-rai2-bella-di-ma\/#breadcrumb"},"inLanguage":"it-IT","potentialAction":[{"@type":"ReadAction","target":["https:\/\/progettotouring.it\/radiotouring104\/2025\/10\/20\/il-gruppo-folklorico-citta-di-lazzaro-protagonista-alla-trasmissione-di-rai2-bella-di-ma\/"]}]},{"@type":"ImageObject","inLanguage":"it-IT","@id":"https:\/\/progettotouring.it\/radiotouring104\/2025\/10\/20\/il-gruppo-folklorico-citta-di-lazzaro-protagonista-alla-trasmissione-di-rai2-bella-di-ma\/#primaryimage","url":"https:\/\/progettotouring.it\/radiotouring104\/wp-content\/uploads\/sites\/6\/2025\/10\/Bella-di-Ma-LAZZARO-MOTTA.jpeg","contentUrl":"https:\/\/progettotouring.it\/radiotouring104\/wp-content\/uploads\/sites\/6\/2025\/10\/Bella-di-Ma-LAZZARO-MOTTA.jpeg","width":2048,"height":1129},{"@type":"BreadcrumbList","@id":"https:\/\/progettotouring.it\/radiotouring104\/2025\/10\/20\/il-gruppo-folklorico-citta-di-lazzaro-protagonista-alla-trasmissione-di-rai2-bella-di-ma\/#breadcrumb","itemListElement":[{"@type":"ListItem","position":1,"name":"Home","item":"https:\/\/progettotouring.it\/radiotouring104\/"},{"@type":"ListItem","position":2,"name":"Il Gruppo Folklorico &#8220;Citt\u00e0 di Lazzaro&#8221; protagonista alla trasmissione di RAI2 &#8220;Bella di M\u00e0&#8221;"}]},{"@type":"WebSite","@id":"https:\/\/progettotouring.it\/radiotouring104\/#website","url":"https:\/\/progettotouring.it\/radiotouring104\/","name":"Radio Touring 104","description":"La prima radio Reggina","publisher":{"@id":"https:\/\/progettotouring.it\/radiotouring104\/#organization"},"potentialAction":[{"@type":"SearchAction","target":{"@type":"EntryPoint","urlTemplate":"https:\/\/progettotouring.it\/radiotouring104\/?s={search_term_string}"},"query-input":{"@type":"PropertyValueSpecification","valueRequired":true,"valueName":"search_term_string"}}],"inLanguage":"it-IT"},{"@type":"Organization","@id":"https:\/\/progettotouring.it\/radiotouring104\/#organization","name":"Radio Touring 104","url":"https:\/\/progettotouring.it\/radiotouring104\/","logo":{"@type":"ImageObject","inLanguage":"it-IT","@id":"https:\/\/progettotouring.it\/radiotouring104\/#\/schema\/logo\/image\/","url":"https:\/\/progettotouring.it\/radiotouring104\/wp-content\/uploads\/sites\/6\/2022\/02\/cropped-logo-radio-touring-104.png","contentUrl":"https:\/\/progettotouring.it\/radiotouring104\/wp-content\/uploads\/sites\/6\/2022\/02\/cropped-logo-radio-touring-104.png","width":377,"height":182,"caption":"Radio Touring 104"},"image":{"@id":"https:\/\/progettotouring.it\/radiotouring104\/#\/schema\/logo\/image\/"}},{"@type":"Person","@id":"https:\/\/progettotouring.it\/radiotouring104\/#\/schema\/person\/1b3eb3c07c47136bc44c785c543e635f","name":"redazione","image":{"@type":"ImageObject","inLanguage":"it-IT","@id":"https:\/\/secure.gravatar.com\/avatar\/0b31605b49f100769e8b624b3e05de1b73e1692e9568a352f60f53fd072e6e11?s=96&d=mm&r=g","url":"https:\/\/secure.gravatar.com\/avatar\/0b31605b49f100769e8b624b3e05de1b73e1692e9568a352f60f53fd072e6e11?s=96&d=mm&r=g","contentUrl":"https:\/\/secure.gravatar.com\/avatar\/0b31605b49f100769e8b624b3e05de1b73e1692e9568a352f60f53fd072e6e11?s=96&d=mm&r=g","caption":"redazione"},"url":"https:\/\/progettotouring.it\/radiotouring104\/author\/redazione\/"}]}},"jetpack_publicize_connections":[],"jetpack_featured_media_url":"https:\/\/progettotouring.it\/radiotouring104\/wp-content\/uploads\/sites\/6\/2025\/10\/Bella-di-Ma-LAZZARO-MOTTA.jpeg","jetpack_sharing_enabled":true,"_links":{"self":[{"href":"https:\/\/progettotouring.it\/radiotouring104\/wp-json\/wp\/v2\/posts\/84351","targetHints":{"allow":["GET"]}}],"collection":[{"href":"https:\/\/progettotouring.it\/radiotouring104\/wp-json\/wp\/v2\/posts"}],"about":[{"href":"https:\/\/progettotouring.it\/radiotouring104\/wp-json\/wp\/v2\/types\/post"}],"author":[{"embeddable":true,"href":"https:\/\/progettotouring.it\/radiotouring104\/wp-json\/wp\/v2\/users\/5"}],"replies":[{"embeddable":true,"href":"https:\/\/progettotouring.it\/radiotouring104\/wp-json\/wp\/v2\/comments?post=84351"}],"version-history":[{"count":1,"href":"https:\/\/progettotouring.it\/radiotouring104\/wp-json\/wp\/v2\/posts\/84351\/revisions"}],"predecessor-version":[{"id":84353,"href":"https:\/\/progettotouring.it\/radiotouring104\/wp-json\/wp\/v2\/posts\/84351\/revisions\/84353"}],"wp:featuredmedia":[{"embeddable":true,"href":"https:\/\/progettotouring.it\/radiotouring104\/wp-json\/wp\/v2\/media\/84352"}],"wp:attachment":[{"href":"https:\/\/progettotouring.it\/radiotouring104\/wp-json\/wp\/v2\/media?parent=84351"}],"wp:term":[{"taxonomy":"category","embeddable":true,"href":"https:\/\/progettotouring.it\/radiotouring104\/wp-json\/wp\/v2\/categories?post=84351"},{"taxonomy":"post_tag","embeddable":true,"href":"https:\/\/progettotouring.it\/radiotouring104\/wp-json\/wp\/v2\/tags?post=84351"}],"curies":[{"name":"wp","href":"https:\/\/api.w.org\/{rel}","templated":true}]}}