{"id":84356,"date":"2025-10-20T10:56:26","date_gmt":"2025-10-20T08:56:26","guid":{"rendered":"https:\/\/progettotouring.it\/radiotouring104\/?p=84356"},"modified":"2025-10-21T10:28:53","modified_gmt":"2025-10-21T08:28:53","slug":"brunori-sas-presenta-il-documentario-il-tempo-delle-noci-al-fetival-del-cinema-di-roma","status":"publish","type":"post","link":"https:\/\/progettotouring.it\/radiotouring104\/2025\/10\/20\/brunori-sas-presenta-il-documentario-il-tempo-delle-noci-al-fetival-del-cinema-di-roma\/","title":{"rendered":"Brunori SAS presenta il documentario &#8220;Il tempo delle noci&#8221; al Fetival del Cinema di Roma"},"content":{"rendered":"<p>Presentato alla ventesima edizione della Festa del Cinema di Roma, nella Sezione Special Screening, Brunori Sas &#8211; Il tempo delle noci, il documentario diretto da Giacomo Triglia, disponibile prossimamente sulle reti Rai.<\/p>\n<p>Targato Rai Documentari, prodotto da Pier Giorgio Bellocchio, Manetti bros., D\u00e9sir\u00e9e Manetti, il film \u00e8 una produzione Mompracem in collaborazione con Calabria Film Commission.<\/p>\n<p>Un viaggio intimo e profondo nell\u2019universo creativo e personale di Dario Brunori, tramite lo sguardo sensibile e attento del regista, con cui il cantautore condivide un lungo percorso di collaborazione artistica.<\/p>\n<p>Attraverso la genesi del suo ultimo album, il documentario racconta un periodo segnato da dubbi, crisi artistiche e dal desiderio di ritrovare un senso, dentro e fuori dalla musica. Al suo fianco, il produttore artistico Riccardo Sinigallia, compagno di un cammino fatto di dialoghi, riflessioni, memorie e trasformazioni.<\/p>\n<p>Tra sessioni di registrazione, confronti intensi e l\u2019arrivo sul palco di Sanremo, prende forma il ritratto autentico di un artista che, vivendo le proprie incertezze, intraprende un percorso di profonda rigenerazione.<\/p>\n<p>&nbsp;<\/p>\n","protected":false},"excerpt":{"rendered":"<p>Presentato alla ventesima edizione della Festa del Cinema di Roma, nella Sezione Special Screening, Brunori Sas &#8211; Il tempo delle noci, il documentario diretto da Giacomo Triglia, disponibile prossimamente sulle&hellip;<\/p>\n","protected":false},"author":5,"featured_media":84357,"comment_status":"closed","ping_status":"open","sticky":false,"template":"","format":"standard","meta":{"_jetpack_memberships_contains_paid_content":false,"footnotes":"","jetpack_publicize_message":"","jetpack_publicize_feature_enabled":true,"jetpack_social_post_already_shared":true,"jetpack_social_options":{"image_generator_settings":{"template":"highway","default_image_id":0,"font":"","enabled":false},"version":2}},"categories":[146,196],"tags":[40385,48460,48461,48463,4635,48462,2672,48464],"class_list":["post-84356","post","type-post","status-publish","format-standard","has-post-thumbnail","hentry","category-musica","category-news","tag-brunori-sas","tag-documentario-il-tempo-delle-noci","tag-documetario","tag-fetival-del-cinema-di-roma","tag-giacomo-triglia","tag-il-tempo-delle-noci","tag-presentazione","tag-ventesima-edizione"],"yoast_head":"<!-- This site is optimized with the Yoast SEO plugin v27.2 - https:\/\/yoast.com\/product\/yoast-seo-wordpress\/ -->\n<title>Brunori presenta &quot;Il tempo delle noci&quot; al Fetival Cinema di Roma<\/title>\n<meta name=\"description\" content=\"Il documentario di Giacomo Triglia \u00e8 stato presentato nella sezione Special Screening, nel corso della XX edizione del Festival\" \/>\n<meta name=\"robots\" content=\"index, follow, max-snippet:-1, max-image-preview:large, max-video-preview:-1\" \/>\n<link rel=\"canonical\" href=\"https:\/\/progettotouring.it\/radiotouring104\/2025\/10\/20\/brunori-sas-presenta-il-documentario-il-tempo-delle-noci-al-fetival-del-cinema-di-roma\/\" \/>\n<meta property=\"og:locale\" content=\"it_IT\" \/>\n<meta property=\"og:type\" content=\"article\" \/>\n<meta property=\"og:title\" content=\"Brunori presenta &quot;Il tempo delle noci&quot; al Fetival Cinema di Roma\" \/>\n<meta property=\"og:description\" content=\"Il documentario di Giacomo Triglia \u00e8 stato presentato nella sezione Special Screening, nel corso della XX edizione del Festival\" \/>\n<meta property=\"og:url\" content=\"https:\/\/progettotouring.it\/radiotouring104\/2025\/10\/20\/brunori-sas-presenta-il-documentario-il-tempo-delle-noci-al-fetival-del-cinema-di-roma\/\" \/>\n<meta property=\"og:site_name\" content=\"Radio Touring 104\" \/>\n<meta property=\"article:published_time\" content=\"2025-10-20T08:56:26+00:00\" \/>\n<meta property=\"article:modified_time\" content=\"2025-10-21T08:28:53+00:00\" \/>\n<meta property=\"og:image\" content=\"https:\/\/progettotouring.it\/radiotouring104\/wp-content\/uploads\/sites\/6\/2025\/10\/Brunori-SAS-IL-TEMPO-DELLE-NOCI.gif\" \/>\n\t<meta property=\"og:image:width\" content=\"912\" \/>\n\t<meta property=\"og:image:height\" content=\"514\" \/>\n\t<meta property=\"og:image:type\" content=\"image\/gif\" \/>\n<meta name=\"author\" content=\"redazione\" \/>\n<meta name=\"twitter:card\" content=\"summary_large_image\" \/>\n<meta name=\"twitter:label1\" content=\"Scritto da\" \/>\n\t<meta name=\"twitter:data1\" content=\"redazione\" \/>\n\t<meta name=\"twitter:label2\" content=\"Tempo di lettura stimato\" \/>\n\t<meta name=\"twitter:data2\" content=\"1 minuto\" \/>\n<script type=\"application\/ld+json\" class=\"yoast-schema-graph\">{\"@context\":\"https:\/\/schema.org\",\"@graph\":[{\"@type\":\"Article\",\"@id\":\"https:\/\/progettotouring.it\/radiotouring104\/2025\/10\/20\/brunori-sas-presenta-il-documentario-il-tempo-delle-noci-al-fetival-del-cinema-di-roma\/#article\",\"isPartOf\":{\"@id\":\"https:\/\/progettotouring.it\/radiotouring104\/2025\/10\/20\/brunori-sas-presenta-il-documentario-il-tempo-delle-noci-al-fetival-del-cinema-di-roma\/\"},\"author\":{\"name\":\"redazione\",\"@id\":\"https:\/\/progettotouring.it\/radiotouring104\/#\/schema\/person\/1b3eb3c07c47136bc44c785c543e635f\"},\"headline\":\"Brunori SAS presenta il documentario &#8220;Il tempo delle noci&#8221; al Fetival del Cinema di Roma\",\"datePublished\":\"2025-10-20T08:56:26+00:00\",\"dateModified\":\"2025-10-21T08:28:53+00:00\",\"mainEntityOfPage\":{\"@id\":\"https:\/\/progettotouring.it\/radiotouring104\/2025\/10\/20\/brunori-sas-presenta-il-documentario-il-tempo-delle-noci-al-fetival-del-cinema-di-roma\/\"},\"wordCount\":185,\"publisher\":{\"@id\":\"https:\/\/progettotouring.it\/radiotouring104\/#organization\"},\"image\":{\"@id\":\"https:\/\/progettotouring.it\/radiotouring104\/2025\/10\/20\/brunori-sas-presenta-il-documentario-il-tempo-delle-noci-al-fetival-del-cinema-di-roma\/#primaryimage\"},\"thumbnailUrl\":\"https:\/\/progettotouring.it\/radiotouring104\/wp-content\/uploads\/sites\/6\/2025\/10\/Brunori-SAS-IL-TEMPO-DELLE-NOCI.gif\",\"keywords\":[\"Brunori Sas\",\"documentario \\\"Il tempo delle noci\\\"\",\"documetario\",\"Fetival del Cinema di Roma\",\"Giacomo Triglia\",\"il tempo delle noci\",\"presentazione\",\"ventesima edizione\"],\"articleSection\":[\"Musica\",\"News\"],\"inLanguage\":\"it-IT\"},{\"@type\":\"WebPage\",\"@id\":\"https:\/\/progettotouring.it\/radiotouring104\/2025\/10\/20\/brunori-sas-presenta-il-documentario-il-tempo-delle-noci-al-fetival-del-cinema-di-roma\/\",\"url\":\"https:\/\/progettotouring.it\/radiotouring104\/2025\/10\/20\/brunori-sas-presenta-il-documentario-il-tempo-delle-noci-al-fetival-del-cinema-di-roma\/\",\"name\":\"Brunori presenta \\\"Il tempo delle noci\\\" al Fetival Cinema di Roma\",\"isPartOf\":{\"@id\":\"https:\/\/progettotouring.it\/radiotouring104\/#website\"},\"primaryImageOfPage\":{\"@id\":\"https:\/\/progettotouring.it\/radiotouring104\/2025\/10\/20\/brunori-sas-presenta-il-documentario-il-tempo-delle-noci-al-fetival-del-cinema-di-roma\/#primaryimage\"},\"image\":{\"@id\":\"https:\/\/progettotouring.it\/radiotouring104\/2025\/10\/20\/brunori-sas-presenta-il-documentario-il-tempo-delle-noci-al-fetival-del-cinema-di-roma\/#primaryimage\"},\"thumbnailUrl\":\"https:\/\/progettotouring.it\/radiotouring104\/wp-content\/uploads\/sites\/6\/2025\/10\/Brunori-SAS-IL-TEMPO-DELLE-NOCI.gif\",\"datePublished\":\"2025-10-20T08:56:26+00:00\",\"dateModified\":\"2025-10-21T08:28:53+00:00\",\"description\":\"Il documentario di Giacomo Triglia \u00e8 stato presentato nella sezione Special Screening, nel corso della XX edizione del Festival\",\"breadcrumb\":{\"@id\":\"https:\/\/progettotouring.it\/radiotouring104\/2025\/10\/20\/brunori-sas-presenta-il-documentario-il-tempo-delle-noci-al-fetival-del-cinema-di-roma\/#breadcrumb\"},\"inLanguage\":\"it-IT\",\"potentialAction\":[{\"@type\":\"ReadAction\",\"target\":[\"https:\/\/progettotouring.it\/radiotouring104\/2025\/10\/20\/brunori-sas-presenta-il-documentario-il-tempo-delle-noci-al-fetival-del-cinema-di-roma\/\"]}]},{\"@type\":\"ImageObject\",\"inLanguage\":\"it-IT\",\"@id\":\"https:\/\/progettotouring.it\/radiotouring104\/2025\/10\/20\/brunori-sas-presenta-il-documentario-il-tempo-delle-noci-al-fetival-del-cinema-di-roma\/#primaryimage\",\"url\":\"https:\/\/progettotouring.it\/radiotouring104\/wp-content\/uploads\/sites\/6\/2025\/10\/Brunori-SAS-IL-TEMPO-DELLE-NOCI.gif\",\"contentUrl\":\"https:\/\/progettotouring.it\/radiotouring104\/wp-content\/uploads\/sites\/6\/2025\/10\/Brunori-SAS-IL-TEMPO-DELLE-NOCI.gif\",\"width\":912,\"height\":514},{\"@type\":\"BreadcrumbList\",\"@id\":\"https:\/\/progettotouring.it\/radiotouring104\/2025\/10\/20\/brunori-sas-presenta-il-documentario-il-tempo-delle-noci-al-fetival-del-cinema-di-roma\/#breadcrumb\",\"itemListElement\":[{\"@type\":\"ListItem\",\"position\":1,\"name\":\"Home\",\"item\":\"https:\/\/progettotouring.it\/radiotouring104\/\"},{\"@type\":\"ListItem\",\"position\":2,\"name\":\"Brunori SAS presenta il documentario &#8220;Il tempo delle noci&#8221; al Fetival del Cinema di Roma\"}]},{\"@type\":\"WebSite\",\"@id\":\"https:\/\/progettotouring.it\/radiotouring104\/#website\",\"url\":\"https:\/\/progettotouring.it\/radiotouring104\/\",\"name\":\"Radio Touring 104\",\"description\":\"La prima radio Reggina\",\"publisher\":{\"@id\":\"https:\/\/progettotouring.it\/radiotouring104\/#organization\"},\"potentialAction\":[{\"@type\":\"SearchAction\",\"target\":{\"@type\":\"EntryPoint\",\"urlTemplate\":\"https:\/\/progettotouring.it\/radiotouring104\/?s={search_term_string}\"},\"query-input\":{\"@type\":\"PropertyValueSpecification\",\"valueRequired\":true,\"valueName\":\"search_term_string\"}}],\"inLanguage\":\"it-IT\"},{\"@type\":\"Organization\",\"@id\":\"https:\/\/progettotouring.it\/radiotouring104\/#organization\",\"name\":\"Radio Touring 104\",\"url\":\"https:\/\/progettotouring.it\/radiotouring104\/\",\"logo\":{\"@type\":\"ImageObject\",\"inLanguage\":\"it-IT\",\"@id\":\"https:\/\/progettotouring.it\/radiotouring104\/#\/schema\/logo\/image\/\",\"url\":\"https:\/\/progettotouring.it\/radiotouring104\/wp-content\/uploads\/sites\/6\/2022\/02\/cropped-logo-radio-touring-104.png\",\"contentUrl\":\"https:\/\/progettotouring.it\/radiotouring104\/wp-content\/uploads\/sites\/6\/2022\/02\/cropped-logo-radio-touring-104.png\",\"width\":377,\"height\":182,\"caption\":\"Radio Touring 104\"},\"image\":{\"@id\":\"https:\/\/progettotouring.it\/radiotouring104\/#\/schema\/logo\/image\/\"}},{\"@type\":\"Person\",\"@id\":\"https:\/\/progettotouring.it\/radiotouring104\/#\/schema\/person\/1b3eb3c07c47136bc44c785c543e635f\",\"name\":\"redazione\",\"image\":{\"@type\":\"ImageObject\",\"inLanguage\":\"it-IT\",\"@id\":\"https:\/\/secure.gravatar.com\/avatar\/0b31605b49f100769e8b624b3e05de1b73e1692e9568a352f60f53fd072e6e11?s=96&d=mm&r=g\",\"url\":\"https:\/\/secure.gravatar.com\/avatar\/0b31605b49f100769e8b624b3e05de1b73e1692e9568a352f60f53fd072e6e11?s=96&d=mm&r=g\",\"contentUrl\":\"https:\/\/secure.gravatar.com\/avatar\/0b31605b49f100769e8b624b3e05de1b73e1692e9568a352f60f53fd072e6e11?s=96&d=mm&r=g\",\"caption\":\"redazione\"},\"url\":\"https:\/\/progettotouring.it\/radiotouring104\/author\/redazione\/\"}]}<\/script>\n<!-- \/ Yoast SEO plugin. -->","yoast_head_json":{"title":"Brunori presenta \"Il tempo delle noci\" al Fetival Cinema di Roma","description":"Il documentario di Giacomo Triglia \u00e8 stato presentato nella sezione Special Screening, nel corso della XX edizione del Festival","robots":{"index":"index","follow":"follow","max-snippet":"max-snippet:-1","max-image-preview":"max-image-preview:large","max-video-preview":"max-video-preview:-1"},"canonical":"https:\/\/progettotouring.it\/radiotouring104\/2025\/10\/20\/brunori-sas-presenta-il-documentario-il-tempo-delle-noci-al-fetival-del-cinema-di-roma\/","og_locale":"it_IT","og_type":"article","og_title":"Brunori presenta \"Il tempo delle noci\" al Fetival Cinema di Roma","og_description":"Il documentario di Giacomo Triglia \u00e8 stato presentato nella sezione Special Screening, nel corso della XX edizione del Festival","og_url":"https:\/\/progettotouring.it\/radiotouring104\/2025\/10\/20\/brunori-sas-presenta-il-documentario-il-tempo-delle-noci-al-fetival-del-cinema-di-roma\/","og_site_name":"Radio Touring 104","article_published_time":"2025-10-20T08:56:26+00:00","article_modified_time":"2025-10-21T08:28:53+00:00","og_image":[{"width":912,"height":514,"url":"https:\/\/progettotouring.it\/radiotouring104\/wp-content\/uploads\/sites\/6\/2025\/10\/Brunori-SAS-IL-TEMPO-DELLE-NOCI.gif","type":"image\/gif"}],"author":"redazione","twitter_card":"summary_large_image","twitter_misc":{"Scritto da":"redazione","Tempo di lettura stimato":"1 minuto"},"schema":{"@context":"https:\/\/schema.org","@graph":[{"@type":"Article","@id":"https:\/\/progettotouring.it\/radiotouring104\/2025\/10\/20\/brunori-sas-presenta-il-documentario-il-tempo-delle-noci-al-fetival-del-cinema-di-roma\/#article","isPartOf":{"@id":"https:\/\/progettotouring.it\/radiotouring104\/2025\/10\/20\/brunori-sas-presenta-il-documentario-il-tempo-delle-noci-al-fetival-del-cinema-di-roma\/"},"author":{"name":"redazione","@id":"https:\/\/progettotouring.it\/radiotouring104\/#\/schema\/person\/1b3eb3c07c47136bc44c785c543e635f"},"headline":"Brunori SAS presenta il documentario &#8220;Il tempo delle noci&#8221; al Fetival del Cinema di Roma","datePublished":"2025-10-20T08:56:26+00:00","dateModified":"2025-10-21T08:28:53+00:00","mainEntityOfPage":{"@id":"https:\/\/progettotouring.it\/radiotouring104\/2025\/10\/20\/brunori-sas-presenta-il-documentario-il-tempo-delle-noci-al-fetival-del-cinema-di-roma\/"},"wordCount":185,"publisher":{"@id":"https:\/\/progettotouring.it\/radiotouring104\/#organization"},"image":{"@id":"https:\/\/progettotouring.it\/radiotouring104\/2025\/10\/20\/brunori-sas-presenta-il-documentario-il-tempo-delle-noci-al-fetival-del-cinema-di-roma\/#primaryimage"},"thumbnailUrl":"https:\/\/progettotouring.it\/radiotouring104\/wp-content\/uploads\/sites\/6\/2025\/10\/Brunori-SAS-IL-TEMPO-DELLE-NOCI.gif","keywords":["Brunori Sas","documentario \"Il tempo delle noci\"","documetario","Fetival del Cinema di Roma","Giacomo Triglia","il tempo delle noci","presentazione","ventesima edizione"],"articleSection":["Musica","News"],"inLanguage":"it-IT"},{"@type":"WebPage","@id":"https:\/\/progettotouring.it\/radiotouring104\/2025\/10\/20\/brunori-sas-presenta-il-documentario-il-tempo-delle-noci-al-fetival-del-cinema-di-roma\/","url":"https:\/\/progettotouring.it\/radiotouring104\/2025\/10\/20\/brunori-sas-presenta-il-documentario-il-tempo-delle-noci-al-fetival-del-cinema-di-roma\/","name":"Brunori presenta \"Il tempo delle noci\" al Fetival Cinema di Roma","isPartOf":{"@id":"https:\/\/progettotouring.it\/radiotouring104\/#website"},"primaryImageOfPage":{"@id":"https:\/\/progettotouring.it\/radiotouring104\/2025\/10\/20\/brunori-sas-presenta-il-documentario-il-tempo-delle-noci-al-fetival-del-cinema-di-roma\/#primaryimage"},"image":{"@id":"https:\/\/progettotouring.it\/radiotouring104\/2025\/10\/20\/brunori-sas-presenta-il-documentario-il-tempo-delle-noci-al-fetival-del-cinema-di-roma\/#primaryimage"},"thumbnailUrl":"https:\/\/progettotouring.it\/radiotouring104\/wp-content\/uploads\/sites\/6\/2025\/10\/Brunori-SAS-IL-TEMPO-DELLE-NOCI.gif","datePublished":"2025-10-20T08:56:26+00:00","dateModified":"2025-10-21T08:28:53+00:00","description":"Il documentario di Giacomo Triglia \u00e8 stato presentato nella sezione Special Screening, nel corso della XX edizione del Festival","breadcrumb":{"@id":"https:\/\/progettotouring.it\/radiotouring104\/2025\/10\/20\/brunori-sas-presenta-il-documentario-il-tempo-delle-noci-al-fetival-del-cinema-di-roma\/#breadcrumb"},"inLanguage":"it-IT","potentialAction":[{"@type":"ReadAction","target":["https:\/\/progettotouring.it\/radiotouring104\/2025\/10\/20\/brunori-sas-presenta-il-documentario-il-tempo-delle-noci-al-fetival-del-cinema-di-roma\/"]}]},{"@type":"ImageObject","inLanguage":"it-IT","@id":"https:\/\/progettotouring.it\/radiotouring104\/2025\/10\/20\/brunori-sas-presenta-il-documentario-il-tempo-delle-noci-al-fetival-del-cinema-di-roma\/#primaryimage","url":"https:\/\/progettotouring.it\/radiotouring104\/wp-content\/uploads\/sites\/6\/2025\/10\/Brunori-SAS-IL-TEMPO-DELLE-NOCI.gif","contentUrl":"https:\/\/progettotouring.it\/radiotouring104\/wp-content\/uploads\/sites\/6\/2025\/10\/Brunori-SAS-IL-TEMPO-DELLE-NOCI.gif","width":912,"height":514},{"@type":"BreadcrumbList","@id":"https:\/\/progettotouring.it\/radiotouring104\/2025\/10\/20\/brunori-sas-presenta-il-documentario-il-tempo-delle-noci-al-fetival-del-cinema-di-roma\/#breadcrumb","itemListElement":[{"@type":"ListItem","position":1,"name":"Home","item":"https:\/\/progettotouring.it\/radiotouring104\/"},{"@type":"ListItem","position":2,"name":"Brunori SAS presenta il documentario &#8220;Il tempo delle noci&#8221; al Fetival del Cinema di Roma"}]},{"@type":"WebSite","@id":"https:\/\/progettotouring.it\/radiotouring104\/#website","url":"https:\/\/progettotouring.it\/radiotouring104\/","name":"Radio Touring 104","description":"La prima radio Reggina","publisher":{"@id":"https:\/\/progettotouring.it\/radiotouring104\/#organization"},"potentialAction":[{"@type":"SearchAction","target":{"@type":"EntryPoint","urlTemplate":"https:\/\/progettotouring.it\/radiotouring104\/?s={search_term_string}"},"query-input":{"@type":"PropertyValueSpecification","valueRequired":true,"valueName":"search_term_string"}}],"inLanguage":"it-IT"},{"@type":"Organization","@id":"https:\/\/progettotouring.it\/radiotouring104\/#organization","name":"Radio Touring 104","url":"https:\/\/progettotouring.it\/radiotouring104\/","logo":{"@type":"ImageObject","inLanguage":"it-IT","@id":"https:\/\/progettotouring.it\/radiotouring104\/#\/schema\/logo\/image\/","url":"https:\/\/progettotouring.it\/radiotouring104\/wp-content\/uploads\/sites\/6\/2022\/02\/cropped-logo-radio-touring-104.png","contentUrl":"https:\/\/progettotouring.it\/radiotouring104\/wp-content\/uploads\/sites\/6\/2022\/02\/cropped-logo-radio-touring-104.png","width":377,"height":182,"caption":"Radio Touring 104"},"image":{"@id":"https:\/\/progettotouring.it\/radiotouring104\/#\/schema\/logo\/image\/"}},{"@type":"Person","@id":"https:\/\/progettotouring.it\/radiotouring104\/#\/schema\/person\/1b3eb3c07c47136bc44c785c543e635f","name":"redazione","image":{"@type":"ImageObject","inLanguage":"it-IT","@id":"https:\/\/secure.gravatar.com\/avatar\/0b31605b49f100769e8b624b3e05de1b73e1692e9568a352f60f53fd072e6e11?s=96&d=mm&r=g","url":"https:\/\/secure.gravatar.com\/avatar\/0b31605b49f100769e8b624b3e05de1b73e1692e9568a352f60f53fd072e6e11?s=96&d=mm&r=g","contentUrl":"https:\/\/secure.gravatar.com\/avatar\/0b31605b49f100769e8b624b3e05de1b73e1692e9568a352f60f53fd072e6e11?s=96&d=mm&r=g","caption":"redazione"},"url":"https:\/\/progettotouring.it\/radiotouring104\/author\/redazione\/"}]}},"jetpack_publicize_connections":[],"jetpack_featured_media_url":"https:\/\/progettotouring.it\/radiotouring104\/wp-content\/uploads\/sites\/6\/2025\/10\/Brunori-SAS-IL-TEMPO-DELLE-NOCI.gif","jetpack_sharing_enabled":true,"_links":{"self":[{"href":"https:\/\/progettotouring.it\/radiotouring104\/wp-json\/wp\/v2\/posts\/84356","targetHints":{"allow":["GET"]}}],"collection":[{"href":"https:\/\/progettotouring.it\/radiotouring104\/wp-json\/wp\/v2\/posts"}],"about":[{"href":"https:\/\/progettotouring.it\/radiotouring104\/wp-json\/wp\/v2\/types\/post"}],"author":[{"embeddable":true,"href":"https:\/\/progettotouring.it\/radiotouring104\/wp-json\/wp\/v2\/users\/5"}],"replies":[{"embeddable":true,"href":"https:\/\/progettotouring.it\/radiotouring104\/wp-json\/wp\/v2\/comments?post=84356"}],"version-history":[{"count":1,"href":"https:\/\/progettotouring.it\/radiotouring104\/wp-json\/wp\/v2\/posts\/84356\/revisions"}],"predecessor-version":[{"id":84358,"href":"https:\/\/progettotouring.it\/radiotouring104\/wp-json\/wp\/v2\/posts\/84356\/revisions\/84358"}],"wp:featuredmedia":[{"embeddable":true,"href":"https:\/\/progettotouring.it\/radiotouring104\/wp-json\/wp\/v2\/media\/84357"}],"wp:attachment":[{"href":"https:\/\/progettotouring.it\/radiotouring104\/wp-json\/wp\/v2\/media?parent=84356"}],"wp:term":[{"taxonomy":"category","embeddable":true,"href":"https:\/\/progettotouring.it\/radiotouring104\/wp-json\/wp\/v2\/categories?post=84356"},{"taxonomy":"post_tag","embeddable":true,"href":"https:\/\/progettotouring.it\/radiotouring104\/wp-json\/wp\/v2\/tags?post=84356"}],"curies":[{"name":"wp","href":"https:\/\/api.w.org\/{rel}","templated":true}]}}