{"id":84359,"date":"2025-10-20T11:12:19","date_gmt":"2025-10-20T09:12:19","guid":{"rendered":"https:\/\/progettotouring.it\/radiotouring104\/?p=84359"},"modified":"2025-10-20T12:58:36","modified_gmt":"2025-10-20T10:58:36","slug":"reggio-lopinione-di-giuseppe-foti-sul-disagio-giovanile","status":"publish","type":"post","link":"https:\/\/progettotouring.it\/radiotouring104\/2025\/10\/20\/reggio-lopinione-di-giuseppe-foti-sul-disagio-giovanile\/","title":{"rendered":"Reggio: l&#8217;opinione di Giuseppe Foti sul &#8220;Disagio Giovanile&#8221;"},"content":{"rendered":"<p>Riceviamo e pubblichiamo l&#8217;opinione di Giuseppe Foti sul problema del &#8220;Disagio Giovanile, secondo cui al cuore del problema che colpisce i ragazzi, ci sia la solitudine.<\/p>\n<p>&#8220;Dietro la rabbia dei giovani c\u2019\u00e8 solo solitudine. C\u2019\u00e8 la paura di essere invisibili in un mondo che li attraversa senza guardarli.<\/p>\n<p>C\u2019\u00e8 un rumore che non si spegne mai. Non viene dalla strada, ma degli sguardi dei ragazzi che incontriamo ogni giorno. Lo riconosci da una frase detta troppo forte, in una battuta che graffia, in un silenzio ostinato. \u00c8 il linguaggio di chi non crede pi\u00f9 che qualcuno stia davvero ascoltando.<\/p>\n<p>No \u00e8 solo rabbia. \u00c8 fame di presenza. Perch\u00e9 oggi il mondo li guarda ma non li vede. Li osserva come si scorrono le immagini su uno schermo: in fretta, senza attenzione, senza memoria. E allora loro \u2013 per restare \u2013 urlano. Anche quando non hanno pi\u00f9 nulla da dire.<\/p>\n<p>La nuova lingua del disagio \u00e8 l\u2019ironia tagliente, la risata che ferisce, la parola lanciata come una pietra. Non serve pi\u00f9 la violenza fisica: basta un commento per farsi notare, un post per esistere. Ma quella rabbia che sembra forza \u00e8, spesso, un gesto disperato di sopravvivenza. Come se dire male delle cose fosse l\u2019unico modo per sentirle ancora vive.<br \/>\nViviamo in una societ\u00e0 che predica l\u2019ottimismo ma semina precariet\u00e0. Che promette futuro e consegna instabilit\u00e0. Che parla di libert\u00e0 mentre misura tutto in prestazioni. In questo squilibrio, il linguaggio si deforma. Diventa scudo, diventa difesa, diventa un modo per non crollare.<\/p>\n<p>Immagina un ragazzo che arriva ogni mattina a scuola in ritardo. Entra, lancia lo zaino per terra, non saluta. Alla prima domanda, risponde con sarcasmo. Non \u00e8 un caso isolato, ma una scena che si ripete ovunque. Dietro al gesto \u2013 che sembra solo sfida \u2013 si nasconde un messaggio pi\u00f9 profondo: \u201cNon so se valgo, ma voglio che qualcuno se ne accorga\u201d. \u00c8 una richiesta di riconoscimento travestita da provocazione. E ogni volta che un adulto risponde solo con il rimprovero, quella richiesta si spegne un po&#8217; di pi\u00f9.<\/p>\n<p>Dopo l\u2019urlo, dopo la sfida, dopo il post violento\u2026arriva il silenzio. \u00c8 l\u00ec che molti crollano: nel momento in cui nessuno risponde, quando la connessione cade e restano soli con la propria voce che non serve pi\u00f9 a niente. Il vuoto che li circonda \u00e8 pi\u00f9 grande della loro rabbia. E quel vuoto, spesso, lo abbiamo scavato noi: adulti distratti, istituzioni senza ascolto, parole piene di promesse evaporate.<\/p>\n<p>Non serve demonizzare i giovani. Bisogna chiedersi perch\u00e9 hanno smesso di confidare nel domani. Hanno visto genitori faticare senza ottenere sicurezza, docenti logorati, lavori che svaniscono, amori che si consumano in un click. Hanno imparato che tutto pu\u00f2 crollare, anche la parola data.<\/p>\n<p>Allora reagiscono come possono: con il linguaggio che conoscono, con la durezza. Ma la durezza \u00e8 solo la pelle. Sotto, c\u2019\u00e8 il desiderio antico e fragile di ogni generazione: essere amati senza condizione, essere ascoltati senza paura di essere ridicoli.<br \/>\nEppure \u2013 scriveva Martin Heidegger (filosofo tedesco del XX secolo, autore di opere fondamentali sulla filosofia dell\u2019essere) \u2013 \u201cil linguaggio \u00e8 la casa dell\u2019essere\u201d. Se \u00e8 cos\u00ec, allora la brutalit\u00e0 delle parole di oggi ci dice che quella casa \u00e8 ferita, piena di crepe. Risanarla non significa insegnare buone maniere, ma restituire senso all\u2019abitare umano: rimettere dentro le parole la possibilit\u00e0 di un legame, di una verit\u00e0 condivisa.<\/p>\n<p>Ascoltare non \u00e8 un gesto morbido. \u00c8 un atto di coraggio. Vuol dire restare davanti alla rabbia senza fuggire, senza zittirla, senza rispondere con altra rabbia. Vuol dire \u201cti vedo\u201d quando tutto il resto della societ\u00e0 dice \u201cnon ho tempo\u201d.<br \/>\nNon servono parole magiche. Basta esserci. Basta che un adulto \u2013 un insegnante, un genitore \u2013 un educatore qualunque \u2013 resti anche quando non capisce, anche quando fa male. Perch\u00e9 \u00e8 in quel piccolo spazio di resistenza, tra la rabbia e l\u2019abbandono, che si ricostruisce la fiducia.<\/p>\n<p>Forse, se impariamo a non spaventarci di fronte a chi urla, scopriremo che non stavano chiedendo attenzione: stavano chiedendo di non scomparire. E allora, forse, quella casa del linguaggio potr\u00e0 tornare ad essere ci\u00f2 che era: un luogo dove l\u2019essere umano pu\u00f2 finalmente abitare senza paura.&#8221;, scrive nel comunicato Giuseppe Foti.<\/p>\n<p>&nbsp;<\/p>\n<p>(Foto di Paolo Monti da Wikipedia)<\/p>\n","protected":false},"excerpt":{"rendered":"<p>Riceviamo e pubblichiamo l&#8217;opinione di Giuseppe Foti sul problema del &#8220;Disagio Giovanile, secondo cui al cuore del problema che colpisce i ragazzi, ci sia la solitudine. &#8220;Dietro la rabbia dei&hellip;<\/p>\n","protected":false},"author":5,"featured_media":84360,"comment_status":"closed","ping_status":"open","sticky":false,"template":"","format":"standard","meta":{"_jetpack_memberships_contains_paid_content":false,"footnotes":"","jetpack_publicize_message":"","jetpack_publicize_feature_enabled":true,"jetpack_social_post_already_shared":true,"jetpack_social_options":{"image_generator_settings":{"template":"highway","default_image_id":0,"font":"","enabled":false},"version":2}},"categories":[921,196,140],"tags":[44436,2846,48465,48466],"class_list":["post-84359","post","type-post","status-publish","format-standard","has-post-thumbnail","hentry","category-home","category-news","category-reggio-calabria","tag-disagio-giovanile","tag-giuseppe-foti","tag-opinione","tag-solitudine"],"yoast_head":"<!-- This site is optimized with the Yoast SEO plugin v27.2 - https:\/\/yoast.com\/product\/yoast-seo-wordpress\/ -->\n<title>Reggio: l&#039;opinione di Giuseppe Foti sul &quot;Disagio Giovanile&quot;<\/title>\n<meta name=\"description\" content=\"Pubblichiamo la riflessione di Giuseppe Foti sul Disagio Giovanile, secondo il quale dietro questo problema sociale, ci sia la solitudine\" \/>\n<meta name=\"robots\" content=\"index, follow, max-snippet:-1, max-image-preview:large, max-video-preview:-1\" \/>\n<link rel=\"canonical\" href=\"https:\/\/progettotouring.it\/radiotouring104\/2025\/10\/20\/reggio-lopinione-di-giuseppe-foti-sul-disagio-giovanile\/\" \/>\n<meta property=\"og:locale\" content=\"it_IT\" \/>\n<meta property=\"og:type\" content=\"article\" \/>\n<meta property=\"og:title\" content=\"Reggio: l&#039;opinione di Giuseppe Foti sul &quot;Disagio Giovanile&quot;\" \/>\n<meta property=\"og:description\" content=\"Pubblichiamo la riflessione di Giuseppe Foti sul Disagio Giovanile, secondo il quale dietro questo problema sociale, ci sia la solitudine\" \/>\n<meta property=\"og:url\" content=\"https:\/\/progettotouring.it\/radiotouring104\/2025\/10\/20\/reggio-lopinione-di-giuseppe-foti-sul-disagio-giovanile\/\" \/>\n<meta property=\"og:site_name\" content=\"Radio Touring 104\" \/>\n<meta property=\"article:published_time\" content=\"2025-10-20T09:12:19+00:00\" \/>\n<meta property=\"article:modified_time\" content=\"2025-10-20T10:58:36+00:00\" \/>\n<meta property=\"og:image\" content=\"https:\/\/progettotouring.it\/radiotouring104\/wp-content\/uploads\/sites\/6\/2025\/10\/Disagio-Giovanile.jpg\" \/>\n\t<meta property=\"og:image:width\" content=\"800\" \/>\n\t<meta property=\"og:image:height\" content=\"594\" \/>\n\t<meta property=\"og:image:type\" content=\"image\/jpeg\" \/>\n<meta name=\"author\" content=\"redazione\" \/>\n<meta name=\"twitter:card\" content=\"summary_large_image\" \/>\n<meta name=\"twitter:label1\" content=\"Scritto da\" \/>\n\t<meta name=\"twitter:data1\" content=\"redazione\" \/>\n\t<meta name=\"twitter:label2\" content=\"Tempo di lettura stimato\" \/>\n\t<meta name=\"twitter:data2\" content=\"3 minuti\" \/>\n<script type=\"application\/ld+json\" class=\"yoast-schema-graph\">{\"@context\":\"https:\/\/schema.org\",\"@graph\":[{\"@type\":\"Article\",\"@id\":\"https:\/\/progettotouring.it\/radiotouring104\/2025\/10\/20\/reggio-lopinione-di-giuseppe-foti-sul-disagio-giovanile\/#article\",\"isPartOf\":{\"@id\":\"https:\/\/progettotouring.it\/radiotouring104\/2025\/10\/20\/reggio-lopinione-di-giuseppe-foti-sul-disagio-giovanile\/\"},\"author\":{\"name\":\"redazione\",\"@id\":\"https:\/\/progettotouring.it\/radiotouring104\/#\/schema\/person\/1b3eb3c07c47136bc44c785c543e635f\"},\"headline\":\"Reggio: l&#8217;opinione di Giuseppe Foti sul &#8220;Disagio Giovanile&#8221;\",\"datePublished\":\"2025-10-20T09:12:19+00:00\",\"dateModified\":\"2025-10-20T10:58:36+00:00\",\"mainEntityOfPage\":{\"@id\":\"https:\/\/progettotouring.it\/radiotouring104\/2025\/10\/20\/reggio-lopinione-di-giuseppe-foti-sul-disagio-giovanile\/\"},\"wordCount\":698,\"publisher\":{\"@id\":\"https:\/\/progettotouring.it\/radiotouring104\/#organization\"},\"image\":{\"@id\":\"https:\/\/progettotouring.it\/radiotouring104\/2025\/10\/20\/reggio-lopinione-di-giuseppe-foti-sul-disagio-giovanile\/#primaryimage\"},\"thumbnailUrl\":\"https:\/\/progettotouring.it\/radiotouring104\/wp-content\/uploads\/sites\/6\/2025\/10\/Disagio-Giovanile.jpg\",\"keywords\":[\"disagio giovanile\",\"giuseppe foti\",\"opinione\",\"solitudine\"],\"articleSection\":[\"Home\",\"News\",\"Reggio Calabria\"],\"inLanguage\":\"it-IT\"},{\"@type\":\"WebPage\",\"@id\":\"https:\/\/progettotouring.it\/radiotouring104\/2025\/10\/20\/reggio-lopinione-di-giuseppe-foti-sul-disagio-giovanile\/\",\"url\":\"https:\/\/progettotouring.it\/radiotouring104\/2025\/10\/20\/reggio-lopinione-di-giuseppe-foti-sul-disagio-giovanile\/\",\"name\":\"Reggio: l'opinione di Giuseppe Foti sul \\\"Disagio Giovanile\\\"\",\"isPartOf\":{\"@id\":\"https:\/\/progettotouring.it\/radiotouring104\/#website\"},\"primaryImageOfPage\":{\"@id\":\"https:\/\/progettotouring.it\/radiotouring104\/2025\/10\/20\/reggio-lopinione-di-giuseppe-foti-sul-disagio-giovanile\/#primaryimage\"},\"image\":{\"@id\":\"https:\/\/progettotouring.it\/radiotouring104\/2025\/10\/20\/reggio-lopinione-di-giuseppe-foti-sul-disagio-giovanile\/#primaryimage\"},\"thumbnailUrl\":\"https:\/\/progettotouring.it\/radiotouring104\/wp-content\/uploads\/sites\/6\/2025\/10\/Disagio-Giovanile.jpg\",\"datePublished\":\"2025-10-20T09:12:19+00:00\",\"dateModified\":\"2025-10-20T10:58:36+00:00\",\"description\":\"Pubblichiamo la riflessione di Giuseppe Foti sul Disagio Giovanile, secondo il quale dietro questo problema sociale, ci sia la solitudine\",\"breadcrumb\":{\"@id\":\"https:\/\/progettotouring.it\/radiotouring104\/2025\/10\/20\/reggio-lopinione-di-giuseppe-foti-sul-disagio-giovanile\/#breadcrumb\"},\"inLanguage\":\"it-IT\",\"potentialAction\":[{\"@type\":\"ReadAction\",\"target\":[\"https:\/\/progettotouring.it\/radiotouring104\/2025\/10\/20\/reggio-lopinione-di-giuseppe-foti-sul-disagio-giovanile\/\"]}]},{\"@type\":\"ImageObject\",\"inLanguage\":\"it-IT\",\"@id\":\"https:\/\/progettotouring.it\/radiotouring104\/2025\/10\/20\/reggio-lopinione-di-giuseppe-foti-sul-disagio-giovanile\/#primaryimage\",\"url\":\"https:\/\/progettotouring.it\/radiotouring104\/wp-content\/uploads\/sites\/6\/2025\/10\/Disagio-Giovanile.jpg\",\"contentUrl\":\"https:\/\/progettotouring.it\/radiotouring104\/wp-content\/uploads\/sites\/6\/2025\/10\/Disagio-Giovanile.jpg\",\"width\":800,\"height\":594},{\"@type\":\"BreadcrumbList\",\"@id\":\"https:\/\/progettotouring.it\/radiotouring104\/2025\/10\/20\/reggio-lopinione-di-giuseppe-foti-sul-disagio-giovanile\/#breadcrumb\",\"itemListElement\":[{\"@type\":\"ListItem\",\"position\":1,\"name\":\"Home\",\"item\":\"https:\/\/progettotouring.it\/radiotouring104\/\"},{\"@type\":\"ListItem\",\"position\":2,\"name\":\"Reggio: l&#8217;opinione di Giuseppe Foti sul &#8220;Disagio Giovanile&#8221;\"}]},{\"@type\":\"WebSite\",\"@id\":\"https:\/\/progettotouring.it\/radiotouring104\/#website\",\"url\":\"https:\/\/progettotouring.it\/radiotouring104\/\",\"name\":\"Radio Touring 104\",\"description\":\"La prima radio Reggina\",\"publisher\":{\"@id\":\"https:\/\/progettotouring.it\/radiotouring104\/#organization\"},\"potentialAction\":[{\"@type\":\"SearchAction\",\"target\":{\"@type\":\"EntryPoint\",\"urlTemplate\":\"https:\/\/progettotouring.it\/radiotouring104\/?s={search_term_string}\"},\"query-input\":{\"@type\":\"PropertyValueSpecification\",\"valueRequired\":true,\"valueName\":\"search_term_string\"}}],\"inLanguage\":\"it-IT\"},{\"@type\":\"Organization\",\"@id\":\"https:\/\/progettotouring.it\/radiotouring104\/#organization\",\"name\":\"Radio Touring 104\",\"url\":\"https:\/\/progettotouring.it\/radiotouring104\/\",\"logo\":{\"@type\":\"ImageObject\",\"inLanguage\":\"it-IT\",\"@id\":\"https:\/\/progettotouring.it\/radiotouring104\/#\/schema\/logo\/image\/\",\"url\":\"https:\/\/progettotouring.it\/radiotouring104\/wp-content\/uploads\/sites\/6\/2022\/02\/cropped-logo-radio-touring-104.png\",\"contentUrl\":\"https:\/\/progettotouring.it\/radiotouring104\/wp-content\/uploads\/sites\/6\/2022\/02\/cropped-logo-radio-touring-104.png\",\"width\":377,\"height\":182,\"caption\":\"Radio Touring 104\"},\"image\":{\"@id\":\"https:\/\/progettotouring.it\/radiotouring104\/#\/schema\/logo\/image\/\"}},{\"@type\":\"Person\",\"@id\":\"https:\/\/progettotouring.it\/radiotouring104\/#\/schema\/person\/1b3eb3c07c47136bc44c785c543e635f\",\"name\":\"redazione\",\"image\":{\"@type\":\"ImageObject\",\"inLanguage\":\"it-IT\",\"@id\":\"https:\/\/secure.gravatar.com\/avatar\/0b31605b49f100769e8b624b3e05de1b73e1692e9568a352f60f53fd072e6e11?s=96&d=mm&r=g\",\"url\":\"https:\/\/secure.gravatar.com\/avatar\/0b31605b49f100769e8b624b3e05de1b73e1692e9568a352f60f53fd072e6e11?s=96&d=mm&r=g\",\"contentUrl\":\"https:\/\/secure.gravatar.com\/avatar\/0b31605b49f100769e8b624b3e05de1b73e1692e9568a352f60f53fd072e6e11?s=96&d=mm&r=g\",\"caption\":\"redazione\"},\"url\":\"https:\/\/progettotouring.it\/radiotouring104\/author\/redazione\/\"}]}<\/script>\n<!-- \/ Yoast SEO plugin. -->","yoast_head_json":{"title":"Reggio: l'opinione di Giuseppe Foti sul \"Disagio Giovanile\"","description":"Pubblichiamo la riflessione di Giuseppe Foti sul Disagio Giovanile, secondo il quale dietro questo problema sociale, ci sia la solitudine","robots":{"index":"index","follow":"follow","max-snippet":"max-snippet:-1","max-image-preview":"max-image-preview:large","max-video-preview":"max-video-preview:-1"},"canonical":"https:\/\/progettotouring.it\/radiotouring104\/2025\/10\/20\/reggio-lopinione-di-giuseppe-foti-sul-disagio-giovanile\/","og_locale":"it_IT","og_type":"article","og_title":"Reggio: l'opinione di Giuseppe Foti sul \"Disagio Giovanile\"","og_description":"Pubblichiamo la riflessione di Giuseppe Foti sul Disagio Giovanile, secondo il quale dietro questo problema sociale, ci sia la solitudine","og_url":"https:\/\/progettotouring.it\/radiotouring104\/2025\/10\/20\/reggio-lopinione-di-giuseppe-foti-sul-disagio-giovanile\/","og_site_name":"Radio Touring 104","article_published_time":"2025-10-20T09:12:19+00:00","article_modified_time":"2025-10-20T10:58:36+00:00","og_image":[{"width":800,"height":594,"url":"https:\/\/progettotouring.it\/radiotouring104\/wp-content\/uploads\/sites\/6\/2025\/10\/Disagio-Giovanile.jpg","type":"image\/jpeg"}],"author":"redazione","twitter_card":"summary_large_image","twitter_misc":{"Scritto da":"redazione","Tempo di lettura stimato":"3 minuti"},"schema":{"@context":"https:\/\/schema.org","@graph":[{"@type":"Article","@id":"https:\/\/progettotouring.it\/radiotouring104\/2025\/10\/20\/reggio-lopinione-di-giuseppe-foti-sul-disagio-giovanile\/#article","isPartOf":{"@id":"https:\/\/progettotouring.it\/radiotouring104\/2025\/10\/20\/reggio-lopinione-di-giuseppe-foti-sul-disagio-giovanile\/"},"author":{"name":"redazione","@id":"https:\/\/progettotouring.it\/radiotouring104\/#\/schema\/person\/1b3eb3c07c47136bc44c785c543e635f"},"headline":"Reggio: l&#8217;opinione di Giuseppe Foti sul &#8220;Disagio Giovanile&#8221;","datePublished":"2025-10-20T09:12:19+00:00","dateModified":"2025-10-20T10:58:36+00:00","mainEntityOfPage":{"@id":"https:\/\/progettotouring.it\/radiotouring104\/2025\/10\/20\/reggio-lopinione-di-giuseppe-foti-sul-disagio-giovanile\/"},"wordCount":698,"publisher":{"@id":"https:\/\/progettotouring.it\/radiotouring104\/#organization"},"image":{"@id":"https:\/\/progettotouring.it\/radiotouring104\/2025\/10\/20\/reggio-lopinione-di-giuseppe-foti-sul-disagio-giovanile\/#primaryimage"},"thumbnailUrl":"https:\/\/progettotouring.it\/radiotouring104\/wp-content\/uploads\/sites\/6\/2025\/10\/Disagio-Giovanile.jpg","keywords":["disagio giovanile","giuseppe foti","opinione","solitudine"],"articleSection":["Home","News","Reggio Calabria"],"inLanguage":"it-IT"},{"@type":"WebPage","@id":"https:\/\/progettotouring.it\/radiotouring104\/2025\/10\/20\/reggio-lopinione-di-giuseppe-foti-sul-disagio-giovanile\/","url":"https:\/\/progettotouring.it\/radiotouring104\/2025\/10\/20\/reggio-lopinione-di-giuseppe-foti-sul-disagio-giovanile\/","name":"Reggio: l'opinione di Giuseppe Foti sul \"Disagio Giovanile\"","isPartOf":{"@id":"https:\/\/progettotouring.it\/radiotouring104\/#website"},"primaryImageOfPage":{"@id":"https:\/\/progettotouring.it\/radiotouring104\/2025\/10\/20\/reggio-lopinione-di-giuseppe-foti-sul-disagio-giovanile\/#primaryimage"},"image":{"@id":"https:\/\/progettotouring.it\/radiotouring104\/2025\/10\/20\/reggio-lopinione-di-giuseppe-foti-sul-disagio-giovanile\/#primaryimage"},"thumbnailUrl":"https:\/\/progettotouring.it\/radiotouring104\/wp-content\/uploads\/sites\/6\/2025\/10\/Disagio-Giovanile.jpg","datePublished":"2025-10-20T09:12:19+00:00","dateModified":"2025-10-20T10:58:36+00:00","description":"Pubblichiamo la riflessione di Giuseppe Foti sul Disagio Giovanile, secondo il quale dietro questo problema sociale, ci sia la solitudine","breadcrumb":{"@id":"https:\/\/progettotouring.it\/radiotouring104\/2025\/10\/20\/reggio-lopinione-di-giuseppe-foti-sul-disagio-giovanile\/#breadcrumb"},"inLanguage":"it-IT","potentialAction":[{"@type":"ReadAction","target":["https:\/\/progettotouring.it\/radiotouring104\/2025\/10\/20\/reggio-lopinione-di-giuseppe-foti-sul-disagio-giovanile\/"]}]},{"@type":"ImageObject","inLanguage":"it-IT","@id":"https:\/\/progettotouring.it\/radiotouring104\/2025\/10\/20\/reggio-lopinione-di-giuseppe-foti-sul-disagio-giovanile\/#primaryimage","url":"https:\/\/progettotouring.it\/radiotouring104\/wp-content\/uploads\/sites\/6\/2025\/10\/Disagio-Giovanile.jpg","contentUrl":"https:\/\/progettotouring.it\/radiotouring104\/wp-content\/uploads\/sites\/6\/2025\/10\/Disagio-Giovanile.jpg","width":800,"height":594},{"@type":"BreadcrumbList","@id":"https:\/\/progettotouring.it\/radiotouring104\/2025\/10\/20\/reggio-lopinione-di-giuseppe-foti-sul-disagio-giovanile\/#breadcrumb","itemListElement":[{"@type":"ListItem","position":1,"name":"Home","item":"https:\/\/progettotouring.it\/radiotouring104\/"},{"@type":"ListItem","position":2,"name":"Reggio: l&#8217;opinione di Giuseppe Foti sul &#8220;Disagio Giovanile&#8221;"}]},{"@type":"WebSite","@id":"https:\/\/progettotouring.it\/radiotouring104\/#website","url":"https:\/\/progettotouring.it\/radiotouring104\/","name":"Radio Touring 104","description":"La prima radio Reggina","publisher":{"@id":"https:\/\/progettotouring.it\/radiotouring104\/#organization"},"potentialAction":[{"@type":"SearchAction","target":{"@type":"EntryPoint","urlTemplate":"https:\/\/progettotouring.it\/radiotouring104\/?s={search_term_string}"},"query-input":{"@type":"PropertyValueSpecification","valueRequired":true,"valueName":"search_term_string"}}],"inLanguage":"it-IT"},{"@type":"Organization","@id":"https:\/\/progettotouring.it\/radiotouring104\/#organization","name":"Radio Touring 104","url":"https:\/\/progettotouring.it\/radiotouring104\/","logo":{"@type":"ImageObject","inLanguage":"it-IT","@id":"https:\/\/progettotouring.it\/radiotouring104\/#\/schema\/logo\/image\/","url":"https:\/\/progettotouring.it\/radiotouring104\/wp-content\/uploads\/sites\/6\/2022\/02\/cropped-logo-radio-touring-104.png","contentUrl":"https:\/\/progettotouring.it\/radiotouring104\/wp-content\/uploads\/sites\/6\/2022\/02\/cropped-logo-radio-touring-104.png","width":377,"height":182,"caption":"Radio Touring 104"},"image":{"@id":"https:\/\/progettotouring.it\/radiotouring104\/#\/schema\/logo\/image\/"}},{"@type":"Person","@id":"https:\/\/progettotouring.it\/radiotouring104\/#\/schema\/person\/1b3eb3c07c47136bc44c785c543e635f","name":"redazione","image":{"@type":"ImageObject","inLanguage":"it-IT","@id":"https:\/\/secure.gravatar.com\/avatar\/0b31605b49f100769e8b624b3e05de1b73e1692e9568a352f60f53fd072e6e11?s=96&d=mm&r=g","url":"https:\/\/secure.gravatar.com\/avatar\/0b31605b49f100769e8b624b3e05de1b73e1692e9568a352f60f53fd072e6e11?s=96&d=mm&r=g","contentUrl":"https:\/\/secure.gravatar.com\/avatar\/0b31605b49f100769e8b624b3e05de1b73e1692e9568a352f60f53fd072e6e11?s=96&d=mm&r=g","caption":"redazione"},"url":"https:\/\/progettotouring.it\/radiotouring104\/author\/redazione\/"}]}},"jetpack_publicize_connections":[],"jetpack_featured_media_url":"https:\/\/progettotouring.it\/radiotouring104\/wp-content\/uploads\/sites\/6\/2025\/10\/Disagio-Giovanile.jpg","jetpack_sharing_enabled":true,"_links":{"self":[{"href":"https:\/\/progettotouring.it\/radiotouring104\/wp-json\/wp\/v2\/posts\/84359","targetHints":{"allow":["GET"]}}],"collection":[{"href":"https:\/\/progettotouring.it\/radiotouring104\/wp-json\/wp\/v2\/posts"}],"about":[{"href":"https:\/\/progettotouring.it\/radiotouring104\/wp-json\/wp\/v2\/types\/post"}],"author":[{"embeddable":true,"href":"https:\/\/progettotouring.it\/radiotouring104\/wp-json\/wp\/v2\/users\/5"}],"replies":[{"embeddable":true,"href":"https:\/\/progettotouring.it\/radiotouring104\/wp-json\/wp\/v2\/comments?post=84359"}],"version-history":[{"count":1,"href":"https:\/\/progettotouring.it\/radiotouring104\/wp-json\/wp\/v2\/posts\/84359\/revisions"}],"predecessor-version":[{"id":84361,"href":"https:\/\/progettotouring.it\/radiotouring104\/wp-json\/wp\/v2\/posts\/84359\/revisions\/84361"}],"wp:featuredmedia":[{"embeddable":true,"href":"https:\/\/progettotouring.it\/radiotouring104\/wp-json\/wp\/v2\/media\/84360"}],"wp:attachment":[{"href":"https:\/\/progettotouring.it\/radiotouring104\/wp-json\/wp\/v2\/media?parent=84359"}],"wp:term":[{"taxonomy":"category","embeddable":true,"href":"https:\/\/progettotouring.it\/radiotouring104\/wp-json\/wp\/v2\/categories?post=84359"},{"taxonomy":"post_tag","embeddable":true,"href":"https:\/\/progettotouring.it\/radiotouring104\/wp-json\/wp\/v2\/tags?post=84359"}],"curies":[{"name":"wp","href":"https:\/\/api.w.org\/{rel}","templated":true}]}}