{"id":84365,"date":"2025-10-20T11:33:45","date_gmt":"2025-10-20T09:33:45","guid":{"rendered":"https:\/\/progettotouring.it\/radiotouring104\/?p=84365"},"modified":"2025-10-21T10:28:46","modified_gmt":"2025-10-21T08:28:46","slug":"a-polistena-la-mostra-attraverso-finestre-invisibili","status":"publish","type":"post","link":"https:\/\/progettotouring.it\/radiotouring104\/2025\/10\/20\/a-polistena-la-mostra-attraverso-finestre-invisibili\/","title":{"rendered":"A Polistena la mostra \u201cAttraverso finestre invisibili\u201d"},"content":{"rendered":"<p>L\u2019associazione di promozione sociale \u201cArte che Parla\u201d, con il patrocinio del Comune di Polistena (R.C.), organizza, nell\u2019ambito del progetto \u201cEspressioni d\u2019arte\u201d, ideato dalla presidente e organizzatrice di eventi Simona Mileto, dalla socia e artista cosentina Marilena Cucunato, curatrice, e dalla socia Amalia Papasidero, responsabile della comunicazione, la mostra \u201cAttraverso finestre invisibili\u201d, dell\u2019artista Marco Lombardo.<\/p>\n<p>Durante l\u2019esposizione, il visitatore avr\u00e0 modo di immergersi in un mondo sospeso in cui presente e passato si guardano negli occhi: le tele di Marco Lombardo attraverso i volti, le mani, i corpi immersi nella luce che sembrano emergere da un tempo indefinito, ci raccontano la bellezza classica che si rinnova in una dimensione intima e contemporanea. In equilibrio tra virtuosismo tecnico ed emozione, la sua tavolozza \u00e8 sobria e raffinata: toni caldi e avvolgenti si intrecciano a bianchi vaporosi, blu profondi e riflessi dorati che vibrano con discrezione.<\/p>\n<p>\u00c8 cos\u00ec che l\u2019artista indaga la sostanza, utilizzando la forma per dare profondit\u00e0 psicologica e quasi spirituale alle sue opere.<\/p>\n<p>Particolarmente importanti e di rara bellezza le cornici che impreziosiscono le tele esposte: le loro forme scolpite, i toni scuri, le finiture materiche diventano una sorta di eco visiva che amplifica la voce del quadro, creando un dialogo tra interno ed esterno, tra pittura e spazio reale.<\/p>\n<p>Il vernissage si terr\u00e0 a Polistena, presso la Casa Natale dei Jerace, in via Domenicani, sabato 25 ottobre dalle ore 18:00 alle ore 20:00.<\/p>\n<p>Sar\u00e0, poi, possibile visitare la personale secondo il seguente calendario: domenica 26, luned\u00ec 27, mercoled\u00ec 29, dalle ore 18:00 alle ore 20:00.<\/p>\n<p>Il finissage si terr\u00e0 gioved\u00ec 30 ottobre, dalle ore 18:00 alle ore 20:00.<\/p>\n<p>L\u2019ingresso \u00e8 gratuito.<\/p>\n<p>Arte che Parla APS si presenta come una realt\u00e0 dinamica e in evoluzione costante. Sin dalla sua fondazione nel 2019, l\u2019associazione ha saputo coniugare attivit\u00e0 formative, mostre ed eventi di sensibilizzazione, contribuendo a valorizzare il territorio di Polistena e dintorni a promuovere l\u2019arte come strumento di inclusione e crescita sociale. Le campagne contro il bullismo e il cyberbullismo, le rassegne letterarie e il concorso annuale \u201cArte al Femminile\u201d testimoniano l\u2019impegno multidisciplinare e il costante aggiornamento verso le sfide educative e culturali della comunit\u00e0.<\/p>\n<p>Vi aspettiamo tutti per il vernissage che si terr\u00e0 sabato 25 ottobre alle 18:00<\/p>\n","protected":false},"excerpt":{"rendered":"<p>L\u2019associazione di promozione sociale \u201cArte che Parla\u201d, con il patrocinio del Comune di Polistena (R.C.), organizza, nell\u2019ambito del progetto \u201cEspressioni d\u2019arte\u201d, ideato dalla presidente e organizzatrice di eventi Simona Mileto,&hellip;<\/p>\n","protected":false},"author":5,"featured_media":84366,"comment_status":"closed","ping_status":"open","sticky":false,"template":"","format":"standard","meta":{"_jetpack_memberships_contains_paid_content":false,"footnotes":"","jetpack_publicize_message":"","jetpack_publicize_feature_enabled":true,"jetpack_social_post_already_shared":true,"jetpack_social_options":{"image_generator_settings":{"template":"highway","default_image_id":0,"font":"","enabled":false},"version":2}},"categories":[921,196,140],"tags":[48471,48469,828,48470,48472,42128],"class_list":["post-84365","post","type-post","status-publish","format-standard","has-post-thumbnail","hentry","category-home","category-news","category-reggio-calabria","tag-casa-natale-dei-jerace","tag-mostra-attraverso-finestre-invisibili","tag-polistena","tag-progetto-espressioni-darte","tag-promozione-sociale-arte-che-parla","tag-simona-mileto"],"yoast_head":"<!-- This site is optimized with the Yoast SEO plugin v27.2 - https:\/\/yoast.com\/product\/yoast-seo-wordpress\/ -->\n<title>A Polistena la mostra \u201cAttraverso finestre invisibili\u201d<\/title>\n<meta name=\"description\" content=\"Al via il progetto &quot;Espressioni d&#039;arte&quot;. Il vernissage si terr\u00e0 il 25 ottobre, dalle 18:00 alle ore 20:00, presso la Casa Natale dei Jerace\" \/>\n<meta name=\"robots\" content=\"index, follow, max-snippet:-1, max-image-preview:large, max-video-preview:-1\" \/>\n<link rel=\"canonical\" href=\"https:\/\/progettotouring.it\/radiotouring104\/2025\/10\/20\/a-polistena-la-mostra-attraverso-finestre-invisibili\/\" \/>\n<meta property=\"og:locale\" content=\"it_IT\" \/>\n<meta property=\"og:type\" content=\"article\" \/>\n<meta property=\"og:title\" content=\"A Polistena la mostra \u201cAttraverso finestre invisibili\u201d\" \/>\n<meta property=\"og:description\" content=\"Al via il progetto &quot;Espressioni d&#039;arte&quot;. Il vernissage si terr\u00e0 il 25 ottobre, dalle 18:00 alle ore 20:00, presso la Casa Natale dei Jerace\" \/>\n<meta property=\"og:url\" content=\"https:\/\/progettotouring.it\/radiotouring104\/2025\/10\/20\/a-polistena-la-mostra-attraverso-finestre-invisibili\/\" \/>\n<meta property=\"og:site_name\" content=\"Radio Touring 104\" \/>\n<meta property=\"article:published_time\" content=\"2025-10-20T09:33:45+00:00\" \/>\n<meta property=\"article:modified_time\" content=\"2025-10-21T08:28:46+00:00\" \/>\n<meta property=\"og:image\" content=\"https:\/\/progettotouring.it\/radiotouring104\/wp-content\/uploads\/sites\/6\/2025\/10\/mostra-Espressioni-darte-polistena.jpeg\" \/>\n\t<meta property=\"og:image:width\" content=\"1135\" \/>\n\t<meta property=\"og:image:height\" content=\"1600\" \/>\n\t<meta property=\"og:image:type\" content=\"image\/jpeg\" \/>\n<meta name=\"author\" content=\"redazione\" \/>\n<meta name=\"twitter:card\" content=\"summary_large_image\" \/>\n<meta name=\"twitter:label1\" content=\"Scritto da\" \/>\n\t<meta name=\"twitter:data1\" content=\"redazione\" \/>\n\t<meta name=\"twitter:label2\" content=\"Tempo di lettura stimato\" \/>\n\t<meta name=\"twitter:data2\" content=\"2 minuti\" \/>\n<script type=\"application\/ld+json\" class=\"yoast-schema-graph\">{\"@context\":\"https:\/\/schema.org\",\"@graph\":[{\"@type\":\"Article\",\"@id\":\"https:\/\/progettotouring.it\/radiotouring104\/2025\/10\/20\/a-polistena-la-mostra-attraverso-finestre-invisibili\/#article\",\"isPartOf\":{\"@id\":\"https:\/\/progettotouring.it\/radiotouring104\/2025\/10\/20\/a-polistena-la-mostra-attraverso-finestre-invisibili\/\"},\"author\":{\"name\":\"redazione\",\"@id\":\"https:\/\/progettotouring.it\/radiotouring104\/#\/schema\/person\/1b3eb3c07c47136bc44c785c543e635f\"},\"headline\":\"A Polistena la mostra \u201cAttraverso finestre invisibili\u201d\",\"datePublished\":\"2025-10-20T09:33:45+00:00\",\"dateModified\":\"2025-10-21T08:28:46+00:00\",\"mainEntityOfPage\":{\"@id\":\"https:\/\/progettotouring.it\/radiotouring104\/2025\/10\/20\/a-polistena-la-mostra-attraverso-finestre-invisibili\/\"},\"wordCount\":370,\"publisher\":{\"@id\":\"https:\/\/progettotouring.it\/radiotouring104\/#organization\"},\"image\":{\"@id\":\"https:\/\/progettotouring.it\/radiotouring104\/2025\/10\/20\/a-polistena-la-mostra-attraverso-finestre-invisibili\/#primaryimage\"},\"thumbnailUrl\":\"https:\/\/progettotouring.it\/radiotouring104\/wp-content\/uploads\/sites\/6\/2025\/10\/mostra-Espressioni-darte-polistena.jpeg\",\"keywords\":[\"Casa Natale dei Jerace\",\"mostra \u201cAttraverso finestre invisibili\u201d\",\"Polistena\",\"progetto \\\"Espressioni d'arte\\\"\",\"promozione sociale \u201cArte che Parla\u201d\",\"Simona Mileto\"],\"articleSection\":[\"Home\",\"News\",\"Reggio Calabria\"],\"inLanguage\":\"it-IT\"},{\"@type\":\"WebPage\",\"@id\":\"https:\/\/progettotouring.it\/radiotouring104\/2025\/10\/20\/a-polistena-la-mostra-attraverso-finestre-invisibili\/\",\"url\":\"https:\/\/progettotouring.it\/radiotouring104\/2025\/10\/20\/a-polistena-la-mostra-attraverso-finestre-invisibili\/\",\"name\":\"A Polistena la mostra \u201cAttraverso finestre invisibili\u201d\",\"isPartOf\":{\"@id\":\"https:\/\/progettotouring.it\/radiotouring104\/#website\"},\"primaryImageOfPage\":{\"@id\":\"https:\/\/progettotouring.it\/radiotouring104\/2025\/10\/20\/a-polistena-la-mostra-attraverso-finestre-invisibili\/#primaryimage\"},\"image\":{\"@id\":\"https:\/\/progettotouring.it\/radiotouring104\/2025\/10\/20\/a-polistena-la-mostra-attraverso-finestre-invisibili\/#primaryimage\"},\"thumbnailUrl\":\"https:\/\/progettotouring.it\/radiotouring104\/wp-content\/uploads\/sites\/6\/2025\/10\/mostra-Espressioni-darte-polistena.jpeg\",\"datePublished\":\"2025-10-20T09:33:45+00:00\",\"dateModified\":\"2025-10-21T08:28:46+00:00\",\"description\":\"Al via il progetto \\\"Espressioni d'arte\\\". Il vernissage si terr\u00e0 il 25 ottobre, dalle 18:00 alle ore 20:00, presso la Casa Natale dei Jerace\",\"breadcrumb\":{\"@id\":\"https:\/\/progettotouring.it\/radiotouring104\/2025\/10\/20\/a-polistena-la-mostra-attraverso-finestre-invisibili\/#breadcrumb\"},\"inLanguage\":\"it-IT\",\"potentialAction\":[{\"@type\":\"ReadAction\",\"target\":[\"https:\/\/progettotouring.it\/radiotouring104\/2025\/10\/20\/a-polistena-la-mostra-attraverso-finestre-invisibili\/\"]}]},{\"@type\":\"ImageObject\",\"inLanguage\":\"it-IT\",\"@id\":\"https:\/\/progettotouring.it\/radiotouring104\/2025\/10\/20\/a-polistena-la-mostra-attraverso-finestre-invisibili\/#primaryimage\",\"url\":\"https:\/\/progettotouring.it\/radiotouring104\/wp-content\/uploads\/sites\/6\/2025\/10\/mostra-Espressioni-darte-polistena.jpeg\",\"contentUrl\":\"https:\/\/progettotouring.it\/radiotouring104\/wp-content\/uploads\/sites\/6\/2025\/10\/mostra-Espressioni-darte-polistena.jpeg\",\"width\":1135,\"height\":1600},{\"@type\":\"BreadcrumbList\",\"@id\":\"https:\/\/progettotouring.it\/radiotouring104\/2025\/10\/20\/a-polistena-la-mostra-attraverso-finestre-invisibili\/#breadcrumb\",\"itemListElement\":[{\"@type\":\"ListItem\",\"position\":1,\"name\":\"Home\",\"item\":\"https:\/\/progettotouring.it\/radiotouring104\/\"},{\"@type\":\"ListItem\",\"position\":2,\"name\":\"A Polistena la mostra \u201cAttraverso finestre invisibili\u201d\"}]},{\"@type\":\"WebSite\",\"@id\":\"https:\/\/progettotouring.it\/radiotouring104\/#website\",\"url\":\"https:\/\/progettotouring.it\/radiotouring104\/\",\"name\":\"Radio Touring 104\",\"description\":\"La prima radio Reggina\",\"publisher\":{\"@id\":\"https:\/\/progettotouring.it\/radiotouring104\/#organization\"},\"potentialAction\":[{\"@type\":\"SearchAction\",\"target\":{\"@type\":\"EntryPoint\",\"urlTemplate\":\"https:\/\/progettotouring.it\/radiotouring104\/?s={search_term_string}\"},\"query-input\":{\"@type\":\"PropertyValueSpecification\",\"valueRequired\":true,\"valueName\":\"search_term_string\"}}],\"inLanguage\":\"it-IT\"},{\"@type\":\"Organization\",\"@id\":\"https:\/\/progettotouring.it\/radiotouring104\/#organization\",\"name\":\"Radio Touring 104\",\"url\":\"https:\/\/progettotouring.it\/radiotouring104\/\",\"logo\":{\"@type\":\"ImageObject\",\"inLanguage\":\"it-IT\",\"@id\":\"https:\/\/progettotouring.it\/radiotouring104\/#\/schema\/logo\/image\/\",\"url\":\"https:\/\/progettotouring.it\/radiotouring104\/wp-content\/uploads\/sites\/6\/2022\/02\/cropped-logo-radio-touring-104.png\",\"contentUrl\":\"https:\/\/progettotouring.it\/radiotouring104\/wp-content\/uploads\/sites\/6\/2022\/02\/cropped-logo-radio-touring-104.png\",\"width\":377,\"height\":182,\"caption\":\"Radio Touring 104\"},\"image\":{\"@id\":\"https:\/\/progettotouring.it\/radiotouring104\/#\/schema\/logo\/image\/\"}},{\"@type\":\"Person\",\"@id\":\"https:\/\/progettotouring.it\/radiotouring104\/#\/schema\/person\/1b3eb3c07c47136bc44c785c543e635f\",\"name\":\"redazione\",\"image\":{\"@type\":\"ImageObject\",\"inLanguage\":\"it-IT\",\"@id\":\"https:\/\/secure.gravatar.com\/avatar\/0b31605b49f100769e8b624b3e05de1b73e1692e9568a352f60f53fd072e6e11?s=96&d=mm&r=g\",\"url\":\"https:\/\/secure.gravatar.com\/avatar\/0b31605b49f100769e8b624b3e05de1b73e1692e9568a352f60f53fd072e6e11?s=96&d=mm&r=g\",\"contentUrl\":\"https:\/\/secure.gravatar.com\/avatar\/0b31605b49f100769e8b624b3e05de1b73e1692e9568a352f60f53fd072e6e11?s=96&d=mm&r=g\",\"caption\":\"redazione\"},\"url\":\"https:\/\/progettotouring.it\/radiotouring104\/author\/redazione\/\"}]}<\/script>\n<!-- \/ Yoast SEO plugin. -->","yoast_head_json":{"title":"A Polistena la mostra \u201cAttraverso finestre invisibili\u201d","description":"Al via il progetto \"Espressioni d'arte\". Il vernissage si terr\u00e0 il 25 ottobre, dalle 18:00 alle ore 20:00, presso la Casa Natale dei Jerace","robots":{"index":"index","follow":"follow","max-snippet":"max-snippet:-1","max-image-preview":"max-image-preview:large","max-video-preview":"max-video-preview:-1"},"canonical":"https:\/\/progettotouring.it\/radiotouring104\/2025\/10\/20\/a-polistena-la-mostra-attraverso-finestre-invisibili\/","og_locale":"it_IT","og_type":"article","og_title":"A Polistena la mostra \u201cAttraverso finestre invisibili\u201d","og_description":"Al via il progetto \"Espressioni d'arte\". Il vernissage si terr\u00e0 il 25 ottobre, dalle 18:00 alle ore 20:00, presso la Casa Natale dei Jerace","og_url":"https:\/\/progettotouring.it\/radiotouring104\/2025\/10\/20\/a-polistena-la-mostra-attraverso-finestre-invisibili\/","og_site_name":"Radio Touring 104","article_published_time":"2025-10-20T09:33:45+00:00","article_modified_time":"2025-10-21T08:28:46+00:00","og_image":[{"width":1135,"height":1600,"url":"https:\/\/progettotouring.it\/radiotouring104\/wp-content\/uploads\/sites\/6\/2025\/10\/mostra-Espressioni-darte-polistena.jpeg","type":"image\/jpeg"}],"author":"redazione","twitter_card":"summary_large_image","twitter_misc":{"Scritto da":"redazione","Tempo di lettura stimato":"2 minuti"},"schema":{"@context":"https:\/\/schema.org","@graph":[{"@type":"Article","@id":"https:\/\/progettotouring.it\/radiotouring104\/2025\/10\/20\/a-polistena-la-mostra-attraverso-finestre-invisibili\/#article","isPartOf":{"@id":"https:\/\/progettotouring.it\/radiotouring104\/2025\/10\/20\/a-polistena-la-mostra-attraverso-finestre-invisibili\/"},"author":{"name":"redazione","@id":"https:\/\/progettotouring.it\/radiotouring104\/#\/schema\/person\/1b3eb3c07c47136bc44c785c543e635f"},"headline":"A Polistena la mostra \u201cAttraverso finestre invisibili\u201d","datePublished":"2025-10-20T09:33:45+00:00","dateModified":"2025-10-21T08:28:46+00:00","mainEntityOfPage":{"@id":"https:\/\/progettotouring.it\/radiotouring104\/2025\/10\/20\/a-polistena-la-mostra-attraverso-finestre-invisibili\/"},"wordCount":370,"publisher":{"@id":"https:\/\/progettotouring.it\/radiotouring104\/#organization"},"image":{"@id":"https:\/\/progettotouring.it\/radiotouring104\/2025\/10\/20\/a-polistena-la-mostra-attraverso-finestre-invisibili\/#primaryimage"},"thumbnailUrl":"https:\/\/progettotouring.it\/radiotouring104\/wp-content\/uploads\/sites\/6\/2025\/10\/mostra-Espressioni-darte-polistena.jpeg","keywords":["Casa Natale dei Jerace","mostra \u201cAttraverso finestre invisibili\u201d","Polistena","progetto \"Espressioni d'arte\"","promozione sociale \u201cArte che Parla\u201d","Simona Mileto"],"articleSection":["Home","News","Reggio Calabria"],"inLanguage":"it-IT"},{"@type":"WebPage","@id":"https:\/\/progettotouring.it\/radiotouring104\/2025\/10\/20\/a-polistena-la-mostra-attraverso-finestre-invisibili\/","url":"https:\/\/progettotouring.it\/radiotouring104\/2025\/10\/20\/a-polistena-la-mostra-attraverso-finestre-invisibili\/","name":"A Polistena la mostra \u201cAttraverso finestre invisibili\u201d","isPartOf":{"@id":"https:\/\/progettotouring.it\/radiotouring104\/#website"},"primaryImageOfPage":{"@id":"https:\/\/progettotouring.it\/radiotouring104\/2025\/10\/20\/a-polistena-la-mostra-attraverso-finestre-invisibili\/#primaryimage"},"image":{"@id":"https:\/\/progettotouring.it\/radiotouring104\/2025\/10\/20\/a-polistena-la-mostra-attraverso-finestre-invisibili\/#primaryimage"},"thumbnailUrl":"https:\/\/progettotouring.it\/radiotouring104\/wp-content\/uploads\/sites\/6\/2025\/10\/mostra-Espressioni-darte-polistena.jpeg","datePublished":"2025-10-20T09:33:45+00:00","dateModified":"2025-10-21T08:28:46+00:00","description":"Al via il progetto \"Espressioni d'arte\". Il vernissage si terr\u00e0 il 25 ottobre, dalle 18:00 alle ore 20:00, presso la Casa Natale dei Jerace","breadcrumb":{"@id":"https:\/\/progettotouring.it\/radiotouring104\/2025\/10\/20\/a-polistena-la-mostra-attraverso-finestre-invisibili\/#breadcrumb"},"inLanguage":"it-IT","potentialAction":[{"@type":"ReadAction","target":["https:\/\/progettotouring.it\/radiotouring104\/2025\/10\/20\/a-polistena-la-mostra-attraverso-finestre-invisibili\/"]}]},{"@type":"ImageObject","inLanguage":"it-IT","@id":"https:\/\/progettotouring.it\/radiotouring104\/2025\/10\/20\/a-polistena-la-mostra-attraverso-finestre-invisibili\/#primaryimage","url":"https:\/\/progettotouring.it\/radiotouring104\/wp-content\/uploads\/sites\/6\/2025\/10\/mostra-Espressioni-darte-polistena.jpeg","contentUrl":"https:\/\/progettotouring.it\/radiotouring104\/wp-content\/uploads\/sites\/6\/2025\/10\/mostra-Espressioni-darte-polistena.jpeg","width":1135,"height":1600},{"@type":"BreadcrumbList","@id":"https:\/\/progettotouring.it\/radiotouring104\/2025\/10\/20\/a-polistena-la-mostra-attraverso-finestre-invisibili\/#breadcrumb","itemListElement":[{"@type":"ListItem","position":1,"name":"Home","item":"https:\/\/progettotouring.it\/radiotouring104\/"},{"@type":"ListItem","position":2,"name":"A Polistena la mostra \u201cAttraverso finestre invisibili\u201d"}]},{"@type":"WebSite","@id":"https:\/\/progettotouring.it\/radiotouring104\/#website","url":"https:\/\/progettotouring.it\/radiotouring104\/","name":"Radio Touring 104","description":"La prima radio Reggina","publisher":{"@id":"https:\/\/progettotouring.it\/radiotouring104\/#organization"},"potentialAction":[{"@type":"SearchAction","target":{"@type":"EntryPoint","urlTemplate":"https:\/\/progettotouring.it\/radiotouring104\/?s={search_term_string}"},"query-input":{"@type":"PropertyValueSpecification","valueRequired":true,"valueName":"search_term_string"}}],"inLanguage":"it-IT"},{"@type":"Organization","@id":"https:\/\/progettotouring.it\/radiotouring104\/#organization","name":"Radio Touring 104","url":"https:\/\/progettotouring.it\/radiotouring104\/","logo":{"@type":"ImageObject","inLanguage":"it-IT","@id":"https:\/\/progettotouring.it\/radiotouring104\/#\/schema\/logo\/image\/","url":"https:\/\/progettotouring.it\/radiotouring104\/wp-content\/uploads\/sites\/6\/2022\/02\/cropped-logo-radio-touring-104.png","contentUrl":"https:\/\/progettotouring.it\/radiotouring104\/wp-content\/uploads\/sites\/6\/2022\/02\/cropped-logo-radio-touring-104.png","width":377,"height":182,"caption":"Radio Touring 104"},"image":{"@id":"https:\/\/progettotouring.it\/radiotouring104\/#\/schema\/logo\/image\/"}},{"@type":"Person","@id":"https:\/\/progettotouring.it\/radiotouring104\/#\/schema\/person\/1b3eb3c07c47136bc44c785c543e635f","name":"redazione","image":{"@type":"ImageObject","inLanguage":"it-IT","@id":"https:\/\/secure.gravatar.com\/avatar\/0b31605b49f100769e8b624b3e05de1b73e1692e9568a352f60f53fd072e6e11?s=96&d=mm&r=g","url":"https:\/\/secure.gravatar.com\/avatar\/0b31605b49f100769e8b624b3e05de1b73e1692e9568a352f60f53fd072e6e11?s=96&d=mm&r=g","contentUrl":"https:\/\/secure.gravatar.com\/avatar\/0b31605b49f100769e8b624b3e05de1b73e1692e9568a352f60f53fd072e6e11?s=96&d=mm&r=g","caption":"redazione"},"url":"https:\/\/progettotouring.it\/radiotouring104\/author\/redazione\/"}]}},"jetpack_publicize_connections":[],"jetpack_featured_media_url":"https:\/\/progettotouring.it\/radiotouring104\/wp-content\/uploads\/sites\/6\/2025\/10\/mostra-Espressioni-darte-polistena.jpeg","jetpack_sharing_enabled":true,"_links":{"self":[{"href":"https:\/\/progettotouring.it\/radiotouring104\/wp-json\/wp\/v2\/posts\/84365","targetHints":{"allow":["GET"]}}],"collection":[{"href":"https:\/\/progettotouring.it\/radiotouring104\/wp-json\/wp\/v2\/posts"}],"about":[{"href":"https:\/\/progettotouring.it\/radiotouring104\/wp-json\/wp\/v2\/types\/post"}],"author":[{"embeddable":true,"href":"https:\/\/progettotouring.it\/radiotouring104\/wp-json\/wp\/v2\/users\/5"}],"replies":[{"embeddable":true,"href":"https:\/\/progettotouring.it\/radiotouring104\/wp-json\/wp\/v2\/comments?post=84365"}],"version-history":[{"count":1,"href":"https:\/\/progettotouring.it\/radiotouring104\/wp-json\/wp\/v2\/posts\/84365\/revisions"}],"predecessor-version":[{"id":84367,"href":"https:\/\/progettotouring.it\/radiotouring104\/wp-json\/wp\/v2\/posts\/84365\/revisions\/84367"}],"wp:featuredmedia":[{"embeddable":true,"href":"https:\/\/progettotouring.it\/radiotouring104\/wp-json\/wp\/v2\/media\/84366"}],"wp:attachment":[{"href":"https:\/\/progettotouring.it\/radiotouring104\/wp-json\/wp\/v2\/media?parent=84365"}],"wp:term":[{"taxonomy":"category","embeddable":true,"href":"https:\/\/progettotouring.it\/radiotouring104\/wp-json\/wp\/v2\/categories?post=84365"},{"taxonomy":"post_tag","embeddable":true,"href":"https:\/\/progettotouring.it\/radiotouring104\/wp-json\/wp\/v2\/tags?post=84365"}],"curies":[{"name":"wp","href":"https:\/\/api.w.org\/{rel}","templated":true}]}}