{"id":84368,"date":"2025-10-20T11:42:57","date_gmt":"2025-10-20T09:42:57","guid":{"rendered":"https:\/\/progettotouring.it\/radiotouring104\/?p=84368"},"modified":"2025-10-20T12:58:22","modified_gmt":"2025-10-20T10:58:22","slug":"castrovillari-al-giornalista-riccardo-cristiano-il-premio-frontiere-aperte-2025","status":"publish","type":"post","link":"https:\/\/progettotouring.it\/radiotouring104\/2025\/10\/20\/castrovillari-al-giornalista-riccardo-cristiano-il-premio-frontiere-aperte-2025\/","title":{"rendered":"Castrovillari: al giornalista Riccardo Cristiano il \u201cPremio Frontiere Aperte\u201d 2025"},"content":{"rendered":"<p>Lo scorso 16 ottobre a Castrovillari, ha avuto il via la XIII edizione del Cal\u00e0bbria Teatro Festival, che proseguir\u00e0 fino a domenica 19. Tema di quest\u2019anno \u00e8 &#8220;Bb\u00e0ci \u2013 Gesti che raccontano&#8221;, un viaggio poetico tra memoria, resistenza e identit\u00e0.<\/p>\n<p>Direttrici artistiche dell\u2019evento, <strong>Rosy Parrotta<\/strong> e <strong>Angela Micieli, <\/strong>organizzato dall\u2019Associazione culturale Khoreia 2000, con il patrocinio e il sostegno del Comune di Castrovillari, dell\u2019Ente Parco Nazionale del Pollino e della Gas Pollino srl. Ma torniamo al prestigioso premio, conferito al giornalista di origini Lametine, Riccardo Cristiano, residente a Cleto, in provincia di Cosenza, che da pi\u00f9 di 20 anni, nel campo della comunicazione, porta avanti battaglie civili e di promozione del territorio calabrese. Scrittore, attivista per i diritti civili, con la passione per la natura e le leggende, fa parte delle Associazioni \u201cSanti 40 Martiri\u201d e \u201cMistery Hunters\u201d.<\/p>\n<p>Importante la motivazione del Premio \u201cFrontiere Aperte\u201d a Riccardo Cristiano. Giornalista, scrittore, attivista a difesa dei diritti civili:<\/p>\n<p><em>Per il suo impegno civile e umano nel raccontare la verit\u00e0, dando voce anche a chi non ne ha. Per aver trasformato il giornalismo in un atto di responsabilit\u00e0 e coscienza, oltre ogni confine e convenzione. Con la sua parola lucida e coraggiosa, Riccardo Cristiano ci ricorda che informare significa anche custodire e difendere la dignit\u00e0 umana.<\/em><\/p>\n<p>Intervistato, dichiara: \u201c<em>Sono onorato di ricevere questo riconoscimento cos\u00ec importante, prezioso. Ringrazio in particolare <\/em><strong><em>Rosy Parrotta<\/em><\/strong><em> e <strong>Angela Micieli, <\/strong>direttrici artistiche, sempre impegnate in iniziative culturali e di alto valore sociale. Ringrazio la giuria e naturalmente l\u2019Associazione culturale Khoreia 2000. Il tema di quest\u2019anno \u00e8 &#8211; Bb\u00e0ci \u2013 Gesti che raccontano &#8211; un viaggio poetico tra memoria, resistenza e identit\u00e0, ed io mi sento legato all\u2019idea del viaggio, dell\u2019essere tutti connessi, attraverso una storia millenaria che ci appartiene. Il bacio \u00e8 un simbolo che, a mio avviso, rappresenta, gi\u00e0 nelle culture antiche, fratellanza, comunione, ed era simile ad una stretta di mano oggi. Cosa, pi\u00f9 del bacio, \u00e8 sinonimo di pace? E quanta pace, adesso pi\u00f9 che mai, abbiamo un disperato bisogno?\u201d<\/em><\/p>\n<p><strong>\u00a0<\/strong>Ricordiamo che il Premio Frontiere Aperte, realizzato in pietra leccese \u00e8 un\u00a0riconoscimento creato dall&#8217;orafo Michele Affidato, conferito a personalit\u00e0 nel campo del cinema e della cultura. Nelle scorse edizioni, \u00e8 stato assegnato, tra gli altri, al regista, scrittore e produttore Giovanni Algieri, al direttore d&#8217;orchestra Antonio Puccio, al cantautore Sas\u00e0 Calabrese, oltre a tanti importanti personaggi che si sono avvicendanti negli anni.<\/p>\n<p>Riccardo, ci tiene a precisare cosa voglia dire essere giornalisti: <em>\u201cEssere giornalisti \u00e8 una vocazione, che richiede impegno, sacrificio e soprattutto etica. Il nostro compito \u00e8 quello di essere leali e veritieri nei confronti del pubblico, verificando la fonte delle notizie, ma soprattutto, mettendoci la faccia. Ogni volta che racconto una storia, ogni volta che ho l\u2019onore di intervistare qualcuno, sento il dovere di dare voce a chi altrimenti non l\u2019avrebbe. Questa voce deve essere libera, scevra da ogni condizionamento, in grado di divulgare la verit\u00e0 per come \u00e8 avvenuta. Oggi appare difficile questo compito, perch\u00e9 le notizie viaggiano veloci, ma no sempre sono verificate, ecco perch\u00e9 \u00e8 necessario affidarsi a fonti attendibili. Dedico simbolicamente questo premio al collega Sigfrido Ranucci, che nella notte del 16 ottobre, \u00e8 stato vittima di pesanti intimidazioni, che avrebbero potuto avere un esito tragico. Combattiamo la violenza, raccontiamo la verit\u00e0 a testa alta, malgrado i rischi e chi ci vorrebbe in silenzio. Piena solidariet\u00e0 a Sigfrido Ranucci, grande giornalista, esempio per tutti noi\u201d.<\/em><\/p>\n<p>&nbsp;<\/p>\n<p>Il Cal\u00e0bbria Teatro Festival, prosegue con il seguente calendario:<\/p>\n<p><strong>Sabato 18 ottobre<\/strong>, alle ore <strong>19:00 al Teatro Vittoria<\/strong>, si aprir\u00e0 una parentesi letteraria con la presentazione del libro <strong>\u201cIl bacio da sfogliare\u201d<\/strong> di <strong>Ilaria Guidantoni<\/strong>, giornalista fiorentina, scrittrice e traduttrice.\u00a0 Un viaggio narrativo che esplora i molteplici significati del bacio tra storia, arte, letteratura e cultura. A seguire Passeggiata narrata con Ines Ferrante di Mystica Calabria. Una passeggiata che intreccia il linguaggio del corpo con le storie della memoria. Un percorso attraverso il quale il gesto diventa parola e la memoria prende vita, tra passato, presente e futuro.<\/p>\n<p>Gran finale <strong>domenica 19 ottobre alle ore 18:00<\/strong>, ancora al <strong>Teatro Sybaris<\/strong>, con il consueto e atteso <strong>Festival dei Corti Teatrali<\/strong>, spazio di espressione dedicato a compagnie emergenti e nuove drammaturgie. Cinque compagnie si alterneranno in scena con spettacoli di massimo 30 minuti, portando sul palco storie diverse ma unite da uno sguardo acuto sulla contemporaneit\u00e0. <strong>Auguri e figli uomini<\/strong>, di e con <strong>Deborah Di Francesco<\/strong> e con <strong>Costanzo Salatiello; La partita non \u00e8 ancora finita<\/strong>, di e con <strong>Marco Mittica; Il resto dell\u2019Iceberg<\/strong>, scritto e diretto da <strong>Simone Ignagni<\/strong>, con <strong>Ivan Padrone<\/strong> e <strong>Marcello Roefaro; Mosche<\/strong>, di <strong>Valentina Bandera<\/strong>, con <strong>Elisabetta Mancusi, Valentina Bandera e Daniele Camerlingo; Orlando<\/strong>, di <strong>Federica Cucco<\/strong>, con <strong>Antonio Anzilotti De Nitto.<\/strong><\/p>\n<p>Al termine, la <strong>cerimonia di premiazione<\/strong> del <strong>Miglior Corto \u2013 Premio Giuria Popolare<\/strong>, con un premio realizzato dal M\u00b0 <strong>Stefano Marino<\/strong>, orafo castrovillarese che firma anche il Premio Frontiere Aperte.<\/p>\n<p><em>\u00a0<\/em><\/p>\n<p>&nbsp;<\/p>\n","protected":false},"excerpt":{"rendered":"<p>Lo scorso 16 ottobre a Castrovillari, ha avuto il via la XIII edizione del Cal\u00e0bbria Teatro Festival, che proseguir\u00e0 fino a domenica 19. Tema di quest\u2019anno \u00e8 &#8220;Bb\u00e0ci \u2013 Gesti&hellip;<\/p>\n","protected":false},"author":5,"featured_media":84369,"comment_status":"closed","ping_status":"open","sticky":false,"template":"","format":"standard","meta":{"_jetpack_memberships_contains_paid_content":false,"footnotes":"","jetpack_publicize_message":"","jetpack_publicize_feature_enabled":true,"jetpack_social_post_already_shared":true,"jetpack_social_options":{"image_generator_settings":{"template":"highway","default_image_id":0,"font":"","enabled":false},"version":2}},"categories":[142,921,152],"tags":[48473,48476,5673,48475,48474,36351],"class_list":["post-84368","post","type-post","status-publish","format-standard","has-post-thumbnail","hentry","category-calabria","category-home","category-italia","tag-premio-frontiere-aperte-2025","tag-calabbria-teatro-festival","tag-castrovillari","tag-giornalista-attivista","tag-riccardo-cristiano","tag-xiii-edizione"],"yoast_head":"<!-- This site is optimized with the Yoast SEO plugin v27.2 - https:\/\/yoast.com\/product\/yoast-seo-wordpress\/ -->\n<title>Al giornalista Riccardo Cristiano il \u201cPremio Frontiere Aperte\u201d 2025<\/title>\n<meta name=\"description\" content=\"Il riconoscimento al giornalista ed attivista consegnato nel corso della XIII edizione del Cal\u00e0bbria Teatro Festival\" \/>\n<meta name=\"robots\" content=\"index, follow, max-snippet:-1, max-image-preview:large, max-video-preview:-1\" \/>\n<link rel=\"canonical\" href=\"https:\/\/progettotouring.it\/radiotouring104\/2025\/10\/20\/castrovillari-al-giornalista-riccardo-cristiano-il-premio-frontiere-aperte-2025\/\" \/>\n<meta property=\"og:locale\" content=\"it_IT\" \/>\n<meta property=\"og:type\" content=\"article\" \/>\n<meta property=\"og:title\" content=\"Al giornalista Riccardo Cristiano il \u201cPremio Frontiere Aperte\u201d 2025\" \/>\n<meta property=\"og:description\" content=\"Il riconoscimento al giornalista ed attivista consegnato nel corso della XIII edizione del Cal\u00e0bbria Teatro Festival\" \/>\n<meta property=\"og:url\" content=\"https:\/\/progettotouring.it\/radiotouring104\/2025\/10\/20\/castrovillari-al-giornalista-riccardo-cristiano-il-premio-frontiere-aperte-2025\/\" \/>\n<meta property=\"og:site_name\" content=\"Radio Touring 104\" \/>\n<meta property=\"article:published_time\" content=\"2025-10-20T09:42:57+00:00\" \/>\n<meta property=\"article:modified_time\" content=\"2025-10-20T10:58:22+00:00\" \/>\n<meta property=\"og:image\" content=\"https:\/\/progettotouring.it\/radiotouring104\/wp-content\/uploads\/sites\/6\/2025\/10\/Castrovillari-premio.gif\" \/>\n\t<meta property=\"og:image:width\" content=\"658\" \/>\n\t<meta property=\"og:image:height\" content=\"412\" \/>\n\t<meta property=\"og:image:type\" content=\"image\/gif\" \/>\n<meta name=\"author\" content=\"redazione\" \/>\n<meta name=\"twitter:card\" content=\"summary_large_image\" \/>\n<meta name=\"twitter:label1\" content=\"Scritto da\" \/>\n\t<meta name=\"twitter:data1\" content=\"redazione\" \/>\n\t<meta name=\"twitter:label2\" content=\"Tempo di lettura stimato\" \/>\n\t<meta name=\"twitter:data2\" content=\"4 minuti\" \/>\n<script type=\"application\/ld+json\" class=\"yoast-schema-graph\">{\"@context\":\"https:\/\/schema.org\",\"@graph\":[{\"@type\":\"Article\",\"@id\":\"https:\/\/progettotouring.it\/radiotouring104\/2025\/10\/20\/castrovillari-al-giornalista-riccardo-cristiano-il-premio-frontiere-aperte-2025\/#article\",\"isPartOf\":{\"@id\":\"https:\/\/progettotouring.it\/radiotouring104\/2025\/10\/20\/castrovillari-al-giornalista-riccardo-cristiano-il-premio-frontiere-aperte-2025\/\"},\"author\":{\"name\":\"redazione\",\"@id\":\"https:\/\/progettotouring.it\/radiotouring104\/#\/schema\/person\/1b3eb3c07c47136bc44c785c543e635f\"},\"headline\":\"Castrovillari: al giornalista Riccardo Cristiano il \u201cPremio Frontiere Aperte\u201d 2025\",\"datePublished\":\"2025-10-20T09:42:57+00:00\",\"dateModified\":\"2025-10-20T10:58:22+00:00\",\"mainEntityOfPage\":{\"@id\":\"https:\/\/progettotouring.it\/radiotouring104\/2025\/10\/20\/castrovillari-al-giornalista-riccardo-cristiano-il-premio-frontiere-aperte-2025\/\"},\"wordCount\":811,\"publisher\":{\"@id\":\"https:\/\/progettotouring.it\/radiotouring104\/#organization\"},\"image\":{\"@id\":\"https:\/\/progettotouring.it\/radiotouring104\/2025\/10\/20\/castrovillari-al-giornalista-riccardo-cristiano-il-premio-frontiere-aperte-2025\/#primaryimage\"},\"thumbnailUrl\":\"https:\/\/progettotouring.it\/radiotouring104\/wp-content\/uploads\/sites\/6\/2025\/10\/Castrovillari-premio.gif\",\"keywords\":[\"\u201cPremio Frontiere Aperte\u201d 2025\",\"Cal\u00e0bbria Teatro Festival\",\"castrovillari\",\"giornalista attivista\",\"Riccardo Cristiano\",\"XIII edizione\"],\"articleSection\":[\"Calabria\",\"Home\",\"Italia\"],\"inLanguage\":\"it-IT\"},{\"@type\":\"WebPage\",\"@id\":\"https:\/\/progettotouring.it\/radiotouring104\/2025\/10\/20\/castrovillari-al-giornalista-riccardo-cristiano-il-premio-frontiere-aperte-2025\/\",\"url\":\"https:\/\/progettotouring.it\/radiotouring104\/2025\/10\/20\/castrovillari-al-giornalista-riccardo-cristiano-il-premio-frontiere-aperte-2025\/\",\"name\":\"Al giornalista Riccardo Cristiano il \u201cPremio Frontiere Aperte\u201d 2025\",\"isPartOf\":{\"@id\":\"https:\/\/progettotouring.it\/radiotouring104\/#website\"},\"primaryImageOfPage\":{\"@id\":\"https:\/\/progettotouring.it\/radiotouring104\/2025\/10\/20\/castrovillari-al-giornalista-riccardo-cristiano-il-premio-frontiere-aperte-2025\/#primaryimage\"},\"image\":{\"@id\":\"https:\/\/progettotouring.it\/radiotouring104\/2025\/10\/20\/castrovillari-al-giornalista-riccardo-cristiano-il-premio-frontiere-aperte-2025\/#primaryimage\"},\"thumbnailUrl\":\"https:\/\/progettotouring.it\/radiotouring104\/wp-content\/uploads\/sites\/6\/2025\/10\/Castrovillari-premio.gif\",\"datePublished\":\"2025-10-20T09:42:57+00:00\",\"dateModified\":\"2025-10-20T10:58:22+00:00\",\"description\":\"Il riconoscimento al giornalista ed attivista consegnato nel corso della XIII edizione del Cal\u00e0bbria Teatro Festival\",\"breadcrumb\":{\"@id\":\"https:\/\/progettotouring.it\/radiotouring104\/2025\/10\/20\/castrovillari-al-giornalista-riccardo-cristiano-il-premio-frontiere-aperte-2025\/#breadcrumb\"},\"inLanguage\":\"it-IT\",\"potentialAction\":[{\"@type\":\"ReadAction\",\"target\":[\"https:\/\/progettotouring.it\/radiotouring104\/2025\/10\/20\/castrovillari-al-giornalista-riccardo-cristiano-il-premio-frontiere-aperte-2025\/\"]}]},{\"@type\":\"ImageObject\",\"inLanguage\":\"it-IT\",\"@id\":\"https:\/\/progettotouring.it\/radiotouring104\/2025\/10\/20\/castrovillari-al-giornalista-riccardo-cristiano-il-premio-frontiere-aperte-2025\/#primaryimage\",\"url\":\"https:\/\/progettotouring.it\/radiotouring104\/wp-content\/uploads\/sites\/6\/2025\/10\/Castrovillari-premio.gif\",\"contentUrl\":\"https:\/\/progettotouring.it\/radiotouring104\/wp-content\/uploads\/sites\/6\/2025\/10\/Castrovillari-premio.gif\",\"width\":658,\"height\":412},{\"@type\":\"BreadcrumbList\",\"@id\":\"https:\/\/progettotouring.it\/radiotouring104\/2025\/10\/20\/castrovillari-al-giornalista-riccardo-cristiano-il-premio-frontiere-aperte-2025\/#breadcrumb\",\"itemListElement\":[{\"@type\":\"ListItem\",\"position\":1,\"name\":\"Home\",\"item\":\"https:\/\/progettotouring.it\/radiotouring104\/\"},{\"@type\":\"ListItem\",\"position\":2,\"name\":\"Castrovillari: al giornalista Riccardo Cristiano il \u201cPremio Frontiere Aperte\u201d 2025\"}]},{\"@type\":\"WebSite\",\"@id\":\"https:\/\/progettotouring.it\/radiotouring104\/#website\",\"url\":\"https:\/\/progettotouring.it\/radiotouring104\/\",\"name\":\"Radio Touring 104\",\"description\":\"La prima radio Reggina\",\"publisher\":{\"@id\":\"https:\/\/progettotouring.it\/radiotouring104\/#organization\"},\"potentialAction\":[{\"@type\":\"SearchAction\",\"target\":{\"@type\":\"EntryPoint\",\"urlTemplate\":\"https:\/\/progettotouring.it\/radiotouring104\/?s={search_term_string}\"},\"query-input\":{\"@type\":\"PropertyValueSpecification\",\"valueRequired\":true,\"valueName\":\"search_term_string\"}}],\"inLanguage\":\"it-IT\"},{\"@type\":\"Organization\",\"@id\":\"https:\/\/progettotouring.it\/radiotouring104\/#organization\",\"name\":\"Radio Touring 104\",\"url\":\"https:\/\/progettotouring.it\/radiotouring104\/\",\"logo\":{\"@type\":\"ImageObject\",\"inLanguage\":\"it-IT\",\"@id\":\"https:\/\/progettotouring.it\/radiotouring104\/#\/schema\/logo\/image\/\",\"url\":\"https:\/\/progettotouring.it\/radiotouring104\/wp-content\/uploads\/sites\/6\/2022\/02\/cropped-logo-radio-touring-104.png\",\"contentUrl\":\"https:\/\/progettotouring.it\/radiotouring104\/wp-content\/uploads\/sites\/6\/2022\/02\/cropped-logo-radio-touring-104.png\",\"width\":377,\"height\":182,\"caption\":\"Radio Touring 104\"},\"image\":{\"@id\":\"https:\/\/progettotouring.it\/radiotouring104\/#\/schema\/logo\/image\/\"}},{\"@type\":\"Person\",\"@id\":\"https:\/\/progettotouring.it\/radiotouring104\/#\/schema\/person\/1b3eb3c07c47136bc44c785c543e635f\",\"name\":\"redazione\",\"image\":{\"@type\":\"ImageObject\",\"inLanguage\":\"it-IT\",\"@id\":\"https:\/\/secure.gravatar.com\/avatar\/0b31605b49f100769e8b624b3e05de1b73e1692e9568a352f60f53fd072e6e11?s=96&d=mm&r=g\",\"url\":\"https:\/\/secure.gravatar.com\/avatar\/0b31605b49f100769e8b624b3e05de1b73e1692e9568a352f60f53fd072e6e11?s=96&d=mm&r=g\",\"contentUrl\":\"https:\/\/secure.gravatar.com\/avatar\/0b31605b49f100769e8b624b3e05de1b73e1692e9568a352f60f53fd072e6e11?s=96&d=mm&r=g\",\"caption\":\"redazione\"},\"url\":\"https:\/\/progettotouring.it\/radiotouring104\/author\/redazione\/\"}]}<\/script>\n<!-- \/ Yoast SEO plugin. -->","yoast_head_json":{"title":"Al giornalista Riccardo Cristiano il \u201cPremio Frontiere Aperte\u201d 2025","description":"Il riconoscimento al giornalista ed attivista consegnato nel corso della XIII edizione del Cal\u00e0bbria Teatro Festival","robots":{"index":"index","follow":"follow","max-snippet":"max-snippet:-1","max-image-preview":"max-image-preview:large","max-video-preview":"max-video-preview:-1"},"canonical":"https:\/\/progettotouring.it\/radiotouring104\/2025\/10\/20\/castrovillari-al-giornalista-riccardo-cristiano-il-premio-frontiere-aperte-2025\/","og_locale":"it_IT","og_type":"article","og_title":"Al giornalista Riccardo Cristiano il \u201cPremio Frontiere Aperte\u201d 2025","og_description":"Il riconoscimento al giornalista ed attivista consegnato nel corso della XIII edizione del Cal\u00e0bbria Teatro Festival","og_url":"https:\/\/progettotouring.it\/radiotouring104\/2025\/10\/20\/castrovillari-al-giornalista-riccardo-cristiano-il-premio-frontiere-aperte-2025\/","og_site_name":"Radio Touring 104","article_published_time":"2025-10-20T09:42:57+00:00","article_modified_time":"2025-10-20T10:58:22+00:00","og_image":[{"width":658,"height":412,"url":"https:\/\/progettotouring.it\/radiotouring104\/wp-content\/uploads\/sites\/6\/2025\/10\/Castrovillari-premio.gif","type":"image\/gif"}],"author":"redazione","twitter_card":"summary_large_image","twitter_misc":{"Scritto da":"redazione","Tempo di lettura stimato":"4 minuti"},"schema":{"@context":"https:\/\/schema.org","@graph":[{"@type":"Article","@id":"https:\/\/progettotouring.it\/radiotouring104\/2025\/10\/20\/castrovillari-al-giornalista-riccardo-cristiano-il-premio-frontiere-aperte-2025\/#article","isPartOf":{"@id":"https:\/\/progettotouring.it\/radiotouring104\/2025\/10\/20\/castrovillari-al-giornalista-riccardo-cristiano-il-premio-frontiere-aperte-2025\/"},"author":{"name":"redazione","@id":"https:\/\/progettotouring.it\/radiotouring104\/#\/schema\/person\/1b3eb3c07c47136bc44c785c543e635f"},"headline":"Castrovillari: al giornalista Riccardo Cristiano il \u201cPremio Frontiere Aperte\u201d 2025","datePublished":"2025-10-20T09:42:57+00:00","dateModified":"2025-10-20T10:58:22+00:00","mainEntityOfPage":{"@id":"https:\/\/progettotouring.it\/radiotouring104\/2025\/10\/20\/castrovillari-al-giornalista-riccardo-cristiano-il-premio-frontiere-aperte-2025\/"},"wordCount":811,"publisher":{"@id":"https:\/\/progettotouring.it\/radiotouring104\/#organization"},"image":{"@id":"https:\/\/progettotouring.it\/radiotouring104\/2025\/10\/20\/castrovillari-al-giornalista-riccardo-cristiano-il-premio-frontiere-aperte-2025\/#primaryimage"},"thumbnailUrl":"https:\/\/progettotouring.it\/radiotouring104\/wp-content\/uploads\/sites\/6\/2025\/10\/Castrovillari-premio.gif","keywords":["\u201cPremio Frontiere Aperte\u201d 2025","Cal\u00e0bbria Teatro Festival","castrovillari","giornalista attivista","Riccardo Cristiano","XIII edizione"],"articleSection":["Calabria","Home","Italia"],"inLanguage":"it-IT"},{"@type":"WebPage","@id":"https:\/\/progettotouring.it\/radiotouring104\/2025\/10\/20\/castrovillari-al-giornalista-riccardo-cristiano-il-premio-frontiere-aperte-2025\/","url":"https:\/\/progettotouring.it\/radiotouring104\/2025\/10\/20\/castrovillari-al-giornalista-riccardo-cristiano-il-premio-frontiere-aperte-2025\/","name":"Al giornalista Riccardo Cristiano il \u201cPremio Frontiere Aperte\u201d 2025","isPartOf":{"@id":"https:\/\/progettotouring.it\/radiotouring104\/#website"},"primaryImageOfPage":{"@id":"https:\/\/progettotouring.it\/radiotouring104\/2025\/10\/20\/castrovillari-al-giornalista-riccardo-cristiano-il-premio-frontiere-aperte-2025\/#primaryimage"},"image":{"@id":"https:\/\/progettotouring.it\/radiotouring104\/2025\/10\/20\/castrovillari-al-giornalista-riccardo-cristiano-il-premio-frontiere-aperte-2025\/#primaryimage"},"thumbnailUrl":"https:\/\/progettotouring.it\/radiotouring104\/wp-content\/uploads\/sites\/6\/2025\/10\/Castrovillari-premio.gif","datePublished":"2025-10-20T09:42:57+00:00","dateModified":"2025-10-20T10:58:22+00:00","description":"Il riconoscimento al giornalista ed attivista consegnato nel corso della XIII edizione del Cal\u00e0bbria Teatro Festival","breadcrumb":{"@id":"https:\/\/progettotouring.it\/radiotouring104\/2025\/10\/20\/castrovillari-al-giornalista-riccardo-cristiano-il-premio-frontiere-aperte-2025\/#breadcrumb"},"inLanguage":"it-IT","potentialAction":[{"@type":"ReadAction","target":["https:\/\/progettotouring.it\/radiotouring104\/2025\/10\/20\/castrovillari-al-giornalista-riccardo-cristiano-il-premio-frontiere-aperte-2025\/"]}]},{"@type":"ImageObject","inLanguage":"it-IT","@id":"https:\/\/progettotouring.it\/radiotouring104\/2025\/10\/20\/castrovillari-al-giornalista-riccardo-cristiano-il-premio-frontiere-aperte-2025\/#primaryimage","url":"https:\/\/progettotouring.it\/radiotouring104\/wp-content\/uploads\/sites\/6\/2025\/10\/Castrovillari-premio.gif","contentUrl":"https:\/\/progettotouring.it\/radiotouring104\/wp-content\/uploads\/sites\/6\/2025\/10\/Castrovillari-premio.gif","width":658,"height":412},{"@type":"BreadcrumbList","@id":"https:\/\/progettotouring.it\/radiotouring104\/2025\/10\/20\/castrovillari-al-giornalista-riccardo-cristiano-il-premio-frontiere-aperte-2025\/#breadcrumb","itemListElement":[{"@type":"ListItem","position":1,"name":"Home","item":"https:\/\/progettotouring.it\/radiotouring104\/"},{"@type":"ListItem","position":2,"name":"Castrovillari: al giornalista Riccardo Cristiano il \u201cPremio Frontiere Aperte\u201d 2025"}]},{"@type":"WebSite","@id":"https:\/\/progettotouring.it\/radiotouring104\/#website","url":"https:\/\/progettotouring.it\/radiotouring104\/","name":"Radio Touring 104","description":"La prima radio Reggina","publisher":{"@id":"https:\/\/progettotouring.it\/radiotouring104\/#organization"},"potentialAction":[{"@type":"SearchAction","target":{"@type":"EntryPoint","urlTemplate":"https:\/\/progettotouring.it\/radiotouring104\/?s={search_term_string}"},"query-input":{"@type":"PropertyValueSpecification","valueRequired":true,"valueName":"search_term_string"}}],"inLanguage":"it-IT"},{"@type":"Organization","@id":"https:\/\/progettotouring.it\/radiotouring104\/#organization","name":"Radio Touring 104","url":"https:\/\/progettotouring.it\/radiotouring104\/","logo":{"@type":"ImageObject","inLanguage":"it-IT","@id":"https:\/\/progettotouring.it\/radiotouring104\/#\/schema\/logo\/image\/","url":"https:\/\/progettotouring.it\/radiotouring104\/wp-content\/uploads\/sites\/6\/2022\/02\/cropped-logo-radio-touring-104.png","contentUrl":"https:\/\/progettotouring.it\/radiotouring104\/wp-content\/uploads\/sites\/6\/2022\/02\/cropped-logo-radio-touring-104.png","width":377,"height":182,"caption":"Radio Touring 104"},"image":{"@id":"https:\/\/progettotouring.it\/radiotouring104\/#\/schema\/logo\/image\/"}},{"@type":"Person","@id":"https:\/\/progettotouring.it\/radiotouring104\/#\/schema\/person\/1b3eb3c07c47136bc44c785c543e635f","name":"redazione","image":{"@type":"ImageObject","inLanguage":"it-IT","@id":"https:\/\/secure.gravatar.com\/avatar\/0b31605b49f100769e8b624b3e05de1b73e1692e9568a352f60f53fd072e6e11?s=96&d=mm&r=g","url":"https:\/\/secure.gravatar.com\/avatar\/0b31605b49f100769e8b624b3e05de1b73e1692e9568a352f60f53fd072e6e11?s=96&d=mm&r=g","contentUrl":"https:\/\/secure.gravatar.com\/avatar\/0b31605b49f100769e8b624b3e05de1b73e1692e9568a352f60f53fd072e6e11?s=96&d=mm&r=g","caption":"redazione"},"url":"https:\/\/progettotouring.it\/radiotouring104\/author\/redazione\/"}]}},"jetpack_publicize_connections":[],"jetpack_featured_media_url":"https:\/\/progettotouring.it\/radiotouring104\/wp-content\/uploads\/sites\/6\/2025\/10\/Castrovillari-premio.gif","jetpack_sharing_enabled":true,"_links":{"self":[{"href":"https:\/\/progettotouring.it\/radiotouring104\/wp-json\/wp\/v2\/posts\/84368","targetHints":{"allow":["GET"]}}],"collection":[{"href":"https:\/\/progettotouring.it\/radiotouring104\/wp-json\/wp\/v2\/posts"}],"about":[{"href":"https:\/\/progettotouring.it\/radiotouring104\/wp-json\/wp\/v2\/types\/post"}],"author":[{"embeddable":true,"href":"https:\/\/progettotouring.it\/radiotouring104\/wp-json\/wp\/v2\/users\/5"}],"replies":[{"embeddable":true,"href":"https:\/\/progettotouring.it\/radiotouring104\/wp-json\/wp\/v2\/comments?post=84368"}],"version-history":[{"count":1,"href":"https:\/\/progettotouring.it\/radiotouring104\/wp-json\/wp\/v2\/posts\/84368\/revisions"}],"predecessor-version":[{"id":84370,"href":"https:\/\/progettotouring.it\/radiotouring104\/wp-json\/wp\/v2\/posts\/84368\/revisions\/84370"}],"wp:featuredmedia":[{"embeddable":true,"href":"https:\/\/progettotouring.it\/radiotouring104\/wp-json\/wp\/v2\/media\/84369"}],"wp:attachment":[{"href":"https:\/\/progettotouring.it\/radiotouring104\/wp-json\/wp\/v2\/media?parent=84368"}],"wp:term":[{"taxonomy":"category","embeddable":true,"href":"https:\/\/progettotouring.it\/radiotouring104\/wp-json\/wp\/v2\/categories?post=84368"},{"taxonomy":"post_tag","embeddable":true,"href":"https:\/\/progettotouring.it\/radiotouring104\/wp-json\/wp\/v2\/tags?post=84368"}],"curies":[{"name":"wp","href":"https:\/\/api.w.org\/{rel}","templated":true}]}}