{"id":84371,"date":"2025-10-20T11:51:22","date_gmt":"2025-10-20T09:51:22","guid":{"rendered":"https:\/\/progettotouring.it\/radiotouring104\/?p=84371"},"modified":"2025-10-20T12:58:17","modified_gmt":"2025-10-20T10:58:17","slug":"scuola-calabria-presente-alla-manifestazione-nazionale-del-18-ottobre","status":"publish","type":"post","link":"https:\/\/progettotouring.it\/radiotouring104\/2025\/10\/20\/scuola-calabria-presente-alla-manifestazione-nazionale-del-18-ottobre\/","title":{"rendered":"Scuola: Calabria presente alla Manifestazione Nazionale del 18 ottobre"},"content":{"rendered":"<p>La mobilitazione nazionale del 18 ottobre, organizzata dal Tavolo Interassociativo Calabrese, ha visto anche in Calabria -a Reggio, a Lamezia e a Cosenza- la presenza di molte associazioni, docenti, studenti ed esponenti della societ\u00e0 civile, che hanno a cuore le sorti della scuola. Quando il 4 settembre, le associazioni, CIDI Cosenza e Reggio Calabria, FLC CGIL Calabria, Proteo Fare Sapere Calabria hanno lanciato, su emanazione del Tavolo Nazionale, l\u2019idea di un tavolo regionale per la scuola democratica c\u2019\u00e8 stata fin da subito una grande adesione, in termini di consenso, ma soprattutto di contributo di contenuti e di proposte.<\/p>\n<p>E\u2019 opinione condivisa da tutte le componenti del Tavolo che le nuove Indicazioni Nazionali per il curricolo Scuole dell\u2019infanzia e scuole del Primo ciclo di istruzione siano un pericoloso ritorno al passato. Vogliamo sostenere l\u2019idea di una scuola capace di garantire eguaglianza, secondo i principi costituzionali, emancipazione, pensiero critico e che sia partecipe, anzi promotrice dei processi di innovazione.<\/p>\n<p>Come si legge nella \u201cLettera &#8211; appello alla societ\u00e0 civile\u201d del Tavolo nazionale, \u201cquesti interventi promuovono un modello trasmissivo, gerarchico, selettivo: una scuola del \u2018programma da svolgere\u2019, del merito individuale, funzionale alle logiche aziendalistiche. Si abbandona l\u2019idea di una cittadinanza planetaria per ripiegare su un\u2019educazione che esalta l\u2019identit\u00e0 nazionale, i confini, l\u2019ordine e l\u2019obbedienza\u201d.<\/p>\n<p>L\u2019attacco alla scuola democratica e della costituzione, in realt\u00e0, \u00e8 iniziato gi\u00e0 dal 2022 con \u200ble nuove linee guida per l\u2019educazione civica incentrate sull\u2019individuo come imprenditore di se stesso, difensore della propriet\u00e0 privata piuttosto che del bene comune; la riforma della filiera tecnico-professionale che piega la scuola alle esigenze delle aziende e ripropone, in pratica, l\u2019antico \u2018avviamento\u2019; il ddl sull\u2019obbligo del consenso informato che minaccia libert\u00e0 di insegnamento e l\u2019autonomia scolastica e priva i giovani del loro diritto a un\u2019educazione sessuo-affettiva; il ritorno a una valutazione classificatoria e sanzionatoria con il ripristino dei giudizi sintetici nella scuola primaria.<\/p>\n<p>La giornata del 18 ottobre in tutte le piazze d\u2019Italia ha dimostrato che l\u2019idea che il Paese ha della scuola \u00e8 un\u2019altra e che democrazia e libert\u00e0 fanno parte di tutti i processi formativi della persona<\/p>\n","protected":false},"excerpt":{"rendered":"<p>La mobilitazione nazionale del 18 ottobre, organizzata dal Tavolo Interassociativo Calabrese, ha visto anche in Calabria -a Reggio, a Lamezia e a Cosenza- la presenza di molte associazioni, docenti, studenti&hellip;<\/p>\n","protected":false},"author":5,"featured_media":84372,"comment_status":"closed","ping_status":"open","sticky":false,"template":"","format":"standard","meta":{"_jetpack_memberships_contains_paid_content":false,"footnotes":"","jetpack_publicize_message":"","jetpack_publicize_feature_enabled":true,"jetpack_social_post_already_shared":true,"jetpack_social_options":{"image_generator_settings":{"template":"highway","default_image_id":0,"font":"","enabled":false},"version":2}},"categories":[921,196,140],"tags":[24962,354,37288,48477,23983,493,2145],"class_list":["post-84371","post","type-post","status-publish","format-standard","has-post-thumbnail","hentry","category-home","category-news","category-reggio-calabria","tag-cigl-calabria","tag-cosenza","tag-docenti","tag-manifestazione-nazionale-18-ottobre","tag-reggio","tag-scuola","tag-studenti"],"yoast_head":"<!-- This site is optimized with the Yoast SEO plugin v27.2 - https:\/\/yoast.com\/product\/yoast-seo-wordpress\/ -->\n<title>Scuola: Calabria presente alla Manifestazione del 18 ottobre<\/title>\n<meta name=\"description\" content=\"Associazioni, Docenti e Studenti hanno partecipato, il 18 ottobre, a Reggio, Cosenza e Lamezia alla manifestazione nazionale\" \/>\n<meta name=\"robots\" content=\"index, follow, max-snippet:-1, max-image-preview:large, max-video-preview:-1\" \/>\n<link rel=\"canonical\" href=\"https:\/\/progettotouring.it\/radiotouring104\/2025\/10\/20\/scuola-calabria-presente-alla-manifestazione-nazionale-del-18-ottobre\/\" \/>\n<meta property=\"og:locale\" content=\"it_IT\" \/>\n<meta property=\"og:type\" content=\"article\" \/>\n<meta property=\"og:title\" content=\"Scuola: Calabria presente alla Manifestazione del 18 ottobre\" \/>\n<meta property=\"og:description\" content=\"Associazioni, Docenti e Studenti hanno partecipato, il 18 ottobre, a Reggio, Cosenza e Lamezia alla manifestazione nazionale\" \/>\n<meta property=\"og:url\" content=\"https:\/\/progettotouring.it\/radiotouring104\/2025\/10\/20\/scuola-calabria-presente-alla-manifestazione-nazionale-del-18-ottobre\/\" \/>\n<meta property=\"og:site_name\" content=\"Radio Touring 104\" \/>\n<meta property=\"article:published_time\" content=\"2025-10-20T09:51:22+00:00\" \/>\n<meta property=\"article:modified_time\" content=\"2025-10-20T10:58:17+00:00\" \/>\n<meta property=\"og:image\" content=\"https:\/\/progettotouring.it\/radiotouring104\/wp-content\/uploads\/sites\/6\/2025\/10\/Stand-Cigl-Calabria-manifestazione-scuola.jpeg\" \/>\n\t<meta property=\"og:image:width\" content=\"1600\" \/>\n\t<meta property=\"og:image:height\" content=\"1200\" \/>\n\t<meta property=\"og:image:type\" content=\"image\/jpeg\" \/>\n<meta name=\"author\" content=\"redazione\" \/>\n<meta name=\"twitter:card\" content=\"summary_large_image\" \/>\n<meta name=\"twitter:label1\" content=\"Scritto da\" \/>\n\t<meta name=\"twitter:data1\" content=\"redazione\" \/>\n\t<meta name=\"twitter:label2\" content=\"Tempo di lettura stimato\" \/>\n\t<meta name=\"twitter:data2\" content=\"2 minuti\" \/>\n<script type=\"application\/ld+json\" class=\"yoast-schema-graph\">{\"@context\":\"https:\/\/schema.org\",\"@graph\":[{\"@type\":\"Article\",\"@id\":\"https:\/\/progettotouring.it\/radiotouring104\/2025\/10\/20\/scuola-calabria-presente-alla-manifestazione-nazionale-del-18-ottobre\/#article\",\"isPartOf\":{\"@id\":\"https:\/\/progettotouring.it\/radiotouring104\/2025\/10\/20\/scuola-calabria-presente-alla-manifestazione-nazionale-del-18-ottobre\/\"},\"author\":{\"name\":\"redazione\",\"@id\":\"https:\/\/progettotouring.it\/radiotouring104\/#\/schema\/person\/1b3eb3c07c47136bc44c785c543e635f\"},\"headline\":\"Scuola: Calabria presente alla Manifestazione Nazionale del 18 ottobre\",\"datePublished\":\"2025-10-20T09:51:22+00:00\",\"dateModified\":\"2025-10-20T10:58:17+00:00\",\"mainEntityOfPage\":{\"@id\":\"https:\/\/progettotouring.it\/radiotouring104\/2025\/10\/20\/scuola-calabria-presente-alla-manifestazione-nazionale-del-18-ottobre\/\"},\"wordCount\":365,\"publisher\":{\"@id\":\"https:\/\/progettotouring.it\/radiotouring104\/#organization\"},\"image\":{\"@id\":\"https:\/\/progettotouring.it\/radiotouring104\/2025\/10\/20\/scuola-calabria-presente-alla-manifestazione-nazionale-del-18-ottobre\/#primaryimage\"},\"thumbnailUrl\":\"https:\/\/progettotouring.it\/radiotouring104\/wp-content\/uploads\/sites\/6\/2025\/10\/Stand-Cigl-Calabria-manifestazione-scuola.jpeg\",\"keywords\":[\"Cigl Calabria\",\"Cosenza\",\"docenti\",\"Manifestazione Nazionale 18 ottobre\",\"Reggio\",\"scuola\",\"studenti\"],\"articleSection\":[\"Home\",\"News\",\"Reggio Calabria\"],\"inLanguage\":\"it-IT\"},{\"@type\":\"WebPage\",\"@id\":\"https:\/\/progettotouring.it\/radiotouring104\/2025\/10\/20\/scuola-calabria-presente-alla-manifestazione-nazionale-del-18-ottobre\/\",\"url\":\"https:\/\/progettotouring.it\/radiotouring104\/2025\/10\/20\/scuola-calabria-presente-alla-manifestazione-nazionale-del-18-ottobre\/\",\"name\":\"Scuola: Calabria presente alla Manifestazione del 18 ottobre\",\"isPartOf\":{\"@id\":\"https:\/\/progettotouring.it\/radiotouring104\/#website\"},\"primaryImageOfPage\":{\"@id\":\"https:\/\/progettotouring.it\/radiotouring104\/2025\/10\/20\/scuola-calabria-presente-alla-manifestazione-nazionale-del-18-ottobre\/#primaryimage\"},\"image\":{\"@id\":\"https:\/\/progettotouring.it\/radiotouring104\/2025\/10\/20\/scuola-calabria-presente-alla-manifestazione-nazionale-del-18-ottobre\/#primaryimage\"},\"thumbnailUrl\":\"https:\/\/progettotouring.it\/radiotouring104\/wp-content\/uploads\/sites\/6\/2025\/10\/Stand-Cigl-Calabria-manifestazione-scuola.jpeg\",\"datePublished\":\"2025-10-20T09:51:22+00:00\",\"dateModified\":\"2025-10-20T10:58:17+00:00\",\"description\":\"Associazioni, Docenti e Studenti hanno partecipato, il 18 ottobre, a Reggio, Cosenza e Lamezia alla manifestazione nazionale\",\"breadcrumb\":{\"@id\":\"https:\/\/progettotouring.it\/radiotouring104\/2025\/10\/20\/scuola-calabria-presente-alla-manifestazione-nazionale-del-18-ottobre\/#breadcrumb\"},\"inLanguage\":\"it-IT\",\"potentialAction\":[{\"@type\":\"ReadAction\",\"target\":[\"https:\/\/progettotouring.it\/radiotouring104\/2025\/10\/20\/scuola-calabria-presente-alla-manifestazione-nazionale-del-18-ottobre\/\"]}]},{\"@type\":\"ImageObject\",\"inLanguage\":\"it-IT\",\"@id\":\"https:\/\/progettotouring.it\/radiotouring104\/2025\/10\/20\/scuola-calabria-presente-alla-manifestazione-nazionale-del-18-ottobre\/#primaryimage\",\"url\":\"https:\/\/progettotouring.it\/radiotouring104\/wp-content\/uploads\/sites\/6\/2025\/10\/Stand-Cigl-Calabria-manifestazione-scuola.jpeg\",\"contentUrl\":\"https:\/\/progettotouring.it\/radiotouring104\/wp-content\/uploads\/sites\/6\/2025\/10\/Stand-Cigl-Calabria-manifestazione-scuola.jpeg\",\"width\":1600,\"height\":1200},{\"@type\":\"BreadcrumbList\",\"@id\":\"https:\/\/progettotouring.it\/radiotouring104\/2025\/10\/20\/scuola-calabria-presente-alla-manifestazione-nazionale-del-18-ottobre\/#breadcrumb\",\"itemListElement\":[{\"@type\":\"ListItem\",\"position\":1,\"name\":\"Home\",\"item\":\"https:\/\/progettotouring.it\/radiotouring104\/\"},{\"@type\":\"ListItem\",\"position\":2,\"name\":\"Scuola: Calabria presente alla Manifestazione Nazionale del 18 ottobre\"}]},{\"@type\":\"WebSite\",\"@id\":\"https:\/\/progettotouring.it\/radiotouring104\/#website\",\"url\":\"https:\/\/progettotouring.it\/radiotouring104\/\",\"name\":\"Radio Touring 104\",\"description\":\"La prima radio Reggina\",\"publisher\":{\"@id\":\"https:\/\/progettotouring.it\/radiotouring104\/#organization\"},\"potentialAction\":[{\"@type\":\"SearchAction\",\"target\":{\"@type\":\"EntryPoint\",\"urlTemplate\":\"https:\/\/progettotouring.it\/radiotouring104\/?s={search_term_string}\"},\"query-input\":{\"@type\":\"PropertyValueSpecification\",\"valueRequired\":true,\"valueName\":\"search_term_string\"}}],\"inLanguage\":\"it-IT\"},{\"@type\":\"Organization\",\"@id\":\"https:\/\/progettotouring.it\/radiotouring104\/#organization\",\"name\":\"Radio Touring 104\",\"url\":\"https:\/\/progettotouring.it\/radiotouring104\/\",\"logo\":{\"@type\":\"ImageObject\",\"inLanguage\":\"it-IT\",\"@id\":\"https:\/\/progettotouring.it\/radiotouring104\/#\/schema\/logo\/image\/\",\"url\":\"https:\/\/progettotouring.it\/radiotouring104\/wp-content\/uploads\/sites\/6\/2022\/02\/cropped-logo-radio-touring-104.png\",\"contentUrl\":\"https:\/\/progettotouring.it\/radiotouring104\/wp-content\/uploads\/sites\/6\/2022\/02\/cropped-logo-radio-touring-104.png\",\"width\":377,\"height\":182,\"caption\":\"Radio Touring 104\"},\"image\":{\"@id\":\"https:\/\/progettotouring.it\/radiotouring104\/#\/schema\/logo\/image\/\"}},{\"@type\":\"Person\",\"@id\":\"https:\/\/progettotouring.it\/radiotouring104\/#\/schema\/person\/1b3eb3c07c47136bc44c785c543e635f\",\"name\":\"redazione\",\"image\":{\"@type\":\"ImageObject\",\"inLanguage\":\"it-IT\",\"@id\":\"https:\/\/secure.gravatar.com\/avatar\/0b31605b49f100769e8b624b3e05de1b73e1692e9568a352f60f53fd072e6e11?s=96&d=mm&r=g\",\"url\":\"https:\/\/secure.gravatar.com\/avatar\/0b31605b49f100769e8b624b3e05de1b73e1692e9568a352f60f53fd072e6e11?s=96&d=mm&r=g\",\"contentUrl\":\"https:\/\/secure.gravatar.com\/avatar\/0b31605b49f100769e8b624b3e05de1b73e1692e9568a352f60f53fd072e6e11?s=96&d=mm&r=g\",\"caption\":\"redazione\"},\"url\":\"https:\/\/progettotouring.it\/radiotouring104\/author\/redazione\/\"}]}<\/script>\n<!-- \/ Yoast SEO plugin. -->","yoast_head_json":{"title":"Scuola: Calabria presente alla Manifestazione del 18 ottobre","description":"Associazioni, Docenti e Studenti hanno partecipato, il 18 ottobre, a Reggio, Cosenza e Lamezia alla manifestazione nazionale","robots":{"index":"index","follow":"follow","max-snippet":"max-snippet:-1","max-image-preview":"max-image-preview:large","max-video-preview":"max-video-preview:-1"},"canonical":"https:\/\/progettotouring.it\/radiotouring104\/2025\/10\/20\/scuola-calabria-presente-alla-manifestazione-nazionale-del-18-ottobre\/","og_locale":"it_IT","og_type":"article","og_title":"Scuola: Calabria presente alla Manifestazione del 18 ottobre","og_description":"Associazioni, Docenti e Studenti hanno partecipato, il 18 ottobre, a Reggio, Cosenza e Lamezia alla manifestazione nazionale","og_url":"https:\/\/progettotouring.it\/radiotouring104\/2025\/10\/20\/scuola-calabria-presente-alla-manifestazione-nazionale-del-18-ottobre\/","og_site_name":"Radio Touring 104","article_published_time":"2025-10-20T09:51:22+00:00","article_modified_time":"2025-10-20T10:58:17+00:00","og_image":[{"width":1600,"height":1200,"url":"https:\/\/progettotouring.it\/radiotouring104\/wp-content\/uploads\/sites\/6\/2025\/10\/Stand-Cigl-Calabria-manifestazione-scuola.jpeg","type":"image\/jpeg"}],"author":"redazione","twitter_card":"summary_large_image","twitter_misc":{"Scritto da":"redazione","Tempo di lettura stimato":"2 minuti"},"schema":{"@context":"https:\/\/schema.org","@graph":[{"@type":"Article","@id":"https:\/\/progettotouring.it\/radiotouring104\/2025\/10\/20\/scuola-calabria-presente-alla-manifestazione-nazionale-del-18-ottobre\/#article","isPartOf":{"@id":"https:\/\/progettotouring.it\/radiotouring104\/2025\/10\/20\/scuola-calabria-presente-alla-manifestazione-nazionale-del-18-ottobre\/"},"author":{"name":"redazione","@id":"https:\/\/progettotouring.it\/radiotouring104\/#\/schema\/person\/1b3eb3c07c47136bc44c785c543e635f"},"headline":"Scuola: Calabria presente alla Manifestazione Nazionale del 18 ottobre","datePublished":"2025-10-20T09:51:22+00:00","dateModified":"2025-10-20T10:58:17+00:00","mainEntityOfPage":{"@id":"https:\/\/progettotouring.it\/radiotouring104\/2025\/10\/20\/scuola-calabria-presente-alla-manifestazione-nazionale-del-18-ottobre\/"},"wordCount":365,"publisher":{"@id":"https:\/\/progettotouring.it\/radiotouring104\/#organization"},"image":{"@id":"https:\/\/progettotouring.it\/radiotouring104\/2025\/10\/20\/scuola-calabria-presente-alla-manifestazione-nazionale-del-18-ottobre\/#primaryimage"},"thumbnailUrl":"https:\/\/progettotouring.it\/radiotouring104\/wp-content\/uploads\/sites\/6\/2025\/10\/Stand-Cigl-Calabria-manifestazione-scuola.jpeg","keywords":["Cigl Calabria","Cosenza","docenti","Manifestazione Nazionale 18 ottobre","Reggio","scuola","studenti"],"articleSection":["Home","News","Reggio Calabria"],"inLanguage":"it-IT"},{"@type":"WebPage","@id":"https:\/\/progettotouring.it\/radiotouring104\/2025\/10\/20\/scuola-calabria-presente-alla-manifestazione-nazionale-del-18-ottobre\/","url":"https:\/\/progettotouring.it\/radiotouring104\/2025\/10\/20\/scuola-calabria-presente-alla-manifestazione-nazionale-del-18-ottobre\/","name":"Scuola: Calabria presente alla Manifestazione del 18 ottobre","isPartOf":{"@id":"https:\/\/progettotouring.it\/radiotouring104\/#website"},"primaryImageOfPage":{"@id":"https:\/\/progettotouring.it\/radiotouring104\/2025\/10\/20\/scuola-calabria-presente-alla-manifestazione-nazionale-del-18-ottobre\/#primaryimage"},"image":{"@id":"https:\/\/progettotouring.it\/radiotouring104\/2025\/10\/20\/scuola-calabria-presente-alla-manifestazione-nazionale-del-18-ottobre\/#primaryimage"},"thumbnailUrl":"https:\/\/progettotouring.it\/radiotouring104\/wp-content\/uploads\/sites\/6\/2025\/10\/Stand-Cigl-Calabria-manifestazione-scuola.jpeg","datePublished":"2025-10-20T09:51:22+00:00","dateModified":"2025-10-20T10:58:17+00:00","description":"Associazioni, Docenti e Studenti hanno partecipato, il 18 ottobre, a Reggio, Cosenza e Lamezia alla manifestazione nazionale","breadcrumb":{"@id":"https:\/\/progettotouring.it\/radiotouring104\/2025\/10\/20\/scuola-calabria-presente-alla-manifestazione-nazionale-del-18-ottobre\/#breadcrumb"},"inLanguage":"it-IT","potentialAction":[{"@type":"ReadAction","target":["https:\/\/progettotouring.it\/radiotouring104\/2025\/10\/20\/scuola-calabria-presente-alla-manifestazione-nazionale-del-18-ottobre\/"]}]},{"@type":"ImageObject","inLanguage":"it-IT","@id":"https:\/\/progettotouring.it\/radiotouring104\/2025\/10\/20\/scuola-calabria-presente-alla-manifestazione-nazionale-del-18-ottobre\/#primaryimage","url":"https:\/\/progettotouring.it\/radiotouring104\/wp-content\/uploads\/sites\/6\/2025\/10\/Stand-Cigl-Calabria-manifestazione-scuola.jpeg","contentUrl":"https:\/\/progettotouring.it\/radiotouring104\/wp-content\/uploads\/sites\/6\/2025\/10\/Stand-Cigl-Calabria-manifestazione-scuola.jpeg","width":1600,"height":1200},{"@type":"BreadcrumbList","@id":"https:\/\/progettotouring.it\/radiotouring104\/2025\/10\/20\/scuola-calabria-presente-alla-manifestazione-nazionale-del-18-ottobre\/#breadcrumb","itemListElement":[{"@type":"ListItem","position":1,"name":"Home","item":"https:\/\/progettotouring.it\/radiotouring104\/"},{"@type":"ListItem","position":2,"name":"Scuola: Calabria presente alla Manifestazione Nazionale del 18 ottobre"}]},{"@type":"WebSite","@id":"https:\/\/progettotouring.it\/radiotouring104\/#website","url":"https:\/\/progettotouring.it\/radiotouring104\/","name":"Radio Touring 104","description":"La prima radio Reggina","publisher":{"@id":"https:\/\/progettotouring.it\/radiotouring104\/#organization"},"potentialAction":[{"@type":"SearchAction","target":{"@type":"EntryPoint","urlTemplate":"https:\/\/progettotouring.it\/radiotouring104\/?s={search_term_string}"},"query-input":{"@type":"PropertyValueSpecification","valueRequired":true,"valueName":"search_term_string"}}],"inLanguage":"it-IT"},{"@type":"Organization","@id":"https:\/\/progettotouring.it\/radiotouring104\/#organization","name":"Radio Touring 104","url":"https:\/\/progettotouring.it\/radiotouring104\/","logo":{"@type":"ImageObject","inLanguage":"it-IT","@id":"https:\/\/progettotouring.it\/radiotouring104\/#\/schema\/logo\/image\/","url":"https:\/\/progettotouring.it\/radiotouring104\/wp-content\/uploads\/sites\/6\/2022\/02\/cropped-logo-radio-touring-104.png","contentUrl":"https:\/\/progettotouring.it\/radiotouring104\/wp-content\/uploads\/sites\/6\/2022\/02\/cropped-logo-radio-touring-104.png","width":377,"height":182,"caption":"Radio Touring 104"},"image":{"@id":"https:\/\/progettotouring.it\/radiotouring104\/#\/schema\/logo\/image\/"}},{"@type":"Person","@id":"https:\/\/progettotouring.it\/radiotouring104\/#\/schema\/person\/1b3eb3c07c47136bc44c785c543e635f","name":"redazione","image":{"@type":"ImageObject","inLanguage":"it-IT","@id":"https:\/\/secure.gravatar.com\/avatar\/0b31605b49f100769e8b624b3e05de1b73e1692e9568a352f60f53fd072e6e11?s=96&d=mm&r=g","url":"https:\/\/secure.gravatar.com\/avatar\/0b31605b49f100769e8b624b3e05de1b73e1692e9568a352f60f53fd072e6e11?s=96&d=mm&r=g","contentUrl":"https:\/\/secure.gravatar.com\/avatar\/0b31605b49f100769e8b624b3e05de1b73e1692e9568a352f60f53fd072e6e11?s=96&d=mm&r=g","caption":"redazione"},"url":"https:\/\/progettotouring.it\/radiotouring104\/author\/redazione\/"}]}},"jetpack_publicize_connections":[],"jetpack_featured_media_url":"https:\/\/progettotouring.it\/radiotouring104\/wp-content\/uploads\/sites\/6\/2025\/10\/Stand-Cigl-Calabria-manifestazione-scuola.jpeg","jetpack_sharing_enabled":true,"_links":{"self":[{"href":"https:\/\/progettotouring.it\/radiotouring104\/wp-json\/wp\/v2\/posts\/84371","targetHints":{"allow":["GET"]}}],"collection":[{"href":"https:\/\/progettotouring.it\/radiotouring104\/wp-json\/wp\/v2\/posts"}],"about":[{"href":"https:\/\/progettotouring.it\/radiotouring104\/wp-json\/wp\/v2\/types\/post"}],"author":[{"embeddable":true,"href":"https:\/\/progettotouring.it\/radiotouring104\/wp-json\/wp\/v2\/users\/5"}],"replies":[{"embeddable":true,"href":"https:\/\/progettotouring.it\/radiotouring104\/wp-json\/wp\/v2\/comments?post=84371"}],"version-history":[{"count":1,"href":"https:\/\/progettotouring.it\/radiotouring104\/wp-json\/wp\/v2\/posts\/84371\/revisions"}],"predecessor-version":[{"id":84373,"href":"https:\/\/progettotouring.it\/radiotouring104\/wp-json\/wp\/v2\/posts\/84371\/revisions\/84373"}],"wp:featuredmedia":[{"embeddable":true,"href":"https:\/\/progettotouring.it\/radiotouring104\/wp-json\/wp\/v2\/media\/84372"}],"wp:attachment":[{"href":"https:\/\/progettotouring.it\/radiotouring104\/wp-json\/wp\/v2\/media?parent=84371"}],"wp:term":[{"taxonomy":"category","embeddable":true,"href":"https:\/\/progettotouring.it\/radiotouring104\/wp-json\/wp\/v2\/categories?post=84371"},{"taxonomy":"post_tag","embeddable":true,"href":"https:\/\/progettotouring.it\/radiotouring104\/wp-json\/wp\/v2\/tags?post=84371"}],"curies":[{"name":"wp","href":"https:\/\/api.w.org\/{rel}","templated":true}]}}