{"id":84378,"date":"2025-10-20T12:13:21","date_gmt":"2025-10-20T10:13:21","guid":{"rendered":"https:\/\/progettotouring.it\/radiotouring104\/?p=84378"},"modified":"2025-10-20T12:58:13","modified_gmt":"2025-10-20T10:58:13","slug":"intimidazione-a-ranucci-ferma-condanna-del-movimento-agende-rosse","status":"publish","type":"post","link":"https:\/\/progettotouring.it\/radiotouring104\/2025\/10\/20\/intimidazione-a-ranucci-ferma-condanna-del-movimento-agende-rosse\/","title":{"rendered":"Intimidazione a Ranucci: ferma condanna del Movimento &#8220;Agende Rosse&#8221;"},"content":{"rendered":"<p class=\"xmprfxmsonormal\" style=\"margin: 0cm;margin-bottom: .0001pt\">\n<p class=\"xmprfxmsonormal\" style=\"margin: 0cm;margin-bottom: .0001pt;background-image: initial;background-position: initial;background-repeat: initial\"><span style=\"font-size: 14.0pt;font-family: 'Calibri',sans-serif;color: black\">Tramite un comunicato, il Movimento &#8220;Agende Rosse&#8221;, esprime solidariet\u00e0 e ferma condanna in merito all&#8217;attentato accorso alle due auto del giornalista della trasmissione RAI &#8220;Report&#8221;, Sigfrido Ranucci.<\/span><\/p>\n<p class=\"xmprfxmsonormal\" style=\"margin: 0cm;margin-bottom: .0001pt;background-image: initial;background-position: initial;background-repeat: initial\"><span style=\"font-size: 14.0pt;font-family: 'Calibri',sans-serif;color: black\">&#8220;In seguito ai recenti accadimenti, il Movimento Agende Rosse &#8220;Paolo Borsellino&#8221; gruppo provinciale Catanzaro esprime piena solidariet\u00e0 e vicinanza al giornalista e conduttore Sigfrido Ranucci e condanna il vile atto intimidatorio a cui \u00e8 stato esposto nella notte di gioved\u00ec scorso.<\/span><\/p>\n<p class=\"xmprfxmsonormal\" style=\"margin: 0cm;margin-bottom: .0001pt;background-image: initial;background-position: initial;background-repeat: initial\"><span style=\"font-size: 14.0pt;font-family: 'Calibri',sans-serif;color: black\">In qualit\u00e0 di Movimento che nasce per ottenere verit\u00e0 e giustizia nel pi\u00f9 ampio alveo della legalit\u00e0, siamo consapevoli del fatto che queste possano essere raggiunte anche, e soprattutto, attraverso una libera e corretta informazione, cos\u00ec come la nostra stessa Costituzione riconosce.<\/span><\/p>\n<p class=\"xmprfxmsonormal\" style=\"margin: 0cm;margin-bottom: .0001pt;background-image: initial;background-position: initial;background-repeat: initial\"><span style=\"font-size: 14.0pt;font-family: 'Calibri',sans-serif;color: black\">In tal senso, l&#8217;opera svolta fino ad oggi da Sigfrido Ranucci e da tutta la squadra di Report, rappresenta uno dei pochi baluardi di consapevolezza per il cittadino, consentendo la conoscibilit\u00e0 anche di quelle vicende opache e controverse che hanno caratterizzato e caratterizzano trasversalmente la storia della nostra Repubblica, tanto da sfociare in rapporti poco chiari tra pezzi deviati dello Stato e mafie.<br \/>Una politica che mira a delegittimare il lavoro dei giornalisti d&#8217;inchiesta esponendoli a facili aggressioni verbali, espressioni di una dialettica propagandistica, e che, disponendo in modo sproporzionato degli ordinari strumenti messi a disposizione dallo Stato di diritto, denota una propensione all&#8217;intimidazione, ma ottiene al contrario soltanto l&#8217;effetto di smuovere maggiormente la coscienza di una societ\u00e0 civile ancora attiva.<br \/>Per loro naturale vocazione, le Agende Rosse continueranno a vigilare contro ogni minaccia alle libert\u00e0 fondamentali, con l&#8217;augurio che, gi\u00e0 a partire dall&#8217;imminente nuova stagione, Report possa beneficiare di una pi\u00f9 ampia consapevolezza collettiva verso le inchieste di cui si fa portavoce.&#8221;, queste le parole di condanna all&#8217;attentato alle auto del giornalista Ranucci.<\/span><\/p>\n","protected":false},"excerpt":{"rendered":"<p>Tramite un comunicato, il Movimento &#8220;Agende Rosse&#8221;, esprime solidariet\u00e0 e ferma condanna in merito all&#8217;attentato accorso alle due auto del giornalista della trasmissione RAI &#8220;Report&#8221;, Sigfrido Ranucci. &#8220;In seguito ai&hellip;<\/p>\n","protected":false},"author":5,"featured_media":84379,"comment_status":"closed","ping_status":"open","sticky":false,"template":"","format":"standard","meta":{"_jetpack_memberships_contains_paid_content":false,"footnotes":"","jetpack_publicize_message":"","jetpack_publicize_feature_enabled":true,"jetpack_social_post_already_shared":true,"jetpack_social_options":{"image_generator_settings":{"template":"highway","default_image_id":0,"font":"","enabled":false},"version":2}},"categories":[921,152,196],"tags":[48481,48482,8677,48483,29306,33537,48480],"class_list":["post-84378","post","type-post","status-publish","format-standard","has-post-thumbnail","hentry","category-home","category-italia","category-news","tag-attentato-alle-2-auto","tag-bomba-a-2-auto","tag-condanna","tag-giornalista","tag-report","tag-sifrigido-ranucci","tag-trasmissione-rai"],"yoast_head":"<!-- This site is optimized with the Yoast SEO plugin v27.2 - https:\/\/yoast.com\/product\/yoast-seo-wordpress\/ -->\n<title>&quot;Agende Rosse&quot; condanna l&#039;attentato al giornalista Ranucci<\/title>\n<meta name=\"description\" content=\"&quot;Libera informazione essenziale per la verit\u00e0 e\u00a0la giustizia&quot;, le parole di condanna del Movimento, all&#039;attentato al giornalista di &quot;Report&quot;\" \/>\n<meta name=\"robots\" content=\"index, follow, max-snippet:-1, max-image-preview:large, max-video-preview:-1\" \/>\n<link rel=\"canonical\" href=\"https:\/\/progettotouring.it\/radiotouring104\/2025\/10\/20\/intimidazione-a-ranucci-ferma-condanna-del-movimento-agende-rosse\/\" \/>\n<meta property=\"og:locale\" content=\"it_IT\" \/>\n<meta property=\"og:type\" content=\"article\" \/>\n<meta property=\"og:title\" content=\"&quot;Agende Rosse&quot; condanna l&#039;attentato al giornalista Ranucci\" \/>\n<meta property=\"og:description\" content=\"&quot;Libera informazione essenziale per la verit\u00e0 e\u00a0la giustizia&quot;, le parole di condanna del Movimento, all&#039;attentato al giornalista di &quot;Report&quot;\" \/>\n<meta property=\"og:url\" content=\"https:\/\/progettotouring.it\/radiotouring104\/2025\/10\/20\/intimidazione-a-ranucci-ferma-condanna-del-movimento-agende-rosse\/\" \/>\n<meta property=\"og:site_name\" content=\"Radio Touring 104\" \/>\n<meta property=\"article:published_time\" content=\"2025-10-20T10:13:21+00:00\" \/>\n<meta property=\"article:modified_time\" content=\"2025-10-20T10:58:13+00:00\" \/>\n<meta property=\"og:image\" content=\"https:\/\/progettotouring.it\/radiotouring104\/wp-content\/uploads\/sites\/6\/2025\/10\/Sigfrido_Ranucci_ArezzoTV_2024.png\" \/>\n\t<meta property=\"og:image:width\" content=\"800\" \/>\n\t<meta property=\"og:image:height\" content=\"800\" \/>\n\t<meta property=\"og:image:type\" content=\"image\/png\" \/>\n<meta name=\"author\" content=\"redazione\" \/>\n<meta name=\"twitter:card\" content=\"summary_large_image\" \/>\n<meta name=\"twitter:label1\" content=\"Scritto da\" \/>\n\t<meta name=\"twitter:data1\" content=\"redazione\" \/>\n\t<meta name=\"twitter:label2\" content=\"Tempo di lettura stimato\" \/>\n\t<meta name=\"twitter:data2\" content=\"1 minuto\" \/>\n<script type=\"application\/ld+json\" class=\"yoast-schema-graph\">{\"@context\":\"https:\/\/schema.org\",\"@graph\":[{\"@type\":\"Article\",\"@id\":\"https:\/\/progettotouring.it\/radiotouring104\/2025\/10\/20\/intimidazione-a-ranucci-ferma-condanna-del-movimento-agende-rosse\/#article\",\"isPartOf\":{\"@id\":\"https:\/\/progettotouring.it\/radiotouring104\/2025\/10\/20\/intimidazione-a-ranucci-ferma-condanna-del-movimento-agende-rosse\/\"},\"author\":{\"name\":\"redazione\",\"@id\":\"https:\/\/progettotouring.it\/radiotouring104\/#\/schema\/person\/1b3eb3c07c47136bc44c785c543e635f\"},\"headline\":\"Intimidazione a Ranucci: ferma condanna del Movimento &#8220;Agende Rosse&#8221;\",\"datePublished\":\"2025-10-20T10:13:21+00:00\",\"dateModified\":\"2025-10-20T10:58:13+00:00\",\"mainEntityOfPage\":{\"@id\":\"https:\/\/progettotouring.it\/radiotouring104\/2025\/10\/20\/intimidazione-a-ranucci-ferma-condanna-del-movimento-agende-rosse\/\"},\"wordCount\":292,\"publisher\":{\"@id\":\"https:\/\/progettotouring.it\/radiotouring104\/#organization\"},\"image\":{\"@id\":\"https:\/\/progettotouring.it\/radiotouring104\/2025\/10\/20\/intimidazione-a-ranucci-ferma-condanna-del-movimento-agende-rosse\/#primaryimage\"},\"thumbnailUrl\":\"https:\/\/progettotouring.it\/radiotouring104\/wp-content\/uploads\/sites\/6\/2025\/10\/Sigfrido_Ranucci_ArezzoTV_2024.png\",\"keywords\":[\"attentato alle 2 auto\",\"bomba a 2 auto\",\"condanna\",\"giornalista\",\"Report\",\"Sifrigido Ranucci\",\"trasmissione RAI\"],\"articleSection\":[\"Home\",\"Italia\",\"News\"],\"inLanguage\":\"it-IT\"},{\"@type\":\"WebPage\",\"@id\":\"https:\/\/progettotouring.it\/radiotouring104\/2025\/10\/20\/intimidazione-a-ranucci-ferma-condanna-del-movimento-agende-rosse\/\",\"url\":\"https:\/\/progettotouring.it\/radiotouring104\/2025\/10\/20\/intimidazione-a-ranucci-ferma-condanna-del-movimento-agende-rosse\/\",\"name\":\"\\\"Agende Rosse\\\" condanna l'attentato al giornalista Ranucci\",\"isPartOf\":{\"@id\":\"https:\/\/progettotouring.it\/radiotouring104\/#website\"},\"primaryImageOfPage\":{\"@id\":\"https:\/\/progettotouring.it\/radiotouring104\/2025\/10\/20\/intimidazione-a-ranucci-ferma-condanna-del-movimento-agende-rosse\/#primaryimage\"},\"image\":{\"@id\":\"https:\/\/progettotouring.it\/radiotouring104\/2025\/10\/20\/intimidazione-a-ranucci-ferma-condanna-del-movimento-agende-rosse\/#primaryimage\"},\"thumbnailUrl\":\"https:\/\/progettotouring.it\/radiotouring104\/wp-content\/uploads\/sites\/6\/2025\/10\/Sigfrido_Ranucci_ArezzoTV_2024.png\",\"datePublished\":\"2025-10-20T10:13:21+00:00\",\"dateModified\":\"2025-10-20T10:58:13+00:00\",\"description\":\"\\\"Libera informazione essenziale per la verit\u00e0 e\u00a0la giustizia\\\", le parole di condanna del Movimento, all'attentato al giornalista di \\\"Report\\\"\",\"breadcrumb\":{\"@id\":\"https:\/\/progettotouring.it\/radiotouring104\/2025\/10\/20\/intimidazione-a-ranucci-ferma-condanna-del-movimento-agende-rosse\/#breadcrumb\"},\"inLanguage\":\"it-IT\",\"potentialAction\":[{\"@type\":\"ReadAction\",\"target\":[\"https:\/\/progettotouring.it\/radiotouring104\/2025\/10\/20\/intimidazione-a-ranucci-ferma-condanna-del-movimento-agende-rosse\/\"]}]},{\"@type\":\"ImageObject\",\"inLanguage\":\"it-IT\",\"@id\":\"https:\/\/progettotouring.it\/radiotouring104\/2025\/10\/20\/intimidazione-a-ranucci-ferma-condanna-del-movimento-agende-rosse\/#primaryimage\",\"url\":\"https:\/\/progettotouring.it\/radiotouring104\/wp-content\/uploads\/sites\/6\/2025\/10\/Sigfrido_Ranucci_ArezzoTV_2024.png\",\"contentUrl\":\"https:\/\/progettotouring.it\/radiotouring104\/wp-content\/uploads\/sites\/6\/2025\/10\/Sigfrido_Ranucci_ArezzoTV_2024.png\",\"width\":800,\"height\":800},{\"@type\":\"BreadcrumbList\",\"@id\":\"https:\/\/progettotouring.it\/radiotouring104\/2025\/10\/20\/intimidazione-a-ranucci-ferma-condanna-del-movimento-agende-rosse\/#breadcrumb\",\"itemListElement\":[{\"@type\":\"ListItem\",\"position\":1,\"name\":\"Home\",\"item\":\"https:\/\/progettotouring.it\/radiotouring104\/\"},{\"@type\":\"ListItem\",\"position\":2,\"name\":\"Intimidazione a Ranucci: ferma condanna del Movimento &#8220;Agende Rosse&#8221;\"}]},{\"@type\":\"WebSite\",\"@id\":\"https:\/\/progettotouring.it\/radiotouring104\/#website\",\"url\":\"https:\/\/progettotouring.it\/radiotouring104\/\",\"name\":\"Radio Touring 104\",\"description\":\"La prima radio Reggina\",\"publisher\":{\"@id\":\"https:\/\/progettotouring.it\/radiotouring104\/#organization\"},\"potentialAction\":[{\"@type\":\"SearchAction\",\"target\":{\"@type\":\"EntryPoint\",\"urlTemplate\":\"https:\/\/progettotouring.it\/radiotouring104\/?s={search_term_string}\"},\"query-input\":{\"@type\":\"PropertyValueSpecification\",\"valueRequired\":true,\"valueName\":\"search_term_string\"}}],\"inLanguage\":\"it-IT\"},{\"@type\":\"Organization\",\"@id\":\"https:\/\/progettotouring.it\/radiotouring104\/#organization\",\"name\":\"Radio Touring 104\",\"url\":\"https:\/\/progettotouring.it\/radiotouring104\/\",\"logo\":{\"@type\":\"ImageObject\",\"inLanguage\":\"it-IT\",\"@id\":\"https:\/\/progettotouring.it\/radiotouring104\/#\/schema\/logo\/image\/\",\"url\":\"https:\/\/progettotouring.it\/radiotouring104\/wp-content\/uploads\/sites\/6\/2022\/02\/cropped-logo-radio-touring-104.png\",\"contentUrl\":\"https:\/\/progettotouring.it\/radiotouring104\/wp-content\/uploads\/sites\/6\/2022\/02\/cropped-logo-radio-touring-104.png\",\"width\":377,\"height\":182,\"caption\":\"Radio Touring 104\"},\"image\":{\"@id\":\"https:\/\/progettotouring.it\/radiotouring104\/#\/schema\/logo\/image\/\"}},{\"@type\":\"Person\",\"@id\":\"https:\/\/progettotouring.it\/radiotouring104\/#\/schema\/person\/1b3eb3c07c47136bc44c785c543e635f\",\"name\":\"redazione\",\"image\":{\"@type\":\"ImageObject\",\"inLanguage\":\"it-IT\",\"@id\":\"https:\/\/secure.gravatar.com\/avatar\/0b31605b49f100769e8b624b3e05de1b73e1692e9568a352f60f53fd072e6e11?s=96&d=mm&r=g\",\"url\":\"https:\/\/secure.gravatar.com\/avatar\/0b31605b49f100769e8b624b3e05de1b73e1692e9568a352f60f53fd072e6e11?s=96&d=mm&r=g\",\"contentUrl\":\"https:\/\/secure.gravatar.com\/avatar\/0b31605b49f100769e8b624b3e05de1b73e1692e9568a352f60f53fd072e6e11?s=96&d=mm&r=g\",\"caption\":\"redazione\"},\"url\":\"https:\/\/progettotouring.it\/radiotouring104\/author\/redazione\/\"}]}<\/script>\n<!-- \/ Yoast SEO plugin. -->","yoast_head_json":{"title":"\"Agende Rosse\" condanna l'attentato al giornalista Ranucci","description":"\"Libera informazione essenziale per la verit\u00e0 e\u00a0la giustizia\", le parole di condanna del Movimento, all'attentato al giornalista di \"Report\"","robots":{"index":"index","follow":"follow","max-snippet":"max-snippet:-1","max-image-preview":"max-image-preview:large","max-video-preview":"max-video-preview:-1"},"canonical":"https:\/\/progettotouring.it\/radiotouring104\/2025\/10\/20\/intimidazione-a-ranucci-ferma-condanna-del-movimento-agende-rosse\/","og_locale":"it_IT","og_type":"article","og_title":"\"Agende Rosse\" condanna l'attentato al giornalista Ranucci","og_description":"\"Libera informazione essenziale per la verit\u00e0 e\u00a0la giustizia\", le parole di condanna del Movimento, all'attentato al giornalista di \"Report\"","og_url":"https:\/\/progettotouring.it\/radiotouring104\/2025\/10\/20\/intimidazione-a-ranucci-ferma-condanna-del-movimento-agende-rosse\/","og_site_name":"Radio Touring 104","article_published_time":"2025-10-20T10:13:21+00:00","article_modified_time":"2025-10-20T10:58:13+00:00","og_image":[{"width":800,"height":800,"url":"https:\/\/progettotouring.it\/radiotouring104\/wp-content\/uploads\/sites\/6\/2025\/10\/Sigfrido_Ranucci_ArezzoTV_2024.png","type":"image\/png"}],"author":"redazione","twitter_card":"summary_large_image","twitter_misc":{"Scritto da":"redazione","Tempo di lettura stimato":"1 minuto"},"schema":{"@context":"https:\/\/schema.org","@graph":[{"@type":"Article","@id":"https:\/\/progettotouring.it\/radiotouring104\/2025\/10\/20\/intimidazione-a-ranucci-ferma-condanna-del-movimento-agende-rosse\/#article","isPartOf":{"@id":"https:\/\/progettotouring.it\/radiotouring104\/2025\/10\/20\/intimidazione-a-ranucci-ferma-condanna-del-movimento-agende-rosse\/"},"author":{"name":"redazione","@id":"https:\/\/progettotouring.it\/radiotouring104\/#\/schema\/person\/1b3eb3c07c47136bc44c785c543e635f"},"headline":"Intimidazione a Ranucci: ferma condanna del Movimento &#8220;Agende Rosse&#8221;","datePublished":"2025-10-20T10:13:21+00:00","dateModified":"2025-10-20T10:58:13+00:00","mainEntityOfPage":{"@id":"https:\/\/progettotouring.it\/radiotouring104\/2025\/10\/20\/intimidazione-a-ranucci-ferma-condanna-del-movimento-agende-rosse\/"},"wordCount":292,"publisher":{"@id":"https:\/\/progettotouring.it\/radiotouring104\/#organization"},"image":{"@id":"https:\/\/progettotouring.it\/radiotouring104\/2025\/10\/20\/intimidazione-a-ranucci-ferma-condanna-del-movimento-agende-rosse\/#primaryimage"},"thumbnailUrl":"https:\/\/progettotouring.it\/radiotouring104\/wp-content\/uploads\/sites\/6\/2025\/10\/Sigfrido_Ranucci_ArezzoTV_2024.png","keywords":["attentato alle 2 auto","bomba a 2 auto","condanna","giornalista","Report","Sifrigido Ranucci","trasmissione RAI"],"articleSection":["Home","Italia","News"],"inLanguage":"it-IT"},{"@type":"WebPage","@id":"https:\/\/progettotouring.it\/radiotouring104\/2025\/10\/20\/intimidazione-a-ranucci-ferma-condanna-del-movimento-agende-rosse\/","url":"https:\/\/progettotouring.it\/radiotouring104\/2025\/10\/20\/intimidazione-a-ranucci-ferma-condanna-del-movimento-agende-rosse\/","name":"\"Agende Rosse\" condanna l'attentato al giornalista Ranucci","isPartOf":{"@id":"https:\/\/progettotouring.it\/radiotouring104\/#website"},"primaryImageOfPage":{"@id":"https:\/\/progettotouring.it\/radiotouring104\/2025\/10\/20\/intimidazione-a-ranucci-ferma-condanna-del-movimento-agende-rosse\/#primaryimage"},"image":{"@id":"https:\/\/progettotouring.it\/radiotouring104\/2025\/10\/20\/intimidazione-a-ranucci-ferma-condanna-del-movimento-agende-rosse\/#primaryimage"},"thumbnailUrl":"https:\/\/progettotouring.it\/radiotouring104\/wp-content\/uploads\/sites\/6\/2025\/10\/Sigfrido_Ranucci_ArezzoTV_2024.png","datePublished":"2025-10-20T10:13:21+00:00","dateModified":"2025-10-20T10:58:13+00:00","description":"\"Libera informazione essenziale per la verit\u00e0 e\u00a0la giustizia\", le parole di condanna del Movimento, all'attentato al giornalista di \"Report\"","breadcrumb":{"@id":"https:\/\/progettotouring.it\/radiotouring104\/2025\/10\/20\/intimidazione-a-ranucci-ferma-condanna-del-movimento-agende-rosse\/#breadcrumb"},"inLanguage":"it-IT","potentialAction":[{"@type":"ReadAction","target":["https:\/\/progettotouring.it\/radiotouring104\/2025\/10\/20\/intimidazione-a-ranucci-ferma-condanna-del-movimento-agende-rosse\/"]}]},{"@type":"ImageObject","inLanguage":"it-IT","@id":"https:\/\/progettotouring.it\/radiotouring104\/2025\/10\/20\/intimidazione-a-ranucci-ferma-condanna-del-movimento-agende-rosse\/#primaryimage","url":"https:\/\/progettotouring.it\/radiotouring104\/wp-content\/uploads\/sites\/6\/2025\/10\/Sigfrido_Ranucci_ArezzoTV_2024.png","contentUrl":"https:\/\/progettotouring.it\/radiotouring104\/wp-content\/uploads\/sites\/6\/2025\/10\/Sigfrido_Ranucci_ArezzoTV_2024.png","width":800,"height":800},{"@type":"BreadcrumbList","@id":"https:\/\/progettotouring.it\/radiotouring104\/2025\/10\/20\/intimidazione-a-ranucci-ferma-condanna-del-movimento-agende-rosse\/#breadcrumb","itemListElement":[{"@type":"ListItem","position":1,"name":"Home","item":"https:\/\/progettotouring.it\/radiotouring104\/"},{"@type":"ListItem","position":2,"name":"Intimidazione a Ranucci: ferma condanna del Movimento &#8220;Agende Rosse&#8221;"}]},{"@type":"WebSite","@id":"https:\/\/progettotouring.it\/radiotouring104\/#website","url":"https:\/\/progettotouring.it\/radiotouring104\/","name":"Radio Touring 104","description":"La prima radio Reggina","publisher":{"@id":"https:\/\/progettotouring.it\/radiotouring104\/#organization"},"potentialAction":[{"@type":"SearchAction","target":{"@type":"EntryPoint","urlTemplate":"https:\/\/progettotouring.it\/radiotouring104\/?s={search_term_string}"},"query-input":{"@type":"PropertyValueSpecification","valueRequired":true,"valueName":"search_term_string"}}],"inLanguage":"it-IT"},{"@type":"Organization","@id":"https:\/\/progettotouring.it\/radiotouring104\/#organization","name":"Radio Touring 104","url":"https:\/\/progettotouring.it\/radiotouring104\/","logo":{"@type":"ImageObject","inLanguage":"it-IT","@id":"https:\/\/progettotouring.it\/radiotouring104\/#\/schema\/logo\/image\/","url":"https:\/\/progettotouring.it\/radiotouring104\/wp-content\/uploads\/sites\/6\/2022\/02\/cropped-logo-radio-touring-104.png","contentUrl":"https:\/\/progettotouring.it\/radiotouring104\/wp-content\/uploads\/sites\/6\/2022\/02\/cropped-logo-radio-touring-104.png","width":377,"height":182,"caption":"Radio Touring 104"},"image":{"@id":"https:\/\/progettotouring.it\/radiotouring104\/#\/schema\/logo\/image\/"}},{"@type":"Person","@id":"https:\/\/progettotouring.it\/radiotouring104\/#\/schema\/person\/1b3eb3c07c47136bc44c785c543e635f","name":"redazione","image":{"@type":"ImageObject","inLanguage":"it-IT","@id":"https:\/\/secure.gravatar.com\/avatar\/0b31605b49f100769e8b624b3e05de1b73e1692e9568a352f60f53fd072e6e11?s=96&d=mm&r=g","url":"https:\/\/secure.gravatar.com\/avatar\/0b31605b49f100769e8b624b3e05de1b73e1692e9568a352f60f53fd072e6e11?s=96&d=mm&r=g","contentUrl":"https:\/\/secure.gravatar.com\/avatar\/0b31605b49f100769e8b624b3e05de1b73e1692e9568a352f60f53fd072e6e11?s=96&d=mm&r=g","caption":"redazione"},"url":"https:\/\/progettotouring.it\/radiotouring104\/author\/redazione\/"}]}},"jetpack_publicize_connections":[],"jetpack_featured_media_url":"https:\/\/progettotouring.it\/radiotouring104\/wp-content\/uploads\/sites\/6\/2025\/10\/Sigfrido_Ranucci_ArezzoTV_2024.png","jetpack_sharing_enabled":true,"_links":{"self":[{"href":"https:\/\/progettotouring.it\/radiotouring104\/wp-json\/wp\/v2\/posts\/84378","targetHints":{"allow":["GET"]}}],"collection":[{"href":"https:\/\/progettotouring.it\/radiotouring104\/wp-json\/wp\/v2\/posts"}],"about":[{"href":"https:\/\/progettotouring.it\/radiotouring104\/wp-json\/wp\/v2\/types\/post"}],"author":[{"embeddable":true,"href":"https:\/\/progettotouring.it\/radiotouring104\/wp-json\/wp\/v2\/users\/5"}],"replies":[{"embeddable":true,"href":"https:\/\/progettotouring.it\/radiotouring104\/wp-json\/wp\/v2\/comments?post=84378"}],"version-history":[{"count":1,"href":"https:\/\/progettotouring.it\/radiotouring104\/wp-json\/wp\/v2\/posts\/84378\/revisions"}],"predecessor-version":[{"id":84380,"href":"https:\/\/progettotouring.it\/radiotouring104\/wp-json\/wp\/v2\/posts\/84378\/revisions\/84380"}],"wp:featuredmedia":[{"embeddable":true,"href":"https:\/\/progettotouring.it\/radiotouring104\/wp-json\/wp\/v2\/media\/84379"}],"wp:attachment":[{"href":"https:\/\/progettotouring.it\/radiotouring104\/wp-json\/wp\/v2\/media?parent=84378"}],"wp:term":[{"taxonomy":"category","embeddable":true,"href":"https:\/\/progettotouring.it\/radiotouring104\/wp-json\/wp\/v2\/categories?post=84378"},{"taxonomy":"post_tag","embeddable":true,"href":"https:\/\/progettotouring.it\/radiotouring104\/wp-json\/wp\/v2\/tags?post=84378"}],"curies":[{"name":"wp","href":"https:\/\/api.w.org\/{rel}","templated":true}]}}