{"id":84385,"date":"2025-10-20T12:30:17","date_gmt":"2025-10-20T10:30:17","guid":{"rendered":"https:\/\/progettotouring.it\/radiotouring104\/?p=84385"},"modified":"2025-10-20T12:58:03","modified_gmt":"2025-10-20T10:58:03","slug":"reggio-riparte-la-stagione-culturale-del-circolo-reggiosud","status":"publish","type":"post","link":"https:\/\/progettotouring.it\/radiotouring104\/2025\/10\/20\/reggio-riparte-la-stagione-culturale-del-circolo-reggiosud\/","title":{"rendered":"Reggio: riparte la Stagione Culturale del Circolo &#8220;Reggiosud&#8221;"},"content":{"rendered":"<p>Il Circolo &#8220;ReggioSud&#8221; \u00e8 ormai, da anni, un punto di riferimento a Reggio ed in particolare nei quartieri di Sbarre e Gebbione, per quanto riguarda le iniziative culturali politiche e sociali.<\/p>\n<p>Terminata la pausa estiva, il Circolo riprende le attivit\u00e0 anche quest&#8217;anno con un ricco programma di iniziative, alcune delle quali riconfermate, in quanto hanno riscosso interesse nella stagione precedente ed altre, invece, sono delle novit\u00e0 rispetto alle precedenti edizioni. Si parte ufficialmente da marted\u00ec 21 ottobre\u00a0 ore 17:00 con &#8220;Musica Insieme&#8221; lezioni settimanali di musica per coloro che vogliono imparare uno strumento musicale, a cura di Eugenio Celebre.<\/p>\n<p>Il Mercoled\u00ec dalle ore 17:30\u00a0&#8220;Laboratorio di balli amatoriale&#8221; a cura di Leo Marzino.<\/p>\n<p>Il sabato \u00e8 confermata &#8220;La tisana letteraria&#8221;.\u00a0 Dal mese prossimo il circolo ospiter\u00e0 nei propri locali il corso di teatro, che si svolger\u00e0 il marted\u00ec dalle 20 alle 22,\u00a0 a cura del maestro Antonio Caracciolo e poi la novit\u00e0 sar\u00e0 &#8220;la rassegna del cinema&#8221; con film che\u00a0 raccontano di tematiche attuali. \u00c8 inoltre confermato anche per quest&#8217;anno il G.A.S\u00a0 del circolo ReggioSud ossia il gruppo di acquisto solidale associato al consorzio EquoSud. Accanto a queste iniziative si aggiungono le numerose presentazioni di libri che durante l&#8217;anno di volta in volta ospitano gli autori con relativo dibattito e naturalmente non mancheranno le iniziative per valorizzare il dialetto calabrese ed il dialetto reggino in particolare.<\/p>\n<p>A tutto ci\u00f2\u00a0 si aggiungeranno le iniziative politiche che il circolo segue come mission principale che vanno dalla politica internazionale a quella Nazionale e\u00a0 Territoriale ( Palestina, Sanit\u00e0, No Ponte etc&#8230;). Ampia scelta quindi per chi volesse partecipare.\u00a0 Unisciti a noi, ti aspettiamo!<br \/>\nPer info ulteriori:\u00a0<a target=\"_self\">circoloreggiosud@gmail.com<\/a><\/p>\n","protected":false},"excerpt":{"rendered":"<p>Il Circolo &#8220;ReggioSud&#8221; \u00e8 ormai, da anni, un punto di riferimento a Reggio ed in particolare nei quartieri di Sbarre e Gebbione, per quanto riguarda le iniziative culturali politiche e&hellip;<\/p>\n","protected":false},"author":5,"featured_media":84386,"comment_status":"closed","ping_status":"open","sticky":false,"template":"","format":"standard","meta":{"_jetpack_memberships_contains_paid_content":false,"footnotes":"","jetpack_publicize_message":"","jetpack_publicize_feature_enabled":true,"jetpack_social_post_already_shared":true,"jetpack_social_options":{"image_generator_settings":{"template":"highway","default_image_id":0,"font":"","enabled":false},"version":2}},"categories":[921,196,140],"tags":[28057,48487,48486,48488,46461,23983,48485],"class_list":["post-84385","post","type-post","status-publish","format-standard","has-post-thumbnail","hentry","category-home","category-news","category-reggio-calabria","tag-circolo-reggiosud","tag-conferme","tag-eventi-culturali","tag-leo-marzino","tag-novita","tag-reggio","tag-riparte-programma-stagione"],"yoast_head":"<!-- This site is optimized with the Yoast SEO plugin v27.2 - https:\/\/yoast.com\/product\/yoast-seo-wordpress\/ -->\n<title>Reggio: riparte la Stagione Culturale del &quot;Circolo Reggiosud&quot;<\/title>\n<meta name=\"description\" content=\"Il Circolo politico &quot;Reggiosud&quot;, dopo la pausa estiva, riprende le attivit\u00e0 con un ricco programma tra conferme e novit\u00e0. Tutti i dettagli\" \/>\n<meta name=\"robots\" content=\"index, follow, max-snippet:-1, max-image-preview:large, max-video-preview:-1\" \/>\n<link rel=\"canonical\" href=\"https:\/\/progettotouring.it\/radiotouring104\/2025\/10\/20\/reggio-riparte-la-stagione-culturale-del-circolo-reggiosud\/\" \/>\n<meta property=\"og:locale\" content=\"it_IT\" \/>\n<meta property=\"og:type\" content=\"article\" \/>\n<meta property=\"og:title\" content=\"Reggio: riparte la Stagione Culturale del &quot;Circolo Reggiosud&quot;\" \/>\n<meta property=\"og:description\" content=\"Il Circolo politico &quot;Reggiosud&quot;, dopo la pausa estiva, riprende le attivit\u00e0 con un ricco programma tra conferme e novit\u00e0. Tutti i dettagli\" \/>\n<meta property=\"og:url\" content=\"https:\/\/progettotouring.it\/radiotouring104\/2025\/10\/20\/reggio-riparte-la-stagione-culturale-del-circolo-reggiosud\/\" \/>\n<meta property=\"og:site_name\" content=\"Radio Touring 104\" \/>\n<meta property=\"article:published_time\" content=\"2025-10-20T10:30:17+00:00\" \/>\n<meta property=\"article:modified_time\" content=\"2025-10-20T10:58:03+00:00\" \/>\n<meta property=\"og:image\" content=\"https:\/\/progettotouring.it\/radiotouring104\/wp-content\/uploads\/sites\/6\/2025\/10\/Musica-insieme-Circolo-Reggio-sud.jpg\" \/>\n\t<meta property=\"og:image:width\" content=\"1220\" \/>\n\t<meta property=\"og:image:height\" content=\"1096\" \/>\n\t<meta property=\"og:image:type\" content=\"image\/jpeg\" \/>\n<meta name=\"author\" content=\"redazione\" \/>\n<meta name=\"twitter:card\" content=\"summary_large_image\" \/>\n<meta name=\"twitter:label1\" content=\"Scritto da\" \/>\n\t<meta name=\"twitter:data1\" content=\"redazione\" \/>\n\t<meta name=\"twitter:label2\" content=\"Tempo di lettura stimato\" \/>\n\t<meta name=\"twitter:data2\" content=\"1 minuto\" \/>\n<script type=\"application\/ld+json\" class=\"yoast-schema-graph\">{\"@context\":\"https:\/\/schema.org\",\"@graph\":[{\"@type\":\"Article\",\"@id\":\"https:\/\/progettotouring.it\/radiotouring104\/2025\/10\/20\/reggio-riparte-la-stagione-culturale-del-circolo-reggiosud\/#article\",\"isPartOf\":{\"@id\":\"https:\/\/progettotouring.it\/radiotouring104\/2025\/10\/20\/reggio-riparte-la-stagione-culturale-del-circolo-reggiosud\/\"},\"author\":{\"name\":\"redazione\",\"@id\":\"https:\/\/progettotouring.it\/radiotouring104\/#\/schema\/person\/1b3eb3c07c47136bc44c785c543e635f\"},\"headline\":\"Reggio: riparte la Stagione Culturale del Circolo &#8220;Reggiosud&#8221;\",\"datePublished\":\"2025-10-20T10:30:17+00:00\",\"dateModified\":\"2025-10-20T10:58:03+00:00\",\"mainEntityOfPage\":{\"@id\":\"https:\/\/progettotouring.it\/radiotouring104\/2025\/10\/20\/reggio-riparte-la-stagione-culturale-del-circolo-reggiosud\/\"},\"wordCount\":276,\"publisher\":{\"@id\":\"https:\/\/progettotouring.it\/radiotouring104\/#organization\"},\"image\":{\"@id\":\"https:\/\/progettotouring.it\/radiotouring104\/2025\/10\/20\/reggio-riparte-la-stagione-culturale-del-circolo-reggiosud\/#primaryimage\"},\"thumbnailUrl\":\"https:\/\/progettotouring.it\/radiotouring104\/wp-content\/uploads\/sites\/6\/2025\/10\/Musica-insieme-Circolo-Reggio-sud.jpg\",\"keywords\":[\"Circolo ReggioSud\",\"conferme\",\"eventi culturali\",\"leo marzino\",\"novit\u00e0\",\"Reggio\",\"riparte programma stagione\"],\"articleSection\":[\"Home\",\"News\",\"Reggio Calabria\"],\"inLanguage\":\"it-IT\"},{\"@type\":\"WebPage\",\"@id\":\"https:\/\/progettotouring.it\/radiotouring104\/2025\/10\/20\/reggio-riparte-la-stagione-culturale-del-circolo-reggiosud\/\",\"url\":\"https:\/\/progettotouring.it\/radiotouring104\/2025\/10\/20\/reggio-riparte-la-stagione-culturale-del-circolo-reggiosud\/\",\"name\":\"Reggio: riparte la Stagione Culturale del \\\"Circolo Reggiosud\\\"\",\"isPartOf\":{\"@id\":\"https:\/\/progettotouring.it\/radiotouring104\/#website\"},\"primaryImageOfPage\":{\"@id\":\"https:\/\/progettotouring.it\/radiotouring104\/2025\/10\/20\/reggio-riparte-la-stagione-culturale-del-circolo-reggiosud\/#primaryimage\"},\"image\":{\"@id\":\"https:\/\/progettotouring.it\/radiotouring104\/2025\/10\/20\/reggio-riparte-la-stagione-culturale-del-circolo-reggiosud\/#primaryimage\"},\"thumbnailUrl\":\"https:\/\/progettotouring.it\/radiotouring104\/wp-content\/uploads\/sites\/6\/2025\/10\/Musica-insieme-Circolo-Reggio-sud.jpg\",\"datePublished\":\"2025-10-20T10:30:17+00:00\",\"dateModified\":\"2025-10-20T10:58:03+00:00\",\"description\":\"Il Circolo politico \\\"Reggiosud\\\", dopo la pausa estiva, riprende le attivit\u00e0 con un ricco programma tra conferme e novit\u00e0. Tutti i dettagli\",\"breadcrumb\":{\"@id\":\"https:\/\/progettotouring.it\/radiotouring104\/2025\/10\/20\/reggio-riparte-la-stagione-culturale-del-circolo-reggiosud\/#breadcrumb\"},\"inLanguage\":\"it-IT\",\"potentialAction\":[{\"@type\":\"ReadAction\",\"target\":[\"https:\/\/progettotouring.it\/radiotouring104\/2025\/10\/20\/reggio-riparte-la-stagione-culturale-del-circolo-reggiosud\/\"]}]},{\"@type\":\"ImageObject\",\"inLanguage\":\"it-IT\",\"@id\":\"https:\/\/progettotouring.it\/radiotouring104\/2025\/10\/20\/reggio-riparte-la-stagione-culturale-del-circolo-reggiosud\/#primaryimage\",\"url\":\"https:\/\/progettotouring.it\/radiotouring104\/wp-content\/uploads\/sites\/6\/2025\/10\/Musica-insieme-Circolo-Reggio-sud.jpg\",\"contentUrl\":\"https:\/\/progettotouring.it\/radiotouring104\/wp-content\/uploads\/sites\/6\/2025\/10\/Musica-insieme-Circolo-Reggio-sud.jpg\",\"width\":1220,\"height\":1096},{\"@type\":\"BreadcrumbList\",\"@id\":\"https:\/\/progettotouring.it\/radiotouring104\/2025\/10\/20\/reggio-riparte-la-stagione-culturale-del-circolo-reggiosud\/#breadcrumb\",\"itemListElement\":[{\"@type\":\"ListItem\",\"position\":1,\"name\":\"Home\",\"item\":\"https:\/\/progettotouring.it\/radiotouring104\/\"},{\"@type\":\"ListItem\",\"position\":2,\"name\":\"Reggio: riparte la Stagione Culturale del Circolo &#8220;Reggiosud&#8221;\"}]},{\"@type\":\"WebSite\",\"@id\":\"https:\/\/progettotouring.it\/radiotouring104\/#website\",\"url\":\"https:\/\/progettotouring.it\/radiotouring104\/\",\"name\":\"Radio Touring 104\",\"description\":\"La prima radio Reggina\",\"publisher\":{\"@id\":\"https:\/\/progettotouring.it\/radiotouring104\/#organization\"},\"potentialAction\":[{\"@type\":\"SearchAction\",\"target\":{\"@type\":\"EntryPoint\",\"urlTemplate\":\"https:\/\/progettotouring.it\/radiotouring104\/?s={search_term_string}\"},\"query-input\":{\"@type\":\"PropertyValueSpecification\",\"valueRequired\":true,\"valueName\":\"search_term_string\"}}],\"inLanguage\":\"it-IT\"},{\"@type\":\"Organization\",\"@id\":\"https:\/\/progettotouring.it\/radiotouring104\/#organization\",\"name\":\"Radio Touring 104\",\"url\":\"https:\/\/progettotouring.it\/radiotouring104\/\",\"logo\":{\"@type\":\"ImageObject\",\"inLanguage\":\"it-IT\",\"@id\":\"https:\/\/progettotouring.it\/radiotouring104\/#\/schema\/logo\/image\/\",\"url\":\"https:\/\/progettotouring.it\/radiotouring104\/wp-content\/uploads\/sites\/6\/2022\/02\/cropped-logo-radio-touring-104.png\",\"contentUrl\":\"https:\/\/progettotouring.it\/radiotouring104\/wp-content\/uploads\/sites\/6\/2022\/02\/cropped-logo-radio-touring-104.png\",\"width\":377,\"height\":182,\"caption\":\"Radio Touring 104\"},\"image\":{\"@id\":\"https:\/\/progettotouring.it\/radiotouring104\/#\/schema\/logo\/image\/\"}},{\"@type\":\"Person\",\"@id\":\"https:\/\/progettotouring.it\/radiotouring104\/#\/schema\/person\/1b3eb3c07c47136bc44c785c543e635f\",\"name\":\"redazione\",\"image\":{\"@type\":\"ImageObject\",\"inLanguage\":\"it-IT\",\"@id\":\"https:\/\/secure.gravatar.com\/avatar\/0b31605b49f100769e8b624b3e05de1b73e1692e9568a352f60f53fd072e6e11?s=96&d=mm&r=g\",\"url\":\"https:\/\/secure.gravatar.com\/avatar\/0b31605b49f100769e8b624b3e05de1b73e1692e9568a352f60f53fd072e6e11?s=96&d=mm&r=g\",\"contentUrl\":\"https:\/\/secure.gravatar.com\/avatar\/0b31605b49f100769e8b624b3e05de1b73e1692e9568a352f60f53fd072e6e11?s=96&d=mm&r=g\",\"caption\":\"redazione\"},\"url\":\"https:\/\/progettotouring.it\/radiotouring104\/author\/redazione\/\"}]}<\/script>\n<!-- \/ Yoast SEO plugin. -->","yoast_head_json":{"title":"Reggio: riparte la Stagione Culturale del \"Circolo Reggiosud\"","description":"Il Circolo politico \"Reggiosud\", dopo la pausa estiva, riprende le attivit\u00e0 con un ricco programma tra conferme e novit\u00e0. Tutti i dettagli","robots":{"index":"index","follow":"follow","max-snippet":"max-snippet:-1","max-image-preview":"max-image-preview:large","max-video-preview":"max-video-preview:-1"},"canonical":"https:\/\/progettotouring.it\/radiotouring104\/2025\/10\/20\/reggio-riparte-la-stagione-culturale-del-circolo-reggiosud\/","og_locale":"it_IT","og_type":"article","og_title":"Reggio: riparte la Stagione Culturale del \"Circolo Reggiosud\"","og_description":"Il Circolo politico \"Reggiosud\", dopo la pausa estiva, riprende le attivit\u00e0 con un ricco programma tra conferme e novit\u00e0. Tutti i dettagli","og_url":"https:\/\/progettotouring.it\/radiotouring104\/2025\/10\/20\/reggio-riparte-la-stagione-culturale-del-circolo-reggiosud\/","og_site_name":"Radio Touring 104","article_published_time":"2025-10-20T10:30:17+00:00","article_modified_time":"2025-10-20T10:58:03+00:00","og_image":[{"width":1220,"height":1096,"url":"https:\/\/progettotouring.it\/radiotouring104\/wp-content\/uploads\/sites\/6\/2025\/10\/Musica-insieme-Circolo-Reggio-sud.jpg","type":"image\/jpeg"}],"author":"redazione","twitter_card":"summary_large_image","twitter_misc":{"Scritto da":"redazione","Tempo di lettura stimato":"1 minuto"},"schema":{"@context":"https:\/\/schema.org","@graph":[{"@type":"Article","@id":"https:\/\/progettotouring.it\/radiotouring104\/2025\/10\/20\/reggio-riparte-la-stagione-culturale-del-circolo-reggiosud\/#article","isPartOf":{"@id":"https:\/\/progettotouring.it\/radiotouring104\/2025\/10\/20\/reggio-riparte-la-stagione-culturale-del-circolo-reggiosud\/"},"author":{"name":"redazione","@id":"https:\/\/progettotouring.it\/radiotouring104\/#\/schema\/person\/1b3eb3c07c47136bc44c785c543e635f"},"headline":"Reggio: riparte la Stagione Culturale del Circolo &#8220;Reggiosud&#8221;","datePublished":"2025-10-20T10:30:17+00:00","dateModified":"2025-10-20T10:58:03+00:00","mainEntityOfPage":{"@id":"https:\/\/progettotouring.it\/radiotouring104\/2025\/10\/20\/reggio-riparte-la-stagione-culturale-del-circolo-reggiosud\/"},"wordCount":276,"publisher":{"@id":"https:\/\/progettotouring.it\/radiotouring104\/#organization"},"image":{"@id":"https:\/\/progettotouring.it\/radiotouring104\/2025\/10\/20\/reggio-riparte-la-stagione-culturale-del-circolo-reggiosud\/#primaryimage"},"thumbnailUrl":"https:\/\/progettotouring.it\/radiotouring104\/wp-content\/uploads\/sites\/6\/2025\/10\/Musica-insieme-Circolo-Reggio-sud.jpg","keywords":["Circolo ReggioSud","conferme","eventi culturali","leo marzino","novit\u00e0","Reggio","riparte programma stagione"],"articleSection":["Home","News","Reggio Calabria"],"inLanguage":"it-IT"},{"@type":"WebPage","@id":"https:\/\/progettotouring.it\/radiotouring104\/2025\/10\/20\/reggio-riparte-la-stagione-culturale-del-circolo-reggiosud\/","url":"https:\/\/progettotouring.it\/radiotouring104\/2025\/10\/20\/reggio-riparte-la-stagione-culturale-del-circolo-reggiosud\/","name":"Reggio: riparte la Stagione Culturale del \"Circolo Reggiosud\"","isPartOf":{"@id":"https:\/\/progettotouring.it\/radiotouring104\/#website"},"primaryImageOfPage":{"@id":"https:\/\/progettotouring.it\/radiotouring104\/2025\/10\/20\/reggio-riparte-la-stagione-culturale-del-circolo-reggiosud\/#primaryimage"},"image":{"@id":"https:\/\/progettotouring.it\/radiotouring104\/2025\/10\/20\/reggio-riparte-la-stagione-culturale-del-circolo-reggiosud\/#primaryimage"},"thumbnailUrl":"https:\/\/progettotouring.it\/radiotouring104\/wp-content\/uploads\/sites\/6\/2025\/10\/Musica-insieme-Circolo-Reggio-sud.jpg","datePublished":"2025-10-20T10:30:17+00:00","dateModified":"2025-10-20T10:58:03+00:00","description":"Il Circolo politico \"Reggiosud\", dopo la pausa estiva, riprende le attivit\u00e0 con un ricco programma tra conferme e novit\u00e0. Tutti i dettagli","breadcrumb":{"@id":"https:\/\/progettotouring.it\/radiotouring104\/2025\/10\/20\/reggio-riparte-la-stagione-culturale-del-circolo-reggiosud\/#breadcrumb"},"inLanguage":"it-IT","potentialAction":[{"@type":"ReadAction","target":["https:\/\/progettotouring.it\/radiotouring104\/2025\/10\/20\/reggio-riparte-la-stagione-culturale-del-circolo-reggiosud\/"]}]},{"@type":"ImageObject","inLanguage":"it-IT","@id":"https:\/\/progettotouring.it\/radiotouring104\/2025\/10\/20\/reggio-riparte-la-stagione-culturale-del-circolo-reggiosud\/#primaryimage","url":"https:\/\/progettotouring.it\/radiotouring104\/wp-content\/uploads\/sites\/6\/2025\/10\/Musica-insieme-Circolo-Reggio-sud.jpg","contentUrl":"https:\/\/progettotouring.it\/radiotouring104\/wp-content\/uploads\/sites\/6\/2025\/10\/Musica-insieme-Circolo-Reggio-sud.jpg","width":1220,"height":1096},{"@type":"BreadcrumbList","@id":"https:\/\/progettotouring.it\/radiotouring104\/2025\/10\/20\/reggio-riparte-la-stagione-culturale-del-circolo-reggiosud\/#breadcrumb","itemListElement":[{"@type":"ListItem","position":1,"name":"Home","item":"https:\/\/progettotouring.it\/radiotouring104\/"},{"@type":"ListItem","position":2,"name":"Reggio: riparte la Stagione Culturale del Circolo &#8220;Reggiosud&#8221;"}]},{"@type":"WebSite","@id":"https:\/\/progettotouring.it\/radiotouring104\/#website","url":"https:\/\/progettotouring.it\/radiotouring104\/","name":"Radio Touring 104","description":"La prima radio Reggina","publisher":{"@id":"https:\/\/progettotouring.it\/radiotouring104\/#organization"},"potentialAction":[{"@type":"SearchAction","target":{"@type":"EntryPoint","urlTemplate":"https:\/\/progettotouring.it\/radiotouring104\/?s={search_term_string}"},"query-input":{"@type":"PropertyValueSpecification","valueRequired":true,"valueName":"search_term_string"}}],"inLanguage":"it-IT"},{"@type":"Organization","@id":"https:\/\/progettotouring.it\/radiotouring104\/#organization","name":"Radio Touring 104","url":"https:\/\/progettotouring.it\/radiotouring104\/","logo":{"@type":"ImageObject","inLanguage":"it-IT","@id":"https:\/\/progettotouring.it\/radiotouring104\/#\/schema\/logo\/image\/","url":"https:\/\/progettotouring.it\/radiotouring104\/wp-content\/uploads\/sites\/6\/2022\/02\/cropped-logo-radio-touring-104.png","contentUrl":"https:\/\/progettotouring.it\/radiotouring104\/wp-content\/uploads\/sites\/6\/2022\/02\/cropped-logo-radio-touring-104.png","width":377,"height":182,"caption":"Radio Touring 104"},"image":{"@id":"https:\/\/progettotouring.it\/radiotouring104\/#\/schema\/logo\/image\/"}},{"@type":"Person","@id":"https:\/\/progettotouring.it\/radiotouring104\/#\/schema\/person\/1b3eb3c07c47136bc44c785c543e635f","name":"redazione","image":{"@type":"ImageObject","inLanguage":"it-IT","@id":"https:\/\/secure.gravatar.com\/avatar\/0b31605b49f100769e8b624b3e05de1b73e1692e9568a352f60f53fd072e6e11?s=96&d=mm&r=g","url":"https:\/\/secure.gravatar.com\/avatar\/0b31605b49f100769e8b624b3e05de1b73e1692e9568a352f60f53fd072e6e11?s=96&d=mm&r=g","contentUrl":"https:\/\/secure.gravatar.com\/avatar\/0b31605b49f100769e8b624b3e05de1b73e1692e9568a352f60f53fd072e6e11?s=96&d=mm&r=g","caption":"redazione"},"url":"https:\/\/progettotouring.it\/radiotouring104\/author\/redazione\/"}]}},"jetpack_publicize_connections":[],"jetpack_featured_media_url":"https:\/\/progettotouring.it\/radiotouring104\/wp-content\/uploads\/sites\/6\/2025\/10\/Musica-insieme-Circolo-Reggio-sud.jpg","jetpack_sharing_enabled":true,"_links":{"self":[{"href":"https:\/\/progettotouring.it\/radiotouring104\/wp-json\/wp\/v2\/posts\/84385","targetHints":{"allow":["GET"]}}],"collection":[{"href":"https:\/\/progettotouring.it\/radiotouring104\/wp-json\/wp\/v2\/posts"}],"about":[{"href":"https:\/\/progettotouring.it\/radiotouring104\/wp-json\/wp\/v2\/types\/post"}],"author":[{"embeddable":true,"href":"https:\/\/progettotouring.it\/radiotouring104\/wp-json\/wp\/v2\/users\/5"}],"replies":[{"embeddable":true,"href":"https:\/\/progettotouring.it\/radiotouring104\/wp-json\/wp\/v2\/comments?post=84385"}],"version-history":[{"count":1,"href":"https:\/\/progettotouring.it\/radiotouring104\/wp-json\/wp\/v2\/posts\/84385\/revisions"}],"predecessor-version":[{"id":84387,"href":"https:\/\/progettotouring.it\/radiotouring104\/wp-json\/wp\/v2\/posts\/84385\/revisions\/84387"}],"wp:featuredmedia":[{"embeddable":true,"href":"https:\/\/progettotouring.it\/radiotouring104\/wp-json\/wp\/v2\/media\/84386"}],"wp:attachment":[{"href":"https:\/\/progettotouring.it\/radiotouring104\/wp-json\/wp\/v2\/media?parent=84385"}],"wp:term":[{"taxonomy":"category","embeddable":true,"href":"https:\/\/progettotouring.it\/radiotouring104\/wp-json\/wp\/v2\/categories?post=84385"},{"taxonomy":"post_tag","embeddable":true,"href":"https:\/\/progettotouring.it\/radiotouring104\/wp-json\/wp\/v2\/tags?post=84385"}],"curies":[{"name":"wp","href":"https:\/\/api.w.org\/{rel}","templated":true}]}}