{"id":84396,"date":"2025-10-21T09:43:38","date_gmt":"2025-10-21T07:43:38","guid":{"rendered":"https:\/\/progettotouring.it\/radiotouring104\/?p=84396"},"modified":"2025-10-21T12:46:20","modified_gmt":"2025-10-21T10:46:20","slug":"dierre-capitan-scortica-dopo-trapani-partita-di-alti-e-bassi","status":"publish","type":"post","link":"https:\/\/progettotouring.it\/radiotouring104\/2025\/10\/21\/dierre-capitan-scortica-dopo-trapani-partita-di-alti-e-bassi\/","title":{"rendered":"Dierre, Capitan Scortica dopo Trapani: \u201cPartita di alti e bassi&#8221;"},"content":{"rendered":"<p class=\"xmprfx_gmail-ds-markdown-paragraph\">Quattro vittorie su quattro. La Dierre continua la sua marcia perfetta in campionato, ma l\u2019ultima fatica, contro una coriacea Virtus Trapani, \u00e8 stata tutt\u2019altro che una passeggiata. A parlare \u00e8 il capitano Giacomo Scortica, che con la solita schiettezza analizza una vittoria arrivata soffiando sul bollente.<\/p>\n<p class=\"xmprfx_gmail-ds-markdown-paragraph\">\u201c\u00c8 la dimostrazione che nulla \u00e8 scontato fino alla fine\u201d, esordisce Scortica. \u201cPartita bellissima, intensa, e alla fine l\u2019abbiamo portata a casa. Onore alla Virtus Trapani. Che gara hai vissuto? Allora, abbiamo vissuto una gara di alti e bassi dove noi provavamo a fare un break e loro ci recuperavano\u201d.<\/p>\n<p class=\"xmprfx_gmail-ds-markdown-paragraph\">Un inizio di stagione da dream team, con quattro successi in altrettante gare. Ma ti aspettavi questo inizio?<br \/>\n\u201cSinceramente s\u00ec \u2013 risponde senza esitazione \u2013 perch\u00e9 bisogna essere sempre fiduciosi dei propri mezzi. Noi siamo carichi e vogliamo portare sempre la vittoria a casa\u201d.<\/p>\n<p class=\"xmprfx_gmail-ds-markdown-paragraph\">Proprio una partita come questa, piena di sofferenza e colpi di scena, potrebbe rivelarsi un banco di prova fondamentale per la crescita del gruppo. \u201cPenso che una partita del genere serva da insegnamento per tutti voi sul come resistere, sul come combattere un avversario esperto che le ha provate tutte. S\u00ec, ci servir\u00e0 di esperienza questo, di non prendere nessuna partita sotto gamba, ma soprattutto di tenere quella famosa concentrazione dell\u2019ultima intervista che bisogna tenere al 100% per 40 minuti\u201d.<\/p>\n<p class=\"xmprfx_gmail-ds-markdown-paragraph\">Un cenno di elogio, infine, non pu\u00f2 che andare a un compagno che ha dato una scossa importante nel momento del bisogno. \u201cEsatto, molto bene Alescio. S\u00ec, s\u00ec, infatti io sono contento per lui. \u00c8 entrato con determinazione, senza paura, ha difeso bene, ha fatto pure una bella schiacciata e bene bene\u201d.<\/p>\n<p class=\"xmprfx_gmail-ds-markdown-paragraph\">Un\u2019altra vittoria che vale doppio: due punti in classifica e una lezione di vita per una squadra che non smette di imparare e, al contempo, di vincere.<\/p>\n","protected":false},"excerpt":{"rendered":"<p>Quattro vittorie su quattro. La Dierre continua la sua marcia perfetta in campionato, ma l\u2019ultima fatica, contro una coriacea Virtus Trapani, \u00e8 stata tutt\u2019altro che una passeggiata. A parlare \u00e8&hellip;<\/p>\n","protected":false},"author":5,"featured_media":83703,"comment_status":"closed","ping_status":"open","sticky":false,"template":"","format":"standard","meta":{"_jetpack_memberships_contains_paid_content":false,"footnotes":"","jetpack_publicize_message":"","jetpack_publicize_feature_enabled":true,"jetpack_social_post_already_shared":true,"jetpack_social_options":{"image_generator_settings":{"template":"highway","default_image_id":0,"font":"","enabled":false},"version":2}},"categories":[196,140,144],"tags":[36039,46871,48495,48494],"class_list":["post-84396","post","type-post","status-publish","format-standard","has-post-thumbnail","hentry","category-news","category-reggio-calabria","category-sport","tag-dierre-basketball-reggio-calabria","tag-giacomo-scortica","tag-partita-di-alti-bassi","tag-virtus-trapani"],"yoast_head":"<!-- This site is optimized with the Yoast SEO plugin v27.2 - https:\/\/yoast.com\/product\/yoast-seo-wordpress\/ -->\n<title>Dierre, Capitan Scortica dopo Trapani: \u201cPartita di alti e bassi&quot;<\/title>\n<meta name=\"description\" content=\"&quot;Ci servir\u00e0 da insegnamento. Bene Alescio, entrato con determinazione\u201d, il commento del Capitano biancobl\u00f9, sul match contro Virtus Trapani\" \/>\n<meta name=\"robots\" content=\"index, follow, max-snippet:-1, max-image-preview:large, max-video-preview:-1\" \/>\n<link rel=\"canonical\" href=\"https:\/\/progettotouring.it\/radiotouring104\/2025\/10\/21\/dierre-capitan-scortica-dopo-trapani-partita-di-alti-e-bassi\/\" \/>\n<meta property=\"og:locale\" content=\"it_IT\" \/>\n<meta property=\"og:type\" content=\"article\" \/>\n<meta property=\"og:title\" content=\"Dierre, Capitan Scortica dopo Trapani: \u201cPartita di alti e bassi&quot;\" \/>\n<meta property=\"og:description\" content=\"&quot;Ci servir\u00e0 da insegnamento. Bene Alescio, entrato con determinazione\u201d, il commento del Capitano biancobl\u00f9, sul match contro Virtus Trapani\" \/>\n<meta property=\"og:url\" content=\"https:\/\/progettotouring.it\/radiotouring104\/2025\/10\/21\/dierre-capitan-scortica-dopo-trapani-partita-di-alti-e-bassi\/\" \/>\n<meta property=\"og:site_name\" content=\"Radio Touring 104\" \/>\n<meta property=\"article:published_time\" content=\"2025-10-21T07:43:38+00:00\" \/>\n<meta property=\"article:modified_time\" content=\"2025-10-21T10:46:20+00:00\" \/>\n<meta property=\"og:image\" content=\"https:\/\/progettotouring.it\/radiotouring104\/wp-content\/uploads\/sites\/6\/2025\/10\/Giacomo-Scortica-Dierre.gif\" \/>\n\t<meta property=\"og:image:width\" content=\"796\" \/>\n\t<meta property=\"og:image:height\" content=\"568\" \/>\n\t<meta property=\"og:image:type\" content=\"image\/gif\" \/>\n<meta name=\"author\" content=\"redazione\" \/>\n<meta name=\"twitter:card\" content=\"summary_large_image\" \/>\n<meta name=\"twitter:label1\" content=\"Scritto da\" \/>\n\t<meta name=\"twitter:data1\" content=\"redazione\" \/>\n\t<meta name=\"twitter:label2\" content=\"Tempo di lettura stimato\" \/>\n\t<meta name=\"twitter:data2\" content=\"1 minuto\" \/>\n<script type=\"application\/ld+json\" class=\"yoast-schema-graph\">{\"@context\":\"https:\/\/schema.org\",\"@graph\":[{\"@type\":\"Article\",\"@id\":\"https:\/\/progettotouring.it\/radiotouring104\/2025\/10\/21\/dierre-capitan-scortica-dopo-trapani-partita-di-alti-e-bassi\/#article\",\"isPartOf\":{\"@id\":\"https:\/\/progettotouring.it\/radiotouring104\/2025\/10\/21\/dierre-capitan-scortica-dopo-trapani-partita-di-alti-e-bassi\/\"},\"author\":{\"name\":\"redazione\",\"@id\":\"https:\/\/progettotouring.it\/radiotouring104\/#\/schema\/person\/1b3eb3c07c47136bc44c785c543e635f\"},\"headline\":\"Dierre, Capitan Scortica dopo Trapani: \u201cPartita di alti e bassi&#8221;\",\"datePublished\":\"2025-10-21T07:43:38+00:00\",\"dateModified\":\"2025-10-21T10:46:20+00:00\",\"mainEntityOfPage\":{\"@id\":\"https:\/\/progettotouring.it\/radiotouring104\/2025\/10\/21\/dierre-capitan-scortica-dopo-trapani-partita-di-alti-e-bassi\/\"},\"wordCount\":305,\"publisher\":{\"@id\":\"https:\/\/progettotouring.it\/radiotouring104\/#organization\"},\"image\":{\"@id\":\"https:\/\/progettotouring.it\/radiotouring104\/2025\/10\/21\/dierre-capitan-scortica-dopo-trapani-partita-di-alti-e-bassi\/#primaryimage\"},\"thumbnailUrl\":\"https:\/\/progettotouring.it\/radiotouring104\/wp-content\/uploads\/sites\/6\/2025\/10\/Giacomo-Scortica-Dierre.gif\",\"keywords\":[\"Dierre Basketball Reggio Calabria.\",\"Giacomo Scortica\",\"Partita di alti bassi\",\"Virtus Trapani:\"],\"articleSection\":[\"News\",\"Reggio Calabria\",\"Sport\"],\"inLanguage\":\"it-IT\"},{\"@type\":\"WebPage\",\"@id\":\"https:\/\/progettotouring.it\/radiotouring104\/2025\/10\/21\/dierre-capitan-scortica-dopo-trapani-partita-di-alti-e-bassi\/\",\"url\":\"https:\/\/progettotouring.it\/radiotouring104\/2025\/10\/21\/dierre-capitan-scortica-dopo-trapani-partita-di-alti-e-bassi\/\",\"name\":\"Dierre, Capitan Scortica dopo Trapani: \u201cPartita di alti e bassi\\\"\",\"isPartOf\":{\"@id\":\"https:\/\/progettotouring.it\/radiotouring104\/#website\"},\"primaryImageOfPage\":{\"@id\":\"https:\/\/progettotouring.it\/radiotouring104\/2025\/10\/21\/dierre-capitan-scortica-dopo-trapani-partita-di-alti-e-bassi\/#primaryimage\"},\"image\":{\"@id\":\"https:\/\/progettotouring.it\/radiotouring104\/2025\/10\/21\/dierre-capitan-scortica-dopo-trapani-partita-di-alti-e-bassi\/#primaryimage\"},\"thumbnailUrl\":\"https:\/\/progettotouring.it\/radiotouring104\/wp-content\/uploads\/sites\/6\/2025\/10\/Giacomo-Scortica-Dierre.gif\",\"datePublished\":\"2025-10-21T07:43:38+00:00\",\"dateModified\":\"2025-10-21T10:46:20+00:00\",\"description\":\"\\\"Ci servir\u00e0 da insegnamento. Bene Alescio, entrato con determinazione\u201d, il commento del Capitano biancobl\u00f9, sul match contro Virtus Trapani\",\"breadcrumb\":{\"@id\":\"https:\/\/progettotouring.it\/radiotouring104\/2025\/10\/21\/dierre-capitan-scortica-dopo-trapani-partita-di-alti-e-bassi\/#breadcrumb\"},\"inLanguage\":\"it-IT\",\"potentialAction\":[{\"@type\":\"ReadAction\",\"target\":[\"https:\/\/progettotouring.it\/radiotouring104\/2025\/10\/21\/dierre-capitan-scortica-dopo-trapani-partita-di-alti-e-bassi\/\"]}]},{\"@type\":\"ImageObject\",\"inLanguage\":\"it-IT\",\"@id\":\"https:\/\/progettotouring.it\/radiotouring104\/2025\/10\/21\/dierre-capitan-scortica-dopo-trapani-partita-di-alti-e-bassi\/#primaryimage\",\"url\":\"https:\/\/progettotouring.it\/radiotouring104\/wp-content\/uploads\/sites\/6\/2025\/10\/Giacomo-Scortica-Dierre.gif\",\"contentUrl\":\"https:\/\/progettotouring.it\/radiotouring104\/wp-content\/uploads\/sites\/6\/2025\/10\/Giacomo-Scortica-Dierre.gif\",\"width\":796,\"height\":568},{\"@type\":\"BreadcrumbList\",\"@id\":\"https:\/\/progettotouring.it\/radiotouring104\/2025\/10\/21\/dierre-capitan-scortica-dopo-trapani-partita-di-alti-e-bassi\/#breadcrumb\",\"itemListElement\":[{\"@type\":\"ListItem\",\"position\":1,\"name\":\"Home\",\"item\":\"https:\/\/progettotouring.it\/radiotouring104\/\"},{\"@type\":\"ListItem\",\"position\":2,\"name\":\"Dierre, Capitan Scortica dopo Trapani: \u201cPartita di alti e bassi&#8221;\"}]},{\"@type\":\"WebSite\",\"@id\":\"https:\/\/progettotouring.it\/radiotouring104\/#website\",\"url\":\"https:\/\/progettotouring.it\/radiotouring104\/\",\"name\":\"Radio Touring 104\",\"description\":\"La prima radio Reggina\",\"publisher\":{\"@id\":\"https:\/\/progettotouring.it\/radiotouring104\/#organization\"},\"potentialAction\":[{\"@type\":\"SearchAction\",\"target\":{\"@type\":\"EntryPoint\",\"urlTemplate\":\"https:\/\/progettotouring.it\/radiotouring104\/?s={search_term_string}\"},\"query-input\":{\"@type\":\"PropertyValueSpecification\",\"valueRequired\":true,\"valueName\":\"search_term_string\"}}],\"inLanguage\":\"it-IT\"},{\"@type\":\"Organization\",\"@id\":\"https:\/\/progettotouring.it\/radiotouring104\/#organization\",\"name\":\"Radio Touring 104\",\"url\":\"https:\/\/progettotouring.it\/radiotouring104\/\",\"logo\":{\"@type\":\"ImageObject\",\"inLanguage\":\"it-IT\",\"@id\":\"https:\/\/progettotouring.it\/radiotouring104\/#\/schema\/logo\/image\/\",\"url\":\"https:\/\/progettotouring.it\/radiotouring104\/wp-content\/uploads\/sites\/6\/2022\/02\/cropped-logo-radio-touring-104.png\",\"contentUrl\":\"https:\/\/progettotouring.it\/radiotouring104\/wp-content\/uploads\/sites\/6\/2022\/02\/cropped-logo-radio-touring-104.png\",\"width\":377,\"height\":182,\"caption\":\"Radio Touring 104\"},\"image\":{\"@id\":\"https:\/\/progettotouring.it\/radiotouring104\/#\/schema\/logo\/image\/\"}},{\"@type\":\"Person\",\"@id\":\"https:\/\/progettotouring.it\/radiotouring104\/#\/schema\/person\/1b3eb3c07c47136bc44c785c543e635f\",\"name\":\"redazione\",\"image\":{\"@type\":\"ImageObject\",\"inLanguage\":\"it-IT\",\"@id\":\"https:\/\/secure.gravatar.com\/avatar\/0b31605b49f100769e8b624b3e05de1b73e1692e9568a352f60f53fd072e6e11?s=96&d=mm&r=g\",\"url\":\"https:\/\/secure.gravatar.com\/avatar\/0b31605b49f100769e8b624b3e05de1b73e1692e9568a352f60f53fd072e6e11?s=96&d=mm&r=g\",\"contentUrl\":\"https:\/\/secure.gravatar.com\/avatar\/0b31605b49f100769e8b624b3e05de1b73e1692e9568a352f60f53fd072e6e11?s=96&d=mm&r=g\",\"caption\":\"redazione\"},\"url\":\"https:\/\/progettotouring.it\/radiotouring104\/author\/redazione\/\"}]}<\/script>\n<!-- \/ Yoast SEO plugin. -->","yoast_head_json":{"title":"Dierre, Capitan Scortica dopo Trapani: \u201cPartita di alti e bassi\"","description":"\"Ci servir\u00e0 da insegnamento. Bene Alescio, entrato con determinazione\u201d, il commento del Capitano biancobl\u00f9, sul match contro Virtus Trapani","robots":{"index":"index","follow":"follow","max-snippet":"max-snippet:-1","max-image-preview":"max-image-preview:large","max-video-preview":"max-video-preview:-1"},"canonical":"https:\/\/progettotouring.it\/radiotouring104\/2025\/10\/21\/dierre-capitan-scortica-dopo-trapani-partita-di-alti-e-bassi\/","og_locale":"it_IT","og_type":"article","og_title":"Dierre, Capitan Scortica dopo Trapani: \u201cPartita di alti e bassi\"","og_description":"\"Ci servir\u00e0 da insegnamento. Bene Alescio, entrato con determinazione\u201d, il commento del Capitano biancobl\u00f9, sul match contro Virtus Trapani","og_url":"https:\/\/progettotouring.it\/radiotouring104\/2025\/10\/21\/dierre-capitan-scortica-dopo-trapani-partita-di-alti-e-bassi\/","og_site_name":"Radio Touring 104","article_published_time":"2025-10-21T07:43:38+00:00","article_modified_time":"2025-10-21T10:46:20+00:00","og_image":[{"width":796,"height":568,"url":"https:\/\/progettotouring.it\/radiotouring104\/wp-content\/uploads\/sites\/6\/2025\/10\/Giacomo-Scortica-Dierre.gif","type":"image\/gif"}],"author":"redazione","twitter_card":"summary_large_image","twitter_misc":{"Scritto da":"redazione","Tempo di lettura stimato":"1 minuto"},"schema":{"@context":"https:\/\/schema.org","@graph":[{"@type":"Article","@id":"https:\/\/progettotouring.it\/radiotouring104\/2025\/10\/21\/dierre-capitan-scortica-dopo-trapani-partita-di-alti-e-bassi\/#article","isPartOf":{"@id":"https:\/\/progettotouring.it\/radiotouring104\/2025\/10\/21\/dierre-capitan-scortica-dopo-trapani-partita-di-alti-e-bassi\/"},"author":{"name":"redazione","@id":"https:\/\/progettotouring.it\/radiotouring104\/#\/schema\/person\/1b3eb3c07c47136bc44c785c543e635f"},"headline":"Dierre, Capitan Scortica dopo Trapani: \u201cPartita di alti e bassi&#8221;","datePublished":"2025-10-21T07:43:38+00:00","dateModified":"2025-10-21T10:46:20+00:00","mainEntityOfPage":{"@id":"https:\/\/progettotouring.it\/radiotouring104\/2025\/10\/21\/dierre-capitan-scortica-dopo-trapani-partita-di-alti-e-bassi\/"},"wordCount":305,"publisher":{"@id":"https:\/\/progettotouring.it\/radiotouring104\/#organization"},"image":{"@id":"https:\/\/progettotouring.it\/radiotouring104\/2025\/10\/21\/dierre-capitan-scortica-dopo-trapani-partita-di-alti-e-bassi\/#primaryimage"},"thumbnailUrl":"https:\/\/progettotouring.it\/radiotouring104\/wp-content\/uploads\/sites\/6\/2025\/10\/Giacomo-Scortica-Dierre.gif","keywords":["Dierre Basketball Reggio Calabria.","Giacomo Scortica","Partita di alti bassi","Virtus Trapani:"],"articleSection":["News","Reggio Calabria","Sport"],"inLanguage":"it-IT"},{"@type":"WebPage","@id":"https:\/\/progettotouring.it\/radiotouring104\/2025\/10\/21\/dierre-capitan-scortica-dopo-trapani-partita-di-alti-e-bassi\/","url":"https:\/\/progettotouring.it\/radiotouring104\/2025\/10\/21\/dierre-capitan-scortica-dopo-trapani-partita-di-alti-e-bassi\/","name":"Dierre, Capitan Scortica dopo Trapani: \u201cPartita di alti e bassi\"","isPartOf":{"@id":"https:\/\/progettotouring.it\/radiotouring104\/#website"},"primaryImageOfPage":{"@id":"https:\/\/progettotouring.it\/radiotouring104\/2025\/10\/21\/dierre-capitan-scortica-dopo-trapani-partita-di-alti-e-bassi\/#primaryimage"},"image":{"@id":"https:\/\/progettotouring.it\/radiotouring104\/2025\/10\/21\/dierre-capitan-scortica-dopo-trapani-partita-di-alti-e-bassi\/#primaryimage"},"thumbnailUrl":"https:\/\/progettotouring.it\/radiotouring104\/wp-content\/uploads\/sites\/6\/2025\/10\/Giacomo-Scortica-Dierre.gif","datePublished":"2025-10-21T07:43:38+00:00","dateModified":"2025-10-21T10:46:20+00:00","description":"\"Ci servir\u00e0 da insegnamento. Bene Alescio, entrato con determinazione\u201d, il commento del Capitano biancobl\u00f9, sul match contro Virtus Trapani","breadcrumb":{"@id":"https:\/\/progettotouring.it\/radiotouring104\/2025\/10\/21\/dierre-capitan-scortica-dopo-trapani-partita-di-alti-e-bassi\/#breadcrumb"},"inLanguage":"it-IT","potentialAction":[{"@type":"ReadAction","target":["https:\/\/progettotouring.it\/radiotouring104\/2025\/10\/21\/dierre-capitan-scortica-dopo-trapani-partita-di-alti-e-bassi\/"]}]},{"@type":"ImageObject","inLanguage":"it-IT","@id":"https:\/\/progettotouring.it\/radiotouring104\/2025\/10\/21\/dierre-capitan-scortica-dopo-trapani-partita-di-alti-e-bassi\/#primaryimage","url":"https:\/\/progettotouring.it\/radiotouring104\/wp-content\/uploads\/sites\/6\/2025\/10\/Giacomo-Scortica-Dierre.gif","contentUrl":"https:\/\/progettotouring.it\/radiotouring104\/wp-content\/uploads\/sites\/6\/2025\/10\/Giacomo-Scortica-Dierre.gif","width":796,"height":568},{"@type":"BreadcrumbList","@id":"https:\/\/progettotouring.it\/radiotouring104\/2025\/10\/21\/dierre-capitan-scortica-dopo-trapani-partita-di-alti-e-bassi\/#breadcrumb","itemListElement":[{"@type":"ListItem","position":1,"name":"Home","item":"https:\/\/progettotouring.it\/radiotouring104\/"},{"@type":"ListItem","position":2,"name":"Dierre, Capitan Scortica dopo Trapani: \u201cPartita di alti e bassi&#8221;"}]},{"@type":"WebSite","@id":"https:\/\/progettotouring.it\/radiotouring104\/#website","url":"https:\/\/progettotouring.it\/radiotouring104\/","name":"Radio Touring 104","description":"La prima radio Reggina","publisher":{"@id":"https:\/\/progettotouring.it\/radiotouring104\/#organization"},"potentialAction":[{"@type":"SearchAction","target":{"@type":"EntryPoint","urlTemplate":"https:\/\/progettotouring.it\/radiotouring104\/?s={search_term_string}"},"query-input":{"@type":"PropertyValueSpecification","valueRequired":true,"valueName":"search_term_string"}}],"inLanguage":"it-IT"},{"@type":"Organization","@id":"https:\/\/progettotouring.it\/radiotouring104\/#organization","name":"Radio Touring 104","url":"https:\/\/progettotouring.it\/radiotouring104\/","logo":{"@type":"ImageObject","inLanguage":"it-IT","@id":"https:\/\/progettotouring.it\/radiotouring104\/#\/schema\/logo\/image\/","url":"https:\/\/progettotouring.it\/radiotouring104\/wp-content\/uploads\/sites\/6\/2022\/02\/cropped-logo-radio-touring-104.png","contentUrl":"https:\/\/progettotouring.it\/radiotouring104\/wp-content\/uploads\/sites\/6\/2022\/02\/cropped-logo-radio-touring-104.png","width":377,"height":182,"caption":"Radio Touring 104"},"image":{"@id":"https:\/\/progettotouring.it\/radiotouring104\/#\/schema\/logo\/image\/"}},{"@type":"Person","@id":"https:\/\/progettotouring.it\/radiotouring104\/#\/schema\/person\/1b3eb3c07c47136bc44c785c543e635f","name":"redazione","image":{"@type":"ImageObject","inLanguage":"it-IT","@id":"https:\/\/secure.gravatar.com\/avatar\/0b31605b49f100769e8b624b3e05de1b73e1692e9568a352f60f53fd072e6e11?s=96&d=mm&r=g","url":"https:\/\/secure.gravatar.com\/avatar\/0b31605b49f100769e8b624b3e05de1b73e1692e9568a352f60f53fd072e6e11?s=96&d=mm&r=g","contentUrl":"https:\/\/secure.gravatar.com\/avatar\/0b31605b49f100769e8b624b3e05de1b73e1692e9568a352f60f53fd072e6e11?s=96&d=mm&r=g","caption":"redazione"},"url":"https:\/\/progettotouring.it\/radiotouring104\/author\/redazione\/"}]}},"jetpack_publicize_connections":[],"jetpack_featured_media_url":"https:\/\/progettotouring.it\/radiotouring104\/wp-content\/uploads\/sites\/6\/2025\/10\/Giacomo-Scortica-Dierre.gif","jetpack_sharing_enabled":true,"_links":{"self":[{"href":"https:\/\/progettotouring.it\/radiotouring104\/wp-json\/wp\/v2\/posts\/84396","targetHints":{"allow":["GET"]}}],"collection":[{"href":"https:\/\/progettotouring.it\/radiotouring104\/wp-json\/wp\/v2\/posts"}],"about":[{"href":"https:\/\/progettotouring.it\/radiotouring104\/wp-json\/wp\/v2\/types\/post"}],"author":[{"embeddable":true,"href":"https:\/\/progettotouring.it\/radiotouring104\/wp-json\/wp\/v2\/users\/5"}],"replies":[{"embeddable":true,"href":"https:\/\/progettotouring.it\/radiotouring104\/wp-json\/wp\/v2\/comments?post=84396"}],"version-history":[{"count":1,"href":"https:\/\/progettotouring.it\/radiotouring104\/wp-json\/wp\/v2\/posts\/84396\/revisions"}],"predecessor-version":[{"id":84398,"href":"https:\/\/progettotouring.it\/radiotouring104\/wp-json\/wp\/v2\/posts\/84396\/revisions\/84398"}],"wp:featuredmedia":[{"embeddable":true,"href":"https:\/\/progettotouring.it\/radiotouring104\/wp-json\/wp\/v2\/media\/83703"}],"wp:attachment":[{"href":"https:\/\/progettotouring.it\/radiotouring104\/wp-json\/wp\/v2\/media?parent=84396"}],"wp:term":[{"taxonomy":"category","embeddable":true,"href":"https:\/\/progettotouring.it\/radiotouring104\/wp-json\/wp\/v2\/categories?post=84396"},{"taxonomy":"post_tag","embeddable":true,"href":"https:\/\/progettotouring.it\/radiotouring104\/wp-json\/wp\/v2\/tags?post=84396"}],"curies":[{"name":"wp","href":"https:\/\/api.w.org\/{rel}","templated":true}]}}