{"id":84401,"date":"2025-10-21T10:00:17","date_gmt":"2025-10-21T08:00:17","guid":{"rendered":"https:\/\/progettotouring.it\/radiotouring104\/?p=84401"},"modified":"2025-10-21T12:46:10","modified_gmt":"2025-10-21T10:46:10","slug":"domotek-presta-pronti-e-agguerriti-per-la3","status":"publish","type":"post","link":"https:\/\/progettotouring.it\/radiotouring104\/2025\/10\/21\/domotek-presta-pronti-e-agguerriti-per-la3\/","title":{"rendered":"Domotek, Presta: &#8220;Pronti e agguerriti per l&#8217;A3&#8221;"},"content":{"rendered":"<p>Si apre una delle settimane pi\u00f9 importanti dell\u2019anno.<\/p>\n<p>Il centrale amaranto commenta l&#8217;ultimo test pre-campionato contro Campobasso: &#8220;Impressioni positive, non vediamo l&#8217;ora di iniziare&#8221;. Il debutto ufficiale \u00e8 atteso per il 26 ottobre a Tricase contro Galatone.<\/p>\n<p>Si chiude con un bilancio positivo l&#8217;ultimo allenamento congiunto della Domotek Volley contro Campobasso, un test che ha visto i ragazzi di mister Polimeni misurarsi in uno scambio amichevole intenso. Al termine della sessione, le impressioni del centrale Luca Presta confermano un clima di grande attesa nel gruppo per l&#8217;imminente avvio del campionato di Serie A3.<\/p>\n<p>\u201cSicuramente sono molto positive e finalmente \u00e8 arrivato il momento di iniziare il campionato e penso che noi siamo pronti&#8221;, ha esordito Presta. &#8220;Stiamo aggiustando le ultime \u201ccosine\u201d, per\u00f2 ci siamo e non vediamo l&#8217;ora di iniziare&#8221;.<\/p>\n<p>Set alternati e tanto buon volley.Una dinamica che ha permesso allo staff tecnico di perseguire appieno l&#8217;obiettivo primario di queste uscite: osservare e valutare. Mister Polimeni ha infatti fatto ruotare abbondantemente uomini e mezzi, concedendo spazio a tutte le risorse a disposizione per testare schemi e affinare i meccanismi di gioco in vista della lunga stagione.<\/p>\n<p>L&#8217;orizzonte si fa ora pi\u00f9 concreto: il prossimo appuntamento sar\u00e0 la prima gara ufficiale in trasferta contro la Green Volley Galatone, che la Domotek affronter\u00e0 su un campo neutro a Tricase.<\/p>\n<p>&#8220;Che squadra \u00e8 il Galatone? Mah, sicuramente \u00e8 una squadra molto molto buona&#8221;, ha analizzato Presta, anticipando la difficolt\u00e0 dell&#8217;esordio. &#8220;Penso che vedendo un po&#8217; la categoria, \u00e8 un livello molto buono e ogni campo sar\u00e0 difficile, ma noi siamo pronti e agguerriti&#8221;.<\/p>\n<p>Il battesimo del fuoco in Serie A3 \u00e8 dunque ufficialmente in programma per domenica 26 ottobre, contro la neopromossa Galatone. A seguire, la squadra vivr\u00e0 un&#8217;altra data emblematica: il debutto al PalaCalafiore di fronte al proprio pubblico, in calendario per domenica 2 novembre, contro la Bbc Tecbus Castellana Grotte.<\/p>\n","protected":false},"excerpt":{"rendered":"<p>Si apre una delle settimane pi\u00f9 importanti dell\u2019anno. Il centrale amaranto commenta l&#8217;ultimo test pre-campionato contro Campobasso: &#8220;Impressioni positive, non vediamo l&#8217;ora di iniziare&#8221;. Il debutto ufficiale \u00e8 atteso per&hellip;<\/p>\n","protected":false},"author":5,"featured_media":84402,"comment_status":"closed","ping_status":"open","sticky":false,"template":"","format":"standard","meta":{"_jetpack_memberships_contains_paid_content":false,"footnotes":"","jetpack_publicize_message":"","jetpack_publicize_feature_enabled":true,"jetpack_social_post_already_shared":true,"jetpack_social_options":{"image_generator_settings":{"template":"highway","default_image_id":0,"font":"","enabled":false},"version":2}},"categories":[196,140,144],"tags":[26780,45521,48500,48501],"class_list":["post-84401","post","type-post","status-publish","format-standard","has-post-thumbnail","hentry","category-news","category-reggio-calabria","category-sport","tag-domotek-volley-reggio-calabria","tag-luca-presta","tag-pronti-e-agguerriti-per-la3","tag-test-pre-campionato-contro-campobasso"],"yoast_head":"<!-- This site is optimized with the Yoast SEO plugin v27.2 - https:\/\/yoast.com\/product\/yoast-seo-wordpress\/ -->\n<title>Domotek, Presta: &quot;Pronti e agguerriti per l&#039;A3&quot;<\/title>\n<meta name=\"description\" content=\"&quot;Ogni campo sar\u00e0 difficile&quot;, le parole del centrale amaranto, dopo l&#039;ultimo test pre-campionato contro Campobasso\" \/>\n<meta name=\"robots\" content=\"index, follow, max-snippet:-1, max-image-preview:large, max-video-preview:-1\" \/>\n<link rel=\"canonical\" href=\"https:\/\/progettotouring.it\/radiotouring104\/2025\/10\/21\/domotek-presta-pronti-e-agguerriti-per-la3\/\" \/>\n<meta property=\"og:locale\" content=\"it_IT\" \/>\n<meta property=\"og:type\" content=\"article\" \/>\n<meta property=\"og:title\" content=\"Domotek, Presta: &quot;Pronti e agguerriti per l&#039;A3&quot;\" \/>\n<meta property=\"og:description\" content=\"&quot;Ogni campo sar\u00e0 difficile&quot;, le parole del centrale amaranto, dopo l&#039;ultimo test pre-campionato contro Campobasso\" \/>\n<meta property=\"og:url\" content=\"https:\/\/progettotouring.it\/radiotouring104\/2025\/10\/21\/domotek-presta-pronti-e-agguerriti-per-la3\/\" \/>\n<meta property=\"og:site_name\" content=\"Radio Touring 104\" \/>\n<meta property=\"article:published_time\" content=\"2025-10-21T08:00:17+00:00\" \/>\n<meta property=\"article:modified_time\" content=\"2025-10-21T10:46:10+00:00\" \/>\n<meta property=\"og:image\" content=\"https:\/\/progettotouring.it\/radiotouring104\/wp-content\/uploads\/sites\/6\/2025\/10\/Presta-Domotek-Volley.jpg\" \/>\n\t<meta property=\"og:image:width\" content=\"1024\" \/>\n\t<meta property=\"og:image:height\" content=\"576\" \/>\n\t<meta property=\"og:image:type\" content=\"image\/jpeg\" \/>\n<meta name=\"author\" content=\"redazione\" \/>\n<meta name=\"twitter:card\" content=\"summary_large_image\" \/>\n<meta name=\"twitter:label1\" content=\"Scritto da\" \/>\n\t<meta name=\"twitter:data1\" content=\"redazione\" \/>\n\t<meta name=\"twitter:label2\" content=\"Tempo di lettura stimato\" \/>\n\t<meta name=\"twitter:data2\" content=\"2 minuti\" \/>\n<script type=\"application\/ld+json\" class=\"yoast-schema-graph\">{\"@context\":\"https:\/\/schema.org\",\"@graph\":[{\"@type\":\"Article\",\"@id\":\"https:\/\/progettotouring.it\/radiotouring104\/2025\/10\/21\/domotek-presta-pronti-e-agguerriti-per-la3\/#article\",\"isPartOf\":{\"@id\":\"https:\/\/progettotouring.it\/radiotouring104\/2025\/10\/21\/domotek-presta-pronti-e-agguerriti-per-la3\/\"},\"author\":{\"name\":\"redazione\",\"@id\":\"https:\/\/progettotouring.it\/radiotouring104\/#\/schema\/person\/1b3eb3c07c47136bc44c785c543e635f\"},\"headline\":\"Domotek, Presta: &#8220;Pronti e agguerriti per l&#8217;A3&#8221;\",\"datePublished\":\"2025-10-21T08:00:17+00:00\",\"dateModified\":\"2025-10-21T10:46:10+00:00\",\"mainEntityOfPage\":{\"@id\":\"https:\/\/progettotouring.it\/radiotouring104\/2025\/10\/21\/domotek-presta-pronti-e-agguerriti-per-la3\/\"},\"wordCount\":309,\"publisher\":{\"@id\":\"https:\/\/progettotouring.it\/radiotouring104\/#organization\"},\"image\":{\"@id\":\"https:\/\/progettotouring.it\/radiotouring104\/2025\/10\/21\/domotek-presta-pronti-e-agguerriti-per-la3\/#primaryimage\"},\"thumbnailUrl\":\"https:\/\/progettotouring.it\/radiotouring104\/wp-content\/uploads\/sites\/6\/2025\/10\/Presta-Domotek-Volley.jpg\",\"keywords\":[\"Domotek Volley Reggio Calabria\",\"Luca Presta\",\"Pronti e agguerriti per l'A3\",\"test pre-campionato contro Campobasso\"],\"articleSection\":[\"News\",\"Reggio Calabria\",\"Sport\"],\"inLanguage\":\"it-IT\"},{\"@type\":\"WebPage\",\"@id\":\"https:\/\/progettotouring.it\/radiotouring104\/2025\/10\/21\/domotek-presta-pronti-e-agguerriti-per-la3\/\",\"url\":\"https:\/\/progettotouring.it\/radiotouring104\/2025\/10\/21\/domotek-presta-pronti-e-agguerriti-per-la3\/\",\"name\":\"Domotek, Presta: \\\"Pronti e agguerriti per l'A3\\\"\",\"isPartOf\":{\"@id\":\"https:\/\/progettotouring.it\/radiotouring104\/#website\"},\"primaryImageOfPage\":{\"@id\":\"https:\/\/progettotouring.it\/radiotouring104\/2025\/10\/21\/domotek-presta-pronti-e-agguerriti-per-la3\/#primaryimage\"},\"image\":{\"@id\":\"https:\/\/progettotouring.it\/radiotouring104\/2025\/10\/21\/domotek-presta-pronti-e-agguerriti-per-la3\/#primaryimage\"},\"thumbnailUrl\":\"https:\/\/progettotouring.it\/radiotouring104\/wp-content\/uploads\/sites\/6\/2025\/10\/Presta-Domotek-Volley.jpg\",\"datePublished\":\"2025-10-21T08:00:17+00:00\",\"dateModified\":\"2025-10-21T10:46:10+00:00\",\"description\":\"\\\"Ogni campo sar\u00e0 difficile\\\", le parole del centrale amaranto, dopo l'ultimo test pre-campionato contro Campobasso\",\"breadcrumb\":{\"@id\":\"https:\/\/progettotouring.it\/radiotouring104\/2025\/10\/21\/domotek-presta-pronti-e-agguerriti-per-la3\/#breadcrumb\"},\"inLanguage\":\"it-IT\",\"potentialAction\":[{\"@type\":\"ReadAction\",\"target\":[\"https:\/\/progettotouring.it\/radiotouring104\/2025\/10\/21\/domotek-presta-pronti-e-agguerriti-per-la3\/\"]}]},{\"@type\":\"ImageObject\",\"inLanguage\":\"it-IT\",\"@id\":\"https:\/\/progettotouring.it\/radiotouring104\/2025\/10\/21\/domotek-presta-pronti-e-agguerriti-per-la3\/#primaryimage\",\"url\":\"https:\/\/progettotouring.it\/radiotouring104\/wp-content\/uploads\/sites\/6\/2025\/10\/Presta-Domotek-Volley.jpg\",\"contentUrl\":\"https:\/\/progettotouring.it\/radiotouring104\/wp-content\/uploads\/sites\/6\/2025\/10\/Presta-Domotek-Volley.jpg\",\"width\":1024,\"height\":576},{\"@type\":\"BreadcrumbList\",\"@id\":\"https:\/\/progettotouring.it\/radiotouring104\/2025\/10\/21\/domotek-presta-pronti-e-agguerriti-per-la3\/#breadcrumb\",\"itemListElement\":[{\"@type\":\"ListItem\",\"position\":1,\"name\":\"Home\",\"item\":\"https:\/\/progettotouring.it\/radiotouring104\/\"},{\"@type\":\"ListItem\",\"position\":2,\"name\":\"Domotek, Presta: &#8220;Pronti e agguerriti per l&#8217;A3&#8221;\"}]},{\"@type\":\"WebSite\",\"@id\":\"https:\/\/progettotouring.it\/radiotouring104\/#website\",\"url\":\"https:\/\/progettotouring.it\/radiotouring104\/\",\"name\":\"Radio Touring 104\",\"description\":\"La prima radio Reggina\",\"publisher\":{\"@id\":\"https:\/\/progettotouring.it\/radiotouring104\/#organization\"},\"potentialAction\":[{\"@type\":\"SearchAction\",\"target\":{\"@type\":\"EntryPoint\",\"urlTemplate\":\"https:\/\/progettotouring.it\/radiotouring104\/?s={search_term_string}\"},\"query-input\":{\"@type\":\"PropertyValueSpecification\",\"valueRequired\":true,\"valueName\":\"search_term_string\"}}],\"inLanguage\":\"it-IT\"},{\"@type\":\"Organization\",\"@id\":\"https:\/\/progettotouring.it\/radiotouring104\/#organization\",\"name\":\"Radio Touring 104\",\"url\":\"https:\/\/progettotouring.it\/radiotouring104\/\",\"logo\":{\"@type\":\"ImageObject\",\"inLanguage\":\"it-IT\",\"@id\":\"https:\/\/progettotouring.it\/radiotouring104\/#\/schema\/logo\/image\/\",\"url\":\"https:\/\/progettotouring.it\/radiotouring104\/wp-content\/uploads\/sites\/6\/2022\/02\/cropped-logo-radio-touring-104.png\",\"contentUrl\":\"https:\/\/progettotouring.it\/radiotouring104\/wp-content\/uploads\/sites\/6\/2022\/02\/cropped-logo-radio-touring-104.png\",\"width\":377,\"height\":182,\"caption\":\"Radio Touring 104\"},\"image\":{\"@id\":\"https:\/\/progettotouring.it\/radiotouring104\/#\/schema\/logo\/image\/\"}},{\"@type\":\"Person\",\"@id\":\"https:\/\/progettotouring.it\/radiotouring104\/#\/schema\/person\/1b3eb3c07c47136bc44c785c543e635f\",\"name\":\"redazione\",\"image\":{\"@type\":\"ImageObject\",\"inLanguage\":\"it-IT\",\"@id\":\"https:\/\/secure.gravatar.com\/avatar\/0b31605b49f100769e8b624b3e05de1b73e1692e9568a352f60f53fd072e6e11?s=96&d=mm&r=g\",\"url\":\"https:\/\/secure.gravatar.com\/avatar\/0b31605b49f100769e8b624b3e05de1b73e1692e9568a352f60f53fd072e6e11?s=96&d=mm&r=g\",\"contentUrl\":\"https:\/\/secure.gravatar.com\/avatar\/0b31605b49f100769e8b624b3e05de1b73e1692e9568a352f60f53fd072e6e11?s=96&d=mm&r=g\",\"caption\":\"redazione\"},\"url\":\"https:\/\/progettotouring.it\/radiotouring104\/author\/redazione\/\"}]}<\/script>\n<!-- \/ Yoast SEO plugin. -->","yoast_head_json":{"title":"Domotek, Presta: \"Pronti e agguerriti per l'A3\"","description":"\"Ogni campo sar\u00e0 difficile\", le parole del centrale amaranto, dopo l'ultimo test pre-campionato contro Campobasso","robots":{"index":"index","follow":"follow","max-snippet":"max-snippet:-1","max-image-preview":"max-image-preview:large","max-video-preview":"max-video-preview:-1"},"canonical":"https:\/\/progettotouring.it\/radiotouring104\/2025\/10\/21\/domotek-presta-pronti-e-agguerriti-per-la3\/","og_locale":"it_IT","og_type":"article","og_title":"Domotek, Presta: \"Pronti e agguerriti per l'A3\"","og_description":"\"Ogni campo sar\u00e0 difficile\", le parole del centrale amaranto, dopo l'ultimo test pre-campionato contro Campobasso","og_url":"https:\/\/progettotouring.it\/radiotouring104\/2025\/10\/21\/domotek-presta-pronti-e-agguerriti-per-la3\/","og_site_name":"Radio Touring 104","article_published_time":"2025-10-21T08:00:17+00:00","article_modified_time":"2025-10-21T10:46:10+00:00","og_image":[{"width":1024,"height":576,"url":"https:\/\/progettotouring.it\/radiotouring104\/wp-content\/uploads\/sites\/6\/2025\/10\/Presta-Domotek-Volley.jpg","type":"image\/jpeg"}],"author":"redazione","twitter_card":"summary_large_image","twitter_misc":{"Scritto da":"redazione","Tempo di lettura stimato":"2 minuti"},"schema":{"@context":"https:\/\/schema.org","@graph":[{"@type":"Article","@id":"https:\/\/progettotouring.it\/radiotouring104\/2025\/10\/21\/domotek-presta-pronti-e-agguerriti-per-la3\/#article","isPartOf":{"@id":"https:\/\/progettotouring.it\/radiotouring104\/2025\/10\/21\/domotek-presta-pronti-e-agguerriti-per-la3\/"},"author":{"name":"redazione","@id":"https:\/\/progettotouring.it\/radiotouring104\/#\/schema\/person\/1b3eb3c07c47136bc44c785c543e635f"},"headline":"Domotek, Presta: &#8220;Pronti e agguerriti per l&#8217;A3&#8221;","datePublished":"2025-10-21T08:00:17+00:00","dateModified":"2025-10-21T10:46:10+00:00","mainEntityOfPage":{"@id":"https:\/\/progettotouring.it\/radiotouring104\/2025\/10\/21\/domotek-presta-pronti-e-agguerriti-per-la3\/"},"wordCount":309,"publisher":{"@id":"https:\/\/progettotouring.it\/radiotouring104\/#organization"},"image":{"@id":"https:\/\/progettotouring.it\/radiotouring104\/2025\/10\/21\/domotek-presta-pronti-e-agguerriti-per-la3\/#primaryimage"},"thumbnailUrl":"https:\/\/progettotouring.it\/radiotouring104\/wp-content\/uploads\/sites\/6\/2025\/10\/Presta-Domotek-Volley.jpg","keywords":["Domotek Volley Reggio Calabria","Luca Presta","Pronti e agguerriti per l'A3","test pre-campionato contro Campobasso"],"articleSection":["News","Reggio Calabria","Sport"],"inLanguage":"it-IT"},{"@type":"WebPage","@id":"https:\/\/progettotouring.it\/radiotouring104\/2025\/10\/21\/domotek-presta-pronti-e-agguerriti-per-la3\/","url":"https:\/\/progettotouring.it\/radiotouring104\/2025\/10\/21\/domotek-presta-pronti-e-agguerriti-per-la3\/","name":"Domotek, Presta: \"Pronti e agguerriti per l'A3\"","isPartOf":{"@id":"https:\/\/progettotouring.it\/radiotouring104\/#website"},"primaryImageOfPage":{"@id":"https:\/\/progettotouring.it\/radiotouring104\/2025\/10\/21\/domotek-presta-pronti-e-agguerriti-per-la3\/#primaryimage"},"image":{"@id":"https:\/\/progettotouring.it\/radiotouring104\/2025\/10\/21\/domotek-presta-pronti-e-agguerriti-per-la3\/#primaryimage"},"thumbnailUrl":"https:\/\/progettotouring.it\/radiotouring104\/wp-content\/uploads\/sites\/6\/2025\/10\/Presta-Domotek-Volley.jpg","datePublished":"2025-10-21T08:00:17+00:00","dateModified":"2025-10-21T10:46:10+00:00","description":"\"Ogni campo sar\u00e0 difficile\", le parole del centrale amaranto, dopo l'ultimo test pre-campionato contro Campobasso","breadcrumb":{"@id":"https:\/\/progettotouring.it\/radiotouring104\/2025\/10\/21\/domotek-presta-pronti-e-agguerriti-per-la3\/#breadcrumb"},"inLanguage":"it-IT","potentialAction":[{"@type":"ReadAction","target":["https:\/\/progettotouring.it\/radiotouring104\/2025\/10\/21\/domotek-presta-pronti-e-agguerriti-per-la3\/"]}]},{"@type":"ImageObject","inLanguage":"it-IT","@id":"https:\/\/progettotouring.it\/radiotouring104\/2025\/10\/21\/domotek-presta-pronti-e-agguerriti-per-la3\/#primaryimage","url":"https:\/\/progettotouring.it\/radiotouring104\/wp-content\/uploads\/sites\/6\/2025\/10\/Presta-Domotek-Volley.jpg","contentUrl":"https:\/\/progettotouring.it\/radiotouring104\/wp-content\/uploads\/sites\/6\/2025\/10\/Presta-Domotek-Volley.jpg","width":1024,"height":576},{"@type":"BreadcrumbList","@id":"https:\/\/progettotouring.it\/radiotouring104\/2025\/10\/21\/domotek-presta-pronti-e-agguerriti-per-la3\/#breadcrumb","itemListElement":[{"@type":"ListItem","position":1,"name":"Home","item":"https:\/\/progettotouring.it\/radiotouring104\/"},{"@type":"ListItem","position":2,"name":"Domotek, Presta: &#8220;Pronti e agguerriti per l&#8217;A3&#8221;"}]},{"@type":"WebSite","@id":"https:\/\/progettotouring.it\/radiotouring104\/#website","url":"https:\/\/progettotouring.it\/radiotouring104\/","name":"Radio Touring 104","description":"La prima radio Reggina","publisher":{"@id":"https:\/\/progettotouring.it\/radiotouring104\/#organization"},"potentialAction":[{"@type":"SearchAction","target":{"@type":"EntryPoint","urlTemplate":"https:\/\/progettotouring.it\/radiotouring104\/?s={search_term_string}"},"query-input":{"@type":"PropertyValueSpecification","valueRequired":true,"valueName":"search_term_string"}}],"inLanguage":"it-IT"},{"@type":"Organization","@id":"https:\/\/progettotouring.it\/radiotouring104\/#organization","name":"Radio Touring 104","url":"https:\/\/progettotouring.it\/radiotouring104\/","logo":{"@type":"ImageObject","inLanguage":"it-IT","@id":"https:\/\/progettotouring.it\/radiotouring104\/#\/schema\/logo\/image\/","url":"https:\/\/progettotouring.it\/radiotouring104\/wp-content\/uploads\/sites\/6\/2022\/02\/cropped-logo-radio-touring-104.png","contentUrl":"https:\/\/progettotouring.it\/radiotouring104\/wp-content\/uploads\/sites\/6\/2022\/02\/cropped-logo-radio-touring-104.png","width":377,"height":182,"caption":"Radio Touring 104"},"image":{"@id":"https:\/\/progettotouring.it\/radiotouring104\/#\/schema\/logo\/image\/"}},{"@type":"Person","@id":"https:\/\/progettotouring.it\/radiotouring104\/#\/schema\/person\/1b3eb3c07c47136bc44c785c543e635f","name":"redazione","image":{"@type":"ImageObject","inLanguage":"it-IT","@id":"https:\/\/secure.gravatar.com\/avatar\/0b31605b49f100769e8b624b3e05de1b73e1692e9568a352f60f53fd072e6e11?s=96&d=mm&r=g","url":"https:\/\/secure.gravatar.com\/avatar\/0b31605b49f100769e8b624b3e05de1b73e1692e9568a352f60f53fd072e6e11?s=96&d=mm&r=g","contentUrl":"https:\/\/secure.gravatar.com\/avatar\/0b31605b49f100769e8b624b3e05de1b73e1692e9568a352f60f53fd072e6e11?s=96&d=mm&r=g","caption":"redazione"},"url":"https:\/\/progettotouring.it\/radiotouring104\/author\/redazione\/"}]}},"jetpack_publicize_connections":[],"jetpack_featured_media_url":"https:\/\/progettotouring.it\/radiotouring104\/wp-content\/uploads\/sites\/6\/2025\/10\/Presta-Domotek-Volley.jpg","jetpack_sharing_enabled":true,"_links":{"self":[{"href":"https:\/\/progettotouring.it\/radiotouring104\/wp-json\/wp\/v2\/posts\/84401","targetHints":{"allow":["GET"]}}],"collection":[{"href":"https:\/\/progettotouring.it\/radiotouring104\/wp-json\/wp\/v2\/posts"}],"about":[{"href":"https:\/\/progettotouring.it\/radiotouring104\/wp-json\/wp\/v2\/types\/post"}],"author":[{"embeddable":true,"href":"https:\/\/progettotouring.it\/radiotouring104\/wp-json\/wp\/v2\/users\/5"}],"replies":[{"embeddable":true,"href":"https:\/\/progettotouring.it\/radiotouring104\/wp-json\/wp\/v2\/comments?post=84401"}],"version-history":[{"count":1,"href":"https:\/\/progettotouring.it\/radiotouring104\/wp-json\/wp\/v2\/posts\/84401\/revisions"}],"predecessor-version":[{"id":84403,"href":"https:\/\/progettotouring.it\/radiotouring104\/wp-json\/wp\/v2\/posts\/84401\/revisions\/84403"}],"wp:featuredmedia":[{"embeddable":true,"href":"https:\/\/progettotouring.it\/radiotouring104\/wp-json\/wp\/v2\/media\/84402"}],"wp:attachment":[{"href":"https:\/\/progettotouring.it\/radiotouring104\/wp-json\/wp\/v2\/media?parent=84401"}],"wp:term":[{"taxonomy":"category","embeddable":true,"href":"https:\/\/progettotouring.it\/radiotouring104\/wp-json\/wp\/v2\/categories?post=84401"},{"taxonomy":"post_tag","embeddable":true,"href":"https:\/\/progettotouring.it\/radiotouring104\/wp-json\/wp\/v2\/tags?post=84401"}],"curies":[{"name":"wp","href":"https:\/\/api.w.org\/{rel}","templated":true}]}}