{"id":84410,"date":"2025-10-21T10:30:46","date_gmt":"2025-10-21T08:30:46","guid":{"rendered":"https:\/\/progettotouring.it\/radiotouring104\/?p=84410"},"modified":"2025-10-21T12:45:22","modified_gmt":"2025-10-21T10:45:22","slug":"reggio-ripepi-attacca-lamministrazione-dopo-lultimo-posto-in-classifica-nel-report-ecosistema-urbano-2025-di-legambiente","status":"publish","type":"post","link":"https:\/\/progettotouring.it\/radiotouring104\/2025\/10\/21\/reggio-ripepi-attacca-lamministrazione-dopo-lultimo-posto-in-classifica-nel-report-ecosistema-urbano-2025-di-legambiente\/","title":{"rendered":"Reggio: Ripepi attacca l&#8217;Amministrazione dopo l&#8217;ultimo posto in classifica nel report \u201cEcosistema Urbano 2025\u201d di Legambiente"},"content":{"rendered":"<p class=\"xmprfx_MsoNormal\">Reggio Calabria chiude al 106\u00b0 e ultimo posto tra i capoluoghi italiani nel report \u201cEcosistema Urbano 2025\u201d di Legambiente, realizzato con Ambiente Italia e Il Sole 24 Ore, registrando un punteggio inferiore al 25% e indicatori in netto peggioramento. Massimo Ripepi, Consigliere Comunale e Presidente della Commissione Controllo e Garanzia, denuncia con forza il fallimento dell\u2019Amministrazione Falcomat\u00e0, definendo questo risultato l\u2019 \u201c<i>ultimo disastro<\/i>\u201d del Sindaco prima del suo passaggio alla Regione Calabria.<\/p>\n<p class=\"xmprfx_MsoNormal\">\u201cUndici anni di gestione Falcomat\u00e0 hanno ridotto Reggio Calabria a una discarica a cielo aperto\u201d\u00a0 &#8211; dichiara Ripepi \u2013 \u201cLa raccolta differenziata, ferma al 32%, \u00e8 il simbolo di un disastro amministrativo che ha lasciato microdiscariche davanti a ogni palazzo, con le periferie a soffrire maggiormente l\u2019abbandono e il degrado. Il susseguirsi di Assessori all\u2019ambiente incapaci, come il Vicesindaco Brunetti, ha contribuito a far toccare il fondo alla citt\u00e0, con politiche inefficaci e una totale assenza di visione strategica.\u201d<\/p>\n<p class=\"xmprfx_MsoNormal\">\u201cIn questi undici anni, l\u2019Amministrazione ha dimostrato un\u2019incapacit\u00e0 cronica nella gestione della questione rifiuti, con una raccolta differenziata mai decollata come dovuto, nonostante promesse elettorali e annunci. I cittadini, soprattutto nelle periferie, sono stati lasciati soli a fronteggiare un sistema inefficiente, con ritardi nella raccolta e l\u2019assenza di infrastrutture adeguate. Questo disastro, oltre a compromettere la salute pubblica e vivibilit\u00e0, porter\u00e0 un ulteriore aumento della TARI: un\u2019ennesima beffa per i reggini, gi\u00e0 provati da anni di disservizi.\u201d &#8211; incalza il Consigliere Massimo Ripepi.<\/p>\n<p class=\"xmprfx_MsoNormal\">\u201cIl report evidenzia un divario Nord-Sud sempre pi\u00f9 marcato: Trento e Mantova superano il 75%, mentre al Sud solo Cosenza entra nella top 20. Reggio Calabria si colloca tra le nove citt\u00e0 meridionali sotto il 35%, con cali nelle infrastrutture ciclabili (10,39 metri equivalenti per 100 abitanti), isole pedonali (48,6 mq) e zone a traffico limitato (368,3 mq per 100 abitanti), oltre a un aumento del suolo impermeabilizzato (+6,3 mq\/ab dal 2018 al 2023).\u201d- evidenzia il Presidente della Commissione Controllo e Garanzia.<\/p>\n<p class=\"xmprfx_MsoNormal\">\u201cFalcomat\u00e0, il distruttore, ha annientato le potenzialit\u00e0 di una citt\u00e0 ricca di storia! La Commissione Controllo e Garanzia intensificher\u00e0 la vigilanza per smascherare le responsabilit\u00e0 di questo disastro, in attesa che una nuova amministrazione metta mano a un nuovo piano rifiuti per risollevare le sorti di Reggio Calabria.\u201d &#8211; conclude Massimo Ripepi.<\/p>\n","protected":false},"excerpt":{"rendered":"<p>Reggio Calabria chiude al 106\u00b0 e ultimo posto tra i capoluoghi italiani nel report \u201cEcosistema Urbano 2025\u201d di Legambiente, realizzato con Ambiente Italia e Il Sole 24 Ore, registrando un&hellip;<\/p>\n","protected":false},"author":5,"featured_media":57117,"comment_status":"closed","ping_status":"open","sticky":false,"template":"","format":"standard","meta":{"_jetpack_memberships_contains_paid_content":false,"footnotes":"","jetpack_publicize_message":"","jetpack_publicize_feature_enabled":true,"jetpack_social_post_already_shared":true,"jetpack_social_options":{"image_generator_settings":{"template":"highway","default_image_id":0,"font":"","enabled":false},"version":2}},"categories":[921,196,140],"tags":[43299,46367,6129,808,48505,48506],"class_list":["post-84410","post","type-post","status-publish","format-standard","has-post-thumbnail","hentry","category-home","category-news","category-reggio-calabria","tag-amministrazione-comunale-di-reggio","tag-attacco","tag-legambiente","tag-massimo-ripepi","tag-report-ecosistema-urbano-2025","tag-ultimo-posto-in-classifica"],"yoast_head":"<!-- This site is optimized with the Yoast SEO plugin v27.2 - https:\/\/yoast.com\/product\/yoast-seo-wordpress\/ -->\n<title>Reggio ultima nel report \u201cEcosistema Urbano 2025\u201d di Legambiente<\/title>\n<meta name=\"description\" content=\"\u201cL\u2019ultimo disastro di Falcomat\u00e0 prima di lasciarci\u201d, attacca il Consigliere Comuale di Reggio, Massimo Ripepi\" \/>\n<meta name=\"robots\" content=\"index, follow, max-snippet:-1, max-image-preview:large, max-video-preview:-1\" \/>\n<link rel=\"canonical\" href=\"https:\/\/progettotouring.it\/radiotouring104\/2025\/10\/21\/reggio-ripepi-attacca-lamministrazione-dopo-lultimo-posto-in-classifica-nel-report-ecosistema-urbano-2025-di-legambiente\/\" \/>\n<meta property=\"og:locale\" content=\"it_IT\" \/>\n<meta property=\"og:type\" content=\"article\" \/>\n<meta property=\"og:title\" content=\"Reggio ultima nel report \u201cEcosistema Urbano 2025\u201d di Legambiente\" \/>\n<meta property=\"og:description\" content=\"\u201cL\u2019ultimo disastro di Falcomat\u00e0 prima di lasciarci\u201d, attacca il Consigliere Comuale di Reggio, Massimo Ripepi\" \/>\n<meta property=\"og:url\" content=\"https:\/\/progettotouring.it\/radiotouring104\/2025\/10\/21\/reggio-ripepi-attacca-lamministrazione-dopo-lultimo-posto-in-classifica-nel-report-ecosistema-urbano-2025-di-legambiente\/\" \/>\n<meta property=\"og:site_name\" content=\"Radio Touring 104\" \/>\n<meta property=\"article:published_time\" content=\"2025-10-21T08:30:46+00:00\" \/>\n<meta property=\"article:modified_time\" content=\"2025-10-21T10:45:22+00:00\" \/>\n<meta property=\"og:image\" content=\"https:\/\/progettotouring.it\/radiotouring104\/wp-content\/uploads\/sites\/6\/2024\/08\/FOTO-MASSIMO-RIPEPI.jpeg\" \/>\n\t<meta property=\"og:image:width\" content=\"2048\" \/>\n\t<meta property=\"og:image:height\" content=\"1150\" \/>\n\t<meta property=\"og:image:type\" content=\"image\/jpeg\" \/>\n<meta name=\"author\" content=\"redazione\" \/>\n<meta name=\"twitter:card\" content=\"summary_large_image\" \/>\n<meta name=\"twitter:label1\" content=\"Scritto da\" \/>\n\t<meta name=\"twitter:data1\" content=\"redazione\" \/>\n\t<meta name=\"twitter:label2\" content=\"Tempo di lettura stimato\" \/>\n\t<meta name=\"twitter:data2\" content=\"2 minuti\" \/>\n<script type=\"application\/ld+json\" class=\"yoast-schema-graph\">{\"@context\":\"https:\/\/schema.org\",\"@graph\":[{\"@type\":\"Article\",\"@id\":\"https:\/\/progettotouring.it\/radiotouring104\/2025\/10\/21\/reggio-ripepi-attacca-lamministrazione-dopo-lultimo-posto-in-classifica-nel-report-ecosistema-urbano-2025-di-legambiente\/#article\",\"isPartOf\":{\"@id\":\"https:\/\/progettotouring.it\/radiotouring104\/2025\/10\/21\/reggio-ripepi-attacca-lamministrazione-dopo-lultimo-posto-in-classifica-nel-report-ecosistema-urbano-2025-di-legambiente\/\"},\"author\":{\"name\":\"redazione\",\"@id\":\"https:\/\/progettotouring.it\/radiotouring104\/#\/schema\/person\/1b3eb3c07c47136bc44c785c543e635f\"},\"headline\":\"Reggio: Ripepi attacca l&#8217;Amministrazione dopo l&#8217;ultimo posto in classifica nel report \u201cEcosistema Urbano 2025\u201d di Legambiente\",\"datePublished\":\"2025-10-21T08:30:46+00:00\",\"dateModified\":\"2025-10-21T10:45:22+00:00\",\"mainEntityOfPage\":{\"@id\":\"https:\/\/progettotouring.it\/radiotouring104\/2025\/10\/21\/reggio-ripepi-attacca-lamministrazione-dopo-lultimo-posto-in-classifica-nel-report-ecosistema-urbano-2025-di-legambiente\/\"},\"wordCount\":374,\"publisher\":{\"@id\":\"https:\/\/progettotouring.it\/radiotouring104\/#organization\"},\"image\":{\"@id\":\"https:\/\/progettotouring.it\/radiotouring104\/2025\/10\/21\/reggio-ripepi-attacca-lamministrazione-dopo-lultimo-posto-in-classifica-nel-report-ecosistema-urbano-2025-di-legambiente\/#primaryimage\"},\"thumbnailUrl\":\"https:\/\/progettotouring.it\/radiotouring104\/wp-content\/uploads\/sites\/6\/2024\/08\/FOTO-MASSIMO-RIPEPI.jpeg\",\"keywords\":[\"amministrazione comunale di reggio\",\"attacco\",\"Legambiente\",\"Massimo Ripepi\",\"report \u201cEcosistema Urbano 2025\u201d\",\"ultimo posto in classifica\"],\"articleSection\":[\"Home\",\"News\",\"Reggio Calabria\"],\"inLanguage\":\"it-IT\"},{\"@type\":\"WebPage\",\"@id\":\"https:\/\/progettotouring.it\/radiotouring104\/2025\/10\/21\/reggio-ripepi-attacca-lamministrazione-dopo-lultimo-posto-in-classifica-nel-report-ecosistema-urbano-2025-di-legambiente\/\",\"url\":\"https:\/\/progettotouring.it\/radiotouring104\/2025\/10\/21\/reggio-ripepi-attacca-lamministrazione-dopo-lultimo-posto-in-classifica-nel-report-ecosistema-urbano-2025-di-legambiente\/\",\"name\":\"Reggio ultima nel report \u201cEcosistema Urbano 2025\u201d di Legambiente\",\"isPartOf\":{\"@id\":\"https:\/\/progettotouring.it\/radiotouring104\/#website\"},\"primaryImageOfPage\":{\"@id\":\"https:\/\/progettotouring.it\/radiotouring104\/2025\/10\/21\/reggio-ripepi-attacca-lamministrazione-dopo-lultimo-posto-in-classifica-nel-report-ecosistema-urbano-2025-di-legambiente\/#primaryimage\"},\"image\":{\"@id\":\"https:\/\/progettotouring.it\/radiotouring104\/2025\/10\/21\/reggio-ripepi-attacca-lamministrazione-dopo-lultimo-posto-in-classifica-nel-report-ecosistema-urbano-2025-di-legambiente\/#primaryimage\"},\"thumbnailUrl\":\"https:\/\/progettotouring.it\/radiotouring104\/wp-content\/uploads\/sites\/6\/2024\/08\/FOTO-MASSIMO-RIPEPI.jpeg\",\"datePublished\":\"2025-10-21T08:30:46+00:00\",\"dateModified\":\"2025-10-21T10:45:22+00:00\",\"description\":\"\u201cL\u2019ultimo disastro di Falcomat\u00e0 prima di lasciarci\u201d, attacca il Consigliere Comuale di Reggio, Massimo Ripepi\",\"breadcrumb\":{\"@id\":\"https:\/\/progettotouring.it\/radiotouring104\/2025\/10\/21\/reggio-ripepi-attacca-lamministrazione-dopo-lultimo-posto-in-classifica-nel-report-ecosistema-urbano-2025-di-legambiente\/#breadcrumb\"},\"inLanguage\":\"it-IT\",\"potentialAction\":[{\"@type\":\"ReadAction\",\"target\":[\"https:\/\/progettotouring.it\/radiotouring104\/2025\/10\/21\/reggio-ripepi-attacca-lamministrazione-dopo-lultimo-posto-in-classifica-nel-report-ecosistema-urbano-2025-di-legambiente\/\"]}]},{\"@type\":\"ImageObject\",\"inLanguage\":\"it-IT\",\"@id\":\"https:\/\/progettotouring.it\/radiotouring104\/2025\/10\/21\/reggio-ripepi-attacca-lamministrazione-dopo-lultimo-posto-in-classifica-nel-report-ecosistema-urbano-2025-di-legambiente\/#primaryimage\",\"url\":\"https:\/\/progettotouring.it\/radiotouring104\/wp-content\/uploads\/sites\/6\/2024\/08\/FOTO-MASSIMO-RIPEPI.jpeg\",\"contentUrl\":\"https:\/\/progettotouring.it\/radiotouring104\/wp-content\/uploads\/sites\/6\/2024\/08\/FOTO-MASSIMO-RIPEPI.jpeg\",\"width\":2048,\"height\":1150},{\"@type\":\"BreadcrumbList\",\"@id\":\"https:\/\/progettotouring.it\/radiotouring104\/2025\/10\/21\/reggio-ripepi-attacca-lamministrazione-dopo-lultimo-posto-in-classifica-nel-report-ecosistema-urbano-2025-di-legambiente\/#breadcrumb\",\"itemListElement\":[{\"@type\":\"ListItem\",\"position\":1,\"name\":\"Home\",\"item\":\"https:\/\/progettotouring.it\/radiotouring104\/\"},{\"@type\":\"ListItem\",\"position\":2,\"name\":\"Reggio: Ripepi attacca l&#8217;Amministrazione dopo l&#8217;ultimo posto in classifica nel report \u201cEcosistema Urbano 2025\u201d di Legambiente\"}]},{\"@type\":\"WebSite\",\"@id\":\"https:\/\/progettotouring.it\/radiotouring104\/#website\",\"url\":\"https:\/\/progettotouring.it\/radiotouring104\/\",\"name\":\"Radio Touring 104\",\"description\":\"La prima radio Reggina\",\"publisher\":{\"@id\":\"https:\/\/progettotouring.it\/radiotouring104\/#organization\"},\"potentialAction\":[{\"@type\":\"SearchAction\",\"target\":{\"@type\":\"EntryPoint\",\"urlTemplate\":\"https:\/\/progettotouring.it\/radiotouring104\/?s={search_term_string}\"},\"query-input\":{\"@type\":\"PropertyValueSpecification\",\"valueRequired\":true,\"valueName\":\"search_term_string\"}}],\"inLanguage\":\"it-IT\"},{\"@type\":\"Organization\",\"@id\":\"https:\/\/progettotouring.it\/radiotouring104\/#organization\",\"name\":\"Radio Touring 104\",\"url\":\"https:\/\/progettotouring.it\/radiotouring104\/\",\"logo\":{\"@type\":\"ImageObject\",\"inLanguage\":\"it-IT\",\"@id\":\"https:\/\/progettotouring.it\/radiotouring104\/#\/schema\/logo\/image\/\",\"url\":\"https:\/\/progettotouring.it\/radiotouring104\/wp-content\/uploads\/sites\/6\/2022\/02\/cropped-logo-radio-touring-104.png\",\"contentUrl\":\"https:\/\/progettotouring.it\/radiotouring104\/wp-content\/uploads\/sites\/6\/2022\/02\/cropped-logo-radio-touring-104.png\",\"width\":377,\"height\":182,\"caption\":\"Radio Touring 104\"},\"image\":{\"@id\":\"https:\/\/progettotouring.it\/radiotouring104\/#\/schema\/logo\/image\/\"}},{\"@type\":\"Person\",\"@id\":\"https:\/\/progettotouring.it\/radiotouring104\/#\/schema\/person\/1b3eb3c07c47136bc44c785c543e635f\",\"name\":\"redazione\",\"image\":{\"@type\":\"ImageObject\",\"inLanguage\":\"it-IT\",\"@id\":\"https:\/\/secure.gravatar.com\/avatar\/0b31605b49f100769e8b624b3e05de1b73e1692e9568a352f60f53fd072e6e11?s=96&d=mm&r=g\",\"url\":\"https:\/\/secure.gravatar.com\/avatar\/0b31605b49f100769e8b624b3e05de1b73e1692e9568a352f60f53fd072e6e11?s=96&d=mm&r=g\",\"contentUrl\":\"https:\/\/secure.gravatar.com\/avatar\/0b31605b49f100769e8b624b3e05de1b73e1692e9568a352f60f53fd072e6e11?s=96&d=mm&r=g\",\"caption\":\"redazione\"},\"url\":\"https:\/\/progettotouring.it\/radiotouring104\/author\/redazione\/\"}]}<\/script>\n<!-- \/ Yoast SEO plugin. -->","yoast_head_json":{"title":"Reggio ultima nel report \u201cEcosistema Urbano 2025\u201d di Legambiente","description":"\u201cL\u2019ultimo disastro di Falcomat\u00e0 prima di lasciarci\u201d, attacca il Consigliere Comuale di Reggio, Massimo Ripepi","robots":{"index":"index","follow":"follow","max-snippet":"max-snippet:-1","max-image-preview":"max-image-preview:large","max-video-preview":"max-video-preview:-1"},"canonical":"https:\/\/progettotouring.it\/radiotouring104\/2025\/10\/21\/reggio-ripepi-attacca-lamministrazione-dopo-lultimo-posto-in-classifica-nel-report-ecosistema-urbano-2025-di-legambiente\/","og_locale":"it_IT","og_type":"article","og_title":"Reggio ultima nel report \u201cEcosistema Urbano 2025\u201d di Legambiente","og_description":"\u201cL\u2019ultimo disastro di Falcomat\u00e0 prima di lasciarci\u201d, attacca il Consigliere Comuale di Reggio, Massimo Ripepi","og_url":"https:\/\/progettotouring.it\/radiotouring104\/2025\/10\/21\/reggio-ripepi-attacca-lamministrazione-dopo-lultimo-posto-in-classifica-nel-report-ecosistema-urbano-2025-di-legambiente\/","og_site_name":"Radio Touring 104","article_published_time":"2025-10-21T08:30:46+00:00","article_modified_time":"2025-10-21T10:45:22+00:00","og_image":[{"width":2048,"height":1150,"url":"https:\/\/progettotouring.it\/radiotouring104\/wp-content\/uploads\/sites\/6\/2024\/08\/FOTO-MASSIMO-RIPEPI.jpeg","type":"image\/jpeg"}],"author":"redazione","twitter_card":"summary_large_image","twitter_misc":{"Scritto da":"redazione","Tempo di lettura stimato":"2 minuti"},"schema":{"@context":"https:\/\/schema.org","@graph":[{"@type":"Article","@id":"https:\/\/progettotouring.it\/radiotouring104\/2025\/10\/21\/reggio-ripepi-attacca-lamministrazione-dopo-lultimo-posto-in-classifica-nel-report-ecosistema-urbano-2025-di-legambiente\/#article","isPartOf":{"@id":"https:\/\/progettotouring.it\/radiotouring104\/2025\/10\/21\/reggio-ripepi-attacca-lamministrazione-dopo-lultimo-posto-in-classifica-nel-report-ecosistema-urbano-2025-di-legambiente\/"},"author":{"name":"redazione","@id":"https:\/\/progettotouring.it\/radiotouring104\/#\/schema\/person\/1b3eb3c07c47136bc44c785c543e635f"},"headline":"Reggio: Ripepi attacca l&#8217;Amministrazione dopo l&#8217;ultimo posto in classifica nel report \u201cEcosistema Urbano 2025\u201d di Legambiente","datePublished":"2025-10-21T08:30:46+00:00","dateModified":"2025-10-21T10:45:22+00:00","mainEntityOfPage":{"@id":"https:\/\/progettotouring.it\/radiotouring104\/2025\/10\/21\/reggio-ripepi-attacca-lamministrazione-dopo-lultimo-posto-in-classifica-nel-report-ecosistema-urbano-2025-di-legambiente\/"},"wordCount":374,"publisher":{"@id":"https:\/\/progettotouring.it\/radiotouring104\/#organization"},"image":{"@id":"https:\/\/progettotouring.it\/radiotouring104\/2025\/10\/21\/reggio-ripepi-attacca-lamministrazione-dopo-lultimo-posto-in-classifica-nel-report-ecosistema-urbano-2025-di-legambiente\/#primaryimage"},"thumbnailUrl":"https:\/\/progettotouring.it\/radiotouring104\/wp-content\/uploads\/sites\/6\/2024\/08\/FOTO-MASSIMO-RIPEPI.jpeg","keywords":["amministrazione comunale di reggio","attacco","Legambiente","Massimo Ripepi","report \u201cEcosistema Urbano 2025\u201d","ultimo posto in classifica"],"articleSection":["Home","News","Reggio Calabria"],"inLanguage":"it-IT"},{"@type":"WebPage","@id":"https:\/\/progettotouring.it\/radiotouring104\/2025\/10\/21\/reggio-ripepi-attacca-lamministrazione-dopo-lultimo-posto-in-classifica-nel-report-ecosistema-urbano-2025-di-legambiente\/","url":"https:\/\/progettotouring.it\/radiotouring104\/2025\/10\/21\/reggio-ripepi-attacca-lamministrazione-dopo-lultimo-posto-in-classifica-nel-report-ecosistema-urbano-2025-di-legambiente\/","name":"Reggio ultima nel report \u201cEcosistema Urbano 2025\u201d di Legambiente","isPartOf":{"@id":"https:\/\/progettotouring.it\/radiotouring104\/#website"},"primaryImageOfPage":{"@id":"https:\/\/progettotouring.it\/radiotouring104\/2025\/10\/21\/reggio-ripepi-attacca-lamministrazione-dopo-lultimo-posto-in-classifica-nel-report-ecosistema-urbano-2025-di-legambiente\/#primaryimage"},"image":{"@id":"https:\/\/progettotouring.it\/radiotouring104\/2025\/10\/21\/reggio-ripepi-attacca-lamministrazione-dopo-lultimo-posto-in-classifica-nel-report-ecosistema-urbano-2025-di-legambiente\/#primaryimage"},"thumbnailUrl":"https:\/\/progettotouring.it\/radiotouring104\/wp-content\/uploads\/sites\/6\/2024\/08\/FOTO-MASSIMO-RIPEPI.jpeg","datePublished":"2025-10-21T08:30:46+00:00","dateModified":"2025-10-21T10:45:22+00:00","description":"\u201cL\u2019ultimo disastro di Falcomat\u00e0 prima di lasciarci\u201d, attacca il Consigliere Comuale di Reggio, Massimo Ripepi","breadcrumb":{"@id":"https:\/\/progettotouring.it\/radiotouring104\/2025\/10\/21\/reggio-ripepi-attacca-lamministrazione-dopo-lultimo-posto-in-classifica-nel-report-ecosistema-urbano-2025-di-legambiente\/#breadcrumb"},"inLanguage":"it-IT","potentialAction":[{"@type":"ReadAction","target":["https:\/\/progettotouring.it\/radiotouring104\/2025\/10\/21\/reggio-ripepi-attacca-lamministrazione-dopo-lultimo-posto-in-classifica-nel-report-ecosistema-urbano-2025-di-legambiente\/"]}]},{"@type":"ImageObject","inLanguage":"it-IT","@id":"https:\/\/progettotouring.it\/radiotouring104\/2025\/10\/21\/reggio-ripepi-attacca-lamministrazione-dopo-lultimo-posto-in-classifica-nel-report-ecosistema-urbano-2025-di-legambiente\/#primaryimage","url":"https:\/\/progettotouring.it\/radiotouring104\/wp-content\/uploads\/sites\/6\/2024\/08\/FOTO-MASSIMO-RIPEPI.jpeg","contentUrl":"https:\/\/progettotouring.it\/radiotouring104\/wp-content\/uploads\/sites\/6\/2024\/08\/FOTO-MASSIMO-RIPEPI.jpeg","width":2048,"height":1150},{"@type":"BreadcrumbList","@id":"https:\/\/progettotouring.it\/radiotouring104\/2025\/10\/21\/reggio-ripepi-attacca-lamministrazione-dopo-lultimo-posto-in-classifica-nel-report-ecosistema-urbano-2025-di-legambiente\/#breadcrumb","itemListElement":[{"@type":"ListItem","position":1,"name":"Home","item":"https:\/\/progettotouring.it\/radiotouring104\/"},{"@type":"ListItem","position":2,"name":"Reggio: Ripepi attacca l&#8217;Amministrazione dopo l&#8217;ultimo posto in classifica nel report \u201cEcosistema Urbano 2025\u201d di Legambiente"}]},{"@type":"WebSite","@id":"https:\/\/progettotouring.it\/radiotouring104\/#website","url":"https:\/\/progettotouring.it\/radiotouring104\/","name":"Radio Touring 104","description":"La prima radio Reggina","publisher":{"@id":"https:\/\/progettotouring.it\/radiotouring104\/#organization"},"potentialAction":[{"@type":"SearchAction","target":{"@type":"EntryPoint","urlTemplate":"https:\/\/progettotouring.it\/radiotouring104\/?s={search_term_string}"},"query-input":{"@type":"PropertyValueSpecification","valueRequired":true,"valueName":"search_term_string"}}],"inLanguage":"it-IT"},{"@type":"Organization","@id":"https:\/\/progettotouring.it\/radiotouring104\/#organization","name":"Radio Touring 104","url":"https:\/\/progettotouring.it\/radiotouring104\/","logo":{"@type":"ImageObject","inLanguage":"it-IT","@id":"https:\/\/progettotouring.it\/radiotouring104\/#\/schema\/logo\/image\/","url":"https:\/\/progettotouring.it\/radiotouring104\/wp-content\/uploads\/sites\/6\/2022\/02\/cropped-logo-radio-touring-104.png","contentUrl":"https:\/\/progettotouring.it\/radiotouring104\/wp-content\/uploads\/sites\/6\/2022\/02\/cropped-logo-radio-touring-104.png","width":377,"height":182,"caption":"Radio Touring 104"},"image":{"@id":"https:\/\/progettotouring.it\/radiotouring104\/#\/schema\/logo\/image\/"}},{"@type":"Person","@id":"https:\/\/progettotouring.it\/radiotouring104\/#\/schema\/person\/1b3eb3c07c47136bc44c785c543e635f","name":"redazione","image":{"@type":"ImageObject","inLanguage":"it-IT","@id":"https:\/\/secure.gravatar.com\/avatar\/0b31605b49f100769e8b624b3e05de1b73e1692e9568a352f60f53fd072e6e11?s=96&d=mm&r=g","url":"https:\/\/secure.gravatar.com\/avatar\/0b31605b49f100769e8b624b3e05de1b73e1692e9568a352f60f53fd072e6e11?s=96&d=mm&r=g","contentUrl":"https:\/\/secure.gravatar.com\/avatar\/0b31605b49f100769e8b624b3e05de1b73e1692e9568a352f60f53fd072e6e11?s=96&d=mm&r=g","caption":"redazione"},"url":"https:\/\/progettotouring.it\/radiotouring104\/author\/redazione\/"}]}},"jetpack_publicize_connections":[],"jetpack_featured_media_url":"https:\/\/progettotouring.it\/radiotouring104\/wp-content\/uploads\/sites\/6\/2024\/08\/FOTO-MASSIMO-RIPEPI.jpeg","jetpack_sharing_enabled":true,"_links":{"self":[{"href":"https:\/\/progettotouring.it\/radiotouring104\/wp-json\/wp\/v2\/posts\/84410","targetHints":{"allow":["GET"]}}],"collection":[{"href":"https:\/\/progettotouring.it\/radiotouring104\/wp-json\/wp\/v2\/posts"}],"about":[{"href":"https:\/\/progettotouring.it\/radiotouring104\/wp-json\/wp\/v2\/types\/post"}],"author":[{"embeddable":true,"href":"https:\/\/progettotouring.it\/radiotouring104\/wp-json\/wp\/v2\/users\/5"}],"replies":[{"embeddable":true,"href":"https:\/\/progettotouring.it\/radiotouring104\/wp-json\/wp\/v2\/comments?post=84410"}],"version-history":[{"count":1,"href":"https:\/\/progettotouring.it\/radiotouring104\/wp-json\/wp\/v2\/posts\/84410\/revisions"}],"predecessor-version":[{"id":84411,"href":"https:\/\/progettotouring.it\/radiotouring104\/wp-json\/wp\/v2\/posts\/84410\/revisions\/84411"}],"wp:featuredmedia":[{"embeddable":true,"href":"https:\/\/progettotouring.it\/radiotouring104\/wp-json\/wp\/v2\/media\/57117"}],"wp:attachment":[{"href":"https:\/\/progettotouring.it\/radiotouring104\/wp-json\/wp\/v2\/media?parent=84410"}],"wp:term":[{"taxonomy":"category","embeddable":true,"href":"https:\/\/progettotouring.it\/radiotouring104\/wp-json\/wp\/v2\/categories?post=84410"},{"taxonomy":"post_tag","embeddable":true,"href":"https:\/\/progettotouring.it\/radiotouring104\/wp-json\/wp\/v2\/tags?post=84410"}],"curies":[{"name":"wp","href":"https:\/\/api.w.org\/{rel}","templated":true}]}}