{"id":84416,"date":"2025-10-21T10:59:55","date_gmt":"2025-10-21T08:59:55","guid":{"rendered":"https:\/\/progettotouring.it\/radiotouring104\/?p=84416"},"modified":"2025-10-21T12:45:12","modified_gmt":"2025-10-21T10:45:12","slug":"calabria-sona-annuncia-l-australian-tarantella-festival","status":"publish","type":"post","link":"https:\/\/progettotouring.it\/radiotouring104\/2025\/10\/21\/calabria-sona-annuncia-l-australian-tarantella-festival\/","title":{"rendered":"Calabria Sona annuncia l&#8217; &#8220;Australian Tarantella Festival\u201d"},"content":{"rendered":"<p class=\"xmprfx_MsoNormal\"><b>Calabria Sona<\/b>\u00a0\u00e8 pronta a tracciare un nuovo ambizioso percorso in Australia. Forte di oltre cinque tourn\u00e9e di successo negli ultimi anni, l&#8217;organizzazione calabrese annuncia un&#8217;importante evoluzione del suo progetto oltreoceano: il lancio dell\u2019<b>Australian Tarantella Festival<\/b>.\u00a0Dopo i tour degli anni passati che, grazie a Calabria Sona, hanno fatto varcare i confini ad artisti come Antonio Grosso, Le Muse del Mediterraneo, Emy Vaccari, Davis Muccari, Ciccio Nucera e Paolo Paviglianiti il 2025 sar\u00e0 l\u2019anno della nascita del festival.<\/p>\n<p>&nbsp;<\/p>\n<p class=\"xmprfx_MsoNormal\"><b>Una Rivoluzione Concettuale: L\u2019Australian Tarantella Festival<\/b><\/p>\n<p>&nbsp;<\/p>\n<p class=\"xmprfx_MsoNormal\">Dopo mesi di preparazione, nasce quindi l&#8217;<b>Australian Tarantella Festival<\/b>, una novit\u00e0 assoluta pensata per rafforzare il legame tra l&#8217;Australia e l&#8217;Italia, in particolare la Calabria, trasformando un tour in un vero e proprio festival itinerante. L&#8217;iniziativa, in programma\u00a0<b>dal 26 Ottobre al 17 Novembre 2025<\/b>, attraverser\u00e0 l&#8217;intero continente non solo per incontrare la comunit\u00e0 calabrese e italiana, ma soprattutto per dialogare con il pubblico australiano.<\/p>\n<p>&nbsp;<\/p>\n<p class=\"xmprfx_MsoNormal\">L&#8217;obiettivo \u00e8 duplice: onorare le radici e le tradizioni della Calabria, ma al contempo promuovere un&#8217;immagine contemporanea e dinamica della regione, libera da stereotipi. Il festival si configura come una carovana di cultura, allegria e rispetto per l&#8217;arte, combinando\u00a0<b>Musica e Danza, Enogastronomia<\/b>\u00a0<b>Cultura e Storia.<\/b><\/p>\n<p class=\"xmprfx_MsoNormal\">\n<p>&nbsp;<\/p>\n<p class=\"xmprfx_MsoNormal\"><b>Protagonista 2025: Il Talento Giovanile e la Musica &#8220;Rosa&#8221; con Carmen Floccari<\/b><\/p>\n<p>&nbsp;<\/p>\n<p class=\"xmprfx_MsoNormal\">Questa prima edizione del festival si aprir\u00e0 con l\u2019arrivo in Australia di\u00a0<b>Carmen Floccari<\/b>, giovane e talentuosa artista reggina, figlia d&#8217;arte. Per la prima volta in terra australiana, il festival dar\u00e0 spazio alla musica popolare &#8220;rosa&#8221;, portando in scena una prospettiva fresca e dinamica.<\/p>\n<p>&nbsp;<\/p>\n<p class=\"xmprfx_MsoNormal\">Carmen Floccari condurr\u00e0 il pubblico in un affascinante viaggio nella musica popolare del Sud Italia \u2013 tra repertori calabresi, pugliesi e siciliani \u2013 con la sua voce potente. Il suo spettacolo fonder\u00e0 canti tradizionali, stornellate e tarantelle con un nuovo progetto che mira a traghettare l&#8217;istinto popolare verso nuovi confini musicali e sonori.<\/p>\n<p class=\"xmprfx_MsoNormal\">\n<p>&nbsp;<\/p>\n<p class=\"xmprfx_MsoNormal\"><b>Visione e Coerenza: Autenticit\u00e0, Dignit\u00e0 e Futuro<\/b><\/p>\n<p>&nbsp;<\/p>\n<p class=\"xmprfx_MsoNormal\">Calabria Sona sottolinea l&#8217;impegno quotidiano nel promuovere una &#8220;Calabria diversa&#8221;, proiettata verso il futuro e vicina alle nuove generazioni nel linguaggio e nella sostanza. Questa scelta \u00e8 stata dettata dalla volont\u00e0 di collaborare con realt\u00e0 che condividono una visione di autenticit\u00e0 e dignit\u00e0 per l\u2019arte, gli artisti e la cultura, dissociandosi da obiettivi poco chiari o da festival di facciata, e da chi dimostra scarsa conoscenza delle tradizioni che intende rappresentare non comprendendone l\u2019essenza e l\u2019evoluzione fermandosi, molte volte, ad una rappresentazione traboccante di stereotipi.<\/p>\n<p>&nbsp;<\/p>\n<p class=\"xmprfx_MsoNormal\">&#8220;\u00c8 di questo che ha bisogno la nostra terra: progetti solidi e coerenti, non improvvisazione con la necessit\u00e0 di creare opportunit\u00e0 durature e anche di sviluppo e di lavoro&#8221; dichiarano gli organizzatori. &#8220;Il nostro impegno \u00e8 mostrare ogni giorno una \u201cCalabria diversa\u201d e per questo c\u2019\u00e8 bisogno di una conoscenza attuale del territorio, essenziale per chi si pone come ambasciatore del Sud.&#8221;<\/p>\n<p class=\"xmprfx_MsoNormal\">\n<p>&nbsp;<\/p>\n<p class=\"xmprfx_MsoNormal\"><b>Prossimi Passi<\/b><\/p>\n<p>&nbsp;<\/p>\n<p class=\"xmprfx_MsoNormal\">L\u2019Australian Tarantella Festival annuncia con entusiasmo le prime date per l\u2019edizione 2025 che toccheranno Melbourne, Adelaide e Sidney. Ecco i principali appuntamenti: 30 Ottobre Burrata Festival Melbourne \u2013 02 Novembre Monrnington Peninsula Italiana Festa \u2013 Rosebud VIC \u2013 7 Novembre Sidney Festa Italia &#8211; 8 Novembre Adelaide italian Festival. Tutte le info possono essere trovate su\u00a0<a href=\"http:\/\/www.australiantarantellafestival.com\/\" target=\"_blank\" rel=\"noopener noreferrer\">www.australiantarantellafestival.com<\/a>.<\/p>\n<p class=\"xmprfx_MsoNormal\">\n<p>&nbsp;<\/p>\n<p class=\"xmprfx_MsoNormal\">Un ringraziamento speciale va a tutti i club, le associazioni e i singoli individui che ci hanno supportato fino adesso in modo genuino ed autentico. L&#8217;invito \u00e8 rivolto a tutti coloro che condividono questa visione orientata al futuro a unirsi all&#8217;iniziativa e ai suoi partner di altissimo livello culturale, artistico, sociale e mediatico.<\/p>\n","protected":false},"excerpt":{"rendered":"<p>Calabria Sona\u00a0\u00e8 pronta a tracciare un nuovo ambizioso percorso in Australia. Forte di oltre cinque tourn\u00e9e di successo negli ultimi anni, l&#8217;organizzazione calabrese annuncia un&#8217;importante evoluzione del suo progetto oltreoceano:&hellip;<\/p>\n","protected":false},"author":5,"featured_media":84417,"comment_status":"closed","ping_status":"open","sticky":false,"template":"","format":"standard","meta":{"_jetpack_memberships_contains_paid_content":false,"footnotes":"","jetpack_publicize_message":"","jetpack_publicize_feature_enabled":true,"jetpack_social_post_already_shared":true,"jetpack_social_options":{"image_generator_settings":{"template":"highway","default_image_id":0,"font":"","enabled":false},"version":2}},"categories":[146,196],"tags":[48511,8565,44065,48512,48513],"class_list":["post-84416","post","type-post","status-publish","format-standard","has-post-thumbnail","hentry","category-musica","category-news","tag-australian-tarantella-festival","tag-calabria-sona","tag-carmen-floccari","tag-festival-itinerante-oltreoceano","tag-una-rivoluzione-concettuale"],"yoast_head":"<!-- This site is optimized with the Yoast SEO plugin v27.2 - https:\/\/yoast.com\/product\/yoast-seo-wordpress\/ -->\n<title>Calabria Sona annuncia l&#039; &quot;Australian Tarantella Festival\u201d<\/title>\n<meta name=\"description\" content=\"La band lancia il festival itinerante oltreoceano per promuovere la Calabria che si svolger\u00e0 dal 26 ottobre al 17 novembre\" \/>\n<meta name=\"robots\" content=\"index, follow, max-snippet:-1, max-image-preview:large, max-video-preview:-1\" \/>\n<link rel=\"canonical\" href=\"https:\/\/progettotouring.it\/radiotouring104\/2025\/10\/21\/calabria-sona-annuncia-l-australian-tarantella-festival\/\" \/>\n<meta property=\"og:locale\" content=\"it_IT\" \/>\n<meta property=\"og:type\" content=\"article\" \/>\n<meta property=\"og:title\" content=\"Calabria Sona annuncia l&#039; &quot;Australian Tarantella Festival\u201d\" \/>\n<meta property=\"og:description\" content=\"La band lancia il festival itinerante oltreoceano per promuovere la Calabria che si svolger\u00e0 dal 26 ottobre al 17 novembre\" \/>\n<meta property=\"og:url\" content=\"https:\/\/progettotouring.it\/radiotouring104\/2025\/10\/21\/calabria-sona-annuncia-l-australian-tarantella-festival\/\" \/>\n<meta property=\"og:site_name\" content=\"Radio Touring 104\" \/>\n<meta property=\"article:published_time\" content=\"2025-10-21T08:59:55+00:00\" \/>\n<meta property=\"article:modified_time\" content=\"2025-10-21T10:45:12+00:00\" \/>\n<meta property=\"og:image\" content=\"https:\/\/progettotouring.it\/radiotouring104\/wp-content\/uploads\/sites\/6\/2025\/10\/Calabria-Sona-Australia-Festival.gif\" \/>\n\t<meta property=\"og:image:width\" content=\"357\" \/>\n\t<meta property=\"og:image:height\" content=\"470\" \/>\n\t<meta property=\"og:image:type\" content=\"image\/gif\" \/>\n<meta name=\"author\" content=\"redazione\" \/>\n<meta name=\"twitter:card\" content=\"summary_large_image\" \/>\n<meta name=\"twitter:label1\" content=\"Scritto da\" \/>\n\t<meta name=\"twitter:data1\" content=\"redazione\" \/>\n\t<meta name=\"twitter:label2\" content=\"Tempo di lettura stimato\" \/>\n\t<meta name=\"twitter:data2\" content=\"3 minuti\" \/>\n<script type=\"application\/ld+json\" class=\"yoast-schema-graph\">{\"@context\":\"https:\/\/schema.org\",\"@graph\":[{\"@type\":\"Article\",\"@id\":\"https:\/\/progettotouring.it\/radiotouring104\/2025\/10\/21\/calabria-sona-annuncia-l-australian-tarantella-festival\/#article\",\"isPartOf\":{\"@id\":\"https:\/\/progettotouring.it\/radiotouring104\/2025\/10\/21\/calabria-sona-annuncia-l-australian-tarantella-festival\/\"},\"author\":{\"name\":\"redazione\",\"@id\":\"https:\/\/progettotouring.it\/radiotouring104\/#\/schema\/person\/1b3eb3c07c47136bc44c785c543e635f\"},\"headline\":\"Calabria Sona annuncia l&#8217; &#8220;Australian Tarantella Festival\u201d\",\"datePublished\":\"2025-10-21T08:59:55+00:00\",\"dateModified\":\"2025-10-21T10:45:12+00:00\",\"mainEntityOfPage\":{\"@id\":\"https:\/\/progettotouring.it\/radiotouring104\/2025\/10\/21\/calabria-sona-annuncia-l-australian-tarantella-festival\/\"},\"wordCount\":580,\"publisher\":{\"@id\":\"https:\/\/progettotouring.it\/radiotouring104\/#organization\"},\"image\":{\"@id\":\"https:\/\/progettotouring.it\/radiotouring104\/2025\/10\/21\/calabria-sona-annuncia-l-australian-tarantella-festival\/#primaryimage\"},\"thumbnailUrl\":\"https:\/\/progettotouring.it\/radiotouring104\/wp-content\/uploads\/sites\/6\/2025\/10\/Calabria-Sona-Australia-Festival.gif\",\"keywords\":[\"Australian Tarantella Festival\",\"Calabria Sona\",\"Carmen Floccari\",\"festival itinerante oltreoceano\",\"Una Rivoluzione Concettuale:\"],\"articleSection\":[\"Musica\",\"News\"],\"inLanguage\":\"it-IT\"},{\"@type\":\"WebPage\",\"@id\":\"https:\/\/progettotouring.it\/radiotouring104\/2025\/10\/21\/calabria-sona-annuncia-l-australian-tarantella-festival\/\",\"url\":\"https:\/\/progettotouring.it\/radiotouring104\/2025\/10\/21\/calabria-sona-annuncia-l-australian-tarantella-festival\/\",\"name\":\"Calabria Sona annuncia l' \\\"Australian Tarantella Festival\u201d\",\"isPartOf\":{\"@id\":\"https:\/\/progettotouring.it\/radiotouring104\/#website\"},\"primaryImageOfPage\":{\"@id\":\"https:\/\/progettotouring.it\/radiotouring104\/2025\/10\/21\/calabria-sona-annuncia-l-australian-tarantella-festival\/#primaryimage\"},\"image\":{\"@id\":\"https:\/\/progettotouring.it\/radiotouring104\/2025\/10\/21\/calabria-sona-annuncia-l-australian-tarantella-festival\/#primaryimage\"},\"thumbnailUrl\":\"https:\/\/progettotouring.it\/radiotouring104\/wp-content\/uploads\/sites\/6\/2025\/10\/Calabria-Sona-Australia-Festival.gif\",\"datePublished\":\"2025-10-21T08:59:55+00:00\",\"dateModified\":\"2025-10-21T10:45:12+00:00\",\"description\":\"La band lancia il festival itinerante oltreoceano per promuovere la Calabria che si svolger\u00e0 dal 26 ottobre al 17 novembre\",\"breadcrumb\":{\"@id\":\"https:\/\/progettotouring.it\/radiotouring104\/2025\/10\/21\/calabria-sona-annuncia-l-australian-tarantella-festival\/#breadcrumb\"},\"inLanguage\":\"it-IT\",\"potentialAction\":[{\"@type\":\"ReadAction\",\"target\":[\"https:\/\/progettotouring.it\/radiotouring104\/2025\/10\/21\/calabria-sona-annuncia-l-australian-tarantella-festival\/\"]}]},{\"@type\":\"ImageObject\",\"inLanguage\":\"it-IT\",\"@id\":\"https:\/\/progettotouring.it\/radiotouring104\/2025\/10\/21\/calabria-sona-annuncia-l-australian-tarantella-festival\/#primaryimage\",\"url\":\"https:\/\/progettotouring.it\/radiotouring104\/wp-content\/uploads\/sites\/6\/2025\/10\/Calabria-Sona-Australia-Festival.gif\",\"contentUrl\":\"https:\/\/progettotouring.it\/radiotouring104\/wp-content\/uploads\/sites\/6\/2025\/10\/Calabria-Sona-Australia-Festival.gif\",\"width\":357,\"height\":470},{\"@type\":\"BreadcrumbList\",\"@id\":\"https:\/\/progettotouring.it\/radiotouring104\/2025\/10\/21\/calabria-sona-annuncia-l-australian-tarantella-festival\/#breadcrumb\",\"itemListElement\":[{\"@type\":\"ListItem\",\"position\":1,\"name\":\"Home\",\"item\":\"https:\/\/progettotouring.it\/radiotouring104\/\"},{\"@type\":\"ListItem\",\"position\":2,\"name\":\"Calabria Sona annuncia l&#8217; &#8220;Australian Tarantella Festival\u201d\"}]},{\"@type\":\"WebSite\",\"@id\":\"https:\/\/progettotouring.it\/radiotouring104\/#website\",\"url\":\"https:\/\/progettotouring.it\/radiotouring104\/\",\"name\":\"Radio Touring 104\",\"description\":\"La prima radio Reggina\",\"publisher\":{\"@id\":\"https:\/\/progettotouring.it\/radiotouring104\/#organization\"},\"potentialAction\":[{\"@type\":\"SearchAction\",\"target\":{\"@type\":\"EntryPoint\",\"urlTemplate\":\"https:\/\/progettotouring.it\/radiotouring104\/?s={search_term_string}\"},\"query-input\":{\"@type\":\"PropertyValueSpecification\",\"valueRequired\":true,\"valueName\":\"search_term_string\"}}],\"inLanguage\":\"it-IT\"},{\"@type\":\"Organization\",\"@id\":\"https:\/\/progettotouring.it\/radiotouring104\/#organization\",\"name\":\"Radio Touring 104\",\"url\":\"https:\/\/progettotouring.it\/radiotouring104\/\",\"logo\":{\"@type\":\"ImageObject\",\"inLanguage\":\"it-IT\",\"@id\":\"https:\/\/progettotouring.it\/radiotouring104\/#\/schema\/logo\/image\/\",\"url\":\"https:\/\/progettotouring.it\/radiotouring104\/wp-content\/uploads\/sites\/6\/2022\/02\/cropped-logo-radio-touring-104.png\",\"contentUrl\":\"https:\/\/progettotouring.it\/radiotouring104\/wp-content\/uploads\/sites\/6\/2022\/02\/cropped-logo-radio-touring-104.png\",\"width\":377,\"height\":182,\"caption\":\"Radio Touring 104\"},\"image\":{\"@id\":\"https:\/\/progettotouring.it\/radiotouring104\/#\/schema\/logo\/image\/\"}},{\"@type\":\"Person\",\"@id\":\"https:\/\/progettotouring.it\/radiotouring104\/#\/schema\/person\/1b3eb3c07c47136bc44c785c543e635f\",\"name\":\"redazione\",\"image\":{\"@type\":\"ImageObject\",\"inLanguage\":\"it-IT\",\"@id\":\"https:\/\/secure.gravatar.com\/avatar\/0b31605b49f100769e8b624b3e05de1b73e1692e9568a352f60f53fd072e6e11?s=96&d=mm&r=g\",\"url\":\"https:\/\/secure.gravatar.com\/avatar\/0b31605b49f100769e8b624b3e05de1b73e1692e9568a352f60f53fd072e6e11?s=96&d=mm&r=g\",\"contentUrl\":\"https:\/\/secure.gravatar.com\/avatar\/0b31605b49f100769e8b624b3e05de1b73e1692e9568a352f60f53fd072e6e11?s=96&d=mm&r=g\",\"caption\":\"redazione\"},\"url\":\"https:\/\/progettotouring.it\/radiotouring104\/author\/redazione\/\"}]}<\/script>\n<!-- \/ Yoast SEO plugin. -->","yoast_head_json":{"title":"Calabria Sona annuncia l' \"Australian Tarantella Festival\u201d","description":"La band lancia il festival itinerante oltreoceano per promuovere la Calabria che si svolger\u00e0 dal 26 ottobre al 17 novembre","robots":{"index":"index","follow":"follow","max-snippet":"max-snippet:-1","max-image-preview":"max-image-preview:large","max-video-preview":"max-video-preview:-1"},"canonical":"https:\/\/progettotouring.it\/radiotouring104\/2025\/10\/21\/calabria-sona-annuncia-l-australian-tarantella-festival\/","og_locale":"it_IT","og_type":"article","og_title":"Calabria Sona annuncia l' \"Australian Tarantella Festival\u201d","og_description":"La band lancia il festival itinerante oltreoceano per promuovere la Calabria che si svolger\u00e0 dal 26 ottobre al 17 novembre","og_url":"https:\/\/progettotouring.it\/radiotouring104\/2025\/10\/21\/calabria-sona-annuncia-l-australian-tarantella-festival\/","og_site_name":"Radio Touring 104","article_published_time":"2025-10-21T08:59:55+00:00","article_modified_time":"2025-10-21T10:45:12+00:00","og_image":[{"width":357,"height":470,"url":"https:\/\/progettotouring.it\/radiotouring104\/wp-content\/uploads\/sites\/6\/2025\/10\/Calabria-Sona-Australia-Festival.gif","type":"image\/gif"}],"author":"redazione","twitter_card":"summary_large_image","twitter_misc":{"Scritto da":"redazione","Tempo di lettura stimato":"3 minuti"},"schema":{"@context":"https:\/\/schema.org","@graph":[{"@type":"Article","@id":"https:\/\/progettotouring.it\/radiotouring104\/2025\/10\/21\/calabria-sona-annuncia-l-australian-tarantella-festival\/#article","isPartOf":{"@id":"https:\/\/progettotouring.it\/radiotouring104\/2025\/10\/21\/calabria-sona-annuncia-l-australian-tarantella-festival\/"},"author":{"name":"redazione","@id":"https:\/\/progettotouring.it\/radiotouring104\/#\/schema\/person\/1b3eb3c07c47136bc44c785c543e635f"},"headline":"Calabria Sona annuncia l&#8217; &#8220;Australian Tarantella Festival\u201d","datePublished":"2025-10-21T08:59:55+00:00","dateModified":"2025-10-21T10:45:12+00:00","mainEntityOfPage":{"@id":"https:\/\/progettotouring.it\/radiotouring104\/2025\/10\/21\/calabria-sona-annuncia-l-australian-tarantella-festival\/"},"wordCount":580,"publisher":{"@id":"https:\/\/progettotouring.it\/radiotouring104\/#organization"},"image":{"@id":"https:\/\/progettotouring.it\/radiotouring104\/2025\/10\/21\/calabria-sona-annuncia-l-australian-tarantella-festival\/#primaryimage"},"thumbnailUrl":"https:\/\/progettotouring.it\/radiotouring104\/wp-content\/uploads\/sites\/6\/2025\/10\/Calabria-Sona-Australia-Festival.gif","keywords":["Australian Tarantella Festival","Calabria Sona","Carmen Floccari","festival itinerante oltreoceano","Una Rivoluzione Concettuale:"],"articleSection":["Musica","News"],"inLanguage":"it-IT"},{"@type":"WebPage","@id":"https:\/\/progettotouring.it\/radiotouring104\/2025\/10\/21\/calabria-sona-annuncia-l-australian-tarantella-festival\/","url":"https:\/\/progettotouring.it\/radiotouring104\/2025\/10\/21\/calabria-sona-annuncia-l-australian-tarantella-festival\/","name":"Calabria Sona annuncia l' \"Australian Tarantella Festival\u201d","isPartOf":{"@id":"https:\/\/progettotouring.it\/radiotouring104\/#website"},"primaryImageOfPage":{"@id":"https:\/\/progettotouring.it\/radiotouring104\/2025\/10\/21\/calabria-sona-annuncia-l-australian-tarantella-festival\/#primaryimage"},"image":{"@id":"https:\/\/progettotouring.it\/radiotouring104\/2025\/10\/21\/calabria-sona-annuncia-l-australian-tarantella-festival\/#primaryimage"},"thumbnailUrl":"https:\/\/progettotouring.it\/radiotouring104\/wp-content\/uploads\/sites\/6\/2025\/10\/Calabria-Sona-Australia-Festival.gif","datePublished":"2025-10-21T08:59:55+00:00","dateModified":"2025-10-21T10:45:12+00:00","description":"La band lancia il festival itinerante oltreoceano per promuovere la Calabria che si svolger\u00e0 dal 26 ottobre al 17 novembre","breadcrumb":{"@id":"https:\/\/progettotouring.it\/radiotouring104\/2025\/10\/21\/calabria-sona-annuncia-l-australian-tarantella-festival\/#breadcrumb"},"inLanguage":"it-IT","potentialAction":[{"@type":"ReadAction","target":["https:\/\/progettotouring.it\/radiotouring104\/2025\/10\/21\/calabria-sona-annuncia-l-australian-tarantella-festival\/"]}]},{"@type":"ImageObject","inLanguage":"it-IT","@id":"https:\/\/progettotouring.it\/radiotouring104\/2025\/10\/21\/calabria-sona-annuncia-l-australian-tarantella-festival\/#primaryimage","url":"https:\/\/progettotouring.it\/radiotouring104\/wp-content\/uploads\/sites\/6\/2025\/10\/Calabria-Sona-Australia-Festival.gif","contentUrl":"https:\/\/progettotouring.it\/radiotouring104\/wp-content\/uploads\/sites\/6\/2025\/10\/Calabria-Sona-Australia-Festival.gif","width":357,"height":470},{"@type":"BreadcrumbList","@id":"https:\/\/progettotouring.it\/radiotouring104\/2025\/10\/21\/calabria-sona-annuncia-l-australian-tarantella-festival\/#breadcrumb","itemListElement":[{"@type":"ListItem","position":1,"name":"Home","item":"https:\/\/progettotouring.it\/radiotouring104\/"},{"@type":"ListItem","position":2,"name":"Calabria Sona annuncia l&#8217; &#8220;Australian Tarantella Festival\u201d"}]},{"@type":"WebSite","@id":"https:\/\/progettotouring.it\/radiotouring104\/#website","url":"https:\/\/progettotouring.it\/radiotouring104\/","name":"Radio Touring 104","description":"La prima radio Reggina","publisher":{"@id":"https:\/\/progettotouring.it\/radiotouring104\/#organization"},"potentialAction":[{"@type":"SearchAction","target":{"@type":"EntryPoint","urlTemplate":"https:\/\/progettotouring.it\/radiotouring104\/?s={search_term_string}"},"query-input":{"@type":"PropertyValueSpecification","valueRequired":true,"valueName":"search_term_string"}}],"inLanguage":"it-IT"},{"@type":"Organization","@id":"https:\/\/progettotouring.it\/radiotouring104\/#organization","name":"Radio Touring 104","url":"https:\/\/progettotouring.it\/radiotouring104\/","logo":{"@type":"ImageObject","inLanguage":"it-IT","@id":"https:\/\/progettotouring.it\/radiotouring104\/#\/schema\/logo\/image\/","url":"https:\/\/progettotouring.it\/radiotouring104\/wp-content\/uploads\/sites\/6\/2022\/02\/cropped-logo-radio-touring-104.png","contentUrl":"https:\/\/progettotouring.it\/radiotouring104\/wp-content\/uploads\/sites\/6\/2022\/02\/cropped-logo-radio-touring-104.png","width":377,"height":182,"caption":"Radio Touring 104"},"image":{"@id":"https:\/\/progettotouring.it\/radiotouring104\/#\/schema\/logo\/image\/"}},{"@type":"Person","@id":"https:\/\/progettotouring.it\/radiotouring104\/#\/schema\/person\/1b3eb3c07c47136bc44c785c543e635f","name":"redazione","image":{"@type":"ImageObject","inLanguage":"it-IT","@id":"https:\/\/secure.gravatar.com\/avatar\/0b31605b49f100769e8b624b3e05de1b73e1692e9568a352f60f53fd072e6e11?s=96&d=mm&r=g","url":"https:\/\/secure.gravatar.com\/avatar\/0b31605b49f100769e8b624b3e05de1b73e1692e9568a352f60f53fd072e6e11?s=96&d=mm&r=g","contentUrl":"https:\/\/secure.gravatar.com\/avatar\/0b31605b49f100769e8b624b3e05de1b73e1692e9568a352f60f53fd072e6e11?s=96&d=mm&r=g","caption":"redazione"},"url":"https:\/\/progettotouring.it\/radiotouring104\/author\/redazione\/"}]}},"jetpack_publicize_connections":[],"jetpack_featured_media_url":"https:\/\/progettotouring.it\/radiotouring104\/wp-content\/uploads\/sites\/6\/2025\/10\/Calabria-Sona-Australia-Festival.gif","jetpack_sharing_enabled":true,"_links":{"self":[{"href":"https:\/\/progettotouring.it\/radiotouring104\/wp-json\/wp\/v2\/posts\/84416","targetHints":{"allow":["GET"]}}],"collection":[{"href":"https:\/\/progettotouring.it\/radiotouring104\/wp-json\/wp\/v2\/posts"}],"about":[{"href":"https:\/\/progettotouring.it\/radiotouring104\/wp-json\/wp\/v2\/types\/post"}],"author":[{"embeddable":true,"href":"https:\/\/progettotouring.it\/radiotouring104\/wp-json\/wp\/v2\/users\/5"}],"replies":[{"embeddable":true,"href":"https:\/\/progettotouring.it\/radiotouring104\/wp-json\/wp\/v2\/comments?post=84416"}],"version-history":[{"count":1,"href":"https:\/\/progettotouring.it\/radiotouring104\/wp-json\/wp\/v2\/posts\/84416\/revisions"}],"predecessor-version":[{"id":84418,"href":"https:\/\/progettotouring.it\/radiotouring104\/wp-json\/wp\/v2\/posts\/84416\/revisions\/84418"}],"wp:featuredmedia":[{"embeddable":true,"href":"https:\/\/progettotouring.it\/radiotouring104\/wp-json\/wp\/v2\/media\/84417"}],"wp:attachment":[{"href":"https:\/\/progettotouring.it\/radiotouring104\/wp-json\/wp\/v2\/media?parent=84416"}],"wp:term":[{"taxonomy":"category","embeddable":true,"href":"https:\/\/progettotouring.it\/radiotouring104\/wp-json\/wp\/v2\/categories?post=84416"},{"taxonomy":"post_tag","embeddable":true,"href":"https:\/\/progettotouring.it\/radiotouring104\/wp-json\/wp\/v2\/tags?post=84416"}],"curies":[{"name":"wp","href":"https:\/\/api.w.org\/{rel}","templated":true}]}}