{"id":84419,"date":"2025-10-21T11:14:30","date_gmt":"2025-10-21T09:14:30","guid":{"rendered":"https:\/\/progettotouring.it\/radiotouring104\/?p=84419"},"modified":"2025-10-21T12:44:59","modified_gmt":"2025-10-21T10:44:59","slug":"consiglio-regionale-della-calabria-monsignor-nostro-nominato-presidente-dellosservatorio-media-e-minori","status":"publish","type":"post","link":"https:\/\/progettotouring.it\/radiotouring104\/2025\/10\/21\/consiglio-regionale-della-calabria-monsignor-nostro-nominato-presidente-dellosservatorio-media-e-minori\/","title":{"rendered":"Consiglio Regionale della Calabria: Monsignor Nostro nominato Presidente dell\u2019Osservatorio \u201cMedia e Minori\u201d"},"content":{"rendered":"<div class=\"xmprfx_elementToProof\">C\u2019\u00e8 stato un momento, nell\u2019Aula \u201cFrancesco Fortugno\u201d del Consiglio regionale della Calabria, in cui il tempo ha smesso di correre. Pi\u00f9 di centocinquanta ragazzi, seduti fra i banchi della democrazia, hanno ascoltato in silenzio, e quel silenzio ha parlato pi\u00f9 di qualunque applauso. L\u00ec, dove solitamente si votano leggi e si scrivono delibere, il 18 ottobre \u00e8 andato in scena qualcosa di diverso: un evento che non \u00e8 solo un\u2019iniziativa istituzionale, ma l\u2019inizio di un cammino collettivo, il primo passo di una rivoluzione culturale ed educativa che parla di anima, responsabilit\u00e0 e futuro.<\/div>\n<div><\/div>\n<div class=\"xmprfx_elementToProof\">Per la prima volta in Italia, un Vescovo \u2013 S.E. Monsignor Attilio Nostro, Vescovo della Diocesi di Mileto, Nicotera e Tropea\u00a0\u2013 \u00e8 stato chiamato a guidare come Presidente Onorario\u00a0l\u2019Osservatorio \u201cMedia e Minori\u201d\u00a0del Corecom Calabria.<\/div>\n<div class=\"xmprfx_elementToProof\">Un segno profondo, un gesto dirompente: la Chiesa che incontra i media, la spiritualit\u00e0 che abbraccia la tecnologia, la parola che si fa ascolto. Monsignor Nostro, da tempo vicino ai giovani attraverso una\u00a0<i>web tv diocesana<\/i>\u00a0dedicata al dialogo e all\u2019incontro, ha parlato ai ragazzi non da cattedra ma da cuore a cuore, rivelando loro con disarmante sincerit\u00e0:<\/div>\n<div class=\"xmprfx_elementToProof\">\u00ab<i>Anch\u2019io sono stato un bullo da bambino. Ho detto parole che hanno ferito. Ho taciuto quando qualcuno aveva bisogno. Oggi, capisco ogni singola sofferenza. Quando tornate a casa, abbracciate i vostri genitori. Vi hanno mai chiesto come state? Oggi lo chiedo io: come state? Vi hanno mai abbracciato? Abbracciateli voi<\/i>\u00bb.<\/div>\n<div><\/div>\n<div class=\"xmprfx_elementToProof\">Quelle parole, semplici e immense, hanno attraversato l\u2019aula come un\u2019onda. Si sono posate sui volti dei ragazzi, hanno spezzato le distanze e costruito il ponte che il Corecom Calabria aveva immaginato: un portale ideale, capace di unire le nuove generazioni ai loro genitori, di riportare dialogo dove spesso regna silenzio.<\/div>\n<div><\/div>\n<div class=\"xmprfx_elementToProof\">In quell\u2019abbraccio ideale, nell\u2019eco di quelle domande, si \u00e8 compiuto il sogno: un Osservatorio che non sia solo vigilanza, ma tenerezza, non solo monitoraggio, ma casa.<\/div>\n<div class=\"xmprfx_elementToProof\"><\/div>\n<div class=\"xmprfx_elementToProof\">A introdurre e a rendere possibile questo evento senza precedenti sono stati Fulvio Scarpino, Presidente del Corecom Calabria, Mario Mazza, Vicepresidente, e Pasquale Petrolo, Segretario: tre voci, una sola visione.<\/div>\n<div class=\"xmprfx_elementToProof\">Hanno creduto, sin dall\u2019inizio, che la tutela dei minori e la responsabilit\u00e0 dei media non potessero pi\u00f9 essere temi \u201cda convegno\u201d, ma radici di una nuova educazione civile.<\/div>\n<div><\/div>\n<div class=\"xmprfx_elementToProof\">Con il patrocinio dell\u2019AGCOM, con le risorse economiche rese disponibili direttamente da Roma, con il sostegno dell\u2019Universit\u00e0 Magna Graecia di Catanzaro e la collaborazione Del Presidente e di \u00a0tutto il Consiglio regionale della Calabria, maggioranza e opposizione unite in un solo respiro istituzionale, \u00e8 nata un\u2019iniziativa che rester\u00e0 negli annali dei Corecom italiani.<\/div>\n<div><\/div>\n<div class=\"xmprfx_elementToProof\">L\u2019evento ha visto inoltre la partecipazione e il sostegno convinto del Coordinamento Nazionale dei Corecom\u00a0Presidenti giunti per testimoniare la loro adesione a un progetto che fa del Corecom Calabria il capofila di una nuova stagione di impegno.<\/div>\n<div><\/div>\n<div class=\"xmprfx_elementToProof\">In particolare, gli interventi della Presidente del Corecom Valle d\u2019Aosta, Elena Boschini, del Presidente del Corecom Lombardia, Cesare Gariboldi, e del Presidente del Corecom Molise, Vincenzo Cimino, hanno illuminato l\u2019aula con un messaggio condiviso: i Corecom italiani non sono pi\u00f9 solo autorit\u00e0 di vigilanza, ma garanti morali e sociali di un web che deve tornare umano, consapevole, accogliente. Le loro parole, intense e vere, hanno mostrato un\u2019istituzione che cambia volto e che sceglie di camminare accanto alle famiglie e ai ragazzi.<\/div>\n<div class=\"xmprfx_elementToProof\"><\/div>\n<div class=\"xmprfx_elementToProof\">E poi, il cuore dell\u2019evento: Poi, all\u2019improvviso, la luce si \u00e8 abbassata.<\/div>\n<div><\/div>\n<div class=\"xmprfx_elementToProof\">Sullo schermo, il volto di una ragazza \u2014 dolce, vivace, con gli occhi pieni di futuro \u2014 ha riempito l\u2019aula. Era Carolina Picchio, la prima vittima riconosciuta di cyberbullismo in Italia.<\/div>\n<div class=\"xmprfx_elementToProof\">Aveva solo quattordici anni quando la rete, quella stessa rete che per tanti \u00e8 gioco, scoperta, curiosit\u00e0, si trasform\u00f2 per lei in un tribunale senza piet\u00e0.<\/div>\n<div><\/div>\n<div class=\"xmprfx_elementToProof\">Carolina era una ragazza come tante: intelligente, sorridente, generosa. Amava la danza, la scuola, i suoi amici. Ma proprio quegli amici, o quelli che lei credeva tali, diventarono il suo inferno. Una festa, una notte, un video rubato e condiviso. Poi le parole, i commenti, le risate. La vergogna che si moltiplica e cresce, invisibile, nella crudelt\u00e0 di chi non capisce il peso di un clic.<\/div>\n<div class=\"xmprfx_elementToProof\">Carolina ha provato a resistere: ha chiesto aiuto, ha cercato di spiegare, ha creduto che il tempo avrebbe guarito. Ma la rete non conosce silenzio, non conosce oblio. La violenza continuava, incessante, feroce. E cos\u00ec, in una notte di gennaio del 2013, lasci\u00f2 poche righe: \u201cLe parole fanno pi\u00f9 male delle botte.\u201d<\/div>\n<div class=\"xmprfx_elementToProof\">Poi si gett\u00f2 nel vuoto, perch\u00e9 quel vuoto le sembrava meno crudele dell\u2019indifferenza degli altri.<\/div>\n<div class=\"xmprfx_elementToProof\">In sala, mentre il video della Fondazione Carolina scorreva, non si sentiva un respiro. Le immagini mostravano la sua allegria, il suo sorriso che cercava ancora la vita. Poi, lentamente, la voce del padre riemp\u00ec il silenzio.<\/div>\n<div><\/div>\n<div class=\"xmprfx_elementToProof\">Paolo Picchio\u00a0non parlava da ospite, ma da uomo trafitto e rinato.<\/div>\n<div><\/div>\n<div class=\"xmprfx_elementToProof\">Con un tono sommesso, spezzato dalla commozione, ha raccontato il dolore di un padre che ha dovuto riconoscere la propria figlia solo attraverso il rumore dei social. Ha parlato dei giorni del silenzio, della stanza vuota, delle risposte mancate.<\/div>\n<div class=\"xmprfx_elementToProof\">E quando ha detto: \u00abIo ho perso mia figlia, ma non voglio che altri padri perdano le loro\u00bb, l\u2019aula si \u00e8 sciolta in lacrime.<\/div>\n<div class=\"xmprfx_elementToProof\">Le sue parole non erano rabbia, ma una preghiera civile, un grido che chiedeva amore, educazione, presenza. Ha raccontato di come, in questi anni, abbia trasformato il dolore in impegno, fondando una rete di speranza attraverso la Fondazione Carolina, per portare nelle scuole, nelle famiglie, tra i giovani, la cultura della responsabilit\u00e0 digitale.<\/div>\n<div><\/div>\n<div class=\"xmprfx_elementToProof\">Non una vita dedicata al ricordo, ma una vita dedicata alla salvezza:\u00a0<i>fare in modo che non ci siano pi\u00f9 altre Caroline.<\/i><\/div>\n<div><\/div>\n<div class=\"xmprfx_elementToProof\">I ragazzi ascoltavano con le mani intrecciate, molti piangevano. Gli adulti, incapaci di trattenere l\u2019emozione, abbassavano lo sguardo: si sentivano chiamati in causa. Era impossibile non vedere, in quel racconto, il dolore di una generazione intera.<\/div>\n<div class=\"xmprfx_elementToProof\">Ogni parola di Paolo Picchio\u00a0arrivava come un colpo al petto, ma anche come un balsamo: la verit\u00e0 che ferisce per guarire.<\/div>\n<div class=\"xmprfx_elementToProof\">Nel suo sguardo c\u2019era la stanchezza di un padre, ma anche la forza di un uomo che ha trasformato la tragedia in missione.<\/div>\n<div><\/div>\n<div class=\"xmprfx_elementToProof\">\u201cCarolina \u2014 ha detto \u2014 non \u00e8 morta. Ogni volta che un ragazzo trova il coraggio di chiedere aiuto, lei vive ancora. Ogni volta che un adulto sceglie di ascoltare, lei \u00e8 accanto a noi.\u201d<\/div>\n<div class=\"xmprfx_elementToProof\">E allora, in quell\u2019aula dove la politica aveva lasciato spazio all\u2019umanit\u00e0, si \u00e8 levato un applauso che non era rito ma liberazione.<\/div>\n<div class=\"xmprfx_elementToProof\">Le lacrime scorrevano, indistinte, sui volti dei ragazzi e degli adulti. C\u2019era chi chiudeva gli occhi, chi si asciugava il viso con la mano, chi cercava un abbraccio.<\/div>\n<div><\/div>\n<div class=\"xmprfx_elementToProof\">L\u2019emiciclo del Consiglio regionale, per una volta, non era solo luogo di decisioni: era diventato una grande casa dove il dolore trovava voce e la speranza prendeva corpo.<\/div>\n<div><\/div>\n<div class=\"xmprfx_elementToProof\">\u00c8 stato in quel momento che si \u00e8 compreso il vero senso dell\u2019evento: trasformare la tragedia in consapevolezza, la memoria in rinascita, la rete in relazione.<\/div>\n<div><\/div>\n<div class=\"xmprfx_elementToProof\">Paolo Picchio ha insegnato, con la sua presenza, che il coraggio non \u00e8 dimenticare, ma scegliere di ricordare per proteggere gli altri.<\/div>\n<div><\/div>\n<div class=\"xmprfx_elementToProof\">E cos\u00ec, nel silenzio delle emozioni, tra gli sguardi lucidi dei ragazzi e le mani intrecciate dei Corecom Italiani di Presidenti che sono anch\u2019essi\u00a0 mamme e pap\u00e0, \u00e8 nata la promessa pi\u00f9 alta: mai pi\u00f9 silenzio, mai pi\u00f9 indifferenza.<\/div>\n<div class=\"xmprfx_elementToProof\">Da quella commozione collettiva \u00e8 nata la consapevolezza che questa \u00e8 la battaglia di tutti: genitori, insegnanti, istituzioni, media, comunit\u00e0. \u00c8 la battaglia per la dignit\u00e0, per la verit\u00e0, per la vita.<\/div>\n<div><\/div>\n<div class=\"xmprfx_elementToProof\">A portare la voce della comunicazione pubblica \u00e8 stato Massimo Fedele, Direttore di Rai3, che ha parlato di armonia e responsabilit\u00e0: \u201cQuando la televisione incontra la scuola e la Chiesa, nasce qualcosa che educa, che non dimentica\u201d.<\/div>\n<div class=\"xmprfx_elementToProof\">Parole che hanno trovato eco nei volti attenti dei ragazzi e nella determinazione di chi lavora ogni giorno dietro le quinte.<\/div>\n<div class=\"xmprfx_elementToProof\">Il Corem Calabria ha costruito, passo dopo passo, un mosaico perfetto, fatto di rigore, passione e cura. Ha reso possibile ci\u00f2 che molti ritenevano un sogno: un evento senza precedenti in Italia.<\/div>\n<div><\/div>\n<div class=\"xmprfx_elementToProof\">A suggellare la giornata, nella Sala delle Commissioni regionali, si \u00e8 tenuto \u2014 per la prima volta in Calabria \u2014 il Coordinamento Nazionale dei Presidenti dei Corecom italiani diretto dalla Coordinatrice nazionale, Carola Barbato, e dei Presidenti delle regioni Veneto, Emilia-Romagna, Toscana, Lazio, Basilicata e Liguria,, che ha ribadito in modo unanime il pieno sostegno al progetto calabrese.<\/div>\n<div><\/div>\n<div class=\"xmprfx_elementToProof\">Un gesto concreto che ha trasformato un evento regionale in un simbolo nazionale.<\/div>\n<div><\/div>\n<div class=\"xmprfx_elementToProof\">Il messaggio che da Reggio Calabria si \u00e8 levato verso l\u2019Italia intera \u00e8 chiaro e forte: il Corecom Calabria \u00e8 pioniere di un nuovo modo di intendere la comunicazione pubblica, dove la tutela dei minori, la consapevolezza digitale e l\u2019educazione affettiva diventano missione civile.<\/div>\n<div><\/div>\n<div class=\"xmprfx_elementToProof\">Con la benedizione dell\u2019AGCOM, questo progetto non si ferma: \u00e8 destinato a crescere, a viaggiare, a diventare modello.<\/div>\n<div class=\"xmprfx_elementToProof\">La riuscita dell\u2019evento- primo in Italia- \u00a0\u00e8 merito anche della squadra del Corecom Calabria, guidata dal Direttore Maurizio Priolo, e composta dai funzionari Daniela Biancolini, Francesca Marciano\u00a0e Isidoro Briuzzese, che hanno curato, fra gli altri, con dedizione ogni dettaglio logistico, tecnico e organizzativo di una giornata che nessuno potr\u00e0 mai dimenticare.<\/div>\n","protected":false},"excerpt":{"rendered":"<p>C\u2019\u00e8 stato un momento, nell\u2019Aula \u201cFrancesco Fortugno\u201d del Consiglio regionale della Calabria, in cui il tempo ha smesso di correre. Pi\u00f9 di centocinquanta ragazzi, seduti fra i banchi della democrazia,&hellip;<\/p>\n","protected":false},"author":5,"featured_media":84420,"comment_status":"closed","ping_status":"open","sticky":false,"template":"","format":"standard","meta":{"_jetpack_memberships_contains_paid_content":false,"footnotes":"","jetpack_publicize_message":"","jetpack_publicize_feature_enabled":true,"jetpack_social_post_already_shared":true,"jetpack_social_options":{"image_generator_settings":{"template":"highway","default_image_id":0,"font":"","enabled":false},"version":2}},"categories":[142,921,196,140],"tags":[48517,5764,48514,48515,48516],"class_list":["post-84419","post","type-post","status-publish","format-standard","has-post-thumbnail","hentry","category-calabria","category-home","category-news","category-reggio-calabria","tag-150-studenti","tag-consiglio-regionale-della-calabria","tag-monsignor-attilio-nostro","tag-presidente-dellosservatorio-media-e-minori","tag-vescovo-di-mileto"],"yoast_head":"<!-- This site is optimized with the Yoast SEO plugin v27.2 - https:\/\/yoast.com\/product\/yoast-seo-wordpress\/ -->\n<title>Monsignor Nostro Presidente dell\u2019Osservatorio \u201cMedia e Minori\u201d<\/title>\n<meta name=\"description\" content=\"Il vescovo di Mileto nominato Presidente onorario dell\u2019Osservatorio del Corecom Calabria. Cerimonia svolta davanti a 150 studenti\" \/>\n<meta name=\"robots\" content=\"index, follow, max-snippet:-1, max-image-preview:large, max-video-preview:-1\" \/>\n<link rel=\"canonical\" href=\"https:\/\/progettotouring.it\/radiotouring104\/2025\/10\/21\/consiglio-regionale-della-calabria-monsignor-nostro-nominato-presidente-dellosservatorio-media-e-minori\/\" \/>\n<meta property=\"og:locale\" content=\"it_IT\" \/>\n<meta property=\"og:type\" content=\"article\" \/>\n<meta property=\"og:title\" content=\"Monsignor Nostro Presidente dell\u2019Osservatorio \u201cMedia e Minori\u201d\" \/>\n<meta property=\"og:description\" content=\"Il vescovo di Mileto nominato Presidente onorario dell\u2019Osservatorio del Corecom Calabria. Cerimonia svolta davanti a 150 studenti\" \/>\n<meta property=\"og:url\" content=\"https:\/\/progettotouring.it\/radiotouring104\/2025\/10\/21\/consiglio-regionale-della-calabria-monsignor-nostro-nominato-presidente-dellosservatorio-media-e-minori\/\" \/>\n<meta property=\"og:site_name\" content=\"Radio Touring 104\" \/>\n<meta property=\"article:published_time\" content=\"2025-10-21T09:14:30+00:00\" \/>\n<meta property=\"article:modified_time\" content=\"2025-10-21T10:44:59+00:00\" \/>\n<meta property=\"og:image\" content=\"https:\/\/progettotouring.it\/radiotouring104\/wp-content\/uploads\/sites\/6\/2025\/10\/Attilio-Nostro-Osservatorio-Minori-Corecom-Calabria.jpeg\" \/>\n\t<meta property=\"og:image:width\" content=\"1600\" \/>\n\t<meta property=\"og:image:height\" content=\"902\" \/>\n\t<meta property=\"og:image:type\" content=\"image\/jpeg\" \/>\n<meta name=\"author\" content=\"redazione\" \/>\n<meta name=\"twitter:card\" content=\"summary_large_image\" \/>\n<meta name=\"twitter:label1\" content=\"Scritto da\" \/>\n\t<meta name=\"twitter:data1\" content=\"redazione\" \/>\n\t<meta name=\"twitter:label2\" content=\"Tempo di lettura stimato\" \/>\n\t<meta name=\"twitter:data2\" content=\"8 minuti\" \/>\n<script type=\"application\/ld+json\" class=\"yoast-schema-graph\">{\"@context\":\"https:\/\/schema.org\",\"@graph\":[{\"@type\":\"Article\",\"@id\":\"https:\/\/progettotouring.it\/radiotouring104\/2025\/10\/21\/consiglio-regionale-della-calabria-monsignor-nostro-nominato-presidente-dellosservatorio-media-e-minori\/#article\",\"isPartOf\":{\"@id\":\"https:\/\/progettotouring.it\/radiotouring104\/2025\/10\/21\/consiglio-regionale-della-calabria-monsignor-nostro-nominato-presidente-dellosservatorio-media-e-minori\/\"},\"author\":{\"name\":\"redazione\",\"@id\":\"https:\/\/progettotouring.it\/radiotouring104\/#\/schema\/person\/1b3eb3c07c47136bc44c785c543e635f\"},\"headline\":\"Consiglio Regionale della Calabria: Monsignor Nostro nominato Presidente dell\u2019Osservatorio \u201cMedia e Minori\u201d\",\"datePublished\":\"2025-10-21T09:14:30+00:00\",\"dateModified\":\"2025-10-21T10:44:59+00:00\",\"mainEntityOfPage\":{\"@id\":\"https:\/\/progettotouring.it\/radiotouring104\/2025\/10\/21\/consiglio-regionale-della-calabria-monsignor-nostro-nominato-presidente-dellosservatorio-media-e-minori\/\"},\"wordCount\":1535,\"publisher\":{\"@id\":\"https:\/\/progettotouring.it\/radiotouring104\/#organization\"},\"image\":{\"@id\":\"https:\/\/progettotouring.it\/radiotouring104\/2025\/10\/21\/consiglio-regionale-della-calabria-monsignor-nostro-nominato-presidente-dellosservatorio-media-e-minori\/#primaryimage\"},\"thumbnailUrl\":\"https:\/\/progettotouring.it\/radiotouring104\/wp-content\/uploads\/sites\/6\/2025\/10\/Attilio-Nostro-Osservatorio-Minori-Corecom-Calabria.jpeg\",\"keywords\":[\"150 studenti\",\"Consiglio regionale della Calabria\",\"Monsignor Attilio Nostro\",\"Presidente dell\u2019Osservatorio \u201cMedia e Minori\u201d\",\"vescovo di Mileto\"],\"articleSection\":[\"Calabria\",\"Home\",\"News\",\"Reggio Calabria\"],\"inLanguage\":\"it-IT\"},{\"@type\":\"WebPage\",\"@id\":\"https:\/\/progettotouring.it\/radiotouring104\/2025\/10\/21\/consiglio-regionale-della-calabria-monsignor-nostro-nominato-presidente-dellosservatorio-media-e-minori\/\",\"url\":\"https:\/\/progettotouring.it\/radiotouring104\/2025\/10\/21\/consiglio-regionale-della-calabria-monsignor-nostro-nominato-presidente-dellosservatorio-media-e-minori\/\",\"name\":\"Monsignor Nostro Presidente dell\u2019Osservatorio \u201cMedia e Minori\u201d\",\"isPartOf\":{\"@id\":\"https:\/\/progettotouring.it\/radiotouring104\/#website\"},\"primaryImageOfPage\":{\"@id\":\"https:\/\/progettotouring.it\/radiotouring104\/2025\/10\/21\/consiglio-regionale-della-calabria-monsignor-nostro-nominato-presidente-dellosservatorio-media-e-minori\/#primaryimage\"},\"image\":{\"@id\":\"https:\/\/progettotouring.it\/radiotouring104\/2025\/10\/21\/consiglio-regionale-della-calabria-monsignor-nostro-nominato-presidente-dellosservatorio-media-e-minori\/#primaryimage\"},\"thumbnailUrl\":\"https:\/\/progettotouring.it\/radiotouring104\/wp-content\/uploads\/sites\/6\/2025\/10\/Attilio-Nostro-Osservatorio-Minori-Corecom-Calabria.jpeg\",\"datePublished\":\"2025-10-21T09:14:30+00:00\",\"dateModified\":\"2025-10-21T10:44:59+00:00\",\"description\":\"Il vescovo di Mileto nominato Presidente onorario dell\u2019Osservatorio del Corecom Calabria. Cerimonia svolta davanti a 150 studenti\",\"breadcrumb\":{\"@id\":\"https:\/\/progettotouring.it\/radiotouring104\/2025\/10\/21\/consiglio-regionale-della-calabria-monsignor-nostro-nominato-presidente-dellosservatorio-media-e-minori\/#breadcrumb\"},\"inLanguage\":\"it-IT\",\"potentialAction\":[{\"@type\":\"ReadAction\",\"target\":[\"https:\/\/progettotouring.it\/radiotouring104\/2025\/10\/21\/consiglio-regionale-della-calabria-monsignor-nostro-nominato-presidente-dellosservatorio-media-e-minori\/\"]}]},{\"@type\":\"ImageObject\",\"inLanguage\":\"it-IT\",\"@id\":\"https:\/\/progettotouring.it\/radiotouring104\/2025\/10\/21\/consiglio-regionale-della-calabria-monsignor-nostro-nominato-presidente-dellosservatorio-media-e-minori\/#primaryimage\",\"url\":\"https:\/\/progettotouring.it\/radiotouring104\/wp-content\/uploads\/sites\/6\/2025\/10\/Attilio-Nostro-Osservatorio-Minori-Corecom-Calabria.jpeg\",\"contentUrl\":\"https:\/\/progettotouring.it\/radiotouring104\/wp-content\/uploads\/sites\/6\/2025\/10\/Attilio-Nostro-Osservatorio-Minori-Corecom-Calabria.jpeg\",\"width\":1600,\"height\":902},{\"@type\":\"BreadcrumbList\",\"@id\":\"https:\/\/progettotouring.it\/radiotouring104\/2025\/10\/21\/consiglio-regionale-della-calabria-monsignor-nostro-nominato-presidente-dellosservatorio-media-e-minori\/#breadcrumb\",\"itemListElement\":[{\"@type\":\"ListItem\",\"position\":1,\"name\":\"Home\",\"item\":\"https:\/\/progettotouring.it\/radiotouring104\/\"},{\"@type\":\"ListItem\",\"position\":2,\"name\":\"Consiglio Regionale della Calabria: Monsignor Nostro nominato Presidente dell\u2019Osservatorio \u201cMedia e Minori\u201d\"}]},{\"@type\":\"WebSite\",\"@id\":\"https:\/\/progettotouring.it\/radiotouring104\/#website\",\"url\":\"https:\/\/progettotouring.it\/radiotouring104\/\",\"name\":\"Radio Touring 104\",\"description\":\"La prima radio Reggina\",\"publisher\":{\"@id\":\"https:\/\/progettotouring.it\/radiotouring104\/#organization\"},\"potentialAction\":[{\"@type\":\"SearchAction\",\"target\":{\"@type\":\"EntryPoint\",\"urlTemplate\":\"https:\/\/progettotouring.it\/radiotouring104\/?s={search_term_string}\"},\"query-input\":{\"@type\":\"PropertyValueSpecification\",\"valueRequired\":true,\"valueName\":\"search_term_string\"}}],\"inLanguage\":\"it-IT\"},{\"@type\":\"Organization\",\"@id\":\"https:\/\/progettotouring.it\/radiotouring104\/#organization\",\"name\":\"Radio Touring 104\",\"url\":\"https:\/\/progettotouring.it\/radiotouring104\/\",\"logo\":{\"@type\":\"ImageObject\",\"inLanguage\":\"it-IT\",\"@id\":\"https:\/\/progettotouring.it\/radiotouring104\/#\/schema\/logo\/image\/\",\"url\":\"https:\/\/progettotouring.it\/radiotouring104\/wp-content\/uploads\/sites\/6\/2022\/02\/cropped-logo-radio-touring-104.png\",\"contentUrl\":\"https:\/\/progettotouring.it\/radiotouring104\/wp-content\/uploads\/sites\/6\/2022\/02\/cropped-logo-radio-touring-104.png\",\"width\":377,\"height\":182,\"caption\":\"Radio Touring 104\"},\"image\":{\"@id\":\"https:\/\/progettotouring.it\/radiotouring104\/#\/schema\/logo\/image\/\"}},{\"@type\":\"Person\",\"@id\":\"https:\/\/progettotouring.it\/radiotouring104\/#\/schema\/person\/1b3eb3c07c47136bc44c785c543e635f\",\"name\":\"redazione\",\"image\":{\"@type\":\"ImageObject\",\"inLanguage\":\"it-IT\",\"@id\":\"https:\/\/secure.gravatar.com\/avatar\/0b31605b49f100769e8b624b3e05de1b73e1692e9568a352f60f53fd072e6e11?s=96&d=mm&r=g\",\"url\":\"https:\/\/secure.gravatar.com\/avatar\/0b31605b49f100769e8b624b3e05de1b73e1692e9568a352f60f53fd072e6e11?s=96&d=mm&r=g\",\"contentUrl\":\"https:\/\/secure.gravatar.com\/avatar\/0b31605b49f100769e8b624b3e05de1b73e1692e9568a352f60f53fd072e6e11?s=96&d=mm&r=g\",\"caption\":\"redazione\"},\"url\":\"https:\/\/progettotouring.it\/radiotouring104\/author\/redazione\/\"}]}<\/script>\n<!-- \/ Yoast SEO plugin. -->","yoast_head_json":{"title":"Monsignor Nostro Presidente dell\u2019Osservatorio \u201cMedia e Minori\u201d","description":"Il vescovo di Mileto nominato Presidente onorario dell\u2019Osservatorio del Corecom Calabria. Cerimonia svolta davanti a 150 studenti","robots":{"index":"index","follow":"follow","max-snippet":"max-snippet:-1","max-image-preview":"max-image-preview:large","max-video-preview":"max-video-preview:-1"},"canonical":"https:\/\/progettotouring.it\/radiotouring104\/2025\/10\/21\/consiglio-regionale-della-calabria-monsignor-nostro-nominato-presidente-dellosservatorio-media-e-minori\/","og_locale":"it_IT","og_type":"article","og_title":"Monsignor Nostro Presidente dell\u2019Osservatorio \u201cMedia e Minori\u201d","og_description":"Il vescovo di Mileto nominato Presidente onorario dell\u2019Osservatorio del Corecom Calabria. Cerimonia svolta davanti a 150 studenti","og_url":"https:\/\/progettotouring.it\/radiotouring104\/2025\/10\/21\/consiglio-regionale-della-calabria-monsignor-nostro-nominato-presidente-dellosservatorio-media-e-minori\/","og_site_name":"Radio Touring 104","article_published_time":"2025-10-21T09:14:30+00:00","article_modified_time":"2025-10-21T10:44:59+00:00","og_image":[{"width":1600,"height":902,"url":"https:\/\/progettotouring.it\/radiotouring104\/wp-content\/uploads\/sites\/6\/2025\/10\/Attilio-Nostro-Osservatorio-Minori-Corecom-Calabria.jpeg","type":"image\/jpeg"}],"author":"redazione","twitter_card":"summary_large_image","twitter_misc":{"Scritto da":"redazione","Tempo di lettura stimato":"8 minuti"},"schema":{"@context":"https:\/\/schema.org","@graph":[{"@type":"Article","@id":"https:\/\/progettotouring.it\/radiotouring104\/2025\/10\/21\/consiglio-regionale-della-calabria-monsignor-nostro-nominato-presidente-dellosservatorio-media-e-minori\/#article","isPartOf":{"@id":"https:\/\/progettotouring.it\/radiotouring104\/2025\/10\/21\/consiglio-regionale-della-calabria-monsignor-nostro-nominato-presidente-dellosservatorio-media-e-minori\/"},"author":{"name":"redazione","@id":"https:\/\/progettotouring.it\/radiotouring104\/#\/schema\/person\/1b3eb3c07c47136bc44c785c543e635f"},"headline":"Consiglio Regionale della Calabria: Monsignor Nostro nominato Presidente dell\u2019Osservatorio \u201cMedia e Minori\u201d","datePublished":"2025-10-21T09:14:30+00:00","dateModified":"2025-10-21T10:44:59+00:00","mainEntityOfPage":{"@id":"https:\/\/progettotouring.it\/radiotouring104\/2025\/10\/21\/consiglio-regionale-della-calabria-monsignor-nostro-nominato-presidente-dellosservatorio-media-e-minori\/"},"wordCount":1535,"publisher":{"@id":"https:\/\/progettotouring.it\/radiotouring104\/#organization"},"image":{"@id":"https:\/\/progettotouring.it\/radiotouring104\/2025\/10\/21\/consiglio-regionale-della-calabria-monsignor-nostro-nominato-presidente-dellosservatorio-media-e-minori\/#primaryimage"},"thumbnailUrl":"https:\/\/progettotouring.it\/radiotouring104\/wp-content\/uploads\/sites\/6\/2025\/10\/Attilio-Nostro-Osservatorio-Minori-Corecom-Calabria.jpeg","keywords":["150 studenti","Consiglio regionale della Calabria","Monsignor Attilio Nostro","Presidente dell\u2019Osservatorio \u201cMedia e Minori\u201d","vescovo di Mileto"],"articleSection":["Calabria","Home","News","Reggio Calabria"],"inLanguage":"it-IT"},{"@type":"WebPage","@id":"https:\/\/progettotouring.it\/radiotouring104\/2025\/10\/21\/consiglio-regionale-della-calabria-monsignor-nostro-nominato-presidente-dellosservatorio-media-e-minori\/","url":"https:\/\/progettotouring.it\/radiotouring104\/2025\/10\/21\/consiglio-regionale-della-calabria-monsignor-nostro-nominato-presidente-dellosservatorio-media-e-minori\/","name":"Monsignor Nostro Presidente dell\u2019Osservatorio \u201cMedia e Minori\u201d","isPartOf":{"@id":"https:\/\/progettotouring.it\/radiotouring104\/#website"},"primaryImageOfPage":{"@id":"https:\/\/progettotouring.it\/radiotouring104\/2025\/10\/21\/consiglio-regionale-della-calabria-monsignor-nostro-nominato-presidente-dellosservatorio-media-e-minori\/#primaryimage"},"image":{"@id":"https:\/\/progettotouring.it\/radiotouring104\/2025\/10\/21\/consiglio-regionale-della-calabria-monsignor-nostro-nominato-presidente-dellosservatorio-media-e-minori\/#primaryimage"},"thumbnailUrl":"https:\/\/progettotouring.it\/radiotouring104\/wp-content\/uploads\/sites\/6\/2025\/10\/Attilio-Nostro-Osservatorio-Minori-Corecom-Calabria.jpeg","datePublished":"2025-10-21T09:14:30+00:00","dateModified":"2025-10-21T10:44:59+00:00","description":"Il vescovo di Mileto nominato Presidente onorario dell\u2019Osservatorio del Corecom Calabria. Cerimonia svolta davanti a 150 studenti","breadcrumb":{"@id":"https:\/\/progettotouring.it\/radiotouring104\/2025\/10\/21\/consiglio-regionale-della-calabria-monsignor-nostro-nominato-presidente-dellosservatorio-media-e-minori\/#breadcrumb"},"inLanguage":"it-IT","potentialAction":[{"@type":"ReadAction","target":["https:\/\/progettotouring.it\/radiotouring104\/2025\/10\/21\/consiglio-regionale-della-calabria-monsignor-nostro-nominato-presidente-dellosservatorio-media-e-minori\/"]}]},{"@type":"ImageObject","inLanguage":"it-IT","@id":"https:\/\/progettotouring.it\/radiotouring104\/2025\/10\/21\/consiglio-regionale-della-calabria-monsignor-nostro-nominato-presidente-dellosservatorio-media-e-minori\/#primaryimage","url":"https:\/\/progettotouring.it\/radiotouring104\/wp-content\/uploads\/sites\/6\/2025\/10\/Attilio-Nostro-Osservatorio-Minori-Corecom-Calabria.jpeg","contentUrl":"https:\/\/progettotouring.it\/radiotouring104\/wp-content\/uploads\/sites\/6\/2025\/10\/Attilio-Nostro-Osservatorio-Minori-Corecom-Calabria.jpeg","width":1600,"height":902},{"@type":"BreadcrumbList","@id":"https:\/\/progettotouring.it\/radiotouring104\/2025\/10\/21\/consiglio-regionale-della-calabria-monsignor-nostro-nominato-presidente-dellosservatorio-media-e-minori\/#breadcrumb","itemListElement":[{"@type":"ListItem","position":1,"name":"Home","item":"https:\/\/progettotouring.it\/radiotouring104\/"},{"@type":"ListItem","position":2,"name":"Consiglio Regionale della Calabria: Monsignor Nostro nominato Presidente dell\u2019Osservatorio \u201cMedia e Minori\u201d"}]},{"@type":"WebSite","@id":"https:\/\/progettotouring.it\/radiotouring104\/#website","url":"https:\/\/progettotouring.it\/radiotouring104\/","name":"Radio Touring 104","description":"La prima radio Reggina","publisher":{"@id":"https:\/\/progettotouring.it\/radiotouring104\/#organization"},"potentialAction":[{"@type":"SearchAction","target":{"@type":"EntryPoint","urlTemplate":"https:\/\/progettotouring.it\/radiotouring104\/?s={search_term_string}"},"query-input":{"@type":"PropertyValueSpecification","valueRequired":true,"valueName":"search_term_string"}}],"inLanguage":"it-IT"},{"@type":"Organization","@id":"https:\/\/progettotouring.it\/radiotouring104\/#organization","name":"Radio Touring 104","url":"https:\/\/progettotouring.it\/radiotouring104\/","logo":{"@type":"ImageObject","inLanguage":"it-IT","@id":"https:\/\/progettotouring.it\/radiotouring104\/#\/schema\/logo\/image\/","url":"https:\/\/progettotouring.it\/radiotouring104\/wp-content\/uploads\/sites\/6\/2022\/02\/cropped-logo-radio-touring-104.png","contentUrl":"https:\/\/progettotouring.it\/radiotouring104\/wp-content\/uploads\/sites\/6\/2022\/02\/cropped-logo-radio-touring-104.png","width":377,"height":182,"caption":"Radio Touring 104"},"image":{"@id":"https:\/\/progettotouring.it\/radiotouring104\/#\/schema\/logo\/image\/"}},{"@type":"Person","@id":"https:\/\/progettotouring.it\/radiotouring104\/#\/schema\/person\/1b3eb3c07c47136bc44c785c543e635f","name":"redazione","image":{"@type":"ImageObject","inLanguage":"it-IT","@id":"https:\/\/secure.gravatar.com\/avatar\/0b31605b49f100769e8b624b3e05de1b73e1692e9568a352f60f53fd072e6e11?s=96&d=mm&r=g","url":"https:\/\/secure.gravatar.com\/avatar\/0b31605b49f100769e8b624b3e05de1b73e1692e9568a352f60f53fd072e6e11?s=96&d=mm&r=g","contentUrl":"https:\/\/secure.gravatar.com\/avatar\/0b31605b49f100769e8b624b3e05de1b73e1692e9568a352f60f53fd072e6e11?s=96&d=mm&r=g","caption":"redazione"},"url":"https:\/\/progettotouring.it\/radiotouring104\/author\/redazione\/"}]}},"jetpack_publicize_connections":[],"jetpack_featured_media_url":"https:\/\/progettotouring.it\/radiotouring104\/wp-content\/uploads\/sites\/6\/2025\/10\/Attilio-Nostro-Osservatorio-Minori-Corecom-Calabria.jpeg","jetpack_sharing_enabled":true,"_links":{"self":[{"href":"https:\/\/progettotouring.it\/radiotouring104\/wp-json\/wp\/v2\/posts\/84419","targetHints":{"allow":["GET"]}}],"collection":[{"href":"https:\/\/progettotouring.it\/radiotouring104\/wp-json\/wp\/v2\/posts"}],"about":[{"href":"https:\/\/progettotouring.it\/radiotouring104\/wp-json\/wp\/v2\/types\/post"}],"author":[{"embeddable":true,"href":"https:\/\/progettotouring.it\/radiotouring104\/wp-json\/wp\/v2\/users\/5"}],"replies":[{"embeddable":true,"href":"https:\/\/progettotouring.it\/radiotouring104\/wp-json\/wp\/v2\/comments?post=84419"}],"version-history":[{"count":1,"href":"https:\/\/progettotouring.it\/radiotouring104\/wp-json\/wp\/v2\/posts\/84419\/revisions"}],"predecessor-version":[{"id":84421,"href":"https:\/\/progettotouring.it\/radiotouring104\/wp-json\/wp\/v2\/posts\/84419\/revisions\/84421"}],"wp:featuredmedia":[{"embeddable":true,"href":"https:\/\/progettotouring.it\/radiotouring104\/wp-json\/wp\/v2\/media\/84420"}],"wp:attachment":[{"href":"https:\/\/progettotouring.it\/radiotouring104\/wp-json\/wp\/v2\/media?parent=84419"}],"wp:term":[{"taxonomy":"category","embeddable":true,"href":"https:\/\/progettotouring.it\/radiotouring104\/wp-json\/wp\/v2\/categories?post=84419"},{"taxonomy":"post_tag","embeddable":true,"href":"https:\/\/progettotouring.it\/radiotouring104\/wp-json\/wp\/v2\/tags?post=84419"}],"curies":[{"name":"wp","href":"https:\/\/api.w.org\/{rel}","templated":true}]}}