{"id":84422,"date":"2025-10-21T11:25:33","date_gmt":"2025-10-21T09:25:33","guid":{"rendered":"https:\/\/progettotouring.it\/radiotouring104\/?p=84422"},"modified":"2025-10-21T12:44:52","modified_gmt":"2025-10-21T10:44:52","slug":"a-cannavo-il-2-incontro-del-ciclo-conoscere-se-stessi-per-incontrare-gli-altri","status":"publish","type":"post","link":"https:\/\/progettotouring.it\/radiotouring104\/2025\/10\/21\/a-cannavo-il-2-incontro-del-ciclo-conoscere-se-stessi-per-incontrare-gli-altri\/","title":{"rendered":"A Cannav\u00f2 il 2\u00b0 incontro del ciclo \u201cConoscere se stessi per incontrare gli altri\u201d"},"content":{"rendered":"<p>Dopo il grande coinvolgimento registrato nel primo appuntamento, continua il percorso formativo ed esperienziale \u201c<strong>Conoscere se stessi per incontrare gli altri<\/strong>\u201d, un\u2019iniziativa che unisce spiritualit\u00e0, psicologia e vita quotidiana.<\/p>\n<p><strong>Gioved\u00ec 23 ottobre 2025<\/strong>, alle ore <strong>21:00<\/strong>, presso l\u2019<strong>Auditorium Santa Maria della Neve<\/strong> a <strong>Riparo Cannav\u00f2<\/strong>, si terr\u00e0 il <strong>secondo incontro<\/strong> del ciclo, guidato dallo <strong>psicoterapeuta Dott. Guido De Caro<\/strong>, esperto di relazioni umane e dinamiche comunicative.<\/p>\n<p>Il ciclo \u00e8 <strong>promosso e organizzato<\/strong> dalla <strong>Parrocchia San Nicola di Bari e Santa Maria della Neve<\/strong>, in collaborazione con le Associazioni <strong>Ape Reggina<\/strong> e <strong>Oratorio Sant\u2019Agata<\/strong>, che insieme condividono il desiderio di offrire alla comunit\u00e0 un\u2019opportunit\u00e0 concreta di crescita personale e dialogo autentico.<\/p>\n<p>Dopo l\u2019introspezione sul tema dell\u2019identit\u00e0 e della percezione di s\u00e9 affrontata nel primo incontro, questa seconda tappa si focalizzer\u00e0 sull\u2019incontro con l\u2019altro: come comunicare in modo autentico, ascoltare profondamente, evitare i fraintendimenti e creare relazioni vere.<\/p>\n<p>Attraverso strumenti pratici e linguaggio accessibile, il Dott. De Caro guider\u00e0 i presenti in un dialogo partecipativo, capace di toccare il vissuto quotidiano di ciascuno, in un\u2019atmosfera accogliente e non giudicante.<\/p>\n<p>A commentare il senso profondo dell\u2019iniziativa \u00e8 <strong>Don Giovanni Gattuso<\/strong>, parroco della comunit\u00e0 e presidente delle associazioni coinvolte, che sottolinea l\u2019importanza di uno spazio come questo, in cui non si offre \u201cuna risposta\u201d, ma la possibilit\u00e0 di porsi nuove domande:<\/p>\n<p>\u00abL\u2019idea di questo ciclo \u00e8 nata dal desiderio di prendersi cura della parte pi\u00f9 umana e spesso trascurata di noi: quella che riguarda il modo in cui ci conosciamo, ci raccontiamo e ci incontriamo. In un tempo in cui si parla tanto ma si ascolta poco, fermarsi per riflettere e condividere esperienze pu\u00f2 diventare un gesto di cura profonda. Non \u00e8 un\u2019iniziativa \u201cper gli altri\u201d, ma <em>con<\/em> gli altri: un cammino aperto, umile, in cui ciascuno pu\u00f2 ritrovare qualcosa di s\u00e9\u00bb.<\/p>\n<p>E prosegue:<\/p>\n<p>\u00abIl primo incontro ci ha confermato quanto ci sia fame di autenticit\u00e0. Non proponiamo risposte facili, ma uno spazio in cui pensare insieme, senza giudizio. Se anche solo una persona torner\u00e0 a casa con una domanda nuova o uno sguardo pi\u00f9 vero verso se stessa e verso gli altri, avremo raggiunto un piccolo grande obiettivo.\u00bb<\/p>\n<p><strong>Un percorso aperto a tutti<\/strong><\/p>\n<p>Il ciclo \u00e8 rivolto a <strong>giovani, adulti, famiglie, educatori, operatori pastorali e sociali<\/strong>, e a chiunque desideri approfondire il proprio modo di relazionarsi. <strong>Non \u00e8 necessario aver partecipato al primo incontro per seguire i successivi<\/strong>: ogni appuntamento ha valore a s\u00e9, pur inserendosi in un percorso unitario.<\/p>\n<p>&nbsp;<\/p>\n","protected":false},"excerpt":{"rendered":"<p>Dopo il grande coinvolgimento registrato nel primo appuntamento, continua il percorso formativo ed esperienziale \u201cConoscere se stessi per incontrare gli altri\u201d, un\u2019iniziativa che unisce spiritualit\u00e0, psicologia e vita quotidiana. Gioved\u00ec&hellip;<\/p>\n","protected":false},"author":5,"featured_media":83847,"comment_status":"closed","ping_status":"open","sticky":false,"template":"","format":"standard","meta":{"_jetpack_memberships_contains_paid_content":false,"footnotes":"","jetpack_publicize_message":"","jetpack_publicize_feature_enabled":true,"jetpack_social_post_already_shared":true,"jetpack_social_options":{"image_generator_settings":{"template":"highway","default_image_id":0,"font":"","enabled":false},"version":2}},"categories":[921,196,140],"tags":[48518,48306,47715,48307],"class_list":["post-84422","post","type-post","status-publish","format-standard","has-post-thumbnail","hentry","category-home","category-news","category-reggio-calabria","tag-2-incontro","tag-ciclo-di-incontri-conoscere-se-stessi-per-incontrare-gli-altri","tag-comunita-parrocchiale-di-prumo-riparo-cannavo","tag-dott-guido-de-caro"],"yoast_head":"<!-- This site is optimized with the Yoast SEO plugin v27.2 - https:\/\/yoast.com\/product\/yoast-seo-wordpress\/ -->\n<title>Alla Parrocchia di Cannav\u00f2 il 2\u00b0 incontro col dott. De Caro<\/title>\n<meta name=\"description\" content=\"Il secondo incontro con il dott. Guido De Caro, si terr\u00e0 gioved\u00ec 23 ottobre, alle 21, all&#039;Auditorium della Chiesa di Cannav\u00f2\" \/>\n<meta name=\"robots\" content=\"index, follow, max-snippet:-1, max-image-preview:large, max-video-preview:-1\" \/>\n<link rel=\"canonical\" href=\"https:\/\/progettotouring.it\/radiotouring104\/2025\/10\/21\/a-cannavo-il-2-incontro-del-ciclo-conoscere-se-stessi-per-incontrare-gli-altri\/\" \/>\n<meta property=\"og:locale\" content=\"it_IT\" \/>\n<meta property=\"og:type\" content=\"article\" \/>\n<meta property=\"og:title\" content=\"Alla Parrocchia di Cannav\u00f2 il 2\u00b0 incontro col dott. De Caro\" \/>\n<meta property=\"og:description\" content=\"Il secondo incontro con il dott. Guido De Caro, si terr\u00e0 gioved\u00ec 23 ottobre, alle 21, all&#039;Auditorium della Chiesa di Cannav\u00f2\" \/>\n<meta property=\"og:url\" content=\"https:\/\/progettotouring.it\/radiotouring104\/2025\/10\/21\/a-cannavo-il-2-incontro-del-ciclo-conoscere-se-stessi-per-incontrare-gli-altri\/\" \/>\n<meta property=\"og:site_name\" content=\"Radio Touring 104\" \/>\n<meta property=\"article:published_time\" content=\"2025-10-21T09:25:33+00:00\" \/>\n<meta property=\"article:modified_time\" content=\"2025-10-21T10:44:52+00:00\" \/>\n<meta property=\"og:image\" content=\"https:\/\/progettotouring.it\/radiotouring104\/wp-content\/uploads\/sites\/6\/2025\/10\/Dott.-Guido-De-Caro.jpg\" \/>\n\t<meta property=\"og:image:width\" content=\"1017\" \/>\n\t<meta property=\"og:image:height\" content=\"1600\" \/>\n\t<meta property=\"og:image:type\" content=\"image\/jpeg\" \/>\n<meta name=\"author\" content=\"redazione\" \/>\n<meta name=\"twitter:card\" content=\"summary_large_image\" \/>\n<meta name=\"twitter:label1\" content=\"Scritto da\" \/>\n\t<meta name=\"twitter:data1\" content=\"redazione\" \/>\n\t<meta name=\"twitter:label2\" content=\"Tempo di lettura stimato\" \/>\n\t<meta name=\"twitter:data2\" content=\"2 minuti\" \/>\n<script type=\"application\/ld+json\" class=\"yoast-schema-graph\">{\"@context\":\"https:\/\/schema.org\",\"@graph\":[{\"@type\":\"Article\",\"@id\":\"https:\/\/progettotouring.it\/radiotouring104\/2025\/10\/21\/a-cannavo-il-2-incontro-del-ciclo-conoscere-se-stessi-per-incontrare-gli-altri\/#article\",\"isPartOf\":{\"@id\":\"https:\/\/progettotouring.it\/radiotouring104\/2025\/10\/21\/a-cannavo-il-2-incontro-del-ciclo-conoscere-se-stessi-per-incontrare-gli-altri\/\"},\"author\":{\"name\":\"redazione\",\"@id\":\"https:\/\/progettotouring.it\/radiotouring104\/#\/schema\/person\/1b3eb3c07c47136bc44c785c543e635f\"},\"headline\":\"A Cannav\u00f2 il 2\u00b0 incontro del ciclo \u201cConoscere se stessi per incontrare gli altri\u201d\",\"datePublished\":\"2025-10-21T09:25:33+00:00\",\"dateModified\":\"2025-10-21T10:44:52+00:00\",\"mainEntityOfPage\":{\"@id\":\"https:\/\/progettotouring.it\/radiotouring104\/2025\/10\/21\/a-cannavo-il-2-incontro-del-ciclo-conoscere-se-stessi-per-incontrare-gli-altri\/\"},\"wordCount\":425,\"publisher\":{\"@id\":\"https:\/\/progettotouring.it\/radiotouring104\/#organization\"},\"image\":{\"@id\":\"https:\/\/progettotouring.it\/radiotouring104\/2025\/10\/21\/a-cannavo-il-2-incontro-del-ciclo-conoscere-se-stessi-per-incontrare-gli-altri\/#primaryimage\"},\"thumbnailUrl\":\"https:\/\/progettotouring.it\/radiotouring104\/wp-content\/uploads\/sites\/6\/2025\/10\/Dott.-Guido-De-Caro.jpg\",\"keywords\":[\"2\u00b0 incontro\",\"ciclo di incontri \u201cConoscere se stessi per incontrare gli altri\u201d\",\"comunit\u00e0 parrocchiale di Prumo\u2013Riparo Cannav\u00f2\",\"Dott. Guido De Caro\"],\"articleSection\":[\"Home\",\"News\",\"Reggio Calabria\"],\"inLanguage\":\"it-IT\"},{\"@type\":\"WebPage\",\"@id\":\"https:\/\/progettotouring.it\/radiotouring104\/2025\/10\/21\/a-cannavo-il-2-incontro-del-ciclo-conoscere-se-stessi-per-incontrare-gli-altri\/\",\"url\":\"https:\/\/progettotouring.it\/radiotouring104\/2025\/10\/21\/a-cannavo-il-2-incontro-del-ciclo-conoscere-se-stessi-per-incontrare-gli-altri\/\",\"name\":\"Alla Parrocchia di Cannav\u00f2 il 2\u00b0 incontro col dott. De Caro\",\"isPartOf\":{\"@id\":\"https:\/\/progettotouring.it\/radiotouring104\/#website\"},\"primaryImageOfPage\":{\"@id\":\"https:\/\/progettotouring.it\/radiotouring104\/2025\/10\/21\/a-cannavo-il-2-incontro-del-ciclo-conoscere-se-stessi-per-incontrare-gli-altri\/#primaryimage\"},\"image\":{\"@id\":\"https:\/\/progettotouring.it\/radiotouring104\/2025\/10\/21\/a-cannavo-il-2-incontro-del-ciclo-conoscere-se-stessi-per-incontrare-gli-altri\/#primaryimage\"},\"thumbnailUrl\":\"https:\/\/progettotouring.it\/radiotouring104\/wp-content\/uploads\/sites\/6\/2025\/10\/Dott.-Guido-De-Caro.jpg\",\"datePublished\":\"2025-10-21T09:25:33+00:00\",\"dateModified\":\"2025-10-21T10:44:52+00:00\",\"description\":\"Il secondo incontro con il dott. Guido De Caro, si terr\u00e0 gioved\u00ec 23 ottobre, alle 21, all'Auditorium della Chiesa di Cannav\u00f2\",\"breadcrumb\":{\"@id\":\"https:\/\/progettotouring.it\/radiotouring104\/2025\/10\/21\/a-cannavo-il-2-incontro-del-ciclo-conoscere-se-stessi-per-incontrare-gli-altri\/#breadcrumb\"},\"inLanguage\":\"it-IT\",\"potentialAction\":[{\"@type\":\"ReadAction\",\"target\":[\"https:\/\/progettotouring.it\/radiotouring104\/2025\/10\/21\/a-cannavo-il-2-incontro-del-ciclo-conoscere-se-stessi-per-incontrare-gli-altri\/\"]}]},{\"@type\":\"ImageObject\",\"inLanguage\":\"it-IT\",\"@id\":\"https:\/\/progettotouring.it\/radiotouring104\/2025\/10\/21\/a-cannavo-il-2-incontro-del-ciclo-conoscere-se-stessi-per-incontrare-gli-altri\/#primaryimage\",\"url\":\"https:\/\/progettotouring.it\/radiotouring104\/wp-content\/uploads\/sites\/6\/2025\/10\/Dott.-Guido-De-Caro.jpg\",\"contentUrl\":\"https:\/\/progettotouring.it\/radiotouring104\/wp-content\/uploads\/sites\/6\/2025\/10\/Dott.-Guido-De-Caro.jpg\",\"width\":1017,\"height\":1600},{\"@type\":\"BreadcrumbList\",\"@id\":\"https:\/\/progettotouring.it\/radiotouring104\/2025\/10\/21\/a-cannavo-il-2-incontro-del-ciclo-conoscere-se-stessi-per-incontrare-gli-altri\/#breadcrumb\",\"itemListElement\":[{\"@type\":\"ListItem\",\"position\":1,\"name\":\"Home\",\"item\":\"https:\/\/progettotouring.it\/radiotouring104\/\"},{\"@type\":\"ListItem\",\"position\":2,\"name\":\"A Cannav\u00f2 il 2\u00b0 incontro del ciclo \u201cConoscere se stessi per incontrare gli altri\u201d\"}]},{\"@type\":\"WebSite\",\"@id\":\"https:\/\/progettotouring.it\/radiotouring104\/#website\",\"url\":\"https:\/\/progettotouring.it\/radiotouring104\/\",\"name\":\"Radio Touring 104\",\"description\":\"La prima radio Reggina\",\"publisher\":{\"@id\":\"https:\/\/progettotouring.it\/radiotouring104\/#organization\"},\"potentialAction\":[{\"@type\":\"SearchAction\",\"target\":{\"@type\":\"EntryPoint\",\"urlTemplate\":\"https:\/\/progettotouring.it\/radiotouring104\/?s={search_term_string}\"},\"query-input\":{\"@type\":\"PropertyValueSpecification\",\"valueRequired\":true,\"valueName\":\"search_term_string\"}}],\"inLanguage\":\"it-IT\"},{\"@type\":\"Organization\",\"@id\":\"https:\/\/progettotouring.it\/radiotouring104\/#organization\",\"name\":\"Radio Touring 104\",\"url\":\"https:\/\/progettotouring.it\/radiotouring104\/\",\"logo\":{\"@type\":\"ImageObject\",\"inLanguage\":\"it-IT\",\"@id\":\"https:\/\/progettotouring.it\/radiotouring104\/#\/schema\/logo\/image\/\",\"url\":\"https:\/\/progettotouring.it\/radiotouring104\/wp-content\/uploads\/sites\/6\/2022\/02\/cropped-logo-radio-touring-104.png\",\"contentUrl\":\"https:\/\/progettotouring.it\/radiotouring104\/wp-content\/uploads\/sites\/6\/2022\/02\/cropped-logo-radio-touring-104.png\",\"width\":377,\"height\":182,\"caption\":\"Radio Touring 104\"},\"image\":{\"@id\":\"https:\/\/progettotouring.it\/radiotouring104\/#\/schema\/logo\/image\/\"}},{\"@type\":\"Person\",\"@id\":\"https:\/\/progettotouring.it\/radiotouring104\/#\/schema\/person\/1b3eb3c07c47136bc44c785c543e635f\",\"name\":\"redazione\",\"image\":{\"@type\":\"ImageObject\",\"inLanguage\":\"it-IT\",\"@id\":\"https:\/\/secure.gravatar.com\/avatar\/0b31605b49f100769e8b624b3e05de1b73e1692e9568a352f60f53fd072e6e11?s=96&d=mm&r=g\",\"url\":\"https:\/\/secure.gravatar.com\/avatar\/0b31605b49f100769e8b624b3e05de1b73e1692e9568a352f60f53fd072e6e11?s=96&d=mm&r=g\",\"contentUrl\":\"https:\/\/secure.gravatar.com\/avatar\/0b31605b49f100769e8b624b3e05de1b73e1692e9568a352f60f53fd072e6e11?s=96&d=mm&r=g\",\"caption\":\"redazione\"},\"url\":\"https:\/\/progettotouring.it\/radiotouring104\/author\/redazione\/\"}]}<\/script>\n<!-- \/ Yoast SEO plugin. -->","yoast_head_json":{"title":"Alla Parrocchia di Cannav\u00f2 il 2\u00b0 incontro col dott. De Caro","description":"Il secondo incontro con il dott. Guido De Caro, si terr\u00e0 gioved\u00ec 23 ottobre, alle 21, all'Auditorium della Chiesa di Cannav\u00f2","robots":{"index":"index","follow":"follow","max-snippet":"max-snippet:-1","max-image-preview":"max-image-preview:large","max-video-preview":"max-video-preview:-1"},"canonical":"https:\/\/progettotouring.it\/radiotouring104\/2025\/10\/21\/a-cannavo-il-2-incontro-del-ciclo-conoscere-se-stessi-per-incontrare-gli-altri\/","og_locale":"it_IT","og_type":"article","og_title":"Alla Parrocchia di Cannav\u00f2 il 2\u00b0 incontro col dott. De Caro","og_description":"Il secondo incontro con il dott. Guido De Caro, si terr\u00e0 gioved\u00ec 23 ottobre, alle 21, all'Auditorium della Chiesa di Cannav\u00f2","og_url":"https:\/\/progettotouring.it\/radiotouring104\/2025\/10\/21\/a-cannavo-il-2-incontro-del-ciclo-conoscere-se-stessi-per-incontrare-gli-altri\/","og_site_name":"Radio Touring 104","article_published_time":"2025-10-21T09:25:33+00:00","article_modified_time":"2025-10-21T10:44:52+00:00","og_image":[{"width":1017,"height":1600,"url":"https:\/\/progettotouring.it\/radiotouring104\/wp-content\/uploads\/sites\/6\/2025\/10\/Dott.-Guido-De-Caro.jpg","type":"image\/jpeg"}],"author":"redazione","twitter_card":"summary_large_image","twitter_misc":{"Scritto da":"redazione","Tempo di lettura stimato":"2 minuti"},"schema":{"@context":"https:\/\/schema.org","@graph":[{"@type":"Article","@id":"https:\/\/progettotouring.it\/radiotouring104\/2025\/10\/21\/a-cannavo-il-2-incontro-del-ciclo-conoscere-se-stessi-per-incontrare-gli-altri\/#article","isPartOf":{"@id":"https:\/\/progettotouring.it\/radiotouring104\/2025\/10\/21\/a-cannavo-il-2-incontro-del-ciclo-conoscere-se-stessi-per-incontrare-gli-altri\/"},"author":{"name":"redazione","@id":"https:\/\/progettotouring.it\/radiotouring104\/#\/schema\/person\/1b3eb3c07c47136bc44c785c543e635f"},"headline":"A Cannav\u00f2 il 2\u00b0 incontro del ciclo \u201cConoscere se stessi per incontrare gli altri\u201d","datePublished":"2025-10-21T09:25:33+00:00","dateModified":"2025-10-21T10:44:52+00:00","mainEntityOfPage":{"@id":"https:\/\/progettotouring.it\/radiotouring104\/2025\/10\/21\/a-cannavo-il-2-incontro-del-ciclo-conoscere-se-stessi-per-incontrare-gli-altri\/"},"wordCount":425,"publisher":{"@id":"https:\/\/progettotouring.it\/radiotouring104\/#organization"},"image":{"@id":"https:\/\/progettotouring.it\/radiotouring104\/2025\/10\/21\/a-cannavo-il-2-incontro-del-ciclo-conoscere-se-stessi-per-incontrare-gli-altri\/#primaryimage"},"thumbnailUrl":"https:\/\/progettotouring.it\/radiotouring104\/wp-content\/uploads\/sites\/6\/2025\/10\/Dott.-Guido-De-Caro.jpg","keywords":["2\u00b0 incontro","ciclo di incontri \u201cConoscere se stessi per incontrare gli altri\u201d","comunit\u00e0 parrocchiale di Prumo\u2013Riparo Cannav\u00f2","Dott. Guido De Caro"],"articleSection":["Home","News","Reggio Calabria"],"inLanguage":"it-IT"},{"@type":"WebPage","@id":"https:\/\/progettotouring.it\/radiotouring104\/2025\/10\/21\/a-cannavo-il-2-incontro-del-ciclo-conoscere-se-stessi-per-incontrare-gli-altri\/","url":"https:\/\/progettotouring.it\/radiotouring104\/2025\/10\/21\/a-cannavo-il-2-incontro-del-ciclo-conoscere-se-stessi-per-incontrare-gli-altri\/","name":"Alla Parrocchia di Cannav\u00f2 il 2\u00b0 incontro col dott. De Caro","isPartOf":{"@id":"https:\/\/progettotouring.it\/radiotouring104\/#website"},"primaryImageOfPage":{"@id":"https:\/\/progettotouring.it\/radiotouring104\/2025\/10\/21\/a-cannavo-il-2-incontro-del-ciclo-conoscere-se-stessi-per-incontrare-gli-altri\/#primaryimage"},"image":{"@id":"https:\/\/progettotouring.it\/radiotouring104\/2025\/10\/21\/a-cannavo-il-2-incontro-del-ciclo-conoscere-se-stessi-per-incontrare-gli-altri\/#primaryimage"},"thumbnailUrl":"https:\/\/progettotouring.it\/radiotouring104\/wp-content\/uploads\/sites\/6\/2025\/10\/Dott.-Guido-De-Caro.jpg","datePublished":"2025-10-21T09:25:33+00:00","dateModified":"2025-10-21T10:44:52+00:00","description":"Il secondo incontro con il dott. Guido De Caro, si terr\u00e0 gioved\u00ec 23 ottobre, alle 21, all'Auditorium della Chiesa di Cannav\u00f2","breadcrumb":{"@id":"https:\/\/progettotouring.it\/radiotouring104\/2025\/10\/21\/a-cannavo-il-2-incontro-del-ciclo-conoscere-se-stessi-per-incontrare-gli-altri\/#breadcrumb"},"inLanguage":"it-IT","potentialAction":[{"@type":"ReadAction","target":["https:\/\/progettotouring.it\/radiotouring104\/2025\/10\/21\/a-cannavo-il-2-incontro-del-ciclo-conoscere-se-stessi-per-incontrare-gli-altri\/"]}]},{"@type":"ImageObject","inLanguage":"it-IT","@id":"https:\/\/progettotouring.it\/radiotouring104\/2025\/10\/21\/a-cannavo-il-2-incontro-del-ciclo-conoscere-se-stessi-per-incontrare-gli-altri\/#primaryimage","url":"https:\/\/progettotouring.it\/radiotouring104\/wp-content\/uploads\/sites\/6\/2025\/10\/Dott.-Guido-De-Caro.jpg","contentUrl":"https:\/\/progettotouring.it\/radiotouring104\/wp-content\/uploads\/sites\/6\/2025\/10\/Dott.-Guido-De-Caro.jpg","width":1017,"height":1600},{"@type":"BreadcrumbList","@id":"https:\/\/progettotouring.it\/radiotouring104\/2025\/10\/21\/a-cannavo-il-2-incontro-del-ciclo-conoscere-se-stessi-per-incontrare-gli-altri\/#breadcrumb","itemListElement":[{"@type":"ListItem","position":1,"name":"Home","item":"https:\/\/progettotouring.it\/radiotouring104\/"},{"@type":"ListItem","position":2,"name":"A Cannav\u00f2 il 2\u00b0 incontro del ciclo \u201cConoscere se stessi per incontrare gli altri\u201d"}]},{"@type":"WebSite","@id":"https:\/\/progettotouring.it\/radiotouring104\/#website","url":"https:\/\/progettotouring.it\/radiotouring104\/","name":"Radio Touring 104","description":"La prima radio Reggina","publisher":{"@id":"https:\/\/progettotouring.it\/radiotouring104\/#organization"},"potentialAction":[{"@type":"SearchAction","target":{"@type":"EntryPoint","urlTemplate":"https:\/\/progettotouring.it\/radiotouring104\/?s={search_term_string}"},"query-input":{"@type":"PropertyValueSpecification","valueRequired":true,"valueName":"search_term_string"}}],"inLanguage":"it-IT"},{"@type":"Organization","@id":"https:\/\/progettotouring.it\/radiotouring104\/#organization","name":"Radio Touring 104","url":"https:\/\/progettotouring.it\/radiotouring104\/","logo":{"@type":"ImageObject","inLanguage":"it-IT","@id":"https:\/\/progettotouring.it\/radiotouring104\/#\/schema\/logo\/image\/","url":"https:\/\/progettotouring.it\/radiotouring104\/wp-content\/uploads\/sites\/6\/2022\/02\/cropped-logo-radio-touring-104.png","contentUrl":"https:\/\/progettotouring.it\/radiotouring104\/wp-content\/uploads\/sites\/6\/2022\/02\/cropped-logo-radio-touring-104.png","width":377,"height":182,"caption":"Radio Touring 104"},"image":{"@id":"https:\/\/progettotouring.it\/radiotouring104\/#\/schema\/logo\/image\/"}},{"@type":"Person","@id":"https:\/\/progettotouring.it\/radiotouring104\/#\/schema\/person\/1b3eb3c07c47136bc44c785c543e635f","name":"redazione","image":{"@type":"ImageObject","inLanguage":"it-IT","@id":"https:\/\/secure.gravatar.com\/avatar\/0b31605b49f100769e8b624b3e05de1b73e1692e9568a352f60f53fd072e6e11?s=96&d=mm&r=g","url":"https:\/\/secure.gravatar.com\/avatar\/0b31605b49f100769e8b624b3e05de1b73e1692e9568a352f60f53fd072e6e11?s=96&d=mm&r=g","contentUrl":"https:\/\/secure.gravatar.com\/avatar\/0b31605b49f100769e8b624b3e05de1b73e1692e9568a352f60f53fd072e6e11?s=96&d=mm&r=g","caption":"redazione"},"url":"https:\/\/progettotouring.it\/radiotouring104\/author\/redazione\/"}]}},"jetpack_publicize_connections":[],"jetpack_featured_media_url":"https:\/\/progettotouring.it\/radiotouring104\/wp-content\/uploads\/sites\/6\/2025\/10\/Dott.-Guido-De-Caro.jpg","jetpack_sharing_enabled":true,"_links":{"self":[{"href":"https:\/\/progettotouring.it\/radiotouring104\/wp-json\/wp\/v2\/posts\/84422","targetHints":{"allow":["GET"]}}],"collection":[{"href":"https:\/\/progettotouring.it\/radiotouring104\/wp-json\/wp\/v2\/posts"}],"about":[{"href":"https:\/\/progettotouring.it\/radiotouring104\/wp-json\/wp\/v2\/types\/post"}],"author":[{"embeddable":true,"href":"https:\/\/progettotouring.it\/radiotouring104\/wp-json\/wp\/v2\/users\/5"}],"replies":[{"embeddable":true,"href":"https:\/\/progettotouring.it\/radiotouring104\/wp-json\/wp\/v2\/comments?post=84422"}],"version-history":[{"count":1,"href":"https:\/\/progettotouring.it\/radiotouring104\/wp-json\/wp\/v2\/posts\/84422\/revisions"}],"predecessor-version":[{"id":84423,"href":"https:\/\/progettotouring.it\/radiotouring104\/wp-json\/wp\/v2\/posts\/84422\/revisions\/84423"}],"wp:featuredmedia":[{"embeddable":true,"href":"https:\/\/progettotouring.it\/radiotouring104\/wp-json\/wp\/v2\/media\/83847"}],"wp:attachment":[{"href":"https:\/\/progettotouring.it\/radiotouring104\/wp-json\/wp\/v2\/media?parent=84422"}],"wp:term":[{"taxonomy":"category","embeddable":true,"href":"https:\/\/progettotouring.it\/radiotouring104\/wp-json\/wp\/v2\/categories?post=84422"},{"taxonomy":"post_tag","embeddable":true,"href":"https:\/\/progettotouring.it\/radiotouring104\/wp-json\/wp\/v2\/tags?post=84422"}],"curies":[{"name":"wp","href":"https:\/\/api.w.org\/{rel}","templated":true}]}}