{"id":84427,"date":"2025-10-21T11:52:00","date_gmt":"2025-10-21T09:52:00","guid":{"rendered":"https:\/\/progettotouring.it\/radiotouring104\/?p=84427"},"modified":"2025-10-21T12:44:46","modified_gmt":"2025-10-21T10:44:46","slug":"villa-san-giovanni-concluso-il-37-seminario-europa","status":"publish","type":"post","link":"https:\/\/progettotouring.it\/radiotouring104\/2025\/10\/21\/villa-san-giovanni-concluso-il-37-seminario-europa\/","title":{"rendered":"Villa San Giovanni: concluso il 37\u00b0 &#8220;Seminario Europa&#8221;"},"content":{"rendered":"<p>Due giornate di confronto, riflessione e visione per delineare il futuro della <strong>Istruzione e Formazione Professionale<\/strong> (IeFP) come leva di crescita per il Paese e strumento di coesione territoriale. L\u2019<strong>edizione 2025<\/strong> del <strong>Seminario Europa<\/strong> &#8211; organizzata dal <strong>CIOFS-FP ETS<\/strong> in collaborazione con il <strong>Ministero del Lavoro e delle Politiche Sociali<\/strong>, <strong>FORMA<\/strong>, <strong>CONFAP<\/strong> e <strong>Fondimpresa<\/strong>, con il patrocinio della Regione Calabria, della Citt\u00e0 Metropolitana di Reggio Calabria, di Erasmus Days, e con il supporto del Comune di Villa San Giovanni &#8211; ha riunito in riva allo Stretto rappresentanti istituzionali, esperti, imprese e centri formativi da tutta Italia per discutere del ruolo della IeFP come motore d\u2019innovazione sociale, economica e culturale.<\/p>\n<p>&nbsp;<\/p>\n<p><strong>La prima giornata \u2013 Educare, formare, innovare insieme<\/strong><\/p>\n<p>Ad aprire i lavori, la Presidente <strong>Suor Manuela Robazza<\/strong> (CIOFS-FP Nazionale) che ha invitato i partecipanti a riconoscere il valore simbolico e concreto di ritrovarsi nel Sud: \u201c<em>Essere qui \u00e8 gi\u00e0 un segno. Questa scommessa per il Sud vogliamo vincerla insieme\u201d<\/em>. Sono inoltre intervenuti <strong>Suor Carmela Rocca<\/strong> (CIOFS\/FP Calabria ETS) e <strong>Giusy Caminiti<\/strong> (Sindaco di Villa San Giovanni).<\/p>\n<p>Il pedagogista <strong>Johnny Dotti<\/strong> ha offerto una riflessione profonda sul senso dell\u2019educazione, ricordando che <em>\u201cEducare significa tornare al senso profondo dello stare: custodire il mistero del figlio e accompagnarlo a venire al mondo. Educare riguarda tutti\u201d<\/em>.<\/p>\n<p>&nbsp;<\/p>\n<p>Nel corso della giornata, presentati dai conduttori <strong>Gigi Cotichella<\/strong> e <strong>Silvio Giuliano<\/strong>, sono intervenuti:<\/p>\n<p>&#8211; <strong>Emmanuele Crispolti<\/strong> (INAPP), che ha illustrato i dati e i divari territoriali della IeFP, evidenziando la crescita dei percorsi duali e la necessit\u00e0 di rafforzare il legame con il mondo del lavoro;<\/p>\n<p>&#8211; <strong>Giulio M. Salerno<\/strong> (Universit\u00e0 di Macerata), che ha presentato proposte di rilancio straordinario del sistema, tra cui un Fondo nazionale e intese interregionali per la coesione formativa;<\/p>\n<p>&#8211; <strong>Stefano Tirati<\/strong> (Vicepresidente EfVET), che ha portato la prospettiva europea, sottolineando l\u2019importanza di un approccio \u201cskills-first\u201d e della diffusione delle microcredential come strumenti per valorizzare le competenze e favorire la mobilit\u00e0 dei giovani in Europa.<\/p>\n<p>&nbsp;<\/p>\n<p><strong>La seconda giornata \u2013 Politiche, PNRR e sinergie per il futuro<\/strong><\/p>\n<p>La tavola rotonda della seconda giornata, moderata da <strong>Gianni Bocchieri<\/strong>, ha messo a confronto istituzioni, agenzie e rappresentanze del mondo produttivo.<\/p>\n<p>Sono intervenuti:<\/p>\n<p>&#8211; <strong>Andrea Simoncini<\/strong> (Ministero del Lavoro e delle Politiche Sociali);<\/p>\n<p>&#8211; <strong>Antonio Capone<\/strong> (Sviluppo Lavoro Italia);<\/p>\n<p>&#8211; <strong>Alfonso Balsamo<\/strong> (Confindustria);<\/p>\n<p>&#8211; <strong>Lucia Schifano<\/strong> (Regione Liguria &#8211; Settore Istruzione e diritto allo studio);<\/p>\n<p>&#8211; <strong>Pietro Manna<\/strong> (ARPAL);<\/p>\n<p>&#8211; <strong>Marianna D\u2019Angelo<\/strong> (Direzione Generale Unit\u00e0 di Missione PNRR \u2013 Ministero del Lavoro).<\/p>\n<p>&nbsp;<\/p>\n<p>Il confronto si \u00e8 concentrato sui temi delle politiche attive per il lavoro, dell\u2019attuazione del PNRR, della cooperazione interregionale e del rafforzamento del sistema duale, con un\u2019attenzione particolare alla creazione di ecosistemi formativi territoriali capaci di connettere giovani, imprese e istituzioni.<\/p>\n<p>&nbsp;<\/p>\n<p><strong>Un impegno condiviso per il futuro<\/strong><\/p>\n<p>Il 37\u00b0 Seminario Europa si \u00e8 concluso con un messaggio di unit\u00e0 e corresponsabilit\u00e0 educativa.<\/p>\n<p>Un ringraziamento speciale \u00e8 stato rivolto a tutti i centri CIOFS-FP provenienti da ogni parte d\u2019Italia, che con la loro presenza hanno testimoniato lo spirito di una grande famiglia educativa, capace di tradurre valori e competenze in azioni concrete.<\/p>\n<p>L\u2019evento ha potuto contare sul sostegno dei partner istituzionali e dei main sponsor: ENI, Bustles, FL Marketing Social Media e BJ Communication, che hanno contribuito alla realizzazione di questa importante iniziativa formativa.<\/p>\n<p>Il Seminario ha riaffermato la centralit\u00e0 della IeFP come leva per la crescita del Paese, per la valorizzazione dei giovani e per la costruzione di un\u2019Italia pi\u00f9 coesa, innovativa e solidale.<\/p>\n<p><em>\u201cEducare \u00e8 l&#8217;avventura pi\u00f9 bella del mondo perch\u00e9 significa generare vita&#8230;<\/em> \u2013 ha ricordato Suor Manuela Robazza \u2013 <em>perch\u00e9 significa generare vita alla vita\u201d.<\/em><\/p>\n<p>&nbsp;<\/p>\n","protected":false},"excerpt":{"rendered":"<p>Due giornate di confronto, riflessione e visione per delineare il futuro della Istruzione e Formazione Professionale (IeFP) come leva di crescita per il Paese e strumento di coesione territoriale. L\u2019edizione&hellip;<\/p>\n","protected":false},"author":5,"featured_media":84428,"comment_status":"closed","ping_status":"open","sticky":false,"template":"","format":"standard","meta":{"_jetpack_memberships_contains_paid_content":false,"footnotes":"","jetpack_publicize_message":"","jetpack_publicize_feature_enabled":true,"jetpack_social_post_already_shared":true,"jetpack_social_options":{"image_generator_settings":{"template":"highway","default_image_id":0,"font":"","enabled":false},"version":2}},"categories":[921,196,140,144],"tags":[48363,48520,3568,48519,364],"class_list":["post-84427","post","type-post","status-publish","format-standard","has-post-thumbnail","hentry","category-home","category-news","category-reggio-calabria","category-sport","tag-seminario-europa","tag-37-edizione","tag-giusy-caminiti","tag-istruzione-e-formazione-professionale-iefp","tag-villa-san-giovanni"],"yoast_head":"<!-- This site is optimized with the Yoast SEO plugin v27.2 - https:\/\/yoast.com\/product\/yoast-seo-wordpress\/ -->\n<title>Villa San Giovanni: concluso il 37\u00b0 &quot;Seminario Europa&quot;<\/title>\n<meta name=\"description\" content=\"Svolta la 37\u00b0 edizione del Seminario, organizzata da CIOFS-FP ETS, sul futuro futuro della Istruzione e Formazione Professionale (IeFP)\" \/>\n<meta name=\"robots\" content=\"index, follow, max-snippet:-1, max-image-preview:large, max-video-preview:-1\" \/>\n<link rel=\"canonical\" href=\"https:\/\/progettotouring.it\/radiotouring104\/2025\/10\/21\/villa-san-giovanni-concluso-il-37-seminario-europa\/\" \/>\n<meta property=\"og:locale\" content=\"it_IT\" \/>\n<meta property=\"og:type\" content=\"article\" \/>\n<meta property=\"og:title\" content=\"Villa San Giovanni: concluso il 37\u00b0 &quot;Seminario Europa&quot;\" \/>\n<meta property=\"og:description\" content=\"Svolta la 37\u00b0 edizione del Seminario, organizzata da CIOFS-FP ETS, sul futuro futuro della Istruzione e Formazione Professionale (IeFP)\" \/>\n<meta property=\"og:url\" content=\"https:\/\/progettotouring.it\/radiotouring104\/2025\/10\/21\/villa-san-giovanni-concluso-il-37-seminario-europa\/\" \/>\n<meta property=\"og:site_name\" content=\"Radio Touring 104\" \/>\n<meta property=\"article:published_time\" content=\"2025-10-21T09:52:00+00:00\" \/>\n<meta property=\"article:modified_time\" content=\"2025-10-21T10:44:46+00:00\" \/>\n<meta property=\"og:image\" content=\"https:\/\/progettotouring.it\/radiotouring104\/wp-content\/uploads\/sites\/6\/2025\/10\/37\u00b0-Seminario-Europa-Villa-San-Giovanni.jpg\" \/>\n\t<meta property=\"og:image:width\" content=\"1200\" \/>\n\t<meta property=\"og:image:height\" content=\"800\" \/>\n\t<meta property=\"og:image:type\" content=\"image\/jpeg\" \/>\n<meta name=\"author\" content=\"redazione\" \/>\n<meta name=\"twitter:card\" content=\"summary_large_image\" \/>\n<meta name=\"twitter:label1\" content=\"Scritto da\" \/>\n\t<meta name=\"twitter:data1\" content=\"redazione\" \/>\n\t<meta name=\"twitter:label2\" content=\"Tempo di lettura stimato\" \/>\n\t<meta name=\"twitter:data2\" content=\"3 minuti\" \/>\n<script type=\"application\/ld+json\" class=\"yoast-schema-graph\">{\"@context\":\"https:\/\/schema.org\",\"@graph\":[{\"@type\":\"Article\",\"@id\":\"https:\/\/progettotouring.it\/radiotouring104\/2025\/10\/21\/villa-san-giovanni-concluso-il-37-seminario-europa\/#article\",\"isPartOf\":{\"@id\":\"https:\/\/progettotouring.it\/radiotouring104\/2025\/10\/21\/villa-san-giovanni-concluso-il-37-seminario-europa\/\"},\"author\":{\"name\":\"redazione\",\"@id\":\"https:\/\/progettotouring.it\/radiotouring104\/#\/schema\/person\/1b3eb3c07c47136bc44c785c543e635f\"},\"headline\":\"Villa San Giovanni: concluso il 37\u00b0 &#8220;Seminario Europa&#8221;\",\"datePublished\":\"2025-10-21T09:52:00+00:00\",\"dateModified\":\"2025-10-21T10:44:46+00:00\",\"mainEntityOfPage\":{\"@id\":\"https:\/\/progettotouring.it\/radiotouring104\/2025\/10\/21\/villa-san-giovanni-concluso-il-37-seminario-europa\/\"},\"wordCount\":605,\"publisher\":{\"@id\":\"https:\/\/progettotouring.it\/radiotouring104\/#organization\"},\"image\":{\"@id\":\"https:\/\/progettotouring.it\/radiotouring104\/2025\/10\/21\/villa-san-giovanni-concluso-il-37-seminario-europa\/#primaryimage\"},\"thumbnailUrl\":\"https:\/\/progettotouring.it\/radiotouring104\/wp-content\/uploads\/sites\/6\/2025\/10\/37\u00b0-Seminario-Europa-Villa-San-Giovanni.jpg\",\"keywords\":[\"\\\"Seminario Europa\\\"\",\"37\u00b0 edizione\",\"Giusy Caminiti\",\"Istruzione e Formazione Professionale (IeFP)\",\"villa san giovanni\"],\"articleSection\":[\"Home\",\"News\",\"Reggio Calabria\",\"Sport\"],\"inLanguage\":\"it-IT\"},{\"@type\":\"WebPage\",\"@id\":\"https:\/\/progettotouring.it\/radiotouring104\/2025\/10\/21\/villa-san-giovanni-concluso-il-37-seminario-europa\/\",\"url\":\"https:\/\/progettotouring.it\/radiotouring104\/2025\/10\/21\/villa-san-giovanni-concluso-il-37-seminario-europa\/\",\"name\":\"Villa San Giovanni: concluso il 37\u00b0 \\\"Seminario Europa\\\"\",\"isPartOf\":{\"@id\":\"https:\/\/progettotouring.it\/radiotouring104\/#website\"},\"primaryImageOfPage\":{\"@id\":\"https:\/\/progettotouring.it\/radiotouring104\/2025\/10\/21\/villa-san-giovanni-concluso-il-37-seminario-europa\/#primaryimage\"},\"image\":{\"@id\":\"https:\/\/progettotouring.it\/radiotouring104\/2025\/10\/21\/villa-san-giovanni-concluso-il-37-seminario-europa\/#primaryimage\"},\"thumbnailUrl\":\"https:\/\/progettotouring.it\/radiotouring104\/wp-content\/uploads\/sites\/6\/2025\/10\/37\u00b0-Seminario-Europa-Villa-San-Giovanni.jpg\",\"datePublished\":\"2025-10-21T09:52:00+00:00\",\"dateModified\":\"2025-10-21T10:44:46+00:00\",\"description\":\"Svolta la 37\u00b0 edizione del Seminario, organizzata da CIOFS-FP ETS, sul futuro futuro della Istruzione e Formazione Professionale (IeFP)\",\"breadcrumb\":{\"@id\":\"https:\/\/progettotouring.it\/radiotouring104\/2025\/10\/21\/villa-san-giovanni-concluso-il-37-seminario-europa\/#breadcrumb\"},\"inLanguage\":\"it-IT\",\"potentialAction\":[{\"@type\":\"ReadAction\",\"target\":[\"https:\/\/progettotouring.it\/radiotouring104\/2025\/10\/21\/villa-san-giovanni-concluso-il-37-seminario-europa\/\"]}]},{\"@type\":\"ImageObject\",\"inLanguage\":\"it-IT\",\"@id\":\"https:\/\/progettotouring.it\/radiotouring104\/2025\/10\/21\/villa-san-giovanni-concluso-il-37-seminario-europa\/#primaryimage\",\"url\":\"https:\/\/progettotouring.it\/radiotouring104\/wp-content\/uploads\/sites\/6\/2025\/10\/37\u00b0-Seminario-Europa-Villa-San-Giovanni.jpg\",\"contentUrl\":\"https:\/\/progettotouring.it\/radiotouring104\/wp-content\/uploads\/sites\/6\/2025\/10\/37\u00b0-Seminario-Europa-Villa-San-Giovanni.jpg\",\"width\":1200,\"height\":800},{\"@type\":\"BreadcrumbList\",\"@id\":\"https:\/\/progettotouring.it\/radiotouring104\/2025\/10\/21\/villa-san-giovanni-concluso-il-37-seminario-europa\/#breadcrumb\",\"itemListElement\":[{\"@type\":\"ListItem\",\"position\":1,\"name\":\"Home\",\"item\":\"https:\/\/progettotouring.it\/radiotouring104\/\"},{\"@type\":\"ListItem\",\"position\":2,\"name\":\"Villa San Giovanni: concluso il 37\u00b0 &#8220;Seminario Europa&#8221;\"}]},{\"@type\":\"WebSite\",\"@id\":\"https:\/\/progettotouring.it\/radiotouring104\/#website\",\"url\":\"https:\/\/progettotouring.it\/radiotouring104\/\",\"name\":\"Radio Touring 104\",\"description\":\"La prima radio Reggina\",\"publisher\":{\"@id\":\"https:\/\/progettotouring.it\/radiotouring104\/#organization\"},\"potentialAction\":[{\"@type\":\"SearchAction\",\"target\":{\"@type\":\"EntryPoint\",\"urlTemplate\":\"https:\/\/progettotouring.it\/radiotouring104\/?s={search_term_string}\"},\"query-input\":{\"@type\":\"PropertyValueSpecification\",\"valueRequired\":true,\"valueName\":\"search_term_string\"}}],\"inLanguage\":\"it-IT\"},{\"@type\":\"Organization\",\"@id\":\"https:\/\/progettotouring.it\/radiotouring104\/#organization\",\"name\":\"Radio Touring 104\",\"url\":\"https:\/\/progettotouring.it\/radiotouring104\/\",\"logo\":{\"@type\":\"ImageObject\",\"inLanguage\":\"it-IT\",\"@id\":\"https:\/\/progettotouring.it\/radiotouring104\/#\/schema\/logo\/image\/\",\"url\":\"https:\/\/progettotouring.it\/radiotouring104\/wp-content\/uploads\/sites\/6\/2022\/02\/cropped-logo-radio-touring-104.png\",\"contentUrl\":\"https:\/\/progettotouring.it\/radiotouring104\/wp-content\/uploads\/sites\/6\/2022\/02\/cropped-logo-radio-touring-104.png\",\"width\":377,\"height\":182,\"caption\":\"Radio Touring 104\"},\"image\":{\"@id\":\"https:\/\/progettotouring.it\/radiotouring104\/#\/schema\/logo\/image\/\"}},{\"@type\":\"Person\",\"@id\":\"https:\/\/progettotouring.it\/radiotouring104\/#\/schema\/person\/1b3eb3c07c47136bc44c785c543e635f\",\"name\":\"redazione\",\"image\":{\"@type\":\"ImageObject\",\"inLanguage\":\"it-IT\",\"@id\":\"https:\/\/secure.gravatar.com\/avatar\/0b31605b49f100769e8b624b3e05de1b73e1692e9568a352f60f53fd072e6e11?s=96&d=mm&r=g\",\"url\":\"https:\/\/secure.gravatar.com\/avatar\/0b31605b49f100769e8b624b3e05de1b73e1692e9568a352f60f53fd072e6e11?s=96&d=mm&r=g\",\"contentUrl\":\"https:\/\/secure.gravatar.com\/avatar\/0b31605b49f100769e8b624b3e05de1b73e1692e9568a352f60f53fd072e6e11?s=96&d=mm&r=g\",\"caption\":\"redazione\"},\"url\":\"https:\/\/progettotouring.it\/radiotouring104\/author\/redazione\/\"}]}<\/script>\n<!-- \/ Yoast SEO plugin. -->","yoast_head_json":{"title":"Villa San Giovanni: concluso il 37\u00b0 \"Seminario Europa\"","description":"Svolta la 37\u00b0 edizione del Seminario, organizzata da CIOFS-FP ETS, sul futuro futuro della Istruzione e Formazione Professionale (IeFP)","robots":{"index":"index","follow":"follow","max-snippet":"max-snippet:-1","max-image-preview":"max-image-preview:large","max-video-preview":"max-video-preview:-1"},"canonical":"https:\/\/progettotouring.it\/radiotouring104\/2025\/10\/21\/villa-san-giovanni-concluso-il-37-seminario-europa\/","og_locale":"it_IT","og_type":"article","og_title":"Villa San Giovanni: concluso il 37\u00b0 \"Seminario Europa\"","og_description":"Svolta la 37\u00b0 edizione del Seminario, organizzata da CIOFS-FP ETS, sul futuro futuro della Istruzione e Formazione Professionale (IeFP)","og_url":"https:\/\/progettotouring.it\/radiotouring104\/2025\/10\/21\/villa-san-giovanni-concluso-il-37-seminario-europa\/","og_site_name":"Radio Touring 104","article_published_time":"2025-10-21T09:52:00+00:00","article_modified_time":"2025-10-21T10:44:46+00:00","og_image":[{"width":1200,"height":800,"url":"https:\/\/progettotouring.it\/radiotouring104\/wp-content\/uploads\/sites\/6\/2025\/10\/37\u00b0-Seminario-Europa-Villa-San-Giovanni.jpg","type":"image\/jpeg"}],"author":"redazione","twitter_card":"summary_large_image","twitter_misc":{"Scritto da":"redazione","Tempo di lettura stimato":"3 minuti"},"schema":{"@context":"https:\/\/schema.org","@graph":[{"@type":"Article","@id":"https:\/\/progettotouring.it\/radiotouring104\/2025\/10\/21\/villa-san-giovanni-concluso-il-37-seminario-europa\/#article","isPartOf":{"@id":"https:\/\/progettotouring.it\/radiotouring104\/2025\/10\/21\/villa-san-giovanni-concluso-il-37-seminario-europa\/"},"author":{"name":"redazione","@id":"https:\/\/progettotouring.it\/radiotouring104\/#\/schema\/person\/1b3eb3c07c47136bc44c785c543e635f"},"headline":"Villa San Giovanni: concluso il 37\u00b0 &#8220;Seminario Europa&#8221;","datePublished":"2025-10-21T09:52:00+00:00","dateModified":"2025-10-21T10:44:46+00:00","mainEntityOfPage":{"@id":"https:\/\/progettotouring.it\/radiotouring104\/2025\/10\/21\/villa-san-giovanni-concluso-il-37-seminario-europa\/"},"wordCount":605,"publisher":{"@id":"https:\/\/progettotouring.it\/radiotouring104\/#organization"},"image":{"@id":"https:\/\/progettotouring.it\/radiotouring104\/2025\/10\/21\/villa-san-giovanni-concluso-il-37-seminario-europa\/#primaryimage"},"thumbnailUrl":"https:\/\/progettotouring.it\/radiotouring104\/wp-content\/uploads\/sites\/6\/2025\/10\/37\u00b0-Seminario-Europa-Villa-San-Giovanni.jpg","keywords":["\"Seminario Europa\"","37\u00b0 edizione","Giusy Caminiti","Istruzione e Formazione Professionale (IeFP)","villa san giovanni"],"articleSection":["Home","News","Reggio Calabria","Sport"],"inLanguage":"it-IT"},{"@type":"WebPage","@id":"https:\/\/progettotouring.it\/radiotouring104\/2025\/10\/21\/villa-san-giovanni-concluso-il-37-seminario-europa\/","url":"https:\/\/progettotouring.it\/radiotouring104\/2025\/10\/21\/villa-san-giovanni-concluso-il-37-seminario-europa\/","name":"Villa San Giovanni: concluso il 37\u00b0 \"Seminario Europa\"","isPartOf":{"@id":"https:\/\/progettotouring.it\/radiotouring104\/#website"},"primaryImageOfPage":{"@id":"https:\/\/progettotouring.it\/radiotouring104\/2025\/10\/21\/villa-san-giovanni-concluso-il-37-seminario-europa\/#primaryimage"},"image":{"@id":"https:\/\/progettotouring.it\/radiotouring104\/2025\/10\/21\/villa-san-giovanni-concluso-il-37-seminario-europa\/#primaryimage"},"thumbnailUrl":"https:\/\/progettotouring.it\/radiotouring104\/wp-content\/uploads\/sites\/6\/2025\/10\/37\u00b0-Seminario-Europa-Villa-San-Giovanni.jpg","datePublished":"2025-10-21T09:52:00+00:00","dateModified":"2025-10-21T10:44:46+00:00","description":"Svolta la 37\u00b0 edizione del Seminario, organizzata da CIOFS-FP ETS, sul futuro futuro della Istruzione e Formazione Professionale (IeFP)","breadcrumb":{"@id":"https:\/\/progettotouring.it\/radiotouring104\/2025\/10\/21\/villa-san-giovanni-concluso-il-37-seminario-europa\/#breadcrumb"},"inLanguage":"it-IT","potentialAction":[{"@type":"ReadAction","target":["https:\/\/progettotouring.it\/radiotouring104\/2025\/10\/21\/villa-san-giovanni-concluso-il-37-seminario-europa\/"]}]},{"@type":"ImageObject","inLanguage":"it-IT","@id":"https:\/\/progettotouring.it\/radiotouring104\/2025\/10\/21\/villa-san-giovanni-concluso-il-37-seminario-europa\/#primaryimage","url":"https:\/\/progettotouring.it\/radiotouring104\/wp-content\/uploads\/sites\/6\/2025\/10\/37\u00b0-Seminario-Europa-Villa-San-Giovanni.jpg","contentUrl":"https:\/\/progettotouring.it\/radiotouring104\/wp-content\/uploads\/sites\/6\/2025\/10\/37\u00b0-Seminario-Europa-Villa-San-Giovanni.jpg","width":1200,"height":800},{"@type":"BreadcrumbList","@id":"https:\/\/progettotouring.it\/radiotouring104\/2025\/10\/21\/villa-san-giovanni-concluso-il-37-seminario-europa\/#breadcrumb","itemListElement":[{"@type":"ListItem","position":1,"name":"Home","item":"https:\/\/progettotouring.it\/radiotouring104\/"},{"@type":"ListItem","position":2,"name":"Villa San Giovanni: concluso il 37\u00b0 &#8220;Seminario Europa&#8221;"}]},{"@type":"WebSite","@id":"https:\/\/progettotouring.it\/radiotouring104\/#website","url":"https:\/\/progettotouring.it\/radiotouring104\/","name":"Radio Touring 104","description":"La prima radio Reggina","publisher":{"@id":"https:\/\/progettotouring.it\/radiotouring104\/#organization"},"potentialAction":[{"@type":"SearchAction","target":{"@type":"EntryPoint","urlTemplate":"https:\/\/progettotouring.it\/radiotouring104\/?s={search_term_string}"},"query-input":{"@type":"PropertyValueSpecification","valueRequired":true,"valueName":"search_term_string"}}],"inLanguage":"it-IT"},{"@type":"Organization","@id":"https:\/\/progettotouring.it\/radiotouring104\/#organization","name":"Radio Touring 104","url":"https:\/\/progettotouring.it\/radiotouring104\/","logo":{"@type":"ImageObject","inLanguage":"it-IT","@id":"https:\/\/progettotouring.it\/radiotouring104\/#\/schema\/logo\/image\/","url":"https:\/\/progettotouring.it\/radiotouring104\/wp-content\/uploads\/sites\/6\/2022\/02\/cropped-logo-radio-touring-104.png","contentUrl":"https:\/\/progettotouring.it\/radiotouring104\/wp-content\/uploads\/sites\/6\/2022\/02\/cropped-logo-radio-touring-104.png","width":377,"height":182,"caption":"Radio Touring 104"},"image":{"@id":"https:\/\/progettotouring.it\/radiotouring104\/#\/schema\/logo\/image\/"}},{"@type":"Person","@id":"https:\/\/progettotouring.it\/radiotouring104\/#\/schema\/person\/1b3eb3c07c47136bc44c785c543e635f","name":"redazione","image":{"@type":"ImageObject","inLanguage":"it-IT","@id":"https:\/\/secure.gravatar.com\/avatar\/0b31605b49f100769e8b624b3e05de1b73e1692e9568a352f60f53fd072e6e11?s=96&d=mm&r=g","url":"https:\/\/secure.gravatar.com\/avatar\/0b31605b49f100769e8b624b3e05de1b73e1692e9568a352f60f53fd072e6e11?s=96&d=mm&r=g","contentUrl":"https:\/\/secure.gravatar.com\/avatar\/0b31605b49f100769e8b624b3e05de1b73e1692e9568a352f60f53fd072e6e11?s=96&d=mm&r=g","caption":"redazione"},"url":"https:\/\/progettotouring.it\/radiotouring104\/author\/redazione\/"}]}},"jetpack_publicize_connections":[],"jetpack_featured_media_url":"https:\/\/progettotouring.it\/radiotouring104\/wp-content\/uploads\/sites\/6\/2025\/10\/37\u00b0-Seminario-Europa-Villa-San-Giovanni.jpg","jetpack_sharing_enabled":true,"_links":{"self":[{"href":"https:\/\/progettotouring.it\/radiotouring104\/wp-json\/wp\/v2\/posts\/84427","targetHints":{"allow":["GET"]}}],"collection":[{"href":"https:\/\/progettotouring.it\/radiotouring104\/wp-json\/wp\/v2\/posts"}],"about":[{"href":"https:\/\/progettotouring.it\/radiotouring104\/wp-json\/wp\/v2\/types\/post"}],"author":[{"embeddable":true,"href":"https:\/\/progettotouring.it\/radiotouring104\/wp-json\/wp\/v2\/users\/5"}],"replies":[{"embeddable":true,"href":"https:\/\/progettotouring.it\/radiotouring104\/wp-json\/wp\/v2\/comments?post=84427"}],"version-history":[{"count":1,"href":"https:\/\/progettotouring.it\/radiotouring104\/wp-json\/wp\/v2\/posts\/84427\/revisions"}],"predecessor-version":[{"id":84430,"href":"https:\/\/progettotouring.it\/radiotouring104\/wp-json\/wp\/v2\/posts\/84427\/revisions\/84430"}],"wp:featuredmedia":[{"embeddable":true,"href":"https:\/\/progettotouring.it\/radiotouring104\/wp-json\/wp\/v2\/media\/84428"}],"wp:attachment":[{"href":"https:\/\/progettotouring.it\/radiotouring104\/wp-json\/wp\/v2\/media?parent=84427"}],"wp:term":[{"taxonomy":"category","embeddable":true,"href":"https:\/\/progettotouring.it\/radiotouring104\/wp-json\/wp\/v2\/categories?post=84427"},{"taxonomy":"post_tag","embeddable":true,"href":"https:\/\/progettotouring.it\/radiotouring104\/wp-json\/wp\/v2\/tags?post=84427"}],"curies":[{"name":"wp","href":"https:\/\/api.w.org\/{rel}","templated":true}]}}