{"id":84431,"date":"2025-10-21T11:58:33","date_gmt":"2025-10-21T09:58:33","guid":{"rendered":"https:\/\/progettotouring.it\/radiotouring104\/?p=84431"},"modified":"2025-10-21T12:46:02","modified_gmt":"2025-10-21T10:46:02","slug":"la-cigl-calabria-aderisce-alla-manifestazione-del-25-ottobre","status":"publish","type":"post","link":"https:\/\/progettotouring.it\/radiotouring104\/2025\/10\/21\/la-cigl-calabria-aderisce-alla-manifestazione-del-25-ottobre\/","title":{"rendered":"La Cigl Calabria aderisce alla Manifestazione del 25 ottobre"},"content":{"rendered":"<p class=\"xmprfx_MsoNormal\">Per la pace, il lavoro, la democrazia. Per dire no all\u2019austerit\u00e0, al riarmo, all\u2019economia di guerra. Ma anche per aumentare i salari e le pensioni, per contrastare la precariet\u00e0 e il lavoro povero, finanziare la sanit\u00e0, l\u2019istruzione e i servizi pubblici, per investire nelle politiche industriali e nella transizione energetica, ecologica e tecnologica.<\/p>\n<p class=\"xmprfx_MsoNormal\">Il 25 ottobre la Cgil scende in piazza a Roma con la manifestazione \u201cDemocrazia al lavoro\u201d. La Cgil Calabria parteciper\u00e0 all\u2019iniziativa nazionale con decine di autobus dalle cinque province calabresi.<\/p>\n<p class=\"xmprfx_MsoNormal\">\u201cL\u2019appuntamento del 25 ottobre \u00e8 un importante momento di democrazia che non possiamo mancare.\u00a0 Porteremo in piazza tutte le nostre rivendicazioni per un Paese che rispecchi i dettami della Costituzione e che metta al centro il cittadino\u201d afferma il\u00a0<b>Segretario Generale Cgil Calabria Gianfranco Trotta<\/b>\u00a0che aggiunge: \u201cLa Calabria ha molto da dire visto che \u00e8 tra le regioni in cui si hanno le minori aspettative di vita, una sanit\u00e0 pubblica raffazzonata e un alto tasso di lavoro povero che schiacciano la qualit\u00e0 della vita\u201d.<\/p>\n<p class=\"xmprfx_MsoNormal\">\u201cAd allarmare sono anche gli ultimi dati Inps diffusi nei giorni scorsi che fotografano una Calabria con indice altissimo di precariet\u00e0 e in cui quasi il 30 per cento delle aziende non ha il Durc in regola. Lavoro nero, quindi, lavoro sommerso e tanto lavoro povero. La Filcams Cgil Calabria lo ha denunciato e noi con lei ci siamo costituiti parte civile in uno dei processi che riguarda una grossa catena di supermercati in cui i lavoratori venivano sfruttati e sottopagati\u201d, spiega Trotta.<\/p>\n<p class=\"xmprfx_MsoNormal\">\u201cCon la Filt Cgil, invece, abbiamo denunciato &#8211; continua &#8211; il licenziamento di alcuni lavoratori che avevano osato opporsi al mobbing e al comportamento antisindacale di alcuni datori di lavoro. In Calabria i lavoratori ricattati, costretti a restituire parte della busta paga o sottopagati sono tantissimi e non possono essere ignorati\u201d.<\/p>\n<p class=\"xmprfx_MsoNormal\">\u201cAnche per quanto riguarda la stabilizzazione dei Tis la nostra attenzione resta alta. Proprio ieri \u2013 afferma il Segretario Generale &#8211; \u00a0la Nidil Cgil ha chiesto un incontro al presidente della Regione e all\u2019assessore al Lavoro per riprendere quel percorso di stabilizzazione che \u00e8 stato interrotto dalle dimissioni di Occhiuto e che non pu\u00f2 restare monco. Oggi il rischio concreto \u00e8 che dal mese di novembre molti lavoratori si ritrovino senza alcun sostegno economico, senza contratto e senza tutele. Una situazione inaccettabile, che mette a rischio la continuit\u00e0 di un percorso di inclusione e stabilizzazione. Ecco perch\u00e9 abbiamo chiesto una misura tampone urgente che consenta ai tirocinanti in scadenza di continuare a percepire il sussidio fino al completamento della riorganizzazione amministrativa e politica della Regione\u201d.<\/p>\n<p class=\"xmprfx_MsoNormal\">\n","protected":false},"excerpt":{"rendered":"<p>Per la pace, il lavoro, la democrazia. Per dire no all\u2019austerit\u00e0, al riarmo, all\u2019economia di guerra. Ma anche per aumentare i salari e le pensioni, per contrastare la precariet\u00e0 e&hellip;<\/p>\n","protected":false},"author":5,"featured_media":84433,"comment_status":"closed","ping_status":"open","sticky":false,"template":"","format":"standard","meta":{"_jetpack_memberships_contains_paid_content":false,"footnotes":"","jetpack_publicize_message":"","jetpack_publicize_feature_enabled":true,"jetpack_social_post_already_shared":true,"jetpack_social_options":{"image_generator_settings":{"template":"highway","default_image_id":0,"font":"","enabled":false},"version":2}},"categories":[142,921,152,196],"tags":[24962,36932,48521,37866,591],"class_list":["post-84431","post","type-post","status-publish","format-standard","has-post-thumbnail","hentry","category-calabria","category-home","category-italia","category-news","tag-cigl-calabria","tag-gianfranco-trotta","tag-manifestazione-nazionale-25-ottobre","tag-partecipazione","tag-roma"],"yoast_head":"<!-- This site is optimized with the Yoast SEO plugin v27.2 - https:\/\/yoast.com\/product\/yoast-seo-wordpress\/ -->\n<title>La Cigl Calabria aderisce alla Manifestazione del 25 ottobre<\/title>\n<meta name=\"description\" content=\"La Cigl Calabria parteciper\u00e0 alla Manifestazionale Nazionale \u201cDemocrazia al lavoro\u201d, in programma a Roma il 25 ottobre\" \/>\n<meta name=\"robots\" content=\"index, follow, max-snippet:-1, max-image-preview:large, max-video-preview:-1\" \/>\n<link rel=\"canonical\" href=\"https:\/\/progettotouring.it\/radiotouring104\/2025\/10\/21\/la-cigl-calabria-aderisce-alla-manifestazione-del-25-ottobre\/\" \/>\n<meta property=\"og:locale\" content=\"it_IT\" \/>\n<meta property=\"og:type\" content=\"article\" \/>\n<meta property=\"og:title\" content=\"La Cigl Calabria aderisce alla Manifestazione del 25 ottobre\" \/>\n<meta property=\"og:description\" content=\"La Cigl Calabria parteciper\u00e0 alla Manifestazionale Nazionale \u201cDemocrazia al lavoro\u201d, in programma a Roma il 25 ottobre\" \/>\n<meta property=\"og:url\" content=\"https:\/\/progettotouring.it\/radiotouring104\/2025\/10\/21\/la-cigl-calabria-aderisce-alla-manifestazione-del-25-ottobre\/\" \/>\n<meta property=\"og:site_name\" content=\"Radio Touring 104\" \/>\n<meta property=\"article:published_time\" content=\"2025-10-21T09:58:33+00:00\" \/>\n<meta property=\"article:modified_time\" content=\"2025-10-21T10:46:02+00:00\" \/>\n<meta property=\"og:image\" content=\"https:\/\/progettotouring.it\/radiotouring104\/wp-content\/uploads\/sites\/6\/2025\/10\/20251025_democrazia_al_lavoro_manifestazione_nazionale_cgil_page-0001.jpg\" \/>\n\t<meta property=\"og:image:width\" content=\"1241\" \/>\n\t<meta property=\"og:image:height\" content=\"1754\" \/>\n\t<meta property=\"og:image:type\" content=\"image\/jpeg\" \/>\n<meta name=\"author\" content=\"redazione\" \/>\n<meta name=\"twitter:card\" content=\"summary_large_image\" \/>\n<meta name=\"twitter:label1\" content=\"Scritto da\" \/>\n\t<meta name=\"twitter:data1\" content=\"redazione\" \/>\n\t<meta name=\"twitter:label2\" content=\"Tempo di lettura stimato\" \/>\n\t<meta name=\"twitter:data2\" content=\"2 minuti\" \/>\n<script type=\"application\/ld+json\" class=\"yoast-schema-graph\">{\"@context\":\"https:\/\/schema.org\",\"@graph\":[{\"@type\":\"Article\",\"@id\":\"https:\/\/progettotouring.it\/radiotouring104\/2025\/10\/21\/la-cigl-calabria-aderisce-alla-manifestazione-del-25-ottobre\/#article\",\"isPartOf\":{\"@id\":\"https:\/\/progettotouring.it\/radiotouring104\/2025\/10\/21\/la-cigl-calabria-aderisce-alla-manifestazione-del-25-ottobre\/\"},\"author\":{\"name\":\"redazione\",\"@id\":\"https:\/\/progettotouring.it\/radiotouring104\/#\/schema\/person\/1b3eb3c07c47136bc44c785c543e635f\"},\"headline\":\"La Cigl Calabria aderisce alla Manifestazione del 25 ottobre\",\"datePublished\":\"2025-10-21T09:58:33+00:00\",\"dateModified\":\"2025-10-21T10:46:02+00:00\",\"mainEntityOfPage\":{\"@id\":\"https:\/\/progettotouring.it\/radiotouring104\/2025\/10\/21\/la-cigl-calabria-aderisce-alla-manifestazione-del-25-ottobre\/\"},\"wordCount\":433,\"publisher\":{\"@id\":\"https:\/\/progettotouring.it\/radiotouring104\/#organization\"},\"image\":{\"@id\":\"https:\/\/progettotouring.it\/radiotouring104\/2025\/10\/21\/la-cigl-calabria-aderisce-alla-manifestazione-del-25-ottobre\/#primaryimage\"},\"thumbnailUrl\":\"https:\/\/progettotouring.it\/radiotouring104\/wp-content\/uploads\/sites\/6\/2025\/10\/20251025_democrazia_al_lavoro_manifestazione_nazionale_cgil_page-0001.jpg\",\"keywords\":[\"Cigl Calabria\",\"Gianfranco Trotta\",\"Manifestazione nazionale 25 ottobre\",\"partecipazione\",\"Roma\"],\"articleSection\":[\"Calabria\",\"Home\",\"Italia\",\"News\"],\"inLanguage\":\"it-IT\"},{\"@type\":\"WebPage\",\"@id\":\"https:\/\/progettotouring.it\/radiotouring104\/2025\/10\/21\/la-cigl-calabria-aderisce-alla-manifestazione-del-25-ottobre\/\",\"url\":\"https:\/\/progettotouring.it\/radiotouring104\/2025\/10\/21\/la-cigl-calabria-aderisce-alla-manifestazione-del-25-ottobre\/\",\"name\":\"La Cigl Calabria aderisce alla Manifestazione del 25 ottobre\",\"isPartOf\":{\"@id\":\"https:\/\/progettotouring.it\/radiotouring104\/#website\"},\"primaryImageOfPage\":{\"@id\":\"https:\/\/progettotouring.it\/radiotouring104\/2025\/10\/21\/la-cigl-calabria-aderisce-alla-manifestazione-del-25-ottobre\/#primaryimage\"},\"image\":{\"@id\":\"https:\/\/progettotouring.it\/radiotouring104\/2025\/10\/21\/la-cigl-calabria-aderisce-alla-manifestazione-del-25-ottobre\/#primaryimage\"},\"thumbnailUrl\":\"https:\/\/progettotouring.it\/radiotouring104\/wp-content\/uploads\/sites\/6\/2025\/10\/20251025_democrazia_al_lavoro_manifestazione_nazionale_cgil_page-0001.jpg\",\"datePublished\":\"2025-10-21T09:58:33+00:00\",\"dateModified\":\"2025-10-21T10:46:02+00:00\",\"description\":\"La Cigl Calabria parteciper\u00e0 alla Manifestazionale Nazionale \u201cDemocrazia al lavoro\u201d, in programma a Roma il 25 ottobre\",\"breadcrumb\":{\"@id\":\"https:\/\/progettotouring.it\/radiotouring104\/2025\/10\/21\/la-cigl-calabria-aderisce-alla-manifestazione-del-25-ottobre\/#breadcrumb\"},\"inLanguage\":\"it-IT\",\"potentialAction\":[{\"@type\":\"ReadAction\",\"target\":[\"https:\/\/progettotouring.it\/radiotouring104\/2025\/10\/21\/la-cigl-calabria-aderisce-alla-manifestazione-del-25-ottobre\/\"]}]},{\"@type\":\"ImageObject\",\"inLanguage\":\"it-IT\",\"@id\":\"https:\/\/progettotouring.it\/radiotouring104\/2025\/10\/21\/la-cigl-calabria-aderisce-alla-manifestazione-del-25-ottobre\/#primaryimage\",\"url\":\"https:\/\/progettotouring.it\/radiotouring104\/wp-content\/uploads\/sites\/6\/2025\/10\/20251025_democrazia_al_lavoro_manifestazione_nazionale_cgil_page-0001.jpg\",\"contentUrl\":\"https:\/\/progettotouring.it\/radiotouring104\/wp-content\/uploads\/sites\/6\/2025\/10\/20251025_democrazia_al_lavoro_manifestazione_nazionale_cgil_page-0001.jpg\",\"width\":1241,\"height\":1754},{\"@type\":\"BreadcrumbList\",\"@id\":\"https:\/\/progettotouring.it\/radiotouring104\/2025\/10\/21\/la-cigl-calabria-aderisce-alla-manifestazione-del-25-ottobre\/#breadcrumb\",\"itemListElement\":[{\"@type\":\"ListItem\",\"position\":1,\"name\":\"Home\",\"item\":\"https:\/\/progettotouring.it\/radiotouring104\/\"},{\"@type\":\"ListItem\",\"position\":2,\"name\":\"La Cigl Calabria aderisce alla Manifestazione del 25 ottobre\"}]},{\"@type\":\"WebSite\",\"@id\":\"https:\/\/progettotouring.it\/radiotouring104\/#website\",\"url\":\"https:\/\/progettotouring.it\/radiotouring104\/\",\"name\":\"Radio Touring 104\",\"description\":\"La prima radio Reggina\",\"publisher\":{\"@id\":\"https:\/\/progettotouring.it\/radiotouring104\/#organization\"},\"potentialAction\":[{\"@type\":\"SearchAction\",\"target\":{\"@type\":\"EntryPoint\",\"urlTemplate\":\"https:\/\/progettotouring.it\/radiotouring104\/?s={search_term_string}\"},\"query-input\":{\"@type\":\"PropertyValueSpecification\",\"valueRequired\":true,\"valueName\":\"search_term_string\"}}],\"inLanguage\":\"it-IT\"},{\"@type\":\"Organization\",\"@id\":\"https:\/\/progettotouring.it\/radiotouring104\/#organization\",\"name\":\"Radio Touring 104\",\"url\":\"https:\/\/progettotouring.it\/radiotouring104\/\",\"logo\":{\"@type\":\"ImageObject\",\"inLanguage\":\"it-IT\",\"@id\":\"https:\/\/progettotouring.it\/radiotouring104\/#\/schema\/logo\/image\/\",\"url\":\"https:\/\/progettotouring.it\/radiotouring104\/wp-content\/uploads\/sites\/6\/2022\/02\/cropped-logo-radio-touring-104.png\",\"contentUrl\":\"https:\/\/progettotouring.it\/radiotouring104\/wp-content\/uploads\/sites\/6\/2022\/02\/cropped-logo-radio-touring-104.png\",\"width\":377,\"height\":182,\"caption\":\"Radio Touring 104\"},\"image\":{\"@id\":\"https:\/\/progettotouring.it\/radiotouring104\/#\/schema\/logo\/image\/\"}},{\"@type\":\"Person\",\"@id\":\"https:\/\/progettotouring.it\/radiotouring104\/#\/schema\/person\/1b3eb3c07c47136bc44c785c543e635f\",\"name\":\"redazione\",\"image\":{\"@type\":\"ImageObject\",\"inLanguage\":\"it-IT\",\"@id\":\"https:\/\/secure.gravatar.com\/avatar\/0b31605b49f100769e8b624b3e05de1b73e1692e9568a352f60f53fd072e6e11?s=96&d=mm&r=g\",\"url\":\"https:\/\/secure.gravatar.com\/avatar\/0b31605b49f100769e8b624b3e05de1b73e1692e9568a352f60f53fd072e6e11?s=96&d=mm&r=g\",\"contentUrl\":\"https:\/\/secure.gravatar.com\/avatar\/0b31605b49f100769e8b624b3e05de1b73e1692e9568a352f60f53fd072e6e11?s=96&d=mm&r=g\",\"caption\":\"redazione\"},\"url\":\"https:\/\/progettotouring.it\/radiotouring104\/author\/redazione\/\"}]}<\/script>\n<!-- \/ Yoast SEO plugin. -->","yoast_head_json":{"title":"La Cigl Calabria aderisce alla Manifestazione del 25 ottobre","description":"La Cigl Calabria parteciper\u00e0 alla Manifestazionale Nazionale \u201cDemocrazia al lavoro\u201d, in programma a Roma il 25 ottobre","robots":{"index":"index","follow":"follow","max-snippet":"max-snippet:-1","max-image-preview":"max-image-preview:large","max-video-preview":"max-video-preview:-1"},"canonical":"https:\/\/progettotouring.it\/radiotouring104\/2025\/10\/21\/la-cigl-calabria-aderisce-alla-manifestazione-del-25-ottobre\/","og_locale":"it_IT","og_type":"article","og_title":"La Cigl Calabria aderisce alla Manifestazione del 25 ottobre","og_description":"La Cigl Calabria parteciper\u00e0 alla Manifestazionale Nazionale \u201cDemocrazia al lavoro\u201d, in programma a Roma il 25 ottobre","og_url":"https:\/\/progettotouring.it\/radiotouring104\/2025\/10\/21\/la-cigl-calabria-aderisce-alla-manifestazione-del-25-ottobre\/","og_site_name":"Radio Touring 104","article_published_time":"2025-10-21T09:58:33+00:00","article_modified_time":"2025-10-21T10:46:02+00:00","og_image":[{"width":1241,"height":1754,"url":"https:\/\/progettotouring.it\/radiotouring104\/wp-content\/uploads\/sites\/6\/2025\/10\/20251025_democrazia_al_lavoro_manifestazione_nazionale_cgil_page-0001.jpg","type":"image\/jpeg"}],"author":"redazione","twitter_card":"summary_large_image","twitter_misc":{"Scritto da":"redazione","Tempo di lettura stimato":"2 minuti"},"schema":{"@context":"https:\/\/schema.org","@graph":[{"@type":"Article","@id":"https:\/\/progettotouring.it\/radiotouring104\/2025\/10\/21\/la-cigl-calabria-aderisce-alla-manifestazione-del-25-ottobre\/#article","isPartOf":{"@id":"https:\/\/progettotouring.it\/radiotouring104\/2025\/10\/21\/la-cigl-calabria-aderisce-alla-manifestazione-del-25-ottobre\/"},"author":{"name":"redazione","@id":"https:\/\/progettotouring.it\/radiotouring104\/#\/schema\/person\/1b3eb3c07c47136bc44c785c543e635f"},"headline":"La Cigl Calabria aderisce alla Manifestazione del 25 ottobre","datePublished":"2025-10-21T09:58:33+00:00","dateModified":"2025-10-21T10:46:02+00:00","mainEntityOfPage":{"@id":"https:\/\/progettotouring.it\/radiotouring104\/2025\/10\/21\/la-cigl-calabria-aderisce-alla-manifestazione-del-25-ottobre\/"},"wordCount":433,"publisher":{"@id":"https:\/\/progettotouring.it\/radiotouring104\/#organization"},"image":{"@id":"https:\/\/progettotouring.it\/radiotouring104\/2025\/10\/21\/la-cigl-calabria-aderisce-alla-manifestazione-del-25-ottobre\/#primaryimage"},"thumbnailUrl":"https:\/\/progettotouring.it\/radiotouring104\/wp-content\/uploads\/sites\/6\/2025\/10\/20251025_democrazia_al_lavoro_manifestazione_nazionale_cgil_page-0001.jpg","keywords":["Cigl Calabria","Gianfranco Trotta","Manifestazione nazionale 25 ottobre","partecipazione","Roma"],"articleSection":["Calabria","Home","Italia","News"],"inLanguage":"it-IT"},{"@type":"WebPage","@id":"https:\/\/progettotouring.it\/radiotouring104\/2025\/10\/21\/la-cigl-calabria-aderisce-alla-manifestazione-del-25-ottobre\/","url":"https:\/\/progettotouring.it\/radiotouring104\/2025\/10\/21\/la-cigl-calabria-aderisce-alla-manifestazione-del-25-ottobre\/","name":"La Cigl Calabria aderisce alla Manifestazione del 25 ottobre","isPartOf":{"@id":"https:\/\/progettotouring.it\/radiotouring104\/#website"},"primaryImageOfPage":{"@id":"https:\/\/progettotouring.it\/radiotouring104\/2025\/10\/21\/la-cigl-calabria-aderisce-alla-manifestazione-del-25-ottobre\/#primaryimage"},"image":{"@id":"https:\/\/progettotouring.it\/radiotouring104\/2025\/10\/21\/la-cigl-calabria-aderisce-alla-manifestazione-del-25-ottobre\/#primaryimage"},"thumbnailUrl":"https:\/\/progettotouring.it\/radiotouring104\/wp-content\/uploads\/sites\/6\/2025\/10\/20251025_democrazia_al_lavoro_manifestazione_nazionale_cgil_page-0001.jpg","datePublished":"2025-10-21T09:58:33+00:00","dateModified":"2025-10-21T10:46:02+00:00","description":"La Cigl Calabria parteciper\u00e0 alla Manifestazionale Nazionale \u201cDemocrazia al lavoro\u201d, in programma a Roma il 25 ottobre","breadcrumb":{"@id":"https:\/\/progettotouring.it\/radiotouring104\/2025\/10\/21\/la-cigl-calabria-aderisce-alla-manifestazione-del-25-ottobre\/#breadcrumb"},"inLanguage":"it-IT","potentialAction":[{"@type":"ReadAction","target":["https:\/\/progettotouring.it\/radiotouring104\/2025\/10\/21\/la-cigl-calabria-aderisce-alla-manifestazione-del-25-ottobre\/"]}]},{"@type":"ImageObject","inLanguage":"it-IT","@id":"https:\/\/progettotouring.it\/radiotouring104\/2025\/10\/21\/la-cigl-calabria-aderisce-alla-manifestazione-del-25-ottobre\/#primaryimage","url":"https:\/\/progettotouring.it\/radiotouring104\/wp-content\/uploads\/sites\/6\/2025\/10\/20251025_democrazia_al_lavoro_manifestazione_nazionale_cgil_page-0001.jpg","contentUrl":"https:\/\/progettotouring.it\/radiotouring104\/wp-content\/uploads\/sites\/6\/2025\/10\/20251025_democrazia_al_lavoro_manifestazione_nazionale_cgil_page-0001.jpg","width":1241,"height":1754},{"@type":"BreadcrumbList","@id":"https:\/\/progettotouring.it\/radiotouring104\/2025\/10\/21\/la-cigl-calabria-aderisce-alla-manifestazione-del-25-ottobre\/#breadcrumb","itemListElement":[{"@type":"ListItem","position":1,"name":"Home","item":"https:\/\/progettotouring.it\/radiotouring104\/"},{"@type":"ListItem","position":2,"name":"La Cigl Calabria aderisce alla Manifestazione del 25 ottobre"}]},{"@type":"WebSite","@id":"https:\/\/progettotouring.it\/radiotouring104\/#website","url":"https:\/\/progettotouring.it\/radiotouring104\/","name":"Radio Touring 104","description":"La prima radio Reggina","publisher":{"@id":"https:\/\/progettotouring.it\/radiotouring104\/#organization"},"potentialAction":[{"@type":"SearchAction","target":{"@type":"EntryPoint","urlTemplate":"https:\/\/progettotouring.it\/radiotouring104\/?s={search_term_string}"},"query-input":{"@type":"PropertyValueSpecification","valueRequired":true,"valueName":"search_term_string"}}],"inLanguage":"it-IT"},{"@type":"Organization","@id":"https:\/\/progettotouring.it\/radiotouring104\/#organization","name":"Radio Touring 104","url":"https:\/\/progettotouring.it\/radiotouring104\/","logo":{"@type":"ImageObject","inLanguage":"it-IT","@id":"https:\/\/progettotouring.it\/radiotouring104\/#\/schema\/logo\/image\/","url":"https:\/\/progettotouring.it\/radiotouring104\/wp-content\/uploads\/sites\/6\/2022\/02\/cropped-logo-radio-touring-104.png","contentUrl":"https:\/\/progettotouring.it\/radiotouring104\/wp-content\/uploads\/sites\/6\/2022\/02\/cropped-logo-radio-touring-104.png","width":377,"height":182,"caption":"Radio Touring 104"},"image":{"@id":"https:\/\/progettotouring.it\/radiotouring104\/#\/schema\/logo\/image\/"}},{"@type":"Person","@id":"https:\/\/progettotouring.it\/radiotouring104\/#\/schema\/person\/1b3eb3c07c47136bc44c785c543e635f","name":"redazione","image":{"@type":"ImageObject","inLanguage":"it-IT","@id":"https:\/\/secure.gravatar.com\/avatar\/0b31605b49f100769e8b624b3e05de1b73e1692e9568a352f60f53fd072e6e11?s=96&d=mm&r=g","url":"https:\/\/secure.gravatar.com\/avatar\/0b31605b49f100769e8b624b3e05de1b73e1692e9568a352f60f53fd072e6e11?s=96&d=mm&r=g","contentUrl":"https:\/\/secure.gravatar.com\/avatar\/0b31605b49f100769e8b624b3e05de1b73e1692e9568a352f60f53fd072e6e11?s=96&d=mm&r=g","caption":"redazione"},"url":"https:\/\/progettotouring.it\/radiotouring104\/author\/redazione\/"}]}},"jetpack_publicize_connections":[],"jetpack_featured_media_url":"https:\/\/progettotouring.it\/radiotouring104\/wp-content\/uploads\/sites\/6\/2025\/10\/20251025_democrazia_al_lavoro_manifestazione_nazionale_cgil_page-0001.jpg","jetpack_sharing_enabled":true,"_links":{"self":[{"href":"https:\/\/progettotouring.it\/radiotouring104\/wp-json\/wp\/v2\/posts\/84431","targetHints":{"allow":["GET"]}}],"collection":[{"href":"https:\/\/progettotouring.it\/radiotouring104\/wp-json\/wp\/v2\/posts"}],"about":[{"href":"https:\/\/progettotouring.it\/radiotouring104\/wp-json\/wp\/v2\/types\/post"}],"author":[{"embeddable":true,"href":"https:\/\/progettotouring.it\/radiotouring104\/wp-json\/wp\/v2\/users\/5"}],"replies":[{"embeddable":true,"href":"https:\/\/progettotouring.it\/radiotouring104\/wp-json\/wp\/v2\/comments?post=84431"}],"version-history":[{"count":1,"href":"https:\/\/progettotouring.it\/radiotouring104\/wp-json\/wp\/v2\/posts\/84431\/revisions"}],"predecessor-version":[{"id":84434,"href":"https:\/\/progettotouring.it\/radiotouring104\/wp-json\/wp\/v2\/posts\/84431\/revisions\/84434"}],"wp:featuredmedia":[{"embeddable":true,"href":"https:\/\/progettotouring.it\/radiotouring104\/wp-json\/wp\/v2\/media\/84433"}],"wp:attachment":[{"href":"https:\/\/progettotouring.it\/radiotouring104\/wp-json\/wp\/v2\/media?parent=84431"}],"wp:term":[{"taxonomy":"category","embeddable":true,"href":"https:\/\/progettotouring.it\/radiotouring104\/wp-json\/wp\/v2\/categories?post=84431"},{"taxonomy":"post_tag","embeddable":true,"href":"https:\/\/progettotouring.it\/radiotouring104\/wp-json\/wp\/v2\/tags?post=84431"}],"curies":[{"name":"wp","href":"https:\/\/api.w.org\/{rel}","templated":true}]}}