{"id":84435,"date":"2025-10-21T12:14:46","date_gmt":"2025-10-21T10:14:46","guid":{"rendered":"https:\/\/progettotouring.it\/radiotouring104\/?p=84435"},"modified":"2025-10-21T12:44:40","modified_gmt":"2025-10-21T10:44:40","slug":"scilla-siglato-protocollo-tra-pro-loco-e-il-comune-per-la-promozione-turistica-e-culturale","status":"publish","type":"post","link":"https:\/\/progettotouring.it\/radiotouring104\/2025\/10\/21\/scilla-siglato-protocollo-tra-pro-loco-e-il-comune-per-la-promozione-turistica-e-culturale\/","title":{"rendered":"Scilla: siglato Protocollo tra Pro Loco e il Comune per la promozione turistica e culturale"},"content":{"rendered":"<p dir=\"ltr\">Una nuova pagina si apre per la promozione del territorio scillese. La\u00a0Pro Loco di Scilla\u00a0annuncia con orgoglio l\u2019approvazione ufficiale del\u00a0Protocollo d\u2019Intesa con il Comune di Scilla, sancita con la\u00a0Deliberazione di Giunta Comunale n. 50 del 29 settembre 2025.<\/p>\n<p dir=\"ltr\">Un accordo\u00a0storico e strategico, che definisce una\u00a0collaborazione triennale, rinnovabile, tra l\u2019associazione e l\u2019Amministrazione comunale per la\u00a0programmazione condivisa di attivit\u00e0 turistiche, culturali e sociali\u00a0volte a valorizzare l\u2019identit\u00e0 e le eccellenze del territorio.<\/p>\n<hr \/>\n<h3 dir=\"ltr\">Un patto per la valorizzazione di Scilla<\/h3>\n<p dir=\"ltr\">Il Protocollo nasce con l\u2019obiettivo di\u00a0potenziare la visibilit\u00e0 e l\u2019attrattiva turistica di Scilla e delle sue frazioni, promuovendo al tempo stesso\u00a0coesione sociale, cultura e partecipazione cittadina.<\/p>\n<p dir=\"ltr\">In base all\u2019accordo, la\u00a0Pro Loco di Scilla\u00a0si impegna a:<\/p>\n<ul>\n<li dir=\"ltr\">\n<p dir=\"ltr\" role=\"presentation\">Organizzare eventi e manifestazioni durante tutto l\u2019anno, tra cui feste, sagre, convegni, mostre, talk e spettacoli;<\/p>\n<\/li>\n<li dir=\"ltr\">\n<p dir=\"ltr\" role=\"presentation\">Collaborare con enti, istituzioni e associazioni locali ed extraterritoriali;<\/p>\n<\/li>\n<li dir=\"ltr\">\n<p dir=\"ltr\" role=\"presentation\">Proporre attivit\u00e0 esperienziali e culturali per i soci, come passeggiate, escursioni e visite guidate alla scoperta del patrimonio naturale, storico e artistico del Comune;<\/p>\n<\/li>\n<li dir=\"ltr\">\n<p dir=\"ltr\" role=\"presentation\">Destinare il 50% dei volontari del Servizio Civile alle attivit\u00e0 di pubblica utilit\u00e0 e ai servizi alla cittadinanza.<\/p>\n<\/li>\n<\/ul>\n<hr \/>\n<p>&nbsp;<\/p>\n<h3 dir=\"ltr\">Il sostegno del Comune<\/h3>\n<p dir=\"ltr\">In cambio del proprio impegno, la Pro Loco potr\u00e0 richiedere al Comune di Scilla:<\/p>\n<ul>\n<li dir=\"ltr\">\n<p dir=\"ltr\" role=\"presentation\">Il patrocinio istituzionale;<\/p>\n<\/li>\n<li dir=\"ltr\">\n<p dir=\"ltr\" role=\"presentation\">L\u2019uso del suolo pubblico, la fornitura di energia elettrica e il supporto della Polizia Municipale durante gli eventi;<\/p>\n<\/li>\n<li dir=\"ltr\">\n<p dir=\"ltr\" role=\"presentation\">Le autorizzazioni necessarie per esperienze territoriali (passeggiate, visite guidate, escursioni);<\/p>\n<\/li>\n<li dir=\"ltr\">\n<p dir=\"ltr\" role=\"presentation\">L\u2019accesso temporaneo alla Zona a Traffico Limitato di Chianalea, quando richiesto per manifestazioni organizzate.<\/p>\n<\/li>\n<\/ul>\n<p dir=\"ltr\">\u00c8 importante evidenziare che\u00a0il Protocollo non comporta oneri economici diretti per il Comune, ma solo la possibilit\u00e0 di concedere i benefici sopra elencati, valutati di volta in volta in base alle iniziative proposte.<\/p>\n<hr \/>\n<p>&nbsp;<\/p>\n<h3 dir=\"ltr\">Le parole del Presidente della Pro Loco, Domenico Prisa<\/h3>\n<p dir=\"ltr\">\u201cSiamo entusiasti di questa collaborazione istituzionale \u2013 dichiara il Presidente Domenico Prisa \u2013 perch\u00e9 rappresenta un segnale di fiducia e di sinergia per l\u2019intera comunit\u00e0.<br \/>\nLa Pro Loco di Scilla continuer\u00e0 a operare con seriet\u00e0 e trasparenza, mantenendo sempre la propria\u00a0neutralit\u00e0 assoluta.<br \/>\nIl nostro unico obiettivo \u00e8 e rester\u00e0\u00a0l\u2019amore per Scilla e per tutti i suoi cittadini, senza interessi personali o di parte.<br \/>\nIn un tempo in cui spesso si agisce per consenso, noi scegliamo invece l\u2019azione concreta, la partecipazione e la valorizzazione del territorio. Perch\u00e9 ci\u00f2 che conta non \u00e8 apparire, ma\u00a0fare bene, e farlo per Scilla.\u201d<\/p>\n<p dir=\"ltr\">Infatti il primo evento interamente organizzato da noi sar\u00e0 il 31 Ottobre 2025 in Piazza San Rocco dove si esprime l\u2019essenza della nostra cittadina che abbraccia artigianato, eccellenze mediche e culturali, e lo sport sempre protagonista di Scilla negli anni.<\/p>\n<hr \/>\n<p>&nbsp;<\/p>\n<h3 dir=\"ltr\">Un\u2019alleanza che guarda avanti<\/h3>\n<p dir=\"ltr\">Con questo Protocollo,\u00a0Pro Loco e Comune di Scilla\u00a0pongono le basi per una collaborazione duratura, orientata allo sviluppo turistico sostenibile, alla crescita culturale e alla promozione di un\u2019identit\u00e0 territoriale condivisa.<br \/>\nUn passo importante che conferma, ancora una volta, come\u00a0l\u2019unione delle forze locali possa trasformarsi in un motore di rinascita e valorizzazione del territorio.<\/p>\n","protected":false},"excerpt":{"rendered":"<p>Una nuova pagina si apre per la promozione del territorio scillese. La\u00a0Pro Loco di Scilla\u00a0annuncia con orgoglio l\u2019approvazione ufficiale del\u00a0Protocollo d\u2019Intesa con il Comune di Scilla, sancita con la\u00a0Deliberazione di&hellip;<\/p>\n","protected":false},"author":5,"featured_media":84438,"comment_status":"closed","ping_status":"open","sticky":false,"template":"","format":"standard","meta":{"_jetpack_memberships_contains_paid_content":false,"footnotes":"","jetpack_publicize_message":"","jetpack_publicize_feature_enabled":true,"jetpack_social_post_already_shared":true,"jetpack_social_options":{"image_generator_settings":{"template":"highway","default_image_id":0,"font":"","enabled":false},"version":2}},"categories":[921,196,140],"tags":[13719,20093,48523,48522,28864],"class_list":["post-84435","post","type-post","status-publish","format-standard","has-post-thumbnail","hentry","category-home","category-news","category-reggio-calabria","tag-comune-di-scilla","tag-pro-loco","tag-promozione-culturale","tag-promozione-turistica","tag-siglato-protocollo"],"yoast_head":"<!-- This site is optimized with the Yoast SEO plugin v27.2 - https:\/\/yoast.com\/product\/yoast-seo-wordpress\/ -->\n<title>Scilla: siglato Protocollo tra Pro Loco e il Comune per la promozione turistica e culturale - Radio Touring 104<\/title>\n<meta name=\"description\" content=\"Siglato, tra il Comune di Scilla e la Pro Loco un protocollo d&#039;intesa, di durata triennale, per la promozione turistica e culturale\" \/>\n<meta name=\"robots\" content=\"index, follow, max-snippet:-1, max-image-preview:large, max-video-preview:-1\" \/>\n<link rel=\"canonical\" href=\"https:\/\/progettotouring.it\/radiotouring104\/2025\/10\/21\/scilla-siglato-protocollo-tra-pro-loco-e-il-comune-per-la-promozione-turistica-e-culturale\/\" \/>\n<meta property=\"og:locale\" content=\"it_IT\" \/>\n<meta property=\"og:type\" content=\"article\" \/>\n<meta property=\"og:title\" content=\"Scilla: siglato Protocollo tra Pro Loco e il Comune per la promozione turistica e culturale - Radio Touring 104\" \/>\n<meta property=\"og:description\" content=\"Siglato, tra il Comune di Scilla e la Pro Loco un protocollo d&#039;intesa, di durata triennale, per la promozione turistica e culturale\" \/>\n<meta property=\"og:url\" content=\"https:\/\/progettotouring.it\/radiotouring104\/2025\/10\/21\/scilla-siglato-protocollo-tra-pro-loco-e-il-comune-per-la-promozione-turistica-e-culturale\/\" \/>\n<meta property=\"og:site_name\" content=\"Radio Touring 104\" \/>\n<meta property=\"article:published_time\" content=\"2025-10-21T10:14:46+00:00\" \/>\n<meta property=\"article:modified_time\" content=\"2025-10-21T10:44:40+00:00\" \/>\n<meta property=\"og:image\" content=\"https:\/\/progettotouring.it\/radiotouring104\/wp-content\/uploads\/sites\/6\/2025\/10\/Pro-Loco-Scilla-1.gif\" \/>\n\t<meta property=\"og:image:width\" content=\"413\" \/>\n\t<meta property=\"og:image:height\" content=\"333\" \/>\n\t<meta property=\"og:image:type\" content=\"image\/gif\" \/>\n<meta name=\"author\" content=\"redazione\" \/>\n<meta name=\"twitter:card\" content=\"summary_large_image\" \/>\n<meta name=\"twitter:label1\" content=\"Scritto da\" \/>\n\t<meta name=\"twitter:data1\" content=\"redazione\" \/>\n\t<meta name=\"twitter:label2\" content=\"Tempo di lettura stimato\" \/>\n\t<meta name=\"twitter:data2\" content=\"3 minuti\" \/>\n<script type=\"application\/ld+json\" class=\"yoast-schema-graph\">{\"@context\":\"https:\/\/schema.org\",\"@graph\":[{\"@type\":\"Article\",\"@id\":\"https:\/\/progettotouring.it\/radiotouring104\/2025\/10\/21\/scilla-siglato-protocollo-tra-pro-loco-e-il-comune-per-la-promozione-turistica-e-culturale\/#article\",\"isPartOf\":{\"@id\":\"https:\/\/progettotouring.it\/radiotouring104\/2025\/10\/21\/scilla-siglato-protocollo-tra-pro-loco-e-il-comune-per-la-promozione-turistica-e-culturale\/\"},\"author\":{\"name\":\"redazione\",\"@id\":\"https:\/\/progettotouring.it\/radiotouring104\/#\/schema\/person\/1b3eb3c07c47136bc44c785c543e635f\"},\"headline\":\"Scilla: siglato Protocollo tra Pro Loco e il Comune per la promozione turistica e culturale\",\"datePublished\":\"2025-10-21T10:14:46+00:00\",\"dateModified\":\"2025-10-21T10:44:40+00:00\",\"mainEntityOfPage\":{\"@id\":\"https:\/\/progettotouring.it\/radiotouring104\/2025\/10\/21\/scilla-siglato-protocollo-tra-pro-loco-e-il-comune-per-la-promozione-turistica-e-culturale\/\"},\"wordCount\":521,\"publisher\":{\"@id\":\"https:\/\/progettotouring.it\/radiotouring104\/#organization\"},\"image\":{\"@id\":\"https:\/\/progettotouring.it\/radiotouring104\/2025\/10\/21\/scilla-siglato-protocollo-tra-pro-loco-e-il-comune-per-la-promozione-turistica-e-culturale\/#primaryimage\"},\"thumbnailUrl\":\"https:\/\/progettotouring.it\/radiotouring104\/wp-content\/uploads\/sites\/6\/2025\/10\/Pro-Loco-Scilla-1.gif\",\"keywords\":[\"Comune di Scilla.\",\"Pro Loco\",\"promozione culturale\",\"promozione turistica\",\"Siglato protocollo\"],\"articleSection\":[\"Home\",\"News\",\"Reggio Calabria\"],\"inLanguage\":\"it-IT\"},{\"@type\":\"WebPage\",\"@id\":\"https:\/\/progettotouring.it\/radiotouring104\/2025\/10\/21\/scilla-siglato-protocollo-tra-pro-loco-e-il-comune-per-la-promozione-turistica-e-culturale\/\",\"url\":\"https:\/\/progettotouring.it\/radiotouring104\/2025\/10\/21\/scilla-siglato-protocollo-tra-pro-loco-e-il-comune-per-la-promozione-turistica-e-culturale\/\",\"name\":\"Scilla: siglato Protocollo tra Pro Loco e il Comune per la promozione turistica e culturale - Radio Touring 104\",\"isPartOf\":{\"@id\":\"https:\/\/progettotouring.it\/radiotouring104\/#website\"},\"primaryImageOfPage\":{\"@id\":\"https:\/\/progettotouring.it\/radiotouring104\/2025\/10\/21\/scilla-siglato-protocollo-tra-pro-loco-e-il-comune-per-la-promozione-turistica-e-culturale\/#primaryimage\"},\"image\":{\"@id\":\"https:\/\/progettotouring.it\/radiotouring104\/2025\/10\/21\/scilla-siglato-protocollo-tra-pro-loco-e-il-comune-per-la-promozione-turistica-e-culturale\/#primaryimage\"},\"thumbnailUrl\":\"https:\/\/progettotouring.it\/radiotouring104\/wp-content\/uploads\/sites\/6\/2025\/10\/Pro-Loco-Scilla-1.gif\",\"datePublished\":\"2025-10-21T10:14:46+00:00\",\"dateModified\":\"2025-10-21T10:44:40+00:00\",\"description\":\"Siglato, tra il Comune di Scilla e la Pro Loco un protocollo d'intesa, di durata triennale, per la promozione turistica e culturale\",\"breadcrumb\":{\"@id\":\"https:\/\/progettotouring.it\/radiotouring104\/2025\/10\/21\/scilla-siglato-protocollo-tra-pro-loco-e-il-comune-per-la-promozione-turistica-e-culturale\/#breadcrumb\"},\"inLanguage\":\"it-IT\",\"potentialAction\":[{\"@type\":\"ReadAction\",\"target\":[\"https:\/\/progettotouring.it\/radiotouring104\/2025\/10\/21\/scilla-siglato-protocollo-tra-pro-loco-e-il-comune-per-la-promozione-turistica-e-culturale\/\"]}]},{\"@type\":\"ImageObject\",\"inLanguage\":\"it-IT\",\"@id\":\"https:\/\/progettotouring.it\/radiotouring104\/2025\/10\/21\/scilla-siglato-protocollo-tra-pro-loco-e-il-comune-per-la-promozione-turistica-e-culturale\/#primaryimage\",\"url\":\"https:\/\/progettotouring.it\/radiotouring104\/wp-content\/uploads\/sites\/6\/2025\/10\/Pro-Loco-Scilla-1.gif\",\"contentUrl\":\"https:\/\/progettotouring.it\/radiotouring104\/wp-content\/uploads\/sites\/6\/2025\/10\/Pro-Loco-Scilla-1.gif\",\"width\":413,\"height\":333},{\"@type\":\"BreadcrumbList\",\"@id\":\"https:\/\/progettotouring.it\/radiotouring104\/2025\/10\/21\/scilla-siglato-protocollo-tra-pro-loco-e-il-comune-per-la-promozione-turistica-e-culturale\/#breadcrumb\",\"itemListElement\":[{\"@type\":\"ListItem\",\"position\":1,\"name\":\"Home\",\"item\":\"https:\/\/progettotouring.it\/radiotouring104\/\"},{\"@type\":\"ListItem\",\"position\":2,\"name\":\"Scilla: siglato Protocollo tra Pro Loco e il Comune per la promozione turistica e culturale\"}]},{\"@type\":\"WebSite\",\"@id\":\"https:\/\/progettotouring.it\/radiotouring104\/#website\",\"url\":\"https:\/\/progettotouring.it\/radiotouring104\/\",\"name\":\"Radio Touring 104\",\"description\":\"La prima radio Reggina\",\"publisher\":{\"@id\":\"https:\/\/progettotouring.it\/radiotouring104\/#organization\"},\"potentialAction\":[{\"@type\":\"SearchAction\",\"target\":{\"@type\":\"EntryPoint\",\"urlTemplate\":\"https:\/\/progettotouring.it\/radiotouring104\/?s={search_term_string}\"},\"query-input\":{\"@type\":\"PropertyValueSpecification\",\"valueRequired\":true,\"valueName\":\"search_term_string\"}}],\"inLanguage\":\"it-IT\"},{\"@type\":\"Organization\",\"@id\":\"https:\/\/progettotouring.it\/radiotouring104\/#organization\",\"name\":\"Radio Touring 104\",\"url\":\"https:\/\/progettotouring.it\/radiotouring104\/\",\"logo\":{\"@type\":\"ImageObject\",\"inLanguage\":\"it-IT\",\"@id\":\"https:\/\/progettotouring.it\/radiotouring104\/#\/schema\/logo\/image\/\",\"url\":\"https:\/\/progettotouring.it\/radiotouring104\/wp-content\/uploads\/sites\/6\/2022\/02\/cropped-logo-radio-touring-104.png\",\"contentUrl\":\"https:\/\/progettotouring.it\/radiotouring104\/wp-content\/uploads\/sites\/6\/2022\/02\/cropped-logo-radio-touring-104.png\",\"width\":377,\"height\":182,\"caption\":\"Radio Touring 104\"},\"image\":{\"@id\":\"https:\/\/progettotouring.it\/radiotouring104\/#\/schema\/logo\/image\/\"}},{\"@type\":\"Person\",\"@id\":\"https:\/\/progettotouring.it\/radiotouring104\/#\/schema\/person\/1b3eb3c07c47136bc44c785c543e635f\",\"name\":\"redazione\",\"image\":{\"@type\":\"ImageObject\",\"inLanguage\":\"it-IT\",\"@id\":\"https:\/\/secure.gravatar.com\/avatar\/0b31605b49f100769e8b624b3e05de1b73e1692e9568a352f60f53fd072e6e11?s=96&d=mm&r=g\",\"url\":\"https:\/\/secure.gravatar.com\/avatar\/0b31605b49f100769e8b624b3e05de1b73e1692e9568a352f60f53fd072e6e11?s=96&d=mm&r=g\",\"contentUrl\":\"https:\/\/secure.gravatar.com\/avatar\/0b31605b49f100769e8b624b3e05de1b73e1692e9568a352f60f53fd072e6e11?s=96&d=mm&r=g\",\"caption\":\"redazione\"},\"url\":\"https:\/\/progettotouring.it\/radiotouring104\/author\/redazione\/\"}]}<\/script>\n<!-- \/ Yoast SEO plugin. -->","yoast_head_json":{"title":"Scilla: siglato Protocollo tra Pro Loco e il Comune per la promozione turistica e culturale - Radio Touring 104","description":"Siglato, tra il Comune di Scilla e la Pro Loco un protocollo d'intesa, di durata triennale, per la promozione turistica e culturale","robots":{"index":"index","follow":"follow","max-snippet":"max-snippet:-1","max-image-preview":"max-image-preview:large","max-video-preview":"max-video-preview:-1"},"canonical":"https:\/\/progettotouring.it\/radiotouring104\/2025\/10\/21\/scilla-siglato-protocollo-tra-pro-loco-e-il-comune-per-la-promozione-turistica-e-culturale\/","og_locale":"it_IT","og_type":"article","og_title":"Scilla: siglato Protocollo tra Pro Loco e il Comune per la promozione turistica e culturale - Radio Touring 104","og_description":"Siglato, tra il Comune di Scilla e la Pro Loco un protocollo d'intesa, di durata triennale, per la promozione turistica e culturale","og_url":"https:\/\/progettotouring.it\/radiotouring104\/2025\/10\/21\/scilla-siglato-protocollo-tra-pro-loco-e-il-comune-per-la-promozione-turistica-e-culturale\/","og_site_name":"Radio Touring 104","article_published_time":"2025-10-21T10:14:46+00:00","article_modified_time":"2025-10-21T10:44:40+00:00","og_image":[{"width":413,"height":333,"url":"https:\/\/progettotouring.it\/radiotouring104\/wp-content\/uploads\/sites\/6\/2025\/10\/Pro-Loco-Scilla-1.gif","type":"image\/gif"}],"author":"redazione","twitter_card":"summary_large_image","twitter_misc":{"Scritto da":"redazione","Tempo di lettura stimato":"3 minuti"},"schema":{"@context":"https:\/\/schema.org","@graph":[{"@type":"Article","@id":"https:\/\/progettotouring.it\/radiotouring104\/2025\/10\/21\/scilla-siglato-protocollo-tra-pro-loco-e-il-comune-per-la-promozione-turistica-e-culturale\/#article","isPartOf":{"@id":"https:\/\/progettotouring.it\/radiotouring104\/2025\/10\/21\/scilla-siglato-protocollo-tra-pro-loco-e-il-comune-per-la-promozione-turistica-e-culturale\/"},"author":{"name":"redazione","@id":"https:\/\/progettotouring.it\/radiotouring104\/#\/schema\/person\/1b3eb3c07c47136bc44c785c543e635f"},"headline":"Scilla: siglato Protocollo tra Pro Loco e il Comune per la promozione turistica e culturale","datePublished":"2025-10-21T10:14:46+00:00","dateModified":"2025-10-21T10:44:40+00:00","mainEntityOfPage":{"@id":"https:\/\/progettotouring.it\/radiotouring104\/2025\/10\/21\/scilla-siglato-protocollo-tra-pro-loco-e-il-comune-per-la-promozione-turistica-e-culturale\/"},"wordCount":521,"publisher":{"@id":"https:\/\/progettotouring.it\/radiotouring104\/#organization"},"image":{"@id":"https:\/\/progettotouring.it\/radiotouring104\/2025\/10\/21\/scilla-siglato-protocollo-tra-pro-loco-e-il-comune-per-la-promozione-turistica-e-culturale\/#primaryimage"},"thumbnailUrl":"https:\/\/progettotouring.it\/radiotouring104\/wp-content\/uploads\/sites\/6\/2025\/10\/Pro-Loco-Scilla-1.gif","keywords":["Comune di Scilla.","Pro Loco","promozione culturale","promozione turistica","Siglato protocollo"],"articleSection":["Home","News","Reggio Calabria"],"inLanguage":"it-IT"},{"@type":"WebPage","@id":"https:\/\/progettotouring.it\/radiotouring104\/2025\/10\/21\/scilla-siglato-protocollo-tra-pro-loco-e-il-comune-per-la-promozione-turistica-e-culturale\/","url":"https:\/\/progettotouring.it\/radiotouring104\/2025\/10\/21\/scilla-siglato-protocollo-tra-pro-loco-e-il-comune-per-la-promozione-turistica-e-culturale\/","name":"Scilla: siglato Protocollo tra Pro Loco e il Comune per la promozione turistica e culturale - Radio Touring 104","isPartOf":{"@id":"https:\/\/progettotouring.it\/radiotouring104\/#website"},"primaryImageOfPage":{"@id":"https:\/\/progettotouring.it\/radiotouring104\/2025\/10\/21\/scilla-siglato-protocollo-tra-pro-loco-e-il-comune-per-la-promozione-turistica-e-culturale\/#primaryimage"},"image":{"@id":"https:\/\/progettotouring.it\/radiotouring104\/2025\/10\/21\/scilla-siglato-protocollo-tra-pro-loco-e-il-comune-per-la-promozione-turistica-e-culturale\/#primaryimage"},"thumbnailUrl":"https:\/\/progettotouring.it\/radiotouring104\/wp-content\/uploads\/sites\/6\/2025\/10\/Pro-Loco-Scilla-1.gif","datePublished":"2025-10-21T10:14:46+00:00","dateModified":"2025-10-21T10:44:40+00:00","description":"Siglato, tra il Comune di Scilla e la Pro Loco un protocollo d'intesa, di durata triennale, per la promozione turistica e culturale","breadcrumb":{"@id":"https:\/\/progettotouring.it\/radiotouring104\/2025\/10\/21\/scilla-siglato-protocollo-tra-pro-loco-e-il-comune-per-la-promozione-turistica-e-culturale\/#breadcrumb"},"inLanguage":"it-IT","potentialAction":[{"@type":"ReadAction","target":["https:\/\/progettotouring.it\/radiotouring104\/2025\/10\/21\/scilla-siglato-protocollo-tra-pro-loco-e-il-comune-per-la-promozione-turistica-e-culturale\/"]}]},{"@type":"ImageObject","inLanguage":"it-IT","@id":"https:\/\/progettotouring.it\/radiotouring104\/2025\/10\/21\/scilla-siglato-protocollo-tra-pro-loco-e-il-comune-per-la-promozione-turistica-e-culturale\/#primaryimage","url":"https:\/\/progettotouring.it\/radiotouring104\/wp-content\/uploads\/sites\/6\/2025\/10\/Pro-Loco-Scilla-1.gif","contentUrl":"https:\/\/progettotouring.it\/radiotouring104\/wp-content\/uploads\/sites\/6\/2025\/10\/Pro-Loco-Scilla-1.gif","width":413,"height":333},{"@type":"BreadcrumbList","@id":"https:\/\/progettotouring.it\/radiotouring104\/2025\/10\/21\/scilla-siglato-protocollo-tra-pro-loco-e-il-comune-per-la-promozione-turistica-e-culturale\/#breadcrumb","itemListElement":[{"@type":"ListItem","position":1,"name":"Home","item":"https:\/\/progettotouring.it\/radiotouring104\/"},{"@type":"ListItem","position":2,"name":"Scilla: siglato Protocollo tra Pro Loco e il Comune per la promozione turistica e culturale"}]},{"@type":"WebSite","@id":"https:\/\/progettotouring.it\/radiotouring104\/#website","url":"https:\/\/progettotouring.it\/radiotouring104\/","name":"Radio Touring 104","description":"La prima radio Reggina","publisher":{"@id":"https:\/\/progettotouring.it\/radiotouring104\/#organization"},"potentialAction":[{"@type":"SearchAction","target":{"@type":"EntryPoint","urlTemplate":"https:\/\/progettotouring.it\/radiotouring104\/?s={search_term_string}"},"query-input":{"@type":"PropertyValueSpecification","valueRequired":true,"valueName":"search_term_string"}}],"inLanguage":"it-IT"},{"@type":"Organization","@id":"https:\/\/progettotouring.it\/radiotouring104\/#organization","name":"Radio Touring 104","url":"https:\/\/progettotouring.it\/radiotouring104\/","logo":{"@type":"ImageObject","inLanguage":"it-IT","@id":"https:\/\/progettotouring.it\/radiotouring104\/#\/schema\/logo\/image\/","url":"https:\/\/progettotouring.it\/radiotouring104\/wp-content\/uploads\/sites\/6\/2022\/02\/cropped-logo-radio-touring-104.png","contentUrl":"https:\/\/progettotouring.it\/radiotouring104\/wp-content\/uploads\/sites\/6\/2022\/02\/cropped-logo-radio-touring-104.png","width":377,"height":182,"caption":"Radio Touring 104"},"image":{"@id":"https:\/\/progettotouring.it\/radiotouring104\/#\/schema\/logo\/image\/"}},{"@type":"Person","@id":"https:\/\/progettotouring.it\/radiotouring104\/#\/schema\/person\/1b3eb3c07c47136bc44c785c543e635f","name":"redazione","image":{"@type":"ImageObject","inLanguage":"it-IT","@id":"https:\/\/secure.gravatar.com\/avatar\/0b31605b49f100769e8b624b3e05de1b73e1692e9568a352f60f53fd072e6e11?s=96&d=mm&r=g","url":"https:\/\/secure.gravatar.com\/avatar\/0b31605b49f100769e8b624b3e05de1b73e1692e9568a352f60f53fd072e6e11?s=96&d=mm&r=g","contentUrl":"https:\/\/secure.gravatar.com\/avatar\/0b31605b49f100769e8b624b3e05de1b73e1692e9568a352f60f53fd072e6e11?s=96&d=mm&r=g","caption":"redazione"},"url":"https:\/\/progettotouring.it\/radiotouring104\/author\/redazione\/"}]}},"jetpack_publicize_connections":[],"jetpack_featured_media_url":"https:\/\/progettotouring.it\/radiotouring104\/wp-content\/uploads\/sites\/6\/2025\/10\/Pro-Loco-Scilla-1.gif","jetpack_sharing_enabled":true,"_links":{"self":[{"href":"https:\/\/progettotouring.it\/radiotouring104\/wp-json\/wp\/v2\/posts\/84435","targetHints":{"allow":["GET"]}}],"collection":[{"href":"https:\/\/progettotouring.it\/radiotouring104\/wp-json\/wp\/v2\/posts"}],"about":[{"href":"https:\/\/progettotouring.it\/radiotouring104\/wp-json\/wp\/v2\/types\/post"}],"author":[{"embeddable":true,"href":"https:\/\/progettotouring.it\/radiotouring104\/wp-json\/wp\/v2\/users\/5"}],"replies":[{"embeddable":true,"href":"https:\/\/progettotouring.it\/radiotouring104\/wp-json\/wp\/v2\/comments?post=84435"}],"version-history":[{"count":2,"href":"https:\/\/progettotouring.it\/radiotouring104\/wp-json\/wp\/v2\/posts\/84435\/revisions"}],"predecessor-version":[{"id":84439,"href":"https:\/\/progettotouring.it\/radiotouring104\/wp-json\/wp\/v2\/posts\/84435\/revisions\/84439"}],"wp:featuredmedia":[{"embeddable":true,"href":"https:\/\/progettotouring.it\/radiotouring104\/wp-json\/wp\/v2\/media\/84438"}],"wp:attachment":[{"href":"https:\/\/progettotouring.it\/radiotouring104\/wp-json\/wp\/v2\/media?parent=84435"}],"wp:term":[{"taxonomy":"category","embeddable":true,"href":"https:\/\/progettotouring.it\/radiotouring104\/wp-json\/wp\/v2\/categories?post=84435"},{"taxonomy":"post_tag","embeddable":true,"href":"https:\/\/progettotouring.it\/radiotouring104\/wp-json\/wp\/v2\/tags?post=84435"}],"curies":[{"name":"wp","href":"https:\/\/api.w.org\/{rel}","templated":true}]}}