{"id":84440,"date":"2025-10-21T12:31:30","date_gmt":"2025-10-21T10:31:30","guid":{"rendered":"https:\/\/progettotouring.it\/radiotouring104\/?p=84440"},"modified":"2025-10-21T12:44:33","modified_gmt":"2025-10-21T10:44:33","slug":"comune-di-reggio-la-dott-ssa-serrano-audita-in-commissione-su-medicina-di-prossimita-territoriale-e-di-iniziativa","status":"publish","type":"post","link":"https:\/\/progettotouring.it\/radiotouring104\/2025\/10\/21\/comune-di-reggio-la-dott-ssa-serrano-audita-in-commissione-su-medicina-di-prossimita-territoriale-e-di-iniziativa\/","title":{"rendered":"Comune di Reggio: la dott.ssa Serran\u00f2 audita in Commissione su Medicina di Prossimit\u00e0 Territoriale e di \u201cIniziativa\u201d"},"content":{"rendered":"<p style=\"font-weight: 400\">L\u2019ultima seduta della quinta commissione consiliare (Politiche sociali e della salute, sanit\u00e0, politiche abitative), presieduta da Gianni Latella, ha audito l\u2019oncologa Paola Serran\u00f2,\u00a0gi\u00e0 consigliere comunale e fondatrice (nonch\u00e9 gi\u00e0 presidente) dell\u2019Hospice\u00a0\u201cVia delle Stelle\u201d, in qualit\u00e0 di referente dell\u2019Associazione \u201c<em>Laboratorio delle arti civiche<\/em>\u201d.<\/p>\n<p style=\"font-weight: 400\">La dottoressa Serran\u00f2\u00a0\u00e8 intervenuta, nello specifico,\u00a0per affrontare\u00a0soprattutto\u00a0il tema della sanit\u00e0 territoriale e della medicina di prossimit\u00e0; con un approfondimento sullo stato attuale e sulle proposte da sottoporre, eventualmente, al consiglio comunale.<\/p>\n<p style=\"font-weight: 400\">\u00a0Ha sottolineato la necessit\u00e0 di superare l\u2019attuale impostazione\u00a0\u201cospedalocentrica\u201d\u00a0del sistema sanitario regionale, ancora orientato a curare le emergenze pi\u00f9 che a prevenire le patologie croniche e degenerative. Ha richiamato l\u2019attenzione sul dato allarmante secondo cui quasi la met\u00e0 dei malati oncologici in Calabria riceve la diagnosi solo in fase metastatica, evidenziando come questo ritardo sia la conseguenza di una sanit\u00e0\u00a0<em>d\u2019attesa<\/em>, che interviene solo quando il paziente manifesta al proprio medico curante un bisogno conclamato.<\/p>\n<p style=\"font-weight: 400\">Serran\u00f2 ha proposto dunque di trasformare la medicina territoriale in una medicina\u00a0<em>di iniziativa<\/em><em>;<\/em>\u00a0capace di anticipare la diagnosi attraverso azioni di prevenzione e monitoraggio costante.\u00a0Ha invitato i consiglieri a promuovere la creazione di percorsi di screening sistematici, partendo dai cittadini con familiarit\u00e0 oncologica e ampliando progressivamente la platea\u00a0suggerendo\u00a0di utilizzare in modo efficace le strutture gi\u00e0 disponibili:\u00a0come le nascenti \u201ccase di comunit\u00e0\u201d\u00a0di via Willermin e via Placido Gerace che dovranno essere luoghi di prevenzione e non semplici poliambulatori:\u00a0coinvolgendo i medici di guardia e i professionisti della continuit\u00e0 assistenziale.<\/p>\n<p style=\"font-weight: 400\">Altra realt\u00e0 da valorizzare, a detta della stessa, \u00e8 quella delle \u00a0AFT: le associazioni funzionali territoriali.<\/p>\n<p style=\"font-weight: 400\">Secondo l\u2019oncologa reggina vi sarebbe la possibilit\u00e0 di impiegare giovani medici e risorse gi\u00e0 presenti nel sistema sanitario per costruire \u00e9quipe territoriali integrate; ha inoltre rivendicato un\u00a0ruolo pi\u00f9 rilevante dei servizi comunali del welfare nell\u2019organizzazione di tali attivit\u00e0.<\/p>\n<p style=\"font-weight: 400\">Un altro punto centrale del suo intervento ha riguardato il potenziamento dell\u2019assistenza domiciliare integrata:\u00a0oggi affidata in gran parte a cooperative che non sempre riescono a garantire un\u2019adeguata integrazione multidisciplinare.<\/p>\n<p style=\"font-weight: 400\">Un passaggio importante \u00e8 stato anche quello che ha ricordato ai consiglieri l\u2019esperienza dei 75 medici impegnati durante la pandemia che avevano manifestato disponibilit\u00e0 a proseguire il lavoro sul territorio e che invece non sono stati reintegrati;\u00a0definendo l&#8217;accaduto come\u00a0un\u2019occasione persa.<\/p>\n<p style=\"font-weight: 400\">Ha infine invitato la Commissione a promuovere un confronto con la direzione dell\u2019Azienda sanitaria provinciale per verificare lo stato degli screening e delle attivit\u00e0 di prevenzione, e a farsi carico, come rappresentanti della citt\u00e0, di proposte concrete per migliorare i servizi di prossimit\u00e0 e la presa in carico delle persone fragili.<\/p>\n<p style=\"font-weight: 400\">Il consigliere Giuseppe Giordano, nel suo intervento, ha espresso piena condivisione delle analisi e delle proposte della dottoressa Serran\u00f2 definendo il tema della medicina di prossimit\u00e0 cruciale per la salute dei cittadini e per il futuro del sistema sanitario calabrese; ha ricordato, pertanto,\u00a0che il modello\u00a0\u201cospedalocentrico\u201d\u00a0si \u00e8 rivelato inadeguato e che dal 2010 la sanit\u00e0 avrebbe dovuto orientarsi stabilmente verso il territorio e la prevenzione; ha evidenziato le difficolt\u00e0 di attuazione delle case di comunit\u00e0 e degli ospedali di comunit\u00e0, pur previsti dal PNRR, chiedendo una verifica puntuale sullo stato degli interventi e sull\u2019utilizzo delle risorse.\u00a0Ha proposto di calendarizzare un nuovo confronto con la direzione dell\u2019ASP, con la dirigente dottoressa Di Furia e con la direzione sanitaria, per fare il punto sulle attivit\u00e0 in corso, sulle strutture territoriali da valorizzare e sugli screening oncologici; ha richiamato infine l\u2019urgenza di rafforzare l\u2019informazione e la sensibilizzazione dei cittadini, ricordando che la mancanza di prevenzione e il ritardo nell\u2019organizzazione dei servizi territoriali hanno contribuito all\u2019aumento della migrazione sanitaria e dei costi per la Regione.<\/p>\n<p style=\"font-weight: 400\">Il consigliere Pino Cuzzocrea ha sollevato la questione delle guardie mediche e della loro rilevanza territoriale; ricordando che molte sono state chiuse.<\/p>\n<p style=\"font-weight: 400\">A fine dei lavori il presidente Gianni Latella, ringraziando Paola Serran\u00f2 per il prezioso contributo, ha rinnovato l\u2019invito al confronto per poter individuare percorsi istituzionali condivisi al fine unico di poter concretizzare politiche territoriali al servizio del bene collettivo; in tal caso al servizio della salute dei cittadini: a partire dalla prevenzione.<\/p>\n<p style=\"font-weight: 400\">\n","protected":false},"excerpt":{"rendered":"<p>L\u2019ultima seduta della quinta commissione consiliare (Politiche sociali e della salute, sanit\u00e0, politiche abitative), presieduta da Gianni Latella, ha audito l\u2019oncologa Paola Serran\u00f2,\u00a0gi\u00e0 consigliere comunale e fondatrice (nonch\u00e9 gi\u00e0 presidente)&hellip;<\/p>\n","protected":false},"author":5,"featured_media":84441,"comment_status":"closed","ping_status":"open","sticky":false,"template":"","format":"standard","meta":{"_jetpack_memberships_contains_paid_content":false,"footnotes":"","jetpack_publicize_message":"","jetpack_publicize_feature_enabled":true,"jetpack_social_post_already_shared":true,"jetpack_social_options":{"image_generator_settings":{"template":"highway","default_image_id":0,"font":"","enabled":false},"version":2}},"categories":[921,150,196,140],"tags":[9778,48524,1264,48526,48525,36022],"class_list":["post-84440","post","type-post","status-publish","format-standard","has-post-thumbnail","hentry","category-home","category-in-primo-piano","category-news","category-reggio-calabria","tag-comune-di-reggio","tag-dott-ssa-paola-serrano","tag-giovanni-latella","tag-medicina-di-iniziativa","tag-medicina-di-prossimita-territoriale","tag-v-commissione"],"yoast_head":"<!-- This site is optimized with the Yoast SEO plugin v27.2 - https:\/\/yoast.com\/product\/yoast-seo-wordpress\/ -->\n<title>Comune RC: Medicina di prossimit\u00e0 territoriale in V Commissione<\/title>\n<meta name=\"description\" content=\"Affrontato\u00a0ed approfondito\u00a0il tema della sanit\u00e0 territoriale e della medicina di prossimit\u00e0 con proposte da discutere nel prossimo Consiglio\" \/>\n<meta name=\"robots\" content=\"index, follow, max-snippet:-1, max-image-preview:large, max-video-preview:-1\" \/>\n<link rel=\"canonical\" href=\"https:\/\/progettotouring.it\/radiotouring104\/2025\/10\/21\/comune-di-reggio-la-dott-ssa-serrano-audita-in-commissione-su-medicina-di-prossimita-territoriale-e-di-iniziativa\/\" \/>\n<meta property=\"og:locale\" content=\"it_IT\" \/>\n<meta property=\"og:type\" content=\"article\" \/>\n<meta property=\"og:title\" content=\"Comune RC: Medicina di prossimit\u00e0 territoriale in V Commissione\" \/>\n<meta property=\"og:description\" content=\"Affrontato\u00a0ed approfondito\u00a0il tema della sanit\u00e0 territoriale e della medicina di prossimit\u00e0 con proposte da discutere nel prossimo Consiglio\" \/>\n<meta property=\"og:url\" content=\"https:\/\/progettotouring.it\/radiotouring104\/2025\/10\/21\/comune-di-reggio-la-dott-ssa-serrano-audita-in-commissione-su-medicina-di-prossimita-territoriale-e-di-iniziativa\/\" \/>\n<meta property=\"og:site_name\" content=\"Radio Touring 104\" \/>\n<meta property=\"article:published_time\" content=\"2025-10-21T10:31:30+00:00\" \/>\n<meta property=\"article:modified_time\" content=\"2025-10-21T10:44:33+00:00\" \/>\n<meta property=\"og:image\" content=\"https:\/\/progettotouring.it\/radiotouring104\/wp-content\/uploads\/sites\/6\/2025\/10\/V-Commissione-Comune-Rc.gif\" \/>\n\t<meta property=\"og:image:width\" content=\"912\" \/>\n\t<meta property=\"og:image:height\" content=\"477\" \/>\n\t<meta property=\"og:image:type\" content=\"image\/gif\" \/>\n<meta name=\"author\" content=\"redazione\" \/>\n<meta name=\"twitter:card\" content=\"summary_large_image\" \/>\n<meta name=\"twitter:label1\" content=\"Scritto da\" \/>\n\t<meta name=\"twitter:data1\" content=\"redazione\" \/>\n\t<meta name=\"twitter:label2\" content=\"Tempo di lettura stimato\" \/>\n\t<meta name=\"twitter:data2\" content=\"3 minuti\" \/>\n<script type=\"application\/ld+json\" class=\"yoast-schema-graph\">{\"@context\":\"https:\/\/schema.org\",\"@graph\":[{\"@type\":\"Article\",\"@id\":\"https:\/\/progettotouring.it\/radiotouring104\/2025\/10\/21\/comune-di-reggio-la-dott-ssa-serrano-audita-in-commissione-su-medicina-di-prossimita-territoriale-e-di-iniziativa\/#article\",\"isPartOf\":{\"@id\":\"https:\/\/progettotouring.it\/radiotouring104\/2025\/10\/21\/comune-di-reggio-la-dott-ssa-serrano-audita-in-commissione-su-medicina-di-prossimita-territoriale-e-di-iniziativa\/\"},\"author\":{\"name\":\"redazione\",\"@id\":\"https:\/\/progettotouring.it\/radiotouring104\/#\/schema\/person\/1b3eb3c07c47136bc44c785c543e635f\"},\"headline\":\"Comune di Reggio: la dott.ssa Serran\u00f2 audita in Commissione su Medicina di Prossimit\u00e0 Territoriale e di \u201cIniziativa\u201d\",\"datePublished\":\"2025-10-21T10:31:30+00:00\",\"dateModified\":\"2025-10-21T10:44:33+00:00\",\"mainEntityOfPage\":{\"@id\":\"https:\/\/progettotouring.it\/radiotouring104\/2025\/10\/21\/comune-di-reggio-la-dott-ssa-serrano-audita-in-commissione-su-medicina-di-prossimita-territoriale-e-di-iniziativa\/\"},\"wordCount\":708,\"publisher\":{\"@id\":\"https:\/\/progettotouring.it\/radiotouring104\/#organization\"},\"image\":{\"@id\":\"https:\/\/progettotouring.it\/radiotouring104\/2025\/10\/21\/comune-di-reggio-la-dott-ssa-serrano-audita-in-commissione-su-medicina-di-prossimita-territoriale-e-di-iniziativa\/#primaryimage\"},\"thumbnailUrl\":\"https:\/\/progettotouring.it\/radiotouring104\/wp-content\/uploads\/sites\/6\/2025\/10\/V-Commissione-Comune-Rc.gif\",\"keywords\":[\"Comune di Reggio\",\"Dott.ssa Paola Serran\u00f2\",\"giovanni latella\",\"Medicina di \u201cIniziativa\u201d\",\"Medicina di Prossimit\u00e0 Territoriale\",\"V Commissione\"],\"articleSection\":[\"Home\",\"In primo piano\",\"News\",\"Reggio Calabria\"],\"inLanguage\":\"it-IT\"},{\"@type\":\"WebPage\",\"@id\":\"https:\/\/progettotouring.it\/radiotouring104\/2025\/10\/21\/comune-di-reggio-la-dott-ssa-serrano-audita-in-commissione-su-medicina-di-prossimita-territoriale-e-di-iniziativa\/\",\"url\":\"https:\/\/progettotouring.it\/radiotouring104\/2025\/10\/21\/comune-di-reggio-la-dott-ssa-serrano-audita-in-commissione-su-medicina-di-prossimita-territoriale-e-di-iniziativa\/\",\"name\":\"Comune RC: Medicina di prossimit\u00e0 territoriale in V Commissione\",\"isPartOf\":{\"@id\":\"https:\/\/progettotouring.it\/radiotouring104\/#website\"},\"primaryImageOfPage\":{\"@id\":\"https:\/\/progettotouring.it\/radiotouring104\/2025\/10\/21\/comune-di-reggio-la-dott-ssa-serrano-audita-in-commissione-su-medicina-di-prossimita-territoriale-e-di-iniziativa\/#primaryimage\"},\"image\":{\"@id\":\"https:\/\/progettotouring.it\/radiotouring104\/2025\/10\/21\/comune-di-reggio-la-dott-ssa-serrano-audita-in-commissione-su-medicina-di-prossimita-territoriale-e-di-iniziativa\/#primaryimage\"},\"thumbnailUrl\":\"https:\/\/progettotouring.it\/radiotouring104\/wp-content\/uploads\/sites\/6\/2025\/10\/V-Commissione-Comune-Rc.gif\",\"datePublished\":\"2025-10-21T10:31:30+00:00\",\"dateModified\":\"2025-10-21T10:44:33+00:00\",\"description\":\"Affrontato\u00a0ed approfondito\u00a0il tema della sanit\u00e0 territoriale e della medicina di prossimit\u00e0 con proposte da discutere nel prossimo Consiglio\",\"breadcrumb\":{\"@id\":\"https:\/\/progettotouring.it\/radiotouring104\/2025\/10\/21\/comune-di-reggio-la-dott-ssa-serrano-audita-in-commissione-su-medicina-di-prossimita-territoriale-e-di-iniziativa\/#breadcrumb\"},\"inLanguage\":\"it-IT\",\"potentialAction\":[{\"@type\":\"ReadAction\",\"target\":[\"https:\/\/progettotouring.it\/radiotouring104\/2025\/10\/21\/comune-di-reggio-la-dott-ssa-serrano-audita-in-commissione-su-medicina-di-prossimita-territoriale-e-di-iniziativa\/\"]}]},{\"@type\":\"ImageObject\",\"inLanguage\":\"it-IT\",\"@id\":\"https:\/\/progettotouring.it\/radiotouring104\/2025\/10\/21\/comune-di-reggio-la-dott-ssa-serrano-audita-in-commissione-su-medicina-di-prossimita-territoriale-e-di-iniziativa\/#primaryimage\",\"url\":\"https:\/\/progettotouring.it\/radiotouring104\/wp-content\/uploads\/sites\/6\/2025\/10\/V-Commissione-Comune-Rc.gif\",\"contentUrl\":\"https:\/\/progettotouring.it\/radiotouring104\/wp-content\/uploads\/sites\/6\/2025\/10\/V-Commissione-Comune-Rc.gif\",\"width\":912,\"height\":477},{\"@type\":\"BreadcrumbList\",\"@id\":\"https:\/\/progettotouring.it\/radiotouring104\/2025\/10\/21\/comune-di-reggio-la-dott-ssa-serrano-audita-in-commissione-su-medicina-di-prossimita-territoriale-e-di-iniziativa\/#breadcrumb\",\"itemListElement\":[{\"@type\":\"ListItem\",\"position\":1,\"name\":\"Home\",\"item\":\"https:\/\/progettotouring.it\/radiotouring104\/\"},{\"@type\":\"ListItem\",\"position\":2,\"name\":\"Comune di Reggio: la dott.ssa Serran\u00f2 audita in Commissione su Medicina di Prossimit\u00e0 Territoriale e di \u201cIniziativa\u201d\"}]},{\"@type\":\"WebSite\",\"@id\":\"https:\/\/progettotouring.it\/radiotouring104\/#website\",\"url\":\"https:\/\/progettotouring.it\/radiotouring104\/\",\"name\":\"Radio Touring 104\",\"description\":\"La prima radio Reggina\",\"publisher\":{\"@id\":\"https:\/\/progettotouring.it\/radiotouring104\/#organization\"},\"potentialAction\":[{\"@type\":\"SearchAction\",\"target\":{\"@type\":\"EntryPoint\",\"urlTemplate\":\"https:\/\/progettotouring.it\/radiotouring104\/?s={search_term_string}\"},\"query-input\":{\"@type\":\"PropertyValueSpecification\",\"valueRequired\":true,\"valueName\":\"search_term_string\"}}],\"inLanguage\":\"it-IT\"},{\"@type\":\"Organization\",\"@id\":\"https:\/\/progettotouring.it\/radiotouring104\/#organization\",\"name\":\"Radio Touring 104\",\"url\":\"https:\/\/progettotouring.it\/radiotouring104\/\",\"logo\":{\"@type\":\"ImageObject\",\"inLanguage\":\"it-IT\",\"@id\":\"https:\/\/progettotouring.it\/radiotouring104\/#\/schema\/logo\/image\/\",\"url\":\"https:\/\/progettotouring.it\/radiotouring104\/wp-content\/uploads\/sites\/6\/2022\/02\/cropped-logo-radio-touring-104.png\",\"contentUrl\":\"https:\/\/progettotouring.it\/radiotouring104\/wp-content\/uploads\/sites\/6\/2022\/02\/cropped-logo-radio-touring-104.png\",\"width\":377,\"height\":182,\"caption\":\"Radio Touring 104\"},\"image\":{\"@id\":\"https:\/\/progettotouring.it\/radiotouring104\/#\/schema\/logo\/image\/\"}},{\"@type\":\"Person\",\"@id\":\"https:\/\/progettotouring.it\/radiotouring104\/#\/schema\/person\/1b3eb3c07c47136bc44c785c543e635f\",\"name\":\"redazione\",\"image\":{\"@type\":\"ImageObject\",\"inLanguage\":\"it-IT\",\"@id\":\"https:\/\/secure.gravatar.com\/avatar\/0b31605b49f100769e8b624b3e05de1b73e1692e9568a352f60f53fd072e6e11?s=96&d=mm&r=g\",\"url\":\"https:\/\/secure.gravatar.com\/avatar\/0b31605b49f100769e8b624b3e05de1b73e1692e9568a352f60f53fd072e6e11?s=96&d=mm&r=g\",\"contentUrl\":\"https:\/\/secure.gravatar.com\/avatar\/0b31605b49f100769e8b624b3e05de1b73e1692e9568a352f60f53fd072e6e11?s=96&d=mm&r=g\",\"caption\":\"redazione\"},\"url\":\"https:\/\/progettotouring.it\/radiotouring104\/author\/redazione\/\"}]}<\/script>\n<!-- \/ Yoast SEO plugin. -->","yoast_head_json":{"title":"Comune RC: Medicina di prossimit\u00e0 territoriale in V Commissione","description":"Affrontato\u00a0ed approfondito\u00a0il tema della sanit\u00e0 territoriale e della medicina di prossimit\u00e0 con proposte da discutere nel prossimo Consiglio","robots":{"index":"index","follow":"follow","max-snippet":"max-snippet:-1","max-image-preview":"max-image-preview:large","max-video-preview":"max-video-preview:-1"},"canonical":"https:\/\/progettotouring.it\/radiotouring104\/2025\/10\/21\/comune-di-reggio-la-dott-ssa-serrano-audita-in-commissione-su-medicina-di-prossimita-territoriale-e-di-iniziativa\/","og_locale":"it_IT","og_type":"article","og_title":"Comune RC: Medicina di prossimit\u00e0 territoriale in V Commissione","og_description":"Affrontato\u00a0ed approfondito\u00a0il tema della sanit\u00e0 territoriale e della medicina di prossimit\u00e0 con proposte da discutere nel prossimo Consiglio","og_url":"https:\/\/progettotouring.it\/radiotouring104\/2025\/10\/21\/comune-di-reggio-la-dott-ssa-serrano-audita-in-commissione-su-medicina-di-prossimita-territoriale-e-di-iniziativa\/","og_site_name":"Radio Touring 104","article_published_time":"2025-10-21T10:31:30+00:00","article_modified_time":"2025-10-21T10:44:33+00:00","og_image":[{"width":912,"height":477,"url":"https:\/\/progettotouring.it\/radiotouring104\/wp-content\/uploads\/sites\/6\/2025\/10\/V-Commissione-Comune-Rc.gif","type":"image\/gif"}],"author":"redazione","twitter_card":"summary_large_image","twitter_misc":{"Scritto da":"redazione","Tempo di lettura stimato":"3 minuti"},"schema":{"@context":"https:\/\/schema.org","@graph":[{"@type":"Article","@id":"https:\/\/progettotouring.it\/radiotouring104\/2025\/10\/21\/comune-di-reggio-la-dott-ssa-serrano-audita-in-commissione-su-medicina-di-prossimita-territoriale-e-di-iniziativa\/#article","isPartOf":{"@id":"https:\/\/progettotouring.it\/radiotouring104\/2025\/10\/21\/comune-di-reggio-la-dott-ssa-serrano-audita-in-commissione-su-medicina-di-prossimita-territoriale-e-di-iniziativa\/"},"author":{"name":"redazione","@id":"https:\/\/progettotouring.it\/radiotouring104\/#\/schema\/person\/1b3eb3c07c47136bc44c785c543e635f"},"headline":"Comune di Reggio: la dott.ssa Serran\u00f2 audita in Commissione su Medicina di Prossimit\u00e0 Territoriale e di \u201cIniziativa\u201d","datePublished":"2025-10-21T10:31:30+00:00","dateModified":"2025-10-21T10:44:33+00:00","mainEntityOfPage":{"@id":"https:\/\/progettotouring.it\/radiotouring104\/2025\/10\/21\/comune-di-reggio-la-dott-ssa-serrano-audita-in-commissione-su-medicina-di-prossimita-territoriale-e-di-iniziativa\/"},"wordCount":708,"publisher":{"@id":"https:\/\/progettotouring.it\/radiotouring104\/#organization"},"image":{"@id":"https:\/\/progettotouring.it\/radiotouring104\/2025\/10\/21\/comune-di-reggio-la-dott-ssa-serrano-audita-in-commissione-su-medicina-di-prossimita-territoriale-e-di-iniziativa\/#primaryimage"},"thumbnailUrl":"https:\/\/progettotouring.it\/radiotouring104\/wp-content\/uploads\/sites\/6\/2025\/10\/V-Commissione-Comune-Rc.gif","keywords":["Comune di Reggio","Dott.ssa Paola Serran\u00f2","giovanni latella","Medicina di \u201cIniziativa\u201d","Medicina di Prossimit\u00e0 Territoriale","V Commissione"],"articleSection":["Home","In primo piano","News","Reggio Calabria"],"inLanguage":"it-IT"},{"@type":"WebPage","@id":"https:\/\/progettotouring.it\/radiotouring104\/2025\/10\/21\/comune-di-reggio-la-dott-ssa-serrano-audita-in-commissione-su-medicina-di-prossimita-territoriale-e-di-iniziativa\/","url":"https:\/\/progettotouring.it\/radiotouring104\/2025\/10\/21\/comune-di-reggio-la-dott-ssa-serrano-audita-in-commissione-su-medicina-di-prossimita-territoriale-e-di-iniziativa\/","name":"Comune RC: Medicina di prossimit\u00e0 territoriale in V Commissione","isPartOf":{"@id":"https:\/\/progettotouring.it\/radiotouring104\/#website"},"primaryImageOfPage":{"@id":"https:\/\/progettotouring.it\/radiotouring104\/2025\/10\/21\/comune-di-reggio-la-dott-ssa-serrano-audita-in-commissione-su-medicina-di-prossimita-territoriale-e-di-iniziativa\/#primaryimage"},"image":{"@id":"https:\/\/progettotouring.it\/radiotouring104\/2025\/10\/21\/comune-di-reggio-la-dott-ssa-serrano-audita-in-commissione-su-medicina-di-prossimita-territoriale-e-di-iniziativa\/#primaryimage"},"thumbnailUrl":"https:\/\/progettotouring.it\/radiotouring104\/wp-content\/uploads\/sites\/6\/2025\/10\/V-Commissione-Comune-Rc.gif","datePublished":"2025-10-21T10:31:30+00:00","dateModified":"2025-10-21T10:44:33+00:00","description":"Affrontato\u00a0ed approfondito\u00a0il tema della sanit\u00e0 territoriale e della medicina di prossimit\u00e0 con proposte da discutere nel prossimo Consiglio","breadcrumb":{"@id":"https:\/\/progettotouring.it\/radiotouring104\/2025\/10\/21\/comune-di-reggio-la-dott-ssa-serrano-audita-in-commissione-su-medicina-di-prossimita-territoriale-e-di-iniziativa\/#breadcrumb"},"inLanguage":"it-IT","potentialAction":[{"@type":"ReadAction","target":["https:\/\/progettotouring.it\/radiotouring104\/2025\/10\/21\/comune-di-reggio-la-dott-ssa-serrano-audita-in-commissione-su-medicina-di-prossimita-territoriale-e-di-iniziativa\/"]}]},{"@type":"ImageObject","inLanguage":"it-IT","@id":"https:\/\/progettotouring.it\/radiotouring104\/2025\/10\/21\/comune-di-reggio-la-dott-ssa-serrano-audita-in-commissione-su-medicina-di-prossimita-territoriale-e-di-iniziativa\/#primaryimage","url":"https:\/\/progettotouring.it\/radiotouring104\/wp-content\/uploads\/sites\/6\/2025\/10\/V-Commissione-Comune-Rc.gif","contentUrl":"https:\/\/progettotouring.it\/radiotouring104\/wp-content\/uploads\/sites\/6\/2025\/10\/V-Commissione-Comune-Rc.gif","width":912,"height":477},{"@type":"BreadcrumbList","@id":"https:\/\/progettotouring.it\/radiotouring104\/2025\/10\/21\/comune-di-reggio-la-dott-ssa-serrano-audita-in-commissione-su-medicina-di-prossimita-territoriale-e-di-iniziativa\/#breadcrumb","itemListElement":[{"@type":"ListItem","position":1,"name":"Home","item":"https:\/\/progettotouring.it\/radiotouring104\/"},{"@type":"ListItem","position":2,"name":"Comune di Reggio: la dott.ssa Serran\u00f2 audita in Commissione su Medicina di Prossimit\u00e0 Territoriale e di \u201cIniziativa\u201d"}]},{"@type":"WebSite","@id":"https:\/\/progettotouring.it\/radiotouring104\/#website","url":"https:\/\/progettotouring.it\/radiotouring104\/","name":"Radio Touring 104","description":"La prima radio Reggina","publisher":{"@id":"https:\/\/progettotouring.it\/radiotouring104\/#organization"},"potentialAction":[{"@type":"SearchAction","target":{"@type":"EntryPoint","urlTemplate":"https:\/\/progettotouring.it\/radiotouring104\/?s={search_term_string}"},"query-input":{"@type":"PropertyValueSpecification","valueRequired":true,"valueName":"search_term_string"}}],"inLanguage":"it-IT"},{"@type":"Organization","@id":"https:\/\/progettotouring.it\/radiotouring104\/#organization","name":"Radio Touring 104","url":"https:\/\/progettotouring.it\/radiotouring104\/","logo":{"@type":"ImageObject","inLanguage":"it-IT","@id":"https:\/\/progettotouring.it\/radiotouring104\/#\/schema\/logo\/image\/","url":"https:\/\/progettotouring.it\/radiotouring104\/wp-content\/uploads\/sites\/6\/2022\/02\/cropped-logo-radio-touring-104.png","contentUrl":"https:\/\/progettotouring.it\/radiotouring104\/wp-content\/uploads\/sites\/6\/2022\/02\/cropped-logo-radio-touring-104.png","width":377,"height":182,"caption":"Radio Touring 104"},"image":{"@id":"https:\/\/progettotouring.it\/radiotouring104\/#\/schema\/logo\/image\/"}},{"@type":"Person","@id":"https:\/\/progettotouring.it\/radiotouring104\/#\/schema\/person\/1b3eb3c07c47136bc44c785c543e635f","name":"redazione","image":{"@type":"ImageObject","inLanguage":"it-IT","@id":"https:\/\/secure.gravatar.com\/avatar\/0b31605b49f100769e8b624b3e05de1b73e1692e9568a352f60f53fd072e6e11?s=96&d=mm&r=g","url":"https:\/\/secure.gravatar.com\/avatar\/0b31605b49f100769e8b624b3e05de1b73e1692e9568a352f60f53fd072e6e11?s=96&d=mm&r=g","contentUrl":"https:\/\/secure.gravatar.com\/avatar\/0b31605b49f100769e8b624b3e05de1b73e1692e9568a352f60f53fd072e6e11?s=96&d=mm&r=g","caption":"redazione"},"url":"https:\/\/progettotouring.it\/radiotouring104\/author\/redazione\/"}]}},"jetpack_publicize_connections":[],"jetpack_featured_media_url":"https:\/\/progettotouring.it\/radiotouring104\/wp-content\/uploads\/sites\/6\/2025\/10\/V-Commissione-Comune-Rc.gif","jetpack_sharing_enabled":true,"_links":{"self":[{"href":"https:\/\/progettotouring.it\/radiotouring104\/wp-json\/wp\/v2\/posts\/84440","targetHints":{"allow":["GET"]}}],"collection":[{"href":"https:\/\/progettotouring.it\/radiotouring104\/wp-json\/wp\/v2\/posts"}],"about":[{"href":"https:\/\/progettotouring.it\/radiotouring104\/wp-json\/wp\/v2\/types\/post"}],"author":[{"embeddable":true,"href":"https:\/\/progettotouring.it\/radiotouring104\/wp-json\/wp\/v2\/users\/5"}],"replies":[{"embeddable":true,"href":"https:\/\/progettotouring.it\/radiotouring104\/wp-json\/wp\/v2\/comments?post=84440"}],"version-history":[{"count":2,"href":"https:\/\/progettotouring.it\/radiotouring104\/wp-json\/wp\/v2\/posts\/84440\/revisions"}],"predecessor-version":[{"id":84443,"href":"https:\/\/progettotouring.it\/radiotouring104\/wp-json\/wp\/v2\/posts\/84440\/revisions\/84443"}],"wp:featuredmedia":[{"embeddable":true,"href":"https:\/\/progettotouring.it\/radiotouring104\/wp-json\/wp\/v2\/media\/84441"}],"wp:attachment":[{"href":"https:\/\/progettotouring.it\/radiotouring104\/wp-json\/wp\/v2\/media?parent=84440"}],"wp:term":[{"taxonomy":"category","embeddable":true,"href":"https:\/\/progettotouring.it\/radiotouring104\/wp-json\/wp\/v2\/categories?post=84440"},{"taxonomy":"post_tag","embeddable":true,"href":"https:\/\/progettotouring.it\/radiotouring104\/wp-json\/wp\/v2\/tags?post=84440"}],"curies":[{"name":"wp","href":"https:\/\/api.w.org\/{rel}","templated":true}]}}