{"id":84444,"date":"2025-10-21T12:44:05","date_gmt":"2025-10-21T10:44:05","guid":{"rendered":"https:\/\/progettotouring.it\/radiotouring104\/?p=84444"},"modified":"2025-10-21T12:44:28","modified_gmt":"2025-10-21T10:44:28","slug":"reggio-ultima-nel-rapporto-ecosistema-urbano-2025-di-legambiente-minasi-fotografia-impietosa","status":"publish","type":"post","link":"https:\/\/progettotouring.it\/radiotouring104\/2025\/10\/21\/reggio-ultima-nel-rapporto-ecosistema-urbano-2025-di-legambiente-minasi-fotografia-impietosa\/","title":{"rendered":"Reggio ultima nel &#8220;Rapporto Ecosistema Urbano 2025&#8221; di Legambiente, Minasi: &#8220;Fotografia impietosa&#8221;"},"content":{"rendered":"<p class=\"xmprfx_gmail-Didefault\"><span lang=\"FR\">\u00abLa fotografia di Reggio Calabria restituita dal Rapporto Ecosistema Urbano di Legambiente<span class=\"xmprfx_gmail-Apple-converted-space\">\u00a0<\/span><\/span>non pu\u00f2 essere ignorata n<span lang=\"FR\">\u00e9<span class=\"xmprfx_gmail-Apple-converted-space\">\u00a0<\/span><\/span>minimizzata. E\u2019 un quadro impietoso che cristallizza il fallimento di una classe dirigente incapace persino di garantire il minimo ai cittadini. La conferma finale di una pessima gestione che attendiamo di poter finalmente interrompere e archiviare con le prossime elezioni comunali, prima che questa Amministrazione faccia definitivamente morire la citt\u00e0\u00bb.<span class=\"xmprfx_gmail-Apple-converted-space\">\u00a0<\/span><\/p>\n<p class=\"xmprfx_gmail-Didefault\">La Senatrice della Lega Tilde Minasi interviene con queste dure parole a commento del dossier<span class=\"xmprfx_gmail-Apple-converted-space\">\u00a0<\/span>di Legambiente<span class=\"xmprfx_gmail-Apple-converted-space\">\u00a0<\/span>realizzato in collaborazione con Ambiente Italia e Il Sole 24 Ore, per il quale Reggio Calabria si colloca al 105\u00b0 e ultimo posto tra i capoluoghi italiani per performance ambientali e qualit<span lang=\"FR\">\u00e0<span class=\"xmprfx_gmail-Apple-converted-space\">\u00a0<\/span><\/span>dei servizi, con trasporto pubblico, piste ciclabili, uso efficiente del suolo e gestione dei rifiuti tra i dati peggiori d<span dir=\"RTL\" lang=\"AR-SA\">\u2019<\/span>Italia.<\/p>\n<p class=\"xmprfx_gmail-Didefault\"><span lang=\"FR\">\u00ab<\/span>Non si tratta solo di una classifica<span class=\"xmprfx_gmail-Apple-converted-space\">\u00a0<\/span><span lang=\"FR\">\u2013<span class=\"xmprfx_gmail-Apple-converted-space\">\u00a0<\/span><\/span>prosegue la Senatrice<span class=\"xmprfx_gmail-Apple-converted-space\">\u00a0<\/span><span lang=\"FR\">\u2013<span class=\"xmprfx_gmail-Apple-converted-space\">\u00a0<\/span><\/span>ma di un atto d<span dir=\"RTL\" lang=\"AR-SA\">\u2019<\/span>accusa politico e amministrativo. Mentre altrove si investe in citt<span lang=\"FR\">\u00e0 pi<\/span>\u00f9 vivibili, pi\u00f9 sostenibili, pi\u00f9 moderne, Reggio resta ferma. Ostaggio di un<span dir=\"RTL\" lang=\"AR-SA\">\u2019<\/span>Amministrazione priva di visione, che non riesce nemmeno a migliorare la raccolta differenziata, bloccata al 30%.<\/p>\n<p class=\"xmprfx_gmail-Didefault\">\u00c8 inaccettabile<span class=\"xmprfx_gmail-Apple-converted-space\">\u00a0<\/span><span lang=\"FR\">\u2013<span class=\"xmprfx_gmail-Apple-converted-space\">\u00a0<\/span><\/span>aggiunge<span class=\"xmprfx_gmail-Apple-converted-space\">\u00a0<\/span><span lang=\"FR\">\u2013<span class=\"xmprfx_gmail-Apple-converted-space\">\u00a0<\/span><\/span>che una citt<span lang=\"FR\">\u00e0<span class=\"xmprfx_gmail-Apple-converted-space\">\u00a0<\/span><\/span>con potenzialit<span lang=\"FR\">\u00e0<span class=\"xmprfx_gmail-Apple-converted-space\">\u00a0<\/span><\/span>straordinarie venga sistematicamente penalizzata da chi avrebbe il dovere di amministrarla con competenza e responsabilit<span lang=\"FR\">\u00e0<\/span>. Oggi i cittadini percorrono strade dissestate, respirano aria pi\u00f9 inquinata e non possono contare su un trasporto pubblico all<span dir=\"RTL\" lang=\"AR-SA\">\u2019<\/span>altezza. \u00c8 questa la sostenibilit<span lang=\"FR\">\u00e0<span class=\"xmprfx_gmail-Apple-converted-space\">\u00a0<\/span><\/span>che ci viene proposta da Palazzo San Giorgio?\u00bb<\/p>\n<p class=\"xmprfx_gmail-Didefault\">La senatrice Minasi sottolinea come anche altre realt<span lang=\"FR\">\u00e0<span class=\"xmprfx_gmail-Apple-converted-space\">\u00a0<\/span><\/span>del Sud, a partire da Cosenza (36<span lang=\"FR\">\u00aa<span class=\"xmprfx_gmail-Apple-converted-space\">\u00a0<\/span><\/span>in classifica), dimostrino che invertire la rotta \u00e8 possibile: a patto che ci siano visione, progettualit<span lang=\"FR\">\u00e0<span class=\"xmprfx_gmail-Apple-converted-space\">\u00a0<\/span><\/span>e amministrazioni capaci di trasformare le risorse in risultati.<\/p>\n<p class=\"xmprfx_gmail-Didefault\">\u00abIl report di Legambiente<span class=\"xmprfx_gmail-Apple-converted-space\">\u00a0<\/span><span lang=\"FR\">\u2013<span class=\"xmprfx_gmail-Apple-converted-space\">\u00a0<\/span><\/span>sottolinea Minasi<span lang=\"FR\"><span class=\"xmprfx_gmail-Apple-converted-space\">\u00a0<\/span>\u2013<span class=\"xmprfx_gmail-Apple-converted-space\">\u00a0<\/span><\/span>ci dice chiaramente che a Reggio Calabria non mancano le opportunit<span lang=\"FR\">\u00e0<\/span>, mancano le scelte giuste. E chi ha governato finora dovr<span lang=\"FR\">\u00e0<span class=\"xmprfx_gmail-Apple-converted-space\">\u00a0<\/span><\/span>assumersi la responsabilit<span lang=\"FR\">\u00e0<span class=\"xmprfx_gmail-Apple-converted-space\">\u00a0<\/span><\/span>politica di questo ennesimo fallimento.<\/p>\n<p class=\"xmprfx_gmail-Didefault\">Questa classifica, oltre ad essere un campanello d<span dir=\"RTL\" lang=\"AR-SA\">\u2019<\/span>allarme \u2013 dice ancora \u2013 \u00e8 un invito urgente a cambiare passo.<span class=\"xmprfx_gmail-Apple-converted-space\">\u00a0<\/span><\/p>\n<p class=\"xmprfx_gmail-Didefault\">Da parte mia non posso che prenderne atto e rilanciare un impegno concreto.<br \/>\n\u00c8<span class=\"xmprfx_gmail-Apple-converted-space\">\u00a0<\/span>tempo che Reggio Calabria torni protagonista. Non come<span class=\"xmprfx_gmail-Apple-converted-space\">\u00a0<\/span><span dir=\"RTL\" lang=\"AR-SA\">\u201c<\/span>caso da recuperare<span lang=\"FR\">\u201d<\/span>, ma come modello di rinascita urbana. Perch<span lang=\"FR\">\u00e9 \u2013 conclude \u2013<span class=\"xmprfx_gmail-Apple-converted-space\">\u00a0<\/span><\/span>ogni ulteriore ritardo oggi si traduce in minor qualit<span lang=\"FR\">\u00e0<span class=\"xmprfx_gmail-Apple-converted-space\">\u00a0<\/span><\/span>della vita domani\u00bb<span lang=\"FR\">.<\/span><\/p>\n<p class=\"xmprfx_gmail-Didefault\"><span lang=\"FR\">\u00a0<\/span><\/p>\n","protected":false},"excerpt":{"rendered":"<p>\u00abLa fotografia di Reggio Calabria restituita dal Rapporto Ecosistema Urbano di Legambiente\u00a0non pu\u00f2 essere ignorata n\u00e9\u00a0minimizzata. E\u2019 un quadro impietoso che cristallizza il fallimento di una classe dirigente incapace persino&hellip;<\/p>\n","protected":false},"author":5,"featured_media":10212,"comment_status":"closed","ping_status":"open","sticky":false,"template":"","format":"standard","meta":{"_jetpack_memberships_contains_paid_content":false,"footnotes":"","jetpack_publicize_message":"","jetpack_publicize_feature_enabled":true,"jetpack_social_post_already_shared":true,"jetpack_social_options":{"image_generator_settings":{"template":"highway","default_image_id":0,"font":"","enabled":false},"version":2}},"categories":[921,196,195],"tags":[48527,48528,6129,38733,1412],"class_list":["post-84444","post","type-post","status-publish","format-standard","has-post-thumbnail","hentry","category-home","category-news","category-politica","tag-rapporto-ecosistema-urbano-2025","tag-fotografia-impietosa","tag-legambiente","tag-reggio-ultima","tag-tilde-minasi"],"yoast_head":"<!-- This site is optimized with the Yoast SEO plugin v27.2 - https:\/\/yoast.com\/product\/yoast-seo-wordpress\/ -->\n<title>Reggio ultima nel &quot;Rapporto Ecosistema Urbano 2025&quot; di Legambiente, Minasi: &quot;Fotografia impietosa&quot; - Radio Touring 104<\/title>\n<meta name=\"description\" content=\"&quot;La fotografia di Reggio restituita dal Rapporto\u00a0non pu\u00f2 essere ignorata n\u00e9\u00a0minimizzata&quot;, dichiara la Senatrice della Lega\" \/>\n<meta name=\"robots\" content=\"index, follow, max-snippet:-1, max-image-preview:large, max-video-preview:-1\" \/>\n<link rel=\"canonical\" href=\"https:\/\/progettotouring.it\/radiotouring104\/2025\/10\/21\/reggio-ultima-nel-rapporto-ecosistema-urbano-2025-di-legambiente-minasi-fotografia-impietosa\/\" \/>\n<meta property=\"og:locale\" content=\"it_IT\" \/>\n<meta property=\"og:type\" content=\"article\" \/>\n<meta property=\"og:title\" content=\"Reggio ultima nel &quot;Rapporto Ecosistema Urbano 2025&quot; di Legambiente, Minasi: &quot;Fotografia impietosa&quot; - Radio Touring 104\" \/>\n<meta property=\"og:description\" content=\"&quot;La fotografia di Reggio restituita dal Rapporto\u00a0non pu\u00f2 essere ignorata n\u00e9\u00a0minimizzata&quot;, dichiara la Senatrice della Lega\" \/>\n<meta property=\"og:url\" content=\"https:\/\/progettotouring.it\/radiotouring104\/2025\/10\/21\/reggio-ultima-nel-rapporto-ecosistema-urbano-2025-di-legambiente-minasi-fotografia-impietosa\/\" \/>\n<meta property=\"og:site_name\" content=\"Radio Touring 104\" \/>\n<meta property=\"article:published_time\" content=\"2025-10-21T10:44:05+00:00\" \/>\n<meta property=\"article:modified_time\" content=\"2025-10-21T10:44:28+00:00\" \/>\n<meta property=\"og:image\" content=\"https:\/\/progettotouring.it\/radiotouring104\/wp-content\/uploads\/sites\/6\/2022\/10\/tilde-minasi.jpg\" \/>\n\t<meta property=\"og:image:width\" content=\"932\" \/>\n\t<meta property=\"og:image:height\" content=\"716\" \/>\n\t<meta property=\"og:image:type\" content=\"image\/jpeg\" \/>\n<meta name=\"author\" content=\"redazione\" \/>\n<meta name=\"twitter:card\" content=\"summary_large_image\" \/>\n<meta name=\"twitter:label1\" content=\"Scritto da\" \/>\n\t<meta name=\"twitter:data1\" content=\"redazione\" \/>\n\t<meta name=\"twitter:label2\" content=\"Tempo di lettura stimato\" \/>\n\t<meta name=\"twitter:data2\" content=\"2 minuti\" \/>\n<script type=\"application\/ld+json\" class=\"yoast-schema-graph\">{\"@context\":\"https:\/\/schema.org\",\"@graph\":[{\"@type\":\"Article\",\"@id\":\"https:\/\/progettotouring.it\/radiotouring104\/2025\/10\/21\/reggio-ultima-nel-rapporto-ecosistema-urbano-2025-di-legambiente-minasi-fotografia-impietosa\/#article\",\"isPartOf\":{\"@id\":\"https:\/\/progettotouring.it\/radiotouring104\/2025\/10\/21\/reggio-ultima-nel-rapporto-ecosistema-urbano-2025-di-legambiente-minasi-fotografia-impietosa\/\"},\"author\":{\"name\":\"redazione\",\"@id\":\"https:\/\/progettotouring.it\/radiotouring104\/#\/schema\/person\/1b3eb3c07c47136bc44c785c543e635f\"},\"headline\":\"Reggio ultima nel &#8220;Rapporto Ecosistema Urbano 2025&#8221; di Legambiente, Minasi: &#8220;Fotografia impietosa&#8221;\",\"datePublished\":\"2025-10-21T10:44:05+00:00\",\"dateModified\":\"2025-10-21T10:44:28+00:00\",\"mainEntityOfPage\":{\"@id\":\"https:\/\/progettotouring.it\/radiotouring104\/2025\/10\/21\/reggio-ultima-nel-rapporto-ecosistema-urbano-2025-di-legambiente-minasi-fotografia-impietosa\/\"},\"wordCount\":385,\"publisher\":{\"@id\":\"https:\/\/progettotouring.it\/radiotouring104\/#organization\"},\"image\":{\"@id\":\"https:\/\/progettotouring.it\/radiotouring104\/2025\/10\/21\/reggio-ultima-nel-rapporto-ecosistema-urbano-2025-di-legambiente-minasi-fotografia-impietosa\/#primaryimage\"},\"thumbnailUrl\":\"https:\/\/progettotouring.it\/radiotouring104\/wp-content\/uploads\/sites\/6\/2022\/10\/tilde-minasi.jpg\",\"keywords\":[\"\\\"Rapporto Ecosistema Urbano 2025\\\"\",\"Fotografia impietosa\",\"Legambiente\",\"Reggio ultima\",\"Tilde Minasi\"],\"articleSection\":[\"Home\",\"News\",\"Politica\"],\"inLanguage\":\"it-IT\"},{\"@type\":\"WebPage\",\"@id\":\"https:\/\/progettotouring.it\/radiotouring104\/2025\/10\/21\/reggio-ultima-nel-rapporto-ecosistema-urbano-2025-di-legambiente-minasi-fotografia-impietosa\/\",\"url\":\"https:\/\/progettotouring.it\/radiotouring104\/2025\/10\/21\/reggio-ultima-nel-rapporto-ecosistema-urbano-2025-di-legambiente-minasi-fotografia-impietosa\/\",\"name\":\"Reggio ultima nel \\\"Rapporto Ecosistema Urbano 2025\\\" di Legambiente, Minasi: \\\"Fotografia impietosa\\\" - Radio Touring 104\",\"isPartOf\":{\"@id\":\"https:\/\/progettotouring.it\/radiotouring104\/#website\"},\"primaryImageOfPage\":{\"@id\":\"https:\/\/progettotouring.it\/radiotouring104\/2025\/10\/21\/reggio-ultima-nel-rapporto-ecosistema-urbano-2025-di-legambiente-minasi-fotografia-impietosa\/#primaryimage\"},\"image\":{\"@id\":\"https:\/\/progettotouring.it\/radiotouring104\/2025\/10\/21\/reggio-ultima-nel-rapporto-ecosistema-urbano-2025-di-legambiente-minasi-fotografia-impietosa\/#primaryimage\"},\"thumbnailUrl\":\"https:\/\/progettotouring.it\/radiotouring104\/wp-content\/uploads\/sites\/6\/2022\/10\/tilde-minasi.jpg\",\"datePublished\":\"2025-10-21T10:44:05+00:00\",\"dateModified\":\"2025-10-21T10:44:28+00:00\",\"description\":\"\\\"La fotografia di Reggio restituita dal Rapporto\u00a0non pu\u00f2 essere ignorata n\u00e9\u00a0minimizzata\\\", dichiara la Senatrice della Lega\",\"breadcrumb\":{\"@id\":\"https:\/\/progettotouring.it\/radiotouring104\/2025\/10\/21\/reggio-ultima-nel-rapporto-ecosistema-urbano-2025-di-legambiente-minasi-fotografia-impietosa\/#breadcrumb\"},\"inLanguage\":\"it-IT\",\"potentialAction\":[{\"@type\":\"ReadAction\",\"target\":[\"https:\/\/progettotouring.it\/radiotouring104\/2025\/10\/21\/reggio-ultima-nel-rapporto-ecosistema-urbano-2025-di-legambiente-minasi-fotografia-impietosa\/\"]}]},{\"@type\":\"ImageObject\",\"inLanguage\":\"it-IT\",\"@id\":\"https:\/\/progettotouring.it\/radiotouring104\/2025\/10\/21\/reggio-ultima-nel-rapporto-ecosistema-urbano-2025-di-legambiente-minasi-fotografia-impietosa\/#primaryimage\",\"url\":\"https:\/\/progettotouring.it\/radiotouring104\/wp-content\/uploads\/sites\/6\/2022\/10\/tilde-minasi.jpg\",\"contentUrl\":\"https:\/\/progettotouring.it\/radiotouring104\/wp-content\/uploads\/sites\/6\/2022\/10\/tilde-minasi.jpg\",\"width\":932,\"height\":716},{\"@type\":\"BreadcrumbList\",\"@id\":\"https:\/\/progettotouring.it\/radiotouring104\/2025\/10\/21\/reggio-ultima-nel-rapporto-ecosistema-urbano-2025-di-legambiente-minasi-fotografia-impietosa\/#breadcrumb\",\"itemListElement\":[{\"@type\":\"ListItem\",\"position\":1,\"name\":\"Home\",\"item\":\"https:\/\/progettotouring.it\/radiotouring104\/\"},{\"@type\":\"ListItem\",\"position\":2,\"name\":\"Reggio ultima nel &#8220;Rapporto Ecosistema Urbano 2025&#8221; di Legambiente, Minasi: &#8220;Fotografia impietosa&#8221;\"}]},{\"@type\":\"WebSite\",\"@id\":\"https:\/\/progettotouring.it\/radiotouring104\/#website\",\"url\":\"https:\/\/progettotouring.it\/radiotouring104\/\",\"name\":\"Radio Touring 104\",\"description\":\"La prima radio Reggina\",\"publisher\":{\"@id\":\"https:\/\/progettotouring.it\/radiotouring104\/#organization\"},\"potentialAction\":[{\"@type\":\"SearchAction\",\"target\":{\"@type\":\"EntryPoint\",\"urlTemplate\":\"https:\/\/progettotouring.it\/radiotouring104\/?s={search_term_string}\"},\"query-input\":{\"@type\":\"PropertyValueSpecification\",\"valueRequired\":true,\"valueName\":\"search_term_string\"}}],\"inLanguage\":\"it-IT\"},{\"@type\":\"Organization\",\"@id\":\"https:\/\/progettotouring.it\/radiotouring104\/#organization\",\"name\":\"Radio Touring 104\",\"url\":\"https:\/\/progettotouring.it\/radiotouring104\/\",\"logo\":{\"@type\":\"ImageObject\",\"inLanguage\":\"it-IT\",\"@id\":\"https:\/\/progettotouring.it\/radiotouring104\/#\/schema\/logo\/image\/\",\"url\":\"https:\/\/progettotouring.it\/radiotouring104\/wp-content\/uploads\/sites\/6\/2022\/02\/cropped-logo-radio-touring-104.png\",\"contentUrl\":\"https:\/\/progettotouring.it\/radiotouring104\/wp-content\/uploads\/sites\/6\/2022\/02\/cropped-logo-radio-touring-104.png\",\"width\":377,\"height\":182,\"caption\":\"Radio Touring 104\"},\"image\":{\"@id\":\"https:\/\/progettotouring.it\/radiotouring104\/#\/schema\/logo\/image\/\"}},{\"@type\":\"Person\",\"@id\":\"https:\/\/progettotouring.it\/radiotouring104\/#\/schema\/person\/1b3eb3c07c47136bc44c785c543e635f\",\"name\":\"redazione\",\"image\":{\"@type\":\"ImageObject\",\"inLanguage\":\"it-IT\",\"@id\":\"https:\/\/secure.gravatar.com\/avatar\/0b31605b49f100769e8b624b3e05de1b73e1692e9568a352f60f53fd072e6e11?s=96&d=mm&r=g\",\"url\":\"https:\/\/secure.gravatar.com\/avatar\/0b31605b49f100769e8b624b3e05de1b73e1692e9568a352f60f53fd072e6e11?s=96&d=mm&r=g\",\"contentUrl\":\"https:\/\/secure.gravatar.com\/avatar\/0b31605b49f100769e8b624b3e05de1b73e1692e9568a352f60f53fd072e6e11?s=96&d=mm&r=g\",\"caption\":\"redazione\"},\"url\":\"https:\/\/progettotouring.it\/radiotouring104\/author\/redazione\/\"}]}<\/script>\n<!-- \/ Yoast SEO plugin. -->","yoast_head_json":{"title":"Reggio ultima nel \"Rapporto Ecosistema Urbano 2025\" di Legambiente, Minasi: \"Fotografia impietosa\" - Radio Touring 104","description":"\"La fotografia di Reggio restituita dal Rapporto\u00a0non pu\u00f2 essere ignorata n\u00e9\u00a0minimizzata\", dichiara la Senatrice della Lega","robots":{"index":"index","follow":"follow","max-snippet":"max-snippet:-1","max-image-preview":"max-image-preview:large","max-video-preview":"max-video-preview:-1"},"canonical":"https:\/\/progettotouring.it\/radiotouring104\/2025\/10\/21\/reggio-ultima-nel-rapporto-ecosistema-urbano-2025-di-legambiente-minasi-fotografia-impietosa\/","og_locale":"it_IT","og_type":"article","og_title":"Reggio ultima nel \"Rapporto Ecosistema Urbano 2025\" di Legambiente, Minasi: \"Fotografia impietosa\" - Radio Touring 104","og_description":"\"La fotografia di Reggio restituita dal Rapporto\u00a0non pu\u00f2 essere ignorata n\u00e9\u00a0minimizzata\", dichiara la Senatrice della Lega","og_url":"https:\/\/progettotouring.it\/radiotouring104\/2025\/10\/21\/reggio-ultima-nel-rapporto-ecosistema-urbano-2025-di-legambiente-minasi-fotografia-impietosa\/","og_site_name":"Radio Touring 104","article_published_time":"2025-10-21T10:44:05+00:00","article_modified_time":"2025-10-21T10:44:28+00:00","og_image":[{"width":932,"height":716,"url":"https:\/\/progettotouring.it\/radiotouring104\/wp-content\/uploads\/sites\/6\/2022\/10\/tilde-minasi.jpg","type":"image\/jpeg"}],"author":"redazione","twitter_card":"summary_large_image","twitter_misc":{"Scritto da":"redazione","Tempo di lettura stimato":"2 minuti"},"schema":{"@context":"https:\/\/schema.org","@graph":[{"@type":"Article","@id":"https:\/\/progettotouring.it\/radiotouring104\/2025\/10\/21\/reggio-ultima-nel-rapporto-ecosistema-urbano-2025-di-legambiente-minasi-fotografia-impietosa\/#article","isPartOf":{"@id":"https:\/\/progettotouring.it\/radiotouring104\/2025\/10\/21\/reggio-ultima-nel-rapporto-ecosistema-urbano-2025-di-legambiente-minasi-fotografia-impietosa\/"},"author":{"name":"redazione","@id":"https:\/\/progettotouring.it\/radiotouring104\/#\/schema\/person\/1b3eb3c07c47136bc44c785c543e635f"},"headline":"Reggio ultima nel &#8220;Rapporto Ecosistema Urbano 2025&#8221; di Legambiente, Minasi: &#8220;Fotografia impietosa&#8221;","datePublished":"2025-10-21T10:44:05+00:00","dateModified":"2025-10-21T10:44:28+00:00","mainEntityOfPage":{"@id":"https:\/\/progettotouring.it\/radiotouring104\/2025\/10\/21\/reggio-ultima-nel-rapporto-ecosistema-urbano-2025-di-legambiente-minasi-fotografia-impietosa\/"},"wordCount":385,"publisher":{"@id":"https:\/\/progettotouring.it\/radiotouring104\/#organization"},"image":{"@id":"https:\/\/progettotouring.it\/radiotouring104\/2025\/10\/21\/reggio-ultima-nel-rapporto-ecosistema-urbano-2025-di-legambiente-minasi-fotografia-impietosa\/#primaryimage"},"thumbnailUrl":"https:\/\/progettotouring.it\/radiotouring104\/wp-content\/uploads\/sites\/6\/2022\/10\/tilde-minasi.jpg","keywords":["\"Rapporto Ecosistema Urbano 2025\"","Fotografia impietosa","Legambiente","Reggio ultima","Tilde Minasi"],"articleSection":["Home","News","Politica"],"inLanguage":"it-IT"},{"@type":"WebPage","@id":"https:\/\/progettotouring.it\/radiotouring104\/2025\/10\/21\/reggio-ultima-nel-rapporto-ecosistema-urbano-2025-di-legambiente-minasi-fotografia-impietosa\/","url":"https:\/\/progettotouring.it\/radiotouring104\/2025\/10\/21\/reggio-ultima-nel-rapporto-ecosistema-urbano-2025-di-legambiente-minasi-fotografia-impietosa\/","name":"Reggio ultima nel \"Rapporto Ecosistema Urbano 2025\" di Legambiente, Minasi: \"Fotografia impietosa\" - Radio Touring 104","isPartOf":{"@id":"https:\/\/progettotouring.it\/radiotouring104\/#website"},"primaryImageOfPage":{"@id":"https:\/\/progettotouring.it\/radiotouring104\/2025\/10\/21\/reggio-ultima-nel-rapporto-ecosistema-urbano-2025-di-legambiente-minasi-fotografia-impietosa\/#primaryimage"},"image":{"@id":"https:\/\/progettotouring.it\/radiotouring104\/2025\/10\/21\/reggio-ultima-nel-rapporto-ecosistema-urbano-2025-di-legambiente-minasi-fotografia-impietosa\/#primaryimage"},"thumbnailUrl":"https:\/\/progettotouring.it\/radiotouring104\/wp-content\/uploads\/sites\/6\/2022\/10\/tilde-minasi.jpg","datePublished":"2025-10-21T10:44:05+00:00","dateModified":"2025-10-21T10:44:28+00:00","description":"\"La fotografia di Reggio restituita dal Rapporto\u00a0non pu\u00f2 essere ignorata n\u00e9\u00a0minimizzata\", dichiara la Senatrice della Lega","breadcrumb":{"@id":"https:\/\/progettotouring.it\/radiotouring104\/2025\/10\/21\/reggio-ultima-nel-rapporto-ecosistema-urbano-2025-di-legambiente-minasi-fotografia-impietosa\/#breadcrumb"},"inLanguage":"it-IT","potentialAction":[{"@type":"ReadAction","target":["https:\/\/progettotouring.it\/radiotouring104\/2025\/10\/21\/reggio-ultima-nel-rapporto-ecosistema-urbano-2025-di-legambiente-minasi-fotografia-impietosa\/"]}]},{"@type":"ImageObject","inLanguage":"it-IT","@id":"https:\/\/progettotouring.it\/radiotouring104\/2025\/10\/21\/reggio-ultima-nel-rapporto-ecosistema-urbano-2025-di-legambiente-minasi-fotografia-impietosa\/#primaryimage","url":"https:\/\/progettotouring.it\/radiotouring104\/wp-content\/uploads\/sites\/6\/2022\/10\/tilde-minasi.jpg","contentUrl":"https:\/\/progettotouring.it\/radiotouring104\/wp-content\/uploads\/sites\/6\/2022\/10\/tilde-minasi.jpg","width":932,"height":716},{"@type":"BreadcrumbList","@id":"https:\/\/progettotouring.it\/radiotouring104\/2025\/10\/21\/reggio-ultima-nel-rapporto-ecosistema-urbano-2025-di-legambiente-minasi-fotografia-impietosa\/#breadcrumb","itemListElement":[{"@type":"ListItem","position":1,"name":"Home","item":"https:\/\/progettotouring.it\/radiotouring104\/"},{"@type":"ListItem","position":2,"name":"Reggio ultima nel &#8220;Rapporto Ecosistema Urbano 2025&#8221; di Legambiente, Minasi: &#8220;Fotografia impietosa&#8221;"}]},{"@type":"WebSite","@id":"https:\/\/progettotouring.it\/radiotouring104\/#website","url":"https:\/\/progettotouring.it\/radiotouring104\/","name":"Radio Touring 104","description":"La prima radio Reggina","publisher":{"@id":"https:\/\/progettotouring.it\/radiotouring104\/#organization"},"potentialAction":[{"@type":"SearchAction","target":{"@type":"EntryPoint","urlTemplate":"https:\/\/progettotouring.it\/radiotouring104\/?s={search_term_string}"},"query-input":{"@type":"PropertyValueSpecification","valueRequired":true,"valueName":"search_term_string"}}],"inLanguage":"it-IT"},{"@type":"Organization","@id":"https:\/\/progettotouring.it\/radiotouring104\/#organization","name":"Radio Touring 104","url":"https:\/\/progettotouring.it\/radiotouring104\/","logo":{"@type":"ImageObject","inLanguage":"it-IT","@id":"https:\/\/progettotouring.it\/radiotouring104\/#\/schema\/logo\/image\/","url":"https:\/\/progettotouring.it\/radiotouring104\/wp-content\/uploads\/sites\/6\/2022\/02\/cropped-logo-radio-touring-104.png","contentUrl":"https:\/\/progettotouring.it\/radiotouring104\/wp-content\/uploads\/sites\/6\/2022\/02\/cropped-logo-radio-touring-104.png","width":377,"height":182,"caption":"Radio Touring 104"},"image":{"@id":"https:\/\/progettotouring.it\/radiotouring104\/#\/schema\/logo\/image\/"}},{"@type":"Person","@id":"https:\/\/progettotouring.it\/radiotouring104\/#\/schema\/person\/1b3eb3c07c47136bc44c785c543e635f","name":"redazione","image":{"@type":"ImageObject","inLanguage":"it-IT","@id":"https:\/\/secure.gravatar.com\/avatar\/0b31605b49f100769e8b624b3e05de1b73e1692e9568a352f60f53fd072e6e11?s=96&d=mm&r=g","url":"https:\/\/secure.gravatar.com\/avatar\/0b31605b49f100769e8b624b3e05de1b73e1692e9568a352f60f53fd072e6e11?s=96&d=mm&r=g","contentUrl":"https:\/\/secure.gravatar.com\/avatar\/0b31605b49f100769e8b624b3e05de1b73e1692e9568a352f60f53fd072e6e11?s=96&d=mm&r=g","caption":"redazione"},"url":"https:\/\/progettotouring.it\/radiotouring104\/author\/redazione\/"}]}},"jetpack_publicize_connections":[],"jetpack_featured_media_url":"https:\/\/progettotouring.it\/radiotouring104\/wp-content\/uploads\/sites\/6\/2022\/10\/tilde-minasi.jpg","jetpack_sharing_enabled":true,"_links":{"self":[{"href":"https:\/\/progettotouring.it\/radiotouring104\/wp-json\/wp\/v2\/posts\/84444","targetHints":{"allow":["GET"]}}],"collection":[{"href":"https:\/\/progettotouring.it\/radiotouring104\/wp-json\/wp\/v2\/posts"}],"about":[{"href":"https:\/\/progettotouring.it\/radiotouring104\/wp-json\/wp\/v2\/types\/post"}],"author":[{"embeddable":true,"href":"https:\/\/progettotouring.it\/radiotouring104\/wp-json\/wp\/v2\/users\/5"}],"replies":[{"embeddable":true,"href":"https:\/\/progettotouring.it\/radiotouring104\/wp-json\/wp\/v2\/comments?post=84444"}],"version-history":[{"count":1,"href":"https:\/\/progettotouring.it\/radiotouring104\/wp-json\/wp\/v2\/posts\/84444\/revisions"}],"predecessor-version":[{"id":84447,"href":"https:\/\/progettotouring.it\/radiotouring104\/wp-json\/wp\/v2\/posts\/84444\/revisions\/84447"}],"wp:featuredmedia":[{"embeddable":true,"href":"https:\/\/progettotouring.it\/radiotouring104\/wp-json\/wp\/v2\/media\/10212"}],"wp:attachment":[{"href":"https:\/\/progettotouring.it\/radiotouring104\/wp-json\/wp\/v2\/media?parent=84444"}],"wp:term":[{"taxonomy":"category","embeddable":true,"href":"https:\/\/progettotouring.it\/radiotouring104\/wp-json\/wp\/v2\/categories?post=84444"},{"taxonomy":"post_tag","embeddable":true,"href":"https:\/\/progettotouring.it\/radiotouring104\/wp-json\/wp\/v2\/tags?post=84444"}],"curies":[{"name":"wp","href":"https:\/\/api.w.org\/{rel}","templated":true}]}}