{"id":84456,"date":"2025-10-21T17:47:21","date_gmt":"2025-10-21T15:47:21","guid":{"rendered":"https:\/\/progettotouring.it\/radiotouring104\/?p=84456"},"modified":"2025-10-21T17:55:21","modified_gmt":"2025-10-21T15:55:21","slug":"sinner-non-si-discute-si-venera","status":"publish","type":"post","link":"https:\/\/progettotouring.it\/radiotouring104\/2025\/10\/21\/sinner-non-si-discute-si-venera\/","title":{"rendered":"Sinner non si discute, si venera"},"content":{"rendered":"<p data-start=\"358\" data-end=\"589\">Oggi, <strong>21 ottobre<\/strong>, \u00e8 una data storica per il tennis italiano: si \u00e8 scoperto che chi osa criticare le decisioni sportive di <strong>Jannik Sinner<\/strong> \u00e8 un \u201citaliano medio\u201d e non capisce nulla di sport (frase edulcorata, ovviamente).<\/p>\n<p data-start=\"591\" data-end=\"1103\">\u00c8 di ieri la notizia della rinuncia del campione alla <strong>Coppa Davis<\/strong>, manifestazione che ci ha fatto vincere per due anni consecutivi e che molto probabilmente perderemo quest\u2019anno. Sinner ha deciso di non partecipare per precauzioni fisiche e per prepararsi al meglio alla prossima stagione, con l\u2019obiettivo di tornare numero uno al mondo in quella che \u00e8 ormai una lotta meravigliosa con <strong>Carlos Alcaraz.<br \/>\n<\/strong>Dispiace, per\u00f2, constatare il vuoto tecnico e fisico dietro di loro: un vero e proprio deserto tennistico.<\/p>\n<p data-start=\"1105\" data-end=\"1538\">Fa sorridere (molto) la reazione dei tifosi, che hanno difeso a spada tratta la scelta dell&#8217;ultimo vincitore di <strong>Wimbledon<\/strong>. Curioso, perch\u00e9 gli stessi tifosi furono spietati nei confronti di <strong>Francesco Acerbi<\/strong>, ex difensore della Reggina, quando qualche mese fa rifiut\u00f2 la chiamata in nazionale dell\u2019allora ct Luciano Spalletti, con il quale ebbe dei problemi.<br data-start=\"1429\" data-end=\"1432\" \/>Sembra esserci un pizzico di incoerenza tra i due trattamenti\u2026 ma sar\u00e0 sicuramente un\u2019allucinazione mia.<\/p>\n<p data-start=\"1540\" data-end=\"2097\">Fa sorridere anche la difesa automatica nei confronti di Sinner quando si parla della sospensione dai campi dovuta a una contaminazione da <strong data-start=\"1679\" data-end=\"1692\">clostebol<\/strong> (nessuna colpa dell\u2019atleta, sia chiaro: fu una svista del massaggiatore e non incise minimamente sulle prestazioni). Ma il regolamento \u00e8 chiaro, e vale per tutti.<br \/>\nLa federazione infatti si accorse successivamente della falla nel regolamento e dal 2027 (tempi burocratici, purtroppo) chi non superer\u00e0 una certa soglia di contaminazione o assunzione, soglia che effettivamente intaccherebbe le prestazioni, non verr\u00e0 punito.<br data-start=\"1855\" data-end=\"1858\" \/>Trovo surreale che qualcuno creda che un atleta \u2013 allora primo al mondo \u2013 potesse ricevere un trattamento di favore anzitempo solo perch\u00e9 \u201c\u00e8 il nostro orgoglio nazionale\u201d.<br data-start=\"2019\" data-end=\"2022\" \/>Si pu\u00f2 criticare il regolamento, certo, ma negare il problema \u00e8 ridicolo.<\/p>\n<p data-start=\"2099\" data-end=\"2361\">Anche perch\u00e9, quando <strong data-start=\"2120\" data-end=\"2135\">Iga \u015awi\u0105tek<\/strong> fu sospesa quasi nello stesso periodo per un episodio simile (una confezione di melatonina contaminata acquistata in farmacia), non si sollev\u00f2 alcuna rivolta popolare. Evidentemente, per indignarsi serve la bandiera giusta.<\/p>\n<p data-start=\"2363\" data-end=\"2751\">E poi, fa sempre ridere vedere con quanta veemenza i fan difendano Sinner una settimana dopo averlo visto partecipare a un torneo a <strong data-start=\"2495\" data-end=\"2503\">Riad<\/strong>, in Arabia Saudita, localit\u00e0 famosa per la sua lunghissima tradizione tennistica (ironia, nel caso non fosse chiaro).<br data-start=\"2621\" data-end=\"2624\" \/>Un torneo che non aveva alcun valore ai fini del ranking <strong>ATP<\/strong>, ma che, guarda caso, ha riempito di soldi tutti i partecipanti.<\/p>\n<p data-start=\"2753\" data-end=\"3072\">Ora, sia chiaro: <strong data-start=\"2770\" data-end=\"2806\">Sinner lo sportivo \u00e8 encomiabile<\/strong>. Forse non si \u00e8 mai visto un atleta con questa intelligenza, questa forza di volont\u00e0 e soprattutto questa educazione. In un paese pieno di <strong>Cassano e Balotelli<\/strong>, Jannik Sinner \u00e8 una benedizione.<br data-start=\"2999\" data-end=\"3002\" \/>Questo, per\u00f2, non significa che debba essere immune da ogni critica.<\/p>\n<p data-start=\"3074\" data-end=\"3527\">Il vero problema non \u00e8 lui, ma i suoi tifosi \u2014 o meglio, i suoi <strong data-start=\"3138\" data-end=\"3150\">fanatici<\/strong>.<br data-start=\"3151\" data-end=\"3154\" \/>Quelli che due anni fa probabilmente non sapevano neppure come si impugna una racchetta e oggi si ergono a esperti di fisiologia sportiva, gestione del calendario ATP e marketing tennistico.<br data-start=\"3344\" data-end=\"3347\" \/>Gente che ha tutto il diritto di tifare e gioire, ma che dovrebbe evitare di portare nel tennis gli stessi atteggiamenti da curva sud a cui erano abituati. Perch\u00e9, sorpresa: <strong data-start=\"3500\" data-end=\"3524\">non \u00e8 la stessa cosa\u00a0<\/strong>e sarebbe Sinner il primo a non volerlo.<\/p>\n<p><img fetchpriority=\"high\" decoding=\"async\" class=\"alignnone size-medium wp-image-84457\" src=\"https:\/\/progettotouring.it\/radiotouring104\/wp-content\/uploads\/sites\/6\/2025\/10\/WhatsApp-Image-2025-10-21-at-17.25.26-250x300.jpeg\" alt=\"\" width=\"250\" height=\"300\" srcset=\"https:\/\/progettotouring.it\/radiotouring104\/wp-content\/uploads\/sites\/6\/2025\/10\/WhatsApp-Image-2025-10-21-at-17.25.26-250x300.jpeg 250w, https:\/\/progettotouring.it\/radiotouring104\/wp-content\/uploads\/sites\/6\/2025\/10\/WhatsApp-Image-2025-10-21-at-17.25.26-853x1024.jpeg 853w, https:\/\/progettotouring.it\/radiotouring104\/wp-content\/uploads\/sites\/6\/2025\/10\/WhatsApp-Image-2025-10-21-at-17.25.26-768x922.jpeg 768w, https:\/\/progettotouring.it\/radiotouring104\/wp-content\/uploads\/sites\/6\/2025\/10\/WhatsApp-Image-2025-10-21-at-17.25.26-1170x1404.jpeg 1170w, https:\/\/progettotouring.it\/radiotouring104\/wp-content\/uploads\/sites\/6\/2025\/10\/WhatsApp-Image-2025-10-21-at-17.25.26-585x702.jpeg 585w, https:\/\/progettotouring.it\/radiotouring104\/wp-content\/uploads\/sites\/6\/2025\/10\/WhatsApp-Image-2025-10-21-at-17.25.26.jpeg 1179w\" sizes=\"(max-width: 250px) 100vw, 250px\" \/><\/p>\n<p data-start=\"3529\" data-end=\"3816\">Ognuno ha il diritto di pensarla come vuole, ma trovo paradossale che chi esprima un\u2019opinione contraria venga etichettato come \u201citaliano medio\u201d.<br data-start=\"3675\" data-end=\"3678\" \/>E non posso accettare chi osa criticare le dichiarazioni di leggende come <strong>Pietrangeli<\/strong> o <strong>Panatta<\/strong>, che sia chiaro, nei mesi e anni passati hanno rivolto delle parole pessime nei riguardi del tennista ma \u00e8 giusto che ogni parola venga contestualizzata e che non si venga tacciato di essere \u201crosicone\u201d ogni volta solo perch\u00e9 effettivamente hanno dato l&#8217;impressione di esserlo in altre occasioni, senn\u00f2 non potrebbero pi\u00f9 parlare.<\/p>\n<p data-start=\"3818\" data-end=\"3986\">Mi fa ridere \u2014 amaramente \u2014 che la tanto rivendicata <strong data-start=\"3871\" data-end=\"3892\">libert\u00e0 di parola<\/strong> valga sempre, tranne quando si parla del nostro santo protettore del tennis, Jannik Sinner.<\/p>\n<p data-start=\"3988\" data-end=\"4167\">Perch\u00e9, alla fine, la verit\u00e0 \u00e8 semplice: <strong data-start=\"4029\" data-end=\"4167\">non \u00e8 la scelta di Sinner il problema. \u00c8 la nostra incapacit\u00e0 di parlarne senza trasformarci in ultras travestiti da esperti di sport.<\/strong><\/p>\n","protected":false},"excerpt":{"rendered":"<p>Oggi, 21 ottobre, \u00e8 una data storica per il tennis italiano: si \u00e8 scoperto che chi osa criticare le decisioni sportive di Jannik Sinner \u00e8 un \u201citaliano medio\u201d e non&hellip;<\/p>\n","protected":false},"author":10,"featured_media":84458,"comment_status":"closed","ping_status":"open","sticky":false,"template":"","format":"standard","meta":{"_jetpack_memberships_contains_paid_content":false,"footnotes":"","jetpack_publicize_message":"","jetpack_publicize_feature_enabled":true,"jetpack_social_post_already_shared":true,"jetpack_social_options":{"image_generator_settings":{"template":"highway","default_image_id":0,"font":"","enabled":false},"version":2}},"categories":[921,196,144],"tags":[48534,48531,42480,48530,48532,48529,48535,48533,2931,48536],"class_list":["post-84456","post","type-post","status-publish","format-standard","has-post-thumbnail","hentry","category-home","category-news","category-sport","tag-arabia-saudita","tag-carlos-alcaraz","tag-coppa-davis","tag-francesco-acerbi","tag-iga-swiatek","tag-jannik-sinner","tag-ranking-atp","tag-riad","tag-tennis","tag-wimbledon"],"yoast_head":"<!-- This site is optimized with the Yoast SEO plugin v27.2 - https:\/\/yoast.com\/product\/yoast-seo-wordpress\/ -->\n<title>Sinner non si discute, si venera<\/title>\n<meta name=\"description\" content=\"La rinuncia alla Coppa Davis e la reazione dei tifosi: quando la passione si trasforma in cieca devozione.\" \/>\n<meta name=\"robots\" content=\"index, follow, max-snippet:-1, max-image-preview:large, max-video-preview:-1\" \/>\n<link rel=\"canonical\" href=\"https:\/\/progettotouring.it\/radiotouring104\/2025\/10\/21\/sinner-non-si-discute-si-venera\/\" \/>\n<meta property=\"og:locale\" content=\"it_IT\" \/>\n<meta property=\"og:type\" content=\"article\" \/>\n<meta property=\"og:title\" content=\"Sinner non si discute, si venera\" \/>\n<meta property=\"og:description\" content=\"La rinuncia alla Coppa Davis e la reazione dei tifosi: quando la passione si trasforma in cieca devozione.\" \/>\n<meta property=\"og:url\" content=\"https:\/\/progettotouring.it\/radiotouring104\/2025\/10\/21\/sinner-non-si-discute-si-venera\/\" \/>\n<meta property=\"og:site_name\" content=\"Radio Touring 104\" \/>\n<meta property=\"article:published_time\" content=\"2025-10-21T15:47:21+00:00\" \/>\n<meta property=\"article:modified_time\" content=\"2025-10-21T15:55:21+00:00\" \/>\n<meta property=\"og:image\" content=\"https:\/\/progettotouring.it\/radiotouring104\/wp-content\/uploads\/sites\/6\/2025\/10\/sinner-kXO-656x492@Corriere-Web-Sezioni.jpg\" \/>\n\t<meta property=\"og:image:width\" content=\"653\" \/>\n\t<meta property=\"og:image:height\" content=\"492\" \/>\n\t<meta property=\"og:image:type\" content=\"image\/jpeg\" \/>\n<meta name=\"author\" content=\"Paolo Frascati\" \/>\n<meta name=\"twitter:card\" content=\"summary_large_image\" \/>\n<meta name=\"twitter:label1\" content=\"Scritto da\" \/>\n\t<meta name=\"twitter:data1\" content=\"Paolo Frascati\" \/>\n\t<meta name=\"twitter:label2\" content=\"Tempo di lettura stimato\" \/>\n\t<meta name=\"twitter:data2\" content=\"3 minuti\" \/>\n<script type=\"application\/ld+json\" class=\"yoast-schema-graph\">{\"@context\":\"https:\/\/schema.org\",\"@graph\":[{\"@type\":\"Article\",\"@id\":\"https:\/\/progettotouring.it\/radiotouring104\/2025\/10\/21\/sinner-non-si-discute-si-venera\/#article\",\"isPartOf\":{\"@id\":\"https:\/\/progettotouring.it\/radiotouring104\/2025\/10\/21\/sinner-non-si-discute-si-venera\/\"},\"author\":{\"name\":\"Paolo Frascati\",\"@id\":\"https:\/\/progettotouring.it\/radiotouring104\/#\/schema\/person\/f0ca1b839e26c1b921f796a3458a8574\"},\"headline\":\"Sinner non si discute, si venera\",\"datePublished\":\"2025-10-21T15:47:21+00:00\",\"dateModified\":\"2025-10-21T15:55:21+00:00\",\"mainEntityOfPage\":{\"@id\":\"https:\/\/progettotouring.it\/radiotouring104\/2025\/10\/21\/sinner-non-si-discute-si-venera\/\"},\"wordCount\":684,\"publisher\":{\"@id\":\"https:\/\/progettotouring.it\/radiotouring104\/#organization\"},\"image\":{\"@id\":\"https:\/\/progettotouring.it\/radiotouring104\/2025\/10\/21\/sinner-non-si-discute-si-venera\/#primaryimage\"},\"thumbnailUrl\":\"https:\/\/progettotouring.it\/radiotouring104\/wp-content\/uploads\/sites\/6\/2025\/10\/sinner-kXO-656x492@Corriere-Web-Sezioni.jpg\",\"keywords\":[\"Arabia Saudita\",\"Carlos Alcaraz\",\"Coppa Davis\",\"Francesco Acerbi\",\"Iga \u015awi\u0105tek\",\"Jannik Sinner\",\"Ranking ATP\",\"Riad\",\"tennis\",\"Wimbledon\"],\"articleSection\":[\"Home\",\"News\",\"Sport\"],\"inLanguage\":\"it-IT\"},{\"@type\":\"WebPage\",\"@id\":\"https:\/\/progettotouring.it\/radiotouring104\/2025\/10\/21\/sinner-non-si-discute-si-venera\/\",\"url\":\"https:\/\/progettotouring.it\/radiotouring104\/2025\/10\/21\/sinner-non-si-discute-si-venera\/\",\"name\":\"Sinner non si discute, si venera\",\"isPartOf\":{\"@id\":\"https:\/\/progettotouring.it\/radiotouring104\/#website\"},\"primaryImageOfPage\":{\"@id\":\"https:\/\/progettotouring.it\/radiotouring104\/2025\/10\/21\/sinner-non-si-discute-si-venera\/#primaryimage\"},\"image\":{\"@id\":\"https:\/\/progettotouring.it\/radiotouring104\/2025\/10\/21\/sinner-non-si-discute-si-venera\/#primaryimage\"},\"thumbnailUrl\":\"https:\/\/progettotouring.it\/radiotouring104\/wp-content\/uploads\/sites\/6\/2025\/10\/sinner-kXO-656x492@Corriere-Web-Sezioni.jpg\",\"datePublished\":\"2025-10-21T15:47:21+00:00\",\"dateModified\":\"2025-10-21T15:55:21+00:00\",\"description\":\"La rinuncia alla Coppa Davis e la reazione dei tifosi: quando la passione si trasforma in cieca devozione.\",\"breadcrumb\":{\"@id\":\"https:\/\/progettotouring.it\/radiotouring104\/2025\/10\/21\/sinner-non-si-discute-si-venera\/#breadcrumb\"},\"inLanguage\":\"it-IT\",\"potentialAction\":[{\"@type\":\"ReadAction\",\"target\":[\"https:\/\/progettotouring.it\/radiotouring104\/2025\/10\/21\/sinner-non-si-discute-si-venera\/\"]}]},{\"@type\":\"ImageObject\",\"inLanguage\":\"it-IT\",\"@id\":\"https:\/\/progettotouring.it\/radiotouring104\/2025\/10\/21\/sinner-non-si-discute-si-venera\/#primaryimage\",\"url\":\"https:\/\/progettotouring.it\/radiotouring104\/wp-content\/uploads\/sites\/6\/2025\/10\/sinner-kXO-656x492@Corriere-Web-Sezioni.jpg\",\"contentUrl\":\"https:\/\/progettotouring.it\/radiotouring104\/wp-content\/uploads\/sites\/6\/2025\/10\/sinner-kXO-656x492@Corriere-Web-Sezioni.jpg\",\"width\":653,\"height\":492},{\"@type\":\"BreadcrumbList\",\"@id\":\"https:\/\/progettotouring.it\/radiotouring104\/2025\/10\/21\/sinner-non-si-discute-si-venera\/#breadcrumb\",\"itemListElement\":[{\"@type\":\"ListItem\",\"position\":1,\"name\":\"Home\",\"item\":\"https:\/\/progettotouring.it\/radiotouring104\/\"},{\"@type\":\"ListItem\",\"position\":2,\"name\":\"Sinner non si discute, si venera\"}]},{\"@type\":\"WebSite\",\"@id\":\"https:\/\/progettotouring.it\/radiotouring104\/#website\",\"url\":\"https:\/\/progettotouring.it\/radiotouring104\/\",\"name\":\"Radio Touring 104\",\"description\":\"La prima radio Reggina\",\"publisher\":{\"@id\":\"https:\/\/progettotouring.it\/radiotouring104\/#organization\"},\"potentialAction\":[{\"@type\":\"SearchAction\",\"target\":{\"@type\":\"EntryPoint\",\"urlTemplate\":\"https:\/\/progettotouring.it\/radiotouring104\/?s={search_term_string}\"},\"query-input\":{\"@type\":\"PropertyValueSpecification\",\"valueRequired\":true,\"valueName\":\"search_term_string\"}}],\"inLanguage\":\"it-IT\"},{\"@type\":\"Organization\",\"@id\":\"https:\/\/progettotouring.it\/radiotouring104\/#organization\",\"name\":\"Radio Touring 104\",\"url\":\"https:\/\/progettotouring.it\/radiotouring104\/\",\"logo\":{\"@type\":\"ImageObject\",\"inLanguage\":\"it-IT\",\"@id\":\"https:\/\/progettotouring.it\/radiotouring104\/#\/schema\/logo\/image\/\",\"url\":\"https:\/\/progettotouring.it\/radiotouring104\/wp-content\/uploads\/sites\/6\/2022\/02\/cropped-logo-radio-touring-104.png\",\"contentUrl\":\"https:\/\/progettotouring.it\/radiotouring104\/wp-content\/uploads\/sites\/6\/2022\/02\/cropped-logo-radio-touring-104.png\",\"width\":377,\"height\":182,\"caption\":\"Radio Touring 104\"},\"image\":{\"@id\":\"https:\/\/progettotouring.it\/radiotouring104\/#\/schema\/logo\/image\/\"}},{\"@type\":\"Person\",\"@id\":\"https:\/\/progettotouring.it\/radiotouring104\/#\/schema\/person\/f0ca1b839e26c1b921f796a3458a8574\",\"name\":\"Paolo Frascati\",\"image\":{\"@type\":\"ImageObject\",\"inLanguage\":\"it-IT\",\"@id\":\"https:\/\/secure.gravatar.com\/avatar\/acad0e44d6a6c69de2c2c1bf6aba094792ac51f1833e9c8a3760ba270d70b909?s=96&d=mm&r=g\",\"url\":\"https:\/\/secure.gravatar.com\/avatar\/acad0e44d6a6c69de2c2c1bf6aba094792ac51f1833e9c8a3760ba270d70b909?s=96&d=mm&r=g\",\"contentUrl\":\"https:\/\/secure.gravatar.com\/avatar\/acad0e44d6a6c69de2c2c1bf6aba094792ac51f1833e9c8a3760ba270d70b909?s=96&d=mm&r=g\",\"caption\":\"Paolo Frascati\"},\"url\":\"https:\/\/progettotouring.it\/radiotouring104\/author\/paolofrascati\/\"}]}<\/script>\n<!-- \/ Yoast SEO plugin. -->","yoast_head_json":{"title":"Sinner non si discute, si venera","description":"La rinuncia alla Coppa Davis e la reazione dei tifosi: quando la passione si trasforma in cieca devozione.","robots":{"index":"index","follow":"follow","max-snippet":"max-snippet:-1","max-image-preview":"max-image-preview:large","max-video-preview":"max-video-preview:-1"},"canonical":"https:\/\/progettotouring.it\/radiotouring104\/2025\/10\/21\/sinner-non-si-discute-si-venera\/","og_locale":"it_IT","og_type":"article","og_title":"Sinner non si discute, si venera","og_description":"La rinuncia alla Coppa Davis e la reazione dei tifosi: quando la passione si trasforma in cieca devozione.","og_url":"https:\/\/progettotouring.it\/radiotouring104\/2025\/10\/21\/sinner-non-si-discute-si-venera\/","og_site_name":"Radio Touring 104","article_published_time":"2025-10-21T15:47:21+00:00","article_modified_time":"2025-10-21T15:55:21+00:00","og_image":[{"width":653,"height":492,"url":"https:\/\/progettotouring.it\/radiotouring104\/wp-content\/uploads\/sites\/6\/2025\/10\/sinner-kXO-656x492@Corriere-Web-Sezioni.jpg","type":"image\/jpeg"}],"author":"Paolo Frascati","twitter_card":"summary_large_image","twitter_misc":{"Scritto da":"Paolo Frascati","Tempo di lettura stimato":"3 minuti"},"schema":{"@context":"https:\/\/schema.org","@graph":[{"@type":"Article","@id":"https:\/\/progettotouring.it\/radiotouring104\/2025\/10\/21\/sinner-non-si-discute-si-venera\/#article","isPartOf":{"@id":"https:\/\/progettotouring.it\/radiotouring104\/2025\/10\/21\/sinner-non-si-discute-si-venera\/"},"author":{"name":"Paolo Frascati","@id":"https:\/\/progettotouring.it\/radiotouring104\/#\/schema\/person\/f0ca1b839e26c1b921f796a3458a8574"},"headline":"Sinner non si discute, si venera","datePublished":"2025-10-21T15:47:21+00:00","dateModified":"2025-10-21T15:55:21+00:00","mainEntityOfPage":{"@id":"https:\/\/progettotouring.it\/radiotouring104\/2025\/10\/21\/sinner-non-si-discute-si-venera\/"},"wordCount":684,"publisher":{"@id":"https:\/\/progettotouring.it\/radiotouring104\/#organization"},"image":{"@id":"https:\/\/progettotouring.it\/radiotouring104\/2025\/10\/21\/sinner-non-si-discute-si-venera\/#primaryimage"},"thumbnailUrl":"https:\/\/progettotouring.it\/radiotouring104\/wp-content\/uploads\/sites\/6\/2025\/10\/sinner-kXO-656x492@Corriere-Web-Sezioni.jpg","keywords":["Arabia Saudita","Carlos Alcaraz","Coppa Davis","Francesco Acerbi","Iga \u015awi\u0105tek","Jannik Sinner","Ranking ATP","Riad","tennis","Wimbledon"],"articleSection":["Home","News","Sport"],"inLanguage":"it-IT"},{"@type":"WebPage","@id":"https:\/\/progettotouring.it\/radiotouring104\/2025\/10\/21\/sinner-non-si-discute-si-venera\/","url":"https:\/\/progettotouring.it\/radiotouring104\/2025\/10\/21\/sinner-non-si-discute-si-venera\/","name":"Sinner non si discute, si venera","isPartOf":{"@id":"https:\/\/progettotouring.it\/radiotouring104\/#website"},"primaryImageOfPage":{"@id":"https:\/\/progettotouring.it\/radiotouring104\/2025\/10\/21\/sinner-non-si-discute-si-venera\/#primaryimage"},"image":{"@id":"https:\/\/progettotouring.it\/radiotouring104\/2025\/10\/21\/sinner-non-si-discute-si-venera\/#primaryimage"},"thumbnailUrl":"https:\/\/progettotouring.it\/radiotouring104\/wp-content\/uploads\/sites\/6\/2025\/10\/sinner-kXO-656x492@Corriere-Web-Sezioni.jpg","datePublished":"2025-10-21T15:47:21+00:00","dateModified":"2025-10-21T15:55:21+00:00","description":"La rinuncia alla Coppa Davis e la reazione dei tifosi: quando la passione si trasforma in cieca devozione.","breadcrumb":{"@id":"https:\/\/progettotouring.it\/radiotouring104\/2025\/10\/21\/sinner-non-si-discute-si-venera\/#breadcrumb"},"inLanguage":"it-IT","potentialAction":[{"@type":"ReadAction","target":["https:\/\/progettotouring.it\/radiotouring104\/2025\/10\/21\/sinner-non-si-discute-si-venera\/"]}]},{"@type":"ImageObject","inLanguage":"it-IT","@id":"https:\/\/progettotouring.it\/radiotouring104\/2025\/10\/21\/sinner-non-si-discute-si-venera\/#primaryimage","url":"https:\/\/progettotouring.it\/radiotouring104\/wp-content\/uploads\/sites\/6\/2025\/10\/sinner-kXO-656x492@Corriere-Web-Sezioni.jpg","contentUrl":"https:\/\/progettotouring.it\/radiotouring104\/wp-content\/uploads\/sites\/6\/2025\/10\/sinner-kXO-656x492@Corriere-Web-Sezioni.jpg","width":653,"height":492},{"@type":"BreadcrumbList","@id":"https:\/\/progettotouring.it\/radiotouring104\/2025\/10\/21\/sinner-non-si-discute-si-venera\/#breadcrumb","itemListElement":[{"@type":"ListItem","position":1,"name":"Home","item":"https:\/\/progettotouring.it\/radiotouring104\/"},{"@type":"ListItem","position":2,"name":"Sinner non si discute, si venera"}]},{"@type":"WebSite","@id":"https:\/\/progettotouring.it\/radiotouring104\/#website","url":"https:\/\/progettotouring.it\/radiotouring104\/","name":"Radio Touring 104","description":"La prima radio Reggina","publisher":{"@id":"https:\/\/progettotouring.it\/radiotouring104\/#organization"},"potentialAction":[{"@type":"SearchAction","target":{"@type":"EntryPoint","urlTemplate":"https:\/\/progettotouring.it\/radiotouring104\/?s={search_term_string}"},"query-input":{"@type":"PropertyValueSpecification","valueRequired":true,"valueName":"search_term_string"}}],"inLanguage":"it-IT"},{"@type":"Organization","@id":"https:\/\/progettotouring.it\/radiotouring104\/#organization","name":"Radio Touring 104","url":"https:\/\/progettotouring.it\/radiotouring104\/","logo":{"@type":"ImageObject","inLanguage":"it-IT","@id":"https:\/\/progettotouring.it\/radiotouring104\/#\/schema\/logo\/image\/","url":"https:\/\/progettotouring.it\/radiotouring104\/wp-content\/uploads\/sites\/6\/2022\/02\/cropped-logo-radio-touring-104.png","contentUrl":"https:\/\/progettotouring.it\/radiotouring104\/wp-content\/uploads\/sites\/6\/2022\/02\/cropped-logo-radio-touring-104.png","width":377,"height":182,"caption":"Radio Touring 104"},"image":{"@id":"https:\/\/progettotouring.it\/radiotouring104\/#\/schema\/logo\/image\/"}},{"@type":"Person","@id":"https:\/\/progettotouring.it\/radiotouring104\/#\/schema\/person\/f0ca1b839e26c1b921f796a3458a8574","name":"Paolo Frascati","image":{"@type":"ImageObject","inLanguage":"it-IT","@id":"https:\/\/secure.gravatar.com\/avatar\/acad0e44d6a6c69de2c2c1bf6aba094792ac51f1833e9c8a3760ba270d70b909?s=96&d=mm&r=g","url":"https:\/\/secure.gravatar.com\/avatar\/acad0e44d6a6c69de2c2c1bf6aba094792ac51f1833e9c8a3760ba270d70b909?s=96&d=mm&r=g","contentUrl":"https:\/\/secure.gravatar.com\/avatar\/acad0e44d6a6c69de2c2c1bf6aba094792ac51f1833e9c8a3760ba270d70b909?s=96&d=mm&r=g","caption":"Paolo Frascati"},"url":"https:\/\/progettotouring.it\/radiotouring104\/author\/paolofrascati\/"}]}},"jetpack_publicize_connections":[],"jetpack_featured_media_url":"https:\/\/progettotouring.it\/radiotouring104\/wp-content\/uploads\/sites\/6\/2025\/10\/sinner-kXO-656x492@Corriere-Web-Sezioni.jpg","jetpack_sharing_enabled":true,"_links":{"self":[{"href":"https:\/\/progettotouring.it\/radiotouring104\/wp-json\/wp\/v2\/posts\/84456","targetHints":{"allow":["GET"]}}],"collection":[{"href":"https:\/\/progettotouring.it\/radiotouring104\/wp-json\/wp\/v2\/posts"}],"about":[{"href":"https:\/\/progettotouring.it\/radiotouring104\/wp-json\/wp\/v2\/types\/post"}],"author":[{"embeddable":true,"href":"https:\/\/progettotouring.it\/radiotouring104\/wp-json\/wp\/v2\/users\/10"}],"replies":[{"embeddable":true,"href":"https:\/\/progettotouring.it\/radiotouring104\/wp-json\/wp\/v2\/comments?post=84456"}],"version-history":[{"count":5,"href":"https:\/\/progettotouring.it\/radiotouring104\/wp-json\/wp\/v2\/posts\/84456\/revisions"}],"predecessor-version":[{"id":84464,"href":"https:\/\/progettotouring.it\/radiotouring104\/wp-json\/wp\/v2\/posts\/84456\/revisions\/84464"}],"wp:featuredmedia":[{"embeddable":true,"href":"https:\/\/progettotouring.it\/radiotouring104\/wp-json\/wp\/v2\/media\/84458"}],"wp:attachment":[{"href":"https:\/\/progettotouring.it\/radiotouring104\/wp-json\/wp\/v2\/media?parent=84456"}],"wp:term":[{"taxonomy":"category","embeddable":true,"href":"https:\/\/progettotouring.it\/radiotouring104\/wp-json\/wp\/v2\/categories?post=84456"},{"taxonomy":"post_tag","embeddable":true,"href":"https:\/\/progettotouring.it\/radiotouring104\/wp-json\/wp\/v2\/tags?post=84456"}],"curies":[{"name":"wp","href":"https:\/\/api.w.org\/{rel}","templated":true}]}}