{"id":84483,"date":"2025-10-23T09:05:18","date_gmt":"2025-10-23T07:05:18","guid":{"rendered":"https:\/\/progettotouring.it\/radiotouring104\/?p=84483"},"modified":"2025-10-23T09:05:18","modified_gmt":"2025-10-23T07:05:18","slug":"reggina-sconfitta-e-fuori-dalla-coppa-italia","status":"publish","type":"post","link":"https:\/\/progettotouring.it\/radiotouring104\/2025\/10\/23\/reggina-sconfitta-e-fuori-dalla-coppa-italia\/","title":{"rendered":"Reggina sconfitta e fuori dalla Coppa Italia"},"content":{"rendered":"<div id=\"penci-post-gallery__94433\" class=\"penci-post-gallery-container single-slider column-3\" data-height=\"150\" data-margin=\"3\"><div class=\"penci-owl-carousel penci-owl-carousel-slider penci-nav-visible\" data-auto=\"true\" data-lazy=\"true\"><figure><a class=\"penci-gallery-ite item-gallery-single-slider item-link-relative\" href=\"https:\/\/progettotouring.it\/radiotouring104\/wp-content\/uploads\/sites\/6\/2025\/10\/IMMAGINI-X-SITO-2025-10-23T090120.943.jpg\"><span class=\"penci-isotope-padding\" style=\"padding-bottom:77.26495726%;\"><\/span><img decoding=\"async\" src=\"https:\/\/progettotouring.it\/radiotouring104\/wp-content\/uploads\/sites\/6\/2025\/10\/IMMAGINI-X-SITO-2025-10-23T090120.943-1170x904.jpg\" alt=\"\" title=\"Reggina Nocerina\"><\/a><\/figure><figure><a class=\"penci-gallery-ite item-gallery-single-slider item-link-relative\" href=\"https:\/\/progettotouring.it\/radiotouring104\/wp-content\/uploads\/sites\/6\/2025\/10\/Immagine-WhatsApp-2025-10-23-ore-08.59.35_7bd48e0e.jpg\"><span class=\"penci-isotope-padding\" style=\"padding-bottom:75.04273504%;\"><\/span><img decoding=\"async\" src=\"https:\/\/progettotouring.it\/radiotouring104\/wp-content\/uploads\/sites\/6\/2025\/10\/Immagine-WhatsApp-2025-10-23-ore-08.59.35_7bd48e0e-1170x878.jpg\" alt=\"\" title=\"Immagine WhatsApp 2025-10-23 ore 08.59.35_7bd48e0e\"><\/a><\/figure><figure><a class=\"penci-gallery-ite item-gallery-single-slider item-link-relative\" href=\"https:\/\/progettotouring.it\/radiotouring104\/wp-content\/uploads\/sites\/6\/2025\/10\/Immagine-WhatsApp-2025-10-23-ore-08.59.35_4222d63b.jpg\"><span class=\"penci-isotope-padding\" style=\"padding-bottom:75.04273504%;\"><\/span><img decoding=\"async\" src=\"https:\/\/progettotouring.it\/radiotouring104\/wp-content\/uploads\/sites\/6\/2025\/10\/Immagine-WhatsApp-2025-10-23-ore-08.59.35_4222d63b-1170x878.jpg\" alt=\"\" title=\"Immagine WhatsApp 2025-10-23 ore 08.59.35_4222d63b\"><\/a><\/figure><figure><a class=\"penci-gallery-ite item-gallery-single-slider item-link-relative\" href=\"https:\/\/progettotouring.it\/radiotouring104\/wp-content\/uploads\/sites\/6\/2025\/10\/Immagine-WhatsApp-2025-10-23-ore-08.59.35_c32fb9f9.jpg\"><span class=\"penci-isotope-padding\" style=\"padding-bottom:75.04273504%;\"><\/span><img decoding=\"async\" src=\"https:\/\/progettotouring.it\/radiotouring104\/wp-content\/uploads\/sites\/6\/2025\/10\/Immagine-WhatsApp-2025-10-23-ore-08.59.35_c32fb9f9-1170x878.jpg\" alt=\"\" title=\"Immagine WhatsApp 2025-10-23 ore 08.59.35_c32fb9f9\"><\/a><\/figure><figure><a class=\"penci-gallery-ite item-gallery-single-slider item-link-relative\" href=\"https:\/\/progettotouring.it\/radiotouring104\/wp-content\/uploads\/sites\/6\/2025\/10\/Immagine-WhatsApp-2025-10-23-ore-08.59.34_2401c831.jpg\"><span class=\"penci-isotope-padding\" style=\"padding-bottom:75.04273504%;\"><\/span><img decoding=\"async\" src=\"https:\/\/progettotouring.it\/radiotouring104\/wp-content\/uploads\/sites\/6\/2025\/10\/Immagine-WhatsApp-2025-10-23-ore-08.59.34_2401c831-1170x878.jpg\" alt=\"\" title=\"Immagine WhatsApp 2025-10-23 ore 08.59.34_2401c831\"><\/a><\/figure><\/div><\/div>\n<p>Chi si aspettava un&#8217;inversione di rotta con l&#8217;avvento del nuovo tecnico sar\u00e0 rimasto deluso: la Reggina incappa nell&#8217;ennesima sconfitta casalinga ed esce dalla Coppa Italia, competizione che, l&#8217;anno scorso, ha consentito alla vincitrice Ravenna di essere ripescata in serie C.<\/p>\n<p>Al Granillo, davanti a circa 1.200 spettatori, di cui 281 ospiti, la Reggina ha affrontato la Nocerina per i 16esimi di Coppa Italia LND uscendo sconfitta per 2-3.<\/p>\n<p>Non inganni il solo gol di scarto poich\u00e8 il risultato finale non \u00e8 mai stato in discussione: al 50 minuto, i molossi vincevano per 3 a 0 e solo in pieno recupero Salandria ha siglato il secondo gol dei padroni di casa rimediando all&#8217;errore dal dischetto di Barill\u00e0.<\/p>\n<p>Danilo Polito, a cui era stata affidata la guida tecnica amaranto dopo l&#8217;esonero di Bruno Trocini, ha diretto la squadra dalla panchina nonostante la presenza al Granillo del nuovo mister, Alfio Torrisi, che ha seguito l&#8217;incontro dalla tribuna.<\/p>\n<p>Assente nella distinta ufficiale Adriano Montalto nonostante fosse tra i convocati: ci auguriamo che l&#8217;infortunio dell&#8217;ultimo momento sia di poco conto e che sia stato precauzionalmente tenuto a riposo per il campionato anche perch\u00e9 Edera, ieri riferimento alto in attacco, \u00e8 stato sostituito al 40 esimo del primo tempo per infortunio e in attacco sono indisponibili Ferraro e Pellican\u00f2.<\/p>\n<p>Anche Rosario Girasole ha dovuto ricorrere allo staff medico uscendo anzitempo dal terreno di gioco.<\/p>\n<p>Prima del tabellino della gara una nota sui tifosi ospiti: non \u00e8 usuale che 300 persone seguano la propria squadra per un incontro infrasettimanale di coppa Italia, percorrendo, tra andata e ritorno, circa 1.000 chilometri e ci\u00f2 conferma il calore e l&#8217;attaccamento ai colori nonostante il non soddisfacente andamento in campionato della squadra campana e, <em>tutto il mondo \u00e8 paese, <\/em>la contestazione in atto contro societ\u00e0 e squadra ma nulla giustifica il lancio di fumogeni in campo men che meno l&#8217;esplosione di rumorosi botti che non riteniamo fossero innocui petardi.<\/p>\n<p>E&#8217; opportuno tenere a mente anche questi episodi quando si stigmatizza la decisione del Prefetto di turno che decide di vietare la trasferta per motivi di ordine pubblico.<\/p>\n<p>Marcatori:\u00a044&#8242;, 53&#8242; Giannone, 50&#8242; Simeri, 75&#8242; Chirico, 93&#8242; Salandria<\/p>\n<p>REGGINA (4-3-3): Boschi; R. Girasole (79&#8242; Lanzillotta), Blondett, D. Girasole, Gatto; Salandria, Mungo, Correnti (46&#8242; Barill\u00e0); Grillo (46&#8242; Chirico), Edera (40&#8242; Di Grazia), Palumbo (69&#8242; Porcino).\u00a0All. Polito<br \/>\nA disposizione: Druetto, Zenuni, Laaribi, Rizzo.<br \/>\nNOCERINA\u00a0(3-5-2): Sorrentino; Russo, Troest, Morales; Fraraccio (65&#8242; Kernezo), Konate, Bezzon, Giannone (72&#8242; Deli), Maggiore (60&#8242; De Crescenzo); Opoola (62&#8242; Felleca), Simeri (50&#8242; Diop) .\u00a0All. Fabiano<br \/>\nA disposizione:\u00a0Wodzicki, Tazza, Guifo, Lupi.<br \/>\nArbitro: Mattia Santinelli di Bergamo.\u00a0Assistenti: Valerio Fatati di Latina e Gianmarco Amato di Aprilia<br \/>\nAmmoniti: Fraraccio, Salandria, D. Girasole, Mungo\u00a0Recupero: 4&#8217;pt, 5&#8217;st\u00a0Spettatori: 1.118 di cui 281 ospiti<\/p>\n","protected":false},"excerpt":{"rendered":"<p>Chi si aspettava un&#8217;inversione di rotta con l&#8217;avvento del nuovo tecnico sar\u00e0 rimasto deluso: la Reggina incappa nell&#8217;ennesima sconfitta casalinga ed esce dalla Coppa Italia, competizione che, l&#8217;anno scorso, ha&hellip;<\/p>\n","protected":false},"author":19,"featured_media":84490,"comment_status":"closed","ping_status":"open","sticky":false,"template":"","format":"standard","meta":{"_jetpack_memberships_contains_paid_content":false,"footnotes":"","jetpack_publicize_message":"","jetpack_publicize_feature_enabled":true,"jetpack_social_post_already_shared":true,"jetpack_social_options":{"image_generator_settings":{"template":"highway","default_image_id":0,"font":"","enabled":false},"version":2}},"categories":[196,144],"tags":[],"class_list":["post-84483","post","type-post","status-publish","format-standard","has-post-thumbnail","hentry","category-news","category-sport"],"yoast_head":"<!-- This site is optimized with the Yoast SEO plugin v27.2 - https:\/\/yoast.com\/product\/yoast-seo-wordpress\/ -->\n<title>Reggina sconfitta e fuori dalla Coppa Italia - Radio Touring 104<\/title>\n<meta name=\"description\" content=\"La Nocerina passa al Granillo: 2-3 il risultato finale\" \/>\n<meta name=\"robots\" content=\"index, follow, max-snippet:-1, max-image-preview:large, max-video-preview:-1\" \/>\n<link rel=\"canonical\" href=\"https:\/\/progettotouring.it\/radiotouring104\/2025\/10\/23\/reggina-sconfitta-e-fuori-dalla-coppa-italia\/\" \/>\n<meta property=\"og:locale\" content=\"it_IT\" \/>\n<meta property=\"og:type\" content=\"article\" \/>\n<meta property=\"og:title\" content=\"Reggina sconfitta e fuori dalla Coppa Italia - Radio Touring 104\" \/>\n<meta property=\"og:description\" content=\"La Nocerina passa al Granillo: 2-3 il risultato finale\" \/>\n<meta property=\"og:url\" content=\"https:\/\/progettotouring.it\/radiotouring104\/2025\/10\/23\/reggina-sconfitta-e-fuori-dalla-coppa-italia\/\" \/>\n<meta property=\"og:site_name\" content=\"Radio Touring 104\" \/>\n<meta property=\"article:published_time\" content=\"2025-10-23T07:05:18+00:00\" \/>\n<meta property=\"og:image\" content=\"https:\/\/progettotouring.it\/radiotouring104\/wp-content\/uploads\/sites\/6\/2025\/10\/IMMAGINI-X-SITO-2025-10-23T090120.943.jpg\" \/>\n\t<meta property=\"og:image:width\" content=\"2000\" \/>\n\t<meta property=\"og:image:height\" content=\"1545\" \/>\n\t<meta property=\"og:image:type\" content=\"image\/jpeg\" \/>\n<meta name=\"author\" content=\"S L\" \/>\n<meta name=\"twitter:card\" content=\"summary_large_image\" \/>\n<meta name=\"twitter:label1\" content=\"Scritto da\" \/>\n\t<meta name=\"twitter:data1\" content=\"S L\" \/>\n\t<meta name=\"twitter:label2\" content=\"Tempo di lettura stimato\" \/>\n\t<meta name=\"twitter:data2\" content=\"2 minuti\" \/>\n<script type=\"application\/ld+json\" class=\"yoast-schema-graph\">{\"@context\":\"https:\/\/schema.org\",\"@graph\":[{\"@type\":\"Article\",\"@id\":\"https:\/\/progettotouring.it\/radiotouring104\/2025\/10\/23\/reggina-sconfitta-e-fuori-dalla-coppa-italia\/#article\",\"isPartOf\":{\"@id\":\"https:\/\/progettotouring.it\/radiotouring104\/2025\/10\/23\/reggina-sconfitta-e-fuori-dalla-coppa-italia\/\"},\"author\":{\"name\":\"S L\",\"@id\":\"https:\/\/progettotouring.it\/radiotouring104\/#\/schema\/person\/b9f9c3730b0a78814c9b9f3bfc52c619\"},\"headline\":\"Reggina sconfitta e fuori dalla Coppa Italia\",\"datePublished\":\"2025-10-23T07:05:18+00:00\",\"mainEntityOfPage\":{\"@id\":\"https:\/\/progettotouring.it\/radiotouring104\/2025\/10\/23\/reggina-sconfitta-e-fuori-dalla-coppa-italia\/\"},\"wordCount\":454,\"publisher\":{\"@id\":\"https:\/\/progettotouring.it\/radiotouring104\/#organization\"},\"image\":{\"@id\":\"https:\/\/progettotouring.it\/radiotouring104\/2025\/10\/23\/reggina-sconfitta-e-fuori-dalla-coppa-italia\/#primaryimage\"},\"thumbnailUrl\":\"https:\/\/progettotouring.it\/radiotouring104\/wp-content\/uploads\/sites\/6\/2025\/10\/IMMAGINI-X-SITO-2025-10-23T090120.943.jpg\",\"articleSection\":[\"News\",\"Sport\"],\"inLanguage\":\"it-IT\"},{\"@type\":\"WebPage\",\"@id\":\"https:\/\/progettotouring.it\/radiotouring104\/2025\/10\/23\/reggina-sconfitta-e-fuori-dalla-coppa-italia\/\",\"url\":\"https:\/\/progettotouring.it\/radiotouring104\/2025\/10\/23\/reggina-sconfitta-e-fuori-dalla-coppa-italia\/\",\"name\":\"Reggina sconfitta e fuori dalla Coppa Italia - Radio Touring 104\",\"isPartOf\":{\"@id\":\"https:\/\/progettotouring.it\/radiotouring104\/#website\"},\"primaryImageOfPage\":{\"@id\":\"https:\/\/progettotouring.it\/radiotouring104\/2025\/10\/23\/reggina-sconfitta-e-fuori-dalla-coppa-italia\/#primaryimage\"},\"image\":{\"@id\":\"https:\/\/progettotouring.it\/radiotouring104\/2025\/10\/23\/reggina-sconfitta-e-fuori-dalla-coppa-italia\/#primaryimage\"},\"thumbnailUrl\":\"https:\/\/progettotouring.it\/radiotouring104\/wp-content\/uploads\/sites\/6\/2025\/10\/IMMAGINI-X-SITO-2025-10-23T090120.943.jpg\",\"datePublished\":\"2025-10-23T07:05:18+00:00\",\"description\":\"La Nocerina passa al Granillo: 2-3 il risultato finale\",\"breadcrumb\":{\"@id\":\"https:\/\/progettotouring.it\/radiotouring104\/2025\/10\/23\/reggina-sconfitta-e-fuori-dalla-coppa-italia\/#breadcrumb\"},\"inLanguage\":\"it-IT\",\"potentialAction\":[{\"@type\":\"ReadAction\",\"target\":[\"https:\/\/progettotouring.it\/radiotouring104\/2025\/10\/23\/reggina-sconfitta-e-fuori-dalla-coppa-italia\/\"]}]},{\"@type\":\"ImageObject\",\"inLanguage\":\"it-IT\",\"@id\":\"https:\/\/progettotouring.it\/radiotouring104\/2025\/10\/23\/reggina-sconfitta-e-fuori-dalla-coppa-italia\/#primaryimage\",\"url\":\"https:\/\/progettotouring.it\/radiotouring104\/wp-content\/uploads\/sites\/6\/2025\/10\/IMMAGINI-X-SITO-2025-10-23T090120.943.jpg\",\"contentUrl\":\"https:\/\/progettotouring.it\/radiotouring104\/wp-content\/uploads\/sites\/6\/2025\/10\/IMMAGINI-X-SITO-2025-10-23T090120.943.jpg\",\"width\":2000,\"height\":1545},{\"@type\":\"BreadcrumbList\",\"@id\":\"https:\/\/progettotouring.it\/radiotouring104\/2025\/10\/23\/reggina-sconfitta-e-fuori-dalla-coppa-italia\/#breadcrumb\",\"itemListElement\":[{\"@type\":\"ListItem\",\"position\":1,\"name\":\"Home\",\"item\":\"https:\/\/progettotouring.it\/radiotouring104\/\"},{\"@type\":\"ListItem\",\"position\":2,\"name\":\"Reggina sconfitta e fuori dalla Coppa Italia\"}]},{\"@type\":\"WebSite\",\"@id\":\"https:\/\/progettotouring.it\/radiotouring104\/#website\",\"url\":\"https:\/\/progettotouring.it\/radiotouring104\/\",\"name\":\"Radio Touring 104\",\"description\":\"La prima radio Reggina\",\"publisher\":{\"@id\":\"https:\/\/progettotouring.it\/radiotouring104\/#organization\"},\"potentialAction\":[{\"@type\":\"SearchAction\",\"target\":{\"@type\":\"EntryPoint\",\"urlTemplate\":\"https:\/\/progettotouring.it\/radiotouring104\/?s={search_term_string}\"},\"query-input\":{\"@type\":\"PropertyValueSpecification\",\"valueRequired\":true,\"valueName\":\"search_term_string\"}}],\"inLanguage\":\"it-IT\"},{\"@type\":\"Organization\",\"@id\":\"https:\/\/progettotouring.it\/radiotouring104\/#organization\",\"name\":\"Radio Touring 104\",\"url\":\"https:\/\/progettotouring.it\/radiotouring104\/\",\"logo\":{\"@type\":\"ImageObject\",\"inLanguage\":\"it-IT\",\"@id\":\"https:\/\/progettotouring.it\/radiotouring104\/#\/schema\/logo\/image\/\",\"url\":\"https:\/\/progettotouring.it\/radiotouring104\/wp-content\/uploads\/sites\/6\/2022\/02\/cropped-logo-radio-touring-104.png\",\"contentUrl\":\"https:\/\/progettotouring.it\/radiotouring104\/wp-content\/uploads\/sites\/6\/2022\/02\/cropped-logo-radio-touring-104.png\",\"width\":377,\"height\":182,\"caption\":\"Radio Touring 104\"},\"image\":{\"@id\":\"https:\/\/progettotouring.it\/radiotouring104\/#\/schema\/logo\/image\/\"}},{\"@type\":\"Person\",\"@id\":\"https:\/\/progettotouring.it\/radiotouring104\/#\/schema\/person\/b9f9c3730b0a78814c9b9f3bfc52c619\",\"name\":\"S L\",\"image\":{\"@type\":\"ImageObject\",\"inLanguage\":\"it-IT\",\"@id\":\"https:\/\/secure.gravatar.com\/avatar\/652c51789d7030aaed9ff828331360502a68204fe6fb0831bc280515210e16d2?s=96&d=mm&r=g\",\"url\":\"https:\/\/secure.gravatar.com\/avatar\/652c51789d7030aaed9ff828331360502a68204fe6fb0831bc280515210e16d2?s=96&d=mm&r=g\",\"contentUrl\":\"https:\/\/secure.gravatar.com\/avatar\/652c51789d7030aaed9ff828331360502a68204fe6fb0831bc280515210e16d2?s=96&d=mm&r=g\",\"caption\":\"S L\"},\"url\":\"https:\/\/progettotouring.it\/radiotouring104\/author\/slibri\/\"}]}<\/script>\n<!-- \/ Yoast SEO plugin. -->","yoast_head_json":{"title":"Reggina sconfitta e fuori dalla Coppa Italia - Radio Touring 104","description":"La Nocerina passa al Granillo: 2-3 il risultato finale","robots":{"index":"index","follow":"follow","max-snippet":"max-snippet:-1","max-image-preview":"max-image-preview:large","max-video-preview":"max-video-preview:-1"},"canonical":"https:\/\/progettotouring.it\/radiotouring104\/2025\/10\/23\/reggina-sconfitta-e-fuori-dalla-coppa-italia\/","og_locale":"it_IT","og_type":"article","og_title":"Reggina sconfitta e fuori dalla Coppa Italia - Radio Touring 104","og_description":"La Nocerina passa al Granillo: 2-3 il risultato finale","og_url":"https:\/\/progettotouring.it\/radiotouring104\/2025\/10\/23\/reggina-sconfitta-e-fuori-dalla-coppa-italia\/","og_site_name":"Radio Touring 104","article_published_time":"2025-10-23T07:05:18+00:00","og_image":[{"width":2000,"height":1545,"url":"https:\/\/progettotouring.it\/radiotouring104\/wp-content\/uploads\/sites\/6\/2025\/10\/IMMAGINI-X-SITO-2025-10-23T090120.943.jpg","type":"image\/jpeg"}],"author":"S L","twitter_card":"summary_large_image","twitter_misc":{"Scritto da":"S L","Tempo di lettura stimato":"2 minuti"},"schema":{"@context":"https:\/\/schema.org","@graph":[{"@type":"Article","@id":"https:\/\/progettotouring.it\/radiotouring104\/2025\/10\/23\/reggina-sconfitta-e-fuori-dalla-coppa-italia\/#article","isPartOf":{"@id":"https:\/\/progettotouring.it\/radiotouring104\/2025\/10\/23\/reggina-sconfitta-e-fuori-dalla-coppa-italia\/"},"author":{"name":"S L","@id":"https:\/\/progettotouring.it\/radiotouring104\/#\/schema\/person\/b9f9c3730b0a78814c9b9f3bfc52c619"},"headline":"Reggina sconfitta e fuori dalla Coppa Italia","datePublished":"2025-10-23T07:05:18+00:00","mainEntityOfPage":{"@id":"https:\/\/progettotouring.it\/radiotouring104\/2025\/10\/23\/reggina-sconfitta-e-fuori-dalla-coppa-italia\/"},"wordCount":454,"publisher":{"@id":"https:\/\/progettotouring.it\/radiotouring104\/#organization"},"image":{"@id":"https:\/\/progettotouring.it\/radiotouring104\/2025\/10\/23\/reggina-sconfitta-e-fuori-dalla-coppa-italia\/#primaryimage"},"thumbnailUrl":"https:\/\/progettotouring.it\/radiotouring104\/wp-content\/uploads\/sites\/6\/2025\/10\/IMMAGINI-X-SITO-2025-10-23T090120.943.jpg","articleSection":["News","Sport"],"inLanguage":"it-IT"},{"@type":"WebPage","@id":"https:\/\/progettotouring.it\/radiotouring104\/2025\/10\/23\/reggina-sconfitta-e-fuori-dalla-coppa-italia\/","url":"https:\/\/progettotouring.it\/radiotouring104\/2025\/10\/23\/reggina-sconfitta-e-fuori-dalla-coppa-italia\/","name":"Reggina sconfitta e fuori dalla Coppa Italia - Radio Touring 104","isPartOf":{"@id":"https:\/\/progettotouring.it\/radiotouring104\/#website"},"primaryImageOfPage":{"@id":"https:\/\/progettotouring.it\/radiotouring104\/2025\/10\/23\/reggina-sconfitta-e-fuori-dalla-coppa-italia\/#primaryimage"},"image":{"@id":"https:\/\/progettotouring.it\/radiotouring104\/2025\/10\/23\/reggina-sconfitta-e-fuori-dalla-coppa-italia\/#primaryimage"},"thumbnailUrl":"https:\/\/progettotouring.it\/radiotouring104\/wp-content\/uploads\/sites\/6\/2025\/10\/IMMAGINI-X-SITO-2025-10-23T090120.943.jpg","datePublished":"2025-10-23T07:05:18+00:00","description":"La Nocerina passa al Granillo: 2-3 il risultato finale","breadcrumb":{"@id":"https:\/\/progettotouring.it\/radiotouring104\/2025\/10\/23\/reggina-sconfitta-e-fuori-dalla-coppa-italia\/#breadcrumb"},"inLanguage":"it-IT","potentialAction":[{"@type":"ReadAction","target":["https:\/\/progettotouring.it\/radiotouring104\/2025\/10\/23\/reggina-sconfitta-e-fuori-dalla-coppa-italia\/"]}]},{"@type":"ImageObject","inLanguage":"it-IT","@id":"https:\/\/progettotouring.it\/radiotouring104\/2025\/10\/23\/reggina-sconfitta-e-fuori-dalla-coppa-italia\/#primaryimage","url":"https:\/\/progettotouring.it\/radiotouring104\/wp-content\/uploads\/sites\/6\/2025\/10\/IMMAGINI-X-SITO-2025-10-23T090120.943.jpg","contentUrl":"https:\/\/progettotouring.it\/radiotouring104\/wp-content\/uploads\/sites\/6\/2025\/10\/IMMAGINI-X-SITO-2025-10-23T090120.943.jpg","width":2000,"height":1545},{"@type":"BreadcrumbList","@id":"https:\/\/progettotouring.it\/radiotouring104\/2025\/10\/23\/reggina-sconfitta-e-fuori-dalla-coppa-italia\/#breadcrumb","itemListElement":[{"@type":"ListItem","position":1,"name":"Home","item":"https:\/\/progettotouring.it\/radiotouring104\/"},{"@type":"ListItem","position":2,"name":"Reggina sconfitta e fuori dalla Coppa Italia"}]},{"@type":"WebSite","@id":"https:\/\/progettotouring.it\/radiotouring104\/#website","url":"https:\/\/progettotouring.it\/radiotouring104\/","name":"Radio Touring 104","description":"La prima radio Reggina","publisher":{"@id":"https:\/\/progettotouring.it\/radiotouring104\/#organization"},"potentialAction":[{"@type":"SearchAction","target":{"@type":"EntryPoint","urlTemplate":"https:\/\/progettotouring.it\/radiotouring104\/?s={search_term_string}"},"query-input":{"@type":"PropertyValueSpecification","valueRequired":true,"valueName":"search_term_string"}}],"inLanguage":"it-IT"},{"@type":"Organization","@id":"https:\/\/progettotouring.it\/radiotouring104\/#organization","name":"Radio Touring 104","url":"https:\/\/progettotouring.it\/radiotouring104\/","logo":{"@type":"ImageObject","inLanguage":"it-IT","@id":"https:\/\/progettotouring.it\/radiotouring104\/#\/schema\/logo\/image\/","url":"https:\/\/progettotouring.it\/radiotouring104\/wp-content\/uploads\/sites\/6\/2022\/02\/cropped-logo-radio-touring-104.png","contentUrl":"https:\/\/progettotouring.it\/radiotouring104\/wp-content\/uploads\/sites\/6\/2022\/02\/cropped-logo-radio-touring-104.png","width":377,"height":182,"caption":"Radio Touring 104"},"image":{"@id":"https:\/\/progettotouring.it\/radiotouring104\/#\/schema\/logo\/image\/"}},{"@type":"Person","@id":"https:\/\/progettotouring.it\/radiotouring104\/#\/schema\/person\/b9f9c3730b0a78814c9b9f3bfc52c619","name":"S L","image":{"@type":"ImageObject","inLanguage":"it-IT","@id":"https:\/\/secure.gravatar.com\/avatar\/652c51789d7030aaed9ff828331360502a68204fe6fb0831bc280515210e16d2?s=96&d=mm&r=g","url":"https:\/\/secure.gravatar.com\/avatar\/652c51789d7030aaed9ff828331360502a68204fe6fb0831bc280515210e16d2?s=96&d=mm&r=g","contentUrl":"https:\/\/secure.gravatar.com\/avatar\/652c51789d7030aaed9ff828331360502a68204fe6fb0831bc280515210e16d2?s=96&d=mm&r=g","caption":"S L"},"url":"https:\/\/progettotouring.it\/radiotouring104\/author\/slibri\/"}]}},"jetpack_publicize_connections":[],"jetpack_featured_media_url":"https:\/\/progettotouring.it\/radiotouring104\/wp-content\/uploads\/sites\/6\/2025\/10\/IMMAGINI-X-SITO-2025-10-23T090120.943.jpg","jetpack_sharing_enabled":true,"_links":{"self":[{"href":"https:\/\/progettotouring.it\/radiotouring104\/wp-json\/wp\/v2\/posts\/84483","targetHints":{"allow":["GET"]}}],"collection":[{"href":"https:\/\/progettotouring.it\/radiotouring104\/wp-json\/wp\/v2\/posts"}],"about":[{"href":"https:\/\/progettotouring.it\/radiotouring104\/wp-json\/wp\/v2\/types\/post"}],"author":[{"embeddable":true,"href":"https:\/\/progettotouring.it\/radiotouring104\/wp-json\/wp\/v2\/users\/19"}],"replies":[{"embeddable":true,"href":"https:\/\/progettotouring.it\/radiotouring104\/wp-json\/wp\/v2\/comments?post=84483"}],"version-history":[{"count":4,"href":"https:\/\/progettotouring.it\/radiotouring104\/wp-json\/wp\/v2\/posts\/84483\/revisions"}],"predecessor-version":[{"id":84496,"href":"https:\/\/progettotouring.it\/radiotouring104\/wp-json\/wp\/v2\/posts\/84483\/revisions\/84496"}],"wp:featuredmedia":[{"embeddable":true,"href":"https:\/\/progettotouring.it\/radiotouring104\/wp-json\/wp\/v2\/media\/84490"}],"wp:attachment":[{"href":"https:\/\/progettotouring.it\/radiotouring104\/wp-json\/wp\/v2\/media?parent=84483"}],"wp:term":[{"taxonomy":"category","embeddable":true,"href":"https:\/\/progettotouring.it\/radiotouring104\/wp-json\/wp\/v2\/categories?post=84483"},{"taxonomy":"post_tag","embeddable":true,"href":"https:\/\/progettotouring.it\/radiotouring104\/wp-json\/wp\/v2\/tags?post=84483"}],"curies":[{"name":"wp","href":"https:\/\/api.w.org\/{rel}","templated":true}]}}