{"id":84487,"date":"2025-10-23T09:00:26","date_gmt":"2025-10-23T07:00:26","guid":{"rendered":"https:\/\/progettotouring.it\/radiotouring104\/?p=84487"},"modified":"2025-10-23T09:00:26","modified_gmt":"2025-10-23T07:00:26","slug":"sequestrato-quasi-1-milione-di-euro-ad-un-imprenditore-gia-condannato-per-associazione-mafiosa","status":"publish","type":"post","link":"https:\/\/progettotouring.it\/radiotouring104\/2025\/10\/23\/sequestrato-quasi-1-milione-di-euro-ad-un-imprenditore-gia-condannato-per-associazione-mafiosa\/","title":{"rendered":"Sequestrato quasi 1 milione di euro ad un imprenditore gi\u00e0 condannato per associazione mafiosa"},"content":{"rendered":"<p>II Comando Provinciale della\u00a0Guardia di finanza\u00a0di Reggio Calabria ha\u00a0sequestrato beni\u00a0per un valore di oltre\u00a0914 mila euro\u00a0a un imprenditore della locride operante nel settore delle\u00a0onoranze funebri, a seguito di un provvedimento ablativo emesso dalla Sezione Misure di Prevenzione del Tribunale di Reggio Calabria, su proposta della locale Procura della Repubblica.<\/p>\n<p>L\u2019imprenditore destinatario della suddetta misura patrimoniale risulta\u00a0condannato in via definitiva nel 2019 per il delitto di associazione mafiosa, in quanto \u00e8 stata accertata la sua stabile \u201cintraneit\u00e0\u201d nella cosca \u201cMorabito Bruzzaniti Palamara\u201d \u2013 al tempo operante nel territorio di Africo, Samo, Brancaleone e Bianco e capeggiata da Morabito Giuseppe, detto il \u201cTiradritto\u201d \u2013 con il ruolo di partecipe, occupandosi, in specie, del recupero delle armi (utilizzate per esercitare poteri intimidatori nell\u2019hinterland di competenza) e, pi\u00f9 in generale, dell\u2019organizzazione di incontri mafiosi e della gestione dei rapporti con altre famiglie criminali.<\/p>\n<p>Pi\u00f9 nel dettaglio, sulla base del contenuto delle intercettazioni eseguite nel corso dell\u2019indagine che ha condotto alla condanna definitiva del citato imprenditore, quest\u2019ultimo si contraddistingueva \u201cper il suo uso non comune di armi (peraltro ritrovate nel suo appartamento in occasione della misura cautelare), pronte all\u2019uso, come rimedio pi\u00f9 efficace nella risoluzione di conflitti di natura associativa\u201d, venendo descritto dai sodali \u201c<em>come uomo violento, apprezzato ed elogiato dai capi, pronti a intervenire per tutelare il suo onore oltraggiato da appartenenti ad altre cosche<\/em>\u201c.<\/p>\n<p>L\u2019indagine patrimoniale nei confronti del soggetto in parola \u00e8 stata sviluppata dalla Compagnia di Melito Porto Salvo, in stretta e sistematica sinergia con il Servizio Centrale di Investigazione sulla Criminalit\u00e0 Organizzata della Guardia di finanza (S.C.I.C.O.), attraverso complesse e articolate investigazioni e verifiche documentali, che hanno fatto emergere un illecito compendio di ricchezza direttamente e indirettamente nella disponibilit\u00e0 del citato imprenditore, il cui valore \u00e8 risultato decisamente sproporzionato rispetto alla capacit\u00e0 reddituale dal medesimo dichiarata.<\/p>\n<p>Considerata la\u00a0pericolosit\u00e0 sociale\u00a0dell\u2019imprenditore e rilevata la suddetta sperequazione tra il tenore di vita e i redditi dichiarati, la Procura della Repubblica di Reggio Calabria ha proposto alla Sezione Misure di Prevenzione del locale Tribunale l\u2019applicazione della misura patrimoniale in argomento.<\/p>\n<p>Conseguentemente, il Tribunale di Reggio Calabria ha disposto \u2013 allo stato del procedimento e impregiudicata ogni diversa successiva valutazione nelle ulteriori fasi istruttorie \u2013 l\u2019applicazione della misura di prevenzione patrimoniale del sequestro dei beni riconducibili all\u2019imprenditore, costituiti da\u00a0<em>10 immobili nonch\u00e9 da conti correnti, libretti di deposito, titoli di Stato, azioni, obbligazioni, certificati di deposito, assicurazioni e relative disponibilit\u00e0<\/em>, per un valore complessivamente stimato, come dianzi anticipato, per quasi 1 milione di euro.<\/p>\n","protected":false},"excerpt":{"rendered":"<p>II Comando Provinciale della\u00a0Guardia di finanza\u00a0di Reggio Calabria ha\u00a0sequestrato beni\u00a0per un valore di oltre\u00a0914 mila euro\u00a0a un imprenditore della locride operante nel settore delle\u00a0onoranze funebri, a seguito di un provvedimento&hellip;<\/p>\n","protected":false},"author":12,"featured_media":7038,"comment_status":"closed","ping_status":"open","sticky":false,"template":"","format":"standard","meta":{"_jetpack_memberships_contains_paid_content":false,"footnotes":"","jetpack_publicize_message":"","jetpack_publicize_feature_enabled":true,"jetpack_social_post_already_shared":true,"jetpack_social_options":{"image_generator_settings":{"template":"highway","default_image_id":0,"font":"","enabled":false},"version":2}},"categories":[921,150,196,140],"tags":[46264,48539,48537,2593,726,48538],"class_list":["post-84487","post","type-post","status-publish","format-standard","has-post-thumbnail","hentry","category-home","category-in-primo-piano","category-news","category-reggio-calabria","tag-comando-provinciale-della-guardia-di-finanza-di-reggio-calabria","tag-cosca-morabito-bruzzaniti-palamara","tag-imprenditore-onoranze-funebri","tag-locride","tag-sequestro-beni","tag-sequestro-beni-1-milione-di-euro"],"yoast_head":"<!-- This site is optimized with the Yoast SEO plugin v27.2 - https:\/\/yoast.com\/product\/yoast-seo-wordpress\/ -->\n<title>Sequestrati beni per 1 milione ad un imprenditore della Locride<\/title>\n<meta name=\"description\" content=\"La Finanza ha sequestrato beni per 1mln \u20ac ad un imprenditore di onoranze funebri, appartenente alla cosca &quot;\u201cMorabito Bruzzaniti Palamara\u201d\" \/>\n<meta name=\"robots\" content=\"index, follow, max-snippet:-1, max-image-preview:large, max-video-preview:-1\" \/>\n<link rel=\"canonical\" href=\"https:\/\/progettotouring.it\/radiotouring104\/2025\/10\/23\/sequestrato-quasi-1-milione-di-euro-ad-un-imprenditore-gia-condannato-per-associazione-mafiosa\/\" \/>\n<meta property=\"og:locale\" content=\"it_IT\" \/>\n<meta property=\"og:type\" content=\"article\" \/>\n<meta property=\"og:title\" content=\"Sequestrati beni per 1 milione ad un imprenditore della Locride\" \/>\n<meta property=\"og:description\" content=\"La Finanza ha sequestrato beni per 1mln \u20ac ad un imprenditore di onoranze funebri, appartenente alla cosca &quot;\u201cMorabito Bruzzaniti Palamara\u201d\" \/>\n<meta property=\"og:url\" content=\"https:\/\/progettotouring.it\/radiotouring104\/2025\/10\/23\/sequestrato-quasi-1-milione-di-euro-ad-un-imprenditore-gia-condannato-per-associazione-mafiosa\/\" \/>\n<meta property=\"og:site_name\" content=\"Radio Touring 104\" \/>\n<meta property=\"article:published_time\" content=\"2025-10-23T07:00:26+00:00\" \/>\n<meta property=\"og:image\" content=\"https:\/\/progettotouring.it\/radiotouring104\/wp-content\/uploads\/sites\/6\/2022\/06\/download-4-1.jpeg\" \/>\n\t<meta property=\"og:image:width\" content=\"1024\" \/>\n\t<meta property=\"og:image:height\" content=\"768\" \/>\n\t<meta property=\"og:image:type\" content=\"image\/jpeg\" \/>\n<meta name=\"author\" content=\"Sebastiano Plutino\" \/>\n<meta name=\"twitter:card\" content=\"summary_large_image\" \/>\n<meta name=\"twitter:label1\" content=\"Scritto da\" \/>\n\t<meta name=\"twitter:data1\" content=\"Sebastiano Plutino\" \/>\n\t<meta name=\"twitter:label2\" content=\"Tempo di lettura stimato\" \/>\n\t<meta name=\"twitter:data2\" content=\"2 minuti\" \/>\n<script type=\"application\/ld+json\" class=\"yoast-schema-graph\">{\"@context\":\"https:\/\/schema.org\",\"@graph\":[{\"@type\":\"Article\",\"@id\":\"https:\/\/progettotouring.it\/radiotouring104\/2025\/10\/23\/sequestrato-quasi-1-milione-di-euro-ad-un-imprenditore-gia-condannato-per-associazione-mafiosa\/#article\",\"isPartOf\":{\"@id\":\"https:\/\/progettotouring.it\/radiotouring104\/2025\/10\/23\/sequestrato-quasi-1-milione-di-euro-ad-un-imprenditore-gia-condannato-per-associazione-mafiosa\/\"},\"author\":{\"name\":\"Sebastiano Plutino\",\"@id\":\"https:\/\/progettotouring.it\/radiotouring104\/#\/schema\/person\/78613917f1851f041f7483f5af1d422e\"},\"headline\":\"Sequestrato quasi 1 milione di euro ad un imprenditore gi\u00e0 condannato per associazione mafiosa\",\"datePublished\":\"2025-10-23T07:00:26+00:00\",\"mainEntityOfPage\":{\"@id\":\"https:\/\/progettotouring.it\/radiotouring104\/2025\/10\/23\/sequestrato-quasi-1-milione-di-euro-ad-un-imprenditore-gia-condannato-per-associazione-mafiosa\/\"},\"wordCount\":436,\"publisher\":{\"@id\":\"https:\/\/progettotouring.it\/radiotouring104\/#organization\"},\"image\":{\"@id\":\"https:\/\/progettotouring.it\/radiotouring104\/2025\/10\/23\/sequestrato-quasi-1-milione-di-euro-ad-un-imprenditore-gia-condannato-per-associazione-mafiosa\/#primaryimage\"},\"thumbnailUrl\":\"https:\/\/progettotouring.it\/radiotouring104\/wp-content\/uploads\/sites\/6\/2022\/06\/download-4-1.jpeg\",\"keywords\":[\"Comando Provinciale della Guardia di finanza di Reggio Calabria\",\"cosca \\\"\u201cMorabito Bruzzaniti Palamara\u201d\",\"imprenditore onoranze funebri\",\"Locride\",\"sequestro beni\",\"sequestro beni 1 milione di euro\"],\"articleSection\":[\"Home\",\"In primo piano\",\"News\",\"Reggio Calabria\"],\"inLanguage\":\"it-IT\"},{\"@type\":\"WebPage\",\"@id\":\"https:\/\/progettotouring.it\/radiotouring104\/2025\/10\/23\/sequestrato-quasi-1-milione-di-euro-ad-un-imprenditore-gia-condannato-per-associazione-mafiosa\/\",\"url\":\"https:\/\/progettotouring.it\/radiotouring104\/2025\/10\/23\/sequestrato-quasi-1-milione-di-euro-ad-un-imprenditore-gia-condannato-per-associazione-mafiosa\/\",\"name\":\"Sequestrati beni per 1 milione ad un imprenditore della Locride\",\"isPartOf\":{\"@id\":\"https:\/\/progettotouring.it\/radiotouring104\/#website\"},\"primaryImageOfPage\":{\"@id\":\"https:\/\/progettotouring.it\/radiotouring104\/2025\/10\/23\/sequestrato-quasi-1-milione-di-euro-ad-un-imprenditore-gia-condannato-per-associazione-mafiosa\/#primaryimage\"},\"image\":{\"@id\":\"https:\/\/progettotouring.it\/radiotouring104\/2025\/10\/23\/sequestrato-quasi-1-milione-di-euro-ad-un-imprenditore-gia-condannato-per-associazione-mafiosa\/#primaryimage\"},\"thumbnailUrl\":\"https:\/\/progettotouring.it\/radiotouring104\/wp-content\/uploads\/sites\/6\/2022\/06\/download-4-1.jpeg\",\"datePublished\":\"2025-10-23T07:00:26+00:00\",\"description\":\"La Finanza ha sequestrato beni per 1mln \u20ac ad un imprenditore di onoranze funebri, appartenente alla cosca \\\"\u201cMorabito Bruzzaniti Palamara\u201d\",\"breadcrumb\":{\"@id\":\"https:\/\/progettotouring.it\/radiotouring104\/2025\/10\/23\/sequestrato-quasi-1-milione-di-euro-ad-un-imprenditore-gia-condannato-per-associazione-mafiosa\/#breadcrumb\"},\"inLanguage\":\"it-IT\",\"potentialAction\":[{\"@type\":\"ReadAction\",\"target\":[\"https:\/\/progettotouring.it\/radiotouring104\/2025\/10\/23\/sequestrato-quasi-1-milione-di-euro-ad-un-imprenditore-gia-condannato-per-associazione-mafiosa\/\"]}]},{\"@type\":\"ImageObject\",\"inLanguage\":\"it-IT\",\"@id\":\"https:\/\/progettotouring.it\/radiotouring104\/2025\/10\/23\/sequestrato-quasi-1-milione-di-euro-ad-un-imprenditore-gia-condannato-per-associazione-mafiosa\/#primaryimage\",\"url\":\"https:\/\/progettotouring.it\/radiotouring104\/wp-content\/uploads\/sites\/6\/2022\/06\/download-4-1.jpeg\",\"contentUrl\":\"https:\/\/progettotouring.it\/radiotouring104\/wp-content\/uploads\/sites\/6\/2022\/06\/download-4-1.jpeg\",\"width\":1024,\"height\":768},{\"@type\":\"BreadcrumbList\",\"@id\":\"https:\/\/progettotouring.it\/radiotouring104\/2025\/10\/23\/sequestrato-quasi-1-milione-di-euro-ad-un-imprenditore-gia-condannato-per-associazione-mafiosa\/#breadcrumb\",\"itemListElement\":[{\"@type\":\"ListItem\",\"position\":1,\"name\":\"Home\",\"item\":\"https:\/\/progettotouring.it\/radiotouring104\/\"},{\"@type\":\"ListItem\",\"position\":2,\"name\":\"Sequestrato quasi 1 milione di euro ad un imprenditore gi\u00e0 condannato per associazione mafiosa\"}]},{\"@type\":\"WebSite\",\"@id\":\"https:\/\/progettotouring.it\/radiotouring104\/#website\",\"url\":\"https:\/\/progettotouring.it\/radiotouring104\/\",\"name\":\"Radio Touring 104\",\"description\":\"La prima radio Reggina\",\"publisher\":{\"@id\":\"https:\/\/progettotouring.it\/radiotouring104\/#organization\"},\"potentialAction\":[{\"@type\":\"SearchAction\",\"target\":{\"@type\":\"EntryPoint\",\"urlTemplate\":\"https:\/\/progettotouring.it\/radiotouring104\/?s={search_term_string}\"},\"query-input\":{\"@type\":\"PropertyValueSpecification\",\"valueRequired\":true,\"valueName\":\"search_term_string\"}}],\"inLanguage\":\"it-IT\"},{\"@type\":\"Organization\",\"@id\":\"https:\/\/progettotouring.it\/radiotouring104\/#organization\",\"name\":\"Radio Touring 104\",\"url\":\"https:\/\/progettotouring.it\/radiotouring104\/\",\"logo\":{\"@type\":\"ImageObject\",\"inLanguage\":\"it-IT\",\"@id\":\"https:\/\/progettotouring.it\/radiotouring104\/#\/schema\/logo\/image\/\",\"url\":\"https:\/\/progettotouring.it\/radiotouring104\/wp-content\/uploads\/sites\/6\/2022\/02\/cropped-logo-radio-touring-104.png\",\"contentUrl\":\"https:\/\/progettotouring.it\/radiotouring104\/wp-content\/uploads\/sites\/6\/2022\/02\/cropped-logo-radio-touring-104.png\",\"width\":377,\"height\":182,\"caption\":\"Radio Touring 104\"},\"image\":{\"@id\":\"https:\/\/progettotouring.it\/radiotouring104\/#\/schema\/logo\/image\/\"}},{\"@type\":\"Person\",\"@id\":\"https:\/\/progettotouring.it\/radiotouring104\/#\/schema\/person\/78613917f1851f041f7483f5af1d422e\",\"name\":\"Sebastiano Plutino\",\"image\":{\"@type\":\"ImageObject\",\"inLanguage\":\"it-IT\",\"@id\":\"https:\/\/secure.gravatar.com\/avatar\/0546ffaa9b79224faf9f2a156b67a529ae861d3287c66c1d8ccfdf909bcba78d?s=96&d=mm&r=g\",\"url\":\"https:\/\/secure.gravatar.com\/avatar\/0546ffaa9b79224faf9f2a156b67a529ae861d3287c66c1d8ccfdf909bcba78d?s=96&d=mm&r=g\",\"contentUrl\":\"https:\/\/secure.gravatar.com\/avatar\/0546ffaa9b79224faf9f2a156b67a529ae861d3287c66c1d8ccfdf909bcba78d?s=96&d=mm&r=g\",\"caption\":\"Sebastiano Plutino\"},\"url\":\"https:\/\/progettotouring.it\/radiotouring104\/author\/sebastiano\/\"}]}<\/script>\n<!-- \/ Yoast SEO plugin. -->","yoast_head_json":{"title":"Sequestrati beni per 1 milione ad un imprenditore della Locride","description":"La Finanza ha sequestrato beni per 1mln \u20ac ad un imprenditore di onoranze funebri, appartenente alla cosca \"\u201cMorabito Bruzzaniti Palamara\u201d","robots":{"index":"index","follow":"follow","max-snippet":"max-snippet:-1","max-image-preview":"max-image-preview:large","max-video-preview":"max-video-preview:-1"},"canonical":"https:\/\/progettotouring.it\/radiotouring104\/2025\/10\/23\/sequestrato-quasi-1-milione-di-euro-ad-un-imprenditore-gia-condannato-per-associazione-mafiosa\/","og_locale":"it_IT","og_type":"article","og_title":"Sequestrati beni per 1 milione ad un imprenditore della Locride","og_description":"La Finanza ha sequestrato beni per 1mln \u20ac ad un imprenditore di onoranze funebri, appartenente alla cosca \"\u201cMorabito Bruzzaniti Palamara\u201d","og_url":"https:\/\/progettotouring.it\/radiotouring104\/2025\/10\/23\/sequestrato-quasi-1-milione-di-euro-ad-un-imprenditore-gia-condannato-per-associazione-mafiosa\/","og_site_name":"Radio Touring 104","article_published_time":"2025-10-23T07:00:26+00:00","og_image":[{"width":1024,"height":768,"url":"https:\/\/progettotouring.it\/radiotouring104\/wp-content\/uploads\/sites\/6\/2022\/06\/download-4-1.jpeg","type":"image\/jpeg"}],"author":"Sebastiano Plutino","twitter_card":"summary_large_image","twitter_misc":{"Scritto da":"Sebastiano Plutino","Tempo di lettura stimato":"2 minuti"},"schema":{"@context":"https:\/\/schema.org","@graph":[{"@type":"Article","@id":"https:\/\/progettotouring.it\/radiotouring104\/2025\/10\/23\/sequestrato-quasi-1-milione-di-euro-ad-un-imprenditore-gia-condannato-per-associazione-mafiosa\/#article","isPartOf":{"@id":"https:\/\/progettotouring.it\/radiotouring104\/2025\/10\/23\/sequestrato-quasi-1-milione-di-euro-ad-un-imprenditore-gia-condannato-per-associazione-mafiosa\/"},"author":{"name":"Sebastiano Plutino","@id":"https:\/\/progettotouring.it\/radiotouring104\/#\/schema\/person\/78613917f1851f041f7483f5af1d422e"},"headline":"Sequestrato quasi 1 milione di euro ad un imprenditore gi\u00e0 condannato per associazione mafiosa","datePublished":"2025-10-23T07:00:26+00:00","mainEntityOfPage":{"@id":"https:\/\/progettotouring.it\/radiotouring104\/2025\/10\/23\/sequestrato-quasi-1-milione-di-euro-ad-un-imprenditore-gia-condannato-per-associazione-mafiosa\/"},"wordCount":436,"publisher":{"@id":"https:\/\/progettotouring.it\/radiotouring104\/#organization"},"image":{"@id":"https:\/\/progettotouring.it\/radiotouring104\/2025\/10\/23\/sequestrato-quasi-1-milione-di-euro-ad-un-imprenditore-gia-condannato-per-associazione-mafiosa\/#primaryimage"},"thumbnailUrl":"https:\/\/progettotouring.it\/radiotouring104\/wp-content\/uploads\/sites\/6\/2022\/06\/download-4-1.jpeg","keywords":["Comando Provinciale della Guardia di finanza di Reggio Calabria","cosca \"\u201cMorabito Bruzzaniti Palamara\u201d","imprenditore onoranze funebri","Locride","sequestro beni","sequestro beni 1 milione di euro"],"articleSection":["Home","In primo piano","News","Reggio Calabria"],"inLanguage":"it-IT"},{"@type":"WebPage","@id":"https:\/\/progettotouring.it\/radiotouring104\/2025\/10\/23\/sequestrato-quasi-1-milione-di-euro-ad-un-imprenditore-gia-condannato-per-associazione-mafiosa\/","url":"https:\/\/progettotouring.it\/radiotouring104\/2025\/10\/23\/sequestrato-quasi-1-milione-di-euro-ad-un-imprenditore-gia-condannato-per-associazione-mafiosa\/","name":"Sequestrati beni per 1 milione ad un imprenditore della Locride","isPartOf":{"@id":"https:\/\/progettotouring.it\/radiotouring104\/#website"},"primaryImageOfPage":{"@id":"https:\/\/progettotouring.it\/radiotouring104\/2025\/10\/23\/sequestrato-quasi-1-milione-di-euro-ad-un-imprenditore-gia-condannato-per-associazione-mafiosa\/#primaryimage"},"image":{"@id":"https:\/\/progettotouring.it\/radiotouring104\/2025\/10\/23\/sequestrato-quasi-1-milione-di-euro-ad-un-imprenditore-gia-condannato-per-associazione-mafiosa\/#primaryimage"},"thumbnailUrl":"https:\/\/progettotouring.it\/radiotouring104\/wp-content\/uploads\/sites\/6\/2022\/06\/download-4-1.jpeg","datePublished":"2025-10-23T07:00:26+00:00","description":"La Finanza ha sequestrato beni per 1mln \u20ac ad un imprenditore di onoranze funebri, appartenente alla cosca \"\u201cMorabito Bruzzaniti Palamara\u201d","breadcrumb":{"@id":"https:\/\/progettotouring.it\/radiotouring104\/2025\/10\/23\/sequestrato-quasi-1-milione-di-euro-ad-un-imprenditore-gia-condannato-per-associazione-mafiosa\/#breadcrumb"},"inLanguage":"it-IT","potentialAction":[{"@type":"ReadAction","target":["https:\/\/progettotouring.it\/radiotouring104\/2025\/10\/23\/sequestrato-quasi-1-milione-di-euro-ad-un-imprenditore-gia-condannato-per-associazione-mafiosa\/"]}]},{"@type":"ImageObject","inLanguage":"it-IT","@id":"https:\/\/progettotouring.it\/radiotouring104\/2025\/10\/23\/sequestrato-quasi-1-milione-di-euro-ad-un-imprenditore-gia-condannato-per-associazione-mafiosa\/#primaryimage","url":"https:\/\/progettotouring.it\/radiotouring104\/wp-content\/uploads\/sites\/6\/2022\/06\/download-4-1.jpeg","contentUrl":"https:\/\/progettotouring.it\/radiotouring104\/wp-content\/uploads\/sites\/6\/2022\/06\/download-4-1.jpeg","width":1024,"height":768},{"@type":"BreadcrumbList","@id":"https:\/\/progettotouring.it\/radiotouring104\/2025\/10\/23\/sequestrato-quasi-1-milione-di-euro-ad-un-imprenditore-gia-condannato-per-associazione-mafiosa\/#breadcrumb","itemListElement":[{"@type":"ListItem","position":1,"name":"Home","item":"https:\/\/progettotouring.it\/radiotouring104\/"},{"@type":"ListItem","position":2,"name":"Sequestrato quasi 1 milione di euro ad un imprenditore gi\u00e0 condannato per associazione mafiosa"}]},{"@type":"WebSite","@id":"https:\/\/progettotouring.it\/radiotouring104\/#website","url":"https:\/\/progettotouring.it\/radiotouring104\/","name":"Radio Touring 104","description":"La prima radio Reggina","publisher":{"@id":"https:\/\/progettotouring.it\/radiotouring104\/#organization"},"potentialAction":[{"@type":"SearchAction","target":{"@type":"EntryPoint","urlTemplate":"https:\/\/progettotouring.it\/radiotouring104\/?s={search_term_string}"},"query-input":{"@type":"PropertyValueSpecification","valueRequired":true,"valueName":"search_term_string"}}],"inLanguage":"it-IT"},{"@type":"Organization","@id":"https:\/\/progettotouring.it\/radiotouring104\/#organization","name":"Radio Touring 104","url":"https:\/\/progettotouring.it\/radiotouring104\/","logo":{"@type":"ImageObject","inLanguage":"it-IT","@id":"https:\/\/progettotouring.it\/radiotouring104\/#\/schema\/logo\/image\/","url":"https:\/\/progettotouring.it\/radiotouring104\/wp-content\/uploads\/sites\/6\/2022\/02\/cropped-logo-radio-touring-104.png","contentUrl":"https:\/\/progettotouring.it\/radiotouring104\/wp-content\/uploads\/sites\/6\/2022\/02\/cropped-logo-radio-touring-104.png","width":377,"height":182,"caption":"Radio Touring 104"},"image":{"@id":"https:\/\/progettotouring.it\/radiotouring104\/#\/schema\/logo\/image\/"}},{"@type":"Person","@id":"https:\/\/progettotouring.it\/radiotouring104\/#\/schema\/person\/78613917f1851f041f7483f5af1d422e","name":"Sebastiano Plutino","image":{"@type":"ImageObject","inLanguage":"it-IT","@id":"https:\/\/secure.gravatar.com\/avatar\/0546ffaa9b79224faf9f2a156b67a529ae861d3287c66c1d8ccfdf909bcba78d?s=96&d=mm&r=g","url":"https:\/\/secure.gravatar.com\/avatar\/0546ffaa9b79224faf9f2a156b67a529ae861d3287c66c1d8ccfdf909bcba78d?s=96&d=mm&r=g","contentUrl":"https:\/\/secure.gravatar.com\/avatar\/0546ffaa9b79224faf9f2a156b67a529ae861d3287c66c1d8ccfdf909bcba78d?s=96&d=mm&r=g","caption":"Sebastiano Plutino"},"url":"https:\/\/progettotouring.it\/radiotouring104\/author\/sebastiano\/"}]}},"jetpack_publicize_connections":[],"jetpack_featured_media_url":"https:\/\/progettotouring.it\/radiotouring104\/wp-content\/uploads\/sites\/6\/2022\/06\/download-4-1.jpeg","jetpack_sharing_enabled":true,"_links":{"self":[{"href":"https:\/\/progettotouring.it\/radiotouring104\/wp-json\/wp\/v2\/posts\/84487","targetHints":{"allow":["GET"]}}],"collection":[{"href":"https:\/\/progettotouring.it\/radiotouring104\/wp-json\/wp\/v2\/posts"}],"about":[{"href":"https:\/\/progettotouring.it\/radiotouring104\/wp-json\/wp\/v2\/types\/post"}],"author":[{"embeddable":true,"href":"https:\/\/progettotouring.it\/radiotouring104\/wp-json\/wp\/v2\/users\/12"}],"replies":[{"embeddable":true,"href":"https:\/\/progettotouring.it\/radiotouring104\/wp-json\/wp\/v2\/comments?post=84487"}],"version-history":[{"count":1,"href":"https:\/\/progettotouring.it\/radiotouring104\/wp-json\/wp\/v2\/posts\/84487\/revisions"}],"predecessor-version":[{"id":84489,"href":"https:\/\/progettotouring.it\/radiotouring104\/wp-json\/wp\/v2\/posts\/84487\/revisions\/84489"}],"wp:featuredmedia":[{"embeddable":true,"href":"https:\/\/progettotouring.it\/radiotouring104\/wp-json\/wp\/v2\/media\/7038"}],"wp:attachment":[{"href":"https:\/\/progettotouring.it\/radiotouring104\/wp-json\/wp\/v2\/media?parent=84487"}],"wp:term":[{"taxonomy":"category","embeddable":true,"href":"https:\/\/progettotouring.it\/radiotouring104\/wp-json\/wp\/v2\/categories?post=84487"},{"taxonomy":"post_tag","embeddable":true,"href":"https:\/\/progettotouring.it\/radiotouring104\/wp-json\/wp\/v2\/tags?post=84487"}],"curies":[{"name":"wp","href":"https:\/\/api.w.org\/{rel}","templated":true}]}}