{"id":84491,"date":"2025-10-23T09:10:29","date_gmt":"2025-10-23T07:10:29","guid":{"rendered":"https:\/\/progettotouring.it\/radiotouring104\/?p=84491"},"modified":"2025-10-23T11:58:43","modified_gmt":"2025-10-23T09:58:43","slug":"reggio-concluso-il-corso-di-alta-formazione-per-la-dirigenza-sanitaria-economia-diritto-e-management-della-sanita","status":"publish","type":"post","link":"https:\/\/progettotouring.it\/radiotouring104\/2025\/10\/23\/reggio-concluso-il-corso-di-alta-formazione-per-la-dirigenza-sanitaria-economia-diritto-e-management-della-sanita\/","title":{"rendered":"Reggio: concluso il Corso di Alta Formazione per la Dirigenza Sanitaria \u201cEconomia, Diritto e Management della Sanit\u00e0\u201d"},"content":{"rendered":"<p style=\"font-weight: 400\">Si \u00e8 conclusa con la consegna degli attestati la\u00a0<strong>sesta edizione del Corso di Alta Formazione per la Dirigenza Sanitaria \u201cEconomia, Diritto e Management della Sanit\u00e0\u201d<\/strong>, anno accademico 2024\/2025, promosso dall\u2019<strong>Ordine dei Medici Chirurghi e Odontoiatri di Reggio Calabria<\/strong>\u00a0in collaborazione con l\u2019<strong>Universit\u00e0 Mediterranea di Reggio Calabria<\/strong>.<\/p>\n<p style=\"font-weight: 400\">Un traguardo che testimonia il successo e la continuit\u00e0 di un\u2019iniziativa formativa ormai consolidata, ideata e promossa dal\u00a0<strong>dottor Domenico Pistone<\/strong>, consigliere dell\u2019Ordine e coordinatore della Commissione Rapporti con le Universit\u00e0 e dal\u00a0<strong>presidente dell\u2019OmceoRC, dottor Pasquale Veneziano<\/strong>, che da anni si fanno promotori di un dialogo costante con la Regione Calabria per la crescita professionale del personale sanitario.<\/p>\n<p style=\"font-weight: 400\"><strong>\u201cEssendo la sesta edizione, vuol dire che questo corso ha avuto un successo imprevedibile all&#8217;inizio e che ancora oggi mantiene tutta la sua importanza &#8211;<\/strong>\u00a0ha dichiarato il presidente\u00a0<strong>Pasquale Veneziano<\/strong>\u00a0durante la cerimonia -. \u00c8 un corso obbligatorio per chi aspira a diventare direttore di reparto: un tempo il primario doveva solo curare i pazienti, oggi deve essere anche un manager. La formazione universitaria copre l\u2019aspetto medico, ma su quello gestionale serve un approfondimento specifico e questi corsi colmano tale lacuna\u201d.<\/p>\n<p style=\"font-weight: 400\">Veneziano ha poi ringraziato l\u2019<strong>Universit\u00e0 Mediterranea<\/strong>, in particolare il\u00a0<strong>professor Francesco Manganaro<\/strong>, docente di Diritto amministrativo e responsabile scientifico del corso, il\u00a0<strong>professor Ferrara<\/strong>\u00a0che ne ha seguito le prime edizioni, il\u00a0<strong>professor Finocchiaro Castro<\/strong>\u00a0e il\u00a0<strong>rettore Giuseppe Zimbalatti<\/strong>, per il costante supporto istituzionale.<\/p>\n<p style=\"font-weight: 400\">\u201cGrazie a questo percorso \u2013 ha aggiunto Veneziano \u2013 tanti colleghi hanno potuto formarsi restando a Reggio Calabria, senza doversi spostare altrove con costi elevati e sacrificando mesi di lavoro ospedaliero. \u00c8 un risultato di grande valore per tutto il nostro territorio\u201d.<\/p>\n<p style=\"font-weight: 400\">Soddisfazione anche da parte del\u00a0<strong>dottor Domenico Pistone<\/strong>\u00a0che ha sottolineato la qualit\u00e0 del percorso formativo e la partecipazione attiva dei corsisti.<\/p>\n<p style=\"font-weight: 400\">\u201cLa consegna dell\u2019attestato sancisce la conclusione di un percorso di cui siamo orgogliosi. \u00c8 il sesto corso che realizziamo insieme alla Mediterranea e ogni edizione si distingue per l\u2019impegno dei colleghi e l\u2019eccellenza dei docenti &#8211; ha sottolineato Pistone -. Ringrazio il rettore Zimbalatti, il professor Manganaro e il professor Massimo Finocchiaro Castro, direttore del Dipartimento DIGES, per la collaborazione. Quest\u2019anno abbiamo avuto anche docenti provenienti da altre universit\u00e0 italiane \u2013 la Cattolica di Roma, Messina, Catania e Pisa \u2013 segno della crescita e del prestigio raggiunto da questo corso\u201d.<\/p>\n<p style=\"font-weight: 400\">Un percorso di formazione che risponde non solo a un\u2019esigenza normativa, ma anche a una visione moderna della sanit\u00e0, dove la\u00a0<strong>competenza manageriale<\/strong>\u00a0si affianca a quella clinica per garantire servizi pi\u00f9 efficienti e sostenibili.<\/p>\n<p style=\"font-weight: 400\">\u201c\u00c8 una bellissima collaborazione con l\u2019Ordine dei Medici &#8211; ha concluso il\u00a0<strong>rettore Giuseppe Zimbalatti<\/strong>\u00a0&#8211; che consente all\u2019Universit\u00e0 di adempiere al meglio alla sua terza missione di alta formazione, offrendo ai medici del territorio opportunit\u00e0 di crescita senza dover affrontare lunghi spostamenti. La Mediterranea vuole essere un\u2019universit\u00e0 all\u2019avanguardia, al servizio di un territorio che merita di esserlo altrettanto\u201d.<\/p>\n<p style=\"font-weight: 400\">Con la consegna degli attestati si chiude dunque un\u2019altra edizione di successo, ma lo sguardo \u00e8 gi\u00e0 rivolto al futuro: la sfida sar\u00e0 ora quella di garantire percorsi di\u00a0<strong>aggiornamento periodico<\/strong>\u00a0per i dirigenti sanitari che hanno gi\u00e0 conseguito il titolo, a conferma di un impegno formativo continuo e di qualit\u00e0 al servizio della sanit\u00e0 calabrese.<\/p>\n<p style=\"font-weight: 400\"><strong>Elenco corsisti<\/strong><\/p>\n<p style=\"font-weight: 400\">Alati Caterina, Albanese Sabrina, Basile Rosa, Carnuccio Serena Maria, Ceruso Caterina, De Caridi Antonino, Fazio Maria Rosaria, Foti Francesca, Lia Maria Carmela, Loiacono Lidia, Luc\u00e0 Fabiana, Macr\u00ec Giuseppe, Mandaglio Rosalba, Massara Mafalda, Mazzotta Fulvio, Mileto Antonio, Morace Carmela, Parlongo Giuseppe, Pellicano Patrizia, Polistena Giuseppina, Postorino Stefano, Rao Carmelo, Riggio Stefania, Salerno Aurora, Simone Francesco, Stilo Carmen, Suraci Domenico, Verduci Leo Antonino<\/p>\n","protected":false},"excerpt":{"rendered":"<p>Si \u00e8 conclusa con la consegna degli attestati la\u00a0sesta edizione del Corso di Alta Formazione per la Dirigenza Sanitaria \u201cEconomia, Diritto e Management della Sanit\u00e0\u201d, anno accademico 2024\/2025, promosso dall\u2019Ordine&hellip;<\/p>\n","protected":false},"author":5,"featured_media":84497,"comment_status":"closed","ping_status":"open","sticky":false,"template":"","format":"standard","meta":{"_jetpack_memberships_contains_paid_content":false,"footnotes":"","jetpack_publicize_message":"","jetpack_publicize_feature_enabled":true,"jetpack_social_post_already_shared":true,"jetpack_social_options":{"image_generator_settings":{"template":"highway","default_image_id":0,"font":"","enabled":false},"version":2}},"categories":[921,196,140],"tags":[13215,48541,48540,48542,39871,3661,369],"class_list":["post-84491","post","type-post","status-publish","format-standard","has-post-thumbnail","hentry","category-home","category-news","category-reggio-calabria","tag-ordine-dei-medici-di-reggio-calabria","tag-economia-diritto-management-della-sanita","tag-corso-di-alta-formazione-per-la-dirigenza-sanitaria","tag-dottor-domenico-pistone","tag-dottor-pasquale-veneziano","tag-giuseppe-zimbalatti","tag-universita-mediterranea"],"yoast_head":"<!-- This site is optimized with the Yoast SEO plugin v27.2 - https:\/\/yoast.com\/product\/yoast-seo-wordpress\/ -->\n<title>Reggio: concluso il corso \u201cEconomia, Diritto e Management Sanit\u00e0&quot;<\/title>\n<meta name=\"description\" content=\"Il corso, giunto alla VI edizione per l&#039;anno 2024\/2025, \u00e8 stato promosso dall\u2019Ordine dei Medici, in collaborazione con la Mediterranea\" \/>\n<meta name=\"robots\" content=\"index, follow, max-snippet:-1, max-image-preview:large, max-video-preview:-1\" \/>\n<link rel=\"canonical\" href=\"https:\/\/progettotouring.it\/radiotouring104\/2025\/10\/23\/reggio-concluso-il-corso-di-alta-formazione-per-la-dirigenza-sanitaria-economia-diritto-e-management-della-sanita\/\" \/>\n<meta property=\"og:locale\" content=\"it_IT\" \/>\n<meta property=\"og:type\" content=\"article\" \/>\n<meta property=\"og:title\" content=\"Reggio: concluso il corso \u201cEconomia, Diritto e Management Sanit\u00e0&quot;\" \/>\n<meta property=\"og:description\" content=\"Il corso, giunto alla VI edizione per l&#039;anno 2024\/2025, \u00e8 stato promosso dall\u2019Ordine dei Medici, in collaborazione con la Mediterranea\" \/>\n<meta property=\"og:url\" content=\"https:\/\/progettotouring.it\/radiotouring104\/2025\/10\/23\/reggio-concluso-il-corso-di-alta-formazione-per-la-dirigenza-sanitaria-economia-diritto-e-management-della-sanita\/\" \/>\n<meta property=\"og:site_name\" content=\"Radio Touring 104\" \/>\n<meta property=\"article:published_time\" content=\"2025-10-23T07:10:29+00:00\" \/>\n<meta property=\"article:modified_time\" content=\"2025-10-23T09:58:43+00:00\" \/>\n<meta property=\"og:image\" content=\"https:\/\/progettotouring.it\/radiotouring104\/wp-content\/uploads\/sites\/6\/2025\/10\/sesto-corso-manageriale-Ordine-dei-medici-RC.jpg\" \/>\n\t<meta property=\"og:image:width\" content=\"2048\" \/>\n\t<meta property=\"og:image:height\" content=\"1152\" \/>\n\t<meta property=\"og:image:type\" content=\"image\/jpeg\" \/>\n<meta name=\"author\" content=\"redazione\" \/>\n<meta name=\"twitter:card\" content=\"summary_large_image\" \/>\n<meta name=\"twitter:label1\" content=\"Scritto da\" \/>\n\t<meta name=\"twitter:data1\" content=\"redazione\" \/>\n\t<meta name=\"twitter:label2\" content=\"Tempo di lettura stimato\" \/>\n\t<meta name=\"twitter:data2\" content=\"3 minuti\" \/>\n<script type=\"application\/ld+json\" class=\"yoast-schema-graph\">{\"@context\":\"https:\/\/schema.org\",\"@graph\":[{\"@type\":\"Article\",\"@id\":\"https:\/\/progettotouring.it\/radiotouring104\/2025\/10\/23\/reggio-concluso-il-corso-di-alta-formazione-per-la-dirigenza-sanitaria-economia-diritto-e-management-della-sanita\/#article\",\"isPartOf\":{\"@id\":\"https:\/\/progettotouring.it\/radiotouring104\/2025\/10\/23\/reggio-concluso-il-corso-di-alta-formazione-per-la-dirigenza-sanitaria-economia-diritto-e-management-della-sanita\/\"},\"author\":{\"name\":\"redazione\",\"@id\":\"https:\/\/progettotouring.it\/radiotouring104\/#\/schema\/person\/1b3eb3c07c47136bc44c785c543e635f\"},\"headline\":\"Reggio: concluso il Corso di Alta Formazione per la Dirigenza Sanitaria \u201cEconomia, Diritto e Management della Sanit\u00e0\u201d\",\"datePublished\":\"2025-10-23T07:10:29+00:00\",\"dateModified\":\"2025-10-23T09:58:43+00:00\",\"mainEntityOfPage\":{\"@id\":\"https:\/\/progettotouring.it\/radiotouring104\/2025\/10\/23\/reggio-concluso-il-corso-di-alta-formazione-per-la-dirigenza-sanitaria-economia-diritto-e-management-della-sanita\/\"},\"wordCount\":623,\"publisher\":{\"@id\":\"https:\/\/progettotouring.it\/radiotouring104\/#organization\"},\"image\":{\"@id\":\"https:\/\/progettotouring.it\/radiotouring104\/2025\/10\/23\/reggio-concluso-il-corso-di-alta-formazione-per-la-dirigenza-sanitaria-economia-diritto-e-management-della-sanita\/#primaryimage\"},\"thumbnailUrl\":\"https:\/\/progettotouring.it\/radiotouring104\/wp-content\/uploads\/sites\/6\/2025\/10\/sesto-corso-manageriale-Ordine-dei-medici-RC.jpg\",\"keywords\":[\"'Ordine dei Medici di Reggio Calabria\",\"\u201cEconomia Diritto Management della Sanit\u00e0\u201d\",\"Corso di Alta Formazione per la Dirigenza Sanitaria\",\"dottor Domenico Pistone\",\"dottor pasquale veneziano\",\"giuseppe zimbalatti\",\"universit\u00e0 mediterranea\"],\"articleSection\":[\"Home\",\"News\",\"Reggio Calabria\"],\"inLanguage\":\"it-IT\"},{\"@type\":\"WebPage\",\"@id\":\"https:\/\/progettotouring.it\/radiotouring104\/2025\/10\/23\/reggio-concluso-il-corso-di-alta-formazione-per-la-dirigenza-sanitaria-economia-diritto-e-management-della-sanita\/\",\"url\":\"https:\/\/progettotouring.it\/radiotouring104\/2025\/10\/23\/reggio-concluso-il-corso-di-alta-formazione-per-la-dirigenza-sanitaria-economia-diritto-e-management-della-sanita\/\",\"name\":\"Reggio: concluso il corso \u201cEconomia, Diritto e Management Sanit\u00e0\\\"\",\"isPartOf\":{\"@id\":\"https:\/\/progettotouring.it\/radiotouring104\/#website\"},\"primaryImageOfPage\":{\"@id\":\"https:\/\/progettotouring.it\/radiotouring104\/2025\/10\/23\/reggio-concluso-il-corso-di-alta-formazione-per-la-dirigenza-sanitaria-economia-diritto-e-management-della-sanita\/#primaryimage\"},\"image\":{\"@id\":\"https:\/\/progettotouring.it\/radiotouring104\/2025\/10\/23\/reggio-concluso-il-corso-di-alta-formazione-per-la-dirigenza-sanitaria-economia-diritto-e-management-della-sanita\/#primaryimage\"},\"thumbnailUrl\":\"https:\/\/progettotouring.it\/radiotouring104\/wp-content\/uploads\/sites\/6\/2025\/10\/sesto-corso-manageriale-Ordine-dei-medici-RC.jpg\",\"datePublished\":\"2025-10-23T07:10:29+00:00\",\"dateModified\":\"2025-10-23T09:58:43+00:00\",\"description\":\"Il corso, giunto alla VI edizione per l'anno 2024\/2025, \u00e8 stato promosso dall\u2019Ordine dei Medici, in collaborazione con la Mediterranea\",\"breadcrumb\":{\"@id\":\"https:\/\/progettotouring.it\/radiotouring104\/2025\/10\/23\/reggio-concluso-il-corso-di-alta-formazione-per-la-dirigenza-sanitaria-economia-diritto-e-management-della-sanita\/#breadcrumb\"},\"inLanguage\":\"it-IT\",\"potentialAction\":[{\"@type\":\"ReadAction\",\"target\":[\"https:\/\/progettotouring.it\/radiotouring104\/2025\/10\/23\/reggio-concluso-il-corso-di-alta-formazione-per-la-dirigenza-sanitaria-economia-diritto-e-management-della-sanita\/\"]}]},{\"@type\":\"ImageObject\",\"inLanguage\":\"it-IT\",\"@id\":\"https:\/\/progettotouring.it\/radiotouring104\/2025\/10\/23\/reggio-concluso-il-corso-di-alta-formazione-per-la-dirigenza-sanitaria-economia-diritto-e-management-della-sanita\/#primaryimage\",\"url\":\"https:\/\/progettotouring.it\/radiotouring104\/wp-content\/uploads\/sites\/6\/2025\/10\/sesto-corso-manageriale-Ordine-dei-medici-RC.jpg\",\"contentUrl\":\"https:\/\/progettotouring.it\/radiotouring104\/wp-content\/uploads\/sites\/6\/2025\/10\/sesto-corso-manageriale-Ordine-dei-medici-RC.jpg\",\"width\":2048,\"height\":1152},{\"@type\":\"BreadcrumbList\",\"@id\":\"https:\/\/progettotouring.it\/radiotouring104\/2025\/10\/23\/reggio-concluso-il-corso-di-alta-formazione-per-la-dirigenza-sanitaria-economia-diritto-e-management-della-sanita\/#breadcrumb\",\"itemListElement\":[{\"@type\":\"ListItem\",\"position\":1,\"name\":\"Home\",\"item\":\"https:\/\/progettotouring.it\/radiotouring104\/\"},{\"@type\":\"ListItem\",\"position\":2,\"name\":\"Reggio: concluso il Corso di Alta Formazione per la Dirigenza Sanitaria \u201cEconomia, Diritto e Management della Sanit\u00e0\u201d\"}]},{\"@type\":\"WebSite\",\"@id\":\"https:\/\/progettotouring.it\/radiotouring104\/#website\",\"url\":\"https:\/\/progettotouring.it\/radiotouring104\/\",\"name\":\"Radio Touring 104\",\"description\":\"La prima radio Reggina\",\"publisher\":{\"@id\":\"https:\/\/progettotouring.it\/radiotouring104\/#organization\"},\"potentialAction\":[{\"@type\":\"SearchAction\",\"target\":{\"@type\":\"EntryPoint\",\"urlTemplate\":\"https:\/\/progettotouring.it\/radiotouring104\/?s={search_term_string}\"},\"query-input\":{\"@type\":\"PropertyValueSpecification\",\"valueRequired\":true,\"valueName\":\"search_term_string\"}}],\"inLanguage\":\"it-IT\"},{\"@type\":\"Organization\",\"@id\":\"https:\/\/progettotouring.it\/radiotouring104\/#organization\",\"name\":\"Radio Touring 104\",\"url\":\"https:\/\/progettotouring.it\/radiotouring104\/\",\"logo\":{\"@type\":\"ImageObject\",\"inLanguage\":\"it-IT\",\"@id\":\"https:\/\/progettotouring.it\/radiotouring104\/#\/schema\/logo\/image\/\",\"url\":\"https:\/\/progettotouring.it\/radiotouring104\/wp-content\/uploads\/sites\/6\/2022\/02\/cropped-logo-radio-touring-104.png\",\"contentUrl\":\"https:\/\/progettotouring.it\/radiotouring104\/wp-content\/uploads\/sites\/6\/2022\/02\/cropped-logo-radio-touring-104.png\",\"width\":377,\"height\":182,\"caption\":\"Radio Touring 104\"},\"image\":{\"@id\":\"https:\/\/progettotouring.it\/radiotouring104\/#\/schema\/logo\/image\/\"}},{\"@type\":\"Person\",\"@id\":\"https:\/\/progettotouring.it\/radiotouring104\/#\/schema\/person\/1b3eb3c07c47136bc44c785c543e635f\",\"name\":\"redazione\",\"image\":{\"@type\":\"ImageObject\",\"inLanguage\":\"it-IT\",\"@id\":\"https:\/\/secure.gravatar.com\/avatar\/0b31605b49f100769e8b624b3e05de1b73e1692e9568a352f60f53fd072e6e11?s=96&d=mm&r=g\",\"url\":\"https:\/\/secure.gravatar.com\/avatar\/0b31605b49f100769e8b624b3e05de1b73e1692e9568a352f60f53fd072e6e11?s=96&d=mm&r=g\",\"contentUrl\":\"https:\/\/secure.gravatar.com\/avatar\/0b31605b49f100769e8b624b3e05de1b73e1692e9568a352f60f53fd072e6e11?s=96&d=mm&r=g\",\"caption\":\"redazione\"},\"url\":\"https:\/\/progettotouring.it\/radiotouring104\/author\/redazione\/\"}]}<\/script>\n<!-- \/ Yoast SEO plugin. -->","yoast_head_json":{"title":"Reggio: concluso il corso \u201cEconomia, Diritto e Management Sanit\u00e0\"","description":"Il corso, giunto alla VI edizione per l'anno 2024\/2025, \u00e8 stato promosso dall\u2019Ordine dei Medici, in collaborazione con la Mediterranea","robots":{"index":"index","follow":"follow","max-snippet":"max-snippet:-1","max-image-preview":"max-image-preview:large","max-video-preview":"max-video-preview:-1"},"canonical":"https:\/\/progettotouring.it\/radiotouring104\/2025\/10\/23\/reggio-concluso-il-corso-di-alta-formazione-per-la-dirigenza-sanitaria-economia-diritto-e-management-della-sanita\/","og_locale":"it_IT","og_type":"article","og_title":"Reggio: concluso il corso \u201cEconomia, Diritto e Management Sanit\u00e0\"","og_description":"Il corso, giunto alla VI edizione per l'anno 2024\/2025, \u00e8 stato promosso dall\u2019Ordine dei Medici, in collaborazione con la Mediterranea","og_url":"https:\/\/progettotouring.it\/radiotouring104\/2025\/10\/23\/reggio-concluso-il-corso-di-alta-formazione-per-la-dirigenza-sanitaria-economia-diritto-e-management-della-sanita\/","og_site_name":"Radio Touring 104","article_published_time":"2025-10-23T07:10:29+00:00","article_modified_time":"2025-10-23T09:58:43+00:00","og_image":[{"width":2048,"height":1152,"url":"https:\/\/progettotouring.it\/radiotouring104\/wp-content\/uploads\/sites\/6\/2025\/10\/sesto-corso-manageriale-Ordine-dei-medici-RC.jpg","type":"image\/jpeg"}],"author":"redazione","twitter_card":"summary_large_image","twitter_misc":{"Scritto da":"redazione","Tempo di lettura stimato":"3 minuti"},"schema":{"@context":"https:\/\/schema.org","@graph":[{"@type":"Article","@id":"https:\/\/progettotouring.it\/radiotouring104\/2025\/10\/23\/reggio-concluso-il-corso-di-alta-formazione-per-la-dirigenza-sanitaria-economia-diritto-e-management-della-sanita\/#article","isPartOf":{"@id":"https:\/\/progettotouring.it\/radiotouring104\/2025\/10\/23\/reggio-concluso-il-corso-di-alta-formazione-per-la-dirigenza-sanitaria-economia-diritto-e-management-della-sanita\/"},"author":{"name":"redazione","@id":"https:\/\/progettotouring.it\/radiotouring104\/#\/schema\/person\/1b3eb3c07c47136bc44c785c543e635f"},"headline":"Reggio: concluso il Corso di Alta Formazione per la Dirigenza Sanitaria \u201cEconomia, Diritto e Management della Sanit\u00e0\u201d","datePublished":"2025-10-23T07:10:29+00:00","dateModified":"2025-10-23T09:58:43+00:00","mainEntityOfPage":{"@id":"https:\/\/progettotouring.it\/radiotouring104\/2025\/10\/23\/reggio-concluso-il-corso-di-alta-formazione-per-la-dirigenza-sanitaria-economia-diritto-e-management-della-sanita\/"},"wordCount":623,"publisher":{"@id":"https:\/\/progettotouring.it\/radiotouring104\/#organization"},"image":{"@id":"https:\/\/progettotouring.it\/radiotouring104\/2025\/10\/23\/reggio-concluso-il-corso-di-alta-formazione-per-la-dirigenza-sanitaria-economia-diritto-e-management-della-sanita\/#primaryimage"},"thumbnailUrl":"https:\/\/progettotouring.it\/radiotouring104\/wp-content\/uploads\/sites\/6\/2025\/10\/sesto-corso-manageriale-Ordine-dei-medici-RC.jpg","keywords":["'Ordine dei Medici di Reggio Calabria","\u201cEconomia Diritto Management della Sanit\u00e0\u201d","Corso di Alta Formazione per la Dirigenza Sanitaria","dottor Domenico Pistone","dottor pasquale veneziano","giuseppe zimbalatti","universit\u00e0 mediterranea"],"articleSection":["Home","News","Reggio Calabria"],"inLanguage":"it-IT"},{"@type":"WebPage","@id":"https:\/\/progettotouring.it\/radiotouring104\/2025\/10\/23\/reggio-concluso-il-corso-di-alta-formazione-per-la-dirigenza-sanitaria-economia-diritto-e-management-della-sanita\/","url":"https:\/\/progettotouring.it\/radiotouring104\/2025\/10\/23\/reggio-concluso-il-corso-di-alta-formazione-per-la-dirigenza-sanitaria-economia-diritto-e-management-della-sanita\/","name":"Reggio: concluso il corso \u201cEconomia, Diritto e Management Sanit\u00e0\"","isPartOf":{"@id":"https:\/\/progettotouring.it\/radiotouring104\/#website"},"primaryImageOfPage":{"@id":"https:\/\/progettotouring.it\/radiotouring104\/2025\/10\/23\/reggio-concluso-il-corso-di-alta-formazione-per-la-dirigenza-sanitaria-economia-diritto-e-management-della-sanita\/#primaryimage"},"image":{"@id":"https:\/\/progettotouring.it\/radiotouring104\/2025\/10\/23\/reggio-concluso-il-corso-di-alta-formazione-per-la-dirigenza-sanitaria-economia-diritto-e-management-della-sanita\/#primaryimage"},"thumbnailUrl":"https:\/\/progettotouring.it\/radiotouring104\/wp-content\/uploads\/sites\/6\/2025\/10\/sesto-corso-manageriale-Ordine-dei-medici-RC.jpg","datePublished":"2025-10-23T07:10:29+00:00","dateModified":"2025-10-23T09:58:43+00:00","description":"Il corso, giunto alla VI edizione per l'anno 2024\/2025, \u00e8 stato promosso dall\u2019Ordine dei Medici, in collaborazione con la Mediterranea","breadcrumb":{"@id":"https:\/\/progettotouring.it\/radiotouring104\/2025\/10\/23\/reggio-concluso-il-corso-di-alta-formazione-per-la-dirigenza-sanitaria-economia-diritto-e-management-della-sanita\/#breadcrumb"},"inLanguage":"it-IT","potentialAction":[{"@type":"ReadAction","target":["https:\/\/progettotouring.it\/radiotouring104\/2025\/10\/23\/reggio-concluso-il-corso-di-alta-formazione-per-la-dirigenza-sanitaria-economia-diritto-e-management-della-sanita\/"]}]},{"@type":"ImageObject","inLanguage":"it-IT","@id":"https:\/\/progettotouring.it\/radiotouring104\/2025\/10\/23\/reggio-concluso-il-corso-di-alta-formazione-per-la-dirigenza-sanitaria-economia-diritto-e-management-della-sanita\/#primaryimage","url":"https:\/\/progettotouring.it\/radiotouring104\/wp-content\/uploads\/sites\/6\/2025\/10\/sesto-corso-manageriale-Ordine-dei-medici-RC.jpg","contentUrl":"https:\/\/progettotouring.it\/radiotouring104\/wp-content\/uploads\/sites\/6\/2025\/10\/sesto-corso-manageriale-Ordine-dei-medici-RC.jpg","width":2048,"height":1152},{"@type":"BreadcrumbList","@id":"https:\/\/progettotouring.it\/radiotouring104\/2025\/10\/23\/reggio-concluso-il-corso-di-alta-formazione-per-la-dirigenza-sanitaria-economia-diritto-e-management-della-sanita\/#breadcrumb","itemListElement":[{"@type":"ListItem","position":1,"name":"Home","item":"https:\/\/progettotouring.it\/radiotouring104\/"},{"@type":"ListItem","position":2,"name":"Reggio: concluso il Corso di Alta Formazione per la Dirigenza Sanitaria \u201cEconomia, Diritto e Management della Sanit\u00e0\u201d"}]},{"@type":"WebSite","@id":"https:\/\/progettotouring.it\/radiotouring104\/#website","url":"https:\/\/progettotouring.it\/radiotouring104\/","name":"Radio Touring 104","description":"La prima radio Reggina","publisher":{"@id":"https:\/\/progettotouring.it\/radiotouring104\/#organization"},"potentialAction":[{"@type":"SearchAction","target":{"@type":"EntryPoint","urlTemplate":"https:\/\/progettotouring.it\/radiotouring104\/?s={search_term_string}"},"query-input":{"@type":"PropertyValueSpecification","valueRequired":true,"valueName":"search_term_string"}}],"inLanguage":"it-IT"},{"@type":"Organization","@id":"https:\/\/progettotouring.it\/radiotouring104\/#organization","name":"Radio Touring 104","url":"https:\/\/progettotouring.it\/radiotouring104\/","logo":{"@type":"ImageObject","inLanguage":"it-IT","@id":"https:\/\/progettotouring.it\/radiotouring104\/#\/schema\/logo\/image\/","url":"https:\/\/progettotouring.it\/radiotouring104\/wp-content\/uploads\/sites\/6\/2022\/02\/cropped-logo-radio-touring-104.png","contentUrl":"https:\/\/progettotouring.it\/radiotouring104\/wp-content\/uploads\/sites\/6\/2022\/02\/cropped-logo-radio-touring-104.png","width":377,"height":182,"caption":"Radio Touring 104"},"image":{"@id":"https:\/\/progettotouring.it\/radiotouring104\/#\/schema\/logo\/image\/"}},{"@type":"Person","@id":"https:\/\/progettotouring.it\/radiotouring104\/#\/schema\/person\/1b3eb3c07c47136bc44c785c543e635f","name":"redazione","image":{"@type":"ImageObject","inLanguage":"it-IT","@id":"https:\/\/secure.gravatar.com\/avatar\/0b31605b49f100769e8b624b3e05de1b73e1692e9568a352f60f53fd072e6e11?s=96&d=mm&r=g","url":"https:\/\/secure.gravatar.com\/avatar\/0b31605b49f100769e8b624b3e05de1b73e1692e9568a352f60f53fd072e6e11?s=96&d=mm&r=g","contentUrl":"https:\/\/secure.gravatar.com\/avatar\/0b31605b49f100769e8b624b3e05de1b73e1692e9568a352f60f53fd072e6e11?s=96&d=mm&r=g","caption":"redazione"},"url":"https:\/\/progettotouring.it\/radiotouring104\/author\/redazione\/"}]}},"jetpack_publicize_connections":[],"jetpack_featured_media_url":"https:\/\/progettotouring.it\/radiotouring104\/wp-content\/uploads\/sites\/6\/2025\/10\/sesto-corso-manageriale-Ordine-dei-medici-RC.jpg","jetpack_sharing_enabled":true,"_links":{"self":[{"href":"https:\/\/progettotouring.it\/radiotouring104\/wp-json\/wp\/v2\/posts\/84491","targetHints":{"allow":["GET"]}}],"collection":[{"href":"https:\/\/progettotouring.it\/radiotouring104\/wp-json\/wp\/v2\/posts"}],"about":[{"href":"https:\/\/progettotouring.it\/radiotouring104\/wp-json\/wp\/v2\/types\/post"}],"author":[{"embeddable":true,"href":"https:\/\/progettotouring.it\/radiotouring104\/wp-json\/wp\/v2\/users\/5"}],"replies":[{"embeddable":true,"href":"https:\/\/progettotouring.it\/radiotouring104\/wp-json\/wp\/v2\/comments?post=84491"}],"version-history":[{"count":1,"href":"https:\/\/progettotouring.it\/radiotouring104\/wp-json\/wp\/v2\/posts\/84491\/revisions"}],"predecessor-version":[{"id":84498,"href":"https:\/\/progettotouring.it\/radiotouring104\/wp-json\/wp\/v2\/posts\/84491\/revisions\/84498"}],"wp:featuredmedia":[{"embeddable":true,"href":"https:\/\/progettotouring.it\/radiotouring104\/wp-json\/wp\/v2\/media\/84497"}],"wp:attachment":[{"href":"https:\/\/progettotouring.it\/radiotouring104\/wp-json\/wp\/v2\/media?parent=84491"}],"wp:term":[{"taxonomy":"category","embeddable":true,"href":"https:\/\/progettotouring.it\/radiotouring104\/wp-json\/wp\/v2\/categories?post=84491"},{"taxonomy":"post_tag","embeddable":true,"href":"https:\/\/progettotouring.it\/radiotouring104\/wp-json\/wp\/v2\/tags?post=84491"}],"curies":[{"name":"wp","href":"https:\/\/api.w.org\/{rel}","templated":true}]}}