{"id":84502,"date":"2025-10-23T09:36:48","date_gmt":"2025-10-23T07:36:48","guid":{"rendered":"https:\/\/progettotouring.it\/radiotouring104\/?p=84502"},"modified":"2025-10-23T11:58:23","modified_gmt":"2025-10-23T09:58:23","slug":"reggio-ultima-nel-report-ecosistema-urbano-di-legambiente-lanalisi-dellassessore-burrone","status":"publish","type":"post","link":"https:\/\/progettotouring.it\/radiotouring104\/2025\/10\/23\/reggio-ultima-nel-report-ecosistema-urbano-di-legambiente-lanalisi-dellassessore-burrone\/","title":{"rendered":"Reggio ultima nel Report Ecosistema Urbano di Legambiente: l&#8217;analisi dell&#8217;Assessore Burrone"},"content":{"rendered":"<p>\u201cSconcertante notare come dei dati relativi al benessere ambientale possano essere utilizzati in modo strumentale da chi vuole attaccare l\u2019Amministrazione comunale reggina per ragioni politiche\u201d &#8211; \u00e8 quanto dichiara l\u2019Assessore all\u2019Ambiente Filippo Burrone specificando la parzialit\u00e0 di dati del report promosso da Legambiente e Ambiente Italia: \u201cpur riconoscendo il grande valore sociale delle associazioni promotrici, su un tema fondamentale come l\u2019ambiente e il suo impatto nella vita dei cittadini attraverso le politiche locali, \u00e8 utile sottolineare che gli indicatori che mettono assieme quest\u2019analisi sono la risultante di pi\u00f9 settori e soprattutto di pi\u00f9 dati, e molti dei quali ancora sono in fase di trasmissione, per esempio per quanto riguarda Arpacal\u201d.<\/p>\n<p>&#8220;Sui complessivi 19 indicatori utilizzati ad esempio &#8211; illustra l&#8217;Assessore &#8211; ben 3 sono afferenti informazioni su qualit\u00e0 dell&#8217;aria che non sono state fornite dall&#8217;agenzia regionale Arpacal (ad esempio quelli dell&#8217;ozono, ossidi di carbonio, azoto e zolfo, polveri sottili PM10 e polveri sottili PM 2,5). Basterebbero solo questi tre parametri, purtroppo non comunicati nonostante la presenza sul territorio comunale di ben tre stazioni fisse di monitoraggio, per determinare un notevole salto in avanti, cosi come accadrebbe, si presume, per le altre citt\u00e0 calabresi che risultano anch&#8217;esse in coda alla classifica nazionale. Ed ancora &#8211; \u00a0illustra l&#8217;Assessore &#8211; vi sono parametri probabilmente non attuabili in citt\u00e0 come la nostra, quali ad esempio l&#8217;indicazione delle zone a traffico limitato, o delle aree pedonali, che evidentemente nel contesto urbano reggino, nonostante alcune attivit\u00e0 sperimentali avviate, rischiano di configurare una serie di problematiche in termini di circolazione veicolare per la particolare conformazione urbana del nostro territorio&#8221;.<\/p>\n<p>\u201cI numeri e le analisi prese in esame &#8211; spiega Burrone &#8211; sono riferiti non solo alla qualit\u00e0 dell\u2019aria o alla raccolta rifiuti, ma anche alla mobilit\u00e0, ai trasporti, alle aree pedonali, agli spazi rigenerati, al verde e ai processi di alberazione che riguardano le citt\u00e0, che sono certamente di stretta correlazione alle politiche pubbliche locali, ma altri dati non meno importanti, sono riferiti alla dispersione idrica o al monitoraggio delle acque che fanno diretto riferimento alla Regione Calabria. Certamente, queste \u2018classifiche\u2019 non dovrebbero essere appannaggio del tifo da stadio, e non dovrebbero favorire l\u2019accecata individuazione di responsabilit\u00e0 o il giudizio asettico su scelte amministrative, ma andrebbero studiate attraverso un\u2019ampia conoscenza di dati e riscontri. Infatti, questi parametri ambientali, se calcolati non in maniera integrata e soprattutto non nella loro totalit\u00e0, e quindi con rilevazioni parziali, difficilmente possono restituire una fotografia reale della qualit\u00e0 dell\u2019ecosistema cittadino\u201d.<\/p>\n<p>\u201cPer esempio &#8211; precisa l\u2019Assessore &#8211; l\u2019imponente progetto di riqualificazione viali alberati dell\u2018intera zona Sud e zona Nord della citt\u00e0, attualmente in corso, rappresenta un evidente indicatore, non considerato, di un pi\u00f9 ampio programma dedicato alla cura del verde urbano e alla creazione di giardini e spazi verdi attrezzati, o di orti urbani, o di operazioni di bonifica e di recupero ambientale come nel caso dell&#8217;ex ItalCitrus, che punta a ridisegnare e migliorare in maniera significativa la sostenibilit\u00e0, e quindi la vivibilit\u00e0 della citt\u00e0\u201d.<\/p>\n<p>\u201cC\u2019\u00e8 da dire infine &#8211; conclude Burrone &#8211; che progetti di riqualificazione urbana, che hanno ridisegnato l\u2019impatto di spazi fisici del processo di rigenerazione cittadina, come vico Neforo, Rione Marconi, e Piazza Milano, non sono stati evidentemente oggetto di valutazione, perch\u00e9 consegnati pochi mesi o addirittura settimane fa alla comunit\u00e0 cittadina. Si tratta di interventi pensati e realizzati con un approccio ad impatto \u20180\u2019 dal punto di vista ambientale e che hanno rivalutato intere aree ad alta densit\u00e0 demografica, eliminando spazi di degrado, trasformandoli in luoghi di socialit\u00e0. Ecco, nella stesura di un report che riguarda il benessere ambientale, non pu\u00f2 non considerarsi il fattore sociale come matrice della rigenerazione urbana delle citt\u00e0\u201d.<\/p>\n","protected":false},"excerpt":{"rendered":"<p>\u201cSconcertante notare come dei dati relativi al benessere ambientale possano essere utilizzati in modo strumentale da chi vuole attaccare l\u2019Amministrazione comunale reggina per ragioni politiche\u201d &#8211; \u00e8 quanto dichiara l\u2019Assessore&hellip;<\/p>\n","protected":false},"author":5,"featured_media":6588,"comment_status":"closed","ping_status":"open","sticky":false,"template":"","format":"standard","meta":{"_jetpack_memberships_contains_paid_content":false,"footnotes":"","jetpack_publicize_message":"","jetpack_publicize_feature_enabled":true,"jetpack_social_post_already_shared":true,"jetpack_social_options":{"image_generator_settings":{"template":"highway","default_image_id":0,"font":"","enabled":false},"version":2}},"categories":[921,196,140],"tags":[48546,48547,48548,6129,36939],"class_list":["post-84502","post","type-post","status-publish","format-standard","has-post-thumbnail","hentry","category-home","category-news","category-reggio-calabria","tag-assessore-allambiente-filippo-burrone","tag-attacchi-strumentali","tag-indicatori-non-aggiornati","tag-legambiente","tag-report-ecosistema-urbano"],"yoast_head":"<!-- This site is optimized with the Yoast SEO plugin v27.2 - https:\/\/yoast.com\/product\/yoast-seo-wordpress\/ -->\n<title>Burrone analizza l&#039;ultima posto di Reggio nel report Legambiente<\/title>\n<meta name=\"description\" content=\"\u201cAttacchi strumentali su indicatori non aggiornati con gli ultimi interventi del Comune\u201d, dichiara l&#039;Assessore Burrone\" \/>\n<meta name=\"robots\" content=\"index, follow, max-snippet:-1, max-image-preview:large, max-video-preview:-1\" \/>\n<link rel=\"canonical\" href=\"https:\/\/progettotouring.it\/radiotouring104\/2025\/10\/23\/reggio-ultima-nel-report-ecosistema-urbano-di-legambiente-lanalisi-dellassessore-burrone\/\" \/>\n<meta property=\"og:locale\" content=\"it_IT\" \/>\n<meta property=\"og:type\" content=\"article\" \/>\n<meta property=\"og:title\" content=\"Burrone analizza l&#039;ultima posto di Reggio nel report Legambiente\" \/>\n<meta property=\"og:description\" content=\"\u201cAttacchi strumentali su indicatori non aggiornati con gli ultimi interventi del Comune\u201d, dichiara l&#039;Assessore Burrone\" \/>\n<meta property=\"og:url\" content=\"https:\/\/progettotouring.it\/radiotouring104\/2025\/10\/23\/reggio-ultima-nel-report-ecosistema-urbano-di-legambiente-lanalisi-dellassessore-burrone\/\" \/>\n<meta property=\"og:site_name\" content=\"Radio Touring 104\" \/>\n<meta property=\"article:published_time\" content=\"2025-10-23T07:36:48+00:00\" \/>\n<meta property=\"article:modified_time\" content=\"2025-10-23T09:58:23+00:00\" \/>\n<meta property=\"og:image\" content=\"https:\/\/progettotouring.it\/radiotouring104\/wp-content\/uploads\/sites\/6\/2022\/06\/via-marina.jpg\" \/>\n\t<meta property=\"og:image:width\" content=\"1599\" \/>\n\t<meta property=\"og:image:height\" content=\"900\" \/>\n\t<meta property=\"og:image:type\" content=\"image\/jpeg\" \/>\n<meta name=\"author\" content=\"redazione\" \/>\n<meta name=\"twitter:card\" content=\"summary_large_image\" \/>\n<meta name=\"twitter:label1\" content=\"Scritto da\" \/>\n\t<meta name=\"twitter:data1\" content=\"redazione\" \/>\n\t<meta name=\"twitter:label2\" content=\"Tempo di lettura stimato\" \/>\n\t<meta name=\"twitter:data2\" content=\"3 minuti\" \/>\n<script type=\"application\/ld+json\" class=\"yoast-schema-graph\">{\"@context\":\"https:\/\/schema.org\",\"@graph\":[{\"@type\":\"Article\",\"@id\":\"https:\/\/progettotouring.it\/radiotouring104\/2025\/10\/23\/reggio-ultima-nel-report-ecosistema-urbano-di-legambiente-lanalisi-dellassessore-burrone\/#article\",\"isPartOf\":{\"@id\":\"https:\/\/progettotouring.it\/radiotouring104\/2025\/10\/23\/reggio-ultima-nel-report-ecosistema-urbano-di-legambiente-lanalisi-dellassessore-burrone\/\"},\"author\":{\"name\":\"redazione\",\"@id\":\"https:\/\/progettotouring.it\/radiotouring104\/#\/schema\/person\/1b3eb3c07c47136bc44c785c543e635f\"},\"headline\":\"Reggio ultima nel Report Ecosistema Urbano di Legambiente: l&#8217;analisi dell&#8217;Assessore Burrone\",\"datePublished\":\"2025-10-23T07:36:48+00:00\",\"dateModified\":\"2025-10-23T09:58:23+00:00\",\"mainEntityOfPage\":{\"@id\":\"https:\/\/progettotouring.it\/radiotouring104\/2025\/10\/23\/reggio-ultima-nel-report-ecosistema-urbano-di-legambiente-lanalisi-dellassessore-burrone\/\"},\"wordCount\":623,\"publisher\":{\"@id\":\"https:\/\/progettotouring.it\/radiotouring104\/#organization\"},\"image\":{\"@id\":\"https:\/\/progettotouring.it\/radiotouring104\/2025\/10\/23\/reggio-ultima-nel-report-ecosistema-urbano-di-legambiente-lanalisi-dellassessore-burrone\/#primaryimage\"},\"thumbnailUrl\":\"https:\/\/progettotouring.it\/radiotouring104\/wp-content\/uploads\/sites\/6\/2022\/06\/via-marina.jpg\",\"keywords\":[\"Assessore all'ambiente Filippo burrone\",\"Attacchi strumentali\",\"indicatori non aggiornati\",\"Legambiente\",\"Report Ecosistema urbano\"],\"articleSection\":[\"Home\",\"News\",\"Reggio Calabria\"],\"inLanguage\":\"it-IT\"},{\"@type\":\"WebPage\",\"@id\":\"https:\/\/progettotouring.it\/radiotouring104\/2025\/10\/23\/reggio-ultima-nel-report-ecosistema-urbano-di-legambiente-lanalisi-dellassessore-burrone\/\",\"url\":\"https:\/\/progettotouring.it\/radiotouring104\/2025\/10\/23\/reggio-ultima-nel-report-ecosistema-urbano-di-legambiente-lanalisi-dellassessore-burrone\/\",\"name\":\"Burrone analizza l'ultima posto di Reggio nel report Legambiente\",\"isPartOf\":{\"@id\":\"https:\/\/progettotouring.it\/radiotouring104\/#website\"},\"primaryImageOfPage\":{\"@id\":\"https:\/\/progettotouring.it\/radiotouring104\/2025\/10\/23\/reggio-ultima-nel-report-ecosistema-urbano-di-legambiente-lanalisi-dellassessore-burrone\/#primaryimage\"},\"image\":{\"@id\":\"https:\/\/progettotouring.it\/radiotouring104\/2025\/10\/23\/reggio-ultima-nel-report-ecosistema-urbano-di-legambiente-lanalisi-dellassessore-burrone\/#primaryimage\"},\"thumbnailUrl\":\"https:\/\/progettotouring.it\/radiotouring104\/wp-content\/uploads\/sites\/6\/2022\/06\/via-marina.jpg\",\"datePublished\":\"2025-10-23T07:36:48+00:00\",\"dateModified\":\"2025-10-23T09:58:23+00:00\",\"description\":\"\u201cAttacchi strumentali su indicatori non aggiornati con gli ultimi interventi del Comune\u201d, dichiara l'Assessore Burrone\",\"breadcrumb\":{\"@id\":\"https:\/\/progettotouring.it\/radiotouring104\/2025\/10\/23\/reggio-ultima-nel-report-ecosistema-urbano-di-legambiente-lanalisi-dellassessore-burrone\/#breadcrumb\"},\"inLanguage\":\"it-IT\",\"potentialAction\":[{\"@type\":\"ReadAction\",\"target\":[\"https:\/\/progettotouring.it\/radiotouring104\/2025\/10\/23\/reggio-ultima-nel-report-ecosistema-urbano-di-legambiente-lanalisi-dellassessore-burrone\/\"]}]},{\"@type\":\"ImageObject\",\"inLanguage\":\"it-IT\",\"@id\":\"https:\/\/progettotouring.it\/radiotouring104\/2025\/10\/23\/reggio-ultima-nel-report-ecosistema-urbano-di-legambiente-lanalisi-dellassessore-burrone\/#primaryimage\",\"url\":\"https:\/\/progettotouring.it\/radiotouring104\/wp-content\/uploads\/sites\/6\/2022\/06\/via-marina.jpg\",\"contentUrl\":\"https:\/\/progettotouring.it\/radiotouring104\/wp-content\/uploads\/sites\/6\/2022\/06\/via-marina.jpg\",\"width\":1599,\"height\":900},{\"@type\":\"BreadcrumbList\",\"@id\":\"https:\/\/progettotouring.it\/radiotouring104\/2025\/10\/23\/reggio-ultima-nel-report-ecosistema-urbano-di-legambiente-lanalisi-dellassessore-burrone\/#breadcrumb\",\"itemListElement\":[{\"@type\":\"ListItem\",\"position\":1,\"name\":\"Home\",\"item\":\"https:\/\/progettotouring.it\/radiotouring104\/\"},{\"@type\":\"ListItem\",\"position\":2,\"name\":\"Reggio ultima nel Report Ecosistema Urbano di Legambiente: l&#8217;analisi dell&#8217;Assessore Burrone\"}]},{\"@type\":\"WebSite\",\"@id\":\"https:\/\/progettotouring.it\/radiotouring104\/#website\",\"url\":\"https:\/\/progettotouring.it\/radiotouring104\/\",\"name\":\"Radio Touring 104\",\"description\":\"La prima radio Reggina\",\"publisher\":{\"@id\":\"https:\/\/progettotouring.it\/radiotouring104\/#organization\"},\"potentialAction\":[{\"@type\":\"SearchAction\",\"target\":{\"@type\":\"EntryPoint\",\"urlTemplate\":\"https:\/\/progettotouring.it\/radiotouring104\/?s={search_term_string}\"},\"query-input\":{\"@type\":\"PropertyValueSpecification\",\"valueRequired\":true,\"valueName\":\"search_term_string\"}}],\"inLanguage\":\"it-IT\"},{\"@type\":\"Organization\",\"@id\":\"https:\/\/progettotouring.it\/radiotouring104\/#organization\",\"name\":\"Radio Touring 104\",\"url\":\"https:\/\/progettotouring.it\/radiotouring104\/\",\"logo\":{\"@type\":\"ImageObject\",\"inLanguage\":\"it-IT\",\"@id\":\"https:\/\/progettotouring.it\/radiotouring104\/#\/schema\/logo\/image\/\",\"url\":\"https:\/\/progettotouring.it\/radiotouring104\/wp-content\/uploads\/sites\/6\/2022\/02\/cropped-logo-radio-touring-104.png\",\"contentUrl\":\"https:\/\/progettotouring.it\/radiotouring104\/wp-content\/uploads\/sites\/6\/2022\/02\/cropped-logo-radio-touring-104.png\",\"width\":377,\"height\":182,\"caption\":\"Radio Touring 104\"},\"image\":{\"@id\":\"https:\/\/progettotouring.it\/radiotouring104\/#\/schema\/logo\/image\/\"}},{\"@type\":\"Person\",\"@id\":\"https:\/\/progettotouring.it\/radiotouring104\/#\/schema\/person\/1b3eb3c07c47136bc44c785c543e635f\",\"name\":\"redazione\",\"image\":{\"@type\":\"ImageObject\",\"inLanguage\":\"it-IT\",\"@id\":\"https:\/\/secure.gravatar.com\/avatar\/0b31605b49f100769e8b624b3e05de1b73e1692e9568a352f60f53fd072e6e11?s=96&d=mm&r=g\",\"url\":\"https:\/\/secure.gravatar.com\/avatar\/0b31605b49f100769e8b624b3e05de1b73e1692e9568a352f60f53fd072e6e11?s=96&d=mm&r=g\",\"contentUrl\":\"https:\/\/secure.gravatar.com\/avatar\/0b31605b49f100769e8b624b3e05de1b73e1692e9568a352f60f53fd072e6e11?s=96&d=mm&r=g\",\"caption\":\"redazione\"},\"url\":\"https:\/\/progettotouring.it\/radiotouring104\/author\/redazione\/\"}]}<\/script>\n<!-- \/ Yoast SEO plugin. -->","yoast_head_json":{"title":"Burrone analizza l'ultima posto di Reggio nel report Legambiente","description":"\u201cAttacchi strumentali su indicatori non aggiornati con gli ultimi interventi del Comune\u201d, dichiara l'Assessore Burrone","robots":{"index":"index","follow":"follow","max-snippet":"max-snippet:-1","max-image-preview":"max-image-preview:large","max-video-preview":"max-video-preview:-1"},"canonical":"https:\/\/progettotouring.it\/radiotouring104\/2025\/10\/23\/reggio-ultima-nel-report-ecosistema-urbano-di-legambiente-lanalisi-dellassessore-burrone\/","og_locale":"it_IT","og_type":"article","og_title":"Burrone analizza l'ultima posto di Reggio nel report Legambiente","og_description":"\u201cAttacchi strumentali su indicatori non aggiornati con gli ultimi interventi del Comune\u201d, dichiara l'Assessore Burrone","og_url":"https:\/\/progettotouring.it\/radiotouring104\/2025\/10\/23\/reggio-ultima-nel-report-ecosistema-urbano-di-legambiente-lanalisi-dellassessore-burrone\/","og_site_name":"Radio Touring 104","article_published_time":"2025-10-23T07:36:48+00:00","article_modified_time":"2025-10-23T09:58:23+00:00","og_image":[{"width":1599,"height":900,"url":"https:\/\/progettotouring.it\/radiotouring104\/wp-content\/uploads\/sites\/6\/2022\/06\/via-marina.jpg","type":"image\/jpeg"}],"author":"redazione","twitter_card":"summary_large_image","twitter_misc":{"Scritto da":"redazione","Tempo di lettura stimato":"3 minuti"},"schema":{"@context":"https:\/\/schema.org","@graph":[{"@type":"Article","@id":"https:\/\/progettotouring.it\/radiotouring104\/2025\/10\/23\/reggio-ultima-nel-report-ecosistema-urbano-di-legambiente-lanalisi-dellassessore-burrone\/#article","isPartOf":{"@id":"https:\/\/progettotouring.it\/radiotouring104\/2025\/10\/23\/reggio-ultima-nel-report-ecosistema-urbano-di-legambiente-lanalisi-dellassessore-burrone\/"},"author":{"name":"redazione","@id":"https:\/\/progettotouring.it\/radiotouring104\/#\/schema\/person\/1b3eb3c07c47136bc44c785c543e635f"},"headline":"Reggio ultima nel Report Ecosistema Urbano di Legambiente: l&#8217;analisi dell&#8217;Assessore Burrone","datePublished":"2025-10-23T07:36:48+00:00","dateModified":"2025-10-23T09:58:23+00:00","mainEntityOfPage":{"@id":"https:\/\/progettotouring.it\/radiotouring104\/2025\/10\/23\/reggio-ultima-nel-report-ecosistema-urbano-di-legambiente-lanalisi-dellassessore-burrone\/"},"wordCount":623,"publisher":{"@id":"https:\/\/progettotouring.it\/radiotouring104\/#organization"},"image":{"@id":"https:\/\/progettotouring.it\/radiotouring104\/2025\/10\/23\/reggio-ultima-nel-report-ecosistema-urbano-di-legambiente-lanalisi-dellassessore-burrone\/#primaryimage"},"thumbnailUrl":"https:\/\/progettotouring.it\/radiotouring104\/wp-content\/uploads\/sites\/6\/2022\/06\/via-marina.jpg","keywords":["Assessore all'ambiente Filippo burrone","Attacchi strumentali","indicatori non aggiornati","Legambiente","Report Ecosistema urbano"],"articleSection":["Home","News","Reggio Calabria"],"inLanguage":"it-IT"},{"@type":"WebPage","@id":"https:\/\/progettotouring.it\/radiotouring104\/2025\/10\/23\/reggio-ultima-nel-report-ecosistema-urbano-di-legambiente-lanalisi-dellassessore-burrone\/","url":"https:\/\/progettotouring.it\/radiotouring104\/2025\/10\/23\/reggio-ultima-nel-report-ecosistema-urbano-di-legambiente-lanalisi-dellassessore-burrone\/","name":"Burrone analizza l'ultima posto di Reggio nel report Legambiente","isPartOf":{"@id":"https:\/\/progettotouring.it\/radiotouring104\/#website"},"primaryImageOfPage":{"@id":"https:\/\/progettotouring.it\/radiotouring104\/2025\/10\/23\/reggio-ultima-nel-report-ecosistema-urbano-di-legambiente-lanalisi-dellassessore-burrone\/#primaryimage"},"image":{"@id":"https:\/\/progettotouring.it\/radiotouring104\/2025\/10\/23\/reggio-ultima-nel-report-ecosistema-urbano-di-legambiente-lanalisi-dellassessore-burrone\/#primaryimage"},"thumbnailUrl":"https:\/\/progettotouring.it\/radiotouring104\/wp-content\/uploads\/sites\/6\/2022\/06\/via-marina.jpg","datePublished":"2025-10-23T07:36:48+00:00","dateModified":"2025-10-23T09:58:23+00:00","description":"\u201cAttacchi strumentali su indicatori non aggiornati con gli ultimi interventi del Comune\u201d, dichiara l'Assessore Burrone","breadcrumb":{"@id":"https:\/\/progettotouring.it\/radiotouring104\/2025\/10\/23\/reggio-ultima-nel-report-ecosistema-urbano-di-legambiente-lanalisi-dellassessore-burrone\/#breadcrumb"},"inLanguage":"it-IT","potentialAction":[{"@type":"ReadAction","target":["https:\/\/progettotouring.it\/radiotouring104\/2025\/10\/23\/reggio-ultima-nel-report-ecosistema-urbano-di-legambiente-lanalisi-dellassessore-burrone\/"]}]},{"@type":"ImageObject","inLanguage":"it-IT","@id":"https:\/\/progettotouring.it\/radiotouring104\/2025\/10\/23\/reggio-ultima-nel-report-ecosistema-urbano-di-legambiente-lanalisi-dellassessore-burrone\/#primaryimage","url":"https:\/\/progettotouring.it\/radiotouring104\/wp-content\/uploads\/sites\/6\/2022\/06\/via-marina.jpg","contentUrl":"https:\/\/progettotouring.it\/radiotouring104\/wp-content\/uploads\/sites\/6\/2022\/06\/via-marina.jpg","width":1599,"height":900},{"@type":"BreadcrumbList","@id":"https:\/\/progettotouring.it\/radiotouring104\/2025\/10\/23\/reggio-ultima-nel-report-ecosistema-urbano-di-legambiente-lanalisi-dellassessore-burrone\/#breadcrumb","itemListElement":[{"@type":"ListItem","position":1,"name":"Home","item":"https:\/\/progettotouring.it\/radiotouring104\/"},{"@type":"ListItem","position":2,"name":"Reggio ultima nel Report Ecosistema Urbano di Legambiente: l&#8217;analisi dell&#8217;Assessore Burrone"}]},{"@type":"WebSite","@id":"https:\/\/progettotouring.it\/radiotouring104\/#website","url":"https:\/\/progettotouring.it\/radiotouring104\/","name":"Radio Touring 104","description":"La prima radio Reggina","publisher":{"@id":"https:\/\/progettotouring.it\/radiotouring104\/#organization"},"potentialAction":[{"@type":"SearchAction","target":{"@type":"EntryPoint","urlTemplate":"https:\/\/progettotouring.it\/radiotouring104\/?s={search_term_string}"},"query-input":{"@type":"PropertyValueSpecification","valueRequired":true,"valueName":"search_term_string"}}],"inLanguage":"it-IT"},{"@type":"Organization","@id":"https:\/\/progettotouring.it\/radiotouring104\/#organization","name":"Radio Touring 104","url":"https:\/\/progettotouring.it\/radiotouring104\/","logo":{"@type":"ImageObject","inLanguage":"it-IT","@id":"https:\/\/progettotouring.it\/radiotouring104\/#\/schema\/logo\/image\/","url":"https:\/\/progettotouring.it\/radiotouring104\/wp-content\/uploads\/sites\/6\/2022\/02\/cropped-logo-radio-touring-104.png","contentUrl":"https:\/\/progettotouring.it\/radiotouring104\/wp-content\/uploads\/sites\/6\/2022\/02\/cropped-logo-radio-touring-104.png","width":377,"height":182,"caption":"Radio Touring 104"},"image":{"@id":"https:\/\/progettotouring.it\/radiotouring104\/#\/schema\/logo\/image\/"}},{"@type":"Person","@id":"https:\/\/progettotouring.it\/radiotouring104\/#\/schema\/person\/1b3eb3c07c47136bc44c785c543e635f","name":"redazione","image":{"@type":"ImageObject","inLanguage":"it-IT","@id":"https:\/\/secure.gravatar.com\/avatar\/0b31605b49f100769e8b624b3e05de1b73e1692e9568a352f60f53fd072e6e11?s=96&d=mm&r=g","url":"https:\/\/secure.gravatar.com\/avatar\/0b31605b49f100769e8b624b3e05de1b73e1692e9568a352f60f53fd072e6e11?s=96&d=mm&r=g","contentUrl":"https:\/\/secure.gravatar.com\/avatar\/0b31605b49f100769e8b624b3e05de1b73e1692e9568a352f60f53fd072e6e11?s=96&d=mm&r=g","caption":"redazione"},"url":"https:\/\/progettotouring.it\/radiotouring104\/author\/redazione\/"}]}},"jetpack_publicize_connections":[],"jetpack_featured_media_url":"https:\/\/progettotouring.it\/radiotouring104\/wp-content\/uploads\/sites\/6\/2022\/06\/via-marina.jpg","jetpack_sharing_enabled":true,"_links":{"self":[{"href":"https:\/\/progettotouring.it\/radiotouring104\/wp-json\/wp\/v2\/posts\/84502","targetHints":{"allow":["GET"]}}],"collection":[{"href":"https:\/\/progettotouring.it\/radiotouring104\/wp-json\/wp\/v2\/posts"}],"about":[{"href":"https:\/\/progettotouring.it\/radiotouring104\/wp-json\/wp\/v2\/types\/post"}],"author":[{"embeddable":true,"href":"https:\/\/progettotouring.it\/radiotouring104\/wp-json\/wp\/v2\/users\/5"}],"replies":[{"embeddable":true,"href":"https:\/\/progettotouring.it\/radiotouring104\/wp-json\/wp\/v2\/comments?post=84502"}],"version-history":[{"count":1,"href":"https:\/\/progettotouring.it\/radiotouring104\/wp-json\/wp\/v2\/posts\/84502\/revisions"}],"predecessor-version":[{"id":84503,"href":"https:\/\/progettotouring.it\/radiotouring104\/wp-json\/wp\/v2\/posts\/84502\/revisions\/84503"}],"wp:featuredmedia":[{"embeddable":true,"href":"https:\/\/progettotouring.it\/radiotouring104\/wp-json\/wp\/v2\/media\/6588"}],"wp:attachment":[{"href":"https:\/\/progettotouring.it\/radiotouring104\/wp-json\/wp\/v2\/media?parent=84502"}],"wp:term":[{"taxonomy":"category","embeddable":true,"href":"https:\/\/progettotouring.it\/radiotouring104\/wp-json\/wp\/v2\/categories?post=84502"},{"taxonomy":"post_tag","embeddable":true,"href":"https:\/\/progettotouring.it\/radiotouring104\/wp-json\/wp\/v2\/tags?post=84502"}],"curies":[{"name":"wp","href":"https:\/\/api.w.org\/{rel}","templated":true}]}}