{"id":84504,"date":"2025-10-23T09:43:31","date_gmt":"2025-10-23T07:43:31","guid":{"rendered":"https:\/\/progettotouring.it\/radiotouring104\/?p=84504"},"modified":"2025-10-23T11:58:17","modified_gmt":"2025-10-23T09:58:17","slug":"reggio-a-palazzo-alvaro-il-1-incontro-del-progetto-rc-efficacy","status":"publish","type":"post","link":"https:\/\/progettotouring.it\/radiotouring104\/2025\/10\/23\/reggio-a-palazzo-alvaro-il-1-incontro-del-progetto-rc-efficacy\/","title":{"rendered":"Reggio: a Palazzo Alvaro il 1\u00b0 incontro del progetto &#8220;RC efficacy&#8221;"},"content":{"rendered":"<p>Si \u00e8 svolto a Palazzo Alvaro a Reggio Calabria, sede della Citt\u00e0 Metropolitana, il primo appuntamento del Corso di formazione, promosso da RC efficacy, progetto di ricerca-azione che punta a costruire una vera Learning City, attraverso la formazione di docenti e formatori come protagonisti attivi del cambiamento culturale.<\/p>\n<p>Promosso dalle Universit\u00e0 di Roma Tre e Mediterranea di Reggio Calabria, con il sostegno della Citt\u00e0 Metropolitana e il riconoscimento della rete UNESCO delle Learning Cities, il progetto \u2018RC efficacy\u2019 unisce ricerca accademica, ascolto del territorio e sperimentazione didattica, con un respiro nazionale e internazionale.<\/p>\n<p>Il primo modulo di formazione ha approfondito il tema: Devianza e marginalit\u00e0 nelle periferie urbane, argomento sul quale sono intervenuti, Rossella Marzullo, docente di Pedagogia generale e sociale dell\u2019Universit\u00e0 Mediterranea; Roberto Di Palma, procuratore della Repubblica del Tribunale per i minorenni di Reggio Calabria e Luciano Gerardis, gi\u00e0 presidente della Corte d\u2019Appello di Reggio Calabria e presidente di Civitas. Ad introdurre i lavori dell\u2019incontro \u00e8 stata Liliosa Azara, referente scientifica del progetto e docente di Storia delle donne e di genere del dipartimento di Scienze della formazione dell\u2019Universit\u00e0 Roma Tre.<\/p>\n<p>\u201cQuesto tipo di formazione \u00e8 essenziale perch\u00e9 guarda a quelli che sono obiettivi di ampio respiro e obiettivi trasversali che per un verso assumono una dimensione globale e internazionale che devono adattarsi nel contesto locale\u201d. Cos\u00ec Liliosa Azara, che aggiunge: \u201cL&#8217;idea \u00e8 quella di una citt\u00e0 che apprende, che si fa promotrice di percorsi di apprendimento formale e informale e direi anche di processi di sensibilizzazione e interiorizzazione di alcuni valori sostanziali, a partire dalla cittadinanza attiva. Questa \u00e8 la ragione per cui il pubblico a cui \u00e8 destinata la formazione, \u00e8 un pubblico diversificato ed \u00a0estremamente variegato sia nella sua formazione di origine e nelle professioni che esercita. In questo caso \u2013 conclude &#8211; abbiamo una platea di docenti delle scuole secondarie di primo e secondo grado, docenti della formazione professionale e rappresentanti della Pubblica amministrazione\u201d.<\/p>\n","protected":false},"excerpt":{"rendered":"<p>Si \u00e8 svolto a Palazzo Alvaro a Reggio Calabria, sede della Citt\u00e0 Metropolitana, il primo appuntamento del Corso di formazione, promosso da RC efficacy, progetto di ricerca-azione che punta a&hellip;<\/p>\n","protected":false},"author":5,"featured_media":84505,"comment_status":"closed","ping_status":"open","sticky":false,"template":"","format":"standard","meta":{"_jetpack_memberships_contains_paid_content":false,"footnotes":"","jetpack_publicize_message":"","jetpack_publicize_feature_enabled":true,"jetpack_social_post_already_shared":true,"jetpack_social_options":{"image_generator_settings":{"template":"highway","default_image_id":0,"font":"","enabled":false},"version":2}},"categories":[921,196,140],"tags":[423,739,43596,48549,369],"class_list":["post-84504","post","type-post","status-publish","format-standard","has-post-thumbnail","hentry","category-home","category-news","category-reggio-calabria","tag-luciano-gerardis","tag-palazzo-alvaro","tag-progetto-rc-efficacy","tag-universita-di-roma-tre","tag-universita-mediterranea"],"yoast_head":"<!-- This site is optimized with the Yoast SEO plugin v27.2 - https:\/\/yoast.com\/product\/yoast-seo-wordpress\/ -->\n<title>Reggio: a Palazzo Alvaro il 1\u00b0 incontro del progetto &quot;RC efficacy&quot;<\/title>\n<meta name=\"description\" content=\"Il progetto \u00e8 promosso in sinergia con l\u2019Universit\u00e0 di Roma Tre e l&#039;Universit\u00e0 Mediterranea di Reggio Calabria\" \/>\n<meta name=\"robots\" content=\"index, follow, max-snippet:-1, max-image-preview:large, max-video-preview:-1\" \/>\n<link rel=\"canonical\" href=\"https:\/\/progettotouring.it\/radiotouring104\/2025\/10\/23\/reggio-a-palazzo-alvaro-il-1-incontro-del-progetto-rc-efficacy\/\" \/>\n<meta property=\"og:locale\" content=\"it_IT\" \/>\n<meta property=\"og:type\" content=\"article\" \/>\n<meta property=\"og:title\" content=\"Reggio: a Palazzo Alvaro il 1\u00b0 incontro del progetto &quot;RC efficacy&quot;\" \/>\n<meta property=\"og:description\" content=\"Il progetto \u00e8 promosso in sinergia con l\u2019Universit\u00e0 di Roma Tre e l&#039;Universit\u00e0 Mediterranea di Reggio Calabria\" \/>\n<meta property=\"og:url\" content=\"https:\/\/progettotouring.it\/radiotouring104\/2025\/10\/23\/reggio-a-palazzo-alvaro-il-1-incontro-del-progetto-rc-efficacy\/\" \/>\n<meta property=\"og:site_name\" content=\"Radio Touring 104\" \/>\n<meta property=\"article:published_time\" content=\"2025-10-23T07:43:31+00:00\" \/>\n<meta property=\"article:modified_time\" content=\"2025-10-23T09:58:17+00:00\" \/>\n<meta property=\"og:image\" content=\"https:\/\/progettotouring.it\/radiotouring104\/wp-content\/uploads\/sites\/6\/2025\/10\/Palazzo-Alvaro-Luciano-Gerardis-rc-efficacy-22-ottobre-2025-1.jpeg\" \/>\n\t<meta property=\"og:image:width\" content=\"1169\" \/>\n\t<meta property=\"og:image:height\" content=\"754\" \/>\n\t<meta property=\"og:image:type\" content=\"image\/jpeg\" \/>\n<meta name=\"author\" content=\"redazione\" \/>\n<meta name=\"twitter:card\" content=\"summary_large_image\" \/>\n<meta name=\"twitter:label1\" content=\"Scritto da\" \/>\n\t<meta name=\"twitter:data1\" content=\"redazione\" \/>\n\t<meta name=\"twitter:label2\" content=\"Tempo di lettura stimato\" \/>\n\t<meta name=\"twitter:data2\" content=\"2 minuti\" \/>\n<script type=\"application\/ld+json\" class=\"yoast-schema-graph\">{\"@context\":\"https:\/\/schema.org\",\"@graph\":[{\"@type\":\"Article\",\"@id\":\"https:\/\/progettotouring.it\/radiotouring104\/2025\/10\/23\/reggio-a-palazzo-alvaro-il-1-incontro-del-progetto-rc-efficacy\/#article\",\"isPartOf\":{\"@id\":\"https:\/\/progettotouring.it\/radiotouring104\/2025\/10\/23\/reggio-a-palazzo-alvaro-il-1-incontro-del-progetto-rc-efficacy\/\"},\"author\":{\"name\":\"redazione\",\"@id\":\"https:\/\/progettotouring.it\/radiotouring104\/#\/schema\/person\/1b3eb3c07c47136bc44c785c543e635f\"},\"headline\":\"Reggio: a Palazzo Alvaro il 1\u00b0 incontro del progetto &#8220;RC efficacy&#8221;\",\"datePublished\":\"2025-10-23T07:43:31+00:00\",\"dateModified\":\"2025-10-23T09:58:17+00:00\",\"mainEntityOfPage\":{\"@id\":\"https:\/\/progettotouring.it\/radiotouring104\/2025\/10\/23\/reggio-a-palazzo-alvaro-il-1-incontro-del-progetto-rc-efficacy\/\"},\"wordCount\":326,\"publisher\":{\"@id\":\"https:\/\/progettotouring.it\/radiotouring104\/#organization\"},\"image\":{\"@id\":\"https:\/\/progettotouring.it\/radiotouring104\/2025\/10\/23\/reggio-a-palazzo-alvaro-il-1-incontro-del-progetto-rc-efficacy\/#primaryimage\"},\"thumbnailUrl\":\"https:\/\/progettotouring.it\/radiotouring104\/wp-content\/uploads\/sites\/6\/2025\/10\/Palazzo-Alvaro-Luciano-Gerardis-rc-efficacy-22-ottobre-2025-1.jpeg\",\"keywords\":[\"Luciano Gerardis\",\"Palazzo Alvaro\",\"progetto \\\"RC efficacy\\\"\",\"Universit\u00e0 di Roma Tre\",\"universit\u00e0 mediterranea\"],\"articleSection\":[\"Home\",\"News\",\"Reggio Calabria\"],\"inLanguage\":\"it-IT\"},{\"@type\":\"WebPage\",\"@id\":\"https:\/\/progettotouring.it\/radiotouring104\/2025\/10\/23\/reggio-a-palazzo-alvaro-il-1-incontro-del-progetto-rc-efficacy\/\",\"url\":\"https:\/\/progettotouring.it\/radiotouring104\/2025\/10\/23\/reggio-a-palazzo-alvaro-il-1-incontro-del-progetto-rc-efficacy\/\",\"name\":\"Reggio: a Palazzo Alvaro il 1\u00b0 incontro del progetto \\\"RC efficacy\\\"\",\"isPartOf\":{\"@id\":\"https:\/\/progettotouring.it\/radiotouring104\/#website\"},\"primaryImageOfPage\":{\"@id\":\"https:\/\/progettotouring.it\/radiotouring104\/2025\/10\/23\/reggio-a-palazzo-alvaro-il-1-incontro-del-progetto-rc-efficacy\/#primaryimage\"},\"image\":{\"@id\":\"https:\/\/progettotouring.it\/radiotouring104\/2025\/10\/23\/reggio-a-palazzo-alvaro-il-1-incontro-del-progetto-rc-efficacy\/#primaryimage\"},\"thumbnailUrl\":\"https:\/\/progettotouring.it\/radiotouring104\/wp-content\/uploads\/sites\/6\/2025\/10\/Palazzo-Alvaro-Luciano-Gerardis-rc-efficacy-22-ottobre-2025-1.jpeg\",\"datePublished\":\"2025-10-23T07:43:31+00:00\",\"dateModified\":\"2025-10-23T09:58:17+00:00\",\"description\":\"Il progetto \u00e8 promosso in sinergia con l\u2019Universit\u00e0 di Roma Tre e l'Universit\u00e0 Mediterranea di Reggio Calabria\",\"breadcrumb\":{\"@id\":\"https:\/\/progettotouring.it\/radiotouring104\/2025\/10\/23\/reggio-a-palazzo-alvaro-il-1-incontro-del-progetto-rc-efficacy\/#breadcrumb\"},\"inLanguage\":\"it-IT\",\"potentialAction\":[{\"@type\":\"ReadAction\",\"target\":[\"https:\/\/progettotouring.it\/radiotouring104\/2025\/10\/23\/reggio-a-palazzo-alvaro-il-1-incontro-del-progetto-rc-efficacy\/\"]}]},{\"@type\":\"ImageObject\",\"inLanguage\":\"it-IT\",\"@id\":\"https:\/\/progettotouring.it\/radiotouring104\/2025\/10\/23\/reggio-a-palazzo-alvaro-il-1-incontro-del-progetto-rc-efficacy\/#primaryimage\",\"url\":\"https:\/\/progettotouring.it\/radiotouring104\/wp-content\/uploads\/sites\/6\/2025\/10\/Palazzo-Alvaro-Luciano-Gerardis-rc-efficacy-22-ottobre-2025-1.jpeg\",\"contentUrl\":\"https:\/\/progettotouring.it\/radiotouring104\/wp-content\/uploads\/sites\/6\/2025\/10\/Palazzo-Alvaro-Luciano-Gerardis-rc-efficacy-22-ottobre-2025-1.jpeg\",\"width\":1169,\"height\":754},{\"@type\":\"BreadcrumbList\",\"@id\":\"https:\/\/progettotouring.it\/radiotouring104\/2025\/10\/23\/reggio-a-palazzo-alvaro-il-1-incontro-del-progetto-rc-efficacy\/#breadcrumb\",\"itemListElement\":[{\"@type\":\"ListItem\",\"position\":1,\"name\":\"Home\",\"item\":\"https:\/\/progettotouring.it\/radiotouring104\/\"},{\"@type\":\"ListItem\",\"position\":2,\"name\":\"Reggio: a Palazzo Alvaro il 1\u00b0 incontro del progetto &#8220;RC efficacy&#8221;\"}]},{\"@type\":\"WebSite\",\"@id\":\"https:\/\/progettotouring.it\/radiotouring104\/#website\",\"url\":\"https:\/\/progettotouring.it\/radiotouring104\/\",\"name\":\"Radio Touring 104\",\"description\":\"La prima radio Reggina\",\"publisher\":{\"@id\":\"https:\/\/progettotouring.it\/radiotouring104\/#organization\"},\"potentialAction\":[{\"@type\":\"SearchAction\",\"target\":{\"@type\":\"EntryPoint\",\"urlTemplate\":\"https:\/\/progettotouring.it\/radiotouring104\/?s={search_term_string}\"},\"query-input\":{\"@type\":\"PropertyValueSpecification\",\"valueRequired\":true,\"valueName\":\"search_term_string\"}}],\"inLanguage\":\"it-IT\"},{\"@type\":\"Organization\",\"@id\":\"https:\/\/progettotouring.it\/radiotouring104\/#organization\",\"name\":\"Radio Touring 104\",\"url\":\"https:\/\/progettotouring.it\/radiotouring104\/\",\"logo\":{\"@type\":\"ImageObject\",\"inLanguage\":\"it-IT\",\"@id\":\"https:\/\/progettotouring.it\/radiotouring104\/#\/schema\/logo\/image\/\",\"url\":\"https:\/\/progettotouring.it\/radiotouring104\/wp-content\/uploads\/sites\/6\/2022\/02\/cropped-logo-radio-touring-104.png\",\"contentUrl\":\"https:\/\/progettotouring.it\/radiotouring104\/wp-content\/uploads\/sites\/6\/2022\/02\/cropped-logo-radio-touring-104.png\",\"width\":377,\"height\":182,\"caption\":\"Radio Touring 104\"},\"image\":{\"@id\":\"https:\/\/progettotouring.it\/radiotouring104\/#\/schema\/logo\/image\/\"}},{\"@type\":\"Person\",\"@id\":\"https:\/\/progettotouring.it\/radiotouring104\/#\/schema\/person\/1b3eb3c07c47136bc44c785c543e635f\",\"name\":\"redazione\",\"image\":{\"@type\":\"ImageObject\",\"inLanguage\":\"it-IT\",\"@id\":\"https:\/\/secure.gravatar.com\/avatar\/0b31605b49f100769e8b624b3e05de1b73e1692e9568a352f60f53fd072e6e11?s=96&d=mm&r=g\",\"url\":\"https:\/\/secure.gravatar.com\/avatar\/0b31605b49f100769e8b624b3e05de1b73e1692e9568a352f60f53fd072e6e11?s=96&d=mm&r=g\",\"contentUrl\":\"https:\/\/secure.gravatar.com\/avatar\/0b31605b49f100769e8b624b3e05de1b73e1692e9568a352f60f53fd072e6e11?s=96&d=mm&r=g\",\"caption\":\"redazione\"},\"url\":\"https:\/\/progettotouring.it\/radiotouring104\/author\/redazione\/\"}]}<\/script>\n<!-- \/ Yoast SEO plugin. -->","yoast_head_json":{"title":"Reggio: a Palazzo Alvaro il 1\u00b0 incontro del progetto \"RC efficacy\"","description":"Il progetto \u00e8 promosso in sinergia con l\u2019Universit\u00e0 di Roma Tre e l'Universit\u00e0 Mediterranea di Reggio Calabria","robots":{"index":"index","follow":"follow","max-snippet":"max-snippet:-1","max-image-preview":"max-image-preview:large","max-video-preview":"max-video-preview:-1"},"canonical":"https:\/\/progettotouring.it\/radiotouring104\/2025\/10\/23\/reggio-a-palazzo-alvaro-il-1-incontro-del-progetto-rc-efficacy\/","og_locale":"it_IT","og_type":"article","og_title":"Reggio: a Palazzo Alvaro il 1\u00b0 incontro del progetto \"RC efficacy\"","og_description":"Il progetto \u00e8 promosso in sinergia con l\u2019Universit\u00e0 di Roma Tre e l'Universit\u00e0 Mediterranea di Reggio Calabria","og_url":"https:\/\/progettotouring.it\/radiotouring104\/2025\/10\/23\/reggio-a-palazzo-alvaro-il-1-incontro-del-progetto-rc-efficacy\/","og_site_name":"Radio Touring 104","article_published_time":"2025-10-23T07:43:31+00:00","article_modified_time":"2025-10-23T09:58:17+00:00","og_image":[{"width":1169,"height":754,"url":"https:\/\/progettotouring.it\/radiotouring104\/wp-content\/uploads\/sites\/6\/2025\/10\/Palazzo-Alvaro-Luciano-Gerardis-rc-efficacy-22-ottobre-2025-1.jpeg","type":"image\/jpeg"}],"author":"redazione","twitter_card":"summary_large_image","twitter_misc":{"Scritto da":"redazione","Tempo di lettura stimato":"2 minuti"},"schema":{"@context":"https:\/\/schema.org","@graph":[{"@type":"Article","@id":"https:\/\/progettotouring.it\/radiotouring104\/2025\/10\/23\/reggio-a-palazzo-alvaro-il-1-incontro-del-progetto-rc-efficacy\/#article","isPartOf":{"@id":"https:\/\/progettotouring.it\/radiotouring104\/2025\/10\/23\/reggio-a-palazzo-alvaro-il-1-incontro-del-progetto-rc-efficacy\/"},"author":{"name":"redazione","@id":"https:\/\/progettotouring.it\/radiotouring104\/#\/schema\/person\/1b3eb3c07c47136bc44c785c543e635f"},"headline":"Reggio: a Palazzo Alvaro il 1\u00b0 incontro del progetto &#8220;RC efficacy&#8221;","datePublished":"2025-10-23T07:43:31+00:00","dateModified":"2025-10-23T09:58:17+00:00","mainEntityOfPage":{"@id":"https:\/\/progettotouring.it\/radiotouring104\/2025\/10\/23\/reggio-a-palazzo-alvaro-il-1-incontro-del-progetto-rc-efficacy\/"},"wordCount":326,"publisher":{"@id":"https:\/\/progettotouring.it\/radiotouring104\/#organization"},"image":{"@id":"https:\/\/progettotouring.it\/radiotouring104\/2025\/10\/23\/reggio-a-palazzo-alvaro-il-1-incontro-del-progetto-rc-efficacy\/#primaryimage"},"thumbnailUrl":"https:\/\/progettotouring.it\/radiotouring104\/wp-content\/uploads\/sites\/6\/2025\/10\/Palazzo-Alvaro-Luciano-Gerardis-rc-efficacy-22-ottobre-2025-1.jpeg","keywords":["Luciano Gerardis","Palazzo Alvaro","progetto \"RC efficacy\"","Universit\u00e0 di Roma Tre","universit\u00e0 mediterranea"],"articleSection":["Home","News","Reggio Calabria"],"inLanguage":"it-IT"},{"@type":"WebPage","@id":"https:\/\/progettotouring.it\/radiotouring104\/2025\/10\/23\/reggio-a-palazzo-alvaro-il-1-incontro-del-progetto-rc-efficacy\/","url":"https:\/\/progettotouring.it\/radiotouring104\/2025\/10\/23\/reggio-a-palazzo-alvaro-il-1-incontro-del-progetto-rc-efficacy\/","name":"Reggio: a Palazzo Alvaro il 1\u00b0 incontro del progetto \"RC efficacy\"","isPartOf":{"@id":"https:\/\/progettotouring.it\/radiotouring104\/#website"},"primaryImageOfPage":{"@id":"https:\/\/progettotouring.it\/radiotouring104\/2025\/10\/23\/reggio-a-palazzo-alvaro-il-1-incontro-del-progetto-rc-efficacy\/#primaryimage"},"image":{"@id":"https:\/\/progettotouring.it\/radiotouring104\/2025\/10\/23\/reggio-a-palazzo-alvaro-il-1-incontro-del-progetto-rc-efficacy\/#primaryimage"},"thumbnailUrl":"https:\/\/progettotouring.it\/radiotouring104\/wp-content\/uploads\/sites\/6\/2025\/10\/Palazzo-Alvaro-Luciano-Gerardis-rc-efficacy-22-ottobre-2025-1.jpeg","datePublished":"2025-10-23T07:43:31+00:00","dateModified":"2025-10-23T09:58:17+00:00","description":"Il progetto \u00e8 promosso in sinergia con l\u2019Universit\u00e0 di Roma Tre e l'Universit\u00e0 Mediterranea di Reggio Calabria","breadcrumb":{"@id":"https:\/\/progettotouring.it\/radiotouring104\/2025\/10\/23\/reggio-a-palazzo-alvaro-il-1-incontro-del-progetto-rc-efficacy\/#breadcrumb"},"inLanguage":"it-IT","potentialAction":[{"@type":"ReadAction","target":["https:\/\/progettotouring.it\/radiotouring104\/2025\/10\/23\/reggio-a-palazzo-alvaro-il-1-incontro-del-progetto-rc-efficacy\/"]}]},{"@type":"ImageObject","inLanguage":"it-IT","@id":"https:\/\/progettotouring.it\/radiotouring104\/2025\/10\/23\/reggio-a-palazzo-alvaro-il-1-incontro-del-progetto-rc-efficacy\/#primaryimage","url":"https:\/\/progettotouring.it\/radiotouring104\/wp-content\/uploads\/sites\/6\/2025\/10\/Palazzo-Alvaro-Luciano-Gerardis-rc-efficacy-22-ottobre-2025-1.jpeg","contentUrl":"https:\/\/progettotouring.it\/radiotouring104\/wp-content\/uploads\/sites\/6\/2025\/10\/Palazzo-Alvaro-Luciano-Gerardis-rc-efficacy-22-ottobre-2025-1.jpeg","width":1169,"height":754},{"@type":"BreadcrumbList","@id":"https:\/\/progettotouring.it\/radiotouring104\/2025\/10\/23\/reggio-a-palazzo-alvaro-il-1-incontro-del-progetto-rc-efficacy\/#breadcrumb","itemListElement":[{"@type":"ListItem","position":1,"name":"Home","item":"https:\/\/progettotouring.it\/radiotouring104\/"},{"@type":"ListItem","position":2,"name":"Reggio: a Palazzo Alvaro il 1\u00b0 incontro del progetto &#8220;RC efficacy&#8221;"}]},{"@type":"WebSite","@id":"https:\/\/progettotouring.it\/radiotouring104\/#website","url":"https:\/\/progettotouring.it\/radiotouring104\/","name":"Radio Touring 104","description":"La prima radio Reggina","publisher":{"@id":"https:\/\/progettotouring.it\/radiotouring104\/#organization"},"potentialAction":[{"@type":"SearchAction","target":{"@type":"EntryPoint","urlTemplate":"https:\/\/progettotouring.it\/radiotouring104\/?s={search_term_string}"},"query-input":{"@type":"PropertyValueSpecification","valueRequired":true,"valueName":"search_term_string"}}],"inLanguage":"it-IT"},{"@type":"Organization","@id":"https:\/\/progettotouring.it\/radiotouring104\/#organization","name":"Radio Touring 104","url":"https:\/\/progettotouring.it\/radiotouring104\/","logo":{"@type":"ImageObject","inLanguage":"it-IT","@id":"https:\/\/progettotouring.it\/radiotouring104\/#\/schema\/logo\/image\/","url":"https:\/\/progettotouring.it\/radiotouring104\/wp-content\/uploads\/sites\/6\/2022\/02\/cropped-logo-radio-touring-104.png","contentUrl":"https:\/\/progettotouring.it\/radiotouring104\/wp-content\/uploads\/sites\/6\/2022\/02\/cropped-logo-radio-touring-104.png","width":377,"height":182,"caption":"Radio Touring 104"},"image":{"@id":"https:\/\/progettotouring.it\/radiotouring104\/#\/schema\/logo\/image\/"}},{"@type":"Person","@id":"https:\/\/progettotouring.it\/radiotouring104\/#\/schema\/person\/1b3eb3c07c47136bc44c785c543e635f","name":"redazione","image":{"@type":"ImageObject","inLanguage":"it-IT","@id":"https:\/\/secure.gravatar.com\/avatar\/0b31605b49f100769e8b624b3e05de1b73e1692e9568a352f60f53fd072e6e11?s=96&d=mm&r=g","url":"https:\/\/secure.gravatar.com\/avatar\/0b31605b49f100769e8b624b3e05de1b73e1692e9568a352f60f53fd072e6e11?s=96&d=mm&r=g","contentUrl":"https:\/\/secure.gravatar.com\/avatar\/0b31605b49f100769e8b624b3e05de1b73e1692e9568a352f60f53fd072e6e11?s=96&d=mm&r=g","caption":"redazione"},"url":"https:\/\/progettotouring.it\/radiotouring104\/author\/redazione\/"}]}},"jetpack_publicize_connections":[],"jetpack_featured_media_url":"https:\/\/progettotouring.it\/radiotouring104\/wp-content\/uploads\/sites\/6\/2025\/10\/Palazzo-Alvaro-Luciano-Gerardis-rc-efficacy-22-ottobre-2025-1.jpeg","jetpack_sharing_enabled":true,"_links":{"self":[{"href":"https:\/\/progettotouring.it\/radiotouring104\/wp-json\/wp\/v2\/posts\/84504","targetHints":{"allow":["GET"]}}],"collection":[{"href":"https:\/\/progettotouring.it\/radiotouring104\/wp-json\/wp\/v2\/posts"}],"about":[{"href":"https:\/\/progettotouring.it\/radiotouring104\/wp-json\/wp\/v2\/types\/post"}],"author":[{"embeddable":true,"href":"https:\/\/progettotouring.it\/radiotouring104\/wp-json\/wp\/v2\/users\/5"}],"replies":[{"embeddable":true,"href":"https:\/\/progettotouring.it\/radiotouring104\/wp-json\/wp\/v2\/comments?post=84504"}],"version-history":[{"count":1,"href":"https:\/\/progettotouring.it\/radiotouring104\/wp-json\/wp\/v2\/posts\/84504\/revisions"}],"predecessor-version":[{"id":84506,"href":"https:\/\/progettotouring.it\/radiotouring104\/wp-json\/wp\/v2\/posts\/84504\/revisions\/84506"}],"wp:featuredmedia":[{"embeddable":true,"href":"https:\/\/progettotouring.it\/radiotouring104\/wp-json\/wp\/v2\/media\/84505"}],"wp:attachment":[{"href":"https:\/\/progettotouring.it\/radiotouring104\/wp-json\/wp\/v2\/media?parent=84504"}],"wp:term":[{"taxonomy":"category","embeddable":true,"href":"https:\/\/progettotouring.it\/radiotouring104\/wp-json\/wp\/v2\/categories?post=84504"},{"taxonomy":"post_tag","embeddable":true,"href":"https:\/\/progettotouring.it\/radiotouring104\/wp-json\/wp\/v2\/tags?post=84504"}],"curies":[{"name":"wp","href":"https:\/\/api.w.org\/{rel}","templated":true}]}}