{"id":84509,"date":"2025-10-23T10:01:08","date_gmt":"2025-10-23T08:01:08","guid":{"rendered":"https:\/\/progettotouring.it\/radiotouring104\/?p=84509"},"modified":"2025-10-23T11:58:01","modified_gmt":"2025-10-23T09:58:01","slug":"il-cordoglio-dellamministrazione-per-la-tragica-scomparsa-dei-due-archeologi-reggini-in-un-incidente-stradale-a-piacenza","status":"publish","type":"post","link":"https:\/\/progettotouring.it\/radiotouring104\/2025\/10\/23\/il-cordoglio-dellamministrazione-per-la-tragica-scomparsa-dei-due-archeologi-reggini-in-un-incidente-stradale-a-piacenza\/","title":{"rendered":"Il cordoglio dell&#8217;Amministrazione per la tragica scomparsa dei due archeologi reggini in un incidente stradale a Piacenza"},"content":{"rendered":"<p dir=\"ltr\">Il Sindaco di Reggio Calabria,\u00a0Giuseppe Falcomat\u00e0, e la Consigliera Comunale\u00a0Maria Ranieri, esprimono il pi\u00f9 profondo e commosso cordoglio a nome dell&#8217;intera Amministrazione e della Citt\u00e0, per la tragica e prematura scomparsa degli archeologi reggini\u00a0Francesca Pizzi e\u00a0Giovanni Speranza, originari della provincia e per lungo tempo residenti in citt\u00e0. I due giovani professionisti hanno perso la vita in un terribile incidente stradale avvenuto lungo l&#8217;autostrada A21 nel tratto compreso tra Piacenza Ovest e Piacenza Sud.<\/p>\n<p dir=\"ltr\">\n<p dir=\"ltr\">&#8220;La notizia di questa immane tragedia ci ha lasciati attoniti e senza parole,&#8221; hanno dichiarato il Sindaco\u00a0Giuseppe Falcomat\u00e0\u00a0e la Consigliera Maria Ranieri. &#8220;Reggio Calabria perde due giovani eccellenze, due menti brillanti che con il loro lavoro portavano avanti la storia e la cultura del nostro territorio, anche lontano da casa. Il dolore delle famiglie Pizzi e Speranza \u00e8 il dolore di tutta la nostra comunit\u00e0. A loro va l&#8217;abbraccio pi\u00f9 forte e sincero in questo momento di inimmaginabile sofferenza&#8221;.<\/p>\n<p dir=\"ltr\">\n&#8220;Il ricordo di Francesca e di Giovanni, del loro entusiasmo e della loro passione per l&#8217;archeologia e per le loro radici, rimarr\u00e0 indelebile. Ci stringiamo con immenso affetto ai familiari, agli amici e a quanti nella nostra Citt\u00e0 hanno avuto la fortuna di incontrarli e di apprezzarne le straordinarie qualit\u00e0 umane e professionali&#8221;.<\/p>\n","protected":false},"excerpt":{"rendered":"<p>Il Sindaco di Reggio Calabria,\u00a0Giuseppe Falcomat\u00e0, e la Consigliera Comunale\u00a0Maria Ranieri, esprimono il pi\u00f9 profondo e commosso cordoglio a nome dell&#8217;intera Amministrazione e della Citt\u00e0, per la tragica e prematura&hellip;<\/p>\n","protected":false},"author":5,"featured_media":72013,"comment_status":"closed","ping_status":"open","sticky":false,"template":"","format":"standard","meta":{"_jetpack_memberships_contains_paid_content":false,"footnotes":"","jetpack_publicize_message":"","jetpack_publicize_feature_enabled":true,"jetpack_social_post_already_shared":true,"jetpack_social_options":{"image_generator_settings":{"template":"highway","default_image_id":0,"font":"","enabled":false},"version":2}},"categories":[921,196,140],"tags":[43299,812,48552,28237,48553,48551],"class_list":["post-84509","post","type-post","status-publish","format-standard","has-post-thumbnail","hentry","category-home","category-news","category-reggio-calabria","tag-amministrazione-comunale-di-reggio","tag-giuseppe-falcomata","tag-incidente-stradale-a-piacenza","tag-maria-ranieri","tag-morti-due-giovani-archeologi-reggini","tag-tragedia-che-lascia-attonita-la-nostra-comunita"],"yoast_head":"<!-- This site is optimized with the Yoast SEO plugin v27.2 - https:\/\/yoast.com\/product\/yoast-seo-wordpress\/ -->\n<title>Reggini morti in un incidente a Piacenza: cordoglio del Comune<\/title>\n<meta name=\"description\" content=\"&quot;Una tragedia che lascia attonita la nostra comunit\u00e0&quot;, le parole di cordoglio congiunte del Sindaco Falcomat\u00e0 e della Consigliera Ranieri\" \/>\n<meta name=\"robots\" content=\"index, follow, max-snippet:-1, max-image-preview:large, max-video-preview:-1\" \/>\n<link rel=\"canonical\" href=\"https:\/\/progettotouring.it\/radiotouring104\/2025\/10\/23\/il-cordoglio-dellamministrazione-per-la-tragica-scomparsa-dei-due-archeologi-reggini-in-un-incidente-stradale-a-piacenza\/\" \/>\n<meta property=\"og:locale\" content=\"it_IT\" \/>\n<meta property=\"og:type\" content=\"article\" \/>\n<meta property=\"og:title\" content=\"Reggini morti in un incidente a Piacenza: cordoglio del Comune\" \/>\n<meta property=\"og:description\" content=\"&quot;Una tragedia che lascia attonita la nostra comunit\u00e0&quot;, le parole di cordoglio congiunte del Sindaco Falcomat\u00e0 e della Consigliera Ranieri\" \/>\n<meta property=\"og:url\" content=\"https:\/\/progettotouring.it\/radiotouring104\/2025\/10\/23\/il-cordoglio-dellamministrazione-per-la-tragica-scomparsa-dei-due-archeologi-reggini-in-un-incidente-stradale-a-piacenza\/\" \/>\n<meta property=\"og:site_name\" content=\"Radio Touring 104\" \/>\n<meta property=\"article:published_time\" content=\"2025-10-23T08:01:08+00:00\" \/>\n<meta property=\"article:modified_time\" content=\"2025-10-23T09:58:01+00:00\" \/>\n<meta property=\"og:image\" content=\"https:\/\/progettotouring.it\/radiotouring104\/wp-content\/uploads\/sites\/6\/2025\/04\/lutto.jpg\" \/>\n\t<meta property=\"og:image:width\" content=\"1920\" \/>\n\t<meta property=\"og:image:height\" content=\"1080\" \/>\n\t<meta property=\"og:image:type\" content=\"image\/jpeg\" \/>\n<meta name=\"author\" content=\"redazione\" \/>\n<meta name=\"twitter:card\" content=\"summary_large_image\" \/>\n<meta name=\"twitter:label1\" content=\"Scritto da\" \/>\n\t<meta name=\"twitter:data1\" content=\"redazione\" \/>\n\t<meta name=\"twitter:label2\" content=\"Tempo di lettura stimato\" \/>\n\t<meta name=\"twitter:data2\" content=\"1 minuto\" \/>\n<script type=\"application\/ld+json\" class=\"yoast-schema-graph\">{\"@context\":\"https:\/\/schema.org\",\"@graph\":[{\"@type\":\"Article\",\"@id\":\"https:\/\/progettotouring.it\/radiotouring104\/2025\/10\/23\/il-cordoglio-dellamministrazione-per-la-tragica-scomparsa-dei-due-archeologi-reggini-in-un-incidente-stradale-a-piacenza\/#article\",\"isPartOf\":{\"@id\":\"https:\/\/progettotouring.it\/radiotouring104\/2025\/10\/23\/il-cordoglio-dellamministrazione-per-la-tragica-scomparsa-dei-due-archeologi-reggini-in-un-incidente-stradale-a-piacenza\/\"},\"author\":{\"name\":\"redazione\",\"@id\":\"https:\/\/progettotouring.it\/radiotouring104\/#\/schema\/person\/1b3eb3c07c47136bc44c785c543e635f\"},\"headline\":\"Il cordoglio dell&#8217;Amministrazione per la tragica scomparsa dei due archeologi reggini in un incidente stradale a Piacenza\",\"datePublished\":\"2025-10-23T08:01:08+00:00\",\"dateModified\":\"2025-10-23T09:58:01+00:00\",\"mainEntityOfPage\":{\"@id\":\"https:\/\/progettotouring.it\/radiotouring104\/2025\/10\/23\/il-cordoglio-dellamministrazione-per-la-tragica-scomparsa-dei-due-archeologi-reggini-in-un-incidente-stradale-a-piacenza\/\"},\"wordCount\":227,\"publisher\":{\"@id\":\"https:\/\/progettotouring.it\/radiotouring104\/#organization\"},\"image\":{\"@id\":\"https:\/\/progettotouring.it\/radiotouring104\/2025\/10\/23\/il-cordoglio-dellamministrazione-per-la-tragica-scomparsa-dei-due-archeologi-reggini-in-un-incidente-stradale-a-piacenza\/#primaryimage\"},\"thumbnailUrl\":\"https:\/\/progettotouring.it\/radiotouring104\/wp-content\/uploads\/sites\/6\/2025\/04\/lutto.jpg\",\"keywords\":[\"amministrazione comunale di reggio\",\"Giuseppe Falcomat\u00e0\",\"incidente stradale a Piacenza\",\"Maria Ranieri\",\"morti due giovani archeologi reggini\",\"tragedia che lascia attonita la nostra comunit\u00e0\"],\"articleSection\":[\"Home\",\"News\",\"Reggio Calabria\"],\"inLanguage\":\"it-IT\"},{\"@type\":\"WebPage\",\"@id\":\"https:\/\/progettotouring.it\/radiotouring104\/2025\/10\/23\/il-cordoglio-dellamministrazione-per-la-tragica-scomparsa-dei-due-archeologi-reggini-in-un-incidente-stradale-a-piacenza\/\",\"url\":\"https:\/\/progettotouring.it\/radiotouring104\/2025\/10\/23\/il-cordoglio-dellamministrazione-per-la-tragica-scomparsa-dei-due-archeologi-reggini-in-un-incidente-stradale-a-piacenza\/\",\"name\":\"Reggini morti in un incidente a Piacenza: cordoglio del Comune\",\"isPartOf\":{\"@id\":\"https:\/\/progettotouring.it\/radiotouring104\/#website\"},\"primaryImageOfPage\":{\"@id\":\"https:\/\/progettotouring.it\/radiotouring104\/2025\/10\/23\/il-cordoglio-dellamministrazione-per-la-tragica-scomparsa-dei-due-archeologi-reggini-in-un-incidente-stradale-a-piacenza\/#primaryimage\"},\"image\":{\"@id\":\"https:\/\/progettotouring.it\/radiotouring104\/2025\/10\/23\/il-cordoglio-dellamministrazione-per-la-tragica-scomparsa-dei-due-archeologi-reggini-in-un-incidente-stradale-a-piacenza\/#primaryimage\"},\"thumbnailUrl\":\"https:\/\/progettotouring.it\/radiotouring104\/wp-content\/uploads\/sites\/6\/2025\/04\/lutto.jpg\",\"datePublished\":\"2025-10-23T08:01:08+00:00\",\"dateModified\":\"2025-10-23T09:58:01+00:00\",\"description\":\"\\\"Una tragedia che lascia attonita la nostra comunit\u00e0\\\", le parole di cordoglio congiunte del Sindaco Falcomat\u00e0 e della Consigliera Ranieri\",\"breadcrumb\":{\"@id\":\"https:\/\/progettotouring.it\/radiotouring104\/2025\/10\/23\/il-cordoglio-dellamministrazione-per-la-tragica-scomparsa-dei-due-archeologi-reggini-in-un-incidente-stradale-a-piacenza\/#breadcrumb\"},\"inLanguage\":\"it-IT\",\"potentialAction\":[{\"@type\":\"ReadAction\",\"target\":[\"https:\/\/progettotouring.it\/radiotouring104\/2025\/10\/23\/il-cordoglio-dellamministrazione-per-la-tragica-scomparsa-dei-due-archeologi-reggini-in-un-incidente-stradale-a-piacenza\/\"]}]},{\"@type\":\"ImageObject\",\"inLanguage\":\"it-IT\",\"@id\":\"https:\/\/progettotouring.it\/radiotouring104\/2025\/10\/23\/il-cordoglio-dellamministrazione-per-la-tragica-scomparsa-dei-due-archeologi-reggini-in-un-incidente-stradale-a-piacenza\/#primaryimage\",\"url\":\"https:\/\/progettotouring.it\/radiotouring104\/wp-content\/uploads\/sites\/6\/2025\/04\/lutto.jpg\",\"contentUrl\":\"https:\/\/progettotouring.it\/radiotouring104\/wp-content\/uploads\/sites\/6\/2025\/04\/lutto.jpg\",\"width\":1920,\"height\":1080},{\"@type\":\"BreadcrumbList\",\"@id\":\"https:\/\/progettotouring.it\/radiotouring104\/2025\/10\/23\/il-cordoglio-dellamministrazione-per-la-tragica-scomparsa-dei-due-archeologi-reggini-in-un-incidente-stradale-a-piacenza\/#breadcrumb\",\"itemListElement\":[{\"@type\":\"ListItem\",\"position\":1,\"name\":\"Home\",\"item\":\"https:\/\/progettotouring.it\/radiotouring104\/\"},{\"@type\":\"ListItem\",\"position\":2,\"name\":\"Il cordoglio dell&#8217;Amministrazione per la tragica scomparsa dei due archeologi reggini in un incidente stradale a Piacenza\"}]},{\"@type\":\"WebSite\",\"@id\":\"https:\/\/progettotouring.it\/radiotouring104\/#website\",\"url\":\"https:\/\/progettotouring.it\/radiotouring104\/\",\"name\":\"Radio Touring 104\",\"description\":\"La prima radio Reggina\",\"publisher\":{\"@id\":\"https:\/\/progettotouring.it\/radiotouring104\/#organization\"},\"potentialAction\":[{\"@type\":\"SearchAction\",\"target\":{\"@type\":\"EntryPoint\",\"urlTemplate\":\"https:\/\/progettotouring.it\/radiotouring104\/?s={search_term_string}\"},\"query-input\":{\"@type\":\"PropertyValueSpecification\",\"valueRequired\":true,\"valueName\":\"search_term_string\"}}],\"inLanguage\":\"it-IT\"},{\"@type\":\"Organization\",\"@id\":\"https:\/\/progettotouring.it\/radiotouring104\/#organization\",\"name\":\"Radio Touring 104\",\"url\":\"https:\/\/progettotouring.it\/radiotouring104\/\",\"logo\":{\"@type\":\"ImageObject\",\"inLanguage\":\"it-IT\",\"@id\":\"https:\/\/progettotouring.it\/radiotouring104\/#\/schema\/logo\/image\/\",\"url\":\"https:\/\/progettotouring.it\/radiotouring104\/wp-content\/uploads\/sites\/6\/2022\/02\/cropped-logo-radio-touring-104.png\",\"contentUrl\":\"https:\/\/progettotouring.it\/radiotouring104\/wp-content\/uploads\/sites\/6\/2022\/02\/cropped-logo-radio-touring-104.png\",\"width\":377,\"height\":182,\"caption\":\"Radio Touring 104\"},\"image\":{\"@id\":\"https:\/\/progettotouring.it\/radiotouring104\/#\/schema\/logo\/image\/\"}},{\"@type\":\"Person\",\"@id\":\"https:\/\/progettotouring.it\/radiotouring104\/#\/schema\/person\/1b3eb3c07c47136bc44c785c543e635f\",\"name\":\"redazione\",\"image\":{\"@type\":\"ImageObject\",\"inLanguage\":\"it-IT\",\"@id\":\"https:\/\/secure.gravatar.com\/avatar\/0b31605b49f100769e8b624b3e05de1b73e1692e9568a352f60f53fd072e6e11?s=96&d=mm&r=g\",\"url\":\"https:\/\/secure.gravatar.com\/avatar\/0b31605b49f100769e8b624b3e05de1b73e1692e9568a352f60f53fd072e6e11?s=96&d=mm&r=g\",\"contentUrl\":\"https:\/\/secure.gravatar.com\/avatar\/0b31605b49f100769e8b624b3e05de1b73e1692e9568a352f60f53fd072e6e11?s=96&d=mm&r=g\",\"caption\":\"redazione\"},\"url\":\"https:\/\/progettotouring.it\/radiotouring104\/author\/redazione\/\"}]}<\/script>\n<!-- \/ Yoast SEO plugin. -->","yoast_head_json":{"title":"Reggini morti in un incidente a Piacenza: cordoglio del Comune","description":"\"Una tragedia che lascia attonita la nostra comunit\u00e0\", le parole di cordoglio congiunte del Sindaco Falcomat\u00e0 e della Consigliera Ranieri","robots":{"index":"index","follow":"follow","max-snippet":"max-snippet:-1","max-image-preview":"max-image-preview:large","max-video-preview":"max-video-preview:-1"},"canonical":"https:\/\/progettotouring.it\/radiotouring104\/2025\/10\/23\/il-cordoglio-dellamministrazione-per-la-tragica-scomparsa-dei-due-archeologi-reggini-in-un-incidente-stradale-a-piacenza\/","og_locale":"it_IT","og_type":"article","og_title":"Reggini morti in un incidente a Piacenza: cordoglio del Comune","og_description":"\"Una tragedia che lascia attonita la nostra comunit\u00e0\", le parole di cordoglio congiunte del Sindaco Falcomat\u00e0 e della Consigliera Ranieri","og_url":"https:\/\/progettotouring.it\/radiotouring104\/2025\/10\/23\/il-cordoglio-dellamministrazione-per-la-tragica-scomparsa-dei-due-archeologi-reggini-in-un-incidente-stradale-a-piacenza\/","og_site_name":"Radio Touring 104","article_published_time":"2025-10-23T08:01:08+00:00","article_modified_time":"2025-10-23T09:58:01+00:00","og_image":[{"width":1920,"height":1080,"url":"https:\/\/progettotouring.it\/radiotouring104\/wp-content\/uploads\/sites\/6\/2025\/04\/lutto.jpg","type":"image\/jpeg"}],"author":"redazione","twitter_card":"summary_large_image","twitter_misc":{"Scritto da":"redazione","Tempo di lettura stimato":"1 minuto"},"schema":{"@context":"https:\/\/schema.org","@graph":[{"@type":"Article","@id":"https:\/\/progettotouring.it\/radiotouring104\/2025\/10\/23\/il-cordoglio-dellamministrazione-per-la-tragica-scomparsa-dei-due-archeologi-reggini-in-un-incidente-stradale-a-piacenza\/#article","isPartOf":{"@id":"https:\/\/progettotouring.it\/radiotouring104\/2025\/10\/23\/il-cordoglio-dellamministrazione-per-la-tragica-scomparsa-dei-due-archeologi-reggini-in-un-incidente-stradale-a-piacenza\/"},"author":{"name":"redazione","@id":"https:\/\/progettotouring.it\/radiotouring104\/#\/schema\/person\/1b3eb3c07c47136bc44c785c543e635f"},"headline":"Il cordoglio dell&#8217;Amministrazione per la tragica scomparsa dei due archeologi reggini in un incidente stradale a Piacenza","datePublished":"2025-10-23T08:01:08+00:00","dateModified":"2025-10-23T09:58:01+00:00","mainEntityOfPage":{"@id":"https:\/\/progettotouring.it\/radiotouring104\/2025\/10\/23\/il-cordoglio-dellamministrazione-per-la-tragica-scomparsa-dei-due-archeologi-reggini-in-un-incidente-stradale-a-piacenza\/"},"wordCount":227,"publisher":{"@id":"https:\/\/progettotouring.it\/radiotouring104\/#organization"},"image":{"@id":"https:\/\/progettotouring.it\/radiotouring104\/2025\/10\/23\/il-cordoglio-dellamministrazione-per-la-tragica-scomparsa-dei-due-archeologi-reggini-in-un-incidente-stradale-a-piacenza\/#primaryimage"},"thumbnailUrl":"https:\/\/progettotouring.it\/radiotouring104\/wp-content\/uploads\/sites\/6\/2025\/04\/lutto.jpg","keywords":["amministrazione comunale di reggio","Giuseppe Falcomat\u00e0","incidente stradale a Piacenza","Maria Ranieri","morti due giovani archeologi reggini","tragedia che lascia attonita la nostra comunit\u00e0"],"articleSection":["Home","News","Reggio Calabria"],"inLanguage":"it-IT"},{"@type":"WebPage","@id":"https:\/\/progettotouring.it\/radiotouring104\/2025\/10\/23\/il-cordoglio-dellamministrazione-per-la-tragica-scomparsa-dei-due-archeologi-reggini-in-un-incidente-stradale-a-piacenza\/","url":"https:\/\/progettotouring.it\/radiotouring104\/2025\/10\/23\/il-cordoglio-dellamministrazione-per-la-tragica-scomparsa-dei-due-archeologi-reggini-in-un-incidente-stradale-a-piacenza\/","name":"Reggini morti in un incidente a Piacenza: cordoglio del Comune","isPartOf":{"@id":"https:\/\/progettotouring.it\/radiotouring104\/#website"},"primaryImageOfPage":{"@id":"https:\/\/progettotouring.it\/radiotouring104\/2025\/10\/23\/il-cordoglio-dellamministrazione-per-la-tragica-scomparsa-dei-due-archeologi-reggini-in-un-incidente-stradale-a-piacenza\/#primaryimage"},"image":{"@id":"https:\/\/progettotouring.it\/radiotouring104\/2025\/10\/23\/il-cordoglio-dellamministrazione-per-la-tragica-scomparsa-dei-due-archeologi-reggini-in-un-incidente-stradale-a-piacenza\/#primaryimage"},"thumbnailUrl":"https:\/\/progettotouring.it\/radiotouring104\/wp-content\/uploads\/sites\/6\/2025\/04\/lutto.jpg","datePublished":"2025-10-23T08:01:08+00:00","dateModified":"2025-10-23T09:58:01+00:00","description":"\"Una tragedia che lascia attonita la nostra comunit\u00e0\", le parole di cordoglio congiunte del Sindaco Falcomat\u00e0 e della Consigliera Ranieri","breadcrumb":{"@id":"https:\/\/progettotouring.it\/radiotouring104\/2025\/10\/23\/il-cordoglio-dellamministrazione-per-la-tragica-scomparsa-dei-due-archeologi-reggini-in-un-incidente-stradale-a-piacenza\/#breadcrumb"},"inLanguage":"it-IT","potentialAction":[{"@type":"ReadAction","target":["https:\/\/progettotouring.it\/radiotouring104\/2025\/10\/23\/il-cordoglio-dellamministrazione-per-la-tragica-scomparsa-dei-due-archeologi-reggini-in-un-incidente-stradale-a-piacenza\/"]}]},{"@type":"ImageObject","inLanguage":"it-IT","@id":"https:\/\/progettotouring.it\/radiotouring104\/2025\/10\/23\/il-cordoglio-dellamministrazione-per-la-tragica-scomparsa-dei-due-archeologi-reggini-in-un-incidente-stradale-a-piacenza\/#primaryimage","url":"https:\/\/progettotouring.it\/radiotouring104\/wp-content\/uploads\/sites\/6\/2025\/04\/lutto.jpg","contentUrl":"https:\/\/progettotouring.it\/radiotouring104\/wp-content\/uploads\/sites\/6\/2025\/04\/lutto.jpg","width":1920,"height":1080},{"@type":"BreadcrumbList","@id":"https:\/\/progettotouring.it\/radiotouring104\/2025\/10\/23\/il-cordoglio-dellamministrazione-per-la-tragica-scomparsa-dei-due-archeologi-reggini-in-un-incidente-stradale-a-piacenza\/#breadcrumb","itemListElement":[{"@type":"ListItem","position":1,"name":"Home","item":"https:\/\/progettotouring.it\/radiotouring104\/"},{"@type":"ListItem","position":2,"name":"Il cordoglio dell&#8217;Amministrazione per la tragica scomparsa dei due archeologi reggini in un incidente stradale a Piacenza"}]},{"@type":"WebSite","@id":"https:\/\/progettotouring.it\/radiotouring104\/#website","url":"https:\/\/progettotouring.it\/radiotouring104\/","name":"Radio Touring 104","description":"La prima radio Reggina","publisher":{"@id":"https:\/\/progettotouring.it\/radiotouring104\/#organization"},"potentialAction":[{"@type":"SearchAction","target":{"@type":"EntryPoint","urlTemplate":"https:\/\/progettotouring.it\/radiotouring104\/?s={search_term_string}"},"query-input":{"@type":"PropertyValueSpecification","valueRequired":true,"valueName":"search_term_string"}}],"inLanguage":"it-IT"},{"@type":"Organization","@id":"https:\/\/progettotouring.it\/radiotouring104\/#organization","name":"Radio Touring 104","url":"https:\/\/progettotouring.it\/radiotouring104\/","logo":{"@type":"ImageObject","inLanguage":"it-IT","@id":"https:\/\/progettotouring.it\/radiotouring104\/#\/schema\/logo\/image\/","url":"https:\/\/progettotouring.it\/radiotouring104\/wp-content\/uploads\/sites\/6\/2022\/02\/cropped-logo-radio-touring-104.png","contentUrl":"https:\/\/progettotouring.it\/radiotouring104\/wp-content\/uploads\/sites\/6\/2022\/02\/cropped-logo-radio-touring-104.png","width":377,"height":182,"caption":"Radio Touring 104"},"image":{"@id":"https:\/\/progettotouring.it\/radiotouring104\/#\/schema\/logo\/image\/"}},{"@type":"Person","@id":"https:\/\/progettotouring.it\/radiotouring104\/#\/schema\/person\/1b3eb3c07c47136bc44c785c543e635f","name":"redazione","image":{"@type":"ImageObject","inLanguage":"it-IT","@id":"https:\/\/secure.gravatar.com\/avatar\/0b31605b49f100769e8b624b3e05de1b73e1692e9568a352f60f53fd072e6e11?s=96&d=mm&r=g","url":"https:\/\/secure.gravatar.com\/avatar\/0b31605b49f100769e8b624b3e05de1b73e1692e9568a352f60f53fd072e6e11?s=96&d=mm&r=g","contentUrl":"https:\/\/secure.gravatar.com\/avatar\/0b31605b49f100769e8b624b3e05de1b73e1692e9568a352f60f53fd072e6e11?s=96&d=mm&r=g","caption":"redazione"},"url":"https:\/\/progettotouring.it\/radiotouring104\/author\/redazione\/"}]}},"jetpack_publicize_connections":[],"jetpack_featured_media_url":"https:\/\/progettotouring.it\/radiotouring104\/wp-content\/uploads\/sites\/6\/2025\/04\/lutto.jpg","jetpack_sharing_enabled":true,"_links":{"self":[{"href":"https:\/\/progettotouring.it\/radiotouring104\/wp-json\/wp\/v2\/posts\/84509","targetHints":{"allow":["GET"]}}],"collection":[{"href":"https:\/\/progettotouring.it\/radiotouring104\/wp-json\/wp\/v2\/posts"}],"about":[{"href":"https:\/\/progettotouring.it\/radiotouring104\/wp-json\/wp\/v2\/types\/post"}],"author":[{"embeddable":true,"href":"https:\/\/progettotouring.it\/radiotouring104\/wp-json\/wp\/v2\/users\/5"}],"replies":[{"embeddable":true,"href":"https:\/\/progettotouring.it\/radiotouring104\/wp-json\/wp\/v2\/comments?post=84509"}],"version-history":[{"count":1,"href":"https:\/\/progettotouring.it\/radiotouring104\/wp-json\/wp\/v2\/posts\/84509\/revisions"}],"predecessor-version":[{"id":84510,"href":"https:\/\/progettotouring.it\/radiotouring104\/wp-json\/wp\/v2\/posts\/84509\/revisions\/84510"}],"wp:featuredmedia":[{"embeddable":true,"href":"https:\/\/progettotouring.it\/radiotouring104\/wp-json\/wp\/v2\/media\/72013"}],"wp:attachment":[{"href":"https:\/\/progettotouring.it\/radiotouring104\/wp-json\/wp\/v2\/media?parent=84509"}],"wp:term":[{"taxonomy":"category","embeddable":true,"href":"https:\/\/progettotouring.it\/radiotouring104\/wp-json\/wp\/v2\/categories?post=84509"},{"taxonomy":"post_tag","embeddable":true,"href":"https:\/\/progettotouring.it\/radiotouring104\/wp-json\/wp\/v2\/tags?post=84509"}],"curies":[{"name":"wp","href":"https:\/\/api.w.org\/{rel}","templated":true}]}}