{"id":84513,"date":"2025-10-23T10:35:20","date_gmt":"2025-10-23T08:35:20","guid":{"rendered":"https:\/\/progettotouring.it\/radiotouring104\/?p=84513"},"modified":"2025-10-23T11:57:56","modified_gmt":"2025-10-23T09:57:56","slug":"reggio-falcomata-interviene-al-panel-voci-dai-conflitti-della-settimana-della-mediazione","status":"publish","type":"post","link":"https:\/\/progettotouring.it\/radiotouring104\/2025\/10\/23\/reggio-falcomata-interviene-al-panel-voci-dai-conflitti-della-settimana-della-mediazione\/","title":{"rendered":"Reggio: Falcomat\u00e0 interviene al panel \u201cVoci dai conflitti\u201d della Settimana della mediazione"},"content":{"rendered":"<p dir=\"ltr\">Il sindaco Giuseppe Falcomat\u00e0 \u00e8 intervenuto nel corso della \u201cquattro giorni\u201d di alta formazione per avvocati \u201cLa settima della mediazione\u201d, organizzata da Digies Universit\u00e0 Mediterranea Ismed \u2013 AdrmedLab per promuovere il dialogo tra i popoli.<\/p>\n<p dir=\"ltr\">Il contributo del primo cittadino si \u00e8 inserito nel panel dedicato alle \u201cvoci dai conflitti\u201d, un momento in cui Francesca Chirico, nella sala dei lampadari \u201cItalo Falcomat\u00e0\u201d di Palazzo San Giorgio, si \u00e8 confrontata con l\u2019avvocato e docente di criminologia Patrizia Morello e con il reporter del Corriere della Sera, Lorenzo Cremonesi, testimone diretto, dai territori di guerra, di alcuni dei pi\u00f9 importanti eventi storici mondiali. A coronamento dell\u2019evento, al quale ha preso parte anche il Consigliere comunale reggino Giovanni Latella, si \u00e8 tenuta nella Galleria di Palazzo San Giorgio l\u2019inaugurazione della mostra fotografica di Fadi A. Thabet che rappresenta un percorso visivo, potente e poetico, sulle macerie di Gaza.<\/p>\n<p dir=\"ltr\">\u00abQuando si parla di mediazione \u2013 ha detto il sindaco Falcomat\u00e0 &#8211; non possiamo non fare riferimento ai conflitti che, oggi, sconvolgono il mondo e che rappresentano gli ultimi rigurgiti di un XX secolo che, come un animale ferito, prova, attraverso le armi, ad affermare la sua esistenza\u00bb. Ripercorrendo il \u201csecolo breve\u201d rappresentato da Eric J. Hobsbawm, Falcomat\u00e0 ha sottolineato come, nel \u2018900, \u00abl\u2019unica risposta alle divisioni fra le nazioni era la guerra\u00bb. Ovvero: \u00abDelimitare i confini e alzare i muri\u00bb.<\/p>\n<p dir=\"ltr\">\u00abPer\u00f2 &#8211; ha ribadito &#8211; accanto a questo vediamo anche la reazione dei popoli. La Striscia di Gaza \u00e8 sempre pi\u00f9 una falda, una crepa dalla quale stanno nascendo nuovi fermenti e rinnovate coscienze. La mobilitazione spontanea di tanti giovani, di tanti ragazzi, di tanti studenti, la reazione consapevole al genocidio che sta avvenendo in Palestina, \u00e8 una visione chiara e diversa del mondo che si sta costruendo. E&#8217; una risposta, soprattutto, a chi dice che i giovani rimangono a casa, non si interessano o non si mobilitano. Rispetto a questo, naturalmente, la mediazione svolge un ruolo fondamentale tra due realt\u00e0 convinte di avere ragione\u00bb.<\/p>\n<p dir=\"ltr\">\u00abEcco \u2013 ha affermato Giuseppe Falcomat\u00e0 \u2013 bisogna sempre provare a mettersi nei panni dell&#8217;altro per provare a capire ogni punto di vista. E questo deve essere il ruolo determinante della politica che \u00e8 e deve essere, per antonomasia, l\u2019arte della mediazione\u00bb. Ritornando sulla crisi mediorientale, il sindaco Falcomat\u00e0 ha fortemente sostenuto che \u00abnon pu\u00f2 esistere una pace calata dall&#8217;alto\u00bb. \u00abPerch\u00e9 \u2013 ha specificato in chiusura &#8211; \u00e8 una pace forzata che non affonda le radici nella necessit\u00e0 di comprendere le ragioni di ognuno, di mettersi nei panni dell&#8217;altro per raggiungere un punto di incontro\u00bb.<\/p>\n<p dir=\"ltr\">In conclusione, Giuseppe Falcomat\u00e0 si \u00e8 detto orgoglioso del fatto che Palazzo San Giorgio \u00absia tornato ad essere non soltanto una casa di vetro, ma la casa di tutti i reggini che, quotidianamente, qui si incontrano, discutono, organizzano eventi, dibattiti, presentazioni di libri e mostre\u00bb. \u00abQuesta \u2013 ha concluso &#8211; \u00e8 una cosa che inevitabilmente avvicina i cittadini, i ragazzi, i giovani, gli studenti ai palazzi istituzionali e fa davvero sentire la dimora comunale come una dimora di tutti per costruire una citt\u00e0 in cui l&#8217;amministrazione municipale \u00e8 effettivamente partecipata da chi a Reggio ci vive, ci lavora ed immagina di poter costruire il proprio futuro\u00bb.<\/p>\n","protected":false},"excerpt":{"rendered":"<p>Il sindaco Giuseppe Falcomat\u00e0 \u00e8 intervenuto nel corso della \u201cquattro giorni\u201d di alta formazione per avvocati \u201cLa settima della mediazione\u201d, organizzata da Digies Universit\u00e0 Mediterranea Ismed \u2013 AdrmedLab per promuovere&hellip;<\/p>\n","protected":false},"author":5,"featured_media":84514,"comment_status":"closed","ping_status":"open","sticky":false,"template":"","format":"standard","meta":{"_jetpack_memberships_contains_paid_content":false,"footnotes":"","jetpack_publicize_message":"","jetpack_publicize_feature_enabled":true,"jetpack_social_post_already_shared":true,"jetpack_social_options":{"image_generator_settings":{"template":"highway","default_image_id":0,"font":"","enabled":false},"version":2}},"categories":[921,196,140],"tags":[48557,48558,812,48559,48560,48556],"class_list":["post-84513","post","type-post","status-publish","format-standard","has-post-thumbnail","hentry","category-home","category-news","category-reggio-calabria","tag-4-giorni","tag-corso-per-avvocati","tag-giuseppe-falcomata","tag-panel-voci-dai-conflitti","tag-settimana-della-mediazione","tag-sindaco-giuseppe-falcomata"],"yoast_head":"<!-- This site is optimized with the Yoast SEO plugin v27.2 - https:\/\/yoast.com\/product\/yoast-seo-wordpress\/ -->\n<title>Reggio: Falcomat\u00e0 interviene al panel \u201cVoci dai conflitti\u201d<\/title>\n<meta name=\"description\" content=\"\u00a0\u00abSul Medioriente non pu\u00f2 esistere una pace calata dall\u2019alto\u00bb, ha dichiarato il Sindaco alla 4 giorni del corso organizzato dalla Mediterranea\" \/>\n<meta name=\"robots\" content=\"index, follow, max-snippet:-1, max-image-preview:large, max-video-preview:-1\" \/>\n<link rel=\"canonical\" href=\"https:\/\/progettotouring.it\/radiotouring104\/2025\/10\/23\/reggio-falcomata-interviene-al-panel-voci-dai-conflitti-della-settimana-della-mediazione\/\" \/>\n<meta property=\"og:locale\" content=\"it_IT\" \/>\n<meta property=\"og:type\" content=\"article\" \/>\n<meta property=\"og:title\" content=\"Reggio: Falcomat\u00e0 interviene al panel \u201cVoci dai conflitti\u201d\" \/>\n<meta property=\"og:description\" content=\"\u00a0\u00abSul Medioriente non pu\u00f2 esistere una pace calata dall\u2019alto\u00bb, ha dichiarato il Sindaco alla 4 giorni del corso organizzato dalla Mediterranea\" \/>\n<meta property=\"og:url\" content=\"https:\/\/progettotouring.it\/radiotouring104\/2025\/10\/23\/reggio-falcomata-interviene-al-panel-voci-dai-conflitti-della-settimana-della-mediazione\/\" \/>\n<meta property=\"og:site_name\" content=\"Radio Touring 104\" \/>\n<meta property=\"article:published_time\" content=\"2025-10-23T08:35:20+00:00\" \/>\n<meta property=\"article:modified_time\" content=\"2025-10-23T09:57:56+00:00\" \/>\n<meta property=\"og:image\" content=\"https:\/\/progettotouring.it\/radiotouring104\/wp-content\/uploads\/sites\/6\/2025\/10\/settimana-mediazione-conflitti-Mediterranea-Falcomata.jpeg\" \/>\n\t<meta property=\"og:image:width\" content=\"1600\" \/>\n\t<meta property=\"og:image:height\" content=\"900\" \/>\n\t<meta property=\"og:image:type\" content=\"image\/jpeg\" \/>\n<meta name=\"author\" content=\"redazione\" \/>\n<meta name=\"twitter:card\" content=\"summary_large_image\" \/>\n<meta name=\"twitter:label1\" content=\"Scritto da\" \/>\n\t<meta name=\"twitter:data1\" content=\"redazione\" \/>\n\t<meta name=\"twitter:label2\" content=\"Tempo di lettura stimato\" \/>\n\t<meta name=\"twitter:data2\" content=\"3 minuti\" \/>\n<script type=\"application\/ld+json\" class=\"yoast-schema-graph\">{\"@context\":\"https:\/\/schema.org\",\"@graph\":[{\"@type\":\"Article\",\"@id\":\"https:\/\/progettotouring.it\/radiotouring104\/2025\/10\/23\/reggio-falcomata-interviene-al-panel-voci-dai-conflitti-della-settimana-della-mediazione\/#article\",\"isPartOf\":{\"@id\":\"https:\/\/progettotouring.it\/radiotouring104\/2025\/10\/23\/reggio-falcomata-interviene-al-panel-voci-dai-conflitti-della-settimana-della-mediazione\/\"},\"author\":{\"name\":\"redazione\",\"@id\":\"https:\/\/progettotouring.it\/radiotouring104\/#\/schema\/person\/1b3eb3c07c47136bc44c785c543e635f\"},\"headline\":\"Reggio: Falcomat\u00e0 interviene al panel \u201cVoci dai conflitti\u201d della Settimana della mediazione\",\"datePublished\":\"2025-10-23T08:35:20+00:00\",\"dateModified\":\"2025-10-23T09:57:56+00:00\",\"mainEntityOfPage\":{\"@id\":\"https:\/\/progettotouring.it\/radiotouring104\/2025\/10\/23\/reggio-falcomata-interviene-al-panel-voci-dai-conflitti-della-settimana-della-mediazione\/\"},\"wordCount\":531,\"publisher\":{\"@id\":\"https:\/\/progettotouring.it\/radiotouring104\/#organization\"},\"image\":{\"@id\":\"https:\/\/progettotouring.it\/radiotouring104\/2025\/10\/23\/reggio-falcomata-interviene-al-panel-voci-dai-conflitti-della-settimana-della-mediazione\/#primaryimage\"},\"thumbnailUrl\":\"https:\/\/progettotouring.it\/radiotouring104\/wp-content\/uploads\/sites\/6\/2025\/10\/settimana-mediazione-conflitti-Mediterranea-Falcomata.jpeg\",\"keywords\":[\"4 giorni\",\"corso per avvocati\",\"Giuseppe Falcomat\u00e0\",\"panel \u201cVoci dai conflitti\u201d\",\"settimana della mediazione\",\"sindaco Giuseppe Falcomat\u00e0\"],\"articleSection\":[\"Home\",\"News\",\"Reggio Calabria\"],\"inLanguage\":\"it-IT\"},{\"@type\":\"WebPage\",\"@id\":\"https:\/\/progettotouring.it\/radiotouring104\/2025\/10\/23\/reggio-falcomata-interviene-al-panel-voci-dai-conflitti-della-settimana-della-mediazione\/\",\"url\":\"https:\/\/progettotouring.it\/radiotouring104\/2025\/10\/23\/reggio-falcomata-interviene-al-panel-voci-dai-conflitti-della-settimana-della-mediazione\/\",\"name\":\"Reggio: Falcomat\u00e0 interviene al panel \u201cVoci dai conflitti\u201d\",\"isPartOf\":{\"@id\":\"https:\/\/progettotouring.it\/radiotouring104\/#website\"},\"primaryImageOfPage\":{\"@id\":\"https:\/\/progettotouring.it\/radiotouring104\/2025\/10\/23\/reggio-falcomata-interviene-al-panel-voci-dai-conflitti-della-settimana-della-mediazione\/#primaryimage\"},\"image\":{\"@id\":\"https:\/\/progettotouring.it\/radiotouring104\/2025\/10\/23\/reggio-falcomata-interviene-al-panel-voci-dai-conflitti-della-settimana-della-mediazione\/#primaryimage\"},\"thumbnailUrl\":\"https:\/\/progettotouring.it\/radiotouring104\/wp-content\/uploads\/sites\/6\/2025\/10\/settimana-mediazione-conflitti-Mediterranea-Falcomata.jpeg\",\"datePublished\":\"2025-10-23T08:35:20+00:00\",\"dateModified\":\"2025-10-23T09:57:56+00:00\",\"description\":\"\u00a0\u00abSul Medioriente non pu\u00f2 esistere una pace calata dall\u2019alto\u00bb, ha dichiarato il Sindaco alla 4 giorni del corso organizzato dalla Mediterranea\",\"breadcrumb\":{\"@id\":\"https:\/\/progettotouring.it\/radiotouring104\/2025\/10\/23\/reggio-falcomata-interviene-al-panel-voci-dai-conflitti-della-settimana-della-mediazione\/#breadcrumb\"},\"inLanguage\":\"it-IT\",\"potentialAction\":[{\"@type\":\"ReadAction\",\"target\":[\"https:\/\/progettotouring.it\/radiotouring104\/2025\/10\/23\/reggio-falcomata-interviene-al-panel-voci-dai-conflitti-della-settimana-della-mediazione\/\"]}]},{\"@type\":\"ImageObject\",\"inLanguage\":\"it-IT\",\"@id\":\"https:\/\/progettotouring.it\/radiotouring104\/2025\/10\/23\/reggio-falcomata-interviene-al-panel-voci-dai-conflitti-della-settimana-della-mediazione\/#primaryimage\",\"url\":\"https:\/\/progettotouring.it\/radiotouring104\/wp-content\/uploads\/sites\/6\/2025\/10\/settimana-mediazione-conflitti-Mediterranea-Falcomata.jpeg\",\"contentUrl\":\"https:\/\/progettotouring.it\/radiotouring104\/wp-content\/uploads\/sites\/6\/2025\/10\/settimana-mediazione-conflitti-Mediterranea-Falcomata.jpeg\",\"width\":1600,\"height\":900},{\"@type\":\"BreadcrumbList\",\"@id\":\"https:\/\/progettotouring.it\/radiotouring104\/2025\/10\/23\/reggio-falcomata-interviene-al-panel-voci-dai-conflitti-della-settimana-della-mediazione\/#breadcrumb\",\"itemListElement\":[{\"@type\":\"ListItem\",\"position\":1,\"name\":\"Home\",\"item\":\"https:\/\/progettotouring.it\/radiotouring104\/\"},{\"@type\":\"ListItem\",\"position\":2,\"name\":\"Reggio: Falcomat\u00e0 interviene al panel \u201cVoci dai conflitti\u201d della Settimana della mediazione\"}]},{\"@type\":\"WebSite\",\"@id\":\"https:\/\/progettotouring.it\/radiotouring104\/#website\",\"url\":\"https:\/\/progettotouring.it\/radiotouring104\/\",\"name\":\"Radio Touring 104\",\"description\":\"La prima radio Reggina\",\"publisher\":{\"@id\":\"https:\/\/progettotouring.it\/radiotouring104\/#organization\"},\"potentialAction\":[{\"@type\":\"SearchAction\",\"target\":{\"@type\":\"EntryPoint\",\"urlTemplate\":\"https:\/\/progettotouring.it\/radiotouring104\/?s={search_term_string}\"},\"query-input\":{\"@type\":\"PropertyValueSpecification\",\"valueRequired\":true,\"valueName\":\"search_term_string\"}}],\"inLanguage\":\"it-IT\"},{\"@type\":\"Organization\",\"@id\":\"https:\/\/progettotouring.it\/radiotouring104\/#organization\",\"name\":\"Radio Touring 104\",\"url\":\"https:\/\/progettotouring.it\/radiotouring104\/\",\"logo\":{\"@type\":\"ImageObject\",\"inLanguage\":\"it-IT\",\"@id\":\"https:\/\/progettotouring.it\/radiotouring104\/#\/schema\/logo\/image\/\",\"url\":\"https:\/\/progettotouring.it\/radiotouring104\/wp-content\/uploads\/sites\/6\/2022\/02\/cropped-logo-radio-touring-104.png\",\"contentUrl\":\"https:\/\/progettotouring.it\/radiotouring104\/wp-content\/uploads\/sites\/6\/2022\/02\/cropped-logo-radio-touring-104.png\",\"width\":377,\"height\":182,\"caption\":\"Radio Touring 104\"},\"image\":{\"@id\":\"https:\/\/progettotouring.it\/radiotouring104\/#\/schema\/logo\/image\/\"}},{\"@type\":\"Person\",\"@id\":\"https:\/\/progettotouring.it\/radiotouring104\/#\/schema\/person\/1b3eb3c07c47136bc44c785c543e635f\",\"name\":\"redazione\",\"image\":{\"@type\":\"ImageObject\",\"inLanguage\":\"it-IT\",\"@id\":\"https:\/\/secure.gravatar.com\/avatar\/0b31605b49f100769e8b624b3e05de1b73e1692e9568a352f60f53fd072e6e11?s=96&d=mm&r=g\",\"url\":\"https:\/\/secure.gravatar.com\/avatar\/0b31605b49f100769e8b624b3e05de1b73e1692e9568a352f60f53fd072e6e11?s=96&d=mm&r=g\",\"contentUrl\":\"https:\/\/secure.gravatar.com\/avatar\/0b31605b49f100769e8b624b3e05de1b73e1692e9568a352f60f53fd072e6e11?s=96&d=mm&r=g\",\"caption\":\"redazione\"},\"url\":\"https:\/\/progettotouring.it\/radiotouring104\/author\/redazione\/\"}]}<\/script>\n<!-- \/ Yoast SEO plugin. -->","yoast_head_json":{"title":"Reggio: Falcomat\u00e0 interviene al panel \u201cVoci dai conflitti\u201d","description":"\u00a0\u00abSul Medioriente non pu\u00f2 esistere una pace calata dall\u2019alto\u00bb, ha dichiarato il Sindaco alla 4 giorni del corso organizzato dalla Mediterranea","robots":{"index":"index","follow":"follow","max-snippet":"max-snippet:-1","max-image-preview":"max-image-preview:large","max-video-preview":"max-video-preview:-1"},"canonical":"https:\/\/progettotouring.it\/radiotouring104\/2025\/10\/23\/reggio-falcomata-interviene-al-panel-voci-dai-conflitti-della-settimana-della-mediazione\/","og_locale":"it_IT","og_type":"article","og_title":"Reggio: Falcomat\u00e0 interviene al panel \u201cVoci dai conflitti\u201d","og_description":"\u00a0\u00abSul Medioriente non pu\u00f2 esistere una pace calata dall\u2019alto\u00bb, ha dichiarato il Sindaco alla 4 giorni del corso organizzato dalla Mediterranea","og_url":"https:\/\/progettotouring.it\/radiotouring104\/2025\/10\/23\/reggio-falcomata-interviene-al-panel-voci-dai-conflitti-della-settimana-della-mediazione\/","og_site_name":"Radio Touring 104","article_published_time":"2025-10-23T08:35:20+00:00","article_modified_time":"2025-10-23T09:57:56+00:00","og_image":[{"width":1600,"height":900,"url":"https:\/\/progettotouring.it\/radiotouring104\/wp-content\/uploads\/sites\/6\/2025\/10\/settimana-mediazione-conflitti-Mediterranea-Falcomata.jpeg","type":"image\/jpeg"}],"author":"redazione","twitter_card":"summary_large_image","twitter_misc":{"Scritto da":"redazione","Tempo di lettura stimato":"3 minuti"},"schema":{"@context":"https:\/\/schema.org","@graph":[{"@type":"Article","@id":"https:\/\/progettotouring.it\/radiotouring104\/2025\/10\/23\/reggio-falcomata-interviene-al-panel-voci-dai-conflitti-della-settimana-della-mediazione\/#article","isPartOf":{"@id":"https:\/\/progettotouring.it\/radiotouring104\/2025\/10\/23\/reggio-falcomata-interviene-al-panel-voci-dai-conflitti-della-settimana-della-mediazione\/"},"author":{"name":"redazione","@id":"https:\/\/progettotouring.it\/radiotouring104\/#\/schema\/person\/1b3eb3c07c47136bc44c785c543e635f"},"headline":"Reggio: Falcomat\u00e0 interviene al panel \u201cVoci dai conflitti\u201d della Settimana della mediazione","datePublished":"2025-10-23T08:35:20+00:00","dateModified":"2025-10-23T09:57:56+00:00","mainEntityOfPage":{"@id":"https:\/\/progettotouring.it\/radiotouring104\/2025\/10\/23\/reggio-falcomata-interviene-al-panel-voci-dai-conflitti-della-settimana-della-mediazione\/"},"wordCount":531,"publisher":{"@id":"https:\/\/progettotouring.it\/radiotouring104\/#organization"},"image":{"@id":"https:\/\/progettotouring.it\/radiotouring104\/2025\/10\/23\/reggio-falcomata-interviene-al-panel-voci-dai-conflitti-della-settimana-della-mediazione\/#primaryimage"},"thumbnailUrl":"https:\/\/progettotouring.it\/radiotouring104\/wp-content\/uploads\/sites\/6\/2025\/10\/settimana-mediazione-conflitti-Mediterranea-Falcomata.jpeg","keywords":["4 giorni","corso per avvocati","Giuseppe Falcomat\u00e0","panel \u201cVoci dai conflitti\u201d","settimana della mediazione","sindaco Giuseppe Falcomat\u00e0"],"articleSection":["Home","News","Reggio Calabria"],"inLanguage":"it-IT"},{"@type":"WebPage","@id":"https:\/\/progettotouring.it\/radiotouring104\/2025\/10\/23\/reggio-falcomata-interviene-al-panel-voci-dai-conflitti-della-settimana-della-mediazione\/","url":"https:\/\/progettotouring.it\/radiotouring104\/2025\/10\/23\/reggio-falcomata-interviene-al-panel-voci-dai-conflitti-della-settimana-della-mediazione\/","name":"Reggio: Falcomat\u00e0 interviene al panel \u201cVoci dai conflitti\u201d","isPartOf":{"@id":"https:\/\/progettotouring.it\/radiotouring104\/#website"},"primaryImageOfPage":{"@id":"https:\/\/progettotouring.it\/radiotouring104\/2025\/10\/23\/reggio-falcomata-interviene-al-panel-voci-dai-conflitti-della-settimana-della-mediazione\/#primaryimage"},"image":{"@id":"https:\/\/progettotouring.it\/radiotouring104\/2025\/10\/23\/reggio-falcomata-interviene-al-panel-voci-dai-conflitti-della-settimana-della-mediazione\/#primaryimage"},"thumbnailUrl":"https:\/\/progettotouring.it\/radiotouring104\/wp-content\/uploads\/sites\/6\/2025\/10\/settimana-mediazione-conflitti-Mediterranea-Falcomata.jpeg","datePublished":"2025-10-23T08:35:20+00:00","dateModified":"2025-10-23T09:57:56+00:00","description":"\u00a0\u00abSul Medioriente non pu\u00f2 esistere una pace calata dall\u2019alto\u00bb, ha dichiarato il Sindaco alla 4 giorni del corso organizzato dalla Mediterranea","breadcrumb":{"@id":"https:\/\/progettotouring.it\/radiotouring104\/2025\/10\/23\/reggio-falcomata-interviene-al-panel-voci-dai-conflitti-della-settimana-della-mediazione\/#breadcrumb"},"inLanguage":"it-IT","potentialAction":[{"@type":"ReadAction","target":["https:\/\/progettotouring.it\/radiotouring104\/2025\/10\/23\/reggio-falcomata-interviene-al-panel-voci-dai-conflitti-della-settimana-della-mediazione\/"]}]},{"@type":"ImageObject","inLanguage":"it-IT","@id":"https:\/\/progettotouring.it\/radiotouring104\/2025\/10\/23\/reggio-falcomata-interviene-al-panel-voci-dai-conflitti-della-settimana-della-mediazione\/#primaryimage","url":"https:\/\/progettotouring.it\/radiotouring104\/wp-content\/uploads\/sites\/6\/2025\/10\/settimana-mediazione-conflitti-Mediterranea-Falcomata.jpeg","contentUrl":"https:\/\/progettotouring.it\/radiotouring104\/wp-content\/uploads\/sites\/6\/2025\/10\/settimana-mediazione-conflitti-Mediterranea-Falcomata.jpeg","width":1600,"height":900},{"@type":"BreadcrumbList","@id":"https:\/\/progettotouring.it\/radiotouring104\/2025\/10\/23\/reggio-falcomata-interviene-al-panel-voci-dai-conflitti-della-settimana-della-mediazione\/#breadcrumb","itemListElement":[{"@type":"ListItem","position":1,"name":"Home","item":"https:\/\/progettotouring.it\/radiotouring104\/"},{"@type":"ListItem","position":2,"name":"Reggio: Falcomat\u00e0 interviene al panel \u201cVoci dai conflitti\u201d della Settimana della mediazione"}]},{"@type":"WebSite","@id":"https:\/\/progettotouring.it\/radiotouring104\/#website","url":"https:\/\/progettotouring.it\/radiotouring104\/","name":"Radio Touring 104","description":"La prima radio Reggina","publisher":{"@id":"https:\/\/progettotouring.it\/radiotouring104\/#organization"},"potentialAction":[{"@type":"SearchAction","target":{"@type":"EntryPoint","urlTemplate":"https:\/\/progettotouring.it\/radiotouring104\/?s={search_term_string}"},"query-input":{"@type":"PropertyValueSpecification","valueRequired":true,"valueName":"search_term_string"}}],"inLanguage":"it-IT"},{"@type":"Organization","@id":"https:\/\/progettotouring.it\/radiotouring104\/#organization","name":"Radio Touring 104","url":"https:\/\/progettotouring.it\/radiotouring104\/","logo":{"@type":"ImageObject","inLanguage":"it-IT","@id":"https:\/\/progettotouring.it\/radiotouring104\/#\/schema\/logo\/image\/","url":"https:\/\/progettotouring.it\/radiotouring104\/wp-content\/uploads\/sites\/6\/2022\/02\/cropped-logo-radio-touring-104.png","contentUrl":"https:\/\/progettotouring.it\/radiotouring104\/wp-content\/uploads\/sites\/6\/2022\/02\/cropped-logo-radio-touring-104.png","width":377,"height":182,"caption":"Radio Touring 104"},"image":{"@id":"https:\/\/progettotouring.it\/radiotouring104\/#\/schema\/logo\/image\/"}},{"@type":"Person","@id":"https:\/\/progettotouring.it\/radiotouring104\/#\/schema\/person\/1b3eb3c07c47136bc44c785c543e635f","name":"redazione","image":{"@type":"ImageObject","inLanguage":"it-IT","@id":"https:\/\/secure.gravatar.com\/avatar\/0b31605b49f100769e8b624b3e05de1b73e1692e9568a352f60f53fd072e6e11?s=96&d=mm&r=g","url":"https:\/\/secure.gravatar.com\/avatar\/0b31605b49f100769e8b624b3e05de1b73e1692e9568a352f60f53fd072e6e11?s=96&d=mm&r=g","contentUrl":"https:\/\/secure.gravatar.com\/avatar\/0b31605b49f100769e8b624b3e05de1b73e1692e9568a352f60f53fd072e6e11?s=96&d=mm&r=g","caption":"redazione"},"url":"https:\/\/progettotouring.it\/radiotouring104\/author\/redazione\/"}]}},"jetpack_publicize_connections":[],"jetpack_featured_media_url":"https:\/\/progettotouring.it\/radiotouring104\/wp-content\/uploads\/sites\/6\/2025\/10\/settimana-mediazione-conflitti-Mediterranea-Falcomata.jpeg","jetpack_sharing_enabled":true,"_links":{"self":[{"href":"https:\/\/progettotouring.it\/radiotouring104\/wp-json\/wp\/v2\/posts\/84513","targetHints":{"allow":["GET"]}}],"collection":[{"href":"https:\/\/progettotouring.it\/radiotouring104\/wp-json\/wp\/v2\/posts"}],"about":[{"href":"https:\/\/progettotouring.it\/radiotouring104\/wp-json\/wp\/v2\/types\/post"}],"author":[{"embeddable":true,"href":"https:\/\/progettotouring.it\/radiotouring104\/wp-json\/wp\/v2\/users\/5"}],"replies":[{"embeddable":true,"href":"https:\/\/progettotouring.it\/radiotouring104\/wp-json\/wp\/v2\/comments?post=84513"}],"version-history":[{"count":1,"href":"https:\/\/progettotouring.it\/radiotouring104\/wp-json\/wp\/v2\/posts\/84513\/revisions"}],"predecessor-version":[{"id":84515,"href":"https:\/\/progettotouring.it\/radiotouring104\/wp-json\/wp\/v2\/posts\/84513\/revisions\/84515"}],"wp:featuredmedia":[{"embeddable":true,"href":"https:\/\/progettotouring.it\/radiotouring104\/wp-json\/wp\/v2\/media\/84514"}],"wp:attachment":[{"href":"https:\/\/progettotouring.it\/radiotouring104\/wp-json\/wp\/v2\/media?parent=84513"}],"wp:term":[{"taxonomy":"category","embeddable":true,"href":"https:\/\/progettotouring.it\/radiotouring104\/wp-json\/wp\/v2\/categories?post=84513"},{"taxonomy":"post_tag","embeddable":true,"href":"https:\/\/progettotouring.it\/radiotouring104\/wp-json\/wp\/v2\/tags?post=84513"}],"curies":[{"name":"wp","href":"https:\/\/api.w.org\/{rel}","templated":true}]}}