{"id":84516,"date":"2025-10-23T10:45:16","date_gmt":"2025-10-23T08:45:16","guid":{"rendered":"https:\/\/progettotouring.it\/radiotouring104\/?p=84516"},"modified":"2025-10-23T11:57:43","modified_gmt":"2025-10-23T09:57:43","slug":"il-comune-di-reggio-aderisce-a-digitalize-progetto-europeo-per-il-turismo-digitale-e-sostenibile","status":"publish","type":"post","link":"https:\/\/progettotouring.it\/radiotouring104\/2025\/10\/23\/il-comune-di-reggio-aderisce-a-digitalize-progetto-europeo-per-il-turismo-digitale-e-sostenibile\/","title":{"rendered":"Il Comune di Reggio aderisce a &#8220;DIGITALIZE&#8221;, progetto europeo per il turismo digitale e sostenibile"},"content":{"rendered":"<p class=\"xmprfx_gmail-MsoBodyText\" align=\"justify\"><span style=\"font-size: large\">La Citt\u00e0 di Reggio Calabria, con la deliberazione di Giunta Comunale n. 125 dello 08\/06\/2023, ha aderito &#8211; in qualit\u00e0 di partner &#8211; alla candidatura della proposta progettuale DIGITALIZE relativa alla <i>call del Programma Interreg Europe 2021-2027<\/i><i>\u00a0&#8211;<\/i>\u00a0con capofila di Consorzio il Comune di H\u00e9v\u00edz \u00a0\u2013 Ungheria.<\/span><\/p>\n<p class=\"xmprfx_gmail-MsoBodyText\" align=\"justify\"><span style=\"font-size: large\">Con la deliberazione di Giunta Comunale n. 180 del 07\/10\/2024,\u00a0a seguito del processo di valutazione e approvazione della proposta progettuale,\u00a0\u00e8 stata\u00a0dunque\u00a0confermata l\u2019adesione all\u2019accordo di partenariato per l&#8217;implementazione del progetto DIGITALIZE.<\/span><\/p>\n<p class=\"xmprfx_gmail-MsoBodyText\" align=\"justify\"><span style=\"font-size: large\">Il Progetto Interreg DIGITALIZE \u201c<i>Enhancing Tourism Resilience through Digital Solutions\u201d<\/i>, coordinato dal Comune di H\u00e9v\u00edz con partner istituzionali provenienti da otto Paesi europei (Italia, Lituania, Spagna, Portogallo, Romania, Germania, Paesi Bassi e Moldavia)\u00a0punta a realizzare un riallineamento e un&#8217;ottimizzazione delle politiche regionali in tema di digitalizzazione e sostenibilit\u00e0 del turismo, favorendo l&#8217;uso di strumenti digitali per migliorare l&#8217;esperienza dei visitatori, attrarre nuovi target di turisti, promuovere l&#8217;innovazione e la sostenibilit\u00e0 nel settore turistico, contribuendo cos\u00ec allo sviluppo regionale e alla coesione territoriale.\u00a0<\/span><\/p>\n","protected":false},"excerpt":{"rendered":"<p>La Citt\u00e0 di Reggio Calabria, con la deliberazione di Giunta Comunale n. 125 dello 08\/06\/2023, ha aderito &#8211; in qualit\u00e0 di partner &#8211; alla candidatura della proposta progettuale DIGITALIZE relativa&hellip;<\/p>\n","protected":false},"author":5,"featured_media":5666,"comment_status":"closed","ping_status":"open","sticky":false,"template":"","format":"standard","meta":{"_jetpack_memberships_contains_paid_content":false,"footnotes":"","jetpack_publicize_message":"","jetpack_publicize_feature_enabled":true,"jetpack_social_post_already_shared":true,"jetpack_social_options":{"image_generator_settings":{"template":"highway","default_image_id":0,"font":"","enabled":false},"version":2}},"categories":[921,196,140],"tags":[48562,9778,48561,41205,48563],"class_list":["post-84516","post","type-post","status-publish","format-standard","has-post-thumbnail","hentry","category-home","category-news","category-reggio-calabria","tag-digitalize","tag-comune-di-reggio","tag-progetto-europeo","tag-sostenibile","tag-turismo-digitale"],"yoast_head":"<!-- This site is optimized with the Yoast SEO plugin v27.2 - https:\/\/yoast.com\/product\/yoast-seo-wordpress\/ -->\n<title>Reggio aderisce al progetto europeo &quot;DIGITALIZE&quot;<\/title>\n<meta name=\"description\" content=\"Reggio aderisce al progetto, promosso dal Comune di H\u00e9v\u00edz, per migliorare il turismo attraverso la digitalizzazione e la sostenibilit\u00e0\" \/>\n<meta name=\"robots\" content=\"index, follow, max-snippet:-1, max-image-preview:large, max-video-preview:-1\" \/>\n<link rel=\"canonical\" href=\"https:\/\/progettotouring.it\/radiotouring104\/2025\/10\/23\/il-comune-di-reggio-aderisce-a-digitalize-progetto-europeo-per-il-turismo-digitale-e-sostenibile\/\" \/>\n<meta property=\"og:locale\" content=\"it_IT\" \/>\n<meta property=\"og:type\" content=\"article\" \/>\n<meta property=\"og:title\" content=\"Reggio aderisce al progetto europeo &quot;DIGITALIZE&quot;\" \/>\n<meta property=\"og:description\" content=\"Reggio aderisce al progetto, promosso dal Comune di H\u00e9v\u00edz, per migliorare il turismo attraverso la digitalizzazione e la sostenibilit\u00e0\" \/>\n<meta property=\"og:url\" content=\"https:\/\/progettotouring.it\/radiotouring104\/2025\/10\/23\/il-comune-di-reggio-aderisce-a-digitalize-progetto-europeo-per-il-turismo-digitale-e-sostenibile\/\" \/>\n<meta property=\"og:site_name\" content=\"Radio Touring 104\" \/>\n<meta property=\"article:published_time\" content=\"2025-10-23T08:45:16+00:00\" \/>\n<meta property=\"article:modified_time\" content=\"2025-10-23T09:57:43+00:00\" \/>\n<meta property=\"og:image\" content=\"https:\/\/progettotouring.it\/radiotouring104\/wp-content\/uploads\/sites\/6\/2022\/05\/san-giorgio-comune.jpg\" \/>\n\t<meta property=\"og:image:width\" content=\"1920\" \/>\n\t<meta property=\"og:image:height\" content=\"1080\" \/>\n\t<meta property=\"og:image:type\" content=\"image\/jpeg\" \/>\n<meta name=\"author\" content=\"redazione\" \/>\n<meta name=\"twitter:card\" content=\"summary_large_image\" \/>\n<meta name=\"twitter:label1\" content=\"Scritto da\" \/>\n\t<meta name=\"twitter:data1\" content=\"redazione\" \/>\n\t<meta name=\"twitter:label2\" content=\"Tempo di lettura stimato\" \/>\n\t<meta name=\"twitter:data2\" content=\"1 minuto\" \/>\n<script type=\"application\/ld+json\" class=\"yoast-schema-graph\">{\"@context\":\"https:\/\/schema.org\",\"@graph\":[{\"@type\":\"Article\",\"@id\":\"https:\/\/progettotouring.it\/radiotouring104\/2025\/10\/23\/il-comune-di-reggio-aderisce-a-digitalize-progetto-europeo-per-il-turismo-digitale-e-sostenibile\/#article\",\"isPartOf\":{\"@id\":\"https:\/\/progettotouring.it\/radiotouring104\/2025\/10\/23\/il-comune-di-reggio-aderisce-a-digitalize-progetto-europeo-per-il-turismo-digitale-e-sostenibile\/\"},\"author\":{\"name\":\"redazione\",\"@id\":\"https:\/\/progettotouring.it\/radiotouring104\/#\/schema\/person\/1b3eb3c07c47136bc44c785c543e635f\"},\"headline\":\"Il Comune di Reggio aderisce a &#8220;DIGITALIZE&#8221;, progetto europeo per il turismo digitale e sostenibile\",\"datePublished\":\"2025-10-23T08:45:16+00:00\",\"dateModified\":\"2025-10-23T09:57:43+00:00\",\"mainEntityOfPage\":{\"@id\":\"https:\/\/progettotouring.it\/radiotouring104\/2025\/10\/23\/il-comune-di-reggio-aderisce-a-digitalize-progetto-europeo-per-il-turismo-digitale-e-sostenibile\/\"},\"wordCount\":180,\"publisher\":{\"@id\":\"https:\/\/progettotouring.it\/radiotouring104\/#organization\"},\"image\":{\"@id\":\"https:\/\/progettotouring.it\/radiotouring104\/2025\/10\/23\/il-comune-di-reggio-aderisce-a-digitalize-progetto-europeo-per-il-turismo-digitale-e-sostenibile\/#primaryimage\"},\"thumbnailUrl\":\"https:\/\/progettotouring.it\/radiotouring104\/wp-content\/uploads\/sites\/6\/2022\/05\/san-giorgio-comune.jpg\",\"keywords\":[\"\\\"DIGITALIZE\\\"\",\"Comune di Reggio\",\"progetto europeo\",\"sostenibile\",\"turismo digitale\"],\"articleSection\":[\"Home\",\"News\",\"Reggio Calabria\"],\"inLanguage\":\"it-IT\"},{\"@type\":\"WebPage\",\"@id\":\"https:\/\/progettotouring.it\/radiotouring104\/2025\/10\/23\/il-comune-di-reggio-aderisce-a-digitalize-progetto-europeo-per-il-turismo-digitale-e-sostenibile\/\",\"url\":\"https:\/\/progettotouring.it\/radiotouring104\/2025\/10\/23\/il-comune-di-reggio-aderisce-a-digitalize-progetto-europeo-per-il-turismo-digitale-e-sostenibile\/\",\"name\":\"Reggio aderisce al progetto europeo \\\"DIGITALIZE\\\"\",\"isPartOf\":{\"@id\":\"https:\/\/progettotouring.it\/radiotouring104\/#website\"},\"primaryImageOfPage\":{\"@id\":\"https:\/\/progettotouring.it\/radiotouring104\/2025\/10\/23\/il-comune-di-reggio-aderisce-a-digitalize-progetto-europeo-per-il-turismo-digitale-e-sostenibile\/#primaryimage\"},\"image\":{\"@id\":\"https:\/\/progettotouring.it\/radiotouring104\/2025\/10\/23\/il-comune-di-reggio-aderisce-a-digitalize-progetto-europeo-per-il-turismo-digitale-e-sostenibile\/#primaryimage\"},\"thumbnailUrl\":\"https:\/\/progettotouring.it\/radiotouring104\/wp-content\/uploads\/sites\/6\/2022\/05\/san-giorgio-comune.jpg\",\"datePublished\":\"2025-10-23T08:45:16+00:00\",\"dateModified\":\"2025-10-23T09:57:43+00:00\",\"description\":\"Reggio aderisce al progetto, promosso dal Comune di H\u00e9v\u00edz, per migliorare il turismo attraverso la digitalizzazione e la sostenibilit\u00e0\",\"breadcrumb\":{\"@id\":\"https:\/\/progettotouring.it\/radiotouring104\/2025\/10\/23\/il-comune-di-reggio-aderisce-a-digitalize-progetto-europeo-per-il-turismo-digitale-e-sostenibile\/#breadcrumb\"},\"inLanguage\":\"it-IT\",\"potentialAction\":[{\"@type\":\"ReadAction\",\"target\":[\"https:\/\/progettotouring.it\/radiotouring104\/2025\/10\/23\/il-comune-di-reggio-aderisce-a-digitalize-progetto-europeo-per-il-turismo-digitale-e-sostenibile\/\"]}]},{\"@type\":\"ImageObject\",\"inLanguage\":\"it-IT\",\"@id\":\"https:\/\/progettotouring.it\/radiotouring104\/2025\/10\/23\/il-comune-di-reggio-aderisce-a-digitalize-progetto-europeo-per-il-turismo-digitale-e-sostenibile\/#primaryimage\",\"url\":\"https:\/\/progettotouring.it\/radiotouring104\/wp-content\/uploads\/sites\/6\/2022\/05\/san-giorgio-comune.jpg\",\"contentUrl\":\"https:\/\/progettotouring.it\/radiotouring104\/wp-content\/uploads\/sites\/6\/2022\/05\/san-giorgio-comune.jpg\",\"width\":1920,\"height\":1080},{\"@type\":\"BreadcrumbList\",\"@id\":\"https:\/\/progettotouring.it\/radiotouring104\/2025\/10\/23\/il-comune-di-reggio-aderisce-a-digitalize-progetto-europeo-per-il-turismo-digitale-e-sostenibile\/#breadcrumb\",\"itemListElement\":[{\"@type\":\"ListItem\",\"position\":1,\"name\":\"Home\",\"item\":\"https:\/\/progettotouring.it\/radiotouring104\/\"},{\"@type\":\"ListItem\",\"position\":2,\"name\":\"Il Comune di Reggio aderisce a &#8220;DIGITALIZE&#8221;, progetto europeo per il turismo digitale e sostenibile\"}]},{\"@type\":\"WebSite\",\"@id\":\"https:\/\/progettotouring.it\/radiotouring104\/#website\",\"url\":\"https:\/\/progettotouring.it\/radiotouring104\/\",\"name\":\"Radio Touring 104\",\"description\":\"La prima radio Reggina\",\"publisher\":{\"@id\":\"https:\/\/progettotouring.it\/radiotouring104\/#organization\"},\"potentialAction\":[{\"@type\":\"SearchAction\",\"target\":{\"@type\":\"EntryPoint\",\"urlTemplate\":\"https:\/\/progettotouring.it\/radiotouring104\/?s={search_term_string}\"},\"query-input\":{\"@type\":\"PropertyValueSpecification\",\"valueRequired\":true,\"valueName\":\"search_term_string\"}}],\"inLanguage\":\"it-IT\"},{\"@type\":\"Organization\",\"@id\":\"https:\/\/progettotouring.it\/radiotouring104\/#organization\",\"name\":\"Radio Touring 104\",\"url\":\"https:\/\/progettotouring.it\/radiotouring104\/\",\"logo\":{\"@type\":\"ImageObject\",\"inLanguage\":\"it-IT\",\"@id\":\"https:\/\/progettotouring.it\/radiotouring104\/#\/schema\/logo\/image\/\",\"url\":\"https:\/\/progettotouring.it\/radiotouring104\/wp-content\/uploads\/sites\/6\/2022\/02\/cropped-logo-radio-touring-104.png\",\"contentUrl\":\"https:\/\/progettotouring.it\/radiotouring104\/wp-content\/uploads\/sites\/6\/2022\/02\/cropped-logo-radio-touring-104.png\",\"width\":377,\"height\":182,\"caption\":\"Radio Touring 104\"},\"image\":{\"@id\":\"https:\/\/progettotouring.it\/radiotouring104\/#\/schema\/logo\/image\/\"}},{\"@type\":\"Person\",\"@id\":\"https:\/\/progettotouring.it\/radiotouring104\/#\/schema\/person\/1b3eb3c07c47136bc44c785c543e635f\",\"name\":\"redazione\",\"image\":{\"@type\":\"ImageObject\",\"inLanguage\":\"it-IT\",\"@id\":\"https:\/\/secure.gravatar.com\/avatar\/0b31605b49f100769e8b624b3e05de1b73e1692e9568a352f60f53fd072e6e11?s=96&d=mm&r=g\",\"url\":\"https:\/\/secure.gravatar.com\/avatar\/0b31605b49f100769e8b624b3e05de1b73e1692e9568a352f60f53fd072e6e11?s=96&d=mm&r=g\",\"contentUrl\":\"https:\/\/secure.gravatar.com\/avatar\/0b31605b49f100769e8b624b3e05de1b73e1692e9568a352f60f53fd072e6e11?s=96&d=mm&r=g\",\"caption\":\"redazione\"},\"url\":\"https:\/\/progettotouring.it\/radiotouring104\/author\/redazione\/\"}]}<\/script>\n<!-- \/ Yoast SEO plugin. -->","yoast_head_json":{"title":"Reggio aderisce al progetto europeo \"DIGITALIZE\"","description":"Reggio aderisce al progetto, promosso dal Comune di H\u00e9v\u00edz, per migliorare il turismo attraverso la digitalizzazione e la sostenibilit\u00e0","robots":{"index":"index","follow":"follow","max-snippet":"max-snippet:-1","max-image-preview":"max-image-preview:large","max-video-preview":"max-video-preview:-1"},"canonical":"https:\/\/progettotouring.it\/radiotouring104\/2025\/10\/23\/il-comune-di-reggio-aderisce-a-digitalize-progetto-europeo-per-il-turismo-digitale-e-sostenibile\/","og_locale":"it_IT","og_type":"article","og_title":"Reggio aderisce al progetto europeo \"DIGITALIZE\"","og_description":"Reggio aderisce al progetto, promosso dal Comune di H\u00e9v\u00edz, per migliorare il turismo attraverso la digitalizzazione e la sostenibilit\u00e0","og_url":"https:\/\/progettotouring.it\/radiotouring104\/2025\/10\/23\/il-comune-di-reggio-aderisce-a-digitalize-progetto-europeo-per-il-turismo-digitale-e-sostenibile\/","og_site_name":"Radio Touring 104","article_published_time":"2025-10-23T08:45:16+00:00","article_modified_time":"2025-10-23T09:57:43+00:00","og_image":[{"width":1920,"height":1080,"url":"https:\/\/progettotouring.it\/radiotouring104\/wp-content\/uploads\/sites\/6\/2022\/05\/san-giorgio-comune.jpg","type":"image\/jpeg"}],"author":"redazione","twitter_card":"summary_large_image","twitter_misc":{"Scritto da":"redazione","Tempo di lettura stimato":"1 minuto"},"schema":{"@context":"https:\/\/schema.org","@graph":[{"@type":"Article","@id":"https:\/\/progettotouring.it\/radiotouring104\/2025\/10\/23\/il-comune-di-reggio-aderisce-a-digitalize-progetto-europeo-per-il-turismo-digitale-e-sostenibile\/#article","isPartOf":{"@id":"https:\/\/progettotouring.it\/radiotouring104\/2025\/10\/23\/il-comune-di-reggio-aderisce-a-digitalize-progetto-europeo-per-il-turismo-digitale-e-sostenibile\/"},"author":{"name":"redazione","@id":"https:\/\/progettotouring.it\/radiotouring104\/#\/schema\/person\/1b3eb3c07c47136bc44c785c543e635f"},"headline":"Il Comune di Reggio aderisce a &#8220;DIGITALIZE&#8221;, progetto europeo per il turismo digitale e sostenibile","datePublished":"2025-10-23T08:45:16+00:00","dateModified":"2025-10-23T09:57:43+00:00","mainEntityOfPage":{"@id":"https:\/\/progettotouring.it\/radiotouring104\/2025\/10\/23\/il-comune-di-reggio-aderisce-a-digitalize-progetto-europeo-per-il-turismo-digitale-e-sostenibile\/"},"wordCount":180,"publisher":{"@id":"https:\/\/progettotouring.it\/radiotouring104\/#organization"},"image":{"@id":"https:\/\/progettotouring.it\/radiotouring104\/2025\/10\/23\/il-comune-di-reggio-aderisce-a-digitalize-progetto-europeo-per-il-turismo-digitale-e-sostenibile\/#primaryimage"},"thumbnailUrl":"https:\/\/progettotouring.it\/radiotouring104\/wp-content\/uploads\/sites\/6\/2022\/05\/san-giorgio-comune.jpg","keywords":["\"DIGITALIZE\"","Comune di Reggio","progetto europeo","sostenibile","turismo digitale"],"articleSection":["Home","News","Reggio Calabria"],"inLanguage":"it-IT"},{"@type":"WebPage","@id":"https:\/\/progettotouring.it\/radiotouring104\/2025\/10\/23\/il-comune-di-reggio-aderisce-a-digitalize-progetto-europeo-per-il-turismo-digitale-e-sostenibile\/","url":"https:\/\/progettotouring.it\/radiotouring104\/2025\/10\/23\/il-comune-di-reggio-aderisce-a-digitalize-progetto-europeo-per-il-turismo-digitale-e-sostenibile\/","name":"Reggio aderisce al progetto europeo \"DIGITALIZE\"","isPartOf":{"@id":"https:\/\/progettotouring.it\/radiotouring104\/#website"},"primaryImageOfPage":{"@id":"https:\/\/progettotouring.it\/radiotouring104\/2025\/10\/23\/il-comune-di-reggio-aderisce-a-digitalize-progetto-europeo-per-il-turismo-digitale-e-sostenibile\/#primaryimage"},"image":{"@id":"https:\/\/progettotouring.it\/radiotouring104\/2025\/10\/23\/il-comune-di-reggio-aderisce-a-digitalize-progetto-europeo-per-il-turismo-digitale-e-sostenibile\/#primaryimage"},"thumbnailUrl":"https:\/\/progettotouring.it\/radiotouring104\/wp-content\/uploads\/sites\/6\/2022\/05\/san-giorgio-comune.jpg","datePublished":"2025-10-23T08:45:16+00:00","dateModified":"2025-10-23T09:57:43+00:00","description":"Reggio aderisce al progetto, promosso dal Comune di H\u00e9v\u00edz, per migliorare il turismo attraverso la digitalizzazione e la sostenibilit\u00e0","breadcrumb":{"@id":"https:\/\/progettotouring.it\/radiotouring104\/2025\/10\/23\/il-comune-di-reggio-aderisce-a-digitalize-progetto-europeo-per-il-turismo-digitale-e-sostenibile\/#breadcrumb"},"inLanguage":"it-IT","potentialAction":[{"@type":"ReadAction","target":["https:\/\/progettotouring.it\/radiotouring104\/2025\/10\/23\/il-comune-di-reggio-aderisce-a-digitalize-progetto-europeo-per-il-turismo-digitale-e-sostenibile\/"]}]},{"@type":"ImageObject","inLanguage":"it-IT","@id":"https:\/\/progettotouring.it\/radiotouring104\/2025\/10\/23\/il-comune-di-reggio-aderisce-a-digitalize-progetto-europeo-per-il-turismo-digitale-e-sostenibile\/#primaryimage","url":"https:\/\/progettotouring.it\/radiotouring104\/wp-content\/uploads\/sites\/6\/2022\/05\/san-giorgio-comune.jpg","contentUrl":"https:\/\/progettotouring.it\/radiotouring104\/wp-content\/uploads\/sites\/6\/2022\/05\/san-giorgio-comune.jpg","width":1920,"height":1080},{"@type":"BreadcrumbList","@id":"https:\/\/progettotouring.it\/radiotouring104\/2025\/10\/23\/il-comune-di-reggio-aderisce-a-digitalize-progetto-europeo-per-il-turismo-digitale-e-sostenibile\/#breadcrumb","itemListElement":[{"@type":"ListItem","position":1,"name":"Home","item":"https:\/\/progettotouring.it\/radiotouring104\/"},{"@type":"ListItem","position":2,"name":"Il Comune di Reggio aderisce a &#8220;DIGITALIZE&#8221;, progetto europeo per il turismo digitale e sostenibile"}]},{"@type":"WebSite","@id":"https:\/\/progettotouring.it\/radiotouring104\/#website","url":"https:\/\/progettotouring.it\/radiotouring104\/","name":"Radio Touring 104","description":"La prima radio Reggina","publisher":{"@id":"https:\/\/progettotouring.it\/radiotouring104\/#organization"},"potentialAction":[{"@type":"SearchAction","target":{"@type":"EntryPoint","urlTemplate":"https:\/\/progettotouring.it\/radiotouring104\/?s={search_term_string}"},"query-input":{"@type":"PropertyValueSpecification","valueRequired":true,"valueName":"search_term_string"}}],"inLanguage":"it-IT"},{"@type":"Organization","@id":"https:\/\/progettotouring.it\/radiotouring104\/#organization","name":"Radio Touring 104","url":"https:\/\/progettotouring.it\/radiotouring104\/","logo":{"@type":"ImageObject","inLanguage":"it-IT","@id":"https:\/\/progettotouring.it\/radiotouring104\/#\/schema\/logo\/image\/","url":"https:\/\/progettotouring.it\/radiotouring104\/wp-content\/uploads\/sites\/6\/2022\/02\/cropped-logo-radio-touring-104.png","contentUrl":"https:\/\/progettotouring.it\/radiotouring104\/wp-content\/uploads\/sites\/6\/2022\/02\/cropped-logo-radio-touring-104.png","width":377,"height":182,"caption":"Radio Touring 104"},"image":{"@id":"https:\/\/progettotouring.it\/radiotouring104\/#\/schema\/logo\/image\/"}},{"@type":"Person","@id":"https:\/\/progettotouring.it\/radiotouring104\/#\/schema\/person\/1b3eb3c07c47136bc44c785c543e635f","name":"redazione","image":{"@type":"ImageObject","inLanguage":"it-IT","@id":"https:\/\/secure.gravatar.com\/avatar\/0b31605b49f100769e8b624b3e05de1b73e1692e9568a352f60f53fd072e6e11?s=96&d=mm&r=g","url":"https:\/\/secure.gravatar.com\/avatar\/0b31605b49f100769e8b624b3e05de1b73e1692e9568a352f60f53fd072e6e11?s=96&d=mm&r=g","contentUrl":"https:\/\/secure.gravatar.com\/avatar\/0b31605b49f100769e8b624b3e05de1b73e1692e9568a352f60f53fd072e6e11?s=96&d=mm&r=g","caption":"redazione"},"url":"https:\/\/progettotouring.it\/radiotouring104\/author\/redazione\/"}]}},"jetpack_publicize_connections":[],"jetpack_featured_media_url":"https:\/\/progettotouring.it\/radiotouring104\/wp-content\/uploads\/sites\/6\/2022\/05\/san-giorgio-comune.jpg","jetpack_sharing_enabled":true,"_links":{"self":[{"href":"https:\/\/progettotouring.it\/radiotouring104\/wp-json\/wp\/v2\/posts\/84516","targetHints":{"allow":["GET"]}}],"collection":[{"href":"https:\/\/progettotouring.it\/radiotouring104\/wp-json\/wp\/v2\/posts"}],"about":[{"href":"https:\/\/progettotouring.it\/radiotouring104\/wp-json\/wp\/v2\/types\/post"}],"author":[{"embeddable":true,"href":"https:\/\/progettotouring.it\/radiotouring104\/wp-json\/wp\/v2\/users\/5"}],"replies":[{"embeddable":true,"href":"https:\/\/progettotouring.it\/radiotouring104\/wp-json\/wp\/v2\/comments?post=84516"}],"version-history":[{"count":1,"href":"https:\/\/progettotouring.it\/radiotouring104\/wp-json\/wp\/v2\/posts\/84516\/revisions"}],"predecessor-version":[{"id":84517,"href":"https:\/\/progettotouring.it\/radiotouring104\/wp-json\/wp\/v2\/posts\/84516\/revisions\/84517"}],"wp:featuredmedia":[{"embeddable":true,"href":"https:\/\/progettotouring.it\/radiotouring104\/wp-json\/wp\/v2\/media\/5666"}],"wp:attachment":[{"href":"https:\/\/progettotouring.it\/radiotouring104\/wp-json\/wp\/v2\/media?parent=84516"}],"wp:term":[{"taxonomy":"category","embeddable":true,"href":"https:\/\/progettotouring.it\/radiotouring104\/wp-json\/wp\/v2\/categories?post=84516"},{"taxonomy":"post_tag","embeddable":true,"href":"https:\/\/progettotouring.it\/radiotouring104\/wp-json\/wp\/v2\/tags?post=84516"}],"curies":[{"name":"wp","href":"https:\/\/api.w.org\/{rel}","templated":true}]}}