{"id":84530,"date":"2025-10-23T11:52:02","date_gmt":"2025-10-23T09:52:02","guid":{"rendered":"https:\/\/progettotouring.it\/radiotouring104\/?p=84530"},"modified":"2025-10-23T11:56:32","modified_gmt":"2025-10-23T09:56:32","slug":"reggio-la-riflessione-dellarch-postorino-sulla-via-lia-vito","status":"publish","type":"post","link":"https:\/\/progettotouring.it\/radiotouring104\/2025\/10\/23\/reggio-la-riflessione-dellarch-postorino-sulla-via-lia-vito\/","title":{"rendered":"Reggio: la riflessione dell&#8217;Arch. Postorino sulla \u201cVia Lia\u2013Vito\u201d"},"content":{"rendered":"<p><strong>La \u201cVia Lia\u2013Vito\u201d: quarantasei anni di attese, ritardi e opportunit\u00e0 sprecate<\/strong><\/p>\n<p><em>\u00a0<\/em><\/p>\n<p><em>Riflessioni dell\u2019architetto Antonella Postorino, <\/em><\/p>\n<p><em>Responsabile Dipartimento Urbanistica e Pianificazione della Citt\u00e0 <\/em><\/p>\n<p><em>Coordinamento Grande Citt\u00e0 di Reggio Calabria &#8211; Forza Italia<\/em><\/p>\n<p>Riceviamo e pubblichiamo il comunicato stampa dell&#8217;architetto Antonella Postorino, Responsabile Dipartimento Urbanistica e Pianificazione di Reggio e del Coordinamento Grande Citt\u00e0 di Reggio Calabria &#8211; Forza Italia, sull&#8217;incompiuta, dopo 46 anni di attese della\u00a0 \u201cVia Lia\u2013Vito\u201d: &#8220;\u00c8 notizia recente che Reggio Calabria si collochi all\u2019ultimo posto (106\u00b0) nella classifica 2024 di Ecosistema Urbano, il report annuale curato da Legambiente in collaborazione con Ambiente Italia e Il Sole 24 Ore.<\/p>\n<p>L\u2019indagine, fondata su 19 indicatori distribuiti in sei macroaree \u2013 qualit\u00e0 dell\u2019aria, risorse idriche, gestione dei rifiuti, mobilit\u00e0, ambiente urbano ed energia \u2013 restituisce un quadro critico e allarmante: quello di una citt\u00e0 immobile, priva di segnali concreti di miglioramento, intrappolata in croniche criticit\u00e0 strutturali e incapace di avviare un reale percorso di trasformazione sostenibile.<\/p>\n<p>Un risultato che, purtroppo, non sorprende chi conosce da vicino le dinamiche amministrative e urbane che da anni frenano lo sviluppo del territorio: assenza di una visione strategica, governance frammentata, gestione inefficiente delle risorse, progetti ciclicamente rimodulati o definanziati, spesso senza mai giungere a compimento.<\/p>\n<p>Emblematico, in tal senso, \u00e8 il caso della cosiddetta<strong> \u201cVia Lia\u2013Vito\u201d<\/strong>: un\u2019opera incompiuta che, oltre ad aver compromesso in modo irreversibile uno dei paesaggi pi\u00f9 suggestivi della citt\u00e0, ha generato una vasta discarica abusiva, oggi tra le pi\u00f9 estese e trascurate dell\u2019area urbana.<\/p>\n<p>Si tratta di un\u2019infrastruttura solo parzialmente realizzata, priva di connessioni funzionali e di coerenza territoriale, divenuta simbolo del fallimento della pianificazione cittadina e della dispersione di risorse pubbliche.<\/p>\n<p>Il progetto, gi\u00e0 costato ingenti somme tra fasi progettuali, consulenze tecniche, lavori intermittenti e indennizzi per espropri, continua a gravare sulla collettivit\u00e0, generando spese ricorrenti per la rimozione dei rifiuti che si accumulano ai margini della strada.<\/p>\n<p>A chiudere il quadro \u00e8 la <strong>Delibera di Giunta n. 195 del settembre 2025<\/strong>, che dirotta altrove i fondi residui destinati all\u2019opera e ne decreta, di fatto, l\u2019abbandono definitivo.<\/p>\n<p>Cos\u00ec svanisce l\u2019ennesima occasione per restituire dignit\u00e0, funzionalit\u00e0 e sicurezza a un quartiere che da troppo tempo attende risposte concrete. Una decisione che contraddice apertamente ogni principio di sostenibilit\u00e0 e lascia alle generazioni future un pesante fardello ambientale, economico e sociale.<\/p>\n<p><strong>\u00a0<\/strong><\/p>\n<p><strong>Un quartiere dimenticato<\/strong><\/p>\n<p>Per comprendere appieno il valore strategico di questa arteria stradale incompiuta, \u00e8 necessario osservare pi\u00f9 da vicino il quartiere di Vito e riconoscerne le potenzialit\u00e0 ancora inespresse.<\/p>\n<p>Situato nella periferia nord di Reggio Calabria e urbanisticamente connesso al vicino quartiere di San Brunello, Vito si sviluppa lungo un\u2019unica direttrice: l\u2019antica via di collegamento tra Reggio e Ort\u00ec. Un tracciato che, in origine, era una mulattiera percorsa a dorso d\u2019asino e che, solo in seguito, \u00e8 stato trasformato in strada comunale. \u00c8 lungo questo asse principale che si sono formati gli abitati storici di Vito Superiore e Vito Inferiore, dai quali si diramano piccole vie di accesso a comparti residenziali costituiti da abitazioni private.<\/p>\n<p>Storicamente borgo di artigiani \u2013 <em>mattonieri e tegolai<\/em> \u2013 e sede di attivit\u00e0 produttive come fornaci per laterizi, mulini idraulici e frantoi, Vito ha mantenuto una discreta vitalit\u00e0 economica almeno fino agli anni Ottanta.<\/p>\n<p>Oggi il quartiere conserva una prevalente vocazione residenziale, ma ospita anche importanti pres\u00ecdi sociali e istituzionali: una scuola, due chiese, due impianti sportivi e due dipartimenti dell\u2019Universit\u00e0 Mediterranea (Ingegneria e Agraria).<\/p>\n<p><strong><em>\u00a0<\/em><\/strong><\/p>\n<p><strong><em>\u00a0<\/em><\/strong><strong>Il nodo critico resta per\u00f2 invariato: la viabilit\u00e0.<\/strong><\/p>\n<p>La principale arteria del quartiere di Vito, da troppo tempo, non risponde pi\u00f9 alle esigenze della mobilit\u00e0 contemporanea. Si tratta di una carreggiata unica, stretta, priva di marciapiedi, con un fondo stradale dissestato e un sistema di smaltimento delle acque piovane inefficiente. Una combinazione che la rende del tutto inadatta alla circolazione urbana, generando disagi quotidiani: allagamenti frequenti, fuoriuscite fognarie, rallentamenti, rischi per la sicurezza e difficolt\u00e0 di transito, soprattutto in caso di piogge intense.<\/p>\n<p>La rete viaria \u00e8 cos\u00ec fragile che anche un semplice intervento di manutenzione pu\u00f2 isolare il quartiere per giorni, bloccando perfino i mezzi pubblici.<\/p>\n<p>Questa condizione infrastrutturale compromette gravemente la fruibilit\u00e0, l\u2019accessibilit\u00e0 e la sicurezza dell\u2019intera area. Lo ha dimostrato l\u2019incendio del luglio 2023, che ha imposto l\u2019evacuazione di diverse famiglie e rivelato un dato tanto semplice quanto inquietante: in caso di emergenza, Vito rischia concretamente di rimanere isolato.<\/p>\n<p>L\u2019unica risposta strutturale a tale isolamento resta il completamento della strada \u201cVia Lia\u2013Vito\u201d, un collegamento essenziale per garantire un accesso rapido e sicuro al centro cittadino e all\u2019autostrada.<\/p>\n<p>Da oltre quarant\u2019anni gli abitanti di Vito Superiore e Vito Inferiore attendono la realizzazione di quest\u2019opera, ritenuta fondamentale per superare l\u2019attuale condizione di marginalit\u00e0 e migliorare la qualit\u00e0 della vita nel quartiere.<\/p>\n<p><strong>\u00a0<\/strong><\/p>\n<p><strong>Ripercorriamo la vicenda<\/strong><\/p>\n<p>La genesi del progetto risale al 1979, quando l\u2019amministrazione comunale dell\u2019epoca, con la delibera n. 97 del 21 dicembre, stanzi\u00f2 630 milioni di lire per la realizzazione della strada \u201cVia Lia\u2013Vito\u201d, concepita per collegare direttamente Vito Superiore al centro citt\u00e0 senza attraversare l\u2019abitato di Vito Inferiore.<\/p>\n<p>Nel 1985 il progetto viene approvato e, nell\u2019agosto del 1989, hanno inizio i lavori. Tuttavia, dopo appena un anno, i cantieri si fermano a causa di problematiche tecniche legate alla pendenza del tracciato, che impongono una modifica sostanziale al progetto originario. Una criticit\u00e0 tecnica, certo, ma anche il primo passo di una lunga e tortuosa odissea burocratica.<\/p>\n<p>Solo nel 1996 viene approvato il piano degli espropri. Le indennit\u00e0 vengono depositate e si tenta di riavviare l\u2019iter, ma bisogner\u00e0 attendere quasi un decennio prima che, tra il 2004 e il 2010, venga finalmente approvato il progetto esecutivo per il completamento dell\u2019opera.<\/p>\n<p>Quest\u2019ultimo viene affidato a tecnici esterni e rifinanziato tramite due mutui accesi con la Cassa Depositi e Prestiti: il primo, da 700 mila euro, interamente utilizzato; il secondo, da 500 mila euro, tuttora in gran parte attivo. Nel 2014 si conclude infine la procedura di esproprio.<\/p>\n<p><strong>\u00a0<\/strong><\/p>\n<p><strong>La recente scelta di utilizzare le somme residue per altri interventi<\/strong><\/p>\n<p>Dopo un silenzio durato undici anni, a settembre 2025 qualcosa finalmente si muove, ma non nella direzione \u201cgiusta\u201d. Con la Delibera di Giunta n. 195, l\u2019amministrazione comunale decide infatti di destinare i 436.153,80 euro residui \u2014 provenienti dal secondo mutuo \u2014 ad altri interventi ritenuti prioritari, nello specifico alla manutenzione straordinaria dei sistemi di smaltimento delle acque meteoriche in aree urbane del tutto scollegate dal progetto della Via Lia\u2013Vito.<\/p>\n<p>Cos\u00ec viene sancito, di fatto, lo spostamento definitivo delle risorse originariamente destinate al completamento della strada, senza alcuna indicazione chiara sul futuro dell\u2019opera.<\/p>\n<p>Un atto che lascia irrisolto un nodo infrastrutturale che da decenni penalizza il quartiere e priva la citt\u00e0 di un collegamento strategico atteso da quasi mezzo secolo.<\/p>\n<p><strong>\u00a0<\/strong><\/p>\n<p><strong>Alla viabilit\u00e0 si aggiunge il problema della mobilit\u00e0<\/strong><\/p>\n<p>Al cronico problema della viabilit\u00e0 si affianca quello, altrettanto rilevante, della mobilit\u00e0 pubblica.<\/p>\n<p>Il quartiere \u00e8 attualmente servito da una linea di autobus, ma la carreggiata troppo stretta rende la circolazione difficoltosa: i mezzi, soprattutto nei pressi del ponticello e nei tratti pi\u00f9 angusti, provocano frequenti ingorghi, dove il doppio senso di marcia risulta di fatto impraticabile.<\/p>\n<p>Paradossalmente, questi autobus trasportano ogni giorno pochissimi passeggeri \u2014 spesso non pi\u00f9 di una decina \u2014 sollevando interrogativi sull\u2019efficienza e sulla reale utilit\u00e0 del servizio, soprattutto in un contesto viario gi\u00e0 fortemente compromesso.<\/p>\n<p>Da qui nasce una riflessione necessaria: perch\u00e9 non valutare l\u2019introduzione di un servizio navetta pi\u00f9 snello e flessibile, con partenza dal capolinea di Piazzale Libert\u00e0? Una soluzione di questo tipo garantirebbe maggiore continuit\u00e0, ridurrebbe l\u2019impatto sulla viabilit\u00e0 locale e offrirebbe un trasporto pubblico realmente adeguato alle esigenze dei residenti.<\/p>\n<p>L\u2019apertura della strada \u201cVia Lia\u2013Vito\u201d rappresenterebbe un passaggio cruciale anche da questo punto di vista. Consentirebbe infatti a molti abitanti \u2014 in particolare a quelli della parte alta del quartiere \u2014 di evitare il transito sull\u2019attuale via comunale, decongestionando il traffico e migliorando sensibilmente la qualit\u00e0 della vita, specie nelle ore di punta o in occasione di eventi religiosi e festivit\u00e0 locali.<\/p>\n<p><strong>\u00a0<\/strong><\/p>\n<p><strong>La metafora della citt\u00e0 che resta ferma<\/strong><\/p>\n<p>La vicenda della Via Lia\u2013Vito \u00e8 diventata l\u2019emblema di un sistema amministrativo incapace di garantire continuit\u00e0 agli interventi strutturali. Progetti essenziali vengono rimodulati o defintiziati, lasciando incompiute le poche infrastrutture avviate e privando i cittadini di risposte concrete ai problemi di ogni giorno.<\/p>\n<p>Quella che avrebbe dovuto essere un\u2019opera strategica, capace di favorire lo sviluppo e la riconnessione di un quartiere isolato, si \u00e8 invece trasformata nella <strong>metafora perfetta di un\u2019amministrazione immobile<\/strong>: un progetto che invecchia nei cassetti e una speranza che si sgretola, proprio come il manto stradale di una citt\u00e0 che continua a occupare l\u2019ultimo posto nella classifica di Ecosistema Urbano \u2014 e purtroppo, anche nel cuore dei suoi cittadini.&#8221;, scrive nel comunicato l&#8217;arch. Antonella Postorino.<\/p>\n<p>&nbsp;<\/p>\n<p>&nbsp;<\/p>\n","protected":false},"excerpt":{"rendered":"<p>La \u201cVia Lia\u2013Vito\u201d: quarantasei anni di attese, ritardi e opportunit\u00e0 sprecate \u00a0 Riflessioni dell\u2019architetto Antonella Postorino, Responsabile Dipartimento Urbanistica e Pianificazione della Citt\u00e0 Coordinamento Grande Citt\u00e0 di Reggio Calabria &#8211;&hellip;<\/p>\n","protected":false},"author":5,"featured_media":84531,"comment_status":"closed","ping_status":"open","sticky":false,"template":"","format":"standard","meta":{"_jetpack_memberships_contains_paid_content":false,"footnotes":"","jetpack_publicize_message":"","jetpack_publicize_feature_enabled":true,"jetpack_social_post_already_shared":true,"jetpack_social_options":{"image_generator_settings":{"template":"highway","default_image_id":0,"font":"","enabled":false},"version":2}},"categories":[921,196,140],"tags":[48574,48576,2174,9778,48578,48577,48575],"class_list":["post-84530","post","type-post","status-publish","format-standard","has-post-thumbnail","hentry","category-home","category-news","category-reggio-calabria","tag-via-lia-vito","tag-46-anni-di-sprechi","tag-antonella-postorino","tag-comune-di-reggio","tag-forza-italia-reggio","tag-responsabile-dipartimento-urbanistica","tag-via-lia-vito-abbandonata"],"yoast_head":"<!-- This site is optimized with the Yoast SEO plugin v27.2 - https:\/\/yoast.com\/product\/yoast-seo-wordpress\/ -->\n<title>Reggio: la riflessione dell&#039;Arch. Postorino sulla \u201cVia Lia\u2013Vito\u201d<\/title>\n<meta name=\"description\" content=\"\u00abVia Lia-Vito abbandonata dopo 46 anni di sprechi\u00bb, scrive in un comunicato la Responsabile Dipartimento Urbanistica e Pianificazione\" \/>\n<meta name=\"robots\" content=\"index, follow, max-snippet:-1, max-image-preview:large, max-video-preview:-1\" \/>\n<link rel=\"canonical\" href=\"https:\/\/progettotouring.it\/radiotouring104\/2025\/10\/23\/reggio-la-riflessione-dellarch-postorino-sulla-via-lia-vito\/\" \/>\n<meta property=\"og:locale\" content=\"it_IT\" \/>\n<meta property=\"og:type\" content=\"article\" \/>\n<meta property=\"og:title\" content=\"Reggio: la riflessione dell&#039;Arch. Postorino sulla \u201cVia Lia\u2013Vito\u201d\" \/>\n<meta property=\"og:description\" content=\"\u00abVia Lia-Vito abbandonata dopo 46 anni di sprechi\u00bb, scrive in un comunicato la Responsabile Dipartimento Urbanistica e Pianificazione\" \/>\n<meta property=\"og:url\" content=\"https:\/\/progettotouring.it\/radiotouring104\/2025\/10\/23\/reggio-la-riflessione-dellarch-postorino-sulla-via-lia-vito\/\" \/>\n<meta property=\"og:site_name\" content=\"Radio Touring 104\" \/>\n<meta property=\"article:published_time\" content=\"2025-10-23T09:52:02+00:00\" \/>\n<meta property=\"article:modified_time\" content=\"2025-10-23T09:56:32+00:00\" \/>\n<meta property=\"og:image\" content=\"https:\/\/progettotouring.it\/radiotouring104\/wp-content\/uploads\/sites\/6\/2025\/10\/Incompiuta-Via-Lia-Vito.jpeg\" \/>\n\t<meta property=\"og:image:width\" content=\"1600\" \/>\n\t<meta property=\"og:image:height\" content=\"1459\" \/>\n\t<meta property=\"og:image:type\" content=\"image\/jpeg\" \/>\n<meta name=\"author\" content=\"redazione\" \/>\n<meta name=\"twitter:card\" content=\"summary_large_image\" \/>\n<meta name=\"twitter:label1\" content=\"Scritto da\" \/>\n\t<meta name=\"twitter:data1\" content=\"redazione\" \/>\n\t<meta name=\"twitter:label2\" content=\"Tempo di lettura stimato\" \/>\n\t<meta name=\"twitter:data2\" content=\"7 minuti\" \/>\n<script type=\"application\/ld+json\" class=\"yoast-schema-graph\">{\"@context\":\"https:\/\/schema.org\",\"@graph\":[{\"@type\":\"Article\",\"@id\":\"https:\/\/progettotouring.it\/radiotouring104\/2025\/10\/23\/reggio-la-riflessione-dellarch-postorino-sulla-via-lia-vito\/#article\",\"isPartOf\":{\"@id\":\"https:\/\/progettotouring.it\/radiotouring104\/2025\/10\/23\/reggio-la-riflessione-dellarch-postorino-sulla-via-lia-vito\/\"},\"author\":{\"name\":\"redazione\",\"@id\":\"https:\/\/progettotouring.it\/radiotouring104\/#\/schema\/person\/1b3eb3c07c47136bc44c785c543e635f\"},\"headline\":\"Reggio: la riflessione dell&#8217;Arch. Postorino sulla \u201cVia Lia\u2013Vito\u201d\",\"datePublished\":\"2025-10-23T09:52:02+00:00\",\"dateModified\":\"2025-10-23T09:56:32+00:00\",\"mainEntityOfPage\":{\"@id\":\"https:\/\/progettotouring.it\/radiotouring104\/2025\/10\/23\/reggio-la-riflessione-dellarch-postorino-sulla-via-lia-vito\/\"},\"wordCount\":1447,\"publisher\":{\"@id\":\"https:\/\/progettotouring.it\/radiotouring104\/#organization\"},\"image\":{\"@id\":\"https:\/\/progettotouring.it\/radiotouring104\/2025\/10\/23\/reggio-la-riflessione-dellarch-postorino-sulla-via-lia-vito\/#primaryimage\"},\"thumbnailUrl\":\"https:\/\/progettotouring.it\/radiotouring104\/wp-content\/uploads\/sites\/6\/2025\/10\/Incompiuta-Via-Lia-Vito.jpeg\",\"keywords\":[\"\u201cVia Lia\u2013Vito\u201d\",\"46 anni di sprechi\",\"Antonella Postorino\",\"Comune di Reggio\",\"forza italia reggio\",\"Responsabile Dipartimento Urbanistica\",\"Via Lia-Vito abbandonata\"],\"articleSection\":[\"Home\",\"News\",\"Reggio Calabria\"],\"inLanguage\":\"it-IT\"},{\"@type\":\"WebPage\",\"@id\":\"https:\/\/progettotouring.it\/radiotouring104\/2025\/10\/23\/reggio-la-riflessione-dellarch-postorino-sulla-via-lia-vito\/\",\"url\":\"https:\/\/progettotouring.it\/radiotouring104\/2025\/10\/23\/reggio-la-riflessione-dellarch-postorino-sulla-via-lia-vito\/\",\"name\":\"Reggio: la riflessione dell'Arch. Postorino sulla \u201cVia Lia\u2013Vito\u201d\",\"isPartOf\":{\"@id\":\"https:\/\/progettotouring.it\/radiotouring104\/#website\"},\"primaryImageOfPage\":{\"@id\":\"https:\/\/progettotouring.it\/radiotouring104\/2025\/10\/23\/reggio-la-riflessione-dellarch-postorino-sulla-via-lia-vito\/#primaryimage\"},\"image\":{\"@id\":\"https:\/\/progettotouring.it\/radiotouring104\/2025\/10\/23\/reggio-la-riflessione-dellarch-postorino-sulla-via-lia-vito\/#primaryimage\"},\"thumbnailUrl\":\"https:\/\/progettotouring.it\/radiotouring104\/wp-content\/uploads\/sites\/6\/2025\/10\/Incompiuta-Via-Lia-Vito.jpeg\",\"datePublished\":\"2025-10-23T09:52:02+00:00\",\"dateModified\":\"2025-10-23T09:56:32+00:00\",\"description\":\"\u00abVia Lia-Vito abbandonata dopo 46 anni di sprechi\u00bb, scrive in un comunicato la Responsabile Dipartimento Urbanistica e Pianificazione\",\"breadcrumb\":{\"@id\":\"https:\/\/progettotouring.it\/radiotouring104\/2025\/10\/23\/reggio-la-riflessione-dellarch-postorino-sulla-via-lia-vito\/#breadcrumb\"},\"inLanguage\":\"it-IT\",\"potentialAction\":[{\"@type\":\"ReadAction\",\"target\":[\"https:\/\/progettotouring.it\/radiotouring104\/2025\/10\/23\/reggio-la-riflessione-dellarch-postorino-sulla-via-lia-vito\/\"]}]},{\"@type\":\"ImageObject\",\"inLanguage\":\"it-IT\",\"@id\":\"https:\/\/progettotouring.it\/radiotouring104\/2025\/10\/23\/reggio-la-riflessione-dellarch-postorino-sulla-via-lia-vito\/#primaryimage\",\"url\":\"https:\/\/progettotouring.it\/radiotouring104\/wp-content\/uploads\/sites\/6\/2025\/10\/Incompiuta-Via-Lia-Vito.jpeg\",\"contentUrl\":\"https:\/\/progettotouring.it\/radiotouring104\/wp-content\/uploads\/sites\/6\/2025\/10\/Incompiuta-Via-Lia-Vito.jpeg\",\"width\":1600,\"height\":1459},{\"@type\":\"BreadcrumbList\",\"@id\":\"https:\/\/progettotouring.it\/radiotouring104\/2025\/10\/23\/reggio-la-riflessione-dellarch-postorino-sulla-via-lia-vito\/#breadcrumb\",\"itemListElement\":[{\"@type\":\"ListItem\",\"position\":1,\"name\":\"Home\",\"item\":\"https:\/\/progettotouring.it\/radiotouring104\/\"},{\"@type\":\"ListItem\",\"position\":2,\"name\":\"Reggio: la riflessione dell&#8217;Arch. Postorino sulla \u201cVia Lia\u2013Vito\u201d\"}]},{\"@type\":\"WebSite\",\"@id\":\"https:\/\/progettotouring.it\/radiotouring104\/#website\",\"url\":\"https:\/\/progettotouring.it\/radiotouring104\/\",\"name\":\"Radio Touring 104\",\"description\":\"La prima radio Reggina\",\"publisher\":{\"@id\":\"https:\/\/progettotouring.it\/radiotouring104\/#organization\"},\"potentialAction\":[{\"@type\":\"SearchAction\",\"target\":{\"@type\":\"EntryPoint\",\"urlTemplate\":\"https:\/\/progettotouring.it\/radiotouring104\/?s={search_term_string}\"},\"query-input\":{\"@type\":\"PropertyValueSpecification\",\"valueRequired\":true,\"valueName\":\"search_term_string\"}}],\"inLanguage\":\"it-IT\"},{\"@type\":\"Organization\",\"@id\":\"https:\/\/progettotouring.it\/radiotouring104\/#organization\",\"name\":\"Radio Touring 104\",\"url\":\"https:\/\/progettotouring.it\/radiotouring104\/\",\"logo\":{\"@type\":\"ImageObject\",\"inLanguage\":\"it-IT\",\"@id\":\"https:\/\/progettotouring.it\/radiotouring104\/#\/schema\/logo\/image\/\",\"url\":\"https:\/\/progettotouring.it\/radiotouring104\/wp-content\/uploads\/sites\/6\/2022\/02\/cropped-logo-radio-touring-104.png\",\"contentUrl\":\"https:\/\/progettotouring.it\/radiotouring104\/wp-content\/uploads\/sites\/6\/2022\/02\/cropped-logo-radio-touring-104.png\",\"width\":377,\"height\":182,\"caption\":\"Radio Touring 104\"},\"image\":{\"@id\":\"https:\/\/progettotouring.it\/radiotouring104\/#\/schema\/logo\/image\/\"}},{\"@type\":\"Person\",\"@id\":\"https:\/\/progettotouring.it\/radiotouring104\/#\/schema\/person\/1b3eb3c07c47136bc44c785c543e635f\",\"name\":\"redazione\",\"image\":{\"@type\":\"ImageObject\",\"inLanguage\":\"it-IT\",\"@id\":\"https:\/\/secure.gravatar.com\/avatar\/0b31605b49f100769e8b624b3e05de1b73e1692e9568a352f60f53fd072e6e11?s=96&d=mm&r=g\",\"url\":\"https:\/\/secure.gravatar.com\/avatar\/0b31605b49f100769e8b624b3e05de1b73e1692e9568a352f60f53fd072e6e11?s=96&d=mm&r=g\",\"contentUrl\":\"https:\/\/secure.gravatar.com\/avatar\/0b31605b49f100769e8b624b3e05de1b73e1692e9568a352f60f53fd072e6e11?s=96&d=mm&r=g\",\"caption\":\"redazione\"},\"url\":\"https:\/\/progettotouring.it\/radiotouring104\/author\/redazione\/\"}]}<\/script>\n<!-- \/ Yoast SEO plugin. -->","yoast_head_json":{"title":"Reggio: la riflessione dell'Arch. Postorino sulla \u201cVia Lia\u2013Vito\u201d","description":"\u00abVia Lia-Vito abbandonata dopo 46 anni di sprechi\u00bb, scrive in un comunicato la Responsabile Dipartimento Urbanistica e Pianificazione","robots":{"index":"index","follow":"follow","max-snippet":"max-snippet:-1","max-image-preview":"max-image-preview:large","max-video-preview":"max-video-preview:-1"},"canonical":"https:\/\/progettotouring.it\/radiotouring104\/2025\/10\/23\/reggio-la-riflessione-dellarch-postorino-sulla-via-lia-vito\/","og_locale":"it_IT","og_type":"article","og_title":"Reggio: la riflessione dell'Arch. Postorino sulla \u201cVia Lia\u2013Vito\u201d","og_description":"\u00abVia Lia-Vito abbandonata dopo 46 anni di sprechi\u00bb, scrive in un comunicato la Responsabile Dipartimento Urbanistica e Pianificazione","og_url":"https:\/\/progettotouring.it\/radiotouring104\/2025\/10\/23\/reggio-la-riflessione-dellarch-postorino-sulla-via-lia-vito\/","og_site_name":"Radio Touring 104","article_published_time":"2025-10-23T09:52:02+00:00","article_modified_time":"2025-10-23T09:56:32+00:00","og_image":[{"width":1600,"height":1459,"url":"https:\/\/progettotouring.it\/radiotouring104\/wp-content\/uploads\/sites\/6\/2025\/10\/Incompiuta-Via-Lia-Vito.jpeg","type":"image\/jpeg"}],"author":"redazione","twitter_card":"summary_large_image","twitter_misc":{"Scritto da":"redazione","Tempo di lettura stimato":"7 minuti"},"schema":{"@context":"https:\/\/schema.org","@graph":[{"@type":"Article","@id":"https:\/\/progettotouring.it\/radiotouring104\/2025\/10\/23\/reggio-la-riflessione-dellarch-postorino-sulla-via-lia-vito\/#article","isPartOf":{"@id":"https:\/\/progettotouring.it\/radiotouring104\/2025\/10\/23\/reggio-la-riflessione-dellarch-postorino-sulla-via-lia-vito\/"},"author":{"name":"redazione","@id":"https:\/\/progettotouring.it\/radiotouring104\/#\/schema\/person\/1b3eb3c07c47136bc44c785c543e635f"},"headline":"Reggio: la riflessione dell&#8217;Arch. Postorino sulla \u201cVia Lia\u2013Vito\u201d","datePublished":"2025-10-23T09:52:02+00:00","dateModified":"2025-10-23T09:56:32+00:00","mainEntityOfPage":{"@id":"https:\/\/progettotouring.it\/radiotouring104\/2025\/10\/23\/reggio-la-riflessione-dellarch-postorino-sulla-via-lia-vito\/"},"wordCount":1447,"publisher":{"@id":"https:\/\/progettotouring.it\/radiotouring104\/#organization"},"image":{"@id":"https:\/\/progettotouring.it\/radiotouring104\/2025\/10\/23\/reggio-la-riflessione-dellarch-postorino-sulla-via-lia-vito\/#primaryimage"},"thumbnailUrl":"https:\/\/progettotouring.it\/radiotouring104\/wp-content\/uploads\/sites\/6\/2025\/10\/Incompiuta-Via-Lia-Vito.jpeg","keywords":["\u201cVia Lia\u2013Vito\u201d","46 anni di sprechi","Antonella Postorino","Comune di Reggio","forza italia reggio","Responsabile Dipartimento Urbanistica","Via Lia-Vito abbandonata"],"articleSection":["Home","News","Reggio Calabria"],"inLanguage":"it-IT"},{"@type":"WebPage","@id":"https:\/\/progettotouring.it\/radiotouring104\/2025\/10\/23\/reggio-la-riflessione-dellarch-postorino-sulla-via-lia-vito\/","url":"https:\/\/progettotouring.it\/radiotouring104\/2025\/10\/23\/reggio-la-riflessione-dellarch-postorino-sulla-via-lia-vito\/","name":"Reggio: la riflessione dell'Arch. Postorino sulla \u201cVia Lia\u2013Vito\u201d","isPartOf":{"@id":"https:\/\/progettotouring.it\/radiotouring104\/#website"},"primaryImageOfPage":{"@id":"https:\/\/progettotouring.it\/radiotouring104\/2025\/10\/23\/reggio-la-riflessione-dellarch-postorino-sulla-via-lia-vito\/#primaryimage"},"image":{"@id":"https:\/\/progettotouring.it\/radiotouring104\/2025\/10\/23\/reggio-la-riflessione-dellarch-postorino-sulla-via-lia-vito\/#primaryimage"},"thumbnailUrl":"https:\/\/progettotouring.it\/radiotouring104\/wp-content\/uploads\/sites\/6\/2025\/10\/Incompiuta-Via-Lia-Vito.jpeg","datePublished":"2025-10-23T09:52:02+00:00","dateModified":"2025-10-23T09:56:32+00:00","description":"\u00abVia Lia-Vito abbandonata dopo 46 anni di sprechi\u00bb, scrive in un comunicato la Responsabile Dipartimento Urbanistica e Pianificazione","breadcrumb":{"@id":"https:\/\/progettotouring.it\/radiotouring104\/2025\/10\/23\/reggio-la-riflessione-dellarch-postorino-sulla-via-lia-vito\/#breadcrumb"},"inLanguage":"it-IT","potentialAction":[{"@type":"ReadAction","target":["https:\/\/progettotouring.it\/radiotouring104\/2025\/10\/23\/reggio-la-riflessione-dellarch-postorino-sulla-via-lia-vito\/"]}]},{"@type":"ImageObject","inLanguage":"it-IT","@id":"https:\/\/progettotouring.it\/radiotouring104\/2025\/10\/23\/reggio-la-riflessione-dellarch-postorino-sulla-via-lia-vito\/#primaryimage","url":"https:\/\/progettotouring.it\/radiotouring104\/wp-content\/uploads\/sites\/6\/2025\/10\/Incompiuta-Via-Lia-Vito.jpeg","contentUrl":"https:\/\/progettotouring.it\/radiotouring104\/wp-content\/uploads\/sites\/6\/2025\/10\/Incompiuta-Via-Lia-Vito.jpeg","width":1600,"height":1459},{"@type":"BreadcrumbList","@id":"https:\/\/progettotouring.it\/radiotouring104\/2025\/10\/23\/reggio-la-riflessione-dellarch-postorino-sulla-via-lia-vito\/#breadcrumb","itemListElement":[{"@type":"ListItem","position":1,"name":"Home","item":"https:\/\/progettotouring.it\/radiotouring104\/"},{"@type":"ListItem","position":2,"name":"Reggio: la riflessione dell&#8217;Arch. Postorino sulla \u201cVia Lia\u2013Vito\u201d"}]},{"@type":"WebSite","@id":"https:\/\/progettotouring.it\/radiotouring104\/#website","url":"https:\/\/progettotouring.it\/radiotouring104\/","name":"Radio Touring 104","description":"La prima radio Reggina","publisher":{"@id":"https:\/\/progettotouring.it\/radiotouring104\/#organization"},"potentialAction":[{"@type":"SearchAction","target":{"@type":"EntryPoint","urlTemplate":"https:\/\/progettotouring.it\/radiotouring104\/?s={search_term_string}"},"query-input":{"@type":"PropertyValueSpecification","valueRequired":true,"valueName":"search_term_string"}}],"inLanguage":"it-IT"},{"@type":"Organization","@id":"https:\/\/progettotouring.it\/radiotouring104\/#organization","name":"Radio Touring 104","url":"https:\/\/progettotouring.it\/radiotouring104\/","logo":{"@type":"ImageObject","inLanguage":"it-IT","@id":"https:\/\/progettotouring.it\/radiotouring104\/#\/schema\/logo\/image\/","url":"https:\/\/progettotouring.it\/radiotouring104\/wp-content\/uploads\/sites\/6\/2022\/02\/cropped-logo-radio-touring-104.png","contentUrl":"https:\/\/progettotouring.it\/radiotouring104\/wp-content\/uploads\/sites\/6\/2022\/02\/cropped-logo-radio-touring-104.png","width":377,"height":182,"caption":"Radio Touring 104"},"image":{"@id":"https:\/\/progettotouring.it\/radiotouring104\/#\/schema\/logo\/image\/"}},{"@type":"Person","@id":"https:\/\/progettotouring.it\/radiotouring104\/#\/schema\/person\/1b3eb3c07c47136bc44c785c543e635f","name":"redazione","image":{"@type":"ImageObject","inLanguage":"it-IT","@id":"https:\/\/secure.gravatar.com\/avatar\/0b31605b49f100769e8b624b3e05de1b73e1692e9568a352f60f53fd072e6e11?s=96&d=mm&r=g","url":"https:\/\/secure.gravatar.com\/avatar\/0b31605b49f100769e8b624b3e05de1b73e1692e9568a352f60f53fd072e6e11?s=96&d=mm&r=g","contentUrl":"https:\/\/secure.gravatar.com\/avatar\/0b31605b49f100769e8b624b3e05de1b73e1692e9568a352f60f53fd072e6e11?s=96&d=mm&r=g","caption":"redazione"},"url":"https:\/\/progettotouring.it\/radiotouring104\/author\/redazione\/"}]}},"jetpack_publicize_connections":[],"jetpack_featured_media_url":"https:\/\/progettotouring.it\/radiotouring104\/wp-content\/uploads\/sites\/6\/2025\/10\/Incompiuta-Via-Lia-Vito.jpeg","jetpack_sharing_enabled":true,"_links":{"self":[{"href":"https:\/\/progettotouring.it\/radiotouring104\/wp-json\/wp\/v2\/posts\/84530","targetHints":{"allow":["GET"]}}],"collection":[{"href":"https:\/\/progettotouring.it\/radiotouring104\/wp-json\/wp\/v2\/posts"}],"about":[{"href":"https:\/\/progettotouring.it\/radiotouring104\/wp-json\/wp\/v2\/types\/post"}],"author":[{"embeddable":true,"href":"https:\/\/progettotouring.it\/radiotouring104\/wp-json\/wp\/v2\/users\/5"}],"replies":[{"embeddable":true,"href":"https:\/\/progettotouring.it\/radiotouring104\/wp-json\/wp\/v2\/comments?post=84530"}],"version-history":[{"count":1,"href":"https:\/\/progettotouring.it\/radiotouring104\/wp-json\/wp\/v2\/posts\/84530\/revisions"}],"predecessor-version":[{"id":84532,"href":"https:\/\/progettotouring.it\/radiotouring104\/wp-json\/wp\/v2\/posts\/84530\/revisions\/84532"}],"wp:featuredmedia":[{"embeddable":true,"href":"https:\/\/progettotouring.it\/radiotouring104\/wp-json\/wp\/v2\/media\/84531"}],"wp:attachment":[{"href":"https:\/\/progettotouring.it\/radiotouring104\/wp-json\/wp\/v2\/media?parent=84530"}],"wp:term":[{"taxonomy":"category","embeddable":true,"href":"https:\/\/progettotouring.it\/radiotouring104\/wp-json\/wp\/v2\/categories?post=84530"},{"taxonomy":"post_tag","embeddable":true,"href":"https:\/\/progettotouring.it\/radiotouring104\/wp-json\/wp\/v2\/tags?post=84530"}],"curies":[{"name":"wp","href":"https:\/\/api.w.org\/{rel}","templated":true}]}}