{"id":84542,"date":"2025-10-23T12:39:06","date_gmt":"2025-10-23T10:39:06","guid":{"rendered":"https:\/\/progettotouring.it\/radiotouring104\/?p=84542"},"modified":"2025-10-23T12:41:58","modified_gmt":"2025-10-23T10:41:58","slug":"ponte-sullo-stretto-sunia-chiede-al-governo-di-ritirare-la-delibera-del-cipess","status":"publish","type":"post","link":"https:\/\/progettotouring.it\/radiotouring104\/2025\/10\/23\/ponte-sullo-stretto-sunia-chiede-al-governo-di-ritirare-la-delibera-del-cipess\/","title":{"rendered":"Ponte sullo Stretto: Sunia chiede al Governo di ritirare la delibera del Cipess"},"content":{"rendered":"<p style=\"font-weight: 400\">Il SUNIA-CGIL Calabria, della Sicilia e di Messina, insieme al proprio ufficio legali di Reggio Calabria, ha analizzato con attenzione tutta la serie di importanti rilievi e osservazioni che la Corte dei Conti ha proposto nei confronti della delibera con cui il Cipess aveva definitivamente licenziato il progetto del Ponte sullo Stretto.<\/p>\n<p style=\"font-weight: 400\">\u201cApprendiamo dalla stampa \u2013 dichiarano Giusy Milazzo, Segretaria Generale Sunia Sicilia, Francesco Al\u00ec, Segretario Generale Sunia-Cgil Calabria e Claudio Vallone, Segretario Generale Sunia Messina &#8211; che luned\u00ec (13 ottobre) il Dipe, il Dipartimento per la programmazione e il coordinamento della politica economica della presidenza del Consiglio dei ministri, di concerto con i ministeri interessati dell\u2019Economia, dell\u2019Ambiente, delle Infrastrutture e dei trasporti e con la societ\u00e0 \u201cStretto di Messina\u201d, ha depositato le integrazioni richieste, presso la Corte dei conti. Nulla di ufficiale abbiamo rinvenuto per\u00f2 sulle pagine istituzionali\u201d.<\/p>\n<p style=\"font-weight: 400\">\u201cIn seguito alle verifiche fatte con il nostro ufficio legale, ci preme a questo punto sottolineare \u2013 proseguono i sindacalisti \u2013 che la Corte, nel suo compito di verificare la legittimit\u00e0 degli atti del progetto, la conformit\u00e0 degli stessi alle leggi e ai regolamenti e la regolarit\u00e0 delle procedure amministrative e contabili, ha ricostruito la tempistica dei passaggi tra le amministrazioni, per i quali chiede importanti chiarimenti procedurali e tecnici, riferendo perplessit\u00e0 in ordine all\u2019utilizzo della procedura d\u2019urgenza (ritenendosi di classificare il ponte come opera di interesse strategico militare), ai costi e alle stime di traffico\u201d.<\/p>\n<p style=\"font-weight: 400\">In particolare, la magistratura contabile ha manifestato \u00abla necessit\u00e0 di acquisire chiarimenti ed elementi informativi\u00bb sulla delibera, atteso che \u00abrisulterebbe non compiutamente assolto l\u2019onere di motivazione difettando, a sostegno delle determinazioni assunte dal Cipess, anche in relazione a snodi cruciali dell\u2019iter procedimentale, una puntuale valutazione degli esiti istruttori\u00bb. Visto che la delibera del Cipess \u00absi appalesa pi\u00f9 come una ricognizione delle attivit\u00e0 intestate ai diversi attori istituzionali del procedimento che come una ponderazione delle risultanze di dette attivit\u00e0, sotto il profilo sia fattuale sia giuridico\u00bb.<\/p>\n<p style=\"font-weight: 400\">La Corte ha cos\u00ec chiesto \u00abchiarimenti in merito alle valutazioni con le quali \u00e8 stata approvata la relazione relativa ai motivi imperativi di interesse pubblico; \u00e8 stato preso atto dell\u2019assenza di idonee alternative progettuali; \u00e8 stata dichiarata la sussistenza di motivi imperativi di interesse pubblico legati alla salute dell\u2019uomo e sicurezza pubblica o relative conseguenze positive di primaria importanza per l\u2019ambiente\u00bb.<\/p>\n<p style=\"font-weight: 400\">Sono altres\u00ec stati chiesti \u00abaggiornamenti in merito all\u2019interlocuzione che sembra avviata, sul punto, con la Commissione europea\u00bb.<\/p>\n<p style=\"font-weight: 400\">In relazione agli oneri del piano economico la Corte ha manifestato gravi perplessit\u00e0 sul \u00abdisallineamento tra l\u2019importo asseverato dalla societ\u00e0 Kpmg in data 25 luglio 2025 &#8211; quantificato in euro 10.481.500.000 \u2013 e quello di euro 10.508.820.773 attestato nel quadro economico approvato il 6 agosto 2025. In riferimento alle stime di traffico sono stati chiesti chiarimenti anche in ordine alle valutazioni svolte dal Comitato in merito alle modalit\u00e0 di scelta della societ\u00e0 di consulenza e agli esiti del relativo studio, anche in relazione agli approfondimenti istruttori svolti in occasione della riunione preparatoria del Cipess\u00bb.<\/p>\n<p style=\"font-weight: 400\">Il SUNIA, congiuntamente al suo ufficio giuridico, evidenzia che i rilievi della Magistratura contabile prendono atto di una serie di mancanze procedimentali tali da confermare la lacunosit\u00e0 della progettazione del Ponte sullo Stretto diretta ad accertare la sostenibilit\u00e0 quantomeno economica dell\u2019opera, senza tenersi conto di tutte le criticit\u00e0 ambientali e comunque relative all\u2019impatto sul territorio gi\u00e0 evidenziate da questa Organizzazione.<\/p>\n<p style=\"font-weight: 400\">La Corte ha concesso all\u2019Amministrazione un termine fino a venti giorni per fornire le risposte ai chiarimenti chiesti, in mancanza delle quali la stessa potr\u00e0 decidere allo stato degli atti, rimarcando la facolt\u00e0 di ritirare il provvedimento in autotutela.<\/p>\n<p style=\"font-weight: 400\">Tali ultimi incisi smentiscono pertanto le affermazioni del MIT che vorrebbe ridurre i rilievi e le richieste di chiarimenti a una mera interlocuzione con la Corte dei Conti che ha, invece, evidenziato importanti problematiche sul fondamento e sulla validit\u00e0 della delibera del CIPESS tali che, in assenza di risposta congruente, decider\u00e0 allo stato degli atti, ossia in forza della documentazione della quale \u00e8 stata chiaramente denunciata la carenza, incompletezza e contraddittoriet\u00e0.<\/p>\n<p style=\"font-weight: 400\">La Corte dei Conti ha dunque confermato gran parte delle criticit\u00e0 rilevate pi\u00f9 volte dalla Cgil e dal Sunia sul rispetto delle direttive comunitarie e sullo spreco di risorse. Ecco perch\u00e9 come gi\u00e0 fatto dalla Cgil, chiediamo al Governo di ritirare la delibera Cipess ponendo fine ad un progetto inutile e dannoso, pieno di forzature legislative e tecniche e divisivo per il Paese che costerebbe oltre 20 miliardi, eliminerebbe migliaia di posti di lavoro, espellerebbe dalle loro abitazioni oltre 500 famiglie e peserebbe come un macigno sulle finanze del Paese.<\/p>\n<p style=\"font-weight: 400\">Dopo le richieste di chiarimenti della Commissione europea al Governo sulle procedure di autorizzazione e appalto del progetto che incorrerebbero in un serio rischio di infrazione, oggi le considerazioni della Corte dei Conti. \u00c8 tempo dunque di riaprire una discussione seria e trasparente sulle infrastrutture urgenti per lo sviluppo della Calabria e della Sicilia perch\u00e9 le priorit\u00e0 sono ben altre.<\/p>\n","protected":false},"excerpt":{"rendered":"<p>Il SUNIA-CGIL Calabria, della Sicilia e di Messina, insieme al proprio ufficio legali di Reggio Calabria, ha analizzato con attenzione tutta la serie di importanti rilievi e osservazioni che la&hellip;<\/p>\n","protected":false},"author":5,"featured_media":22931,"comment_status":"closed","ping_status":"open","sticky":false,"template":"","format":"standard","meta":{"_jetpack_memberships_contains_paid_content":false,"footnotes":"","jetpack_publicize_message":"","jetpack_publicize_feature_enabled":true,"jetpack_social_post_already_shared":true,"jetpack_social_options":{"image_generator_settings":{"template":"highway","default_image_id":0,"font":"","enabled":false},"version":2}},"categories":[921,196,140],"tags":[48585,5107,4355,48586,31921],"class_list":["post-84542","post","type-post","status-publish","format-standard","has-post-thumbnail","hentry","category-home","category-news","category-reggio-calabria","tag-delibera-del-cipess","tag-governo","tag-ponte-sullo-stretto","tag-richiesta-ritiro","tag-sunia-cigl-calabria"],"yoast_head":"<!-- This site is optimized with the Yoast SEO plugin v27.2 - https:\/\/yoast.com\/product\/yoast-seo-wordpress\/ -->\n<title>Ponte Stretto: Sunia chiede di ritirare la delibera del Cipess<\/title>\n<meta name=\"description\" content=\"&quot;Riaprire discussione seria su strutture urgenti per lo sviluppo della Calabria e della Sicilia&quot;, scrive Sunia in un comunicato\" \/>\n<meta name=\"robots\" content=\"index, follow, max-snippet:-1, max-image-preview:large, max-video-preview:-1\" \/>\n<link rel=\"canonical\" href=\"https:\/\/progettotouring.it\/radiotouring104\/2025\/10\/23\/ponte-sullo-stretto-sunia-chiede-al-governo-di-ritirare-la-delibera-del-cipess\/\" \/>\n<meta property=\"og:locale\" content=\"it_IT\" \/>\n<meta property=\"og:type\" content=\"article\" \/>\n<meta property=\"og:title\" content=\"Ponte Stretto: Sunia chiede di ritirare la delibera del Cipess\" \/>\n<meta property=\"og:description\" content=\"&quot;Riaprire discussione seria su strutture urgenti per lo sviluppo della Calabria e della Sicilia&quot;, scrive Sunia in un comunicato\" \/>\n<meta property=\"og:url\" content=\"https:\/\/progettotouring.it\/radiotouring104\/2025\/10\/23\/ponte-sullo-stretto-sunia-chiede-al-governo-di-ritirare-la-delibera-del-cipess\/\" \/>\n<meta property=\"og:site_name\" content=\"Radio Touring 104\" \/>\n<meta property=\"article:published_time\" content=\"2025-10-23T10:39:06+00:00\" \/>\n<meta property=\"article:modified_time\" content=\"2025-10-23T10:41:58+00:00\" \/>\n<meta property=\"og:image\" content=\"https:\/\/progettotouring.it\/radiotouring104\/wp-content\/uploads\/sites\/6\/2023\/04\/PontesulloStretto.jpg\" \/>\n\t<meta property=\"og:image:width\" content=\"665\" \/>\n\t<meta property=\"og:image:height\" content=\"293\" \/>\n\t<meta property=\"og:image:type\" content=\"image\/jpeg\" \/>\n<meta name=\"author\" content=\"redazione\" \/>\n<meta name=\"twitter:card\" content=\"summary_large_image\" \/>\n<meta name=\"twitter:label1\" content=\"Scritto da\" \/>\n\t<meta name=\"twitter:data1\" content=\"redazione\" \/>\n\t<meta name=\"twitter:label2\" content=\"Tempo di lettura stimato\" \/>\n\t<meta name=\"twitter:data2\" content=\"4 minuti\" \/>\n<script type=\"application\/ld+json\" class=\"yoast-schema-graph\">{\"@context\":\"https:\/\/schema.org\",\"@graph\":[{\"@type\":\"Article\",\"@id\":\"https:\/\/progettotouring.it\/radiotouring104\/2025\/10\/23\/ponte-sullo-stretto-sunia-chiede-al-governo-di-ritirare-la-delibera-del-cipess\/#article\",\"isPartOf\":{\"@id\":\"https:\/\/progettotouring.it\/radiotouring104\/2025\/10\/23\/ponte-sullo-stretto-sunia-chiede-al-governo-di-ritirare-la-delibera-del-cipess\/\"},\"author\":{\"name\":\"redazione\",\"@id\":\"https:\/\/progettotouring.it\/radiotouring104\/#\/schema\/person\/1b3eb3c07c47136bc44c785c543e635f\"},\"headline\":\"Ponte sullo Stretto: Sunia chiede al Governo di ritirare la delibera del Cipess\",\"datePublished\":\"2025-10-23T10:39:06+00:00\",\"dateModified\":\"2025-10-23T10:41:58+00:00\",\"mainEntityOfPage\":{\"@id\":\"https:\/\/progettotouring.it\/radiotouring104\/2025\/10\/23\/ponte-sullo-stretto-sunia-chiede-al-governo-di-ritirare-la-delibera-del-cipess\/\"},\"wordCount\":821,\"publisher\":{\"@id\":\"https:\/\/progettotouring.it\/radiotouring104\/#organization\"},\"image\":{\"@id\":\"https:\/\/progettotouring.it\/radiotouring104\/2025\/10\/23\/ponte-sullo-stretto-sunia-chiede-al-governo-di-ritirare-la-delibera-del-cipess\/#primaryimage\"},\"thumbnailUrl\":\"https:\/\/progettotouring.it\/radiotouring104\/wp-content\/uploads\/sites\/6\/2023\/04\/PontesulloStretto.jpg\",\"keywords\":[\"delibera del Cipess\",\"governo\",\"Ponte sullo stretto\",\"richiesta ritiro\",\"Sunia Cigl Calabria\"],\"articleSection\":[\"Home\",\"News\",\"Reggio Calabria\"],\"inLanguage\":\"it-IT\"},{\"@type\":\"WebPage\",\"@id\":\"https:\/\/progettotouring.it\/radiotouring104\/2025\/10\/23\/ponte-sullo-stretto-sunia-chiede-al-governo-di-ritirare-la-delibera-del-cipess\/\",\"url\":\"https:\/\/progettotouring.it\/radiotouring104\/2025\/10\/23\/ponte-sullo-stretto-sunia-chiede-al-governo-di-ritirare-la-delibera-del-cipess\/\",\"name\":\"Ponte Stretto: Sunia chiede di ritirare la delibera del Cipess\",\"isPartOf\":{\"@id\":\"https:\/\/progettotouring.it\/radiotouring104\/#website\"},\"primaryImageOfPage\":{\"@id\":\"https:\/\/progettotouring.it\/radiotouring104\/2025\/10\/23\/ponte-sullo-stretto-sunia-chiede-al-governo-di-ritirare-la-delibera-del-cipess\/#primaryimage\"},\"image\":{\"@id\":\"https:\/\/progettotouring.it\/radiotouring104\/2025\/10\/23\/ponte-sullo-stretto-sunia-chiede-al-governo-di-ritirare-la-delibera-del-cipess\/#primaryimage\"},\"thumbnailUrl\":\"https:\/\/progettotouring.it\/radiotouring104\/wp-content\/uploads\/sites\/6\/2023\/04\/PontesulloStretto.jpg\",\"datePublished\":\"2025-10-23T10:39:06+00:00\",\"dateModified\":\"2025-10-23T10:41:58+00:00\",\"description\":\"\\\"Riaprire discussione seria su strutture urgenti per lo sviluppo della Calabria e della Sicilia\\\", scrive Sunia in un comunicato\",\"breadcrumb\":{\"@id\":\"https:\/\/progettotouring.it\/radiotouring104\/2025\/10\/23\/ponte-sullo-stretto-sunia-chiede-al-governo-di-ritirare-la-delibera-del-cipess\/#breadcrumb\"},\"inLanguage\":\"it-IT\",\"potentialAction\":[{\"@type\":\"ReadAction\",\"target\":[\"https:\/\/progettotouring.it\/radiotouring104\/2025\/10\/23\/ponte-sullo-stretto-sunia-chiede-al-governo-di-ritirare-la-delibera-del-cipess\/\"]}]},{\"@type\":\"ImageObject\",\"inLanguage\":\"it-IT\",\"@id\":\"https:\/\/progettotouring.it\/radiotouring104\/2025\/10\/23\/ponte-sullo-stretto-sunia-chiede-al-governo-di-ritirare-la-delibera-del-cipess\/#primaryimage\",\"url\":\"https:\/\/progettotouring.it\/radiotouring104\/wp-content\/uploads\/sites\/6\/2023\/04\/PontesulloStretto.jpg\",\"contentUrl\":\"https:\/\/progettotouring.it\/radiotouring104\/wp-content\/uploads\/sites\/6\/2023\/04\/PontesulloStretto.jpg\",\"width\":665,\"height\":293},{\"@type\":\"BreadcrumbList\",\"@id\":\"https:\/\/progettotouring.it\/radiotouring104\/2025\/10\/23\/ponte-sullo-stretto-sunia-chiede-al-governo-di-ritirare-la-delibera-del-cipess\/#breadcrumb\",\"itemListElement\":[{\"@type\":\"ListItem\",\"position\":1,\"name\":\"Home\",\"item\":\"https:\/\/progettotouring.it\/radiotouring104\/\"},{\"@type\":\"ListItem\",\"position\":2,\"name\":\"Ponte sullo Stretto: Sunia chiede al Governo di ritirare la delibera del Cipess\"}]},{\"@type\":\"WebSite\",\"@id\":\"https:\/\/progettotouring.it\/radiotouring104\/#website\",\"url\":\"https:\/\/progettotouring.it\/radiotouring104\/\",\"name\":\"Radio Touring 104\",\"description\":\"La prima radio Reggina\",\"publisher\":{\"@id\":\"https:\/\/progettotouring.it\/radiotouring104\/#organization\"},\"potentialAction\":[{\"@type\":\"SearchAction\",\"target\":{\"@type\":\"EntryPoint\",\"urlTemplate\":\"https:\/\/progettotouring.it\/radiotouring104\/?s={search_term_string}\"},\"query-input\":{\"@type\":\"PropertyValueSpecification\",\"valueRequired\":true,\"valueName\":\"search_term_string\"}}],\"inLanguage\":\"it-IT\"},{\"@type\":\"Organization\",\"@id\":\"https:\/\/progettotouring.it\/radiotouring104\/#organization\",\"name\":\"Radio Touring 104\",\"url\":\"https:\/\/progettotouring.it\/radiotouring104\/\",\"logo\":{\"@type\":\"ImageObject\",\"inLanguage\":\"it-IT\",\"@id\":\"https:\/\/progettotouring.it\/radiotouring104\/#\/schema\/logo\/image\/\",\"url\":\"https:\/\/progettotouring.it\/radiotouring104\/wp-content\/uploads\/sites\/6\/2022\/02\/cropped-logo-radio-touring-104.png\",\"contentUrl\":\"https:\/\/progettotouring.it\/radiotouring104\/wp-content\/uploads\/sites\/6\/2022\/02\/cropped-logo-radio-touring-104.png\",\"width\":377,\"height\":182,\"caption\":\"Radio Touring 104\"},\"image\":{\"@id\":\"https:\/\/progettotouring.it\/radiotouring104\/#\/schema\/logo\/image\/\"}},{\"@type\":\"Person\",\"@id\":\"https:\/\/progettotouring.it\/radiotouring104\/#\/schema\/person\/1b3eb3c07c47136bc44c785c543e635f\",\"name\":\"redazione\",\"image\":{\"@type\":\"ImageObject\",\"inLanguage\":\"it-IT\",\"@id\":\"https:\/\/secure.gravatar.com\/avatar\/0b31605b49f100769e8b624b3e05de1b73e1692e9568a352f60f53fd072e6e11?s=96&d=mm&r=g\",\"url\":\"https:\/\/secure.gravatar.com\/avatar\/0b31605b49f100769e8b624b3e05de1b73e1692e9568a352f60f53fd072e6e11?s=96&d=mm&r=g\",\"contentUrl\":\"https:\/\/secure.gravatar.com\/avatar\/0b31605b49f100769e8b624b3e05de1b73e1692e9568a352f60f53fd072e6e11?s=96&d=mm&r=g\",\"caption\":\"redazione\"},\"url\":\"https:\/\/progettotouring.it\/radiotouring104\/author\/redazione\/\"}]}<\/script>\n<!-- \/ Yoast SEO plugin. -->","yoast_head_json":{"title":"Ponte Stretto: Sunia chiede di ritirare la delibera del Cipess","description":"\"Riaprire discussione seria su strutture urgenti per lo sviluppo della Calabria e della Sicilia\", scrive Sunia in un comunicato","robots":{"index":"index","follow":"follow","max-snippet":"max-snippet:-1","max-image-preview":"max-image-preview:large","max-video-preview":"max-video-preview:-1"},"canonical":"https:\/\/progettotouring.it\/radiotouring104\/2025\/10\/23\/ponte-sullo-stretto-sunia-chiede-al-governo-di-ritirare-la-delibera-del-cipess\/","og_locale":"it_IT","og_type":"article","og_title":"Ponte Stretto: Sunia chiede di ritirare la delibera del Cipess","og_description":"\"Riaprire discussione seria su strutture urgenti per lo sviluppo della Calabria e della Sicilia\", scrive Sunia in un comunicato","og_url":"https:\/\/progettotouring.it\/radiotouring104\/2025\/10\/23\/ponte-sullo-stretto-sunia-chiede-al-governo-di-ritirare-la-delibera-del-cipess\/","og_site_name":"Radio Touring 104","article_published_time":"2025-10-23T10:39:06+00:00","article_modified_time":"2025-10-23T10:41:58+00:00","og_image":[{"width":665,"height":293,"url":"https:\/\/progettotouring.it\/radiotouring104\/wp-content\/uploads\/sites\/6\/2023\/04\/PontesulloStretto.jpg","type":"image\/jpeg"}],"author":"redazione","twitter_card":"summary_large_image","twitter_misc":{"Scritto da":"redazione","Tempo di lettura stimato":"4 minuti"},"schema":{"@context":"https:\/\/schema.org","@graph":[{"@type":"Article","@id":"https:\/\/progettotouring.it\/radiotouring104\/2025\/10\/23\/ponte-sullo-stretto-sunia-chiede-al-governo-di-ritirare-la-delibera-del-cipess\/#article","isPartOf":{"@id":"https:\/\/progettotouring.it\/radiotouring104\/2025\/10\/23\/ponte-sullo-stretto-sunia-chiede-al-governo-di-ritirare-la-delibera-del-cipess\/"},"author":{"name":"redazione","@id":"https:\/\/progettotouring.it\/radiotouring104\/#\/schema\/person\/1b3eb3c07c47136bc44c785c543e635f"},"headline":"Ponte sullo Stretto: Sunia chiede al Governo di ritirare la delibera del Cipess","datePublished":"2025-10-23T10:39:06+00:00","dateModified":"2025-10-23T10:41:58+00:00","mainEntityOfPage":{"@id":"https:\/\/progettotouring.it\/radiotouring104\/2025\/10\/23\/ponte-sullo-stretto-sunia-chiede-al-governo-di-ritirare-la-delibera-del-cipess\/"},"wordCount":821,"publisher":{"@id":"https:\/\/progettotouring.it\/radiotouring104\/#organization"},"image":{"@id":"https:\/\/progettotouring.it\/radiotouring104\/2025\/10\/23\/ponte-sullo-stretto-sunia-chiede-al-governo-di-ritirare-la-delibera-del-cipess\/#primaryimage"},"thumbnailUrl":"https:\/\/progettotouring.it\/radiotouring104\/wp-content\/uploads\/sites\/6\/2023\/04\/PontesulloStretto.jpg","keywords":["delibera del Cipess","governo","Ponte sullo stretto","richiesta ritiro","Sunia Cigl Calabria"],"articleSection":["Home","News","Reggio Calabria"],"inLanguage":"it-IT"},{"@type":"WebPage","@id":"https:\/\/progettotouring.it\/radiotouring104\/2025\/10\/23\/ponte-sullo-stretto-sunia-chiede-al-governo-di-ritirare-la-delibera-del-cipess\/","url":"https:\/\/progettotouring.it\/radiotouring104\/2025\/10\/23\/ponte-sullo-stretto-sunia-chiede-al-governo-di-ritirare-la-delibera-del-cipess\/","name":"Ponte Stretto: Sunia chiede di ritirare la delibera del Cipess","isPartOf":{"@id":"https:\/\/progettotouring.it\/radiotouring104\/#website"},"primaryImageOfPage":{"@id":"https:\/\/progettotouring.it\/radiotouring104\/2025\/10\/23\/ponte-sullo-stretto-sunia-chiede-al-governo-di-ritirare-la-delibera-del-cipess\/#primaryimage"},"image":{"@id":"https:\/\/progettotouring.it\/radiotouring104\/2025\/10\/23\/ponte-sullo-stretto-sunia-chiede-al-governo-di-ritirare-la-delibera-del-cipess\/#primaryimage"},"thumbnailUrl":"https:\/\/progettotouring.it\/radiotouring104\/wp-content\/uploads\/sites\/6\/2023\/04\/PontesulloStretto.jpg","datePublished":"2025-10-23T10:39:06+00:00","dateModified":"2025-10-23T10:41:58+00:00","description":"\"Riaprire discussione seria su strutture urgenti per lo sviluppo della Calabria e della Sicilia\", scrive Sunia in un comunicato","breadcrumb":{"@id":"https:\/\/progettotouring.it\/radiotouring104\/2025\/10\/23\/ponte-sullo-stretto-sunia-chiede-al-governo-di-ritirare-la-delibera-del-cipess\/#breadcrumb"},"inLanguage":"it-IT","potentialAction":[{"@type":"ReadAction","target":["https:\/\/progettotouring.it\/radiotouring104\/2025\/10\/23\/ponte-sullo-stretto-sunia-chiede-al-governo-di-ritirare-la-delibera-del-cipess\/"]}]},{"@type":"ImageObject","inLanguage":"it-IT","@id":"https:\/\/progettotouring.it\/radiotouring104\/2025\/10\/23\/ponte-sullo-stretto-sunia-chiede-al-governo-di-ritirare-la-delibera-del-cipess\/#primaryimage","url":"https:\/\/progettotouring.it\/radiotouring104\/wp-content\/uploads\/sites\/6\/2023\/04\/PontesulloStretto.jpg","contentUrl":"https:\/\/progettotouring.it\/radiotouring104\/wp-content\/uploads\/sites\/6\/2023\/04\/PontesulloStretto.jpg","width":665,"height":293},{"@type":"BreadcrumbList","@id":"https:\/\/progettotouring.it\/radiotouring104\/2025\/10\/23\/ponte-sullo-stretto-sunia-chiede-al-governo-di-ritirare-la-delibera-del-cipess\/#breadcrumb","itemListElement":[{"@type":"ListItem","position":1,"name":"Home","item":"https:\/\/progettotouring.it\/radiotouring104\/"},{"@type":"ListItem","position":2,"name":"Ponte sullo Stretto: Sunia chiede al Governo di ritirare la delibera del Cipess"}]},{"@type":"WebSite","@id":"https:\/\/progettotouring.it\/radiotouring104\/#website","url":"https:\/\/progettotouring.it\/radiotouring104\/","name":"Radio Touring 104","description":"La prima radio Reggina","publisher":{"@id":"https:\/\/progettotouring.it\/radiotouring104\/#organization"},"potentialAction":[{"@type":"SearchAction","target":{"@type":"EntryPoint","urlTemplate":"https:\/\/progettotouring.it\/radiotouring104\/?s={search_term_string}"},"query-input":{"@type":"PropertyValueSpecification","valueRequired":true,"valueName":"search_term_string"}}],"inLanguage":"it-IT"},{"@type":"Organization","@id":"https:\/\/progettotouring.it\/radiotouring104\/#organization","name":"Radio Touring 104","url":"https:\/\/progettotouring.it\/radiotouring104\/","logo":{"@type":"ImageObject","inLanguage":"it-IT","@id":"https:\/\/progettotouring.it\/radiotouring104\/#\/schema\/logo\/image\/","url":"https:\/\/progettotouring.it\/radiotouring104\/wp-content\/uploads\/sites\/6\/2022\/02\/cropped-logo-radio-touring-104.png","contentUrl":"https:\/\/progettotouring.it\/radiotouring104\/wp-content\/uploads\/sites\/6\/2022\/02\/cropped-logo-radio-touring-104.png","width":377,"height":182,"caption":"Radio Touring 104"},"image":{"@id":"https:\/\/progettotouring.it\/radiotouring104\/#\/schema\/logo\/image\/"}},{"@type":"Person","@id":"https:\/\/progettotouring.it\/radiotouring104\/#\/schema\/person\/1b3eb3c07c47136bc44c785c543e635f","name":"redazione","image":{"@type":"ImageObject","inLanguage":"it-IT","@id":"https:\/\/secure.gravatar.com\/avatar\/0b31605b49f100769e8b624b3e05de1b73e1692e9568a352f60f53fd072e6e11?s=96&d=mm&r=g","url":"https:\/\/secure.gravatar.com\/avatar\/0b31605b49f100769e8b624b3e05de1b73e1692e9568a352f60f53fd072e6e11?s=96&d=mm&r=g","contentUrl":"https:\/\/secure.gravatar.com\/avatar\/0b31605b49f100769e8b624b3e05de1b73e1692e9568a352f60f53fd072e6e11?s=96&d=mm&r=g","caption":"redazione"},"url":"https:\/\/progettotouring.it\/radiotouring104\/author\/redazione\/"}]}},"jetpack_publicize_connections":[],"jetpack_featured_media_url":"https:\/\/progettotouring.it\/radiotouring104\/wp-content\/uploads\/sites\/6\/2023\/04\/PontesulloStretto.jpg","jetpack_sharing_enabled":true,"_links":{"self":[{"href":"https:\/\/progettotouring.it\/radiotouring104\/wp-json\/wp\/v2\/posts\/84542","targetHints":{"allow":["GET"]}}],"collection":[{"href":"https:\/\/progettotouring.it\/radiotouring104\/wp-json\/wp\/v2\/posts"}],"about":[{"href":"https:\/\/progettotouring.it\/radiotouring104\/wp-json\/wp\/v2\/types\/post"}],"author":[{"embeddable":true,"href":"https:\/\/progettotouring.it\/radiotouring104\/wp-json\/wp\/v2\/users\/5"}],"replies":[{"embeddable":true,"href":"https:\/\/progettotouring.it\/radiotouring104\/wp-json\/wp\/v2\/comments?post=84542"}],"version-history":[{"count":1,"href":"https:\/\/progettotouring.it\/radiotouring104\/wp-json\/wp\/v2\/posts\/84542\/revisions"}],"predecessor-version":[{"id":84543,"href":"https:\/\/progettotouring.it\/radiotouring104\/wp-json\/wp\/v2\/posts\/84542\/revisions\/84543"}],"wp:featuredmedia":[{"embeddable":true,"href":"https:\/\/progettotouring.it\/radiotouring104\/wp-json\/wp\/v2\/media\/22931"}],"wp:attachment":[{"href":"https:\/\/progettotouring.it\/radiotouring104\/wp-json\/wp\/v2\/media?parent=84542"}],"wp:term":[{"taxonomy":"category","embeddable":true,"href":"https:\/\/progettotouring.it\/radiotouring104\/wp-json\/wp\/v2\/categories?post=84542"},{"taxonomy":"post_tag","embeddable":true,"href":"https:\/\/progettotouring.it\/radiotouring104\/wp-json\/wp\/v2\/tags?post=84542"}],"curies":[{"name":"wp","href":"https:\/\/api.w.org\/{rel}","templated":true}]}}