{"id":84547,"date":"2025-10-23T17:59:26","date_gmt":"2025-10-23T15:59:26","guid":{"rendered":"https:\/\/progettotouring.it\/radiotouring104\/?p=84547"},"modified":"2025-10-23T18:04:25","modified_gmt":"2025-10-23T16:04:25","slug":"me-and-bobby-mcgee-il-ricordo-di-janis-joplin","status":"publish","type":"post","link":"https:\/\/progettotouring.it\/radiotouring104\/2025\/10\/23\/me-and-bobby-mcgee-il-ricordo-di-janis-joplin\/","title":{"rendered":"Me and Bobby McGee: il ricordo di Janis Joplin"},"content":{"rendered":"<p style=\"text-align: justify;\"><em>\u201cL\u2019Arcidiavolo e le diavolesse\u201d \u00e8 in onda ogni luned\u00ec alle 20:40 su Radio Touring 104<\/em><\/p>\n<hr \/>\n<h3 style=\"text-align: justify;\"><strong>1970<\/strong><\/h3>\n<p style=\"text-align: justify;\">3 ottobre: lascia questo mondo <strong>Janis Joplin<\/strong>, una delle voci pi\u00f9 importanti del secolo nonostante l\u2019esiguit\u00e0 della sua produzione artistica. Non solo cantante ma agitatrice culturale, donna fuori dagli schemi, dionisiaca interprete blues e rock, vittima dei suoi abusi fondati sul <em>Gin Southern<\/em>, per cui nutriva un\u2019autentica passione, e sugli stupefacenti, che la condurranno alla tomba.<br \/>\nEsempio vero della libert\u00e0 sessuale, sfrenata nelle sue innumerevoli relazioni con uomini e donne, Janis era in realt\u00e0 un pulcino che sul palco diventava aquila, malata di solitudine e con un immenso desiderio, mai soddisfatto, di essere amata per ci\u00f2 che era davvero.<br \/>\nMor\u00ec sola e triste per overdose di eroina, il 3 ottobre del 1970, stringendo in mano tre dollari, e trasformandosi in mito.<br \/>\nQuella sera Janis era rimasta fino a tardi in studio; stava incidendo <strong>Pearl,<\/strong> che sar\u00e0 il suo ultimo disco da viva. Il 25 settembre aveva registrato <strong>Me and Bobby McGee<\/strong>, canzone traino del disco, e le sedute si erano chiuse giorno primo ottobre, quattro giorni prima, con <strong>Mercedes Benz<\/strong>, l\u2019ultima canzone della sua breve vita. Da quel momento Janis pass\u00f2 ore ed ore in studio per la post-produzione; era esausta, ma, apparentemente, soddisfatta.<br \/>\nQuando usc\u00ec si fermo qualche ora al <em>Barney\u2019s Beanery<\/em> dove si scol\u00f2 un paio di bicchieri di gin; subito dopo la mezza torn\u00f2 al <em>Landmark Hotel<\/em>, dove alloggiava nella <strong>stanza numero 105.<\/strong> Si buc\u00f2, quindi scese nel distributore di sigarette della hall per prenderne un pacco. Risal\u00ec in camera.<br \/>\nQui cito l\u2019autorevole biografia di Amburn:<\/p>\n<blockquote>\n<p style=\"text-align: justify;\">\u201cJanis gett\u00f2 sul letto le sigarette e si liber\u00f2 di camicetta e slip. Poi, rapida come l\u2019esplosione di un proiettile nel cervello, la morte la colp\u00ec, buttandola sul pavimento. Cadde cos\u00ec brutalmente che si spacc\u00f2 il labbro inferiore contro un mobile e la bocca le si riemp\u00ec di sangue. Atterr\u00f2 tra il letto e una sedia, e rest\u00f2 li distesa per tutta la notte e la pi\u00f9 parte del giorno seguente. Il suo corpo venne scoperto solo alle 19,30 di domenica 4 ottobre- 18 ore dopo il decesso\u201d.<\/p>\n<\/blockquote>\n<p><a href=\"https:\/\/progettotouring.it\/radiotouring104\/wp-content\/uploads\/sites\/6\/2025\/10\/trenton-evening-times-newspaper-1005-1970-janis-joplin-death.png\" data-rel=\"penci-gallery-image-content\" ><img fetchpriority=\"high\" decoding=\"async\" class=\"aligncenter wp-image-84556 size-medium\" src=\"https:\/\/progettotouring.it\/radiotouring104\/wp-content\/uploads\/sites\/6\/2025\/10\/trenton-evening-times-newspaper-1005-1970-janis-joplin-death-300x280.png\" alt=\"\" width=\"300\" height=\"280\" srcset=\"https:\/\/progettotouring.it\/radiotouring104\/wp-content\/uploads\/sites\/6\/2025\/10\/trenton-evening-times-newspaper-1005-1970-janis-joplin-death-300x280.png 300w, https:\/\/progettotouring.it\/radiotouring104\/wp-content\/uploads\/sites\/6\/2025\/10\/trenton-evening-times-newspaper-1005-1970-janis-joplin-death-585x545.png 585w, https:\/\/progettotouring.it\/radiotouring104\/wp-content\/uploads\/sites\/6\/2025\/10\/trenton-evening-times-newspaper-1005-1970-janis-joplin-death.png 607w\" sizes=\"(max-width: 300px) 100vw, 300px\" \/><\/a><\/p>\n<p style=\"text-align: justify;\">Fu grande la commozione in tutto il mondo. Janis entrava nel \u201cC<em>lub di 27<\/em>\u201d, tutti i grandi artisti morti a quella et\u00e0, 27 anni, la soglia dell\u2019eterna giovent\u00f9. Aveva rivoluzionato l\u2019essere donna in musica. Non solo musicalmente, ma culturalmente Janis fu grande artista, grande ribelle e innovatrice assoluta.<br \/>\nL\u2019inventario dei suoi effetti personali comprendeva 94,70 dollari, due cavigliere, un orecchino giallo, una collana di corallo, una chiave e un portafoglio. Pesava 61 kg ed era alta 168 centimetri. Nell\u2019armadietto vennero rinvenuti un cucchiaino da t\u00e8 annerito, una siringa di plastica, un sacchetto di carta e un palloncino colmi di eroina, un sacchetto con 30 grammi di marijuana, un altro con 4 tavolette di Lilly 172, un dimagrante a base di fendimetrazina molto popolare anche in Italia col nome di Plegine.<br \/>\nAveva ancora, stretti in mano, tre dollari, il resto del distributore di sigarette.<br \/>\nIl coroner scrisse che \u201c\u2026q<em>uell\u2019eroina era dieci volte pi\u00f9 potente rispetto a quella che prendeva di solito: il suo fisico non era preparato all\u2019inatteso sbalzo e non pot\u00e9 sopportarlo<\/em>.\u201d Il terrificante mostro che piag\u00f2 e pieg\u00f2 le future due generazioni mostrava allora i suoi artigli. L\u2019eroina, sterminatrice di giovani e di cervelli.<\/p>\n<p><a href=\"https:\/\/progettotouring.it\/radiotouring104\/wp-content\/uploads\/sites\/6\/2025\/10\/janis-joplin-1.png\" data-rel=\"penci-gallery-image-content\" ><img decoding=\"async\" class=\"aligncenter wp-image-84555 size-medium\" src=\"https:\/\/progettotouring.it\/radiotouring104\/wp-content\/uploads\/sites\/6\/2025\/10\/janis-joplin-1-300x181.png\" alt=\"\" width=\"300\" height=\"181\" srcset=\"https:\/\/progettotouring.it\/radiotouring104\/wp-content\/uploads\/sites\/6\/2025\/10\/janis-joplin-1-300x181.png 300w, https:\/\/progettotouring.it\/radiotouring104\/wp-content\/uploads\/sites\/6\/2025\/10\/janis-joplin-1-585x354.png 585w, https:\/\/progettotouring.it\/radiotouring104\/wp-content\/uploads\/sites\/6\/2025\/10\/janis-joplin-1.png 604w\" sizes=\"(max-width: 300px) 100vw, 300px\" \/><\/a><\/p>\n<p style=\"text-align: justify;\">Poco tempo prima Janis aveva avuto una focosa storia con <strong>Kris Kristofferson<\/strong>, aitante cantautore e attore (<strong>Pat Garrett e Billy the Kid<\/strong>, il film del \u201973 di <strong>Peckinpack<\/strong> con <strong>James Coburn<\/strong> musicato e anche interpretato da <strong>Bob Dylan<\/strong> \u00e8 la sua pietra miliare nella storia del western).<br \/>\nLa storia (o la leggenda, chiss\u00e0) racconta che la loro relazione fin\u00ec sul tavolino di un bar accanto a bicchieri colmi di Gin per lei e di Bourbon per lui. Mentre Janis sfogava la sua rabbia per le numerose scappatelle del fusto ombroso, lui prendeva degli appunti su un tovagliolo occhieggiando la prosperosa cameriera.<br \/>\nSi accordarono per mettere la parola fine sulla loro storia; quella tristezza di ogni amore terminato gi\u00e0 imbruttiva i loro visi giovani quando Kris, con quel suo sorriso da figlio de puta, gli lanci\u00f2 il tovagliolo appallottolato.<br \/>\n\u00c8 una canzone, le disse. L\u2019ho scritta per quella cameriera che \u00e8 tutta femmina. Pi\u00f9 o meno come te, aggiunse. Puoi cambiare il testo, gli accordi li ho appuntati accanto. Falla tua. Cantala, \u00e8 il mio regalo d\u2019addio.<br \/>\nJanis afferr\u00f2 il tovagliolo e tutta imbronciata se ne and\u00f2. Qualche tempo dopo cambi\u00f2 alcune parole, si invent\u00f2 il titolo, e la incise.<br \/>\nLa canzone \u00e8 <strong>Me and Bobby McGee<\/strong>, entrata postuma nella storia della musica contemporanea.<\/p>\n<blockquote>\n<p style=\"text-align: justify;\"><em>\u201cDalle miniere di carbone del Kuntucky al sole della California<\/em><em><br \/>\ns\u00ec, Bobby condivise i segreti della mia anima <\/em><em>attraverso<br \/>\nogni tipo di clima attraverso ogni cosa che abbiamo fatto<br \/>\ns\u00ec, Bobby tesoro, proteggimi dal freddo<br \/>\n<\/em><em>Un giorno vicino Salinas, Signore, l&#8217;ho lasciato scivolare via<br \/>\nsta cercando quella casa e spero che la trovi<br \/>\n<\/em><em>ma io cambierei tutti i miei domani per un solo ieri<br \/>\nper tenere il corpo di Bobby accanto al mio<br \/>\n&#8220;Libert\u00e0&#8221; \u00e8 solo un\u2019altra parola per dire che non c&#8217;\u00e8 niente da perdere<br \/>\nniente, intendo proprio niente, dolcezza, se non \u00e8 gratis.<br \/>\n<\/em><em>Sentirsi bene era facile, Signore, quando lui cantava pezzi blues<\/em><em><br \/>\ntu sai che sentirmi bene era abbastanza per me.\u201d<\/em><\/p>\n<\/blockquote>\n<p style=\"text-align: justify;\">Riposa in pace, Janis.<\/p>\n<hr \/>\n<h3><strong>Playlist di questa puntata:<\/strong><\/h3>\n<p><span style=\"color: #ff0000;\"><a style=\"color: #ff0000;\" href=\"https:\/\/www.youtube.com\/watch?v=5Cg-j0X09Ag&amp;list=PLR88I4WRrPtHg1DRNCV7Fb2-mfH3M9w47\" target=\"_blank\" rel=\"noopener\"><strong>QUI PER ASCOLTARLA SU YOUTUBE<\/strong><\/a>\u00a0<\/span>\u2013\u00a0\u00a0<a href=\"https:\/\/open.spotify.com\/playlist\/2XWQvDGirrJjlhKoeEIz87?si=HjVe0SXIT8aaQueAQmM80g\" target=\"_blank\" rel=\"noopener\"><strong>QUI PER ASCOLTARLA SU SPOTIFY<\/strong><\/a><\/p>\n<ul>\n<li style=\"text-align: justify;\"><strong>Me and Bobby McGee- Janis Joplin \u2605\u2605\u2605\u2605\u2605<\/strong><\/li>\n<li style=\"text-align: justify;\"><strong>Piece of my heart &#8211; Janis Joplin \u2605\u2605\u2605\u2605<\/strong><\/li>\n<li style=\"text-align: justify;\"><strong>Summertime \u2013 Janis Joplin \u2605\u2605\u2605\u2605\u2605<\/strong><\/li>\n<li style=\"text-align: justify;\"><strong>Me and Bobby McGee- The Highwaymen (Kristofferson, Johnny Cash, Willie Nelson, Waylong Jennings) \u2605\u2605\u2605<\/strong><\/li>\n<li style=\"text-align: justify;\"><strong>Mercedes Benz \u2013 Janis Joplin \u2605\u2605\u2605<\/strong><\/li>\n<li style=\"text-align: justify;\"><strong>Knockin\u2019 on Heaven doors \u2013 Bob Dylan (con Tom Petty, live) \u2605\u2605\u2605\u2605\u2605<\/strong><\/li>\n<li style=\"text-align: justify;\"><strong>Heroin- Lou Reed \u2605\u2605\u2605<\/strong><\/li>\n<\/ul>\n","protected":false},"excerpt":{"rendered":"<p>\u201cL\u2019Arcidiavolo e le diavolesse\u201d \u00e8 in onda ogni luned\u00ec alle 20:40 su Radio Touring 104 1970 3 ottobre: lascia questo mondo Janis Joplin, una delle voci pi\u00f9 importanti del secolo&hellip;<\/p>\n","protected":false},"author":27,"featured_media":84552,"comment_status":"closed","ping_status":"open","sticky":false,"template":"","format":"standard","meta":{"_jetpack_memberships_contains_paid_content":false,"footnotes":"","jetpack_publicize_message":"","jetpack_publicize_feature_enabled":true,"jetpack_social_post_already_shared":true,"jetpack_social_options":{"image_generator_settings":{"template":"highway","default_image_id":0,"font":"","enabled":false},"version":2}},"categories":[48322,196],"tags":[],"class_list":["post-84547","post","type-post","status-publish","format-standard","has-post-thumbnail","hentry","category-kronomusica","category-news"],"yoast_head":"<!-- This site is optimized with the Yoast SEO plugin v27.2 - https:\/\/yoast.com\/product\/yoast-seo-wordpress\/ -->\n<title>Me and Bobby McGee: il ricordo di Janis Joplin - Radio Touring 104<\/title>\n<meta name=\"description\" content=\"Il 3 ottobre 1970 si spegneva a soli 27 anni, in una tragica e precoce fine, Janis Joplin: una delle voci pi\u00f9 importanti del secolo\" \/>\n<meta name=\"robots\" content=\"index, follow, max-snippet:-1, max-image-preview:large, max-video-preview:-1\" \/>\n<link rel=\"canonical\" href=\"https:\/\/progettotouring.it\/radiotouring104\/2025\/10\/23\/me-and-bobby-mcgee-il-ricordo-di-janis-joplin\/\" \/>\n<meta property=\"og:locale\" content=\"it_IT\" \/>\n<meta property=\"og:type\" content=\"article\" \/>\n<meta property=\"og:title\" content=\"Me and Bobby McGee: il ricordo di Janis Joplin - Radio Touring 104\" \/>\n<meta property=\"og:description\" content=\"Il 3 ottobre 1970 si spegneva a soli 27 anni, in una tragica e precoce fine, Janis Joplin: una delle voci pi\u00f9 importanti del secolo\" \/>\n<meta property=\"og:url\" content=\"https:\/\/progettotouring.it\/radiotouring104\/2025\/10\/23\/me-and-bobby-mcgee-il-ricordo-di-janis-joplin\/\" \/>\n<meta property=\"og:site_name\" content=\"Radio Touring 104\" \/>\n<meta property=\"article:published_time\" content=\"2025-10-23T15:59:26+00:00\" \/>\n<meta property=\"article:modified_time\" content=\"2025-10-23T16:04:25+00:00\" \/>\n<meta property=\"og:image\" content=\"https:\/\/progettotouring.it\/radiotouring104\/wp-content\/uploads\/sites\/6\/2025\/10\/Janis-Joplin.png\" \/>\n\t<meta property=\"og:image:width\" content=\"918\" \/>\n\t<meta property=\"og:image:height\" content=\"580\" \/>\n\t<meta property=\"og:image:type\" content=\"image\/png\" \/>\n<meta name=\"author\" content=\"Antonio Calabr\u00f2\" \/>\n<meta name=\"twitter:card\" content=\"summary_large_image\" \/>\n<meta name=\"twitter:label1\" content=\"Scritto da\" \/>\n\t<meta name=\"twitter:data1\" content=\"Antonio Calabr\u00f2\" \/>\n\t<meta name=\"twitter:label2\" content=\"Tempo di lettura stimato\" \/>\n\t<meta name=\"twitter:data2\" content=\"5 minuti\" \/>\n<script type=\"application\/ld+json\" class=\"yoast-schema-graph\">{\"@context\":\"https:\/\/schema.org\",\"@graph\":[{\"@type\":\"Article\",\"@id\":\"https:\/\/progettotouring.it\/radiotouring104\/2025\/10\/23\/me-and-bobby-mcgee-il-ricordo-di-janis-joplin\/#article\",\"isPartOf\":{\"@id\":\"https:\/\/progettotouring.it\/radiotouring104\/2025\/10\/23\/me-and-bobby-mcgee-il-ricordo-di-janis-joplin\/\"},\"author\":{\"name\":\"Antonio Calabr\u00f2\",\"@id\":\"https:\/\/progettotouring.it\/radiotouring104\/#\/schema\/person\/ad0cbf3f1a8a265b9e7cefdf9608dc62\"},\"headline\":\"Me and Bobby McGee: il ricordo di Janis Joplin\",\"datePublished\":\"2025-10-23T15:59:26+00:00\",\"dateModified\":\"2025-10-23T16:04:25+00:00\",\"mainEntityOfPage\":{\"@id\":\"https:\/\/progettotouring.it\/radiotouring104\/2025\/10\/23\/me-and-bobby-mcgee-il-ricordo-di-janis-joplin\/\"},\"wordCount\":937,\"publisher\":{\"@id\":\"https:\/\/progettotouring.it\/radiotouring104\/#organization\"},\"image\":{\"@id\":\"https:\/\/progettotouring.it\/radiotouring104\/2025\/10\/23\/me-and-bobby-mcgee-il-ricordo-di-janis-joplin\/#primaryimage\"},\"thumbnailUrl\":\"https:\/\/progettotouring.it\/radiotouring104\/wp-content\/uploads\/sites\/6\/2025\/10\/Janis-Joplin.png\",\"articleSection\":[\"KronoMusica\",\"News\"],\"inLanguage\":\"it-IT\"},{\"@type\":\"WebPage\",\"@id\":\"https:\/\/progettotouring.it\/radiotouring104\/2025\/10\/23\/me-and-bobby-mcgee-il-ricordo-di-janis-joplin\/\",\"url\":\"https:\/\/progettotouring.it\/radiotouring104\/2025\/10\/23\/me-and-bobby-mcgee-il-ricordo-di-janis-joplin\/\",\"name\":\"Me and Bobby McGee: il ricordo di Janis Joplin - Radio Touring 104\",\"isPartOf\":{\"@id\":\"https:\/\/progettotouring.it\/radiotouring104\/#website\"},\"primaryImageOfPage\":{\"@id\":\"https:\/\/progettotouring.it\/radiotouring104\/2025\/10\/23\/me-and-bobby-mcgee-il-ricordo-di-janis-joplin\/#primaryimage\"},\"image\":{\"@id\":\"https:\/\/progettotouring.it\/radiotouring104\/2025\/10\/23\/me-and-bobby-mcgee-il-ricordo-di-janis-joplin\/#primaryimage\"},\"thumbnailUrl\":\"https:\/\/progettotouring.it\/radiotouring104\/wp-content\/uploads\/sites\/6\/2025\/10\/Janis-Joplin.png\",\"datePublished\":\"2025-10-23T15:59:26+00:00\",\"dateModified\":\"2025-10-23T16:04:25+00:00\",\"description\":\"Il 3 ottobre 1970 si spegneva a soli 27 anni, in una tragica e precoce fine, Janis Joplin: una delle voci pi\u00f9 importanti del secolo\",\"breadcrumb\":{\"@id\":\"https:\/\/progettotouring.it\/radiotouring104\/2025\/10\/23\/me-and-bobby-mcgee-il-ricordo-di-janis-joplin\/#breadcrumb\"},\"inLanguage\":\"it-IT\",\"potentialAction\":[{\"@type\":\"ReadAction\",\"target\":[\"https:\/\/progettotouring.it\/radiotouring104\/2025\/10\/23\/me-and-bobby-mcgee-il-ricordo-di-janis-joplin\/\"]}]},{\"@type\":\"ImageObject\",\"inLanguage\":\"it-IT\",\"@id\":\"https:\/\/progettotouring.it\/radiotouring104\/2025\/10\/23\/me-and-bobby-mcgee-il-ricordo-di-janis-joplin\/#primaryimage\",\"url\":\"https:\/\/progettotouring.it\/radiotouring104\/wp-content\/uploads\/sites\/6\/2025\/10\/Janis-Joplin.png\",\"contentUrl\":\"https:\/\/progettotouring.it\/radiotouring104\/wp-content\/uploads\/sites\/6\/2025\/10\/Janis-Joplin.png\",\"width\":918,\"height\":580},{\"@type\":\"BreadcrumbList\",\"@id\":\"https:\/\/progettotouring.it\/radiotouring104\/2025\/10\/23\/me-and-bobby-mcgee-il-ricordo-di-janis-joplin\/#breadcrumb\",\"itemListElement\":[{\"@type\":\"ListItem\",\"position\":1,\"name\":\"Home\",\"item\":\"https:\/\/progettotouring.it\/radiotouring104\/\"},{\"@type\":\"ListItem\",\"position\":2,\"name\":\"Me and Bobby McGee: il ricordo di Janis Joplin\"}]},{\"@type\":\"WebSite\",\"@id\":\"https:\/\/progettotouring.it\/radiotouring104\/#website\",\"url\":\"https:\/\/progettotouring.it\/radiotouring104\/\",\"name\":\"Radio Touring 104\",\"description\":\"La prima radio Reggina\",\"publisher\":{\"@id\":\"https:\/\/progettotouring.it\/radiotouring104\/#organization\"},\"potentialAction\":[{\"@type\":\"SearchAction\",\"target\":{\"@type\":\"EntryPoint\",\"urlTemplate\":\"https:\/\/progettotouring.it\/radiotouring104\/?s={search_term_string}\"},\"query-input\":{\"@type\":\"PropertyValueSpecification\",\"valueRequired\":true,\"valueName\":\"search_term_string\"}}],\"inLanguage\":\"it-IT\"},{\"@type\":\"Organization\",\"@id\":\"https:\/\/progettotouring.it\/radiotouring104\/#organization\",\"name\":\"Radio Touring 104\",\"url\":\"https:\/\/progettotouring.it\/radiotouring104\/\",\"logo\":{\"@type\":\"ImageObject\",\"inLanguage\":\"it-IT\",\"@id\":\"https:\/\/progettotouring.it\/radiotouring104\/#\/schema\/logo\/image\/\",\"url\":\"https:\/\/progettotouring.it\/radiotouring104\/wp-content\/uploads\/sites\/6\/2022\/02\/cropped-logo-radio-touring-104.png\",\"contentUrl\":\"https:\/\/progettotouring.it\/radiotouring104\/wp-content\/uploads\/sites\/6\/2022\/02\/cropped-logo-radio-touring-104.png\",\"width\":377,\"height\":182,\"caption\":\"Radio Touring 104\"},\"image\":{\"@id\":\"https:\/\/progettotouring.it\/radiotouring104\/#\/schema\/logo\/image\/\"}},{\"@type\":\"Person\",\"@id\":\"https:\/\/progettotouring.it\/radiotouring104\/#\/schema\/person\/ad0cbf3f1a8a265b9e7cefdf9608dc62\",\"name\":\"Antonio Calabr\u00f2\",\"image\":{\"@type\":\"ImageObject\",\"inLanguage\":\"it-IT\",\"@id\":\"https:\/\/secure.gravatar.com\/avatar\/aed9153db199c5754cb8ce837f2cba3fe5b54a7225ffe398981910f9164b54ed?s=96&d=mm&r=g\",\"url\":\"https:\/\/secure.gravatar.com\/avatar\/aed9153db199c5754cb8ce837f2cba3fe5b54a7225ffe398981910f9164b54ed?s=96&d=mm&r=g\",\"contentUrl\":\"https:\/\/secure.gravatar.com\/avatar\/aed9153db199c5754cb8ce837f2cba3fe5b54a7225ffe398981910f9164b54ed?s=96&d=mm&r=g\",\"caption\":\"Antonio Calabr\u00f2\"},\"url\":\"https:\/\/progettotouring.it\/radiotouring104\/author\/antoniocal\/\"}]}<\/script>\n<!-- \/ Yoast SEO plugin. -->","yoast_head_json":{"title":"Me and Bobby McGee: il ricordo di Janis Joplin - Radio Touring 104","description":"Il 3 ottobre 1970 si spegneva a soli 27 anni, in una tragica e precoce fine, Janis Joplin: una delle voci pi\u00f9 importanti del secolo","robots":{"index":"index","follow":"follow","max-snippet":"max-snippet:-1","max-image-preview":"max-image-preview:large","max-video-preview":"max-video-preview:-1"},"canonical":"https:\/\/progettotouring.it\/radiotouring104\/2025\/10\/23\/me-and-bobby-mcgee-il-ricordo-di-janis-joplin\/","og_locale":"it_IT","og_type":"article","og_title":"Me and Bobby McGee: il ricordo di Janis Joplin - Radio Touring 104","og_description":"Il 3 ottobre 1970 si spegneva a soli 27 anni, in una tragica e precoce fine, Janis Joplin: una delle voci pi\u00f9 importanti del secolo","og_url":"https:\/\/progettotouring.it\/radiotouring104\/2025\/10\/23\/me-and-bobby-mcgee-il-ricordo-di-janis-joplin\/","og_site_name":"Radio Touring 104","article_published_time":"2025-10-23T15:59:26+00:00","article_modified_time":"2025-10-23T16:04:25+00:00","og_image":[{"width":918,"height":580,"url":"https:\/\/progettotouring.it\/radiotouring104\/wp-content\/uploads\/sites\/6\/2025\/10\/Janis-Joplin.png","type":"image\/png"}],"author":"Antonio Calabr\u00f2","twitter_card":"summary_large_image","twitter_misc":{"Scritto da":"Antonio Calabr\u00f2","Tempo di lettura stimato":"5 minuti"},"schema":{"@context":"https:\/\/schema.org","@graph":[{"@type":"Article","@id":"https:\/\/progettotouring.it\/radiotouring104\/2025\/10\/23\/me-and-bobby-mcgee-il-ricordo-di-janis-joplin\/#article","isPartOf":{"@id":"https:\/\/progettotouring.it\/radiotouring104\/2025\/10\/23\/me-and-bobby-mcgee-il-ricordo-di-janis-joplin\/"},"author":{"name":"Antonio Calabr\u00f2","@id":"https:\/\/progettotouring.it\/radiotouring104\/#\/schema\/person\/ad0cbf3f1a8a265b9e7cefdf9608dc62"},"headline":"Me and Bobby McGee: il ricordo di Janis Joplin","datePublished":"2025-10-23T15:59:26+00:00","dateModified":"2025-10-23T16:04:25+00:00","mainEntityOfPage":{"@id":"https:\/\/progettotouring.it\/radiotouring104\/2025\/10\/23\/me-and-bobby-mcgee-il-ricordo-di-janis-joplin\/"},"wordCount":937,"publisher":{"@id":"https:\/\/progettotouring.it\/radiotouring104\/#organization"},"image":{"@id":"https:\/\/progettotouring.it\/radiotouring104\/2025\/10\/23\/me-and-bobby-mcgee-il-ricordo-di-janis-joplin\/#primaryimage"},"thumbnailUrl":"https:\/\/progettotouring.it\/radiotouring104\/wp-content\/uploads\/sites\/6\/2025\/10\/Janis-Joplin.png","articleSection":["KronoMusica","News"],"inLanguage":"it-IT"},{"@type":"WebPage","@id":"https:\/\/progettotouring.it\/radiotouring104\/2025\/10\/23\/me-and-bobby-mcgee-il-ricordo-di-janis-joplin\/","url":"https:\/\/progettotouring.it\/radiotouring104\/2025\/10\/23\/me-and-bobby-mcgee-il-ricordo-di-janis-joplin\/","name":"Me and Bobby McGee: il ricordo di Janis Joplin - Radio Touring 104","isPartOf":{"@id":"https:\/\/progettotouring.it\/radiotouring104\/#website"},"primaryImageOfPage":{"@id":"https:\/\/progettotouring.it\/radiotouring104\/2025\/10\/23\/me-and-bobby-mcgee-il-ricordo-di-janis-joplin\/#primaryimage"},"image":{"@id":"https:\/\/progettotouring.it\/radiotouring104\/2025\/10\/23\/me-and-bobby-mcgee-il-ricordo-di-janis-joplin\/#primaryimage"},"thumbnailUrl":"https:\/\/progettotouring.it\/radiotouring104\/wp-content\/uploads\/sites\/6\/2025\/10\/Janis-Joplin.png","datePublished":"2025-10-23T15:59:26+00:00","dateModified":"2025-10-23T16:04:25+00:00","description":"Il 3 ottobre 1970 si spegneva a soli 27 anni, in una tragica e precoce fine, Janis Joplin: una delle voci pi\u00f9 importanti del secolo","breadcrumb":{"@id":"https:\/\/progettotouring.it\/radiotouring104\/2025\/10\/23\/me-and-bobby-mcgee-il-ricordo-di-janis-joplin\/#breadcrumb"},"inLanguage":"it-IT","potentialAction":[{"@type":"ReadAction","target":["https:\/\/progettotouring.it\/radiotouring104\/2025\/10\/23\/me-and-bobby-mcgee-il-ricordo-di-janis-joplin\/"]}]},{"@type":"ImageObject","inLanguage":"it-IT","@id":"https:\/\/progettotouring.it\/radiotouring104\/2025\/10\/23\/me-and-bobby-mcgee-il-ricordo-di-janis-joplin\/#primaryimage","url":"https:\/\/progettotouring.it\/radiotouring104\/wp-content\/uploads\/sites\/6\/2025\/10\/Janis-Joplin.png","contentUrl":"https:\/\/progettotouring.it\/radiotouring104\/wp-content\/uploads\/sites\/6\/2025\/10\/Janis-Joplin.png","width":918,"height":580},{"@type":"BreadcrumbList","@id":"https:\/\/progettotouring.it\/radiotouring104\/2025\/10\/23\/me-and-bobby-mcgee-il-ricordo-di-janis-joplin\/#breadcrumb","itemListElement":[{"@type":"ListItem","position":1,"name":"Home","item":"https:\/\/progettotouring.it\/radiotouring104\/"},{"@type":"ListItem","position":2,"name":"Me and Bobby McGee: il ricordo di Janis Joplin"}]},{"@type":"WebSite","@id":"https:\/\/progettotouring.it\/radiotouring104\/#website","url":"https:\/\/progettotouring.it\/radiotouring104\/","name":"Radio Touring 104","description":"La prima radio Reggina","publisher":{"@id":"https:\/\/progettotouring.it\/radiotouring104\/#organization"},"potentialAction":[{"@type":"SearchAction","target":{"@type":"EntryPoint","urlTemplate":"https:\/\/progettotouring.it\/radiotouring104\/?s={search_term_string}"},"query-input":{"@type":"PropertyValueSpecification","valueRequired":true,"valueName":"search_term_string"}}],"inLanguage":"it-IT"},{"@type":"Organization","@id":"https:\/\/progettotouring.it\/radiotouring104\/#organization","name":"Radio Touring 104","url":"https:\/\/progettotouring.it\/radiotouring104\/","logo":{"@type":"ImageObject","inLanguage":"it-IT","@id":"https:\/\/progettotouring.it\/radiotouring104\/#\/schema\/logo\/image\/","url":"https:\/\/progettotouring.it\/radiotouring104\/wp-content\/uploads\/sites\/6\/2022\/02\/cropped-logo-radio-touring-104.png","contentUrl":"https:\/\/progettotouring.it\/radiotouring104\/wp-content\/uploads\/sites\/6\/2022\/02\/cropped-logo-radio-touring-104.png","width":377,"height":182,"caption":"Radio Touring 104"},"image":{"@id":"https:\/\/progettotouring.it\/radiotouring104\/#\/schema\/logo\/image\/"}},{"@type":"Person","@id":"https:\/\/progettotouring.it\/radiotouring104\/#\/schema\/person\/ad0cbf3f1a8a265b9e7cefdf9608dc62","name":"Antonio Calabr\u00f2","image":{"@type":"ImageObject","inLanguage":"it-IT","@id":"https:\/\/secure.gravatar.com\/avatar\/aed9153db199c5754cb8ce837f2cba3fe5b54a7225ffe398981910f9164b54ed?s=96&d=mm&r=g","url":"https:\/\/secure.gravatar.com\/avatar\/aed9153db199c5754cb8ce837f2cba3fe5b54a7225ffe398981910f9164b54ed?s=96&d=mm&r=g","contentUrl":"https:\/\/secure.gravatar.com\/avatar\/aed9153db199c5754cb8ce837f2cba3fe5b54a7225ffe398981910f9164b54ed?s=96&d=mm&r=g","caption":"Antonio Calabr\u00f2"},"url":"https:\/\/progettotouring.it\/radiotouring104\/author\/antoniocal\/"}]}},"jetpack_publicize_connections":[],"jetpack_featured_media_url":"https:\/\/progettotouring.it\/radiotouring104\/wp-content\/uploads\/sites\/6\/2025\/10\/Janis-Joplin.png","jetpack_sharing_enabled":true,"_links":{"self":[{"href":"https:\/\/progettotouring.it\/radiotouring104\/wp-json\/wp\/v2\/posts\/84547","targetHints":{"allow":["GET"]}}],"collection":[{"href":"https:\/\/progettotouring.it\/radiotouring104\/wp-json\/wp\/v2\/posts"}],"about":[{"href":"https:\/\/progettotouring.it\/radiotouring104\/wp-json\/wp\/v2\/types\/post"}],"author":[{"embeddable":true,"href":"https:\/\/progettotouring.it\/radiotouring104\/wp-json\/wp\/v2\/users\/27"}],"replies":[{"embeddable":true,"href":"https:\/\/progettotouring.it\/radiotouring104\/wp-json\/wp\/v2\/comments?post=84547"}],"version-history":[{"count":3,"href":"https:\/\/progettotouring.it\/radiotouring104\/wp-json\/wp\/v2\/posts\/84547\/revisions"}],"predecessor-version":[{"id":84557,"href":"https:\/\/progettotouring.it\/radiotouring104\/wp-json\/wp\/v2\/posts\/84547\/revisions\/84557"}],"wp:featuredmedia":[{"embeddable":true,"href":"https:\/\/progettotouring.it\/radiotouring104\/wp-json\/wp\/v2\/media\/84552"}],"wp:attachment":[{"href":"https:\/\/progettotouring.it\/radiotouring104\/wp-json\/wp\/v2\/media?parent=84547"}],"wp:term":[{"taxonomy":"category","embeddable":true,"href":"https:\/\/progettotouring.it\/radiotouring104\/wp-json\/wp\/v2\/categories?post=84547"},{"taxonomy":"post_tag","embeddable":true,"href":"https:\/\/progettotouring.it\/radiotouring104\/wp-json\/wp\/v2\/tags?post=84547"}],"curies":[{"name":"wp","href":"https:\/\/api.w.org\/{rel}","templated":true}]}}