{"id":84562,"date":"2025-10-23T21:33:01","date_gmt":"2025-10-23T19:33:01","guid":{"rendered":"https:\/\/progettotouring.it\/radiotouring104\/?p=84562"},"modified":"2025-10-23T21:33:01","modified_gmt":"2025-10-23T19:33:01","slug":"bergare-si-alza-il-sipario-del-festival-dedicato-al-bergamotto","status":"publish","type":"post","link":"https:\/\/progettotouring.it\/radiotouring104\/2025\/10\/23\/bergare-si-alza-il-sipario-del-festival-dedicato-al-bergamotto\/","title":{"rendered":"Bergar\u00e8: si alza il sipario del Festival dedicato al Bergamotto"},"content":{"rendered":"<div>Il Sindaco Metropolitano Falcomat\u00e0, intervenuto all&#8217;inaugurazione del <em>Villaggio Bergar\u00e8,\u00a0<\/em>si \u00e8 cos\u00ec espresso sull&#8217;evento incentrato sul<div id=\"penci-post-gallery__27041\" class=\"penci-post-gallery-container single-slider column-3\" data-height=\"150\" data-margin=\"3\"><div class=\"penci-owl-carousel penci-owl-carousel-slider penci-nav-visible\" data-auto=\"true\" data-lazy=\"true\"><figure><a class=\"penci-gallery-ite item-gallery-single-slider item-link-relative\" href=\"https:\/\/progettotouring.it\/radiotouring104\/wp-content\/uploads\/sites\/6\/2025\/10\/Bergare_11.jpeg\"><span class=\"penci-isotope-padding\" style=\"padding-bottom:56.23931624%;\"><\/span><img decoding=\"async\" src=\"https:\/\/progettotouring.it\/radiotouring104\/wp-content\/uploads\/sites\/6\/2025\/10\/Bergare_11-1170x658.jpeg\" alt=\"\" title=\"Bergar\u00e8_(11)\"><\/a><\/figure><figure><a class=\"penci-gallery-ite item-gallery-single-slider item-link-relative\" href=\"https:\/\/progettotouring.it\/radiotouring104\/wp-content\/uploads\/sites\/6\/2025\/10\/Bergare_10.jpeg\"><span class=\"penci-isotope-padding\" style=\"padding-bottom:56.23931624%;\"><\/span><img decoding=\"async\" src=\"https:\/\/progettotouring.it\/radiotouring104\/wp-content\/uploads\/sites\/6\/2025\/10\/Bergare_10-1170x658.jpeg\" alt=\"\" title=\"Bergar\u00e8_(10)\"><\/a><\/figure><figure><a class=\"penci-gallery-ite item-gallery-single-slider item-link-relative\" href=\"https:\/\/progettotouring.it\/radiotouring104\/wp-content\/uploads\/sites\/6\/2025\/10\/Bergare_9.jpeg\"><span class=\"penci-isotope-padding\" style=\"padding-bottom:56.23931624%;\"><\/span><img decoding=\"async\" src=\"https:\/\/progettotouring.it\/radiotouring104\/wp-content\/uploads\/sites\/6\/2025\/10\/Bergare_9-1170x658.jpeg\" alt=\"\" title=\"Bergar\u00e8_(9)\"><\/a><\/figure><figure><a class=\"penci-gallery-ite item-gallery-single-slider item-link-relative\" href=\"https:\/\/progettotouring.it\/radiotouring104\/wp-content\/uploads\/sites\/6\/2025\/10\/Bergare_5.jpeg\"><span class=\"penci-isotope-padding\" style=\"padding-bottom:56.23931624%;\"><\/span><img decoding=\"async\" src=\"https:\/\/progettotouring.it\/radiotouring104\/wp-content\/uploads\/sites\/6\/2025\/10\/Bergare_5-1170x658.jpeg\" alt=\"\" title=\"Bergar\u00e8_(5)\"><\/a><\/figure><figure><a class=\"penci-gallery-ite item-gallery-single-slider item-link-relative\" href=\"https:\/\/progettotouring.it\/radiotouring104\/wp-content\/uploads\/sites\/6\/2025\/10\/Bergare_8.jpeg\"><span class=\"penci-isotope-padding\" style=\"padding-bottom:56.23931624%;\"><\/span><img decoding=\"async\" src=\"https:\/\/progettotouring.it\/radiotouring104\/wp-content\/uploads\/sites\/6\/2025\/10\/Bergare_8-1170x658.jpeg\" alt=\"\" title=\"Bergar\u00e8_(8)\"><\/a><\/figure><figure><a class=\"penci-gallery-ite item-gallery-single-slider item-link-relative\" href=\"https:\/\/progettotouring.it\/radiotouring104\/wp-content\/uploads\/sites\/6\/2025\/10\/Bergare_6.jpeg\"><span class=\"penci-isotope-padding\" style=\"padding-bottom:56.23931624%;\"><\/span><img decoding=\"async\" src=\"https:\/\/progettotouring.it\/radiotouring104\/wp-content\/uploads\/sites\/6\/2025\/10\/Bergare_6-1170x658.jpeg\" alt=\"\" title=\"Bergar\u00e8_(6)\"><\/a><\/figure><figure><a class=\"penci-gallery-ite item-gallery-single-slider item-link-relative\" href=\"https:\/\/progettotouring.it\/radiotouring104\/wp-content\/uploads\/sites\/6\/2025\/10\/Bergare.jpeg\"><span class=\"penci-isotope-padding\" style=\"padding-bottom:56.23931624%;\"><\/span><img decoding=\"async\" src=\"https:\/\/progettotouring.it\/radiotouring104\/wp-content\/uploads\/sites\/6\/2025\/10\/Bergare-1170x658.jpeg\" alt=\"\" title=\"Bergar\u00e8\"><\/a><\/figure><figure><a class=\"penci-gallery-ite item-gallery-single-slider item-link-relative\" href=\"https:\/\/progettotouring.it\/radiotouring104\/wp-content\/uploads\/sites\/6\/2025\/10\/Bergare_3.jpeg\"><span class=\"penci-isotope-padding\" style=\"padding-bottom:56.23931624%;\"><\/span><img decoding=\"async\" src=\"https:\/\/progettotouring.it\/radiotouring104\/wp-content\/uploads\/sites\/6\/2025\/10\/Bergare_3-1170x658.jpeg\" alt=\"\" title=\"Bergar\u00e8_(3)\"><\/a><\/figure><figure><a class=\"penci-gallery-ite item-gallery-single-slider item-link-relative\" href=\"https:\/\/progettotouring.it\/radiotouring104\/wp-content\/uploads\/sites\/6\/2025\/10\/Bergare_2.jpeg\"><span class=\"penci-isotope-padding\" style=\"padding-bottom:56.23931624%;\"><\/span><img decoding=\"async\" src=\"https:\/\/progettotouring.it\/radiotouring104\/wp-content\/uploads\/sites\/6\/2025\/10\/Bergare_2-1170x658.jpeg\" alt=\"\" title=\"Bergar\u00e8_(2)\"><\/a><\/figure><figure><a class=\"penci-gallery-ite item-gallery-single-slider item-link-relative\" href=\"https:\/\/progettotouring.it\/radiotouring104\/wp-content\/uploads\/sites\/6\/2025\/10\/Bergare_4.jpeg\"><span class=\"penci-isotope-padding\" style=\"padding-bottom:45.04273504%;\"><\/span><img decoding=\"async\" src=\"https:\/\/progettotouring.it\/radiotouring104\/wp-content\/uploads\/sites\/6\/2025\/10\/Bergare_4-1170x527.jpeg\" alt=\"\" title=\"Bergar\u00e8_(4)\"><\/a><\/figure><\/div><\/div><\/p>\n<p>:<\/p><\/div>\n<div>\u201c<em>Un\u2019iniziativa che si ripete, si migliora e che si arricchisce di tante novit\u00e0, grazie ad una sinergia istituzionale che punta su ci\u00f2 che rappresenta meglio la nostra identit\u00e0 e il nostro patrimonio agroalimentare\u201d.<\/em><\/p>\n<p>\u201c<em>La missione che ci proponiamo di raggiungere con eventi come questo<\/em>\u00a0 <em>\u00e8 quello di creare una rete pubblico-privata che metta assieme le esigenze della filiera del bergamotto, con le aziende che lavorano ed esportano il prodotto, ma soprattutto, con buyers internazionali, che, grazie alla grande attivit\u00e0 di promozione e valorizzazione del nostro oro verde, riconoscono l\u2019inestimabile valore economico e sociale che rappresenta per l\u2019intero territorio della Citt\u00e0 Metropolitana\u201d<\/em>.<\/p>\n<p><em>&#8220;Questa quarta edizione di Bergar\u00e8 sar\u00e0 accompagnata da eventi collaterali, appositamente programmati e voluti come il progetto DIGITALIZE che coinvolge stakeholders provenienti da otto Paesi europei, finalizzato a promuovere attivit\u00e0 e scambi culturali sul tema\u00a0della\u00a0digitalizzazione\u00a0e\u00a0della\u00a0sostenibilit\u00e0 del turismo, favorendo l\u2019uso di strumenti innovativi per migliorare l\u2019esperienza dei visitatori, attrarre nuovi target di turisti, promuovere appunto la sostenibilit\u00e0 e l\u2019innovazione nel settore turistico&#8221;.<\/em><\/p>\n<p>\u201c<em>Grazie a tutte le aziende e alle associazioni che animeranno, da qui ai prossimi giorni, una kermesse che possiamo definire istituzionalizzata, e che generer\u00e0 &#8211; siamo certi &#8211; aggregazione, attrattivit\u00e0 e grande interesse\u201d.<\/em><\/div>\n<div>\n<div class=\"gmail_signature\" dir=\"ltr\" data-smartmail=\"gmail_signature\">\n<div dir=\"ltr\">\n<div>\n<div><\/div>\n<div><\/div>\n<\/div>\n<\/div>\n<\/div>\n<\/div>\n","protected":false},"excerpt":{"rendered":"<p>Il Sindaco Metropolitano Falcomat\u00e0, intervenuto all&#8217;inaugurazione del Villaggio Bergar\u00e8,\u00a0si \u00e8 cos\u00ec espresso sull&#8217;evento incentrato sul : \u201cUn\u2019iniziativa che si ripete, si migliora e che si arricchisce di tante novit\u00e0, grazie&hellip;<\/p>\n","protected":false},"author":19,"featured_media":84563,"comment_status":"closed","ping_status":"open","sticky":false,"template":"","format":"standard","meta":{"_jetpack_memberships_contains_paid_content":false,"footnotes":"","jetpack_publicize_message":"","jetpack_publicize_feature_enabled":true,"jetpack_social_post_already_shared":true,"jetpack_social_options":{"image_generator_settings":{"template":"highway","default_image_id":0,"font":"","enabled":false},"version":2}},"categories":[921,196,140],"tags":[],"class_list":["post-84562","post","type-post","status-publish","format-standard","has-post-thumbnail","hentry","category-home","category-news","category-reggio-calabria"],"yoast_head":"<!-- This site is optimized with the Yoast SEO plugin v27.2 - https:\/\/yoast.com\/product\/yoast-seo-wordpress\/ -->\n<title>Bergar\u00e8: si alza il sipario del Festival dedicato al Bergamotto - Radio Touring 104<\/title>\n<meta name=\"description\" content=\"Falcomat\u00e0: \u201cQui il cuore pulsante di un\u2019economia sana e che valorizza l\u2019identit\u00e0 del nostro territorio\u201d\" \/>\n<meta name=\"robots\" content=\"index, follow, max-snippet:-1, max-image-preview:large, max-video-preview:-1\" \/>\n<link rel=\"canonical\" href=\"https:\/\/progettotouring.it\/radiotouring104\/2025\/10\/23\/bergare-si-alza-il-sipario-del-festival-dedicato-al-bergamotto\/\" \/>\n<meta property=\"og:locale\" content=\"it_IT\" \/>\n<meta property=\"og:type\" content=\"article\" \/>\n<meta property=\"og:title\" content=\"Bergar\u00e8: si alza il sipario del Festival dedicato al Bergamotto - Radio Touring 104\" \/>\n<meta property=\"og:description\" content=\"Falcomat\u00e0: \u201cQui il cuore pulsante di un\u2019economia sana e che valorizza l\u2019identit\u00e0 del nostro territorio\u201d\" \/>\n<meta property=\"og:url\" content=\"https:\/\/progettotouring.it\/radiotouring104\/2025\/10\/23\/bergare-si-alza-il-sipario-del-festival-dedicato-al-bergamotto\/\" \/>\n<meta property=\"og:site_name\" content=\"Radio Touring 104\" \/>\n<meta property=\"article:published_time\" content=\"2025-10-23T19:33:01+00:00\" \/>\n<meta property=\"og:image\" content=\"https:\/\/progettotouring.it\/radiotouring104\/wp-content\/uploads\/sites\/6\/2025\/10\/IMMAGINI-X-SITO-2025-10-23T212815.863.jpg\" \/>\n\t<meta property=\"og:image:width\" content=\"2000\" \/>\n\t<meta property=\"og:image:height\" content=\"1545\" \/>\n\t<meta property=\"og:image:type\" content=\"image\/jpeg\" \/>\n<meta name=\"author\" content=\"S L\" \/>\n<meta name=\"twitter:card\" content=\"summary_large_image\" \/>\n<meta name=\"twitter:label1\" content=\"Scritto da\" \/>\n\t<meta name=\"twitter:data1\" content=\"S L\" \/>\n\t<meta name=\"twitter:label2\" content=\"Tempo di lettura stimato\" \/>\n\t<meta name=\"twitter:data2\" content=\"1 minuto\" \/>\n<script type=\"application\/ld+json\" class=\"yoast-schema-graph\">{\"@context\":\"https:\/\/schema.org\",\"@graph\":[{\"@type\":\"Article\",\"@id\":\"https:\/\/progettotouring.it\/radiotouring104\/2025\/10\/23\/bergare-si-alza-il-sipario-del-festival-dedicato-al-bergamotto\/#article\",\"isPartOf\":{\"@id\":\"https:\/\/progettotouring.it\/radiotouring104\/2025\/10\/23\/bergare-si-alza-il-sipario-del-festival-dedicato-al-bergamotto\/\"},\"author\":{\"name\":\"S L\",\"@id\":\"https:\/\/progettotouring.it\/radiotouring104\/#\/schema\/person\/b9f9c3730b0a78814c9b9f3bfc52c619\"},\"headline\":\"Bergar\u00e8: si alza il sipario del Festival dedicato al Bergamotto\",\"datePublished\":\"2025-10-23T19:33:01+00:00\",\"mainEntityOfPage\":{\"@id\":\"https:\/\/progettotouring.it\/radiotouring104\/2025\/10\/23\/bergare-si-alza-il-sipario-del-festival-dedicato-al-bergamotto\/\"},\"wordCount\":237,\"publisher\":{\"@id\":\"https:\/\/progettotouring.it\/radiotouring104\/#organization\"},\"image\":{\"@id\":\"https:\/\/progettotouring.it\/radiotouring104\/2025\/10\/23\/bergare-si-alza-il-sipario-del-festival-dedicato-al-bergamotto\/#primaryimage\"},\"thumbnailUrl\":\"https:\/\/progettotouring.it\/radiotouring104\/wp-content\/uploads\/sites\/6\/2025\/10\/IMMAGINI-X-SITO-2025-10-23T212815.863.jpg\",\"articleSection\":[\"Home\",\"News\",\"Reggio Calabria\"],\"inLanguage\":\"it-IT\"},{\"@type\":\"WebPage\",\"@id\":\"https:\/\/progettotouring.it\/radiotouring104\/2025\/10\/23\/bergare-si-alza-il-sipario-del-festival-dedicato-al-bergamotto\/\",\"url\":\"https:\/\/progettotouring.it\/radiotouring104\/2025\/10\/23\/bergare-si-alza-il-sipario-del-festival-dedicato-al-bergamotto\/\",\"name\":\"Bergar\u00e8: si alza il sipario del Festival dedicato al Bergamotto - Radio Touring 104\",\"isPartOf\":{\"@id\":\"https:\/\/progettotouring.it\/radiotouring104\/#website\"},\"primaryImageOfPage\":{\"@id\":\"https:\/\/progettotouring.it\/radiotouring104\/2025\/10\/23\/bergare-si-alza-il-sipario-del-festival-dedicato-al-bergamotto\/#primaryimage\"},\"image\":{\"@id\":\"https:\/\/progettotouring.it\/radiotouring104\/2025\/10\/23\/bergare-si-alza-il-sipario-del-festival-dedicato-al-bergamotto\/#primaryimage\"},\"thumbnailUrl\":\"https:\/\/progettotouring.it\/radiotouring104\/wp-content\/uploads\/sites\/6\/2025\/10\/IMMAGINI-X-SITO-2025-10-23T212815.863.jpg\",\"datePublished\":\"2025-10-23T19:33:01+00:00\",\"description\":\"Falcomat\u00e0: \u201cQui il cuore pulsante di un\u2019economia sana e che valorizza l\u2019identit\u00e0 del nostro territorio\u201d\",\"breadcrumb\":{\"@id\":\"https:\/\/progettotouring.it\/radiotouring104\/2025\/10\/23\/bergare-si-alza-il-sipario-del-festival-dedicato-al-bergamotto\/#breadcrumb\"},\"inLanguage\":\"it-IT\",\"potentialAction\":[{\"@type\":\"ReadAction\",\"target\":[\"https:\/\/progettotouring.it\/radiotouring104\/2025\/10\/23\/bergare-si-alza-il-sipario-del-festival-dedicato-al-bergamotto\/\"]}]},{\"@type\":\"ImageObject\",\"inLanguage\":\"it-IT\",\"@id\":\"https:\/\/progettotouring.it\/radiotouring104\/2025\/10\/23\/bergare-si-alza-il-sipario-del-festival-dedicato-al-bergamotto\/#primaryimage\",\"url\":\"https:\/\/progettotouring.it\/radiotouring104\/wp-content\/uploads\/sites\/6\/2025\/10\/IMMAGINI-X-SITO-2025-10-23T212815.863.jpg\",\"contentUrl\":\"https:\/\/progettotouring.it\/radiotouring104\/wp-content\/uploads\/sites\/6\/2025\/10\/IMMAGINI-X-SITO-2025-10-23T212815.863.jpg\",\"width\":2000,\"height\":1545},{\"@type\":\"BreadcrumbList\",\"@id\":\"https:\/\/progettotouring.it\/radiotouring104\/2025\/10\/23\/bergare-si-alza-il-sipario-del-festival-dedicato-al-bergamotto\/#breadcrumb\",\"itemListElement\":[{\"@type\":\"ListItem\",\"position\":1,\"name\":\"Home\",\"item\":\"https:\/\/progettotouring.it\/radiotouring104\/\"},{\"@type\":\"ListItem\",\"position\":2,\"name\":\"Bergar\u00e8: si alza il sipario del Festival dedicato al Bergamotto\"}]},{\"@type\":\"WebSite\",\"@id\":\"https:\/\/progettotouring.it\/radiotouring104\/#website\",\"url\":\"https:\/\/progettotouring.it\/radiotouring104\/\",\"name\":\"Radio Touring 104\",\"description\":\"La prima radio Reggina\",\"publisher\":{\"@id\":\"https:\/\/progettotouring.it\/radiotouring104\/#organization\"},\"potentialAction\":[{\"@type\":\"SearchAction\",\"target\":{\"@type\":\"EntryPoint\",\"urlTemplate\":\"https:\/\/progettotouring.it\/radiotouring104\/?s={search_term_string}\"},\"query-input\":{\"@type\":\"PropertyValueSpecification\",\"valueRequired\":true,\"valueName\":\"search_term_string\"}}],\"inLanguage\":\"it-IT\"},{\"@type\":\"Organization\",\"@id\":\"https:\/\/progettotouring.it\/radiotouring104\/#organization\",\"name\":\"Radio Touring 104\",\"url\":\"https:\/\/progettotouring.it\/radiotouring104\/\",\"logo\":{\"@type\":\"ImageObject\",\"inLanguage\":\"it-IT\",\"@id\":\"https:\/\/progettotouring.it\/radiotouring104\/#\/schema\/logo\/image\/\",\"url\":\"https:\/\/progettotouring.it\/radiotouring104\/wp-content\/uploads\/sites\/6\/2022\/02\/cropped-logo-radio-touring-104.png\",\"contentUrl\":\"https:\/\/progettotouring.it\/radiotouring104\/wp-content\/uploads\/sites\/6\/2022\/02\/cropped-logo-radio-touring-104.png\",\"width\":377,\"height\":182,\"caption\":\"Radio Touring 104\"},\"image\":{\"@id\":\"https:\/\/progettotouring.it\/radiotouring104\/#\/schema\/logo\/image\/\"}},{\"@type\":\"Person\",\"@id\":\"https:\/\/progettotouring.it\/radiotouring104\/#\/schema\/person\/b9f9c3730b0a78814c9b9f3bfc52c619\",\"name\":\"S L\",\"image\":{\"@type\":\"ImageObject\",\"inLanguage\":\"it-IT\",\"@id\":\"https:\/\/secure.gravatar.com\/avatar\/652c51789d7030aaed9ff828331360502a68204fe6fb0831bc280515210e16d2?s=96&d=mm&r=g\",\"url\":\"https:\/\/secure.gravatar.com\/avatar\/652c51789d7030aaed9ff828331360502a68204fe6fb0831bc280515210e16d2?s=96&d=mm&r=g\",\"contentUrl\":\"https:\/\/secure.gravatar.com\/avatar\/652c51789d7030aaed9ff828331360502a68204fe6fb0831bc280515210e16d2?s=96&d=mm&r=g\",\"caption\":\"S L\"},\"url\":\"https:\/\/progettotouring.it\/radiotouring104\/author\/slibri\/\"}]}<\/script>\n<!-- \/ Yoast SEO plugin. -->","yoast_head_json":{"title":"Bergar\u00e8: si alza il sipario del Festival dedicato al Bergamotto - Radio Touring 104","description":"Falcomat\u00e0: \u201cQui il cuore pulsante di un\u2019economia sana e che valorizza l\u2019identit\u00e0 del nostro territorio\u201d","robots":{"index":"index","follow":"follow","max-snippet":"max-snippet:-1","max-image-preview":"max-image-preview:large","max-video-preview":"max-video-preview:-1"},"canonical":"https:\/\/progettotouring.it\/radiotouring104\/2025\/10\/23\/bergare-si-alza-il-sipario-del-festival-dedicato-al-bergamotto\/","og_locale":"it_IT","og_type":"article","og_title":"Bergar\u00e8: si alza il sipario del Festival dedicato al Bergamotto - Radio Touring 104","og_description":"Falcomat\u00e0: \u201cQui il cuore pulsante di un\u2019economia sana e che valorizza l\u2019identit\u00e0 del nostro territorio\u201d","og_url":"https:\/\/progettotouring.it\/radiotouring104\/2025\/10\/23\/bergare-si-alza-il-sipario-del-festival-dedicato-al-bergamotto\/","og_site_name":"Radio Touring 104","article_published_time":"2025-10-23T19:33:01+00:00","og_image":[{"width":2000,"height":1545,"url":"https:\/\/progettotouring.it\/radiotouring104\/wp-content\/uploads\/sites\/6\/2025\/10\/IMMAGINI-X-SITO-2025-10-23T212815.863.jpg","type":"image\/jpeg"}],"author":"S L","twitter_card":"summary_large_image","twitter_misc":{"Scritto da":"S L","Tempo di lettura stimato":"1 minuto"},"schema":{"@context":"https:\/\/schema.org","@graph":[{"@type":"Article","@id":"https:\/\/progettotouring.it\/radiotouring104\/2025\/10\/23\/bergare-si-alza-il-sipario-del-festival-dedicato-al-bergamotto\/#article","isPartOf":{"@id":"https:\/\/progettotouring.it\/radiotouring104\/2025\/10\/23\/bergare-si-alza-il-sipario-del-festival-dedicato-al-bergamotto\/"},"author":{"name":"S L","@id":"https:\/\/progettotouring.it\/radiotouring104\/#\/schema\/person\/b9f9c3730b0a78814c9b9f3bfc52c619"},"headline":"Bergar\u00e8: si alza il sipario del Festival dedicato al Bergamotto","datePublished":"2025-10-23T19:33:01+00:00","mainEntityOfPage":{"@id":"https:\/\/progettotouring.it\/radiotouring104\/2025\/10\/23\/bergare-si-alza-il-sipario-del-festival-dedicato-al-bergamotto\/"},"wordCount":237,"publisher":{"@id":"https:\/\/progettotouring.it\/radiotouring104\/#organization"},"image":{"@id":"https:\/\/progettotouring.it\/radiotouring104\/2025\/10\/23\/bergare-si-alza-il-sipario-del-festival-dedicato-al-bergamotto\/#primaryimage"},"thumbnailUrl":"https:\/\/progettotouring.it\/radiotouring104\/wp-content\/uploads\/sites\/6\/2025\/10\/IMMAGINI-X-SITO-2025-10-23T212815.863.jpg","articleSection":["Home","News","Reggio Calabria"],"inLanguage":"it-IT"},{"@type":"WebPage","@id":"https:\/\/progettotouring.it\/radiotouring104\/2025\/10\/23\/bergare-si-alza-il-sipario-del-festival-dedicato-al-bergamotto\/","url":"https:\/\/progettotouring.it\/radiotouring104\/2025\/10\/23\/bergare-si-alza-il-sipario-del-festival-dedicato-al-bergamotto\/","name":"Bergar\u00e8: si alza il sipario del Festival dedicato al Bergamotto - Radio Touring 104","isPartOf":{"@id":"https:\/\/progettotouring.it\/radiotouring104\/#website"},"primaryImageOfPage":{"@id":"https:\/\/progettotouring.it\/radiotouring104\/2025\/10\/23\/bergare-si-alza-il-sipario-del-festival-dedicato-al-bergamotto\/#primaryimage"},"image":{"@id":"https:\/\/progettotouring.it\/radiotouring104\/2025\/10\/23\/bergare-si-alza-il-sipario-del-festival-dedicato-al-bergamotto\/#primaryimage"},"thumbnailUrl":"https:\/\/progettotouring.it\/radiotouring104\/wp-content\/uploads\/sites\/6\/2025\/10\/IMMAGINI-X-SITO-2025-10-23T212815.863.jpg","datePublished":"2025-10-23T19:33:01+00:00","description":"Falcomat\u00e0: \u201cQui il cuore pulsante di un\u2019economia sana e che valorizza l\u2019identit\u00e0 del nostro territorio\u201d","breadcrumb":{"@id":"https:\/\/progettotouring.it\/radiotouring104\/2025\/10\/23\/bergare-si-alza-il-sipario-del-festival-dedicato-al-bergamotto\/#breadcrumb"},"inLanguage":"it-IT","potentialAction":[{"@type":"ReadAction","target":["https:\/\/progettotouring.it\/radiotouring104\/2025\/10\/23\/bergare-si-alza-il-sipario-del-festival-dedicato-al-bergamotto\/"]}]},{"@type":"ImageObject","inLanguage":"it-IT","@id":"https:\/\/progettotouring.it\/radiotouring104\/2025\/10\/23\/bergare-si-alza-il-sipario-del-festival-dedicato-al-bergamotto\/#primaryimage","url":"https:\/\/progettotouring.it\/radiotouring104\/wp-content\/uploads\/sites\/6\/2025\/10\/IMMAGINI-X-SITO-2025-10-23T212815.863.jpg","contentUrl":"https:\/\/progettotouring.it\/radiotouring104\/wp-content\/uploads\/sites\/6\/2025\/10\/IMMAGINI-X-SITO-2025-10-23T212815.863.jpg","width":2000,"height":1545},{"@type":"BreadcrumbList","@id":"https:\/\/progettotouring.it\/radiotouring104\/2025\/10\/23\/bergare-si-alza-il-sipario-del-festival-dedicato-al-bergamotto\/#breadcrumb","itemListElement":[{"@type":"ListItem","position":1,"name":"Home","item":"https:\/\/progettotouring.it\/radiotouring104\/"},{"@type":"ListItem","position":2,"name":"Bergar\u00e8: si alza il sipario del Festival dedicato al Bergamotto"}]},{"@type":"WebSite","@id":"https:\/\/progettotouring.it\/radiotouring104\/#website","url":"https:\/\/progettotouring.it\/radiotouring104\/","name":"Radio Touring 104","description":"La prima radio Reggina","publisher":{"@id":"https:\/\/progettotouring.it\/radiotouring104\/#organization"},"potentialAction":[{"@type":"SearchAction","target":{"@type":"EntryPoint","urlTemplate":"https:\/\/progettotouring.it\/radiotouring104\/?s={search_term_string}"},"query-input":{"@type":"PropertyValueSpecification","valueRequired":true,"valueName":"search_term_string"}}],"inLanguage":"it-IT"},{"@type":"Organization","@id":"https:\/\/progettotouring.it\/radiotouring104\/#organization","name":"Radio Touring 104","url":"https:\/\/progettotouring.it\/radiotouring104\/","logo":{"@type":"ImageObject","inLanguage":"it-IT","@id":"https:\/\/progettotouring.it\/radiotouring104\/#\/schema\/logo\/image\/","url":"https:\/\/progettotouring.it\/radiotouring104\/wp-content\/uploads\/sites\/6\/2022\/02\/cropped-logo-radio-touring-104.png","contentUrl":"https:\/\/progettotouring.it\/radiotouring104\/wp-content\/uploads\/sites\/6\/2022\/02\/cropped-logo-radio-touring-104.png","width":377,"height":182,"caption":"Radio Touring 104"},"image":{"@id":"https:\/\/progettotouring.it\/radiotouring104\/#\/schema\/logo\/image\/"}},{"@type":"Person","@id":"https:\/\/progettotouring.it\/radiotouring104\/#\/schema\/person\/b9f9c3730b0a78814c9b9f3bfc52c619","name":"S L","image":{"@type":"ImageObject","inLanguage":"it-IT","@id":"https:\/\/secure.gravatar.com\/avatar\/652c51789d7030aaed9ff828331360502a68204fe6fb0831bc280515210e16d2?s=96&d=mm&r=g","url":"https:\/\/secure.gravatar.com\/avatar\/652c51789d7030aaed9ff828331360502a68204fe6fb0831bc280515210e16d2?s=96&d=mm&r=g","contentUrl":"https:\/\/secure.gravatar.com\/avatar\/652c51789d7030aaed9ff828331360502a68204fe6fb0831bc280515210e16d2?s=96&d=mm&r=g","caption":"S L"},"url":"https:\/\/progettotouring.it\/radiotouring104\/author\/slibri\/"}]}},"jetpack_publicize_connections":[],"jetpack_featured_media_url":"https:\/\/progettotouring.it\/radiotouring104\/wp-content\/uploads\/sites\/6\/2025\/10\/IMMAGINI-X-SITO-2025-10-23T212815.863.jpg","jetpack_sharing_enabled":true,"_links":{"self":[{"href":"https:\/\/progettotouring.it\/radiotouring104\/wp-json\/wp\/v2\/posts\/84562","targetHints":{"allow":["GET"]}}],"collection":[{"href":"https:\/\/progettotouring.it\/radiotouring104\/wp-json\/wp\/v2\/posts"}],"about":[{"href":"https:\/\/progettotouring.it\/radiotouring104\/wp-json\/wp\/v2\/types\/post"}],"author":[{"embeddable":true,"href":"https:\/\/progettotouring.it\/radiotouring104\/wp-json\/wp\/v2\/users\/19"}],"replies":[{"embeddable":true,"href":"https:\/\/progettotouring.it\/radiotouring104\/wp-json\/wp\/v2\/comments?post=84562"}],"version-history":[{"count":1,"href":"https:\/\/progettotouring.it\/radiotouring104\/wp-json\/wp\/v2\/posts\/84562\/revisions"}],"predecessor-version":[{"id":84574,"href":"https:\/\/progettotouring.it\/radiotouring104\/wp-json\/wp\/v2\/posts\/84562\/revisions\/84574"}],"wp:featuredmedia":[{"embeddable":true,"href":"https:\/\/progettotouring.it\/radiotouring104\/wp-json\/wp\/v2\/media\/84563"}],"wp:attachment":[{"href":"https:\/\/progettotouring.it\/radiotouring104\/wp-json\/wp\/v2\/media?parent=84562"}],"wp:term":[{"taxonomy":"category","embeddable":true,"href":"https:\/\/progettotouring.it\/radiotouring104\/wp-json\/wp\/v2\/categories?post=84562"},{"taxonomy":"post_tag","embeddable":true,"href":"https:\/\/progettotouring.it\/radiotouring104\/wp-json\/wp\/v2\/tags?post=84562"}],"curies":[{"name":"wp","href":"https:\/\/api.w.org\/{rel}","templated":true}]}}