{"id":84575,"date":"2025-10-23T21:46:21","date_gmt":"2025-10-23T19:46:21","guid":{"rendered":"https:\/\/progettotouring.it\/radiotouring104\/?p=84575"},"modified":"2025-10-23T21:46:21","modified_gmt":"2025-10-23T19:46:21","slug":"il-giovane-reggino-alfredo-caccamo-domani-al-quirinale","status":"publish","type":"post","link":"https:\/\/progettotouring.it\/radiotouring104\/2025\/10\/23\/il-giovane-reggino-alfredo-caccamo-domani-al-quirinale\/","title":{"rendered":"Il giovane reggino Alfredo Caccamo domani al Quirinale"},"content":{"rendered":"<p>Domani, al Quirinale, Alfredo Caccamo, gi\u00e0 vincitore del premio nazionale <em>\u201cGiacomo Leopardi\u201d<\/em>, sar\u00e0 premiato assieme ad altri 24 studenti, classificatisi tra i migliori d\u2019Italia e diplomati con il massimo dei voti, provenienti da 14 regioni del Paese e dall&#8217;estero.<\/p>\n<p><em>\u201cAlfredo Caccamo, gi\u00e0 studente della V O del nostro liceo, diplomato nella sessione estiva della maturit\u00e0 2025, ricever\u00e0 domani al Quirinale, il prestigioso riconoscimento di Alfiere del Lavoro, direttamente dal Presidente della Repubblica, Sergio Mattarella\u201d: queste <\/em>le parole della prof.ssa Antonella Borrello, Dirigente Scolastico del \u201cDa Vinci\u201d,\u00a0 che aggiunge: \u201cL<em>a nomina, direttamente dalle mani del Presidente Mattarella, \u00e8 uno dei pi\u00f9 alti riconoscimenti nazionali conferiti, ogni anno, ai migliori studenti d\u2019Italia. Sono emozionata ed orgogliosa di condividere la splendida notizia con la comunit\u00e0 scolastica, con la citt\u00e0 di Reggio Calabria e con l\u2019intera Regione.<\/em>\u00a0<em>Rivolgo ad Alfredo, a nome di tutta la scuola, le pi\u00f9 sincere congratulazioni. Questo prestigioso titolo, che premia l\u2019impegno del ragazzo e la sua dedizione allo studio, \u00e8 un\u2019ulteriore significativa attestazione della mission del nostro Liceo, che valorizza il talento degli studenti come Alfredo e, al contempo, si adopera affinch\u00e9 ogni alunno possa trovare il proprio. In questi due anni alla guida del \u201cDa Vinci\u201d ho avuto modo di conoscere ed apprezzare Alfredo Caccamo, la cui passione per lo studio si \u00e8 consolidata nelle aule di questa scuola. Un percorso liceale brillante, esempio di come talento, amore per il sapere e spirito di sacrificio possano condurre a traguardi di grande valore. Ad maiora, Alfredo!&#8221;.<\/em><\/p>\n<p>&nbsp;<\/p>\n","protected":false},"excerpt":{"rendered":"<p>Domani, al Quirinale, Alfredo Caccamo, gi\u00e0 vincitore del premio nazionale \u201cGiacomo Leopardi\u201d, sar\u00e0 premiato assieme ad altri 24 studenti, classificatisi tra i migliori d\u2019Italia e diplomati con il massimo dei&hellip;<\/p>\n","protected":false},"author":19,"featured_media":84576,"comment_status":"closed","ping_status":"open","sticky":false,"template":"","format":"standard","meta":{"_jetpack_memberships_contains_paid_content":false,"footnotes":"","jetpack_publicize_message":"","jetpack_publicize_feature_enabled":true,"jetpack_social_post_already_shared":true,"jetpack_social_options":{"image_generator_settings":{"template":"highway","default_image_id":0,"font":"","enabled":false},"version":2}},"categories":[921,196,140],"tags":[],"class_list":["post-84575","post","type-post","status-publish","format-standard","has-post-thumbnail","hentry","category-home","category-news","category-reggio-calabria"],"yoast_head":"<!-- This site is optimized with the Yoast SEO plugin v27.2 - https:\/\/yoast.com\/product\/yoast-seo-wordpress\/ -->\n<title>Il giovane reggino Alfredo Caccamo domani al Quirinale - Radio Touring 104<\/title>\n<meta name=\"description\" content=\"Il Presidente della Repubblica lo nominer\u00e0 &quot;Alfiere del lavoro&quot;\" \/>\n<meta name=\"robots\" content=\"index, follow, max-snippet:-1, max-image-preview:large, max-video-preview:-1\" \/>\n<link rel=\"canonical\" href=\"https:\/\/progettotouring.it\/radiotouring104\/2025\/10\/23\/il-giovane-reggino-alfredo-caccamo-domani-al-quirinale\/\" \/>\n<meta property=\"og:locale\" content=\"it_IT\" \/>\n<meta property=\"og:type\" content=\"article\" \/>\n<meta property=\"og:title\" content=\"Il giovane reggino Alfredo Caccamo domani al Quirinale - Radio Touring 104\" \/>\n<meta property=\"og:description\" content=\"Il Presidente della Repubblica lo nominer\u00e0 &quot;Alfiere del lavoro&quot;\" \/>\n<meta property=\"og:url\" content=\"https:\/\/progettotouring.it\/radiotouring104\/2025\/10\/23\/il-giovane-reggino-alfredo-caccamo-domani-al-quirinale\/\" \/>\n<meta property=\"og:site_name\" content=\"Radio Touring 104\" \/>\n<meta property=\"article:published_time\" content=\"2025-10-23T19:46:21+00:00\" \/>\n<meta property=\"og:image\" content=\"https:\/\/progettotouring.it\/radiotouring104\/wp-content\/uploads\/sites\/6\/2025\/10\/IMMAGINI-X-SITO-2025-10-23T214506.205.jpg\" \/>\n\t<meta property=\"og:image:width\" content=\"2000\" \/>\n\t<meta property=\"og:image:height\" content=\"1545\" \/>\n\t<meta property=\"og:image:type\" content=\"image\/jpeg\" \/>\n<meta name=\"author\" content=\"S L\" \/>\n<meta name=\"twitter:card\" content=\"summary_large_image\" \/>\n<meta name=\"twitter:label1\" content=\"Scritto da\" \/>\n\t<meta name=\"twitter:data1\" content=\"S L\" \/>\n\t<meta name=\"twitter:label2\" content=\"Tempo di lettura stimato\" \/>\n\t<meta name=\"twitter:data2\" content=\"1 minuto\" \/>\n<script type=\"application\/ld+json\" class=\"yoast-schema-graph\">{\"@context\":\"https:\/\/schema.org\",\"@graph\":[{\"@type\":\"Article\",\"@id\":\"https:\/\/progettotouring.it\/radiotouring104\/2025\/10\/23\/il-giovane-reggino-alfredo-caccamo-domani-al-quirinale\/#article\",\"isPartOf\":{\"@id\":\"https:\/\/progettotouring.it\/radiotouring104\/2025\/10\/23\/il-giovane-reggino-alfredo-caccamo-domani-al-quirinale\/\"},\"author\":{\"name\":\"S L\",\"@id\":\"https:\/\/progettotouring.it\/radiotouring104\/#\/schema\/person\/b9f9c3730b0a78814c9b9f3bfc52c619\"},\"headline\":\"Il giovane reggino Alfredo Caccamo domani al Quirinale\",\"datePublished\":\"2025-10-23T19:46:21+00:00\",\"mainEntityOfPage\":{\"@id\":\"https:\/\/progettotouring.it\/radiotouring104\/2025\/10\/23\/il-giovane-reggino-alfredo-caccamo-domani-al-quirinale\/\"},\"wordCount\":256,\"publisher\":{\"@id\":\"https:\/\/progettotouring.it\/radiotouring104\/#organization\"},\"image\":{\"@id\":\"https:\/\/progettotouring.it\/radiotouring104\/2025\/10\/23\/il-giovane-reggino-alfredo-caccamo-domani-al-quirinale\/#primaryimage\"},\"thumbnailUrl\":\"https:\/\/progettotouring.it\/radiotouring104\/wp-content\/uploads\/sites\/6\/2025\/10\/IMMAGINI-X-SITO-2025-10-23T214506.205.jpg\",\"articleSection\":[\"Home\",\"News\",\"Reggio Calabria\"],\"inLanguage\":\"it-IT\"},{\"@type\":\"WebPage\",\"@id\":\"https:\/\/progettotouring.it\/radiotouring104\/2025\/10\/23\/il-giovane-reggino-alfredo-caccamo-domani-al-quirinale\/\",\"url\":\"https:\/\/progettotouring.it\/radiotouring104\/2025\/10\/23\/il-giovane-reggino-alfredo-caccamo-domani-al-quirinale\/\",\"name\":\"Il giovane reggino Alfredo Caccamo domani al Quirinale - Radio Touring 104\",\"isPartOf\":{\"@id\":\"https:\/\/progettotouring.it\/radiotouring104\/#website\"},\"primaryImageOfPage\":{\"@id\":\"https:\/\/progettotouring.it\/radiotouring104\/2025\/10\/23\/il-giovane-reggino-alfredo-caccamo-domani-al-quirinale\/#primaryimage\"},\"image\":{\"@id\":\"https:\/\/progettotouring.it\/radiotouring104\/2025\/10\/23\/il-giovane-reggino-alfredo-caccamo-domani-al-quirinale\/#primaryimage\"},\"thumbnailUrl\":\"https:\/\/progettotouring.it\/radiotouring104\/wp-content\/uploads\/sites\/6\/2025\/10\/IMMAGINI-X-SITO-2025-10-23T214506.205.jpg\",\"datePublished\":\"2025-10-23T19:46:21+00:00\",\"description\":\"Il Presidente della Repubblica lo nominer\u00e0 \\\"Alfiere del lavoro\\\"\",\"breadcrumb\":{\"@id\":\"https:\/\/progettotouring.it\/radiotouring104\/2025\/10\/23\/il-giovane-reggino-alfredo-caccamo-domani-al-quirinale\/#breadcrumb\"},\"inLanguage\":\"it-IT\",\"potentialAction\":[{\"@type\":\"ReadAction\",\"target\":[\"https:\/\/progettotouring.it\/radiotouring104\/2025\/10\/23\/il-giovane-reggino-alfredo-caccamo-domani-al-quirinale\/\"]}]},{\"@type\":\"ImageObject\",\"inLanguage\":\"it-IT\",\"@id\":\"https:\/\/progettotouring.it\/radiotouring104\/2025\/10\/23\/il-giovane-reggino-alfredo-caccamo-domani-al-quirinale\/#primaryimage\",\"url\":\"https:\/\/progettotouring.it\/radiotouring104\/wp-content\/uploads\/sites\/6\/2025\/10\/IMMAGINI-X-SITO-2025-10-23T214506.205.jpg\",\"contentUrl\":\"https:\/\/progettotouring.it\/radiotouring104\/wp-content\/uploads\/sites\/6\/2025\/10\/IMMAGINI-X-SITO-2025-10-23T214506.205.jpg\",\"width\":2000,\"height\":1545},{\"@type\":\"BreadcrumbList\",\"@id\":\"https:\/\/progettotouring.it\/radiotouring104\/2025\/10\/23\/il-giovane-reggino-alfredo-caccamo-domani-al-quirinale\/#breadcrumb\",\"itemListElement\":[{\"@type\":\"ListItem\",\"position\":1,\"name\":\"Home\",\"item\":\"https:\/\/progettotouring.it\/radiotouring104\/\"},{\"@type\":\"ListItem\",\"position\":2,\"name\":\"Il giovane reggino Alfredo Caccamo domani al Quirinale\"}]},{\"@type\":\"WebSite\",\"@id\":\"https:\/\/progettotouring.it\/radiotouring104\/#website\",\"url\":\"https:\/\/progettotouring.it\/radiotouring104\/\",\"name\":\"Radio Touring 104\",\"description\":\"La prima radio Reggina\",\"publisher\":{\"@id\":\"https:\/\/progettotouring.it\/radiotouring104\/#organization\"},\"potentialAction\":[{\"@type\":\"SearchAction\",\"target\":{\"@type\":\"EntryPoint\",\"urlTemplate\":\"https:\/\/progettotouring.it\/radiotouring104\/?s={search_term_string}\"},\"query-input\":{\"@type\":\"PropertyValueSpecification\",\"valueRequired\":true,\"valueName\":\"search_term_string\"}}],\"inLanguage\":\"it-IT\"},{\"@type\":\"Organization\",\"@id\":\"https:\/\/progettotouring.it\/radiotouring104\/#organization\",\"name\":\"Radio Touring 104\",\"url\":\"https:\/\/progettotouring.it\/radiotouring104\/\",\"logo\":{\"@type\":\"ImageObject\",\"inLanguage\":\"it-IT\",\"@id\":\"https:\/\/progettotouring.it\/radiotouring104\/#\/schema\/logo\/image\/\",\"url\":\"https:\/\/progettotouring.it\/radiotouring104\/wp-content\/uploads\/sites\/6\/2022\/02\/cropped-logo-radio-touring-104.png\",\"contentUrl\":\"https:\/\/progettotouring.it\/radiotouring104\/wp-content\/uploads\/sites\/6\/2022\/02\/cropped-logo-radio-touring-104.png\",\"width\":377,\"height\":182,\"caption\":\"Radio Touring 104\"},\"image\":{\"@id\":\"https:\/\/progettotouring.it\/radiotouring104\/#\/schema\/logo\/image\/\"}},{\"@type\":\"Person\",\"@id\":\"https:\/\/progettotouring.it\/radiotouring104\/#\/schema\/person\/b9f9c3730b0a78814c9b9f3bfc52c619\",\"name\":\"S L\",\"image\":{\"@type\":\"ImageObject\",\"inLanguage\":\"it-IT\",\"@id\":\"https:\/\/secure.gravatar.com\/avatar\/652c51789d7030aaed9ff828331360502a68204fe6fb0831bc280515210e16d2?s=96&d=mm&r=g\",\"url\":\"https:\/\/secure.gravatar.com\/avatar\/652c51789d7030aaed9ff828331360502a68204fe6fb0831bc280515210e16d2?s=96&d=mm&r=g\",\"contentUrl\":\"https:\/\/secure.gravatar.com\/avatar\/652c51789d7030aaed9ff828331360502a68204fe6fb0831bc280515210e16d2?s=96&d=mm&r=g\",\"caption\":\"S L\"},\"url\":\"https:\/\/progettotouring.it\/radiotouring104\/author\/slibri\/\"}]}<\/script>\n<!-- \/ Yoast SEO plugin. -->","yoast_head_json":{"title":"Il giovane reggino Alfredo Caccamo domani al Quirinale - Radio Touring 104","description":"Il Presidente della Repubblica lo nominer\u00e0 \"Alfiere del lavoro\"","robots":{"index":"index","follow":"follow","max-snippet":"max-snippet:-1","max-image-preview":"max-image-preview:large","max-video-preview":"max-video-preview:-1"},"canonical":"https:\/\/progettotouring.it\/radiotouring104\/2025\/10\/23\/il-giovane-reggino-alfredo-caccamo-domani-al-quirinale\/","og_locale":"it_IT","og_type":"article","og_title":"Il giovane reggino Alfredo Caccamo domani al Quirinale - Radio Touring 104","og_description":"Il Presidente della Repubblica lo nominer\u00e0 \"Alfiere del lavoro\"","og_url":"https:\/\/progettotouring.it\/radiotouring104\/2025\/10\/23\/il-giovane-reggino-alfredo-caccamo-domani-al-quirinale\/","og_site_name":"Radio Touring 104","article_published_time":"2025-10-23T19:46:21+00:00","og_image":[{"width":2000,"height":1545,"url":"https:\/\/progettotouring.it\/radiotouring104\/wp-content\/uploads\/sites\/6\/2025\/10\/IMMAGINI-X-SITO-2025-10-23T214506.205.jpg","type":"image\/jpeg"}],"author":"S L","twitter_card":"summary_large_image","twitter_misc":{"Scritto da":"S L","Tempo di lettura stimato":"1 minuto"},"schema":{"@context":"https:\/\/schema.org","@graph":[{"@type":"Article","@id":"https:\/\/progettotouring.it\/radiotouring104\/2025\/10\/23\/il-giovane-reggino-alfredo-caccamo-domani-al-quirinale\/#article","isPartOf":{"@id":"https:\/\/progettotouring.it\/radiotouring104\/2025\/10\/23\/il-giovane-reggino-alfredo-caccamo-domani-al-quirinale\/"},"author":{"name":"S L","@id":"https:\/\/progettotouring.it\/radiotouring104\/#\/schema\/person\/b9f9c3730b0a78814c9b9f3bfc52c619"},"headline":"Il giovane reggino Alfredo Caccamo domani al Quirinale","datePublished":"2025-10-23T19:46:21+00:00","mainEntityOfPage":{"@id":"https:\/\/progettotouring.it\/radiotouring104\/2025\/10\/23\/il-giovane-reggino-alfredo-caccamo-domani-al-quirinale\/"},"wordCount":256,"publisher":{"@id":"https:\/\/progettotouring.it\/radiotouring104\/#organization"},"image":{"@id":"https:\/\/progettotouring.it\/radiotouring104\/2025\/10\/23\/il-giovane-reggino-alfredo-caccamo-domani-al-quirinale\/#primaryimage"},"thumbnailUrl":"https:\/\/progettotouring.it\/radiotouring104\/wp-content\/uploads\/sites\/6\/2025\/10\/IMMAGINI-X-SITO-2025-10-23T214506.205.jpg","articleSection":["Home","News","Reggio Calabria"],"inLanguage":"it-IT"},{"@type":"WebPage","@id":"https:\/\/progettotouring.it\/radiotouring104\/2025\/10\/23\/il-giovane-reggino-alfredo-caccamo-domani-al-quirinale\/","url":"https:\/\/progettotouring.it\/radiotouring104\/2025\/10\/23\/il-giovane-reggino-alfredo-caccamo-domani-al-quirinale\/","name":"Il giovane reggino Alfredo Caccamo domani al Quirinale - Radio Touring 104","isPartOf":{"@id":"https:\/\/progettotouring.it\/radiotouring104\/#website"},"primaryImageOfPage":{"@id":"https:\/\/progettotouring.it\/radiotouring104\/2025\/10\/23\/il-giovane-reggino-alfredo-caccamo-domani-al-quirinale\/#primaryimage"},"image":{"@id":"https:\/\/progettotouring.it\/radiotouring104\/2025\/10\/23\/il-giovane-reggino-alfredo-caccamo-domani-al-quirinale\/#primaryimage"},"thumbnailUrl":"https:\/\/progettotouring.it\/radiotouring104\/wp-content\/uploads\/sites\/6\/2025\/10\/IMMAGINI-X-SITO-2025-10-23T214506.205.jpg","datePublished":"2025-10-23T19:46:21+00:00","description":"Il Presidente della Repubblica lo nominer\u00e0 \"Alfiere del lavoro\"","breadcrumb":{"@id":"https:\/\/progettotouring.it\/radiotouring104\/2025\/10\/23\/il-giovane-reggino-alfredo-caccamo-domani-al-quirinale\/#breadcrumb"},"inLanguage":"it-IT","potentialAction":[{"@type":"ReadAction","target":["https:\/\/progettotouring.it\/radiotouring104\/2025\/10\/23\/il-giovane-reggino-alfredo-caccamo-domani-al-quirinale\/"]}]},{"@type":"ImageObject","inLanguage":"it-IT","@id":"https:\/\/progettotouring.it\/radiotouring104\/2025\/10\/23\/il-giovane-reggino-alfredo-caccamo-domani-al-quirinale\/#primaryimage","url":"https:\/\/progettotouring.it\/radiotouring104\/wp-content\/uploads\/sites\/6\/2025\/10\/IMMAGINI-X-SITO-2025-10-23T214506.205.jpg","contentUrl":"https:\/\/progettotouring.it\/radiotouring104\/wp-content\/uploads\/sites\/6\/2025\/10\/IMMAGINI-X-SITO-2025-10-23T214506.205.jpg","width":2000,"height":1545},{"@type":"BreadcrumbList","@id":"https:\/\/progettotouring.it\/radiotouring104\/2025\/10\/23\/il-giovane-reggino-alfredo-caccamo-domani-al-quirinale\/#breadcrumb","itemListElement":[{"@type":"ListItem","position":1,"name":"Home","item":"https:\/\/progettotouring.it\/radiotouring104\/"},{"@type":"ListItem","position":2,"name":"Il giovane reggino Alfredo Caccamo domani al Quirinale"}]},{"@type":"WebSite","@id":"https:\/\/progettotouring.it\/radiotouring104\/#website","url":"https:\/\/progettotouring.it\/radiotouring104\/","name":"Radio Touring 104","description":"La prima radio Reggina","publisher":{"@id":"https:\/\/progettotouring.it\/radiotouring104\/#organization"},"potentialAction":[{"@type":"SearchAction","target":{"@type":"EntryPoint","urlTemplate":"https:\/\/progettotouring.it\/radiotouring104\/?s={search_term_string}"},"query-input":{"@type":"PropertyValueSpecification","valueRequired":true,"valueName":"search_term_string"}}],"inLanguage":"it-IT"},{"@type":"Organization","@id":"https:\/\/progettotouring.it\/radiotouring104\/#organization","name":"Radio Touring 104","url":"https:\/\/progettotouring.it\/radiotouring104\/","logo":{"@type":"ImageObject","inLanguage":"it-IT","@id":"https:\/\/progettotouring.it\/radiotouring104\/#\/schema\/logo\/image\/","url":"https:\/\/progettotouring.it\/radiotouring104\/wp-content\/uploads\/sites\/6\/2022\/02\/cropped-logo-radio-touring-104.png","contentUrl":"https:\/\/progettotouring.it\/radiotouring104\/wp-content\/uploads\/sites\/6\/2022\/02\/cropped-logo-radio-touring-104.png","width":377,"height":182,"caption":"Radio Touring 104"},"image":{"@id":"https:\/\/progettotouring.it\/radiotouring104\/#\/schema\/logo\/image\/"}},{"@type":"Person","@id":"https:\/\/progettotouring.it\/radiotouring104\/#\/schema\/person\/b9f9c3730b0a78814c9b9f3bfc52c619","name":"S L","image":{"@type":"ImageObject","inLanguage":"it-IT","@id":"https:\/\/secure.gravatar.com\/avatar\/652c51789d7030aaed9ff828331360502a68204fe6fb0831bc280515210e16d2?s=96&d=mm&r=g","url":"https:\/\/secure.gravatar.com\/avatar\/652c51789d7030aaed9ff828331360502a68204fe6fb0831bc280515210e16d2?s=96&d=mm&r=g","contentUrl":"https:\/\/secure.gravatar.com\/avatar\/652c51789d7030aaed9ff828331360502a68204fe6fb0831bc280515210e16d2?s=96&d=mm&r=g","caption":"S L"},"url":"https:\/\/progettotouring.it\/radiotouring104\/author\/slibri\/"}]}},"jetpack_publicize_connections":[],"jetpack_featured_media_url":"https:\/\/progettotouring.it\/radiotouring104\/wp-content\/uploads\/sites\/6\/2025\/10\/IMMAGINI-X-SITO-2025-10-23T214506.205.jpg","jetpack_sharing_enabled":true,"_links":{"self":[{"href":"https:\/\/progettotouring.it\/radiotouring104\/wp-json\/wp\/v2\/posts\/84575","targetHints":{"allow":["GET"]}}],"collection":[{"href":"https:\/\/progettotouring.it\/radiotouring104\/wp-json\/wp\/v2\/posts"}],"about":[{"href":"https:\/\/progettotouring.it\/radiotouring104\/wp-json\/wp\/v2\/types\/post"}],"author":[{"embeddable":true,"href":"https:\/\/progettotouring.it\/radiotouring104\/wp-json\/wp\/v2\/users\/19"}],"replies":[{"embeddable":true,"href":"https:\/\/progettotouring.it\/radiotouring104\/wp-json\/wp\/v2\/comments?post=84575"}],"version-history":[{"count":1,"href":"https:\/\/progettotouring.it\/radiotouring104\/wp-json\/wp\/v2\/posts\/84575\/revisions"}],"predecessor-version":[{"id":84577,"href":"https:\/\/progettotouring.it\/radiotouring104\/wp-json\/wp\/v2\/posts\/84575\/revisions\/84577"}],"wp:featuredmedia":[{"embeddable":true,"href":"https:\/\/progettotouring.it\/radiotouring104\/wp-json\/wp\/v2\/media\/84576"}],"wp:attachment":[{"href":"https:\/\/progettotouring.it\/radiotouring104\/wp-json\/wp\/v2\/media?parent=84575"}],"wp:term":[{"taxonomy":"category","embeddable":true,"href":"https:\/\/progettotouring.it\/radiotouring104\/wp-json\/wp\/v2\/categories?post=84575"},{"taxonomy":"post_tag","embeddable":true,"href":"https:\/\/progettotouring.it\/radiotouring104\/wp-json\/wp\/v2\/tags?post=84575"}],"curies":[{"name":"wp","href":"https:\/\/api.w.org\/{rel}","templated":true}]}}