{"id":84581,"date":"2025-10-24T09:09:13","date_gmt":"2025-10-24T07:09:13","guid":{"rendered":"https:\/\/progettotouring.it\/radiotouring104\/?p=84581"},"modified":"2025-10-24T11:20:20","modified_gmt":"2025-10-24T09:20:20","slug":"villa-san-giovanni-sindaca-caminiti-replica-al-centrodestra-la-citta-non-sta-vivendo-alcuno-stato-di-allarme-sociale","status":"publish","type":"post","link":"https:\/\/progettotouring.it\/radiotouring104\/2025\/10\/24\/villa-san-giovanni-sindaca-caminiti-replica-al-centrodestra-la-citta-non-sta-vivendo-alcuno-stato-di-allarme-sociale\/","title":{"rendered":"Villa San Giovanni, Sindaca Caminiti replica al Centrodestra &#8220;La citt\u00e0 non sta vivendo alcuno stato di allarme sociale&#8221;"},"content":{"rendered":"<div dir=\"auto\">La Sindaca di Villa San Giovanni, Giusy Caminiti, replica all&#8217;opposizione comunale, marcando che la citt\u00e0 non stia vivendo alcuno stato di allarme sociale, invitando alla responsabilit\u00e0 civica e difende l&#8217;operato dell&#8217;Amministrazione: <em>&#8220;Le ultime 48 ore hanno registrato il proliferarsi di atti di stigmatizzazione e denuncia da parte del centrodestra villese su una situazione di presunto \u201callarme sociale\u201d che sta vivendo la nostra citt\u00e0: la continua collaborazione con le forze dell\u2019ordine mi permette di dire con assoluta certezza che la citt\u00e0 non sta vivendo alcuno stato di allarme sociale, ma episodi circoscritti che gi\u00e0 sono sotto la lente d\u2019ingrandimento degli inquirenti che, peraltro, hanno gi\u00e0 dato risposte immediate e brillanti a singoli fatti che si sono verificati.\u00a0<\/em><\/div>\n<div dir=\"auto\"><\/div>\n<div dir=\"auto\"><em>Non sfugge a nessuno, infatti, che l\u2019aggressione della sera di domenica ha portato all\u2019arresto immediato da parte dei carabinieri della Compagnia di Villa San Giovanni dell\u2019autore della stessa.<\/em><\/div>\n<div dir=\"auto\"><\/div>\n<div dir=\"auto\"><em>Cos\u00ec come in pi\u00f9 di un\u2019occasione i militari dell\u2019Arma e gli agenti del Commissariato di Polizia di Stato di Villa San Giovanni sono stati chiamati e sono prontamente intervenuti al fine di evitare il possibile degenerare di situazioni di conflittualit\u00e0 ed eccessivi disturbi della quiete pubblica.<\/em><\/div>\n<div dir=\"auto\"><\/div>\n<div dir=\"auto\"><em>Descrivere una citt\u00e0 che non \u00e8 (peraltro richiamando episodi tristissimi e dolorosi per questa comunit\u00e0 che hanno lasciato \u201cvittime\u201d in famiglie che abitano il nostro territorio), non fa bene a costruire quella comunit\u00e0 solidale ed inclusiva cui tutti dobbiamo tendere.<\/em><\/div>\n<div dir=\"auto\"><\/div>\n<div dir=\"auto\"><em>Nei mesi scorsi, il nostro consiglio comunale si \u00e8 reso protagonista di una seduta aperta su input della presidente Trecroci, alla presenza del procuratore Di Palma, del vescovo Morrone, dell\u2019assessore regionale Capponi, del consigliere metropolitano Marino, degli operatori tutti dell\u2019Ambito 14, delle dirigenti scolastiche, delle associazioni e dei club service della citt\u00e0 che promuovono l\u2019educazione tra i nostri giovani e giovanissimi, di tanti cittadini: abbiamo sottoscritto insieme un patto educativo che sta \u201ccamminando\u201c nelle azioni quotidiane che assistenti sociali ed educatori tutti portano avanti con assoluta abnegazione.<\/em><\/div>\n<div dir=\"auto\"><\/div>\n<div dir=\"auto\"><em>Il bando per l\u2019assegnazione dei beni confiscati \u00e8 un grande esempio rispetto alla strada che abbiamo inteso tracciare; ai ragazzi abbiamo voluto parlare di legalit\u00e0 con il primo campo tenutosi a Piale nel mese di settembre, esperienza di grande valore e non solo simbolico.<\/em><\/div>\n<div dir=\"auto\"><\/div>\n<div dir=\"auto\"><em>Per ci\u00f2 che concerne poi l\u2019utilizzo dei beni,\u00a0quest\u2019amministrazione ha promosso ogni azione per la messa in sicurezza di beni privati (come l\u2019 ex hotel de l\u00e0 Ville) e sta cercando di valorizzare tutti gli spazi pubblici con progetti e richieste di finanziamento.\u00a0<\/em><\/div>\n<div dir=\"auto\"><\/div>\n<div dir=\"auto\"><em>Ad oggi non \u00e8 stato possibile accedere al credito sportivo a causa del dissesto provocato e dichiarato nel 2021. L\u2019impianto sportivo di Cannitello \u00e8 stato negli anni passati oggetto di un\u2019aggiudicazione revocata da quest\u2019amministrazione come agli atti da tempo. Non serve\u00a0lanciare la proposta di affidarlo alle associazioni se non si ha\u00a0contezza dell\u2019impegno economico necessario per ridare dignit\u00e0 a quegli spazi!<\/em><\/div>\n<div dir=\"auto\">\n<div dir=\"auto\"><\/div>\n<div dir=\"auto\"><em>Serve, piuttosto, accendere una linea di finanziamento o accedere ad un finanziamento di riqualificazione urbana anche a fine sportivo.<\/em><\/div>\n<div dir=\"auto\"><\/div>\n<div dir=\"auto\"><em>L\u2019attenzione di questa maggioranza consiliare per i luoghi pubblici \u00e8 sotto gli occhi di tutti, come ancor di pi\u00f9 lo \u00e8 l\u2019attenzione verso ogni disagio e fragilit\u00e0 giovanile e familiare che sia rappresentata alla politica o all\u2019ufficio delle politiche sociali.<\/em><\/div>\n<div dir=\"auto\"><\/div>\n<div dir=\"auto\"><em>La mia personale interlocuzione con le forze dell\u2019ordine \u00e8 costante: a me i cittadini segnalano episodi vari e tutto viene riferito alle forze di polizia.<\/em><\/div>\n<div dir=\"auto\"><\/div>\n<div dir=\"auto\"><em>Credere nello\u00a0Stato \u00a0\u00e8 esattamente questo: rivolgersi alle forze dell\u2019ordine per denunciare, avendo fiducia che il lavoro degli inquirenti porter\u00e0 al giusto risultato.<\/em><\/div>\n<div dir=\"auto\"><\/div>\n<div dir=\"auto\"><em>A quanti hanno circostanziato notizie di reato avvenute in Piazza dei Parlamenti o in piazza Valsesia (come fossero gi\u00e0 reati!), chiedo di presentarsi direttamente al Commissariato o alla Compagnia dei Carabinieri e riferire esattamente i fatti di cui sono a conoscenza. Non facciamo che i social sostituiscano il senso civico e la responsabilit\u00e0 di ciascuno di noi. Mettiamoci a servizio della giustizia collaborando e rendendo tutte le informazioni di cui siamo a conoscenza.&#8221;, <\/em><strong>scrive in un comunicato la prima cittadina del comune di Villa.<\/strong><\/div>\n<\/div>\n","protected":false},"excerpt":{"rendered":"<p>La Sindaca di Villa San Giovanni, Giusy Caminiti, replica all&#8217;opposizione comunale, marcando che la citt\u00e0 non stia vivendo alcuno stato di allarme sociale, invitando alla responsabilit\u00e0 civica e difende l&#8217;operato&hellip;<\/p>\n","protected":false},"author":5,"featured_media":61548,"comment_status":"closed","ping_status":"open","sticky":false,"template":"","format":"standard","meta":{"_jetpack_memberships_contains_paid_content":false,"footnotes":"","jetpack_publicize_message":"","jetpack_publicize_feature_enabled":true,"jetpack_social_post_already_shared":true,"jetpack_social_options":{"image_generator_settings":{"template":"highway","default_image_id":0,"font":"","enabled":false},"version":2}},"categories":[142,921,196,140],"tags":[47777,3568,48589,48588,1861],"class_list":["post-84581","post","type-post","status-publish","format-standard","has-post-thumbnail","hentry","category-calabria","category-home","category-news","category-reggio-calabria","tag-amministrazione-comunale-di-villa","tag-giusy-caminiti","tag-la-citta-non-sta-vivendo-alcuno-stato-di-allarme-sociale","tag-replica-al-centrodestra","tag-sicurezza"],"yoast_head":"<!-- This site is optimized with the Yoast SEO plugin v27.2 - https:\/\/yoast.com\/product\/yoast-seo-wordpress\/ -->\n<title>Comune di Villa, Caminiti: &quot;Nessun allarme sociale in Citt\u00e0&quot;<\/title>\n<meta name=\"description\" content=\"La Sindaca di Villa replica all&#039;opposizione comunale, invitando alla responsabilit\u00e0 civica e difende l&#039;operato dell&#039;Amministrazione\" \/>\n<meta name=\"robots\" content=\"index, follow, max-snippet:-1, max-image-preview:large, max-video-preview:-1\" \/>\n<link rel=\"canonical\" href=\"https:\/\/progettotouring.it\/radiotouring104\/2025\/10\/24\/villa-san-giovanni-sindaca-caminiti-replica-al-centrodestra-la-citta-non-sta-vivendo-alcuno-stato-di-allarme-sociale\/\" \/>\n<meta property=\"og:locale\" content=\"it_IT\" \/>\n<meta property=\"og:type\" content=\"article\" \/>\n<meta property=\"og:title\" content=\"Comune di Villa, Caminiti: &quot;Nessun allarme sociale in Citt\u00e0&quot;\" \/>\n<meta property=\"og:description\" content=\"La Sindaca di Villa replica all&#039;opposizione comunale, invitando alla responsabilit\u00e0 civica e difende l&#039;operato dell&#039;Amministrazione\" \/>\n<meta property=\"og:url\" content=\"https:\/\/progettotouring.it\/radiotouring104\/2025\/10\/24\/villa-san-giovanni-sindaca-caminiti-replica-al-centrodestra-la-citta-non-sta-vivendo-alcuno-stato-di-allarme-sociale\/\" \/>\n<meta property=\"og:site_name\" content=\"Radio Touring 104\" \/>\n<meta property=\"article:published_time\" content=\"2025-10-24T07:09:13+00:00\" \/>\n<meta property=\"article:modified_time\" content=\"2025-10-24T09:20:20+00:00\" \/>\n<meta property=\"og:image\" content=\"https:\/\/progettotouring.it\/radiotouring104\/wp-content\/uploads\/sites\/6\/2024\/11\/Sindaco-Villa-SG-Giusy-Caminiti.png\" \/>\n\t<meta property=\"og:image:width\" content=\"1257\" \/>\n\t<meta property=\"og:image:height\" content=\"618\" \/>\n\t<meta property=\"og:image:type\" content=\"image\/png\" \/>\n<meta name=\"author\" content=\"redazione\" \/>\n<meta name=\"twitter:card\" content=\"summary_large_image\" \/>\n<meta name=\"twitter:label1\" content=\"Scritto da\" \/>\n\t<meta name=\"twitter:data1\" content=\"redazione\" \/>\n\t<meta name=\"twitter:label2\" content=\"Tempo di lettura stimato\" \/>\n\t<meta name=\"twitter:data2\" content=\"3 minuti\" \/>\n<script type=\"application\/ld+json\" class=\"yoast-schema-graph\">{\"@context\":\"https:\/\/schema.org\",\"@graph\":[{\"@type\":\"Article\",\"@id\":\"https:\/\/progettotouring.it\/radiotouring104\/2025\/10\/24\/villa-san-giovanni-sindaca-caminiti-replica-al-centrodestra-la-citta-non-sta-vivendo-alcuno-stato-di-allarme-sociale\/#article\",\"isPartOf\":{\"@id\":\"https:\/\/progettotouring.it\/radiotouring104\/2025\/10\/24\/villa-san-giovanni-sindaca-caminiti-replica-al-centrodestra-la-citta-non-sta-vivendo-alcuno-stato-di-allarme-sociale\/\"},\"author\":{\"name\":\"redazione\",\"@id\":\"https:\/\/progettotouring.it\/radiotouring104\/#\/schema\/person\/1b3eb3c07c47136bc44c785c543e635f\"},\"headline\":\"Villa San Giovanni, Sindaca Caminiti replica al Centrodestra &#8220;La citt\u00e0 non sta vivendo alcuno stato di allarme sociale&#8221;\",\"datePublished\":\"2025-10-24T07:09:13+00:00\",\"dateModified\":\"2025-10-24T09:20:20+00:00\",\"mainEntityOfPage\":{\"@id\":\"https:\/\/progettotouring.it\/radiotouring104\/2025\/10\/24\/villa-san-giovanni-sindaca-caminiti-replica-al-centrodestra-la-citta-non-sta-vivendo-alcuno-stato-di-allarme-sociale\/\"},\"wordCount\":685,\"publisher\":{\"@id\":\"https:\/\/progettotouring.it\/radiotouring104\/#organization\"},\"image\":{\"@id\":\"https:\/\/progettotouring.it\/radiotouring104\/2025\/10\/24\/villa-san-giovanni-sindaca-caminiti-replica-al-centrodestra-la-citta-non-sta-vivendo-alcuno-stato-di-allarme-sociale\/#primaryimage\"},\"thumbnailUrl\":\"https:\/\/progettotouring.it\/radiotouring104\/wp-content\/uploads\/sites\/6\/2024\/11\/Sindaco-Villa-SG-Giusy-Caminiti.png\",\"keywords\":[\"Amministrazione comunale di Villa\",\"Giusy Caminiti\",\"La citt\u00e0 non sta vivendo alcuno stato di allarme sociale\",\"replica al centrodestra\",\"sicurezza\"],\"articleSection\":[\"Calabria\",\"Home\",\"News\",\"Reggio Calabria\"],\"inLanguage\":\"it-IT\"},{\"@type\":\"WebPage\",\"@id\":\"https:\/\/progettotouring.it\/radiotouring104\/2025\/10\/24\/villa-san-giovanni-sindaca-caminiti-replica-al-centrodestra-la-citta-non-sta-vivendo-alcuno-stato-di-allarme-sociale\/\",\"url\":\"https:\/\/progettotouring.it\/radiotouring104\/2025\/10\/24\/villa-san-giovanni-sindaca-caminiti-replica-al-centrodestra-la-citta-non-sta-vivendo-alcuno-stato-di-allarme-sociale\/\",\"name\":\"Comune di Villa, Caminiti: \\\"Nessun allarme sociale in Citt\u00e0\\\"\",\"isPartOf\":{\"@id\":\"https:\/\/progettotouring.it\/radiotouring104\/#website\"},\"primaryImageOfPage\":{\"@id\":\"https:\/\/progettotouring.it\/radiotouring104\/2025\/10\/24\/villa-san-giovanni-sindaca-caminiti-replica-al-centrodestra-la-citta-non-sta-vivendo-alcuno-stato-di-allarme-sociale\/#primaryimage\"},\"image\":{\"@id\":\"https:\/\/progettotouring.it\/radiotouring104\/2025\/10\/24\/villa-san-giovanni-sindaca-caminiti-replica-al-centrodestra-la-citta-non-sta-vivendo-alcuno-stato-di-allarme-sociale\/#primaryimage\"},\"thumbnailUrl\":\"https:\/\/progettotouring.it\/radiotouring104\/wp-content\/uploads\/sites\/6\/2024\/11\/Sindaco-Villa-SG-Giusy-Caminiti.png\",\"datePublished\":\"2025-10-24T07:09:13+00:00\",\"dateModified\":\"2025-10-24T09:20:20+00:00\",\"description\":\"La Sindaca di Villa replica all'opposizione comunale, invitando alla responsabilit\u00e0 civica e difende l'operato dell'Amministrazione\",\"breadcrumb\":{\"@id\":\"https:\/\/progettotouring.it\/radiotouring104\/2025\/10\/24\/villa-san-giovanni-sindaca-caminiti-replica-al-centrodestra-la-citta-non-sta-vivendo-alcuno-stato-di-allarme-sociale\/#breadcrumb\"},\"inLanguage\":\"it-IT\",\"potentialAction\":[{\"@type\":\"ReadAction\",\"target\":[\"https:\/\/progettotouring.it\/radiotouring104\/2025\/10\/24\/villa-san-giovanni-sindaca-caminiti-replica-al-centrodestra-la-citta-non-sta-vivendo-alcuno-stato-di-allarme-sociale\/\"]}]},{\"@type\":\"ImageObject\",\"inLanguage\":\"it-IT\",\"@id\":\"https:\/\/progettotouring.it\/radiotouring104\/2025\/10\/24\/villa-san-giovanni-sindaca-caminiti-replica-al-centrodestra-la-citta-non-sta-vivendo-alcuno-stato-di-allarme-sociale\/#primaryimage\",\"url\":\"https:\/\/progettotouring.it\/radiotouring104\/wp-content\/uploads\/sites\/6\/2024\/11\/Sindaco-Villa-SG-Giusy-Caminiti.png\",\"contentUrl\":\"https:\/\/progettotouring.it\/radiotouring104\/wp-content\/uploads\/sites\/6\/2024\/11\/Sindaco-Villa-SG-Giusy-Caminiti.png\",\"width\":1257,\"height\":618},{\"@type\":\"BreadcrumbList\",\"@id\":\"https:\/\/progettotouring.it\/radiotouring104\/2025\/10\/24\/villa-san-giovanni-sindaca-caminiti-replica-al-centrodestra-la-citta-non-sta-vivendo-alcuno-stato-di-allarme-sociale\/#breadcrumb\",\"itemListElement\":[{\"@type\":\"ListItem\",\"position\":1,\"name\":\"Home\",\"item\":\"https:\/\/progettotouring.it\/radiotouring104\/\"},{\"@type\":\"ListItem\",\"position\":2,\"name\":\"Villa San Giovanni, Sindaca Caminiti replica al Centrodestra &#8220;La citt\u00e0 non sta vivendo alcuno stato di allarme sociale&#8221;\"}]},{\"@type\":\"WebSite\",\"@id\":\"https:\/\/progettotouring.it\/radiotouring104\/#website\",\"url\":\"https:\/\/progettotouring.it\/radiotouring104\/\",\"name\":\"Radio Touring 104\",\"description\":\"La prima radio Reggina\",\"publisher\":{\"@id\":\"https:\/\/progettotouring.it\/radiotouring104\/#organization\"},\"potentialAction\":[{\"@type\":\"SearchAction\",\"target\":{\"@type\":\"EntryPoint\",\"urlTemplate\":\"https:\/\/progettotouring.it\/radiotouring104\/?s={search_term_string}\"},\"query-input\":{\"@type\":\"PropertyValueSpecification\",\"valueRequired\":true,\"valueName\":\"search_term_string\"}}],\"inLanguage\":\"it-IT\"},{\"@type\":\"Organization\",\"@id\":\"https:\/\/progettotouring.it\/radiotouring104\/#organization\",\"name\":\"Radio Touring 104\",\"url\":\"https:\/\/progettotouring.it\/radiotouring104\/\",\"logo\":{\"@type\":\"ImageObject\",\"inLanguage\":\"it-IT\",\"@id\":\"https:\/\/progettotouring.it\/radiotouring104\/#\/schema\/logo\/image\/\",\"url\":\"https:\/\/progettotouring.it\/radiotouring104\/wp-content\/uploads\/sites\/6\/2022\/02\/cropped-logo-radio-touring-104.png\",\"contentUrl\":\"https:\/\/progettotouring.it\/radiotouring104\/wp-content\/uploads\/sites\/6\/2022\/02\/cropped-logo-radio-touring-104.png\",\"width\":377,\"height\":182,\"caption\":\"Radio Touring 104\"},\"image\":{\"@id\":\"https:\/\/progettotouring.it\/radiotouring104\/#\/schema\/logo\/image\/\"}},{\"@type\":\"Person\",\"@id\":\"https:\/\/progettotouring.it\/radiotouring104\/#\/schema\/person\/1b3eb3c07c47136bc44c785c543e635f\",\"name\":\"redazione\",\"image\":{\"@type\":\"ImageObject\",\"inLanguage\":\"it-IT\",\"@id\":\"https:\/\/secure.gravatar.com\/avatar\/0b31605b49f100769e8b624b3e05de1b73e1692e9568a352f60f53fd072e6e11?s=96&d=mm&r=g\",\"url\":\"https:\/\/secure.gravatar.com\/avatar\/0b31605b49f100769e8b624b3e05de1b73e1692e9568a352f60f53fd072e6e11?s=96&d=mm&r=g\",\"contentUrl\":\"https:\/\/secure.gravatar.com\/avatar\/0b31605b49f100769e8b624b3e05de1b73e1692e9568a352f60f53fd072e6e11?s=96&d=mm&r=g\",\"caption\":\"redazione\"},\"url\":\"https:\/\/progettotouring.it\/radiotouring104\/author\/redazione\/\"}]}<\/script>\n<!-- \/ Yoast SEO plugin. -->","yoast_head_json":{"title":"Comune di Villa, Caminiti: \"Nessun allarme sociale in Citt\u00e0\"","description":"La Sindaca di Villa replica all'opposizione comunale, invitando alla responsabilit\u00e0 civica e difende l'operato dell'Amministrazione","robots":{"index":"index","follow":"follow","max-snippet":"max-snippet:-1","max-image-preview":"max-image-preview:large","max-video-preview":"max-video-preview:-1"},"canonical":"https:\/\/progettotouring.it\/radiotouring104\/2025\/10\/24\/villa-san-giovanni-sindaca-caminiti-replica-al-centrodestra-la-citta-non-sta-vivendo-alcuno-stato-di-allarme-sociale\/","og_locale":"it_IT","og_type":"article","og_title":"Comune di Villa, Caminiti: \"Nessun allarme sociale in Citt\u00e0\"","og_description":"La Sindaca di Villa replica all'opposizione comunale, invitando alla responsabilit\u00e0 civica e difende l'operato dell'Amministrazione","og_url":"https:\/\/progettotouring.it\/radiotouring104\/2025\/10\/24\/villa-san-giovanni-sindaca-caminiti-replica-al-centrodestra-la-citta-non-sta-vivendo-alcuno-stato-di-allarme-sociale\/","og_site_name":"Radio Touring 104","article_published_time":"2025-10-24T07:09:13+00:00","article_modified_time":"2025-10-24T09:20:20+00:00","og_image":[{"width":1257,"height":618,"url":"https:\/\/progettotouring.it\/radiotouring104\/wp-content\/uploads\/sites\/6\/2024\/11\/Sindaco-Villa-SG-Giusy-Caminiti.png","type":"image\/png"}],"author":"redazione","twitter_card":"summary_large_image","twitter_misc":{"Scritto da":"redazione","Tempo di lettura stimato":"3 minuti"},"schema":{"@context":"https:\/\/schema.org","@graph":[{"@type":"Article","@id":"https:\/\/progettotouring.it\/radiotouring104\/2025\/10\/24\/villa-san-giovanni-sindaca-caminiti-replica-al-centrodestra-la-citta-non-sta-vivendo-alcuno-stato-di-allarme-sociale\/#article","isPartOf":{"@id":"https:\/\/progettotouring.it\/radiotouring104\/2025\/10\/24\/villa-san-giovanni-sindaca-caminiti-replica-al-centrodestra-la-citta-non-sta-vivendo-alcuno-stato-di-allarme-sociale\/"},"author":{"name":"redazione","@id":"https:\/\/progettotouring.it\/radiotouring104\/#\/schema\/person\/1b3eb3c07c47136bc44c785c543e635f"},"headline":"Villa San Giovanni, Sindaca Caminiti replica al Centrodestra &#8220;La citt\u00e0 non sta vivendo alcuno stato di allarme sociale&#8221;","datePublished":"2025-10-24T07:09:13+00:00","dateModified":"2025-10-24T09:20:20+00:00","mainEntityOfPage":{"@id":"https:\/\/progettotouring.it\/radiotouring104\/2025\/10\/24\/villa-san-giovanni-sindaca-caminiti-replica-al-centrodestra-la-citta-non-sta-vivendo-alcuno-stato-di-allarme-sociale\/"},"wordCount":685,"publisher":{"@id":"https:\/\/progettotouring.it\/radiotouring104\/#organization"},"image":{"@id":"https:\/\/progettotouring.it\/radiotouring104\/2025\/10\/24\/villa-san-giovanni-sindaca-caminiti-replica-al-centrodestra-la-citta-non-sta-vivendo-alcuno-stato-di-allarme-sociale\/#primaryimage"},"thumbnailUrl":"https:\/\/progettotouring.it\/radiotouring104\/wp-content\/uploads\/sites\/6\/2024\/11\/Sindaco-Villa-SG-Giusy-Caminiti.png","keywords":["Amministrazione comunale di Villa","Giusy Caminiti","La citt\u00e0 non sta vivendo alcuno stato di allarme sociale","replica al centrodestra","sicurezza"],"articleSection":["Calabria","Home","News","Reggio Calabria"],"inLanguage":"it-IT"},{"@type":"WebPage","@id":"https:\/\/progettotouring.it\/radiotouring104\/2025\/10\/24\/villa-san-giovanni-sindaca-caminiti-replica-al-centrodestra-la-citta-non-sta-vivendo-alcuno-stato-di-allarme-sociale\/","url":"https:\/\/progettotouring.it\/radiotouring104\/2025\/10\/24\/villa-san-giovanni-sindaca-caminiti-replica-al-centrodestra-la-citta-non-sta-vivendo-alcuno-stato-di-allarme-sociale\/","name":"Comune di Villa, Caminiti: \"Nessun allarme sociale in Citt\u00e0\"","isPartOf":{"@id":"https:\/\/progettotouring.it\/radiotouring104\/#website"},"primaryImageOfPage":{"@id":"https:\/\/progettotouring.it\/radiotouring104\/2025\/10\/24\/villa-san-giovanni-sindaca-caminiti-replica-al-centrodestra-la-citta-non-sta-vivendo-alcuno-stato-di-allarme-sociale\/#primaryimage"},"image":{"@id":"https:\/\/progettotouring.it\/radiotouring104\/2025\/10\/24\/villa-san-giovanni-sindaca-caminiti-replica-al-centrodestra-la-citta-non-sta-vivendo-alcuno-stato-di-allarme-sociale\/#primaryimage"},"thumbnailUrl":"https:\/\/progettotouring.it\/radiotouring104\/wp-content\/uploads\/sites\/6\/2024\/11\/Sindaco-Villa-SG-Giusy-Caminiti.png","datePublished":"2025-10-24T07:09:13+00:00","dateModified":"2025-10-24T09:20:20+00:00","description":"La Sindaca di Villa replica all'opposizione comunale, invitando alla responsabilit\u00e0 civica e difende l'operato dell'Amministrazione","breadcrumb":{"@id":"https:\/\/progettotouring.it\/radiotouring104\/2025\/10\/24\/villa-san-giovanni-sindaca-caminiti-replica-al-centrodestra-la-citta-non-sta-vivendo-alcuno-stato-di-allarme-sociale\/#breadcrumb"},"inLanguage":"it-IT","potentialAction":[{"@type":"ReadAction","target":["https:\/\/progettotouring.it\/radiotouring104\/2025\/10\/24\/villa-san-giovanni-sindaca-caminiti-replica-al-centrodestra-la-citta-non-sta-vivendo-alcuno-stato-di-allarme-sociale\/"]}]},{"@type":"ImageObject","inLanguage":"it-IT","@id":"https:\/\/progettotouring.it\/radiotouring104\/2025\/10\/24\/villa-san-giovanni-sindaca-caminiti-replica-al-centrodestra-la-citta-non-sta-vivendo-alcuno-stato-di-allarme-sociale\/#primaryimage","url":"https:\/\/progettotouring.it\/radiotouring104\/wp-content\/uploads\/sites\/6\/2024\/11\/Sindaco-Villa-SG-Giusy-Caminiti.png","contentUrl":"https:\/\/progettotouring.it\/radiotouring104\/wp-content\/uploads\/sites\/6\/2024\/11\/Sindaco-Villa-SG-Giusy-Caminiti.png","width":1257,"height":618},{"@type":"BreadcrumbList","@id":"https:\/\/progettotouring.it\/radiotouring104\/2025\/10\/24\/villa-san-giovanni-sindaca-caminiti-replica-al-centrodestra-la-citta-non-sta-vivendo-alcuno-stato-di-allarme-sociale\/#breadcrumb","itemListElement":[{"@type":"ListItem","position":1,"name":"Home","item":"https:\/\/progettotouring.it\/radiotouring104\/"},{"@type":"ListItem","position":2,"name":"Villa San Giovanni, Sindaca Caminiti replica al Centrodestra &#8220;La citt\u00e0 non sta vivendo alcuno stato di allarme sociale&#8221;"}]},{"@type":"WebSite","@id":"https:\/\/progettotouring.it\/radiotouring104\/#website","url":"https:\/\/progettotouring.it\/radiotouring104\/","name":"Radio Touring 104","description":"La prima radio Reggina","publisher":{"@id":"https:\/\/progettotouring.it\/radiotouring104\/#organization"},"potentialAction":[{"@type":"SearchAction","target":{"@type":"EntryPoint","urlTemplate":"https:\/\/progettotouring.it\/radiotouring104\/?s={search_term_string}"},"query-input":{"@type":"PropertyValueSpecification","valueRequired":true,"valueName":"search_term_string"}}],"inLanguage":"it-IT"},{"@type":"Organization","@id":"https:\/\/progettotouring.it\/radiotouring104\/#organization","name":"Radio Touring 104","url":"https:\/\/progettotouring.it\/radiotouring104\/","logo":{"@type":"ImageObject","inLanguage":"it-IT","@id":"https:\/\/progettotouring.it\/radiotouring104\/#\/schema\/logo\/image\/","url":"https:\/\/progettotouring.it\/radiotouring104\/wp-content\/uploads\/sites\/6\/2022\/02\/cropped-logo-radio-touring-104.png","contentUrl":"https:\/\/progettotouring.it\/radiotouring104\/wp-content\/uploads\/sites\/6\/2022\/02\/cropped-logo-radio-touring-104.png","width":377,"height":182,"caption":"Radio Touring 104"},"image":{"@id":"https:\/\/progettotouring.it\/radiotouring104\/#\/schema\/logo\/image\/"}},{"@type":"Person","@id":"https:\/\/progettotouring.it\/radiotouring104\/#\/schema\/person\/1b3eb3c07c47136bc44c785c543e635f","name":"redazione","image":{"@type":"ImageObject","inLanguage":"it-IT","@id":"https:\/\/secure.gravatar.com\/avatar\/0b31605b49f100769e8b624b3e05de1b73e1692e9568a352f60f53fd072e6e11?s=96&d=mm&r=g","url":"https:\/\/secure.gravatar.com\/avatar\/0b31605b49f100769e8b624b3e05de1b73e1692e9568a352f60f53fd072e6e11?s=96&d=mm&r=g","contentUrl":"https:\/\/secure.gravatar.com\/avatar\/0b31605b49f100769e8b624b3e05de1b73e1692e9568a352f60f53fd072e6e11?s=96&d=mm&r=g","caption":"redazione"},"url":"https:\/\/progettotouring.it\/radiotouring104\/author\/redazione\/"}]}},"jetpack_publicize_connections":[],"jetpack_featured_media_url":"https:\/\/progettotouring.it\/radiotouring104\/wp-content\/uploads\/sites\/6\/2024\/11\/Sindaco-Villa-SG-Giusy-Caminiti.png","jetpack_sharing_enabled":true,"_links":{"self":[{"href":"https:\/\/progettotouring.it\/radiotouring104\/wp-json\/wp\/v2\/posts\/84581","targetHints":{"allow":["GET"]}}],"collection":[{"href":"https:\/\/progettotouring.it\/radiotouring104\/wp-json\/wp\/v2\/posts"}],"about":[{"href":"https:\/\/progettotouring.it\/radiotouring104\/wp-json\/wp\/v2\/types\/post"}],"author":[{"embeddable":true,"href":"https:\/\/progettotouring.it\/radiotouring104\/wp-json\/wp\/v2\/users\/5"}],"replies":[{"embeddable":true,"href":"https:\/\/progettotouring.it\/radiotouring104\/wp-json\/wp\/v2\/comments?post=84581"}],"version-history":[{"count":1,"href":"https:\/\/progettotouring.it\/radiotouring104\/wp-json\/wp\/v2\/posts\/84581\/revisions"}],"predecessor-version":[{"id":84582,"href":"https:\/\/progettotouring.it\/radiotouring104\/wp-json\/wp\/v2\/posts\/84581\/revisions\/84582"}],"wp:featuredmedia":[{"embeddable":true,"href":"https:\/\/progettotouring.it\/radiotouring104\/wp-json\/wp\/v2\/media\/61548"}],"wp:attachment":[{"href":"https:\/\/progettotouring.it\/radiotouring104\/wp-json\/wp\/v2\/media?parent=84581"}],"wp:term":[{"taxonomy":"category","embeddable":true,"href":"https:\/\/progettotouring.it\/radiotouring104\/wp-json\/wp\/v2\/categories?post=84581"},{"taxonomy":"post_tag","embeddable":true,"href":"https:\/\/progettotouring.it\/radiotouring104\/wp-json\/wp\/v2\/tags?post=84581"}],"curies":[{"name":"wp","href":"https:\/\/api.w.org\/{rel}","templated":true}]}}