{"id":84586,"date":"2025-10-24T09:20:58","date_gmt":"2025-10-24T07:20:58","guid":{"rendered":"https:\/\/progettotouring.it\/radiotouring104\/?p=84586"},"modified":"2025-10-24T11:20:07","modified_gmt":"2025-10-24T09:20:07","slug":"comune-di-reggio-le-nomine-nelle-societa-partecipate-allattenzione-della-commissione-controllo-e-garanzia","status":"publish","type":"post","link":"https:\/\/progettotouring.it\/radiotouring104\/2025\/10\/24\/comune-di-reggio-le-nomine-nelle-societa-partecipate-allattenzione-della-commissione-controllo-e-garanzia\/","title":{"rendered":"Comune di Reggio, le nomine nelle societ\u00e0 partecipate all\u2019attenzione della Commissione Controllo e garanzia"},"content":{"rendered":"<p style=\"font-weight: 400\">All\u2019ordine del giorno dell\u2019ultima seduta della IX Commissione consiliare (Controllo e garanzia), presieduta da Massimo Ripepi, era stata inserita l\u2019audizione della segretaria generale del Comune di Reggio Calabria, Antonia Criaco, in merito all\u2019Avviso pubblico per la nomina quale Amministratore Unico e\/o Componente Consiglio di Amministrazione presso Enti, Aziende, Istituzioni e Societ\u00e0 partecipate.<\/p>\n<p style=\"font-weight: 400\">La segretaria generale ha comunicato ufficialmente alla Commissione i motivi dell\u2019impossibilit\u00e0 a partecipare alla seduta in questione, dichiarandosi comunque disponibile a partecipare a una seduta successiva. In una prima comunicazione, inviata il giorno prima della seduta, la segretaria generale ha rappresentato di non essere \u00abstata investita dell\u2019istruttoria dell&#8217;avviso in esame\u00bb n\u00e9 di averne \u00abcurato gli atti propedeutici e successivi\u00bb, ritenendo pertanto di non poter \u00abapportare alcune informazioni utili alla Commissione in merito all&#8217;argomento posto all&#8217;ordine del giorno\u00bb. In risposta a un secondo invito pervenuto la mattina della seduta, la segretaria generale ha comunicato che, ove si ritenesse comunque necessaria la sua presenza, sarebbe stato opportuno un rinvio alla luce della necessit\u00e0 della partecipazione della dottoressa Criaco, alla stessa ora, a un incontro \u00abprecedentemente convocato dal Direttore Generale\u00bb, come da nota allegata alla comunicazione avente ad oggetto \u201cConvocazione conferenza dei Dirigenti per esame schema DUP 2026-2028 e aggiornamento sulla Performance, annualit\u00e0 2024 e 2025\u201d.<\/p>\n<p style=\"font-weight: 400\">Il presidente dell\u2019organismo consiliare ha comunque stigmatizzato l\u2019assenza della segretaria generale esprimendo perplessit\u00e0 circa le motivazioni addotte. \u00abLa prima giustificazione \u2013 ha dichiarato Ripepi \u2013 non \u00e8 accettabile perch\u00e9 un dirigente deve venire comunque in Commissione e poi in questa sede comunica ci\u00f2 che ha da dire. Invece che giustificarsi prima dicendo, come in questo caso, che la Segreteria non ha trattato l\u2019argomento in oggetto, doveva venire comunque a spiegare chi se n\u2019\u00e8 occupato. In ogni caso, quando si \u00e8 convocati si ha l\u2019obbligo statutario di partecipare. La seconda giustificazione \u2013 ha aggiunto il presidente della IX Commissione \u2013 conferma i dubbi sul fatto che possa trattarsi di un\u2019assenza \u201cpolitica\u201d, pi\u00f9 che tecnica, perch\u00e9 il tema \u00e8 molto \u201ccaldo\u201d e quindi \u00e8 stato un modo per rinviare la trattazione dell\u2019argomento. La conferenza dei dirigenti \u00e8 stata convocata dal direttore generale il 10 ottobre per il 22, poi \u00e8 stata rinviata all\u2019ultimo momento al 23, proprio nell\u2019orario della Commissione. Tutte queste combinazioni mi fanno pensare \u2013 ha concluso Ripepi \u2013 che sia stata addotta tutta una serie di giustificazioni per non trattare in Commissione un tema che crea imbarazzo all\u2019Amministrazione. Ancora una volta vengono violati e calpestati i massimi livelli istituzionali, ovvero quelli rappresentativi come le Commissioni che sono una propaggine del Consiglio comunale\u00bb.<\/p>\n<p style=\"font-weight: 400\">In merito, la Segreteria generale precisa che la conferenza dei dirigenti \u00e8 stata rinviata, come da documentazione trasmessa alla IX Commissione, \u00abper sopraggiunte esigenze improcrastinabili\u00bb del direttore generale e, comunque, in data antecedente alla convocazione della seduta della stessa Commissione.<\/p>\n","protected":false},"excerpt":{"rendered":"<p>All\u2019ordine del giorno dell\u2019ultima seduta della IX Commissione consiliare (Controllo e garanzia), presieduta da Massimo Ripepi, era stata inserita l\u2019audizione della segretaria generale del Comune di Reggio Calabria, Antonia Criaco,&hellip;<\/p>\n","protected":false},"author":5,"featured_media":5666,"comment_status":"closed","ping_status":"open","sticky":false,"template":"","format":"standard","meta":{"_jetpack_memberships_contains_paid_content":false,"footnotes":"","jetpack_publicize_message":"","jetpack_publicize_feature_enabled":true,"jetpack_social_post_already_shared":true,"jetpack_social_options":{"image_generator_settings":{"template":"highway","default_image_id":0,"font":"","enabled":false},"version":2}},"categories":[921,150,196,140],"tags":[48593,9778,19541,808,48595,48594,39645],"class_list":["post-84586","post","type-post","status-publish","format-standard","has-post-thumbnail","hentry","category-home","category-in-primo-piano","category-news","category-reggio-calabria","tag-commissione-controllo-garanzia","tag-comune-di-reggio","tag-dup","tag-massimo-ripepi","tag-rinviata-laudizione-della-segretaria-generale","tag-rinviate-nomine","tag-societa-partecipate"],"yoast_head":"<!-- This site is optimized with the Yoast SEO plugin v27.2 - https:\/\/yoast.com\/product\/yoast-seo-wordpress\/ -->\n<title>Comune di Reggio, le nomine nelle &quot;Societ\u00e0 Partecipate&quot;<\/title>\n<meta name=\"description\" content=\"Rinviata l\u2019audizione della segretaria generale del Comune per la concomitanza con la conferenza dei dirigenti in vista del Dup.\" \/>\n<meta name=\"robots\" content=\"index, follow, max-snippet:-1, max-image-preview:large, max-video-preview:-1\" \/>\n<link rel=\"canonical\" href=\"https:\/\/progettotouring.it\/radiotouring104\/2025\/10\/24\/comune-di-reggio-le-nomine-nelle-societa-partecipate-allattenzione-della-commissione-controllo-e-garanzia\/\" \/>\n<meta property=\"og:locale\" content=\"it_IT\" \/>\n<meta property=\"og:type\" content=\"article\" \/>\n<meta property=\"og:title\" content=\"Comune di Reggio, le nomine nelle &quot;Societ\u00e0 Partecipate&quot;\" \/>\n<meta property=\"og:description\" content=\"Rinviata l\u2019audizione della segretaria generale del Comune per la concomitanza con la conferenza dei dirigenti in vista del Dup.\" \/>\n<meta property=\"og:url\" content=\"https:\/\/progettotouring.it\/radiotouring104\/2025\/10\/24\/comune-di-reggio-le-nomine-nelle-societa-partecipate-allattenzione-della-commissione-controllo-e-garanzia\/\" \/>\n<meta property=\"og:site_name\" content=\"Radio Touring 104\" \/>\n<meta property=\"article:published_time\" content=\"2025-10-24T07:20:58+00:00\" \/>\n<meta property=\"article:modified_time\" content=\"2025-10-24T09:20:07+00:00\" \/>\n<meta property=\"og:image\" content=\"https:\/\/progettotouring.it\/radiotouring104\/wp-content\/uploads\/sites\/6\/2022\/05\/san-giorgio-comune.jpg\" \/>\n\t<meta property=\"og:image:width\" content=\"1920\" \/>\n\t<meta property=\"og:image:height\" content=\"1080\" \/>\n\t<meta property=\"og:image:type\" content=\"image\/jpeg\" \/>\n<meta name=\"author\" content=\"redazione\" \/>\n<meta name=\"twitter:card\" content=\"summary_large_image\" \/>\n<meta name=\"twitter:label1\" content=\"Scritto da\" \/>\n\t<meta name=\"twitter:data1\" content=\"redazione\" \/>\n\t<meta name=\"twitter:label2\" content=\"Tempo di lettura stimato\" \/>\n\t<meta name=\"twitter:data2\" content=\"2 minuti\" \/>\n<script type=\"application\/ld+json\" class=\"yoast-schema-graph\">{\"@context\":\"https:\/\/schema.org\",\"@graph\":[{\"@type\":\"Article\",\"@id\":\"https:\/\/progettotouring.it\/radiotouring104\/2025\/10\/24\/comune-di-reggio-le-nomine-nelle-societa-partecipate-allattenzione-della-commissione-controllo-e-garanzia\/#article\",\"isPartOf\":{\"@id\":\"https:\/\/progettotouring.it\/radiotouring104\/2025\/10\/24\/comune-di-reggio-le-nomine-nelle-societa-partecipate-allattenzione-della-commissione-controllo-e-garanzia\/\"},\"author\":{\"name\":\"redazione\",\"@id\":\"https:\/\/progettotouring.it\/radiotouring104\/#\/schema\/person\/1b3eb3c07c47136bc44c785c543e635f\"},\"headline\":\"Comune di Reggio, le nomine nelle societ\u00e0 partecipate all\u2019attenzione della Commissione Controllo e garanzia\",\"datePublished\":\"2025-10-24T07:20:58+00:00\",\"dateModified\":\"2025-10-24T09:20:07+00:00\",\"mainEntityOfPage\":{\"@id\":\"https:\/\/progettotouring.it\/radiotouring104\/2025\/10\/24\/comune-di-reggio-le-nomine-nelle-societa-partecipate-allattenzione-della-commissione-controllo-e-garanzia\/\"},\"wordCount\":471,\"publisher\":{\"@id\":\"https:\/\/progettotouring.it\/radiotouring104\/#organization\"},\"image\":{\"@id\":\"https:\/\/progettotouring.it\/radiotouring104\/2025\/10\/24\/comune-di-reggio-le-nomine-nelle-societa-partecipate-allattenzione-della-commissione-controllo-e-garanzia\/#primaryimage\"},\"thumbnailUrl\":\"https:\/\/progettotouring.it\/radiotouring104\/wp-content\/uploads\/sites\/6\/2022\/05\/san-giorgio-comune.jpg\",\"keywords\":[\"Commissione Controllo garanzia\",\"Comune di Reggio\",\"Dup\",\"Massimo Ripepi\",\"Rinviata l\u2019audizione della segretaria generale\",\"rinviate nomine\",\"societ\u00e0 partecipate\"],\"articleSection\":[\"Home\",\"In primo piano\",\"News\",\"Reggio Calabria\"],\"inLanguage\":\"it-IT\"},{\"@type\":\"WebPage\",\"@id\":\"https:\/\/progettotouring.it\/radiotouring104\/2025\/10\/24\/comune-di-reggio-le-nomine-nelle-societa-partecipate-allattenzione-della-commissione-controllo-e-garanzia\/\",\"url\":\"https:\/\/progettotouring.it\/radiotouring104\/2025\/10\/24\/comune-di-reggio-le-nomine-nelle-societa-partecipate-allattenzione-della-commissione-controllo-e-garanzia\/\",\"name\":\"Comune di Reggio, le nomine nelle \\\"Societ\u00e0 Partecipate\\\"\",\"isPartOf\":{\"@id\":\"https:\/\/progettotouring.it\/radiotouring104\/#website\"},\"primaryImageOfPage\":{\"@id\":\"https:\/\/progettotouring.it\/radiotouring104\/2025\/10\/24\/comune-di-reggio-le-nomine-nelle-societa-partecipate-allattenzione-della-commissione-controllo-e-garanzia\/#primaryimage\"},\"image\":{\"@id\":\"https:\/\/progettotouring.it\/radiotouring104\/2025\/10\/24\/comune-di-reggio-le-nomine-nelle-societa-partecipate-allattenzione-della-commissione-controllo-e-garanzia\/#primaryimage\"},\"thumbnailUrl\":\"https:\/\/progettotouring.it\/radiotouring104\/wp-content\/uploads\/sites\/6\/2022\/05\/san-giorgio-comune.jpg\",\"datePublished\":\"2025-10-24T07:20:58+00:00\",\"dateModified\":\"2025-10-24T09:20:07+00:00\",\"description\":\"Rinviata l\u2019audizione della segretaria generale del Comune per la concomitanza con la conferenza dei dirigenti in vista del Dup.\",\"breadcrumb\":{\"@id\":\"https:\/\/progettotouring.it\/radiotouring104\/2025\/10\/24\/comune-di-reggio-le-nomine-nelle-societa-partecipate-allattenzione-della-commissione-controllo-e-garanzia\/#breadcrumb\"},\"inLanguage\":\"it-IT\",\"potentialAction\":[{\"@type\":\"ReadAction\",\"target\":[\"https:\/\/progettotouring.it\/radiotouring104\/2025\/10\/24\/comune-di-reggio-le-nomine-nelle-societa-partecipate-allattenzione-della-commissione-controllo-e-garanzia\/\"]}]},{\"@type\":\"ImageObject\",\"inLanguage\":\"it-IT\",\"@id\":\"https:\/\/progettotouring.it\/radiotouring104\/2025\/10\/24\/comune-di-reggio-le-nomine-nelle-societa-partecipate-allattenzione-della-commissione-controllo-e-garanzia\/#primaryimage\",\"url\":\"https:\/\/progettotouring.it\/radiotouring104\/wp-content\/uploads\/sites\/6\/2022\/05\/san-giorgio-comune.jpg\",\"contentUrl\":\"https:\/\/progettotouring.it\/radiotouring104\/wp-content\/uploads\/sites\/6\/2022\/05\/san-giorgio-comune.jpg\",\"width\":1920,\"height\":1080},{\"@type\":\"BreadcrumbList\",\"@id\":\"https:\/\/progettotouring.it\/radiotouring104\/2025\/10\/24\/comune-di-reggio-le-nomine-nelle-societa-partecipate-allattenzione-della-commissione-controllo-e-garanzia\/#breadcrumb\",\"itemListElement\":[{\"@type\":\"ListItem\",\"position\":1,\"name\":\"Home\",\"item\":\"https:\/\/progettotouring.it\/radiotouring104\/\"},{\"@type\":\"ListItem\",\"position\":2,\"name\":\"Comune di Reggio, le nomine nelle societ\u00e0 partecipate all\u2019attenzione della Commissione Controllo e garanzia\"}]},{\"@type\":\"WebSite\",\"@id\":\"https:\/\/progettotouring.it\/radiotouring104\/#website\",\"url\":\"https:\/\/progettotouring.it\/radiotouring104\/\",\"name\":\"Radio Touring 104\",\"description\":\"La prima radio Reggina\",\"publisher\":{\"@id\":\"https:\/\/progettotouring.it\/radiotouring104\/#organization\"},\"potentialAction\":[{\"@type\":\"SearchAction\",\"target\":{\"@type\":\"EntryPoint\",\"urlTemplate\":\"https:\/\/progettotouring.it\/radiotouring104\/?s={search_term_string}\"},\"query-input\":{\"@type\":\"PropertyValueSpecification\",\"valueRequired\":true,\"valueName\":\"search_term_string\"}}],\"inLanguage\":\"it-IT\"},{\"@type\":\"Organization\",\"@id\":\"https:\/\/progettotouring.it\/radiotouring104\/#organization\",\"name\":\"Radio Touring 104\",\"url\":\"https:\/\/progettotouring.it\/radiotouring104\/\",\"logo\":{\"@type\":\"ImageObject\",\"inLanguage\":\"it-IT\",\"@id\":\"https:\/\/progettotouring.it\/radiotouring104\/#\/schema\/logo\/image\/\",\"url\":\"https:\/\/progettotouring.it\/radiotouring104\/wp-content\/uploads\/sites\/6\/2022\/02\/cropped-logo-radio-touring-104.png\",\"contentUrl\":\"https:\/\/progettotouring.it\/radiotouring104\/wp-content\/uploads\/sites\/6\/2022\/02\/cropped-logo-radio-touring-104.png\",\"width\":377,\"height\":182,\"caption\":\"Radio Touring 104\"},\"image\":{\"@id\":\"https:\/\/progettotouring.it\/radiotouring104\/#\/schema\/logo\/image\/\"}},{\"@type\":\"Person\",\"@id\":\"https:\/\/progettotouring.it\/radiotouring104\/#\/schema\/person\/1b3eb3c07c47136bc44c785c543e635f\",\"name\":\"redazione\",\"image\":{\"@type\":\"ImageObject\",\"inLanguage\":\"it-IT\",\"@id\":\"https:\/\/secure.gravatar.com\/avatar\/0b31605b49f100769e8b624b3e05de1b73e1692e9568a352f60f53fd072e6e11?s=96&d=mm&r=g\",\"url\":\"https:\/\/secure.gravatar.com\/avatar\/0b31605b49f100769e8b624b3e05de1b73e1692e9568a352f60f53fd072e6e11?s=96&d=mm&r=g\",\"contentUrl\":\"https:\/\/secure.gravatar.com\/avatar\/0b31605b49f100769e8b624b3e05de1b73e1692e9568a352f60f53fd072e6e11?s=96&d=mm&r=g\",\"caption\":\"redazione\"},\"url\":\"https:\/\/progettotouring.it\/radiotouring104\/author\/redazione\/\"}]}<\/script>\n<!-- \/ Yoast SEO plugin. -->","yoast_head_json":{"title":"Comune di Reggio, le nomine nelle \"Societ\u00e0 Partecipate\"","description":"Rinviata l\u2019audizione della segretaria generale del Comune per la concomitanza con la conferenza dei dirigenti in vista del Dup.","robots":{"index":"index","follow":"follow","max-snippet":"max-snippet:-1","max-image-preview":"max-image-preview:large","max-video-preview":"max-video-preview:-1"},"canonical":"https:\/\/progettotouring.it\/radiotouring104\/2025\/10\/24\/comune-di-reggio-le-nomine-nelle-societa-partecipate-allattenzione-della-commissione-controllo-e-garanzia\/","og_locale":"it_IT","og_type":"article","og_title":"Comune di Reggio, le nomine nelle \"Societ\u00e0 Partecipate\"","og_description":"Rinviata l\u2019audizione della segretaria generale del Comune per la concomitanza con la conferenza dei dirigenti in vista del Dup.","og_url":"https:\/\/progettotouring.it\/radiotouring104\/2025\/10\/24\/comune-di-reggio-le-nomine-nelle-societa-partecipate-allattenzione-della-commissione-controllo-e-garanzia\/","og_site_name":"Radio Touring 104","article_published_time":"2025-10-24T07:20:58+00:00","article_modified_time":"2025-10-24T09:20:07+00:00","og_image":[{"width":1920,"height":1080,"url":"https:\/\/progettotouring.it\/radiotouring104\/wp-content\/uploads\/sites\/6\/2022\/05\/san-giorgio-comune.jpg","type":"image\/jpeg"}],"author":"redazione","twitter_card":"summary_large_image","twitter_misc":{"Scritto da":"redazione","Tempo di lettura stimato":"2 minuti"},"schema":{"@context":"https:\/\/schema.org","@graph":[{"@type":"Article","@id":"https:\/\/progettotouring.it\/radiotouring104\/2025\/10\/24\/comune-di-reggio-le-nomine-nelle-societa-partecipate-allattenzione-della-commissione-controllo-e-garanzia\/#article","isPartOf":{"@id":"https:\/\/progettotouring.it\/radiotouring104\/2025\/10\/24\/comune-di-reggio-le-nomine-nelle-societa-partecipate-allattenzione-della-commissione-controllo-e-garanzia\/"},"author":{"name":"redazione","@id":"https:\/\/progettotouring.it\/radiotouring104\/#\/schema\/person\/1b3eb3c07c47136bc44c785c543e635f"},"headline":"Comune di Reggio, le nomine nelle societ\u00e0 partecipate all\u2019attenzione della Commissione Controllo e garanzia","datePublished":"2025-10-24T07:20:58+00:00","dateModified":"2025-10-24T09:20:07+00:00","mainEntityOfPage":{"@id":"https:\/\/progettotouring.it\/radiotouring104\/2025\/10\/24\/comune-di-reggio-le-nomine-nelle-societa-partecipate-allattenzione-della-commissione-controllo-e-garanzia\/"},"wordCount":471,"publisher":{"@id":"https:\/\/progettotouring.it\/radiotouring104\/#organization"},"image":{"@id":"https:\/\/progettotouring.it\/radiotouring104\/2025\/10\/24\/comune-di-reggio-le-nomine-nelle-societa-partecipate-allattenzione-della-commissione-controllo-e-garanzia\/#primaryimage"},"thumbnailUrl":"https:\/\/progettotouring.it\/radiotouring104\/wp-content\/uploads\/sites\/6\/2022\/05\/san-giorgio-comune.jpg","keywords":["Commissione Controllo garanzia","Comune di Reggio","Dup","Massimo Ripepi","Rinviata l\u2019audizione della segretaria generale","rinviate nomine","societ\u00e0 partecipate"],"articleSection":["Home","In primo piano","News","Reggio Calabria"],"inLanguage":"it-IT"},{"@type":"WebPage","@id":"https:\/\/progettotouring.it\/radiotouring104\/2025\/10\/24\/comune-di-reggio-le-nomine-nelle-societa-partecipate-allattenzione-della-commissione-controllo-e-garanzia\/","url":"https:\/\/progettotouring.it\/radiotouring104\/2025\/10\/24\/comune-di-reggio-le-nomine-nelle-societa-partecipate-allattenzione-della-commissione-controllo-e-garanzia\/","name":"Comune di Reggio, le nomine nelle \"Societ\u00e0 Partecipate\"","isPartOf":{"@id":"https:\/\/progettotouring.it\/radiotouring104\/#website"},"primaryImageOfPage":{"@id":"https:\/\/progettotouring.it\/radiotouring104\/2025\/10\/24\/comune-di-reggio-le-nomine-nelle-societa-partecipate-allattenzione-della-commissione-controllo-e-garanzia\/#primaryimage"},"image":{"@id":"https:\/\/progettotouring.it\/radiotouring104\/2025\/10\/24\/comune-di-reggio-le-nomine-nelle-societa-partecipate-allattenzione-della-commissione-controllo-e-garanzia\/#primaryimage"},"thumbnailUrl":"https:\/\/progettotouring.it\/radiotouring104\/wp-content\/uploads\/sites\/6\/2022\/05\/san-giorgio-comune.jpg","datePublished":"2025-10-24T07:20:58+00:00","dateModified":"2025-10-24T09:20:07+00:00","description":"Rinviata l\u2019audizione della segretaria generale del Comune per la concomitanza con la conferenza dei dirigenti in vista del Dup.","breadcrumb":{"@id":"https:\/\/progettotouring.it\/radiotouring104\/2025\/10\/24\/comune-di-reggio-le-nomine-nelle-societa-partecipate-allattenzione-della-commissione-controllo-e-garanzia\/#breadcrumb"},"inLanguage":"it-IT","potentialAction":[{"@type":"ReadAction","target":["https:\/\/progettotouring.it\/radiotouring104\/2025\/10\/24\/comune-di-reggio-le-nomine-nelle-societa-partecipate-allattenzione-della-commissione-controllo-e-garanzia\/"]}]},{"@type":"ImageObject","inLanguage":"it-IT","@id":"https:\/\/progettotouring.it\/radiotouring104\/2025\/10\/24\/comune-di-reggio-le-nomine-nelle-societa-partecipate-allattenzione-della-commissione-controllo-e-garanzia\/#primaryimage","url":"https:\/\/progettotouring.it\/radiotouring104\/wp-content\/uploads\/sites\/6\/2022\/05\/san-giorgio-comune.jpg","contentUrl":"https:\/\/progettotouring.it\/radiotouring104\/wp-content\/uploads\/sites\/6\/2022\/05\/san-giorgio-comune.jpg","width":1920,"height":1080},{"@type":"BreadcrumbList","@id":"https:\/\/progettotouring.it\/radiotouring104\/2025\/10\/24\/comune-di-reggio-le-nomine-nelle-societa-partecipate-allattenzione-della-commissione-controllo-e-garanzia\/#breadcrumb","itemListElement":[{"@type":"ListItem","position":1,"name":"Home","item":"https:\/\/progettotouring.it\/radiotouring104\/"},{"@type":"ListItem","position":2,"name":"Comune di Reggio, le nomine nelle societ\u00e0 partecipate all\u2019attenzione della Commissione Controllo e garanzia"}]},{"@type":"WebSite","@id":"https:\/\/progettotouring.it\/radiotouring104\/#website","url":"https:\/\/progettotouring.it\/radiotouring104\/","name":"Radio Touring 104","description":"La prima radio Reggina","publisher":{"@id":"https:\/\/progettotouring.it\/radiotouring104\/#organization"},"potentialAction":[{"@type":"SearchAction","target":{"@type":"EntryPoint","urlTemplate":"https:\/\/progettotouring.it\/radiotouring104\/?s={search_term_string}"},"query-input":{"@type":"PropertyValueSpecification","valueRequired":true,"valueName":"search_term_string"}}],"inLanguage":"it-IT"},{"@type":"Organization","@id":"https:\/\/progettotouring.it\/radiotouring104\/#organization","name":"Radio Touring 104","url":"https:\/\/progettotouring.it\/radiotouring104\/","logo":{"@type":"ImageObject","inLanguage":"it-IT","@id":"https:\/\/progettotouring.it\/radiotouring104\/#\/schema\/logo\/image\/","url":"https:\/\/progettotouring.it\/radiotouring104\/wp-content\/uploads\/sites\/6\/2022\/02\/cropped-logo-radio-touring-104.png","contentUrl":"https:\/\/progettotouring.it\/radiotouring104\/wp-content\/uploads\/sites\/6\/2022\/02\/cropped-logo-radio-touring-104.png","width":377,"height":182,"caption":"Radio Touring 104"},"image":{"@id":"https:\/\/progettotouring.it\/radiotouring104\/#\/schema\/logo\/image\/"}},{"@type":"Person","@id":"https:\/\/progettotouring.it\/radiotouring104\/#\/schema\/person\/1b3eb3c07c47136bc44c785c543e635f","name":"redazione","image":{"@type":"ImageObject","inLanguage":"it-IT","@id":"https:\/\/secure.gravatar.com\/avatar\/0b31605b49f100769e8b624b3e05de1b73e1692e9568a352f60f53fd072e6e11?s=96&d=mm&r=g","url":"https:\/\/secure.gravatar.com\/avatar\/0b31605b49f100769e8b624b3e05de1b73e1692e9568a352f60f53fd072e6e11?s=96&d=mm&r=g","contentUrl":"https:\/\/secure.gravatar.com\/avatar\/0b31605b49f100769e8b624b3e05de1b73e1692e9568a352f60f53fd072e6e11?s=96&d=mm&r=g","caption":"redazione"},"url":"https:\/\/progettotouring.it\/radiotouring104\/author\/redazione\/"}]}},"jetpack_publicize_connections":[],"jetpack_featured_media_url":"https:\/\/progettotouring.it\/radiotouring104\/wp-content\/uploads\/sites\/6\/2022\/05\/san-giorgio-comune.jpg","jetpack_sharing_enabled":true,"_links":{"self":[{"href":"https:\/\/progettotouring.it\/radiotouring104\/wp-json\/wp\/v2\/posts\/84586","targetHints":{"allow":["GET"]}}],"collection":[{"href":"https:\/\/progettotouring.it\/radiotouring104\/wp-json\/wp\/v2\/posts"}],"about":[{"href":"https:\/\/progettotouring.it\/radiotouring104\/wp-json\/wp\/v2\/types\/post"}],"author":[{"embeddable":true,"href":"https:\/\/progettotouring.it\/radiotouring104\/wp-json\/wp\/v2\/users\/5"}],"replies":[{"embeddable":true,"href":"https:\/\/progettotouring.it\/radiotouring104\/wp-json\/wp\/v2\/comments?post=84586"}],"version-history":[{"count":1,"href":"https:\/\/progettotouring.it\/radiotouring104\/wp-json\/wp\/v2\/posts\/84586\/revisions"}],"predecessor-version":[{"id":84587,"href":"https:\/\/progettotouring.it\/radiotouring104\/wp-json\/wp\/v2\/posts\/84586\/revisions\/84587"}],"wp:featuredmedia":[{"embeddable":true,"href":"https:\/\/progettotouring.it\/radiotouring104\/wp-json\/wp\/v2\/media\/5666"}],"wp:attachment":[{"href":"https:\/\/progettotouring.it\/radiotouring104\/wp-json\/wp\/v2\/media?parent=84586"}],"wp:term":[{"taxonomy":"category","embeddable":true,"href":"https:\/\/progettotouring.it\/radiotouring104\/wp-json\/wp\/v2\/categories?post=84586"},{"taxonomy":"post_tag","embeddable":true,"href":"https:\/\/progettotouring.it\/radiotouring104\/wp-json\/wp\/v2\/tags?post=84586"}],"curies":[{"name":"wp","href":"https:\/\/api.w.org\/{rel}","templated":true}]}}